{"id":198873,"date":"2024-09-09T23:12:00","date_gmt":"2024-09-10T06:12:00","guid":{"rendered":"https:\/\/www.sonoraenequipo.com.mx\/?p=198873"},"modified":"2024-09-10T15:54:36","modified_gmt":"2024-09-10T22:54:36","slug":"norona-rechaza-propuesta-de-norma-pina-la-discusion-ha-terminado-es-el-tiempo-del-legislativo","status":"publish","type":"post","link":"https:\/\/www.sonoraenequipo.com.mx\/norona-rechaza-propuesta-de-norma-pina-la-discusion-ha-terminado-es-el-tiempo-del-legislativo\/","title":{"rendered":"Noro\u00f1a rechaza propuesta de Norma Pi\u00f1a: \u201cLa discusi\u00f3n ha terminado, es el tiempo del Legislativo\u201d"},"content":{"rendered":"<p>CIUDAD DE M\u00c9XICO. MX.\u2014 Luego de que la ministra presidenta de la Suprema Corte de Justicia de la Naci\u00f3n (SCJN), Norma Pi\u00f1a, diera a conocer su propuesta de reforma al Poder Judicial, el preside09nte de la Mesa Directiva del Senado de la Rep\u00fablica, Gerardo Fern\u00e1ndez Noro\u00f1a, afirm\u00f3 que la discusi\u00f3n ha terminado y que es tiempo del Poder Legislativo.<\/p>\n<p>&nbsp;<\/p>\n<p>&nbsp;<\/p>\n<p> <\/p>\n<p>En un mensaje difundido desde la cuenta oficial del Senado en X, el legislador morenista asegur\u00f3 que cuando el Presidente envi\u00f3 la propuesta al Poder Judicial con mucha arrogancia la ignoraron, por lo que ahora la discusi\u00f3n se termin\u00f3.<\/p>\n<p>&nbsp;<\/p>\n<p>&nbsp;<\/p>\n<p>\u201cDesde el 5 de febrero, el compa\u00f1ero presidente L\u00f3pez Obrador envi\u00f3 su iniciativa de reforma al Poder Judicial y con mucha arrogancia, lo digo con franqueza, el Poder Judicial la ignor\u00f3. Se hicieron 29 foros. En esa etapa, no acudi\u00f3 ninguna persona juzgadora.<\/p>\n<p>&nbsp;<\/p>\n<p>&nbsp;<\/p>\n<p><strong><em>\u201cGanamos la elecci\u00f3n el 2 de junio. El pueblo nos dio un mandato de hacer esa reforma y el paquete de reformas y entonces reaccion\u00f3 el Poder Judicial. Se hicieron nueve foros. Al primero, acudieron los 11 ministros de la Corte. Los escuchamos y estuvimos escuchando a muchas personas juzgadoras durante este proceso.<\/em> \u201cLa discusi\u00f3n ha terminado, es el tiempo del Poder Legislativo\u201d,<\/strong> enfatiz\u00f3.<\/p>\n<p>&nbsp;<\/p>\n<p>&nbsp;<\/p>\n<p>&nbsp;<\/p>\n<p>Consider\u00f3 que los temas que aborda en su propuesta la ministra Norma Pi\u00f1a podr\u00e1n ser considerados en la discusi\u00f3n de la reforma a las fiscal\u00edas, en materia de seguridad p\u00fablica y en la de defensor\u00eda del pueblo, pero no en la del Poder Judicial.<\/p>\n<p>&nbsp;<\/p>\n<p>&nbsp;<\/p>\n<p>Esta \u00faltima <strong><em>\u201cseguir\u00e1 su procedimiento establecido perfectamente en el marco constitucional vigente\u201d<\/em><\/strong>, reafirm\u00f3 Fern\u00e1ndez Noro\u00f1a.<\/p>\n<p>&nbsp;<\/p>\n<p>&nbsp;<\/p>\n<p>El legislador morenista dijo que este martes 10 de septiembre se dar\u00e1 primera lectura a la iniciativa sobre el Poder Judicial y con ello, iniciar\u00e1 el proceso en el Senado para iniciar la discusi\u00f3n.<\/p>\n<p>&nbsp;<\/p>\n<p>&nbsp;<\/p>\n<p><strong>\u201c85 son mayor\u00eda calificada\u201d<\/strong><\/p>\n<p>&nbsp;<\/p>\n<p>Fern\u00e1ndez Noro\u00f1a asegur\u00f3 que tienen la mayor\u00eda calificada al contar con 85 senadores.<\/p>\n<p>&nbsp;<\/p>\n<p>&nbsp;<\/p>\n<p><em><strong>\u201c86 son 67.18, pasa por encima del requisito constitucional\u201d,<\/strong><\/em> dijo el senador morenista.<\/p>\n<p>&nbsp;<\/p>\n<p>&nbsp;<\/p>\n<p>&nbsp;<\/p>\n<p>Para fortalecer su argumento, desde su cuenta de X retom\u00f3 una publicaci\u00f3n de 2020 del Senado en Facebook, que se\u00f1ala que con 85 senadores se logra la mayor\u00eda calificada.<\/p>\n<p>&nbsp;<\/p>\n<p>&nbsp;<\/p>\n<p>Una de las respuestas en redes le record\u00f3 que la propia p\u00e1gina del Sistema de Informaci\u00f3n Legislativa del Gobierno de M\u00e9xico establece que se requieren 86 senadores para la mayor\u00eda calificada.<\/p>\n<p>&nbsp;<\/p>\n<p>&nbsp;<\/p>\n<p>&nbsp;<\/p>\n<p>PUBLICADO EL 09 DE SEPTIEMBRE DE 2024 Con informaci\u00f3n de PROCESO)<\/p>\n","protected":false},"excerpt":{"rendered":"<p>CIUDAD DE M\u00c9XICO. MX.\u2014 Luego de que la ministra presidenta de la Suprema Corte de&#8230;<\/p>\n","protected":false},"author":1,"featured_media":198880,"comment_status":"open","ping_status":"open","sticky":false,"template":"","format":"standard","meta":{"_monsterinsights_skip_tracking":false,"_monsterinsights_sitenote_active":false,"_monsterinsights_sitenote_note":"","_monsterinsights_sitenote_category":0,"footnotes":""},"categories":[5],"tags":[],"class_list":["post"],"yoast_head":" \n<title>Sonora en Equipo. Noro\u00f1a rechaza propuesta de Norma Pi\u00f1a: \u201cLa discusi\u00f3n ha terminado, es el tiempo del Legislativo\u201d Rep\u00fablica<\/title>\n<meta name=\"description\" content=\"CIUDAD DE M\u00c9XICO. MX.\u2014 Luego de que la ministra presidenta de la Suprema Corte de Justicia de la Naci\u00f3n (SCJN), Norma Pi\u00f1a, diera a conocer su propuesta En Sonora en Equipo publicamos toda la informaci\u00f3n de Sonora, M\u00e9xico y el Mundo de manera oportuna y busca que la libertad de expresi\u00f3n sea real. Visita nuestro medio informativo publicado desde Hermosillo, Sonora. %\" \/>\n<meta name=\"robots\" content=\"index, follow, max-snippet:-1, max-image-preview:large, max-video-preview:-1\" \/>\n<link rel=\"canonical\" href=\"https:\/\/www.sonoraenequipo.com.mx\/norona-rechaza-propuesta-de-norma-pina-la-discusion-ha-terminado-es-el-tiempo-del-legislativo\/\" \/>\n<meta property=\"og:locale\" content=\"es_ES\" \/>\n<meta property=\"og:type\" content=\"article\" \/>\n<meta property=\"og:title\" content=\"Sonora en Equipo. Noro\u00f1a rechaza propuesta de Norma Pi\u00f1a: \u201cLa discusi\u00f3n ha terminado, es el tiempo del Legislativo\u201d Rep\u00fablica\" \/>\n<meta property=\"og:description\" content=\"CIUDAD DE M\u00c9XICO. MX.\u2014 Luego de que la ministra presidenta de la Suprema Corte de Justicia de la Naci\u00f3n (SCJN), Norma Pi\u00f1a, diera a conocer su propuesta En Sonora en Equipo publicamos toda la informaci\u00f3n de Sonora, M\u00e9xico y el Mundo de manera oportuna y busca que la libertad de expresi\u00f3n sea real. Visita nuestro medio informativo publicado desde Hermosillo, Sonora. %\" \/>\n<meta property=\"og:url\" content=\"https:\/\/www.sonoraenequipo.com.mx\/norona-rechaza-propuesta-de-norma-pina-la-discusion-ha-terminado-es-el-tiempo-del-legislativo\/\" \/>\n<meta property=\"og:site_name\" content=\"Sonora en Equipo.\" \/>\n<meta property=\"article:publisher\" content=\"https:\/\/www.facebook.com\/SonoraEE\/\" \/>\n<meta property=\"article:author\" content=\"https:\/\/www.facebook.com\/SonoraEE\" \/>\n<meta property=\"article:published_time\" content=\"2024-09-10T06:12:00+00:00\" \/>\n<meta property=\"article:modified_time\" content=\"2024-09-10T22:54:36+00:00\" \/>\n<meta property=\"og:image\" content=\"https:\/\/www.sonoraenequipo.com.mx\/storage\/2024\/09\/Norona-min.jpg\" \/>\n\t<meta property=\"og:image:width\" content=\"900\" \/>\n\t<meta property=\"og:image:height\" content=\"504\" \/>\n\t<meta property=\"og:image:type\" content=\"image\/jpeg\" \/>\n<meta name=\"author\" content=\"enequipo\" \/>\n<meta name=\"twitter:card\" content=\"summary_large_image\" \/>\n<meta name=\"twitter:creator\" content=\"@sonoraenequipo\" \/>\n<meta name=\"twitter:site\" content=\"@sonoraenequipo\" \/>\n<meta name=\"twitter:label1\" content=\"Escrito por\" \/>\n\t<meta name=\"twitter:data1\" content=\"enequipo\" \/>\n\t<meta name=\"twitter:label2\" content=\"Tiempo de lectura\" \/>\n\t<meta name=\"twitter:data2\" content=\"2 minutos\" \/>\n<script type=\"application\/ld+json\" class=\"yoast-schema-graph\">{\"@context\":\"https:\/\/schema.org\",\"@graph\":[{\"@type\":\"Article\",\"@id\":\"https:\/\/www.sonoraenequipo.com.mx\/norona-rechaza-propuesta-de-norma-pina-la-discusion-ha-terminado-es-el-tiempo-del-legislativo\/#article\",\"isPartOf\":{\"@id\":\"https:\/\/www.sonoraenequipo.com.mx\/norona-rechaza-propuesta-de-norma-pina-la-discusion-ha-terminado-es-el-tiempo-del-legislativo\/\"},\"author\":{\"name\":\"enequipo\",\"@id\":\"https:\/\/www.sonoraenequipo.com.mx\/#\/schema\/person\/50102df0fb23a8fa9e8effad8fa81386\"},\"headline\":\"Noro\u00f1a rechaza propuesta de Norma Pi\u00f1a: \u201cLa discusi\u00f3n ha terminado, es el tiempo del Legislativo\u201d\",\"datePublished\":\"2024-09-10T06:12:00+00:00\",\"dateModified\":\"2024-09-10T22:54:36+00:00\",\"mainEntityOfPage\":{\"@id\":\"https:\/\/www.sonoraenequipo.com.mx\/norona-rechaza-propuesta-de-norma-pina-la-discusion-ha-terminado-es-el-tiempo-del-legislativo\/\"},\"wordCount\":463,\"commentCount\":0,\"publisher\":{\"@id\":\"https:\/\/www.sonoraenequipo.com.mx\/#organization\"},\"image\":{\"@id\":\"https:\/\/www.sonoraenequipo.com.mx\/norona-rechaza-propuesta-de-norma-pina-la-discusion-ha-terminado-es-el-tiempo-del-legislativo\/#primaryimage\"},\"thumbnailUrl\":\"https:\/\/www.sonoraenequipo.com.mx\/storage\/2024\/09\/Norona-min.jpg\",\"articleSection\":[\"Rep\u00fablica\"],\"inLanguage\":\"es\",\"potentialAction\":[{\"@type\":\"CommentAction\",\"name\":\"Comment\",\"target\":[\"https:\/\/www.sonoraenequipo.com.mx\/norona-rechaza-propuesta-de-norma-pina-la-discusion-ha-terminado-es-el-tiempo-del-legislativo\/#respond\"]}]},{\"@type\":\"WebPage\",\"@id\":\"https:\/\/www.sonoraenequipo.com.mx\/norona-rechaza-propuesta-de-norma-pina-la-discusion-ha-terminado-es-el-tiempo-del-legislativo\/\",\"url\":\"https:\/\/www.sonoraenequipo.com.mx\/norona-rechaza-propuesta-de-norma-pina-la-discusion-ha-terminado-es-el-tiempo-del-legislativo\/\",\"name\":\"Sonora en Equipo. Noro\u00f1a rechaza propuesta de Norma Pi\u00f1a: \u201cLa discusi\u00f3n ha terminado, es el tiempo del Legislativo\u201d Rep\u00fablica\",\"isPartOf\":{\"@id\":\"https:\/\/www.sonoraenequipo.com.mx\/#website\"},\"primaryImageOfPage\":{\"@id\":\"https:\/\/www.sonoraenequipo.com.mx\/norona-rechaza-propuesta-de-norma-pina-la-discusion-ha-terminado-es-el-tiempo-del-legislativo\/#primaryimage\"},\"image\":{\"@id\":\"https:\/\/www.sonoraenequipo.com.mx\/norona-rechaza-propuesta-de-norma-pina-la-discusion-ha-terminado-es-el-tiempo-del-legislativo\/#primaryimage\"},\"thumbnailUrl\":\"https:\/\/www.sonoraenequipo.com.mx\/storage\/2024\/09\/Norona-min.jpg\",\"datePublished\":\"2024-09-10T06:12:00+00:00\",\"dateModified\":\"2024-09-10T22:54:36+00:00\",\"description\":\"CIUDAD DE M\u00c9XICO. MX.\u2014 Luego de que la ministra presidenta de la Suprema Corte de Justicia de la Naci\u00f3n (SCJN), Norma Pi\u00f1a, diera a conocer su propuesta En Sonora en Equipo publicamos toda la informaci\u00f3n de Sonora, M\u00e9xico y el Mundo de manera oportuna y busca que la libertad de expresi\u00f3n sea real. Visita nuestro medio informativo publicado desde Hermosillo, Sonora. %\",\"breadcrumb\":{\"@id\":\"https:\/\/www.sonoraenequipo.com.mx\/norona-rechaza-propuesta-de-norma-pina-la-discusion-ha-terminado-es-el-tiempo-del-legislativo\/#breadcrumb\"},\"inLanguage\":\"es\",\"potentialAction\":[{\"@type\":\"ReadAction\",\"target\":[\"https:\/\/www.sonoraenequipo.com.mx\/norona-rechaza-propuesta-de-norma-pina-la-discusion-ha-terminado-es-el-tiempo-del-legislativo\/\"]}]},{\"@type\":\"ImageObject\",\"inLanguage\":\"es\",\"@id\":\"https:\/\/www.sonoraenequipo.com.mx\/norona-rechaza-propuesta-de-norma-pina-la-discusion-ha-terminado-es-el-tiempo-del-legislativo\/#primaryimage\",\"url\":\"https:\/\/www.sonoraenequipo.com.mx\/storage\/2024\/09\/Norona-min.jpg\",\"contentUrl\":\"https:\/\/www.sonoraenequipo.com.mx\/storage\/2024\/09\/Norona-min.jpg\",\"width\":900,\"height\":504},{\"@type\":\"BreadcrumbList\",\"@id\":\"https:\/\/www.sonoraenequipo.com.mx\/norona-rechaza-propuesta-de-norma-pina-la-discusion-ha-terminado-es-el-tiempo-del-legislativo\/#breadcrumb\",\"itemListElement\":[{\"@type\":\"ListItem\",\"position\":1,\"name\":\"Portada\",\"item\":\"https:\/\/www.sonoraenequipo.com.mx\/\"},{\"@type\":\"ListItem\",\"position\":2,\"name\":\"Noro\u00f1a rechaza propuesta de Norma Pi\u00f1a: \u201cLa discusi\u00f3n ha terminado, es el tiempo del Legislativo\u201d\"}]},{\"@type\":\"WebSite\",\"@id\":\"https:\/\/www.sonoraenequipo.com.mx\/#website\",\"url\":\"https:\/\/www.sonoraenequipo.com.mx\/\",\"name\":\"Sonora en Equipo.\",\"description\":\"Diario en l\u00ednea con Noticias desde Hermosillo, Sonora\",\"publisher\":{\"@id\":\"https:\/\/www.sonoraenequipo.com.mx\/#organization\"},\"potentialAction\":[{\"@type\":\"SearchAction\",\"target\":{\"@type\":\"EntryPoint\",\"urlTemplate\":\"https:\/\/www.sonoraenequipo.com.mx\/?s={search_term_string}\"},\"query-input\":{\"@type\":\"PropertyValueSpecification\",\"valueRequired\":true,\"valueName\":\"search_term_string\"}}],\"inLanguage\":\"es\"},{\"@type\":\"Organization\",\"@id\":\"https:\/\/www.sonoraenequipo.com.mx\/#organization\",\"name\":\"Sonoraenequipo.com.mx\",\"url\":\"https:\/\/www.sonoraenequipo.com.mx\/\",\"logo\":{\"@type\":\"ImageObject\",\"inLanguage\":\"es\",\"@id\":\"https:\/\/www.sonoraenequipo.com.mx\/#\/schema\/logo\/image\/\",\"url\":\"https:\/\/www.sonoraenequipo.com.mx\/storage\/2019\/01\/sonoraenequipo_opt.png\",\"contentUrl\":\"https:\/\/www.sonoraenequipo.com.mx\/storage\/2019\/01\/sonoraenequipo_opt.png\",\"width\":375,\"height\":125,\"caption\":\"Sonoraenequipo.com.mx\"},\"image\":{\"@id\":\"https:\/\/www.sonoraenequipo.com.mx\/#\/schema\/logo\/image\/\"},\"sameAs\":[\"https:\/\/www.facebook.com\/SonoraEE\/\",\"https:\/\/x.com\/sonoraenequipo\",\"https:\/\/www.youtube.com\/channel\/UC338nW-lPEYmJQs4ZABQ1SQ\"]},{\"@type\":\"Person\",\"@id\":\"https:\/\/www.sonoraenequipo.com.mx\/#\/schema\/person\/50102df0fb23a8fa9e8effad8fa81386\",\"name\":\"enequipo\",\"image\":{\"@type\":\"ImageObject\",\"inLanguage\":\"es\",\"@id\":\"https:\/\/www.sonoraenequipo.com.mx\/#\/schema\/person\/image\/\",\"url\":\"https:\/\/secure.gravatar.com\/avatar\/049821681b589dabc0bc20695993ccebb09f5b5d4d790cd9251b97faac7c652b?s=96&d=blank&r=g\",\"contentUrl\":\"https:\/\/secure.gravatar.com\/avatar\/049821681b589dabc0bc20695993ccebb09f5b5d4d790cd9251b97faac7c652b?s=96&d=blank&r=g\",\"caption\":\"enequipo\"},\"sameAs\":[\"https:\/\/www.facebook.com\/SonoraEE\"]}]}<\/script>\n ","yoast_head_json":{"title":"Sonora en Equipo. Noro\u00f1a rechaza propuesta de Norma Pi\u00f1a: \u201cLa discusi\u00f3n ha terminado, es el tiempo del Legislativo\u201d Rep\u00fablica","description":"CIUDAD DE M\u00c9XICO. MX.\u2014 Luego de que la ministra presidenta de la Suprema Corte de Justicia de la Naci\u00f3n (SCJN), Norma Pi\u00f1a, diera a conocer su propuesta En Sonora en Equipo publicamos toda la informaci\u00f3n de Sonora, M\u00e9xico y el Mundo de manera oportuna y busca que la libertad de expresi\u00f3n sea real. Visita nuestro medio informativo publicado desde Hermosillo, Sonora. %","robots":{"index":"index","follow":"follow","max-snippet":"max-snippet:-1","max-image-preview":"max-image-preview:large","max-video-preview":"max-video-preview:-1"},"canonical":"https:\/\/www.sonoraenequipo.com.mx\/norona-rechaza-propuesta-de-norma-pina-la-discusion-ha-terminado-es-el-tiempo-del-legislativo\/","og_locale":"es_ES","og_type":"article","og_title":"Sonora en Equipo. Noro\u00f1a rechaza propuesta de Norma Pi\u00f1a: \u201cLa discusi\u00f3n ha terminado, es el tiempo del Legislativo\u201d Rep\u00fablica","og_description":"CIUDAD DE M\u00c9XICO. MX.\u2014 Luego de que la ministra presidenta de la Suprema Corte de Justicia de la Naci\u00f3n (SCJN), Norma Pi\u00f1a, diera a conocer su propuesta En Sonora en Equipo publicamos toda la informaci\u00f3n de Sonora, M\u00e9xico y el Mundo de manera oportuna y busca que la libertad de expresi\u00f3n sea real. Visita nuestro medio informativo publicado desde Hermosillo, Sonora. %","og_url":"https:\/\/www.sonoraenequipo.com.mx\/norona-rechaza-propuesta-de-norma-pina-la-discusion-ha-terminado-es-el-tiempo-del-legislativo\/","og_site_name":"Sonora en Equipo.","article_publisher":"https:\/\/www.facebook.com\/SonoraEE\/","article_author":"https:\/\/www.facebook.com\/SonoraEE","article_published_time":"2024-09-10T06:12:00+00:00","article_modified_time":"2024-09-10T22:54:36+00:00","og_image":[{"width":900,"height":504,"url":"https:\/\/www.sonoraenequipo.com.mx\/storage\/2024\/09\/Norona-min.jpg","type":"image\/jpeg"}],"author":"enequipo","twitter_card":"summary_large_image","twitter_creator":"@sonoraenequipo","twitter_site":"@sonoraenequipo","twitter_misc":{"Escrito por":"enequipo","Tiempo de lectura":"2 minutos"},"schema":{"@context":"https:\/\/schema.org","@graph":[{"@type":"Article","@id":"https:\/\/www.sonoraenequipo.com.mx\/norona-rechaza-propuesta-de-norma-pina-la-discusion-ha-terminado-es-el-tiempo-del-legislativo\/#article","isPartOf":{"@id":"https:\/\/www.sonoraenequipo.com.mx\/norona-rechaza-propuesta-de-norma-pina-la-discusion-ha-terminado-es-el-tiempo-del-legislativo\/"},"author":{"name":"enequipo","@id":"https:\/\/www.sonoraenequipo.com.mx\/#\/schema\/person\/50102df0fb23a8fa9e8effad8fa81386"},"headline":"Noro\u00f1a rechaza propuesta de Norma Pi\u00f1a: \u201cLa discusi\u00f3n ha terminado, es el tiempo del Legislativo\u201d","datePublished":"2024-09-10T06:12:00+00:00","dateModified":"2024-09-10T22:54:36+00:00","mainEntityOfPage":{"@id":"https:\/\/www.sonoraenequipo.com.mx\/norona-rechaza-propuesta-de-norma-pina-la-discusion-ha-terminado-es-el-tiempo-del-legislativo\/"},"wordCount":463,"commentCount":0,"publisher":{"@id":"https:\/\/www.sonoraenequipo.com.mx\/#organization"},"image":{"@id":"https:\/\/www.sonoraenequipo.com.mx\/norona-rechaza-propuesta-de-norma-pina-la-discusion-ha-terminado-es-el-tiempo-del-legislativo\/#primaryimage"},"thumbnailUrl":"https:\/\/www.sonoraenequipo.com.mx\/storage\/2024\/09\/Norona-min.jpg","articleSection":["Rep\u00fablica"],"inLanguage":"es","potentialAction":[{"@type":"CommentAction","name":"Comment","target":["https:\/\/www.sonoraenequipo.com.mx\/norona-rechaza-propuesta-de-norma-pina-la-discusion-ha-terminado-es-el-tiempo-del-legislativo\/#respond"]}]},{"@type":"WebPage","@id":"https:\/\/www.sonoraenequipo.com.mx\/norona-rechaza-propuesta-de-norma-pina-la-discusion-ha-terminado-es-el-tiempo-del-legislativo\/","url":"https:\/\/www.sonoraenequipo.com.mx\/norona-rechaza-propuesta-de-norma-pina-la-discusion-ha-terminado-es-el-tiempo-del-legislativo\/","name":"Sonora en Equipo. Noro\u00f1a rechaza propuesta de Norma Pi\u00f1a: \u201cLa discusi\u00f3n ha terminado, es el tiempo del Legislativo\u201d Rep\u00fablica","isPartOf":{"@id":"https:\/\/www.sonoraenequipo.com.mx\/#website"},"primaryImageOfPage":{"@id":"https:\/\/www.sonoraenequipo.com.mx\/norona-rechaza-propuesta-de-norma-pina-la-discusion-ha-terminado-es-el-tiempo-del-legislativo\/#primaryimage"},"image":{"@id":"https:\/\/www.sonoraenequipo.com.mx\/norona-rechaza-propuesta-de-norma-pina-la-discusion-ha-terminado-es-el-tiempo-del-legislativo\/#primaryimage"},"thumbnailUrl":"https:\/\/www.sonoraenequipo.com.mx\/storage\/2024\/09\/Norona-min.jpg","datePublished":"2024-09-10T06:12:00+00:00","dateModified":"2024-09-10T22:54:36+00:00","description":"CIUDAD DE M\u00c9XICO. MX.\u2014 Luego de que la ministra presidenta de la Suprema Corte de Justicia de la Naci\u00f3n (SCJN), Norma Pi\u00f1a, diera a conocer su propuesta En Sonora en Equipo publicamos toda la informaci\u00f3n de Sonora, M\u00e9xico y el Mundo de manera oportuna y busca que la libertad de expresi\u00f3n sea real. Visita nuestro medio informativo publicado desde Hermosillo, Sonora. %","breadcrumb":{"@id":"https:\/\/www.sonoraenequipo.com.mx\/norona-rechaza-propuesta-de-norma-pina-la-discusion-ha-terminado-es-el-tiempo-del-legislativo\/#breadcrumb"},"inLanguage":"es","potentialAction":[{"@type":"ReadAction","target":["https:\/\/www.sonoraenequipo.com.mx\/norona-rechaza-propuesta-de-norma-pina-la-discusion-ha-terminado-es-el-tiempo-del-legislativo\/"]}]},{"@type":"ImageObject","inLanguage":"es","@id":"https:\/\/www.sonoraenequipo.com.mx\/norona-rechaza-propuesta-de-norma-pina-la-discusion-ha-terminado-es-el-tiempo-del-legislativo\/#primaryimage","url":"https:\/\/www.sonoraenequipo.com.mx\/storage\/2024\/09\/Norona-min.jpg","contentUrl":"https:\/\/www.sonoraenequipo.com.mx\/storage\/2024\/09\/Norona-min.jpg","width":900,"height":504},{"@type":"BreadcrumbList","@id":"https:\/\/www.sonoraenequipo.com.mx\/norona-rechaza-propuesta-de-norma-pina-la-discusion-ha-terminado-es-el-tiempo-del-legislativo\/#breadcrumb","itemListElement":[{"@type":"ListItem","position":1,"name":"Portada","item":"https:\/\/www.sonoraenequipo.com.mx\/"},{"@type":"ListItem","position":2,"name":"Noro\u00f1a rechaza propuesta de Norma Pi\u00f1a: \u201cLa discusi\u00f3n ha terminado, es el tiempo del Legislativo\u201d"}]},{"@type":"WebSite","@id":"https:\/\/www.sonoraenequipo.com.mx\/#website","url":"https:\/\/www.sonoraenequipo.com.mx\/","name":"Sonora en Equipo.","description":"Diario en l\u00ednea con Noticias desde Hermosillo, Sonora","publisher":{"@id":"https:\/\/www.sonoraenequipo.com.mx\/#organization"},"potentialAction":[{"@type":"SearchAction","target":{"@type":"EntryPoint","urlTemplate":"https:\/\/www.sonoraenequipo.com.mx\/?s={search_term_string}"},"query-input":{"@type":"PropertyValueSpecification","valueRequired":true,"valueName":"search_term_string"}}],"inLanguage":"es"},{"@type":"Organization","@id":"https:\/\/www.sonoraenequipo.com.mx\/#organization","name":"Sonoraenequipo.com.mx","url":"https:\/\/www.sonoraenequipo.com.mx\/","logo":{"@type":"ImageObject","inLanguage":"es","@id":"https:\/\/www.sonoraenequipo.com.mx\/#\/schema\/logo\/image\/","url":"https:\/\/www.sonoraenequipo.com.mx\/storage\/2019\/01\/sonoraenequipo_opt.png","contentUrl":"https:\/\/www.sonoraenequipo.com.mx\/storage\/2019\/01\/sonoraenequipo_opt.png","width":375,"height":125,"caption":"Sonoraenequipo.com.mx"},"image":{"@id":"https:\/\/www.sonoraenequipo.com.mx\/#\/schema\/logo\/image\/"},"sameAs":["https:\/\/www.facebook.com\/SonoraEE\/","https:\/\/x.com\/sonoraenequipo","https:\/\/www.youtube.com\/channel\/UC338nW-lPEYmJQs4ZABQ1SQ"]},{"@type":"Person","@id":"https:\/\/www.sonoraenequipo.com.mx\/#\/schema\/person\/50102df0fb23a8fa9e8effad8fa81386","name":"enequipo","image":{"@type":"ImageObject","inLanguage":"es","@id":"https:\/\/www.sonoraenequipo.com.mx\/#\/schema\/person\/image\/","url":"https:\/\/secure.gravatar.com\/avatar\/049821681b589dabc0bc20695993ccebb09f5b5d4d790cd9251b97faac7c652b?s=96&d=blank&r=g","contentUrl":"https:\/\/secure.gravatar.com\/avatar\/049821681b589dabc0bc20695993ccebb09f5b5d4d790cd9251b97faac7c652b?s=96&d=blank&r=g","caption":"enequipo"},"sameAs":["https:\/\/www.facebook.com\/SonoraEE"]}]}},"jetpack_featured_media_url":"https:\/\/www.sonoraenequipo.com.mx\/storage\/2024\/09\/Norona-min.jpg","_links":{"self":[{"href":"https:\/\/www.sonoraenequipo.com.mx\/api\/wp\/v2\/posts\/198873","targetHints":{"allow":["GET"]}}],"collection":[{"href":"https:\/\/www.sonoraenequipo.com.mx\/api\/wp\/v2\/posts"}],"about":[{"href":"https:\/\/www.sonoraenequipo.com.mx\/api\/wp\/v2\/types\/post"}],"author":[{"embeddable":true,"href":"https:\/\/www.sonoraenequipo.com.mx\/api\/wp\/v2\/users\/1"}],"replies":[{"embeddable":true,"href":"https:\/\/www.sonoraenequipo.com.mx\/api\/wp\/v2\/comments?post=198873"}],"version-history":[{"count":1,"href":"https:\/\/www.sonoraenequipo.com.mx\/api\/wp\/v2\/posts\/198873\/revisions"}],"predecessor-version":[{"id":198882,"href":"https:\/\/www.sonoraenequipo.com.mx\/api\/wp\/v2\/posts\/198873\/revisions\/198882"}],"wp:featuredmedia":[{"embeddable":true,"href":"https:\/\/www.sonoraenequipo.com.mx\/api\/wp\/v2\/media\/198880"}],"wp:attachment":[{"href":"https:\/\/www.sonoraenequipo.com.mx\/api\/wp\/v2\/media?parent=198873"}],"wp:term":[{"taxonomy":"category","embeddable":true,"href":"https:\/\/www.sonoraenequipo.com.mx\/api\/wp\/v2\/categories?post=198873"},{"taxonomy":"post_tag","embeddable":true,"href":"https:\/\/www.sonoraenequipo.com.mx\/api\/wp\/v2\/tags?post=198873"}],"curies":[{"name":"wp","href":"https:\/\/api.w.org\/{rel}","templated":true}]}}