{"id":198876,"date":"2024-09-10T15:50:02","date_gmt":"2024-09-10T22:50:02","guid":{"rendered":"https:\/\/www.sonoraenequipo.com.mx\/?p=198876"},"modified":"2024-09-10T15:50:02","modified_gmt":"2024-09-10T22:50:02","slug":"reformas-constitucionales-tienen-un-profundo-sentido-de-justicia-social-y-democracia-prospero-valenzuela","status":"publish","type":"post","link":"https:\/\/www.sonoraenequipo.com.mx\/reformas-constitucionales-tienen-un-profundo-sentido-de-justicia-social-y-democracia-prospero-valenzuela\/","title":{"rendered":"Reformas constitucionales tienen un profundo sentido de justicia social y democracia: Pr\u00f3spero Valenzuela"},"content":{"rendered":"<p><strong>HERMOSILLO, SONORA, MX.<\/strong> \u2014 Al fortalecer e institucionalizar los derechos fundamentales en favor de la poblaci\u00f3n, as\u00ed como los ideales y principios relacionados con el humanismo, la honestidad, la austeridad, la democracia y el bienestar social, el diputado Pr\u00f3spero Valenzuela M\u00fa\u00f1er se pronunci\u00f3 a favor de las propuestas de las reformas constitucionales que se debaten a nivel federal.<\/p>\n<p>&nbsp;<\/p>\n<p>El legislador morenista resalt\u00f3 que los proyectos contienen una gran diversidad de temas para fortalecer y establecer los derechos fundamentales en materia de pueblos y comunidades ind\u00edgenas, programas sociales, becas, inclusi\u00f3n laboral, atenci\u00f3n m\u00e9dica universal, vivienda, protecci\u00f3n de los animales, derecho a la alimentaci\u00f3n, medio ambiente y agua, prisi\u00f3n preventiva oficiosa para extorsi\u00f3n y delitos fiscales, reforma electoral y judicial, eliminaci\u00f3n de organismos aut\u00f3nomos, austeridad republicana, entre otras.<\/p>\n<p>&nbsp;<\/p>\n<p>&nbsp;<\/p>\n<p>&nbsp;<\/p>\n<p>Valenzuela Mu\u00f1er expuso que se busca modernizar el Poder Judicial, ponerlo a la altura de las demandas del pa\u00eds y que sea un \u00f3rgano que est\u00e9 legitimado por la sociedad.<\/p>\n<p>&nbsp;<\/p>\n<p>Lo que se pretende, a\u00f1adi\u00f3, es que la sociedad sea quien elija a quienes van a impartir justicia en el pa\u00eds, reducir el n\u00famero de ministras y ministros; disminuci\u00f3n del periodo en el cargo, eliminar la pensi\u00f3n vitalicia, entre otras modificaciones.<\/p>\n<p>&nbsp;<\/p>\n<p>\u201cCada una de las reformas propuestas por nuestro presidente, Andr\u00e9s Manuel L\u00f3pez Obrador, tendr\u00e1n un gran impacto en nuestro pa\u00eds ya que est\u00e1n enfocadas en buscar el bienestar de los que menos tienen, as\u00ed como estabilizar la econom\u00eda, realizar obras con causa social y regular los \u00f3rganos con mayor corrupci\u00f3n como es el caso del Poder Judicial\u201d, expres\u00f3.<\/p>\n<p><strong>Fecha de publicaci\u00f3n martes 10 de septiembre de 2024<\/strong><\/p>\n<p>&nbsp;<\/p>\n","protected":false},"excerpt":{"rendered":"<p>HERMOSILLO, SONORA, MX. \u2014 Al fortalecer e institucionalizar los derechos fundamentales en favor de la&#8230;<\/p>\n","protected":false},"author":1,"featured_media":198877,"comment_status":"open","ping_status":"open","sticky":false,"template":"","format":"standard","meta":{"_monsterinsights_skip_tracking":false,"_monsterinsights_sitenote_active":false,"_monsterinsights_sitenote_note":"","_monsterinsights_sitenote_category":0,"footnotes":""},"categories":[3281],"tags":[8155],"class_list":["post"],"yoast_head":" \n<title>Sonora en Equipo. Reformas constitucionales tienen un profundo sentido de justicia social y democracia: Pr\u00f3spero Valenzuela Congreso<\/title>\n<meta name=\"description\" content=\"HERMOSILLO, SONORA, MX. \u2014 Al fortalecer e institucionalizar los derechos fundamentales en favor de la poblaci\u00f3n, as\u00ed como los ideales y principios En Sonora en Equipo publicamos toda la informaci\u00f3n de Sonora, M\u00e9xico y el Mundo de manera oportuna y busca que la libertad de expresi\u00f3n sea real. Visita nuestro medio informativo publicado desde Hermosillo, Sonora. %\" \/>\n<meta name=\"robots\" content=\"index, follow, max-snippet:-1, max-image-preview:large, max-video-preview:-1\" \/>\n<link rel=\"canonical\" href=\"https:\/\/www.sonoraenequipo.com.mx\/reformas-constitucionales-tienen-un-profundo-sentido-de-justicia-social-y-democracia-prospero-valenzuela\/\" \/>\n<meta property=\"og:locale\" content=\"es_ES\" \/>\n<meta property=\"og:type\" content=\"article\" \/>\n<meta property=\"og:title\" content=\"Sonora en Equipo. Reformas constitucionales tienen un profundo sentido de justicia social y democracia: Pr\u00f3spero Valenzuela Congreso\" \/>\n<meta property=\"og:description\" content=\"HERMOSILLO, SONORA, MX. \u2014 Al fortalecer e institucionalizar los derechos fundamentales en favor de la poblaci\u00f3n, as\u00ed como los ideales y principios En Sonora en Equipo publicamos toda la informaci\u00f3n de Sonora, M\u00e9xico y el Mundo de manera oportuna y busca que la libertad de expresi\u00f3n sea real. Visita nuestro medio informativo publicado desde Hermosillo, Sonora. %\" \/>\n<meta property=\"og:url\" content=\"https:\/\/www.sonoraenequipo.com.mx\/reformas-constitucionales-tienen-un-profundo-sentido-de-justicia-social-y-democracia-prospero-valenzuela\/\" \/>\n<meta property=\"og:site_name\" content=\"Sonora en Equipo.\" \/>\n<meta property=\"article:publisher\" content=\"https:\/\/www.facebook.com\/SonoraEE\/\" \/>\n<meta property=\"article:author\" content=\"https:\/\/www.facebook.com\/SonoraEE\" \/>\n<meta property=\"article:published_time\" content=\"2024-09-10T22:50:02+00:00\" \/>\n<meta property=\"og:image\" content=\"https:\/\/www.sonoraenequipo.com.mx\/storage\/2024\/09\/prosperovalenzuela-Muner.jpg\" \/>\n\t<meta property=\"og:image:width\" content=\"600\" \/>\n\t<meta property=\"og:image:height\" content=\"400\" \/>\n\t<meta property=\"og:image:type\" content=\"image\/jpeg\" \/>\n<meta name=\"author\" content=\"enequipo\" \/>\n<meta name=\"twitter:card\" content=\"summary_large_image\" \/>\n<meta name=\"twitter:creator\" content=\"@sonoraenequipo\" \/>\n<meta name=\"twitter:site\" content=\"@sonoraenequipo\" \/>\n<meta name=\"twitter:label1\" content=\"Escrito por\" \/>\n\t<meta name=\"twitter:data1\" content=\"enequipo\" \/>\n\t<meta name=\"twitter:label2\" content=\"Tiempo de lectura\" \/>\n\t<meta name=\"twitter:data2\" content=\"1 minuto\" \/>\n<script type=\"application\/ld+json\" class=\"yoast-schema-graph\">{\"@context\":\"https:\/\/schema.org\",\"@graph\":[{\"@type\":\"Article\",\"@id\":\"https:\/\/www.sonoraenequipo.com.mx\/reformas-constitucionales-tienen-un-profundo-sentido-de-justicia-social-y-democracia-prospero-valenzuela\/#article\",\"isPartOf\":{\"@id\":\"https:\/\/www.sonoraenequipo.com.mx\/reformas-constitucionales-tienen-un-profundo-sentido-de-justicia-social-y-democracia-prospero-valenzuela\/\"},\"author\":{\"name\":\"enequipo\",\"@id\":\"https:\/\/www.sonoraenequipo.com.mx\/#\/schema\/person\/50102df0fb23a8fa9e8effad8fa81386\"},\"headline\":\"Reformas constitucionales tienen un profundo sentido de justicia social y democracia: Pr\u00f3spero Valenzuela\",\"datePublished\":\"2024-09-10T22:50:02+00:00\",\"mainEntityOfPage\":{\"@id\":\"https:\/\/www.sonoraenequipo.com.mx\/reformas-constitucionales-tienen-un-profundo-sentido-de-justicia-social-y-democracia-prospero-valenzuela\/\"},\"wordCount\":310,\"commentCount\":0,\"publisher\":{\"@id\":\"https:\/\/www.sonoraenequipo.com.mx\/#organization\"},\"image\":{\"@id\":\"https:\/\/www.sonoraenequipo.com.mx\/reformas-constitucionales-tienen-un-profundo-sentido-de-justicia-social-y-democracia-prospero-valenzuela\/#primaryimage\"},\"thumbnailUrl\":\"https:\/\/www.sonoraenequipo.com.mx\/storage\/2024\/09\/prosperovalenzuela-Muner.jpg\",\"keywords\":[\"reformas\"],\"articleSection\":[\"Congreso\"],\"inLanguage\":\"es\",\"potentialAction\":[{\"@type\":\"CommentAction\",\"name\":\"Comment\",\"target\":[\"https:\/\/www.sonoraenequipo.com.mx\/reformas-constitucionales-tienen-un-profundo-sentido-de-justicia-social-y-democracia-prospero-valenzuela\/#respond\"]}]},{\"@type\":\"WebPage\",\"@id\":\"https:\/\/www.sonoraenequipo.com.mx\/reformas-constitucionales-tienen-un-profundo-sentido-de-justicia-social-y-democracia-prospero-valenzuela\/\",\"url\":\"https:\/\/www.sonoraenequipo.com.mx\/reformas-constitucionales-tienen-un-profundo-sentido-de-justicia-social-y-democracia-prospero-valenzuela\/\",\"name\":\"Sonora en Equipo. Reformas constitucionales tienen un profundo sentido de justicia social y democracia: Pr\u00f3spero Valenzuela Congreso\",\"isPartOf\":{\"@id\":\"https:\/\/www.sonoraenequipo.com.mx\/#website\"},\"primaryImageOfPage\":{\"@id\":\"https:\/\/www.sonoraenequipo.com.mx\/reformas-constitucionales-tienen-un-profundo-sentido-de-justicia-social-y-democracia-prospero-valenzuela\/#primaryimage\"},\"image\":{\"@id\":\"https:\/\/www.sonoraenequipo.com.mx\/reformas-constitucionales-tienen-un-profundo-sentido-de-justicia-social-y-democracia-prospero-valenzuela\/#primaryimage\"},\"thumbnailUrl\":\"https:\/\/www.sonoraenequipo.com.mx\/storage\/2024\/09\/prosperovalenzuela-Muner.jpg\",\"datePublished\":\"2024-09-10T22:50:02+00:00\",\"description\":\"HERMOSILLO, SONORA, MX. \u2014 Al fortalecer e institucionalizar los derechos fundamentales en favor de la poblaci\u00f3n, as\u00ed como los ideales y principios En Sonora en Equipo publicamos toda la informaci\u00f3n de Sonora, M\u00e9xico y el Mundo de manera oportuna y busca que la libertad de expresi\u00f3n sea real. Visita nuestro medio informativo publicado desde Hermosillo, Sonora. %\",\"breadcrumb\":{\"@id\":\"https:\/\/www.sonoraenequipo.com.mx\/reformas-constitucionales-tienen-un-profundo-sentido-de-justicia-social-y-democracia-prospero-valenzuela\/#breadcrumb\"},\"inLanguage\":\"es\",\"potentialAction\":[{\"@type\":\"ReadAction\",\"target\":[\"https:\/\/www.sonoraenequipo.com.mx\/reformas-constitucionales-tienen-un-profundo-sentido-de-justicia-social-y-democracia-prospero-valenzuela\/\"]}]},{\"@type\":\"ImageObject\",\"inLanguage\":\"es\",\"@id\":\"https:\/\/www.sonoraenequipo.com.mx\/reformas-constitucionales-tienen-un-profundo-sentido-de-justicia-social-y-democracia-prospero-valenzuela\/#primaryimage\",\"url\":\"https:\/\/www.sonoraenequipo.com.mx\/storage\/2024\/09\/prosperovalenzuela-Muner.jpg\",\"contentUrl\":\"https:\/\/www.sonoraenequipo.com.mx\/storage\/2024\/09\/prosperovalenzuela-Muner.jpg\",\"width\":600,\"height\":400},{\"@type\":\"BreadcrumbList\",\"@id\":\"https:\/\/www.sonoraenequipo.com.mx\/reformas-constitucionales-tienen-un-profundo-sentido-de-justicia-social-y-democracia-prospero-valenzuela\/#breadcrumb\",\"itemListElement\":[{\"@type\":\"ListItem\",\"position\":1,\"name\":\"Portada\",\"item\":\"https:\/\/www.sonoraenequipo.com.mx\/\"},{\"@type\":\"ListItem\",\"position\":2,\"name\":\"Reformas constitucionales tienen un profundo sentido de justicia social y democracia: Pr\u00f3spero Valenzuela\"}]},{\"@type\":\"WebSite\",\"@id\":\"https:\/\/www.sonoraenequipo.com.mx\/#website\",\"url\":\"https:\/\/www.sonoraenequipo.com.mx\/\",\"name\":\"Sonora en Equipo.\",\"description\":\"Diario en l\u00ednea con Noticias desde Hermosillo, Sonora\",\"publisher\":{\"@id\":\"https:\/\/www.sonoraenequipo.com.mx\/#organization\"},\"potentialAction\":[{\"@type\":\"SearchAction\",\"target\":{\"@type\":\"EntryPoint\",\"urlTemplate\":\"https:\/\/www.sonoraenequipo.com.mx\/?s={search_term_string}\"},\"query-input\":{\"@type\":\"PropertyValueSpecification\",\"valueRequired\":true,\"valueName\":\"search_term_string\"}}],\"inLanguage\":\"es\"},{\"@type\":\"Organization\",\"@id\":\"https:\/\/www.sonoraenequipo.com.mx\/#organization\",\"name\":\"Sonoraenequipo.com.mx\",\"url\":\"https:\/\/www.sonoraenequipo.com.mx\/\",\"logo\":{\"@type\":\"ImageObject\",\"inLanguage\":\"es\",\"@id\":\"https:\/\/www.sonoraenequipo.com.mx\/#\/schema\/logo\/image\/\",\"url\":\"https:\/\/www.sonoraenequipo.com.mx\/storage\/2019\/01\/sonoraenequipo_opt.png\",\"contentUrl\":\"https:\/\/www.sonoraenequipo.com.mx\/storage\/2019\/01\/sonoraenequipo_opt.png\",\"width\":375,\"height\":125,\"caption\":\"Sonoraenequipo.com.mx\"},\"image\":{\"@id\":\"https:\/\/www.sonoraenequipo.com.mx\/#\/schema\/logo\/image\/\"},\"sameAs\":[\"https:\/\/www.facebook.com\/SonoraEE\/\",\"https:\/\/x.com\/sonoraenequipo\",\"https:\/\/www.youtube.com\/channel\/UC338nW-lPEYmJQs4ZABQ1SQ\"]},{\"@type\":\"Person\",\"@id\":\"https:\/\/www.sonoraenequipo.com.mx\/#\/schema\/person\/50102df0fb23a8fa9e8effad8fa81386\",\"name\":\"enequipo\",\"image\":{\"@type\":\"ImageObject\",\"inLanguage\":\"es\",\"@id\":\"https:\/\/www.sonoraenequipo.com.mx\/#\/schema\/person\/image\/\",\"url\":\"https:\/\/secure.gravatar.com\/avatar\/049821681b589dabc0bc20695993ccebb09f5b5d4d790cd9251b97faac7c652b?s=96&d=blank&r=g\",\"contentUrl\":\"https:\/\/secure.gravatar.com\/avatar\/049821681b589dabc0bc20695993ccebb09f5b5d4d790cd9251b97faac7c652b?s=96&d=blank&r=g\",\"caption\":\"enequipo\"},\"sameAs\":[\"https:\/\/www.facebook.com\/SonoraEE\"]}]}<\/script>\n ","yoast_head_json":{"title":"Sonora en Equipo. Reformas constitucionales tienen un profundo sentido de justicia social y democracia: Pr\u00f3spero Valenzuela Congreso","description":"HERMOSILLO, SONORA, MX. \u2014 Al fortalecer e institucionalizar los derechos fundamentales en favor de la poblaci\u00f3n, as\u00ed como los ideales y principios En Sonora en Equipo publicamos toda la informaci\u00f3n de Sonora, M\u00e9xico y el Mundo de manera oportuna y busca que la libertad de expresi\u00f3n sea real. Visita nuestro medio informativo publicado desde Hermosillo, Sonora. %","robots":{"index":"index","follow":"follow","max-snippet":"max-snippet:-1","max-image-preview":"max-image-preview:large","max-video-preview":"max-video-preview:-1"},"canonical":"https:\/\/www.sonoraenequipo.com.mx\/reformas-constitucionales-tienen-un-profundo-sentido-de-justicia-social-y-democracia-prospero-valenzuela\/","og_locale":"es_ES","og_type":"article","og_title":"Sonora en Equipo. Reformas constitucionales tienen un profundo sentido de justicia social y democracia: Pr\u00f3spero Valenzuela Congreso","og_description":"HERMOSILLO, SONORA, MX. \u2014 Al fortalecer e institucionalizar los derechos fundamentales en favor de la poblaci\u00f3n, as\u00ed como los ideales y principios En Sonora en Equipo publicamos toda la informaci\u00f3n de Sonora, M\u00e9xico y el Mundo de manera oportuna y busca que la libertad de expresi\u00f3n sea real. Visita nuestro medio informativo publicado desde Hermosillo, Sonora. %","og_url":"https:\/\/www.sonoraenequipo.com.mx\/reformas-constitucionales-tienen-un-profundo-sentido-de-justicia-social-y-democracia-prospero-valenzuela\/","og_site_name":"Sonora en Equipo.","article_publisher":"https:\/\/www.facebook.com\/SonoraEE\/","article_author":"https:\/\/www.facebook.com\/SonoraEE","article_published_time":"2024-09-10T22:50:02+00:00","og_image":[{"width":600,"height":400,"url":"https:\/\/www.sonoraenequipo.com.mx\/storage\/2024\/09\/prosperovalenzuela-Muner.jpg","type":"image\/jpeg"}],"author":"enequipo","twitter_card":"summary_large_image","twitter_creator":"@sonoraenequipo","twitter_site":"@sonoraenequipo","twitter_misc":{"Escrito por":"enequipo","Tiempo de lectura":"1 minuto"},"schema":{"@context":"https:\/\/schema.org","@graph":[{"@type":"Article","@id":"https:\/\/www.sonoraenequipo.com.mx\/reformas-constitucionales-tienen-un-profundo-sentido-de-justicia-social-y-democracia-prospero-valenzuela\/#article","isPartOf":{"@id":"https:\/\/www.sonoraenequipo.com.mx\/reformas-constitucionales-tienen-un-profundo-sentido-de-justicia-social-y-democracia-prospero-valenzuela\/"},"author":{"name":"enequipo","@id":"https:\/\/www.sonoraenequipo.com.mx\/#\/schema\/person\/50102df0fb23a8fa9e8effad8fa81386"},"headline":"Reformas constitucionales tienen un profundo sentido de justicia social y democracia: Pr\u00f3spero Valenzuela","datePublished":"2024-09-10T22:50:02+00:00","mainEntityOfPage":{"@id":"https:\/\/www.sonoraenequipo.com.mx\/reformas-constitucionales-tienen-un-profundo-sentido-de-justicia-social-y-democracia-prospero-valenzuela\/"},"wordCount":310,"commentCount":0,"publisher":{"@id":"https:\/\/www.sonoraenequipo.com.mx\/#organization"},"image":{"@id":"https:\/\/www.sonoraenequipo.com.mx\/reformas-constitucionales-tienen-un-profundo-sentido-de-justicia-social-y-democracia-prospero-valenzuela\/#primaryimage"},"thumbnailUrl":"https:\/\/www.sonoraenequipo.com.mx\/storage\/2024\/09\/prosperovalenzuela-Muner.jpg","keywords":["reformas"],"articleSection":["Congreso"],"inLanguage":"es","potentialAction":[{"@type":"CommentAction","name":"Comment","target":["https:\/\/www.sonoraenequipo.com.mx\/reformas-constitucionales-tienen-un-profundo-sentido-de-justicia-social-y-democracia-prospero-valenzuela\/#respond"]}]},{"@type":"WebPage","@id":"https:\/\/www.sonoraenequipo.com.mx\/reformas-constitucionales-tienen-un-profundo-sentido-de-justicia-social-y-democracia-prospero-valenzuela\/","url":"https:\/\/www.sonoraenequipo.com.mx\/reformas-constitucionales-tienen-un-profundo-sentido-de-justicia-social-y-democracia-prospero-valenzuela\/","name":"Sonora en Equipo. Reformas constitucionales tienen un profundo sentido de justicia social y democracia: Pr\u00f3spero Valenzuela Congreso","isPartOf":{"@id":"https:\/\/www.sonoraenequipo.com.mx\/#website"},"primaryImageOfPage":{"@id":"https:\/\/www.sonoraenequipo.com.mx\/reformas-constitucionales-tienen-un-profundo-sentido-de-justicia-social-y-democracia-prospero-valenzuela\/#primaryimage"},"image":{"@id":"https:\/\/www.sonoraenequipo.com.mx\/reformas-constitucionales-tienen-un-profundo-sentido-de-justicia-social-y-democracia-prospero-valenzuela\/#primaryimage"},"thumbnailUrl":"https:\/\/www.sonoraenequipo.com.mx\/storage\/2024\/09\/prosperovalenzuela-Muner.jpg","datePublished":"2024-09-10T22:50:02+00:00","description":"HERMOSILLO, SONORA, MX. \u2014 Al fortalecer e institucionalizar los derechos fundamentales en favor de la poblaci\u00f3n, as\u00ed como los ideales y principios En Sonora en Equipo publicamos toda la informaci\u00f3n de Sonora, M\u00e9xico y el Mundo de manera oportuna y busca que la libertad de expresi\u00f3n sea real. Visita nuestro medio informativo publicado desde Hermosillo, Sonora. %","breadcrumb":{"@id":"https:\/\/www.sonoraenequipo.com.mx\/reformas-constitucionales-tienen-un-profundo-sentido-de-justicia-social-y-democracia-prospero-valenzuela\/#breadcrumb"},"inLanguage":"es","potentialAction":[{"@type":"ReadAction","target":["https:\/\/www.sonoraenequipo.com.mx\/reformas-constitucionales-tienen-un-profundo-sentido-de-justicia-social-y-democracia-prospero-valenzuela\/"]}]},{"@type":"ImageObject","inLanguage":"es","@id":"https:\/\/www.sonoraenequipo.com.mx\/reformas-constitucionales-tienen-un-profundo-sentido-de-justicia-social-y-democracia-prospero-valenzuela\/#primaryimage","url":"https:\/\/www.sonoraenequipo.com.mx\/storage\/2024\/09\/prosperovalenzuela-Muner.jpg","contentUrl":"https:\/\/www.sonoraenequipo.com.mx\/storage\/2024\/09\/prosperovalenzuela-Muner.jpg","width":600,"height":400},{"@type":"BreadcrumbList","@id":"https:\/\/www.sonoraenequipo.com.mx\/reformas-constitucionales-tienen-un-profundo-sentido-de-justicia-social-y-democracia-prospero-valenzuela\/#breadcrumb","itemListElement":[{"@type":"ListItem","position":1,"name":"Portada","item":"https:\/\/www.sonoraenequipo.com.mx\/"},{"@type":"ListItem","position":2,"name":"Reformas constitucionales tienen un profundo sentido de justicia social y democracia: Pr\u00f3spero Valenzuela"}]},{"@type":"WebSite","@id":"https:\/\/www.sonoraenequipo.com.mx\/#website","url":"https:\/\/www.sonoraenequipo.com.mx\/","name":"Sonora en Equipo.","description":"Diario en l\u00ednea con Noticias desde Hermosillo, Sonora","publisher":{"@id":"https:\/\/www.sonoraenequipo.com.mx\/#organization"},"potentialAction":[{"@type":"SearchAction","target":{"@type":"EntryPoint","urlTemplate":"https:\/\/www.sonoraenequipo.com.mx\/?s={search_term_string}"},"query-input":{"@type":"PropertyValueSpecification","valueRequired":true,"valueName":"search_term_string"}}],"inLanguage":"es"},{"@type":"Organization","@id":"https:\/\/www.sonoraenequipo.com.mx\/#organization","name":"Sonoraenequipo.com.mx","url":"https:\/\/www.sonoraenequipo.com.mx\/","logo":{"@type":"ImageObject","inLanguage":"es","@id":"https:\/\/www.sonoraenequipo.com.mx\/#\/schema\/logo\/image\/","url":"https:\/\/www.sonoraenequipo.com.mx\/storage\/2019\/01\/sonoraenequipo_opt.png","contentUrl":"https:\/\/www.sonoraenequipo.com.mx\/storage\/2019\/01\/sonoraenequipo_opt.png","width":375,"height":125,"caption":"Sonoraenequipo.com.mx"},"image":{"@id":"https:\/\/www.sonoraenequipo.com.mx\/#\/schema\/logo\/image\/"},"sameAs":["https:\/\/www.facebook.com\/SonoraEE\/","https:\/\/x.com\/sonoraenequipo","https:\/\/www.youtube.com\/channel\/UC338nW-lPEYmJQs4ZABQ1SQ"]},{"@type":"Person","@id":"https:\/\/www.sonoraenequipo.com.mx\/#\/schema\/person\/50102df0fb23a8fa9e8effad8fa81386","name":"enequipo","image":{"@type":"ImageObject","inLanguage":"es","@id":"https:\/\/www.sonoraenequipo.com.mx\/#\/schema\/person\/image\/","url":"https:\/\/secure.gravatar.com\/avatar\/049821681b589dabc0bc20695993ccebb09f5b5d4d790cd9251b97faac7c652b?s=96&d=blank&r=g","contentUrl":"https:\/\/secure.gravatar.com\/avatar\/049821681b589dabc0bc20695993ccebb09f5b5d4d790cd9251b97faac7c652b?s=96&d=blank&r=g","caption":"enequipo"},"sameAs":["https:\/\/www.facebook.com\/SonoraEE"]}]}},"jetpack_featured_media_url":"https:\/\/www.sonoraenequipo.com.mx\/storage\/2024\/09\/prosperovalenzuela-Muner.jpg","_links":{"self":[{"href":"https:\/\/www.sonoraenequipo.com.mx\/api\/wp\/v2\/posts\/198876","targetHints":{"allow":["GET"]}}],"collection":[{"href":"https:\/\/www.sonoraenequipo.com.mx\/api\/wp\/v2\/posts"}],"about":[{"href":"https:\/\/www.sonoraenequipo.com.mx\/api\/wp\/v2\/types\/post"}],"author":[{"embeddable":true,"href":"https:\/\/www.sonoraenequipo.com.mx\/api\/wp\/v2\/users\/1"}],"replies":[{"embeddable":true,"href":"https:\/\/www.sonoraenequipo.com.mx\/api\/wp\/v2\/comments?post=198876"}],"version-history":[{"count":1,"href":"https:\/\/www.sonoraenequipo.com.mx\/api\/wp\/v2\/posts\/198876\/revisions"}],"predecessor-version":[{"id":198878,"href":"https:\/\/www.sonoraenequipo.com.mx\/api\/wp\/v2\/posts\/198876\/revisions\/198878"}],"wp:featuredmedia":[{"embeddable":true,"href":"https:\/\/www.sonoraenequipo.com.mx\/api\/wp\/v2\/media\/198877"}],"wp:attachment":[{"href":"https:\/\/www.sonoraenequipo.com.mx\/api\/wp\/v2\/media?parent=198876"}],"wp:term":[{"taxonomy":"category","embeddable":true,"href":"https:\/\/www.sonoraenequipo.com.mx\/api\/wp\/v2\/categories?post=198876"},{"taxonomy":"post_tag","embeddable":true,"href":"https:\/\/www.sonoraenequipo.com.mx\/api\/wp\/v2\/tags?post=198876"}],"curies":[{"name":"wp","href":"https:\/\/api.w.org\/{rel}","templated":true}]}}