{"id":198883,"date":"2024-09-10T16:32:18","date_gmt":"2024-09-10T23:32:18","guid":{"rendered":"https:\/\/www.sonoraenequipo.com.mx\/?p=198883"},"modified":"2024-09-10T16:32:18","modified_gmt":"2024-09-10T23:32:18","slug":"convoca-idh-a-deportistas-con-discapacidad-a-ingresar-al-salon-de-la-fama-de-hermosillo","status":"publish","type":"post","link":"https:\/\/www.sonoraenequipo.com.mx\/convoca-idh-a-deportistas-con-discapacidad-a-ingresar-al-salon-de-la-fama-de-hermosillo\/","title":{"rendered":"Convoca IDH a deportistas con discapacidad a ingresar al Sal\u00f3n de la Fama de Hermosillo"},"content":{"rendered":"<p><strong>HERMOSILLO, SONORA, MX.<\/strong> \u2014 El Instituto del Deporte de Hermosillo (IDH) lanz\u00f3 una convocatoria para entronizar en el Sal\u00f3n de la Fama del Deportista de Hermosillense a alrededor de 12 deportistas destacados en cualquier deporte adaptado.<\/p>\n<p>&nbsp;<\/p>\n<p>El director del instituto, Armando Labrada Garc\u00eda, coment\u00f3 que podr\u00e1n ser propuestos quienes hayan destacado como deportistas o atletas con alg\u00fan tipo de discapacidad;\u00a0 deber\u00e1n ser hermosillenses, que hayan sobresalido en el deporte adaptado dentro y fuera de Sonora.<\/p>\n<p>&nbsp;<\/p>\n<p>\u201cEs una invitaci\u00f3n para que se presenten muchos expedientes y solicitudes de ingreso de deportistas exitosos adaptados para ingresar al Sal\u00f3n de la Fama; la ceremonia se entronizaci\u00f3n ser\u00e1 la \u00faltima semana del mes de octubre\u201d, manifest\u00f3 Labrada Garc\u00eda.<\/p>\n<p>&nbsp;<\/p>\n<p>Las propuestas deber\u00e1n ser entregadas como fecha l\u00edmite el 11 de octubre en la Cancha Cuatro, ubicada en las calles Leopoldo Ramos y Olivares, con Alejandro Flores Ruiz; y en las oficinas del IDH, en Camino del Seri y Arroyo Claro.<\/p>\n<p>&nbsp;<\/p>\n<p>Las personas que sean evaluadas para ingresar al Sal\u00f3n de la Fama del Deportista Hermosillense ser\u00e1n notificadas personalmente y adem\u00e1s se dar\u00e1n a conocer a trav\u00e9s de los medios de comunicaci\u00f3n.<\/p>\n<p>&nbsp;<\/p>\n<p>El mismo d\u00eda, tambi\u00e9n se realizar\u00e1 una entronizaci\u00f3n especial de un programa denominado Regreso a Casa, debido a que en el sal\u00f3n de la Fama del Estado de Sonora est\u00e1n entronizados 78 deportistas hermosillenses y en una primera etapa ser\u00e1n 24\u00a0 los que se llevar\u00e1n al de su ciudad, sin necesidad de ser votados de nuevo.<\/p>\n<p>&nbsp;<\/p>\n<p>La convocatoria completa se encuentra publicada en las redes sociales del Instituto del Deporte de Hermosillo y del Gobierno de Hermosillo.<\/p>\n<p><strong>Fecha de publicaci\u00f3n martes 10 de septiembre de 2024<\/strong><\/p>\n","protected":false},"excerpt":{"rendered":"<p>HERMOSILLO, SONORA, MX. \u2014 El Instituto del Deporte de Hermosillo (IDH) lanz\u00f3 una convocatoria para&#8230;<\/p>\n","protected":false},"author":1,"featured_media":198889,"comment_status":"open","ping_status":"open","sticky":false,"template":"","format":"standard","meta":{"_monsterinsights_skip_tracking":false,"_monsterinsights_sitenote_active":false,"_monsterinsights_sitenote_note":"","_monsterinsights_sitenote_category":0,"footnotes":""},"categories":[10],"tags":[865,7516,35,7445],"class_list":["post"],"yoast_head":" \n<title>Sonora en Equipo. Convoca IDH a deportistas con discapacidad a ingresar al Sal\u00f3n de la Fama de Hermosillo Deportes<\/title>\n<meta name=\"description\" content=\"HERMOSILLO, SONORA, MX. \u2014 El Instituto del Deporte de Hermosillo (IDH) lanz\u00f3 una convocatoria para entronizar en el Sal\u00f3n de la Fama del Deportista de En Sonora en Equipo publicamos toda la informaci\u00f3n de Sonora, M\u00e9xico y el Mundo de manera oportuna y busca que la libertad de expresi\u00f3n sea real. Visita nuestro medio informativo publicado desde Hermosillo, Sonora. %\" \/>\n<meta name=\"robots\" content=\"index, follow, max-snippet:-1, max-image-preview:large, max-video-preview:-1\" \/>\n<link rel=\"canonical\" href=\"https:\/\/www.sonoraenequipo.com.mx\/convoca-idh-a-deportistas-con-discapacidad-a-ingresar-al-salon-de-la-fama-de-hermosillo\/\" \/>\n<meta property=\"og:locale\" content=\"es_ES\" \/>\n<meta property=\"og:type\" content=\"article\" \/>\n<meta property=\"og:title\" content=\"Sonora en Equipo. Convoca IDH a deportistas con discapacidad a ingresar al Sal\u00f3n de la Fama de Hermosillo Deportes\" \/>\n<meta property=\"og:description\" content=\"HERMOSILLO, SONORA, MX. \u2014 El Instituto del Deporte de Hermosillo (IDH) lanz\u00f3 una convocatoria para entronizar en el Sal\u00f3n de la Fama del Deportista de En Sonora en Equipo publicamos toda la informaci\u00f3n de Sonora, M\u00e9xico y el Mundo de manera oportuna y busca que la libertad de expresi\u00f3n sea real. Visita nuestro medio informativo publicado desde Hermosillo, Sonora. %\" \/>\n<meta property=\"og:url\" content=\"https:\/\/www.sonoraenequipo.com.mx\/convoca-idh-a-deportistas-con-discapacidad-a-ingresar-al-salon-de-la-fama-de-hermosillo\/\" \/>\n<meta property=\"og:site_name\" content=\"Sonora en Equipo.\" \/>\n<meta property=\"article:publisher\" content=\"https:\/\/www.facebook.com\/SonoraEE\/\" \/>\n<meta property=\"article:author\" content=\"https:\/\/www.facebook.com\/SonoraEE\" \/>\n<meta property=\"article:published_time\" content=\"2024-09-10T23:32:18+00:00\" \/>\n<meta property=\"og:image\" content=\"https:\/\/www.sonoraenequipo.com.mx\/storage\/2024\/09\/idh.jpg\" \/>\n\t<meta property=\"og:image:width\" content=\"600\" \/>\n\t<meta property=\"og:image:height\" content=\"400\" \/>\n\t<meta property=\"og:image:type\" content=\"image\/jpeg\" \/>\n<meta name=\"author\" content=\"enequipo\" \/>\n<meta name=\"twitter:card\" content=\"summary_large_image\" \/>\n<meta name=\"twitter:creator\" content=\"@sonoraenequipo\" \/>\n<meta name=\"twitter:site\" content=\"@sonoraenequipo\" \/>\n<meta name=\"twitter:label1\" content=\"Escrito por\" \/>\n\t<meta name=\"twitter:data1\" content=\"enequipo\" \/>\n\t<meta name=\"twitter:label2\" content=\"Tiempo de lectura\" \/>\n\t<meta name=\"twitter:data2\" content=\"1 minuto\" \/>\n<script type=\"application\/ld+json\" class=\"yoast-schema-graph\">{\"@context\":\"https:\/\/schema.org\",\"@graph\":[{\"@type\":\"Article\",\"@id\":\"https:\/\/www.sonoraenequipo.com.mx\/convoca-idh-a-deportistas-con-discapacidad-a-ingresar-al-salon-de-la-fama-de-hermosillo\/#article\",\"isPartOf\":{\"@id\":\"https:\/\/www.sonoraenequipo.com.mx\/convoca-idh-a-deportistas-con-discapacidad-a-ingresar-al-salon-de-la-fama-de-hermosillo\/\"},\"author\":{\"name\":\"enequipo\",\"@id\":\"https:\/\/www.sonoraenequipo.com.mx\/#\/schema\/person\/50102df0fb23a8fa9e8effad8fa81386\"},\"headline\":\"Convoca IDH a deportistas con discapacidad a ingresar al Sal\u00f3n de la Fama de Hermosillo\",\"datePublished\":\"2024-09-10T23:32:18+00:00\",\"mainEntityOfPage\":{\"@id\":\"https:\/\/www.sonoraenequipo.com.mx\/convoca-idh-a-deportistas-con-discapacidad-a-ingresar-al-salon-de-la-fama-de-hermosillo\/\"},\"wordCount\":312,\"commentCount\":0,\"publisher\":{\"@id\":\"https:\/\/www.sonoraenequipo.com.mx\/#organization\"},\"image\":{\"@id\":\"https:\/\/www.sonoraenequipo.com.mx\/convoca-idh-a-deportistas-con-discapacidad-a-ingresar-al-salon-de-la-fama-de-hermosillo\/#primaryimage\"},\"thumbnailUrl\":\"https:\/\/www.sonoraenequipo.com.mx\/storage\/2024\/09\/idh.jpg\",\"keywords\":[\"discapacitados\",\"fama\",\"hermosillo\",\"sal\u00f3n\"],\"articleSection\":[\"Deportes\"],\"inLanguage\":\"es\",\"potentialAction\":[{\"@type\":\"CommentAction\",\"name\":\"Comment\",\"target\":[\"https:\/\/www.sonoraenequipo.com.mx\/convoca-idh-a-deportistas-con-discapacidad-a-ingresar-al-salon-de-la-fama-de-hermosillo\/#respond\"]}]},{\"@type\":\"WebPage\",\"@id\":\"https:\/\/www.sonoraenequipo.com.mx\/convoca-idh-a-deportistas-con-discapacidad-a-ingresar-al-salon-de-la-fama-de-hermosillo\/\",\"url\":\"https:\/\/www.sonoraenequipo.com.mx\/convoca-idh-a-deportistas-con-discapacidad-a-ingresar-al-salon-de-la-fama-de-hermosillo\/\",\"name\":\"Sonora en Equipo. Convoca IDH a deportistas con discapacidad a ingresar al Sal\u00f3n de la Fama de Hermosillo Deportes\",\"isPartOf\":{\"@id\":\"https:\/\/www.sonoraenequipo.com.mx\/#website\"},\"primaryImageOfPage\":{\"@id\":\"https:\/\/www.sonoraenequipo.com.mx\/convoca-idh-a-deportistas-con-discapacidad-a-ingresar-al-salon-de-la-fama-de-hermosillo\/#primaryimage\"},\"image\":{\"@id\":\"https:\/\/www.sonoraenequipo.com.mx\/convoca-idh-a-deportistas-con-discapacidad-a-ingresar-al-salon-de-la-fama-de-hermosillo\/#primaryimage\"},\"thumbnailUrl\":\"https:\/\/www.sonoraenequipo.com.mx\/storage\/2024\/09\/idh.jpg\",\"datePublished\":\"2024-09-10T23:32:18+00:00\",\"description\":\"HERMOSILLO, SONORA, MX. \u2014 El Instituto del Deporte de Hermosillo (IDH) lanz\u00f3 una convocatoria para entronizar en el Sal\u00f3n de la Fama del Deportista de En Sonora en Equipo publicamos toda la informaci\u00f3n de Sonora, M\u00e9xico y el Mundo de manera oportuna y busca que la libertad de expresi\u00f3n sea real. Visita nuestro medio informativo publicado desde Hermosillo, Sonora. %\",\"breadcrumb\":{\"@id\":\"https:\/\/www.sonoraenequipo.com.mx\/convoca-idh-a-deportistas-con-discapacidad-a-ingresar-al-salon-de-la-fama-de-hermosillo\/#breadcrumb\"},\"inLanguage\":\"es\",\"potentialAction\":[{\"@type\":\"ReadAction\",\"target\":[\"https:\/\/www.sonoraenequipo.com.mx\/convoca-idh-a-deportistas-con-discapacidad-a-ingresar-al-salon-de-la-fama-de-hermosillo\/\"]}]},{\"@type\":\"ImageObject\",\"inLanguage\":\"es\",\"@id\":\"https:\/\/www.sonoraenequipo.com.mx\/convoca-idh-a-deportistas-con-discapacidad-a-ingresar-al-salon-de-la-fama-de-hermosillo\/#primaryimage\",\"url\":\"https:\/\/www.sonoraenequipo.com.mx\/storage\/2024\/09\/idh.jpg\",\"contentUrl\":\"https:\/\/www.sonoraenequipo.com.mx\/storage\/2024\/09\/idh.jpg\",\"width\":600,\"height\":400},{\"@type\":\"BreadcrumbList\",\"@id\":\"https:\/\/www.sonoraenequipo.com.mx\/convoca-idh-a-deportistas-con-discapacidad-a-ingresar-al-salon-de-la-fama-de-hermosillo\/#breadcrumb\",\"itemListElement\":[{\"@type\":\"ListItem\",\"position\":1,\"name\":\"Portada\",\"item\":\"https:\/\/www.sonoraenequipo.com.mx\/\"},{\"@type\":\"ListItem\",\"position\":2,\"name\":\"Convoca IDH a deportistas con discapacidad a ingresar al Sal\u00f3n de la Fama de Hermosillo\"}]},{\"@type\":\"WebSite\",\"@id\":\"https:\/\/www.sonoraenequipo.com.mx\/#website\",\"url\":\"https:\/\/www.sonoraenequipo.com.mx\/\",\"name\":\"Sonora en Equipo.\",\"description\":\"Diario en l\u00ednea con Noticias desde Hermosillo, Sonora\",\"publisher\":{\"@id\":\"https:\/\/www.sonoraenequipo.com.mx\/#organization\"},\"potentialAction\":[{\"@type\":\"SearchAction\",\"target\":{\"@type\":\"EntryPoint\",\"urlTemplate\":\"https:\/\/www.sonoraenequipo.com.mx\/?s={search_term_string}\"},\"query-input\":{\"@type\":\"PropertyValueSpecification\",\"valueRequired\":true,\"valueName\":\"search_term_string\"}}],\"inLanguage\":\"es\"},{\"@type\":\"Organization\",\"@id\":\"https:\/\/www.sonoraenequipo.com.mx\/#organization\",\"name\":\"Sonoraenequipo.com.mx\",\"url\":\"https:\/\/www.sonoraenequipo.com.mx\/\",\"logo\":{\"@type\":\"ImageObject\",\"inLanguage\":\"es\",\"@id\":\"https:\/\/www.sonoraenequipo.com.mx\/#\/schema\/logo\/image\/\",\"url\":\"https:\/\/www.sonoraenequipo.com.mx\/storage\/2019\/01\/sonoraenequipo_opt.png\",\"contentUrl\":\"https:\/\/www.sonoraenequipo.com.mx\/storage\/2019\/01\/sonoraenequipo_opt.png\",\"width\":375,\"height\":125,\"caption\":\"Sonoraenequipo.com.mx\"},\"image\":{\"@id\":\"https:\/\/www.sonoraenequipo.com.mx\/#\/schema\/logo\/image\/\"},\"sameAs\":[\"https:\/\/www.facebook.com\/SonoraEE\/\",\"https:\/\/x.com\/sonoraenequipo\",\"https:\/\/www.youtube.com\/channel\/UC338nW-lPEYmJQs4ZABQ1SQ\"]},{\"@type\":\"Person\",\"@id\":\"https:\/\/www.sonoraenequipo.com.mx\/#\/schema\/person\/50102df0fb23a8fa9e8effad8fa81386\",\"name\":\"enequipo\",\"image\":{\"@type\":\"ImageObject\",\"inLanguage\":\"es\",\"@id\":\"https:\/\/www.sonoraenequipo.com.mx\/#\/schema\/person\/image\/\",\"url\":\"https:\/\/secure.gravatar.com\/avatar\/049821681b589dabc0bc20695993ccebb09f5b5d4d790cd9251b97faac7c652b?s=96&d=blank&r=g\",\"contentUrl\":\"https:\/\/secure.gravatar.com\/avatar\/049821681b589dabc0bc20695993ccebb09f5b5d4d790cd9251b97faac7c652b?s=96&d=blank&r=g\",\"caption\":\"enequipo\"},\"sameAs\":[\"https:\/\/www.facebook.com\/SonoraEE\"]}]}<\/script>\n ","yoast_head_json":{"title":"Sonora en Equipo. Convoca IDH a deportistas con discapacidad a ingresar al Sal\u00f3n de la Fama de Hermosillo Deportes","description":"HERMOSILLO, SONORA, MX. \u2014 El Instituto del Deporte de Hermosillo (IDH) lanz\u00f3 una convocatoria para entronizar en el Sal\u00f3n de la Fama del Deportista de En Sonora en Equipo publicamos toda la informaci\u00f3n de Sonora, M\u00e9xico y el Mundo de manera oportuna y busca que la libertad de expresi\u00f3n sea real. Visita nuestro medio informativo publicado desde Hermosillo, Sonora. %","robots":{"index":"index","follow":"follow","max-snippet":"max-snippet:-1","max-image-preview":"max-image-preview:large","max-video-preview":"max-video-preview:-1"},"canonical":"https:\/\/www.sonoraenequipo.com.mx\/convoca-idh-a-deportistas-con-discapacidad-a-ingresar-al-salon-de-la-fama-de-hermosillo\/","og_locale":"es_ES","og_type":"article","og_title":"Sonora en Equipo. Convoca IDH a deportistas con discapacidad a ingresar al Sal\u00f3n de la Fama de Hermosillo Deportes","og_description":"HERMOSILLO, SONORA, MX. \u2014 El Instituto del Deporte de Hermosillo (IDH) lanz\u00f3 una convocatoria para entronizar en el Sal\u00f3n de la Fama del Deportista de En Sonora en Equipo publicamos toda la informaci\u00f3n de Sonora, M\u00e9xico y el Mundo de manera oportuna y busca que la libertad de expresi\u00f3n sea real. Visita nuestro medio informativo publicado desde Hermosillo, Sonora. %","og_url":"https:\/\/www.sonoraenequipo.com.mx\/convoca-idh-a-deportistas-con-discapacidad-a-ingresar-al-salon-de-la-fama-de-hermosillo\/","og_site_name":"Sonora en Equipo.","article_publisher":"https:\/\/www.facebook.com\/SonoraEE\/","article_author":"https:\/\/www.facebook.com\/SonoraEE","article_published_time":"2024-09-10T23:32:18+00:00","og_image":[{"width":600,"height":400,"url":"https:\/\/www.sonoraenequipo.com.mx\/storage\/2024\/09\/idh.jpg","type":"image\/jpeg"}],"author":"enequipo","twitter_card":"summary_large_image","twitter_creator":"@sonoraenequipo","twitter_site":"@sonoraenequipo","twitter_misc":{"Escrito por":"enequipo","Tiempo de lectura":"1 minuto"},"schema":{"@context":"https:\/\/schema.org","@graph":[{"@type":"Article","@id":"https:\/\/www.sonoraenequipo.com.mx\/convoca-idh-a-deportistas-con-discapacidad-a-ingresar-al-salon-de-la-fama-de-hermosillo\/#article","isPartOf":{"@id":"https:\/\/www.sonoraenequipo.com.mx\/convoca-idh-a-deportistas-con-discapacidad-a-ingresar-al-salon-de-la-fama-de-hermosillo\/"},"author":{"name":"enequipo","@id":"https:\/\/www.sonoraenequipo.com.mx\/#\/schema\/person\/50102df0fb23a8fa9e8effad8fa81386"},"headline":"Convoca IDH a deportistas con discapacidad a ingresar al Sal\u00f3n de la Fama de Hermosillo","datePublished":"2024-09-10T23:32:18+00:00","mainEntityOfPage":{"@id":"https:\/\/www.sonoraenequipo.com.mx\/convoca-idh-a-deportistas-con-discapacidad-a-ingresar-al-salon-de-la-fama-de-hermosillo\/"},"wordCount":312,"commentCount":0,"publisher":{"@id":"https:\/\/www.sonoraenequipo.com.mx\/#organization"},"image":{"@id":"https:\/\/www.sonoraenequipo.com.mx\/convoca-idh-a-deportistas-con-discapacidad-a-ingresar-al-salon-de-la-fama-de-hermosillo\/#primaryimage"},"thumbnailUrl":"https:\/\/www.sonoraenequipo.com.mx\/storage\/2024\/09\/idh.jpg","keywords":["discapacitados","fama","hermosillo","sal\u00f3n"],"articleSection":["Deportes"],"inLanguage":"es","potentialAction":[{"@type":"CommentAction","name":"Comment","target":["https:\/\/www.sonoraenequipo.com.mx\/convoca-idh-a-deportistas-con-discapacidad-a-ingresar-al-salon-de-la-fama-de-hermosillo\/#respond"]}]},{"@type":"WebPage","@id":"https:\/\/www.sonoraenequipo.com.mx\/convoca-idh-a-deportistas-con-discapacidad-a-ingresar-al-salon-de-la-fama-de-hermosillo\/","url":"https:\/\/www.sonoraenequipo.com.mx\/convoca-idh-a-deportistas-con-discapacidad-a-ingresar-al-salon-de-la-fama-de-hermosillo\/","name":"Sonora en Equipo. Convoca IDH a deportistas con discapacidad a ingresar al Sal\u00f3n de la Fama de Hermosillo Deportes","isPartOf":{"@id":"https:\/\/www.sonoraenequipo.com.mx\/#website"},"primaryImageOfPage":{"@id":"https:\/\/www.sonoraenequipo.com.mx\/convoca-idh-a-deportistas-con-discapacidad-a-ingresar-al-salon-de-la-fama-de-hermosillo\/#primaryimage"},"image":{"@id":"https:\/\/www.sonoraenequipo.com.mx\/convoca-idh-a-deportistas-con-discapacidad-a-ingresar-al-salon-de-la-fama-de-hermosillo\/#primaryimage"},"thumbnailUrl":"https:\/\/www.sonoraenequipo.com.mx\/storage\/2024\/09\/idh.jpg","datePublished":"2024-09-10T23:32:18+00:00","description":"HERMOSILLO, SONORA, MX. \u2014 El Instituto del Deporte de Hermosillo (IDH) lanz\u00f3 una convocatoria para entronizar en el Sal\u00f3n de la Fama del Deportista de En Sonora en Equipo publicamos toda la informaci\u00f3n de Sonora, M\u00e9xico y el Mundo de manera oportuna y busca que la libertad de expresi\u00f3n sea real. Visita nuestro medio informativo publicado desde Hermosillo, Sonora. %","breadcrumb":{"@id":"https:\/\/www.sonoraenequipo.com.mx\/convoca-idh-a-deportistas-con-discapacidad-a-ingresar-al-salon-de-la-fama-de-hermosillo\/#breadcrumb"},"inLanguage":"es","potentialAction":[{"@type":"ReadAction","target":["https:\/\/www.sonoraenequipo.com.mx\/convoca-idh-a-deportistas-con-discapacidad-a-ingresar-al-salon-de-la-fama-de-hermosillo\/"]}]},{"@type":"ImageObject","inLanguage":"es","@id":"https:\/\/www.sonoraenequipo.com.mx\/convoca-idh-a-deportistas-con-discapacidad-a-ingresar-al-salon-de-la-fama-de-hermosillo\/#primaryimage","url":"https:\/\/www.sonoraenequipo.com.mx\/storage\/2024\/09\/idh.jpg","contentUrl":"https:\/\/www.sonoraenequipo.com.mx\/storage\/2024\/09\/idh.jpg","width":600,"height":400},{"@type":"BreadcrumbList","@id":"https:\/\/www.sonoraenequipo.com.mx\/convoca-idh-a-deportistas-con-discapacidad-a-ingresar-al-salon-de-la-fama-de-hermosillo\/#breadcrumb","itemListElement":[{"@type":"ListItem","position":1,"name":"Portada","item":"https:\/\/www.sonoraenequipo.com.mx\/"},{"@type":"ListItem","position":2,"name":"Convoca IDH a deportistas con discapacidad a ingresar al Sal\u00f3n de la Fama de Hermosillo"}]},{"@type":"WebSite","@id":"https:\/\/www.sonoraenequipo.com.mx\/#website","url":"https:\/\/www.sonoraenequipo.com.mx\/","name":"Sonora en Equipo.","description":"Diario en l\u00ednea con Noticias desde Hermosillo, Sonora","publisher":{"@id":"https:\/\/www.sonoraenequipo.com.mx\/#organization"},"potentialAction":[{"@type":"SearchAction","target":{"@type":"EntryPoint","urlTemplate":"https:\/\/www.sonoraenequipo.com.mx\/?s={search_term_string}"},"query-input":{"@type":"PropertyValueSpecification","valueRequired":true,"valueName":"search_term_string"}}],"inLanguage":"es"},{"@type":"Organization","@id":"https:\/\/www.sonoraenequipo.com.mx\/#organization","name":"Sonoraenequipo.com.mx","url":"https:\/\/www.sonoraenequipo.com.mx\/","logo":{"@type":"ImageObject","inLanguage":"es","@id":"https:\/\/www.sonoraenequipo.com.mx\/#\/schema\/logo\/image\/","url":"https:\/\/www.sonoraenequipo.com.mx\/storage\/2019\/01\/sonoraenequipo_opt.png","contentUrl":"https:\/\/www.sonoraenequipo.com.mx\/storage\/2019\/01\/sonoraenequipo_opt.png","width":375,"height":125,"caption":"Sonoraenequipo.com.mx"},"image":{"@id":"https:\/\/www.sonoraenequipo.com.mx\/#\/schema\/logo\/image\/"},"sameAs":["https:\/\/www.facebook.com\/SonoraEE\/","https:\/\/x.com\/sonoraenequipo","https:\/\/www.youtube.com\/channel\/UC338nW-lPEYmJQs4ZABQ1SQ"]},{"@type":"Person","@id":"https:\/\/www.sonoraenequipo.com.mx\/#\/schema\/person\/50102df0fb23a8fa9e8effad8fa81386","name":"enequipo","image":{"@type":"ImageObject","inLanguage":"es","@id":"https:\/\/www.sonoraenequipo.com.mx\/#\/schema\/person\/image\/","url":"https:\/\/secure.gravatar.com\/avatar\/049821681b589dabc0bc20695993ccebb09f5b5d4d790cd9251b97faac7c652b?s=96&d=blank&r=g","contentUrl":"https:\/\/secure.gravatar.com\/avatar\/049821681b589dabc0bc20695993ccebb09f5b5d4d790cd9251b97faac7c652b?s=96&d=blank&r=g","caption":"enequipo"},"sameAs":["https:\/\/www.facebook.com\/SonoraEE"]}]}},"jetpack_featured_media_url":"https:\/\/www.sonoraenequipo.com.mx\/storage\/2024\/09\/idh.jpg","_links":{"self":[{"href":"https:\/\/www.sonoraenequipo.com.mx\/api\/wp\/v2\/posts\/198883","targetHints":{"allow":["GET"]}}],"collection":[{"href":"https:\/\/www.sonoraenequipo.com.mx\/api\/wp\/v2\/posts"}],"about":[{"href":"https:\/\/www.sonoraenequipo.com.mx\/api\/wp\/v2\/types\/post"}],"author":[{"embeddable":true,"href":"https:\/\/www.sonoraenequipo.com.mx\/api\/wp\/v2\/users\/1"}],"replies":[{"embeddable":true,"href":"https:\/\/www.sonoraenequipo.com.mx\/api\/wp\/v2\/comments?post=198883"}],"version-history":[{"count":1,"href":"https:\/\/www.sonoraenequipo.com.mx\/api\/wp\/v2\/posts\/198883\/revisions"}],"predecessor-version":[{"id":198891,"href":"https:\/\/www.sonoraenequipo.com.mx\/api\/wp\/v2\/posts\/198883\/revisions\/198891"}],"wp:featuredmedia":[{"embeddable":true,"href":"https:\/\/www.sonoraenequipo.com.mx\/api\/wp\/v2\/media\/198889"}],"wp:attachment":[{"href":"https:\/\/www.sonoraenequipo.com.mx\/api\/wp\/v2\/media?parent=198883"}],"wp:term":[{"taxonomy":"category","embeddable":true,"href":"https:\/\/www.sonoraenequipo.com.mx\/api\/wp\/v2\/categories?post=198883"},{"taxonomy":"post_tag","embeddable":true,"href":"https:\/\/www.sonoraenequipo.com.mx\/api\/wp\/v2\/tags?post=198883"}],"curies":[{"name":"wp","href":"https:\/\/api.w.org\/{rel}","templated":true}]}}