{"id":198890,"date":"2024-09-10T21:53:24","date_gmt":"2024-09-11T04:53:24","guid":{"rendered":"https:\/\/www.sonoraenequipo.com.mx\/?p=198890"},"modified":"2024-09-10T21:53:27","modified_gmt":"2024-09-11T04:53:27","slug":"el-poder-judicial-violenta-el-senado-y-obliga-a-cambio-de-sede-para-votacion-de-reforma-judicial","status":"publish","type":"post","link":"https:\/\/www.sonoraenequipo.com.mx\/el-poder-judicial-violenta-el-senado-y-obliga-a-cambio-de-sede-para-votacion-de-reforma-judicial\/","title":{"rendered":"El poder judicial violenta el Senado y obliga a cambio de sede para votaci\u00f3n de Reforma Judicial"},"content":{"rendered":"<p><strong>CIUDAD DE M\u00c9XICO. MX. \u2014<\/strong> En medio de la discusi\u00f3n sobre la reforma al Poder Judicial, personal del Poder Judicial y manifestantes que los apoyan irrumpieron en las instalaciones del Senado ubicadas en Paseo de la Reforma.<\/p>\n<p>&nbsp;<\/p>\n<p>&nbsp;<\/p>\n<p> <br \/>\nSe trata de trabajadores del Poder Judicial de la Federaci\u00f3n (PJF) que al grito de<em><strong> \u201cel Poder Judicial no va a caer, no va a caer\u201d<\/strong><\/em>, que buscan frenar el debate que comenz\u00f3 despu\u00e9s de las 14:30 horas.<\/p>\n<blockquote class=\"twitter-tweet\" data-width=\"550\" data-dnt=\"true\">\n<p lang=\"es\" dir=\"ltr\">Ahora, los manifestantes se dirigen al segundo piso del <a href=\"https:\/\/twitter.com\/senadomexicano?ref_src=twsrc%5Etfw\">@senadomexicano<\/a> donde est\u00e1n otros accesos al pleno del <a href=\"https:\/\/twitter.com\/senadomexicano?ref_src=twsrc%5Etfw\">@senadomexicano<\/a> , que acaba de suspender la sesi\u00f3n del pleno. <a href=\"https:\/\/t.co\/2c6WfZOI3P\">pic.twitter.com\/2c6WfZOI3P<\/a><\/p>\n<p>&mdash; Leti RoblesdelaRosa (@letroblesrosa) <a href=\"https:\/\/twitter.com\/letroblesrosa\/status\/1833634322190098934?ref_src=twsrc%5Etfw\">September 10, 2024<\/a><\/p><\/blockquote>\n<p><script async src=\"https:\/\/platform.twitter.com\/widgets.js\" charset=\"utf-8\"><\/script><\/p>\n<p>Ante ello, el presidente de la Mesa Directiva del Senado, Gerardo Fern\u00e1ndez Noro\u00f1a, decret\u00f3 un receso tras informar a los legisladores que los manifestantes ya se encontraban en la explanada principal.<\/p>\n<p>&nbsp;<\/p>\n<p><em><strong>\u201cTenemos informaci\u00f3n de que ingres\u00f3 un n\u00famero de manifestantes al interior de este inmueble, est\u00e1n en la explanada principal\u201d,<\/strong><\/em> dijo.<\/p>\n<blockquote class=\"twitter-tweet\" data-width=\"550\" data-dnt=\"true\">\n<p lang=\"es\" dir=\"ltr\">Lanz\u00e1ndoles un tipo de espuma, personal de resguardo del Senado intent\u00f3 detener la entrada de los manifestantes. <a href=\"https:\/\/t.co\/xHPc2XDIki\">pic.twitter.com\/xHPc2XDIki<\/a><\/p>\n<p>&mdash; Ilse Aguilar (@Ilse_Asecas) <a href=\"https:\/\/twitter.com\/Ilse_Asecas\/status\/1833636071688835270?ref_src=twsrc%5Etfw\">September 10, 2024<\/a><\/p><\/blockquote>\n<p><script async src=\"https:\/\/platform.twitter.com\/widgets.js\" charset=\"utf-8\"><\/script><\/p>\n<p>En videos difundidos en redes sociales se puede observar el momento en que personal de Resguardo Parlamentario les lanzan el l\u00edquido de extintor a los trabajadores para impedir que sigan avanzando.<\/p>\n<p>&nbsp;<\/p>\n<p>Sin embargo, momentos m\u00e1s tarde lograron ingresar hasta el sal\u00f3n de sesiones, donde continuaron con algunas consignas como \u201ca d\u00f3nde est\u00e1n los senadores que nos iban a escuchar\u201d.<\/p>\n<p>&nbsp;<\/p>\n<p>De momento, la Mesa Directiva del Senado no ha informado si retomar\u00e1n la sesi\u00f3n o cambiar\u00e1n de sede para continuar con la discusi\u00f3n del dictamen.<\/p>\n<p>&nbsp;<\/p>\n<p>&nbsp;<\/p>\n<p>PUBLICADO EL 10 SEPTIEMBRE DE 2024 Con informaci\u00f3n de redes sociales)<\/p>\n","protected":false},"excerpt":{"rendered":"<p>CIUDAD DE M\u00c9XICO. MX. \u2014 En medio de la discusi\u00f3n sobre la reforma al Poder&#8230;<\/p>\n","protected":false},"author":1,"featured_media":0,"comment_status":"open","ping_status":"open","sticky":false,"template":"","format":"standard","meta":{"_monsterinsights_skip_tracking":false,"_monsterinsights_sitenote_active":false,"_monsterinsights_sitenote_note":"","_monsterinsights_sitenote_category":0,"footnotes":""},"categories":[5],"tags":[],"class_list":["post"],"yoast_head":" \n<title>Sonora en Equipo. El poder judicial violenta el Senado y obliga a cambio de sede para votaci\u00f3n de Reforma Judicial Rep\u00fablica<\/title>\n<meta name=\"description\" content=\"CIUDAD DE M\u00c9XICO. MX. \u2014 En medio de la discusi\u00f3n sobre la reforma al Poder Judicial, personal del Poder Judicial y manifestantes que los apoyan En Sonora en Equipo publicamos toda la informaci\u00f3n de Sonora, M\u00e9xico y el Mundo de manera oportuna y busca que la libertad de expresi\u00f3n sea real. Visita nuestro medio informativo publicado desde Hermosillo, Sonora. %\" \/>\n<meta name=\"robots\" content=\"index, follow, max-snippet:-1, max-image-preview:large, max-video-preview:-1\" \/>\n<link rel=\"canonical\" href=\"https:\/\/www.sonoraenequipo.com.mx\/el-poder-judicial-violenta-el-senado-y-obliga-a-cambio-de-sede-para-votacion-de-reforma-judicial\/\" \/>\n<meta property=\"og:locale\" content=\"es_ES\" \/>\n<meta property=\"og:type\" content=\"article\" \/>\n<meta property=\"og:title\" content=\"Sonora en Equipo. El poder judicial violenta el Senado y obliga a cambio de sede para votaci\u00f3n de Reforma Judicial Rep\u00fablica\" \/>\n<meta property=\"og:description\" content=\"CIUDAD DE M\u00c9XICO. MX. \u2014 En medio de la discusi\u00f3n sobre la reforma al Poder Judicial, personal del Poder Judicial y manifestantes que los apoyan En Sonora en Equipo publicamos toda la informaci\u00f3n de Sonora, M\u00e9xico y el Mundo de manera oportuna y busca que la libertad de expresi\u00f3n sea real. Visita nuestro medio informativo publicado desde Hermosillo, Sonora. %\" \/>\n<meta property=\"og:url\" content=\"https:\/\/www.sonoraenequipo.com.mx\/el-poder-judicial-violenta-el-senado-y-obliga-a-cambio-de-sede-para-votacion-de-reforma-judicial\/\" \/>\n<meta property=\"og:site_name\" content=\"Sonora en Equipo.\" \/>\n<meta property=\"article:publisher\" content=\"https:\/\/www.facebook.com\/SonoraEE\/\" \/>\n<meta property=\"article:author\" content=\"https:\/\/www.facebook.com\/SonoraEE\" \/>\n<meta property=\"article:published_time\" content=\"2024-09-11T04:53:24+00:00\" \/>\n<meta property=\"article:modified_time\" content=\"2024-09-11T04:53:27+00:00\" \/>\n<meta name=\"author\" content=\"enequipo\" \/>\n<meta name=\"twitter:card\" content=\"summary_large_image\" \/>\n<meta name=\"twitter:creator\" content=\"@sonoraenequipo\" \/>\n<meta name=\"twitter:site\" content=\"@sonoraenequipo\" \/>\n<meta name=\"twitter:label1\" content=\"Escrito por\" \/>\n\t<meta name=\"twitter:data1\" content=\"enequipo\" \/>\n\t<meta name=\"twitter:label2\" content=\"Tiempo de lectura\" \/>\n\t<meta name=\"twitter:data2\" content=\"1 minuto\" \/>\n<script type=\"application\/ld+json\" class=\"yoast-schema-graph\">{\"@context\":\"https:\/\/schema.org\",\"@graph\":[{\"@type\":\"Article\",\"@id\":\"https:\/\/www.sonoraenequipo.com.mx\/el-poder-judicial-violenta-el-senado-y-obliga-a-cambio-de-sede-para-votacion-de-reforma-judicial\/#article\",\"isPartOf\":{\"@id\":\"https:\/\/www.sonoraenequipo.com.mx\/el-poder-judicial-violenta-el-senado-y-obliga-a-cambio-de-sede-para-votacion-de-reforma-judicial\/\"},\"author\":{\"name\":\"enequipo\",\"@id\":\"https:\/\/www.sonoraenequipo.com.mx\/#\/schema\/person\/50102df0fb23a8fa9e8effad8fa81386\"},\"headline\":\"El poder judicial violenta el Senado y obliga a cambio de sede para votaci\u00f3n de Reforma Judicial\",\"datePublished\":\"2024-09-11T04:53:24+00:00\",\"dateModified\":\"2024-09-11T04:53:27+00:00\",\"mainEntityOfPage\":{\"@id\":\"https:\/\/www.sonoraenequipo.com.mx\/el-poder-judicial-violenta-el-senado-y-obliga-a-cambio-de-sede-para-votacion-de-reforma-judicial\/\"},\"wordCount\":272,\"commentCount\":0,\"publisher\":{\"@id\":\"https:\/\/www.sonoraenequipo.com.mx\/#organization\"},\"articleSection\":[\"Rep\u00fablica\"],\"inLanguage\":\"es\",\"potentialAction\":[{\"@type\":\"CommentAction\",\"name\":\"Comment\",\"target\":[\"https:\/\/www.sonoraenequipo.com.mx\/el-poder-judicial-violenta-el-senado-y-obliga-a-cambio-de-sede-para-votacion-de-reforma-judicial\/#respond\"]}]},{\"@type\":\"WebPage\",\"@id\":\"https:\/\/www.sonoraenequipo.com.mx\/el-poder-judicial-violenta-el-senado-y-obliga-a-cambio-de-sede-para-votacion-de-reforma-judicial\/\",\"url\":\"https:\/\/www.sonoraenequipo.com.mx\/el-poder-judicial-violenta-el-senado-y-obliga-a-cambio-de-sede-para-votacion-de-reforma-judicial\/\",\"name\":\"Sonora en Equipo. El poder judicial violenta el Senado y obliga a cambio de sede para votaci\u00f3n de Reforma Judicial Rep\u00fablica\",\"isPartOf\":{\"@id\":\"https:\/\/www.sonoraenequipo.com.mx\/#website\"},\"datePublished\":\"2024-09-11T04:53:24+00:00\",\"dateModified\":\"2024-09-11T04:53:27+00:00\",\"description\":\"CIUDAD DE M\u00c9XICO. MX. \u2014 En medio de la discusi\u00f3n sobre la reforma al Poder Judicial, personal del Poder Judicial y manifestantes que los apoyan En Sonora en Equipo publicamos toda la informaci\u00f3n de Sonora, M\u00e9xico y el Mundo de manera oportuna y busca que la libertad de expresi\u00f3n sea real. Visita nuestro medio informativo publicado desde Hermosillo, Sonora. %\",\"breadcrumb\":{\"@id\":\"https:\/\/www.sonoraenequipo.com.mx\/el-poder-judicial-violenta-el-senado-y-obliga-a-cambio-de-sede-para-votacion-de-reforma-judicial\/#breadcrumb\"},\"inLanguage\":\"es\",\"potentialAction\":[{\"@type\":\"ReadAction\",\"target\":[\"https:\/\/www.sonoraenequipo.com.mx\/el-poder-judicial-violenta-el-senado-y-obliga-a-cambio-de-sede-para-votacion-de-reforma-judicial\/\"]}]},{\"@type\":\"BreadcrumbList\",\"@id\":\"https:\/\/www.sonoraenequipo.com.mx\/el-poder-judicial-violenta-el-senado-y-obliga-a-cambio-de-sede-para-votacion-de-reforma-judicial\/#breadcrumb\",\"itemListElement\":[{\"@type\":\"ListItem\",\"position\":1,\"name\":\"Portada\",\"item\":\"https:\/\/www.sonoraenequipo.com.mx\/\"},{\"@type\":\"ListItem\",\"position\":2,\"name\":\"El poder judicial violenta el Senado y obliga a cambio de sede para votaci\u00f3n de Reforma Judicial\"}]},{\"@type\":\"WebSite\",\"@id\":\"https:\/\/www.sonoraenequipo.com.mx\/#website\",\"url\":\"https:\/\/www.sonoraenequipo.com.mx\/\",\"name\":\"Sonora en Equipo.\",\"description\":\"Diario en l\u00ednea con Noticias desde Hermosillo, Sonora\",\"publisher\":{\"@id\":\"https:\/\/www.sonoraenequipo.com.mx\/#organization\"},\"potentialAction\":[{\"@type\":\"SearchAction\",\"target\":{\"@type\":\"EntryPoint\",\"urlTemplate\":\"https:\/\/www.sonoraenequipo.com.mx\/?s={search_term_string}\"},\"query-input\":{\"@type\":\"PropertyValueSpecification\",\"valueRequired\":true,\"valueName\":\"search_term_string\"}}],\"inLanguage\":\"es\"},{\"@type\":\"Organization\",\"@id\":\"https:\/\/www.sonoraenequipo.com.mx\/#organization\",\"name\":\"Sonoraenequipo.com.mx\",\"url\":\"https:\/\/www.sonoraenequipo.com.mx\/\",\"logo\":{\"@type\":\"ImageObject\",\"inLanguage\":\"es\",\"@id\":\"https:\/\/www.sonoraenequipo.com.mx\/#\/schema\/logo\/image\/\",\"url\":\"https:\/\/www.sonoraenequipo.com.mx\/storage\/2019\/01\/sonoraenequipo_opt.png\",\"contentUrl\":\"https:\/\/www.sonoraenequipo.com.mx\/storage\/2019\/01\/sonoraenequipo_opt.png\",\"width\":375,\"height\":125,\"caption\":\"Sonoraenequipo.com.mx\"},\"image\":{\"@id\":\"https:\/\/www.sonoraenequipo.com.mx\/#\/schema\/logo\/image\/\"},\"sameAs\":[\"https:\/\/www.facebook.com\/SonoraEE\/\",\"https:\/\/x.com\/sonoraenequipo\",\"https:\/\/www.youtube.com\/channel\/UC338nW-lPEYmJQs4ZABQ1SQ\"]},{\"@type\":\"Person\",\"@id\":\"https:\/\/www.sonoraenequipo.com.mx\/#\/schema\/person\/50102df0fb23a8fa9e8effad8fa81386\",\"name\":\"enequipo\",\"image\":{\"@type\":\"ImageObject\",\"inLanguage\":\"es\",\"@id\":\"https:\/\/www.sonoraenequipo.com.mx\/#\/schema\/person\/image\/\",\"url\":\"https:\/\/secure.gravatar.com\/avatar\/049821681b589dabc0bc20695993ccebb09f5b5d4d790cd9251b97faac7c652b?s=96&d=blank&r=g\",\"contentUrl\":\"https:\/\/secure.gravatar.com\/avatar\/049821681b589dabc0bc20695993ccebb09f5b5d4d790cd9251b97faac7c652b?s=96&d=blank&r=g\",\"caption\":\"enequipo\"},\"sameAs\":[\"https:\/\/www.facebook.com\/SonoraEE\"]}]}<\/script>\n ","yoast_head_json":{"title":"Sonora en Equipo. El poder judicial violenta el Senado y obliga a cambio de sede para votaci\u00f3n de Reforma Judicial Rep\u00fablica","description":"CIUDAD DE M\u00c9XICO. MX. \u2014 En medio de la discusi\u00f3n sobre la reforma al Poder Judicial, personal del Poder Judicial y manifestantes que los apoyan En Sonora en Equipo publicamos toda la informaci\u00f3n de Sonora, M\u00e9xico y el Mundo de manera oportuna y busca que la libertad de expresi\u00f3n sea real. Visita nuestro medio informativo publicado desde Hermosillo, Sonora. %","robots":{"index":"index","follow":"follow","max-snippet":"max-snippet:-1","max-image-preview":"max-image-preview:large","max-video-preview":"max-video-preview:-1"},"canonical":"https:\/\/www.sonoraenequipo.com.mx\/el-poder-judicial-violenta-el-senado-y-obliga-a-cambio-de-sede-para-votacion-de-reforma-judicial\/","og_locale":"es_ES","og_type":"article","og_title":"Sonora en Equipo. El poder judicial violenta el Senado y obliga a cambio de sede para votaci\u00f3n de Reforma Judicial Rep\u00fablica","og_description":"CIUDAD DE M\u00c9XICO. MX. \u2014 En medio de la discusi\u00f3n sobre la reforma al Poder Judicial, personal del Poder Judicial y manifestantes que los apoyan En Sonora en Equipo publicamos toda la informaci\u00f3n de Sonora, M\u00e9xico y el Mundo de manera oportuna y busca que la libertad de expresi\u00f3n sea real. Visita nuestro medio informativo publicado desde Hermosillo, Sonora. %","og_url":"https:\/\/www.sonoraenequipo.com.mx\/el-poder-judicial-violenta-el-senado-y-obliga-a-cambio-de-sede-para-votacion-de-reforma-judicial\/","og_site_name":"Sonora en Equipo.","article_publisher":"https:\/\/www.facebook.com\/SonoraEE\/","article_author":"https:\/\/www.facebook.com\/SonoraEE","article_published_time":"2024-09-11T04:53:24+00:00","article_modified_time":"2024-09-11T04:53:27+00:00","author":"enequipo","twitter_card":"summary_large_image","twitter_creator":"@sonoraenequipo","twitter_site":"@sonoraenequipo","twitter_misc":{"Escrito por":"enequipo","Tiempo de lectura":"1 minuto"},"schema":{"@context":"https:\/\/schema.org","@graph":[{"@type":"Article","@id":"https:\/\/www.sonoraenequipo.com.mx\/el-poder-judicial-violenta-el-senado-y-obliga-a-cambio-de-sede-para-votacion-de-reforma-judicial\/#article","isPartOf":{"@id":"https:\/\/www.sonoraenequipo.com.mx\/el-poder-judicial-violenta-el-senado-y-obliga-a-cambio-de-sede-para-votacion-de-reforma-judicial\/"},"author":{"name":"enequipo","@id":"https:\/\/www.sonoraenequipo.com.mx\/#\/schema\/person\/50102df0fb23a8fa9e8effad8fa81386"},"headline":"El poder judicial violenta el Senado y obliga a cambio de sede para votaci\u00f3n de Reforma Judicial","datePublished":"2024-09-11T04:53:24+00:00","dateModified":"2024-09-11T04:53:27+00:00","mainEntityOfPage":{"@id":"https:\/\/www.sonoraenequipo.com.mx\/el-poder-judicial-violenta-el-senado-y-obliga-a-cambio-de-sede-para-votacion-de-reforma-judicial\/"},"wordCount":272,"commentCount":0,"publisher":{"@id":"https:\/\/www.sonoraenequipo.com.mx\/#organization"},"articleSection":["Rep\u00fablica"],"inLanguage":"es","potentialAction":[{"@type":"CommentAction","name":"Comment","target":["https:\/\/www.sonoraenequipo.com.mx\/el-poder-judicial-violenta-el-senado-y-obliga-a-cambio-de-sede-para-votacion-de-reforma-judicial\/#respond"]}]},{"@type":"WebPage","@id":"https:\/\/www.sonoraenequipo.com.mx\/el-poder-judicial-violenta-el-senado-y-obliga-a-cambio-de-sede-para-votacion-de-reforma-judicial\/","url":"https:\/\/www.sonoraenequipo.com.mx\/el-poder-judicial-violenta-el-senado-y-obliga-a-cambio-de-sede-para-votacion-de-reforma-judicial\/","name":"Sonora en Equipo. El poder judicial violenta el Senado y obliga a cambio de sede para votaci\u00f3n de Reforma Judicial Rep\u00fablica","isPartOf":{"@id":"https:\/\/www.sonoraenequipo.com.mx\/#website"},"datePublished":"2024-09-11T04:53:24+00:00","dateModified":"2024-09-11T04:53:27+00:00","description":"CIUDAD DE M\u00c9XICO. MX. \u2014 En medio de la discusi\u00f3n sobre la reforma al Poder Judicial, personal del Poder Judicial y manifestantes que los apoyan En Sonora en Equipo publicamos toda la informaci\u00f3n de Sonora, M\u00e9xico y el Mundo de manera oportuna y busca que la libertad de expresi\u00f3n sea real. Visita nuestro medio informativo publicado desde Hermosillo, Sonora. %","breadcrumb":{"@id":"https:\/\/www.sonoraenequipo.com.mx\/el-poder-judicial-violenta-el-senado-y-obliga-a-cambio-de-sede-para-votacion-de-reforma-judicial\/#breadcrumb"},"inLanguage":"es","potentialAction":[{"@type":"ReadAction","target":["https:\/\/www.sonoraenequipo.com.mx\/el-poder-judicial-violenta-el-senado-y-obliga-a-cambio-de-sede-para-votacion-de-reforma-judicial\/"]}]},{"@type":"BreadcrumbList","@id":"https:\/\/www.sonoraenequipo.com.mx\/el-poder-judicial-violenta-el-senado-y-obliga-a-cambio-de-sede-para-votacion-de-reforma-judicial\/#breadcrumb","itemListElement":[{"@type":"ListItem","position":1,"name":"Portada","item":"https:\/\/www.sonoraenequipo.com.mx\/"},{"@type":"ListItem","position":2,"name":"El poder judicial violenta el Senado y obliga a cambio de sede para votaci\u00f3n de Reforma Judicial"}]},{"@type":"WebSite","@id":"https:\/\/www.sonoraenequipo.com.mx\/#website","url":"https:\/\/www.sonoraenequipo.com.mx\/","name":"Sonora en Equipo.","description":"Diario en l\u00ednea con Noticias desde Hermosillo, Sonora","publisher":{"@id":"https:\/\/www.sonoraenequipo.com.mx\/#organization"},"potentialAction":[{"@type":"SearchAction","target":{"@type":"EntryPoint","urlTemplate":"https:\/\/www.sonoraenequipo.com.mx\/?s={search_term_string}"},"query-input":{"@type":"PropertyValueSpecification","valueRequired":true,"valueName":"search_term_string"}}],"inLanguage":"es"},{"@type":"Organization","@id":"https:\/\/www.sonoraenequipo.com.mx\/#organization","name":"Sonoraenequipo.com.mx","url":"https:\/\/www.sonoraenequipo.com.mx\/","logo":{"@type":"ImageObject","inLanguage":"es","@id":"https:\/\/www.sonoraenequipo.com.mx\/#\/schema\/logo\/image\/","url":"https:\/\/www.sonoraenequipo.com.mx\/storage\/2019\/01\/sonoraenequipo_opt.png","contentUrl":"https:\/\/www.sonoraenequipo.com.mx\/storage\/2019\/01\/sonoraenequipo_opt.png","width":375,"height":125,"caption":"Sonoraenequipo.com.mx"},"image":{"@id":"https:\/\/www.sonoraenequipo.com.mx\/#\/schema\/logo\/image\/"},"sameAs":["https:\/\/www.facebook.com\/SonoraEE\/","https:\/\/x.com\/sonoraenequipo","https:\/\/www.youtube.com\/channel\/UC338nW-lPEYmJQs4ZABQ1SQ"]},{"@type":"Person","@id":"https:\/\/www.sonoraenequipo.com.mx\/#\/schema\/person\/50102df0fb23a8fa9e8effad8fa81386","name":"enequipo","image":{"@type":"ImageObject","inLanguage":"es","@id":"https:\/\/www.sonoraenequipo.com.mx\/#\/schema\/person\/image\/","url":"https:\/\/secure.gravatar.com\/avatar\/049821681b589dabc0bc20695993ccebb09f5b5d4d790cd9251b97faac7c652b?s=96&d=blank&r=g","contentUrl":"https:\/\/secure.gravatar.com\/avatar\/049821681b589dabc0bc20695993ccebb09f5b5d4d790cd9251b97faac7c652b?s=96&d=blank&r=g","caption":"enequipo"},"sameAs":["https:\/\/www.facebook.com\/SonoraEE"]}]}},"jetpack_featured_media_url":"","_links":{"self":[{"href":"https:\/\/www.sonoraenequipo.com.mx\/api\/wp\/v2\/posts\/198890","targetHints":{"allow":["GET"]}}],"collection":[{"href":"https:\/\/www.sonoraenequipo.com.mx\/api\/wp\/v2\/posts"}],"about":[{"href":"https:\/\/www.sonoraenequipo.com.mx\/api\/wp\/v2\/types\/post"}],"author":[{"embeddable":true,"href":"https:\/\/www.sonoraenequipo.com.mx\/api\/wp\/v2\/users\/1"}],"replies":[{"embeddable":true,"href":"https:\/\/www.sonoraenequipo.com.mx\/api\/wp\/v2\/comments?post=198890"}],"version-history":[{"count":1,"href":"https:\/\/www.sonoraenequipo.com.mx\/api\/wp\/v2\/posts\/198890\/revisions"}],"predecessor-version":[{"id":198899,"href":"https:\/\/www.sonoraenequipo.com.mx\/api\/wp\/v2\/posts\/198890\/revisions\/198899"}],"wp:attachment":[{"href":"https:\/\/www.sonoraenequipo.com.mx\/api\/wp\/v2\/media?parent=198890"}],"wp:term":[{"taxonomy":"category","embeddable":true,"href":"https:\/\/www.sonoraenequipo.com.mx\/api\/wp\/v2\/categories?post=198890"},{"taxonomy":"post_tag","embeddable":true,"href":"https:\/\/www.sonoraenequipo.com.mx\/api\/wp\/v2\/tags?post=198890"}],"curies":[{"name":"wp","href":"https:\/\/api.w.org\/{rel}","templated":true}]}}