{"id":198893,"date":"2024-09-10T17:38:44","date_gmt":"2024-09-11T00:38:44","guid":{"rendered":"https:\/\/www.sonoraenequipo.com.mx\/?p=198893"},"modified":"2024-09-10T21:51:51","modified_gmt":"2024-09-11T04:51:51","slug":"participa-sonora-en-tianguis-nacional-de-pueblos-y-barrios-magicos-2024-en-veracruz","status":"publish","type":"post","link":"https:\/\/www.sonoraenequipo.com.mx\/participa-sonora-en-tianguis-nacional-de-pueblos-y-barrios-magicos-2024-en-veracruz\/","title":{"rendered":"Participa Sonora en Tianguis Nacional de Pueblos y Barrios M\u00e1gicos 2024 en Veracruz"},"content":{"rendered":"<p><strong>BOCA DEL RI\u00cdO, VERACRUZ. MX. \u2014<\/strong> El Gobierno de Sonora, a trav\u00e9s de la Secretar\u00eda de Turismo (Sectur), est\u00e1 presente en la sexta edici\u00f3n del Tianguis Nacional de Pueblos y Barrios M\u00e1gicos 2024, en Boca del R\u00edo, Veracruz, con la magia gastron\u00f3mica, cultural, tur\u00edstica e hist\u00f3rica de Magdalena, Ures, San Carlos, \u00c1lamos y el Barrio M\u00e1gico de Villa de Seris.<\/p>\n<p>&nbsp;<\/p>\n<p>&nbsp;<\/p>\n<p>&nbsp;<\/p>\n<p> <\/p>\n<p>Del 10 al 12 de septiembre, la representaci\u00f3n sonorense de los pueblos m\u00e1gicos formar\u00e1 parte de los 177 existentes del pa\u00eds, donde el objetivo es promover y posicionar al estado como un destino que tiene mucho por ofrecer a los visitantes en materia tur\u00edstica.<\/p>\n<p>&nbsp;<\/p>\n<p>&nbsp;<\/p>\n<p>&nbsp;<\/p>\n<p>El secretario de Turismo de Sonora, Roberto Gradillas Pineda, quien se encuentra encabezando el programa de Casa Sonora en Canad\u00e1, coment\u00f3 que hay una gran representaci\u00f3n de Sonora en Veracruz, en donde los asistentes podr\u00e1n conocer m\u00e1s de la gastronom\u00eda, dulces t\u00edpicos, cultura y tradici\u00f3n de Sonora, a trav\u00e9s de sus cuatro pueblos y el barrio m\u00e1gico de Villa de Seris.<\/p>\n<p>&nbsp;<\/p>\n<p>&nbsp;<\/p>\n<p>&nbsp;<\/p>\n<p><em><strong>\u201cGracias a la visi\u00f3n y la gesti\u00f3n del gobernador Alfonso Durazo, la cultura y tradici\u00f3n de nuestros pueblos y barrio m\u00e1gico van a estar presentes en este importante evento, un espacio para poder mostrarle ante los ojos de M\u00e9xico y el mundo lo que tenemos en nuestro estado, y el gran potencial que hay en materia tur\u00edstica\u201d,<\/strong><\/em> expres\u00f3 Gradillas Pineda.<\/p>\n<p>&nbsp;<\/p>\n<p>&nbsp;<\/p>\n<p>&nbsp;<\/p>\n<p>Los pueblos m\u00e1gicos suman una poblaci\u00f3n de 10 millones 700 mil habitantes, que representan el 8.5 por ciento de la poblaci\u00f3n del pa\u00eds y albergan a 76 mil 215 unidades econ\u00f3micas relacionadas con la actividad tur\u00edstica, de las cuales brindan empleo a 300 mil 260 personas.<\/p>\n<p>&nbsp;<\/p>\n<p>&nbsp;<\/p>\n<p>&nbsp;<\/p>\n<p>PUBLICADO EL 10 SEPTIEMBRE DE 2024 Con informaci\u00f3n de GOBSON 0924.059)<\/p>\n<p>&nbsp;<\/p>\n","protected":false},"excerpt":{"rendered":"<p>BOCA DEL RI\u00cdO, VERACRUZ. MX. \u2014 El Gobierno de Sonora, a trav\u00e9s de la Secretar\u00eda&#8230;<\/p>\n","protected":false},"author":1,"featured_media":198894,"comment_status":"open","ping_status":"open","sticky":false,"template":"","format":"standard","meta":{"_monsterinsights_skip_tracking":false,"_monsterinsights_sitenote_active":false,"_monsterinsights_sitenote_note":"","_monsterinsights_sitenote_category":0,"footnotes":""},"categories":[5],"tags":[],"class_list":["post"],"yoast_head":" \n<title>Sonora en Equipo. Participa Sonora en Tianguis Nacional de Pueblos y Barrios M\u00e1gicos 2024 en Veracruz Rep\u00fablica<\/title>\n<meta name=\"description\" content=\"BOCA DEL RI\u00cdO, VERACRUZ. MX. \u2014 El Gobierno de Sonora, a trav\u00e9s de la Secretar\u00eda de Turismo (Sectur), est\u00e1 presente en la sexta edici\u00f3n del Tianguis En Sonora en Equipo publicamos toda la informaci\u00f3n de Sonora, M\u00e9xico y el Mundo de manera oportuna y busca que la libertad de expresi\u00f3n sea real. Visita nuestro medio informativo publicado desde Hermosillo, Sonora. %\" \/>\n<meta name=\"robots\" content=\"index, follow, max-snippet:-1, max-image-preview:large, max-video-preview:-1\" \/>\n<link rel=\"canonical\" href=\"https:\/\/www.sonoraenequipo.com.mx\/participa-sonora-en-tianguis-nacional-de-pueblos-y-barrios-magicos-2024-en-veracruz\/\" \/>\n<meta property=\"og:locale\" content=\"es_ES\" \/>\n<meta property=\"og:type\" content=\"article\" \/>\n<meta property=\"og:title\" content=\"Sonora en Equipo. Participa Sonora en Tianguis Nacional de Pueblos y Barrios M\u00e1gicos 2024 en Veracruz Rep\u00fablica\" \/>\n<meta property=\"og:description\" content=\"BOCA DEL RI\u00cdO, VERACRUZ. MX. \u2014 El Gobierno de Sonora, a trav\u00e9s de la Secretar\u00eda de Turismo (Sectur), est\u00e1 presente en la sexta edici\u00f3n del Tianguis En Sonora en Equipo publicamos toda la informaci\u00f3n de Sonora, M\u00e9xico y el Mundo de manera oportuna y busca que la libertad de expresi\u00f3n sea real. Visita nuestro medio informativo publicado desde Hermosillo, Sonora. %\" \/>\n<meta property=\"og:url\" content=\"https:\/\/www.sonoraenequipo.com.mx\/participa-sonora-en-tianguis-nacional-de-pueblos-y-barrios-magicos-2024-en-veracruz\/\" \/>\n<meta property=\"og:site_name\" content=\"Sonora en Equipo.\" \/>\n<meta property=\"article:publisher\" content=\"https:\/\/www.facebook.com\/SonoraEE\/\" \/>\n<meta property=\"article:author\" content=\"https:\/\/www.facebook.com\/SonoraEE\" \/>\n<meta property=\"article:published_time\" content=\"2024-09-11T00:38:44+00:00\" \/>\n<meta property=\"article:modified_time\" content=\"2024-09-11T04:51:51+00:00\" \/>\n<meta property=\"og:image\" content=\"https:\/\/www.sonoraenequipo.com.mx\/storage\/2024\/09\/Sonora-en-el-tianguis-Nacional-de-Pueblos-Magicos-2024..2-min.jpg\" \/>\n\t<meta property=\"og:image:width\" content=\"1200\" \/>\n\t<meta property=\"og:image:height\" content=\"900\" \/>\n\t<meta property=\"og:image:type\" content=\"image\/jpeg\" \/>\n<meta name=\"author\" content=\"enequipo\" \/>\n<meta name=\"twitter:card\" content=\"summary_large_image\" \/>\n<meta name=\"twitter:creator\" content=\"@sonoraenequipo\" \/>\n<meta name=\"twitter:site\" content=\"@sonoraenequipo\" \/>\n<meta name=\"twitter:label1\" content=\"Escrito por\" \/>\n\t<meta name=\"twitter:data1\" content=\"enequipo\" \/>\n\t<meta name=\"twitter:label2\" content=\"Tiempo de lectura\" \/>\n\t<meta name=\"twitter:data2\" content=\"2 minutos\" \/>\n<script type=\"application\/ld+json\" class=\"yoast-schema-graph\">{\"@context\":\"https:\/\/schema.org\",\"@graph\":[{\"@type\":\"Article\",\"@id\":\"https:\/\/www.sonoraenequipo.com.mx\/participa-sonora-en-tianguis-nacional-de-pueblos-y-barrios-magicos-2024-en-veracruz\/#article\",\"isPartOf\":{\"@id\":\"https:\/\/www.sonoraenequipo.com.mx\/participa-sonora-en-tianguis-nacional-de-pueblos-y-barrios-magicos-2024-en-veracruz\/\"},\"author\":{\"name\":\"enequipo\",\"@id\":\"https:\/\/www.sonoraenequipo.com.mx\/#\/schema\/person\/50102df0fb23a8fa9e8effad8fa81386\"},\"headline\":\"Participa Sonora en Tianguis Nacional de Pueblos y Barrios M\u00e1gicos 2024 en Veracruz\",\"datePublished\":\"2024-09-11T00:38:44+00:00\",\"dateModified\":\"2024-09-11T04:51:51+00:00\",\"mainEntityOfPage\":{\"@id\":\"https:\/\/www.sonoraenequipo.com.mx\/participa-sonora-en-tianguis-nacional-de-pueblos-y-barrios-magicos-2024-en-veracruz\/\"},\"wordCount\":331,\"commentCount\":0,\"publisher\":{\"@id\":\"https:\/\/www.sonoraenequipo.com.mx\/#organization\"},\"image\":{\"@id\":\"https:\/\/www.sonoraenequipo.com.mx\/participa-sonora-en-tianguis-nacional-de-pueblos-y-barrios-magicos-2024-en-veracruz\/#primaryimage\"},\"thumbnailUrl\":\"https:\/\/www.sonoraenequipo.com.mx\/storage\/2024\/09\/Sonora-en-el-tianguis-Nacional-de-Pueblos-Magicos-2024..2-min.jpg\",\"articleSection\":[\"Rep\u00fablica\"],\"inLanguage\":\"es\",\"potentialAction\":[{\"@type\":\"CommentAction\",\"name\":\"Comment\",\"target\":[\"https:\/\/www.sonoraenequipo.com.mx\/participa-sonora-en-tianguis-nacional-de-pueblos-y-barrios-magicos-2024-en-veracruz\/#respond\"]}]},{\"@type\":\"WebPage\",\"@id\":\"https:\/\/www.sonoraenequipo.com.mx\/participa-sonora-en-tianguis-nacional-de-pueblos-y-barrios-magicos-2024-en-veracruz\/\",\"url\":\"https:\/\/www.sonoraenequipo.com.mx\/participa-sonora-en-tianguis-nacional-de-pueblos-y-barrios-magicos-2024-en-veracruz\/\",\"name\":\"Sonora en Equipo. Participa Sonora en Tianguis Nacional de Pueblos y Barrios M\u00e1gicos 2024 en Veracruz Rep\u00fablica\",\"isPartOf\":{\"@id\":\"https:\/\/www.sonoraenequipo.com.mx\/#website\"},\"primaryImageOfPage\":{\"@id\":\"https:\/\/www.sonoraenequipo.com.mx\/participa-sonora-en-tianguis-nacional-de-pueblos-y-barrios-magicos-2024-en-veracruz\/#primaryimage\"},\"image\":{\"@id\":\"https:\/\/www.sonoraenequipo.com.mx\/participa-sonora-en-tianguis-nacional-de-pueblos-y-barrios-magicos-2024-en-veracruz\/#primaryimage\"},\"thumbnailUrl\":\"https:\/\/www.sonoraenequipo.com.mx\/storage\/2024\/09\/Sonora-en-el-tianguis-Nacional-de-Pueblos-Magicos-2024..2-min.jpg\",\"datePublished\":\"2024-09-11T00:38:44+00:00\",\"dateModified\":\"2024-09-11T04:51:51+00:00\",\"description\":\"BOCA DEL RI\u00cdO, VERACRUZ. MX. \u2014 El Gobierno de Sonora, a trav\u00e9s de la Secretar\u00eda de Turismo (Sectur), est\u00e1 presente en la sexta edici\u00f3n del Tianguis En Sonora en Equipo publicamos toda la informaci\u00f3n de Sonora, M\u00e9xico y el Mundo de manera oportuna y busca que la libertad de expresi\u00f3n sea real. Visita nuestro medio informativo publicado desde Hermosillo, Sonora. %\",\"breadcrumb\":{\"@id\":\"https:\/\/www.sonoraenequipo.com.mx\/participa-sonora-en-tianguis-nacional-de-pueblos-y-barrios-magicos-2024-en-veracruz\/#breadcrumb\"},\"inLanguage\":\"es\",\"potentialAction\":[{\"@type\":\"ReadAction\",\"target\":[\"https:\/\/www.sonoraenequipo.com.mx\/participa-sonora-en-tianguis-nacional-de-pueblos-y-barrios-magicos-2024-en-veracruz\/\"]}]},{\"@type\":\"ImageObject\",\"inLanguage\":\"es\",\"@id\":\"https:\/\/www.sonoraenequipo.com.mx\/participa-sonora-en-tianguis-nacional-de-pueblos-y-barrios-magicos-2024-en-veracruz\/#primaryimage\",\"url\":\"https:\/\/www.sonoraenequipo.com.mx\/storage\/2024\/09\/Sonora-en-el-tianguis-Nacional-de-Pueblos-Magicos-2024..2-min.jpg\",\"contentUrl\":\"https:\/\/www.sonoraenequipo.com.mx\/storage\/2024\/09\/Sonora-en-el-tianguis-Nacional-de-Pueblos-Magicos-2024..2-min.jpg\",\"width\":1200,\"height\":900},{\"@type\":\"BreadcrumbList\",\"@id\":\"https:\/\/www.sonoraenequipo.com.mx\/participa-sonora-en-tianguis-nacional-de-pueblos-y-barrios-magicos-2024-en-veracruz\/#breadcrumb\",\"itemListElement\":[{\"@type\":\"ListItem\",\"position\":1,\"name\":\"Portada\",\"item\":\"https:\/\/www.sonoraenequipo.com.mx\/\"},{\"@type\":\"ListItem\",\"position\":2,\"name\":\"Participa Sonora en Tianguis Nacional de Pueblos y Barrios M\u00e1gicos 2024 en Veracruz\"}]},{\"@type\":\"WebSite\",\"@id\":\"https:\/\/www.sonoraenequipo.com.mx\/#website\",\"url\":\"https:\/\/www.sonoraenequipo.com.mx\/\",\"name\":\"Sonora en Equipo.\",\"description\":\"Diario en l\u00ednea con Noticias desde Hermosillo, Sonora\",\"publisher\":{\"@id\":\"https:\/\/www.sonoraenequipo.com.mx\/#organization\"},\"potentialAction\":[{\"@type\":\"SearchAction\",\"target\":{\"@type\":\"EntryPoint\",\"urlTemplate\":\"https:\/\/www.sonoraenequipo.com.mx\/?s={search_term_string}\"},\"query-input\":{\"@type\":\"PropertyValueSpecification\",\"valueRequired\":true,\"valueName\":\"search_term_string\"}}],\"inLanguage\":\"es\"},{\"@type\":\"Organization\",\"@id\":\"https:\/\/www.sonoraenequipo.com.mx\/#organization\",\"name\":\"Sonoraenequipo.com.mx\",\"url\":\"https:\/\/www.sonoraenequipo.com.mx\/\",\"logo\":{\"@type\":\"ImageObject\",\"inLanguage\":\"es\",\"@id\":\"https:\/\/www.sonoraenequipo.com.mx\/#\/schema\/logo\/image\/\",\"url\":\"https:\/\/www.sonoraenequipo.com.mx\/storage\/2019\/01\/sonoraenequipo_opt.png\",\"contentUrl\":\"https:\/\/www.sonoraenequipo.com.mx\/storage\/2019\/01\/sonoraenequipo_opt.png\",\"width\":375,\"height\":125,\"caption\":\"Sonoraenequipo.com.mx\"},\"image\":{\"@id\":\"https:\/\/www.sonoraenequipo.com.mx\/#\/schema\/logo\/image\/\"},\"sameAs\":[\"https:\/\/www.facebook.com\/SonoraEE\/\",\"https:\/\/x.com\/sonoraenequipo\",\"https:\/\/www.youtube.com\/channel\/UC338nW-lPEYmJQs4ZABQ1SQ\"]},{\"@type\":\"Person\",\"@id\":\"https:\/\/www.sonoraenequipo.com.mx\/#\/schema\/person\/50102df0fb23a8fa9e8effad8fa81386\",\"name\":\"enequipo\",\"image\":{\"@type\":\"ImageObject\",\"inLanguage\":\"es\",\"@id\":\"https:\/\/www.sonoraenequipo.com.mx\/#\/schema\/person\/image\/\",\"url\":\"https:\/\/secure.gravatar.com\/avatar\/049821681b589dabc0bc20695993ccebb09f5b5d4d790cd9251b97faac7c652b?s=96&d=blank&r=g\",\"contentUrl\":\"https:\/\/secure.gravatar.com\/avatar\/049821681b589dabc0bc20695993ccebb09f5b5d4d790cd9251b97faac7c652b?s=96&d=blank&r=g\",\"caption\":\"enequipo\"},\"sameAs\":[\"https:\/\/www.facebook.com\/SonoraEE\"]}]}<\/script>\n ","yoast_head_json":{"title":"Sonora en Equipo. Participa Sonora en Tianguis Nacional de Pueblos y Barrios M\u00e1gicos 2024 en Veracruz Rep\u00fablica","description":"BOCA DEL RI\u00cdO, VERACRUZ. MX. \u2014 El Gobierno de Sonora, a trav\u00e9s de la Secretar\u00eda de Turismo (Sectur), est\u00e1 presente en la sexta edici\u00f3n del Tianguis En Sonora en Equipo publicamos toda la informaci\u00f3n de Sonora, M\u00e9xico y el Mundo de manera oportuna y busca que la libertad de expresi\u00f3n sea real. Visita nuestro medio informativo publicado desde Hermosillo, Sonora. %","robots":{"index":"index","follow":"follow","max-snippet":"max-snippet:-1","max-image-preview":"max-image-preview:large","max-video-preview":"max-video-preview:-1"},"canonical":"https:\/\/www.sonoraenequipo.com.mx\/participa-sonora-en-tianguis-nacional-de-pueblos-y-barrios-magicos-2024-en-veracruz\/","og_locale":"es_ES","og_type":"article","og_title":"Sonora en Equipo. Participa Sonora en Tianguis Nacional de Pueblos y Barrios M\u00e1gicos 2024 en Veracruz Rep\u00fablica","og_description":"BOCA DEL RI\u00cdO, VERACRUZ. MX. \u2014 El Gobierno de Sonora, a trav\u00e9s de la Secretar\u00eda de Turismo (Sectur), est\u00e1 presente en la sexta edici\u00f3n del Tianguis En Sonora en Equipo publicamos toda la informaci\u00f3n de Sonora, M\u00e9xico y el Mundo de manera oportuna y busca que la libertad de expresi\u00f3n sea real. Visita nuestro medio informativo publicado desde Hermosillo, Sonora. %","og_url":"https:\/\/www.sonoraenequipo.com.mx\/participa-sonora-en-tianguis-nacional-de-pueblos-y-barrios-magicos-2024-en-veracruz\/","og_site_name":"Sonora en Equipo.","article_publisher":"https:\/\/www.facebook.com\/SonoraEE\/","article_author":"https:\/\/www.facebook.com\/SonoraEE","article_published_time":"2024-09-11T00:38:44+00:00","article_modified_time":"2024-09-11T04:51:51+00:00","og_image":[{"width":1200,"height":900,"url":"https:\/\/www.sonoraenequipo.com.mx\/storage\/2024\/09\/Sonora-en-el-tianguis-Nacional-de-Pueblos-Magicos-2024..2-min.jpg","type":"image\/jpeg"}],"author":"enequipo","twitter_card":"summary_large_image","twitter_creator":"@sonoraenequipo","twitter_site":"@sonoraenequipo","twitter_misc":{"Escrito por":"enequipo","Tiempo de lectura":"2 minutos"},"schema":{"@context":"https:\/\/schema.org","@graph":[{"@type":"Article","@id":"https:\/\/www.sonoraenequipo.com.mx\/participa-sonora-en-tianguis-nacional-de-pueblos-y-barrios-magicos-2024-en-veracruz\/#article","isPartOf":{"@id":"https:\/\/www.sonoraenequipo.com.mx\/participa-sonora-en-tianguis-nacional-de-pueblos-y-barrios-magicos-2024-en-veracruz\/"},"author":{"name":"enequipo","@id":"https:\/\/www.sonoraenequipo.com.mx\/#\/schema\/person\/50102df0fb23a8fa9e8effad8fa81386"},"headline":"Participa Sonora en Tianguis Nacional de Pueblos y Barrios M\u00e1gicos 2024 en Veracruz","datePublished":"2024-09-11T00:38:44+00:00","dateModified":"2024-09-11T04:51:51+00:00","mainEntityOfPage":{"@id":"https:\/\/www.sonoraenequipo.com.mx\/participa-sonora-en-tianguis-nacional-de-pueblos-y-barrios-magicos-2024-en-veracruz\/"},"wordCount":331,"commentCount":0,"publisher":{"@id":"https:\/\/www.sonoraenequipo.com.mx\/#organization"},"image":{"@id":"https:\/\/www.sonoraenequipo.com.mx\/participa-sonora-en-tianguis-nacional-de-pueblos-y-barrios-magicos-2024-en-veracruz\/#primaryimage"},"thumbnailUrl":"https:\/\/www.sonoraenequipo.com.mx\/storage\/2024\/09\/Sonora-en-el-tianguis-Nacional-de-Pueblos-Magicos-2024..2-min.jpg","articleSection":["Rep\u00fablica"],"inLanguage":"es","potentialAction":[{"@type":"CommentAction","name":"Comment","target":["https:\/\/www.sonoraenequipo.com.mx\/participa-sonora-en-tianguis-nacional-de-pueblos-y-barrios-magicos-2024-en-veracruz\/#respond"]}]},{"@type":"WebPage","@id":"https:\/\/www.sonoraenequipo.com.mx\/participa-sonora-en-tianguis-nacional-de-pueblos-y-barrios-magicos-2024-en-veracruz\/","url":"https:\/\/www.sonoraenequipo.com.mx\/participa-sonora-en-tianguis-nacional-de-pueblos-y-barrios-magicos-2024-en-veracruz\/","name":"Sonora en Equipo. Participa Sonora en Tianguis Nacional de Pueblos y Barrios M\u00e1gicos 2024 en Veracruz Rep\u00fablica","isPartOf":{"@id":"https:\/\/www.sonoraenequipo.com.mx\/#website"},"primaryImageOfPage":{"@id":"https:\/\/www.sonoraenequipo.com.mx\/participa-sonora-en-tianguis-nacional-de-pueblos-y-barrios-magicos-2024-en-veracruz\/#primaryimage"},"image":{"@id":"https:\/\/www.sonoraenequipo.com.mx\/participa-sonora-en-tianguis-nacional-de-pueblos-y-barrios-magicos-2024-en-veracruz\/#primaryimage"},"thumbnailUrl":"https:\/\/www.sonoraenequipo.com.mx\/storage\/2024\/09\/Sonora-en-el-tianguis-Nacional-de-Pueblos-Magicos-2024..2-min.jpg","datePublished":"2024-09-11T00:38:44+00:00","dateModified":"2024-09-11T04:51:51+00:00","description":"BOCA DEL RI\u00cdO, VERACRUZ. MX. \u2014 El Gobierno de Sonora, a trav\u00e9s de la Secretar\u00eda de Turismo (Sectur), est\u00e1 presente en la sexta edici\u00f3n del Tianguis En Sonora en Equipo publicamos toda la informaci\u00f3n de Sonora, M\u00e9xico y el Mundo de manera oportuna y busca que la libertad de expresi\u00f3n sea real. Visita nuestro medio informativo publicado desde Hermosillo, Sonora. %","breadcrumb":{"@id":"https:\/\/www.sonoraenequipo.com.mx\/participa-sonora-en-tianguis-nacional-de-pueblos-y-barrios-magicos-2024-en-veracruz\/#breadcrumb"},"inLanguage":"es","potentialAction":[{"@type":"ReadAction","target":["https:\/\/www.sonoraenequipo.com.mx\/participa-sonora-en-tianguis-nacional-de-pueblos-y-barrios-magicos-2024-en-veracruz\/"]}]},{"@type":"ImageObject","inLanguage":"es","@id":"https:\/\/www.sonoraenequipo.com.mx\/participa-sonora-en-tianguis-nacional-de-pueblos-y-barrios-magicos-2024-en-veracruz\/#primaryimage","url":"https:\/\/www.sonoraenequipo.com.mx\/storage\/2024\/09\/Sonora-en-el-tianguis-Nacional-de-Pueblos-Magicos-2024..2-min.jpg","contentUrl":"https:\/\/www.sonoraenequipo.com.mx\/storage\/2024\/09\/Sonora-en-el-tianguis-Nacional-de-Pueblos-Magicos-2024..2-min.jpg","width":1200,"height":900},{"@type":"BreadcrumbList","@id":"https:\/\/www.sonoraenequipo.com.mx\/participa-sonora-en-tianguis-nacional-de-pueblos-y-barrios-magicos-2024-en-veracruz\/#breadcrumb","itemListElement":[{"@type":"ListItem","position":1,"name":"Portada","item":"https:\/\/www.sonoraenequipo.com.mx\/"},{"@type":"ListItem","position":2,"name":"Participa Sonora en Tianguis Nacional de Pueblos y Barrios M\u00e1gicos 2024 en Veracruz"}]},{"@type":"WebSite","@id":"https:\/\/www.sonoraenequipo.com.mx\/#website","url":"https:\/\/www.sonoraenequipo.com.mx\/","name":"Sonora en Equipo.","description":"Diario en l\u00ednea con Noticias desde Hermosillo, Sonora","publisher":{"@id":"https:\/\/www.sonoraenequipo.com.mx\/#organization"},"potentialAction":[{"@type":"SearchAction","target":{"@type":"EntryPoint","urlTemplate":"https:\/\/www.sonoraenequipo.com.mx\/?s={search_term_string}"},"query-input":{"@type":"PropertyValueSpecification","valueRequired":true,"valueName":"search_term_string"}}],"inLanguage":"es"},{"@type":"Organization","@id":"https:\/\/www.sonoraenequipo.com.mx\/#organization","name":"Sonoraenequipo.com.mx","url":"https:\/\/www.sonoraenequipo.com.mx\/","logo":{"@type":"ImageObject","inLanguage":"es","@id":"https:\/\/www.sonoraenequipo.com.mx\/#\/schema\/logo\/image\/","url":"https:\/\/www.sonoraenequipo.com.mx\/storage\/2019\/01\/sonoraenequipo_opt.png","contentUrl":"https:\/\/www.sonoraenequipo.com.mx\/storage\/2019\/01\/sonoraenequipo_opt.png","width":375,"height":125,"caption":"Sonoraenequipo.com.mx"},"image":{"@id":"https:\/\/www.sonoraenequipo.com.mx\/#\/schema\/logo\/image\/"},"sameAs":["https:\/\/www.facebook.com\/SonoraEE\/","https:\/\/x.com\/sonoraenequipo","https:\/\/www.youtube.com\/channel\/UC338nW-lPEYmJQs4ZABQ1SQ"]},{"@type":"Person","@id":"https:\/\/www.sonoraenequipo.com.mx\/#\/schema\/person\/50102df0fb23a8fa9e8effad8fa81386","name":"enequipo","image":{"@type":"ImageObject","inLanguage":"es","@id":"https:\/\/www.sonoraenequipo.com.mx\/#\/schema\/person\/image\/","url":"https:\/\/secure.gravatar.com\/avatar\/049821681b589dabc0bc20695993ccebb09f5b5d4d790cd9251b97faac7c652b?s=96&d=blank&r=g","contentUrl":"https:\/\/secure.gravatar.com\/avatar\/049821681b589dabc0bc20695993ccebb09f5b5d4d790cd9251b97faac7c652b?s=96&d=blank&r=g","caption":"enequipo"},"sameAs":["https:\/\/www.facebook.com\/SonoraEE"]}]}},"jetpack_featured_media_url":"https:\/\/www.sonoraenequipo.com.mx\/storage\/2024\/09\/Sonora-en-el-tianguis-Nacional-de-Pueblos-Magicos-2024..2-min.jpg","_links":{"self":[{"href":"https:\/\/www.sonoraenequipo.com.mx\/api\/wp\/v2\/posts\/198893","targetHints":{"allow":["GET"]}}],"collection":[{"href":"https:\/\/www.sonoraenequipo.com.mx\/api\/wp\/v2\/posts"}],"about":[{"href":"https:\/\/www.sonoraenequipo.com.mx\/api\/wp\/v2\/types\/post"}],"author":[{"embeddable":true,"href":"https:\/\/www.sonoraenequipo.com.mx\/api\/wp\/v2\/users\/1"}],"replies":[{"embeddable":true,"href":"https:\/\/www.sonoraenequipo.com.mx\/api\/wp\/v2\/comments?post=198893"}],"version-history":[{"count":1,"href":"https:\/\/www.sonoraenequipo.com.mx\/api\/wp\/v2\/posts\/198893\/revisions"}],"predecessor-version":[{"id":198898,"href":"https:\/\/www.sonoraenequipo.com.mx\/api\/wp\/v2\/posts\/198893\/revisions\/198898"}],"wp:featuredmedia":[{"embeddable":true,"href":"https:\/\/www.sonoraenequipo.com.mx\/api\/wp\/v2\/media\/198894"}],"wp:attachment":[{"href":"https:\/\/www.sonoraenequipo.com.mx\/api\/wp\/v2\/media?parent=198893"}],"wp:term":[{"taxonomy":"category","embeddable":true,"href":"https:\/\/www.sonoraenequipo.com.mx\/api\/wp\/v2\/categories?post=198893"},{"taxonomy":"post_tag","embeddable":true,"href":"https:\/\/www.sonoraenequipo.com.mx\/api\/wp\/v2\/tags?post=198893"}],"curies":[{"name":"wp","href":"https:\/\/api.w.org\/{rel}","templated":true}]}}