{"id":198929,"date":"2024-09-10T11:28:59","date_gmt":"2024-09-10T18:28:59","guid":{"rendered":"https:\/\/www.sonoraenequipo.com.mx\/?p=198929"},"modified":"2024-09-11T16:39:47","modified_gmt":"2024-09-11T23:39:47","slug":"presidente-celebra-primer-discurso-de-la-presidenta-electa-claudia-sheinbaum-a-las-fuerzas-armadas","status":"publish","type":"post","link":"https:\/\/www.sonoraenequipo.com.mx\/presidente-celebra-primer-discurso-de-la-presidenta-electa-claudia-sheinbaum-a-las-fuerzas-armadas\/","title":{"rendered":"Presidente celebra primer discurso de la presidenta electa Claudia Sheinbaum a las Fuerzas Armadas"},"content":{"rendered":"<p><strong>CIUDAD DE M\u00c9XICO. MX.\u2014<\/strong> El presidente Andr\u00e9s Manuel L\u00f3pez Obrador sostuvo que fue magistral el primer discurso a las Fuerzas Armadas emitido por la presidenta electa y pr\u00f3xima comandanta suprema, Claudia Sheinbaum Pardo, durante la visita al Heroico Colegio Militar con motivo de la transici\u00f3n del gobierno federal para el periodo 2024-2030.<\/p>\n<p>&nbsp;<\/p>\n<p>&nbsp;<\/p>\n<p> <br \/>\nA trav\u00e9s de sus redes sociales, el mandatario comparti\u00f3 un video de las palabras de la pr\u00f3xima presidenta de M\u00e9xico, quien sostuvo que el triunfo del movimiento de transformaci\u00f3n en las pasadas elecciones presidenciales es muestra de los profundos cambios que vive el pa\u00eds.<\/p>\n<p>&nbsp;<\/p>\n<p>&nbsp;<\/p>\n<p><em><strong>\u201cEn este sexenio, las Fuerzas Armadas han visto m\u00e1s mujeres participar en todos los \u00e1mbitos y estoy segura que seguir\u00e1 as\u00ed porque las mujeres tenemos capacidad, voluntad y no somos menos que los hombres; al contrario, somos iguales. (\u2026) En esta nueva etapa de la transformaci\u00f3n, con honestidad, amor al pueblo y a nuestra patria, nos tocar\u00e1 juntas y juntos seguir fortaleciendo la paz y la seguridad, y atender siempre con humanismo, disciplina y valor los problemas que tengamos que afrontar\u201d<\/strong><\/em>, se\u00f1al\u00f3 Sheinbaum Pardo.<\/p>\n<p>&nbsp;<\/p>\n<p>&nbsp;<\/p>\n<p>La doctora Sheinbaum Pardo adelant\u00f3 que fortalecer\u00e1 a la Guardia Nacional en su incorporaci\u00f3n a la Secretar\u00eda de la Defensa Nacional, al tiempo que las y los integrantes de las Fuerzas Armadas ser\u00e1n convocados nuevamente a participar en proyectos estrat\u00e9gicos, como los trenes de pasajeros hacia el norte del pa\u00eds y los nuevos puertos.<\/p>\n<p>&nbsp;<\/p>\n<p>&nbsp;<\/p>\n<p><strong><em>\u201cSepan que vamos a ser un gobierno honesto, \u00edntegro, que dar\u00e1 orgullo a nuestro pueblo. Y de algo pueden estar seguros, pues por nuestro origen humanista, por el profundo respeto que tengo a nuestras Fuerzas Armadas, nunca emitir\u00e9 una orden que vulnere el orden constitucional o los derechos humanos de nuestro pueblo\u201d<\/em><\/strong>, expres\u00f3.<\/p>\n<p>&nbsp;<\/p>\n<p>&nbsp;<\/p>\n<p>Ante 21 mil 943 elementos de 28 planteles militares, la presidenta electa reconoci\u00f3 el origen popular y la historia de las Fuerzas Armadas; record\u00f3 que la Guardia Nacional fue creada durante el Gobierno de la Cuarta Transformaci\u00f3n <strong><em>\u201cpara proteger al pueblo de M\u00e9xico y construir paz y seguridad\u201d<\/em><\/strong> a partir de 130 mil elementos capacitados y disciplinados que abonan diariamente a las tareas de seguridad.<\/p>\n<p>&nbsp;<\/p>\n<p>&nbsp;<\/p>\n<p>El presidente L\u00f3pez Obrador agradeci\u00f3 a las Fuerzas Armadas la lealtad y respaldo al pueblo de M\u00e9xico durante casi seis a\u00f1os de la Cuarta Transformaci\u00f3n.<\/p>\n<p>&nbsp;<\/p>\n<p>Su contribuci\u00f3n, dijo, garantiz\u00f3 el respeto a la soberan\u00eda e integridad del pa\u00eds; la paz y la tranquilidad en materia de seguridad interior; la respuesta inmediata ante emergencias, como la sanitaria por la pandemia de COVID-19 y en desastres naturales, por ejemplo, el hurac\u00e1n Otis en Acapulco y Coyuca de Ben\u00edtez, Guerrero, donde soldados y marinos apoyaron a 300 mil familias.<\/p>\n<p>&nbsp;<\/p>\n<p>&nbsp;<\/p>\n<p>&nbsp;<\/p>\n<p>Resalt\u00f3 su participaci\u00f3n en obras y acciones de progreso, entre estas: la construcci\u00f3n del Tren Maya, el Corredor Interoce\u00e1nico del Istmo de Tehuantepec y los aeropuertos internacionales Felipe \u00c1ngeles y Felipe Carrillo Puerto; el desazolve de r\u00edos, arroyos y puertos, la creaci\u00f3n de dragas y embarcaciones en los astilleros de Marina, la recolecci\u00f3n de sargazo en el Caribe mexicano, la administraci\u00f3n de aduanas mar\u00edtimas y fronterizas, la rehabilitaci\u00f3n de puertos, la consolidaci\u00f3n del complejo tur\u00edstico Islas Mar\u00edas, la creaci\u00f3n de cuarteles de la Guardia Nacional y la edificaci\u00f3n de 2 mil 750 sucursales del Banco del Bienestar.<\/p>\n<p>&nbsp;<\/p>\n<p>&nbsp;<\/p>\n<p><em><strong>\u201cLes agradezco tambi\u00e9n que se haya cumplido la instrucci\u00f3n, la orden, de respetar los derechos humanos. Me satisface mucho el que podamos decir que en este gobierno no hubo por parte del Estado mexicano desaparecidos ni se tortur\u00f3 a nadie, no hubo masacres, no se reprimi\u00f3 a nuestro pueblo y todo esto, como lo dijo nuestra presidenta, porque ustedes vienen del pueblo; el marino, el soldado, es pueblo uniformado\u201d,<\/strong> <\/em>expres\u00f3.<\/p>\n<p>&nbsp;<\/p>\n<blockquote class=\"twitter-tweet\" data-width=\"550\" data-dnt=\"true\">\n<p lang=\"es\" dir=\"ltr\">Magistral lo dicho por la presidenta electa y pr\u00f3xima comandanta suprema de las Fuerzas Armadas, Claudia Sheinbaum Pardo, en el Heroico Colegio Militar.<a href=\"https:\/\/t.co\/WBcUDcydFC\">https:\/\/t.co\/WBcUDcydFC<\/a> <a href=\"https:\/\/t.co\/dlztGjD9H7\">pic.twitter.com\/dlztGjD9H7<\/a><\/p>\n<p>&mdash; Andr\u00e9s Manuel (@lopezobrador_) <a href=\"https:\/\/twitter.com\/lopezobrador_\/status\/1833613608699498923?ref_src=twsrc%5Etfw\">September 10, 2024<\/a><\/p><\/blockquote>\n<p><script async src=\"https:\/\/platform.twitter.com\/widgets.js\" charset=\"utf-8\"><\/script><\/p>\n<p><em><strong>\u201cEstoy muy contento porque estamos llevando a cabo esta transici\u00f3n de manera armoniosa, pac\u00edfica, esto tambi\u00e9n es in\u00e9dito, nunca se hab\u00eda visto. Estamos viviendo momentos interesantes, momentos estelares en la historia de nuestro pa\u00eds. Voy a entregar la banda presidencial a una mujer excepcional por primera vez en siglos y se est\u00e1 llevando a cabo esta transici\u00f3n de manera armoniosa, tersa, ayud\u00e1ndonos mutuamente\u201d<\/strong><\/em>, a\u00f1adi\u00f3.<\/p>\n<p>&nbsp;<\/p>\n<p>&nbsp;<\/p>\n<p>El mandatario felicit\u00f3 por sus nuevos cargos al general Ricardo Trevilla Trejo, pr\u00f3ximo secretario de la Defensa Nacional y al almirante Raymundo Pedro Morales \u00c1ngeles, pr\u00f3ximo secretario de Marina, quienes acompa\u00f1ar\u00e1n a la presidenta electa en el pr\u00f3ximo sexenio.<\/p>\n<p>&nbsp;<\/p>\n<p>&nbsp;<\/p>\n<p>En su mensaje distingui\u00f3 el desempe\u00f1o de los secretarios de la Defensa Nacional, Luis Cresencio Sandoval Gonz\u00e1lez y de Marina, Jos\u00e9 Rafael Ojeda Dur\u00e1n en esta administraci\u00f3n.<\/p>\n<p>&nbsp;<\/p>\n<p>&nbsp;<\/p>\n<p><em><strong>\u201cLos dos secretarios, responsables, trabajadores, honestos, leales y con dimensi\u00f3n social, me apoyaron, fueron mis dos brazos. Me apoyaron todos los miembros del gabinete\u201d<\/strong><\/em>, indic\u00f3.<\/p>\n<p>&nbsp;<\/p>\n<p>&nbsp;<\/p>\n<p>Asistieron al evento: el jefe de Gobierno de la Ciudad de M\u00e9xico, Mart\u00ed Batres Guadarrama; la secretaria de Gobernaci\u00f3n, Luisa Mar\u00eda Alcalde Luj\u00e1n; la secretaria de Seguridad y Protecci\u00f3n Ciudadana y pr\u00f3xima titular de Gobernaci\u00f3n, Rosa Icela Rodr\u00edguez Vel\u00e1zquez; los secretarios de la Defensa Nacional, Luis Cresencio Sandoval Gonz\u00e1lez y de Marina, Jos\u00e9 Rafael Ojeda Dur\u00e1n; los pr\u00f3ximos titulares de Sedena, Ricardo Trevilla Trejo y de Marina, Raymundo Pedro Morales \u00c1ngeles y el director del Heroico Colegio Militar, Jorge Antonio Maldonado Guevara, as\u00ed como generales, almirantes, comandantes, jefes, capitanes, inspectores, oficiales, cadetes, personal de tropa, mariner\u00eda y escala b\u00e1sica pertenecientes al Ej\u00e9rcito Mexicano, Fuerza A\u00e9rea Mexicana y Guardia Nacional.<\/p>\n<p>&nbsp;<\/p>\n<p>&nbsp;<\/p>\n<p>PUBLICADO EL 10 SEPTIEMBRE DE 2024 Con informaci\u00f3n de GOBIERNO DE M\u00c9XICO)<\/p>\n","protected":false},"excerpt":{"rendered":"<p>CIUDAD DE M\u00c9XICO. MX.\u2014 El presidente Andr\u00e9s Manuel L\u00f3pez Obrador sostuvo que fue magistral el&#8230;<\/p>\n","protected":false},"author":1,"featured_media":198930,"comment_status":"open","ping_status":"open","sticky":false,"template":"","format":"standard","meta":{"_monsterinsights_skip_tracking":false,"_monsterinsights_sitenote_active":false,"_monsterinsights_sitenote_note":"","_monsterinsights_sitenote_category":0,"footnotes":""},"categories":[5],"tags":[],"class_list":["post"],"yoast_head":" \n<title>Sonora en Equipo. Presidente celebra primer discurso de la presidenta electa Claudia Sheinbaum a las Fuerzas Armadas Rep\u00fablica<\/title>\n<meta name=\"description\" content=\"CIUDAD DE M\u00c9XICO. MX.\u2014 El presidente Andr\u00e9s Manuel L\u00f3pez Obrador sostuvo que fue magistral el primer discurso a las Fuerzas Armadas emitido por la En Sonora en Equipo publicamos toda la informaci\u00f3n de Sonora, M\u00e9xico y el Mundo de manera oportuna y busca que la libertad de expresi\u00f3n sea real. Visita nuestro medio informativo publicado desde Hermosillo, Sonora. %\" \/>\n<meta name=\"robots\" content=\"index, follow, max-snippet:-1, max-image-preview:large, max-video-preview:-1\" \/>\n<link rel=\"canonical\" href=\"https:\/\/www.sonoraenequipo.com.mx\/presidente-celebra-primer-discurso-de-la-presidenta-electa-claudia-sheinbaum-a-las-fuerzas-armadas\/\" \/>\n<meta property=\"og:locale\" content=\"es_ES\" \/>\n<meta property=\"og:type\" content=\"article\" \/>\n<meta property=\"og:title\" content=\"Sonora en Equipo. Presidente celebra primer discurso de la presidenta electa Claudia Sheinbaum a las Fuerzas Armadas Rep\u00fablica\" \/>\n<meta property=\"og:description\" content=\"CIUDAD DE M\u00c9XICO. MX.\u2014 El presidente Andr\u00e9s Manuel L\u00f3pez Obrador sostuvo que fue magistral el primer discurso a las Fuerzas Armadas emitido por la En Sonora en Equipo publicamos toda la informaci\u00f3n de Sonora, M\u00e9xico y el Mundo de manera oportuna y busca que la libertad de expresi\u00f3n sea real. Visita nuestro medio informativo publicado desde Hermosillo, Sonora. %\" \/>\n<meta property=\"og:url\" content=\"https:\/\/www.sonoraenequipo.com.mx\/presidente-celebra-primer-discurso-de-la-presidenta-electa-claudia-sheinbaum-a-las-fuerzas-armadas\/\" \/>\n<meta property=\"og:site_name\" content=\"Sonora en Equipo.\" \/>\n<meta property=\"article:publisher\" content=\"https:\/\/www.facebook.com\/SonoraEE\/\" \/>\n<meta property=\"article:author\" content=\"https:\/\/www.facebook.com\/SonoraEE\" \/>\n<meta property=\"article:published_time\" content=\"2024-09-10T18:28:59+00:00\" \/>\n<meta property=\"article:modified_time\" content=\"2024-09-11T23:39:47+00:00\" \/>\n<meta property=\"og:image\" content=\"https:\/\/www.sonoraenequipo.com.mx\/storage\/2024\/09\/Claudia-Sheinbaum-min.jpg\" \/>\n\t<meta property=\"og:image:width\" content=\"900\" \/>\n\t<meta property=\"og:image:height\" content=\"506\" \/>\n\t<meta property=\"og:image:type\" content=\"image\/jpeg\" \/>\n<meta name=\"author\" content=\"enequipo\" \/>\n<meta name=\"twitter:card\" content=\"summary_large_image\" \/>\n<meta name=\"twitter:creator\" content=\"@sonoraenequipo\" \/>\n<meta name=\"twitter:site\" content=\"@sonoraenequipo\" \/>\n<meta name=\"twitter:label1\" content=\"Escrito por\" \/>\n\t<meta name=\"twitter:data1\" content=\"enequipo\" \/>\n\t<meta name=\"twitter:label2\" content=\"Tiempo de lectura\" \/>\n\t<meta name=\"twitter:data2\" content=\"5 minutos\" \/>\n<script type=\"application\/ld+json\" class=\"yoast-schema-graph\">{\"@context\":\"https:\/\/schema.org\",\"@graph\":[{\"@type\":\"Article\",\"@id\":\"https:\/\/www.sonoraenequipo.com.mx\/presidente-celebra-primer-discurso-de-la-presidenta-electa-claudia-sheinbaum-a-las-fuerzas-armadas\/#article\",\"isPartOf\":{\"@id\":\"https:\/\/www.sonoraenequipo.com.mx\/presidente-celebra-primer-discurso-de-la-presidenta-electa-claudia-sheinbaum-a-las-fuerzas-armadas\/\"},\"author\":{\"name\":\"enequipo\",\"@id\":\"https:\/\/www.sonoraenequipo.com.mx\/#\/schema\/person\/50102df0fb23a8fa9e8effad8fa81386\"},\"headline\":\"Presidente celebra primer discurso de la presidenta electa Claudia Sheinbaum a las Fuerzas Armadas\",\"datePublished\":\"2024-09-10T18:28:59+00:00\",\"dateModified\":\"2024-09-11T23:39:47+00:00\",\"mainEntityOfPage\":{\"@id\":\"https:\/\/www.sonoraenequipo.com.mx\/presidente-celebra-primer-discurso-de-la-presidenta-electa-claudia-sheinbaum-a-las-fuerzas-armadas\/\"},\"wordCount\":1001,\"commentCount\":0,\"publisher\":{\"@id\":\"https:\/\/www.sonoraenequipo.com.mx\/#organization\"},\"image\":{\"@id\":\"https:\/\/www.sonoraenequipo.com.mx\/presidente-celebra-primer-discurso-de-la-presidenta-electa-claudia-sheinbaum-a-las-fuerzas-armadas\/#primaryimage\"},\"thumbnailUrl\":\"https:\/\/www.sonoraenequipo.com.mx\/storage\/2024\/09\/Claudia-Sheinbaum-min.jpg\",\"articleSection\":[\"Rep\u00fablica\"],\"inLanguage\":\"es\",\"potentialAction\":[{\"@type\":\"CommentAction\",\"name\":\"Comment\",\"target\":[\"https:\/\/www.sonoraenequipo.com.mx\/presidente-celebra-primer-discurso-de-la-presidenta-electa-claudia-sheinbaum-a-las-fuerzas-armadas\/#respond\"]}]},{\"@type\":\"WebPage\",\"@id\":\"https:\/\/www.sonoraenequipo.com.mx\/presidente-celebra-primer-discurso-de-la-presidenta-electa-claudia-sheinbaum-a-las-fuerzas-armadas\/\",\"url\":\"https:\/\/www.sonoraenequipo.com.mx\/presidente-celebra-primer-discurso-de-la-presidenta-electa-claudia-sheinbaum-a-las-fuerzas-armadas\/\",\"name\":\"Sonora en Equipo. Presidente celebra primer discurso de la presidenta electa Claudia Sheinbaum a las Fuerzas Armadas Rep\u00fablica\",\"isPartOf\":{\"@id\":\"https:\/\/www.sonoraenequipo.com.mx\/#website\"},\"primaryImageOfPage\":{\"@id\":\"https:\/\/www.sonoraenequipo.com.mx\/presidente-celebra-primer-discurso-de-la-presidenta-electa-claudia-sheinbaum-a-las-fuerzas-armadas\/#primaryimage\"},\"image\":{\"@id\":\"https:\/\/www.sonoraenequipo.com.mx\/presidente-celebra-primer-discurso-de-la-presidenta-electa-claudia-sheinbaum-a-las-fuerzas-armadas\/#primaryimage\"},\"thumbnailUrl\":\"https:\/\/www.sonoraenequipo.com.mx\/storage\/2024\/09\/Claudia-Sheinbaum-min.jpg\",\"datePublished\":\"2024-09-10T18:28:59+00:00\",\"dateModified\":\"2024-09-11T23:39:47+00:00\",\"description\":\"CIUDAD DE M\u00c9XICO. MX.\u2014 El presidente Andr\u00e9s Manuel L\u00f3pez Obrador sostuvo que fue magistral el primer discurso a las Fuerzas Armadas emitido por la En Sonora en Equipo publicamos toda la informaci\u00f3n de Sonora, M\u00e9xico y el Mundo de manera oportuna y busca que la libertad de expresi\u00f3n sea real. Visita nuestro medio informativo publicado desde Hermosillo, Sonora. %\",\"breadcrumb\":{\"@id\":\"https:\/\/www.sonoraenequipo.com.mx\/presidente-celebra-primer-discurso-de-la-presidenta-electa-claudia-sheinbaum-a-las-fuerzas-armadas\/#breadcrumb\"},\"inLanguage\":\"es\",\"potentialAction\":[{\"@type\":\"ReadAction\",\"target\":[\"https:\/\/www.sonoraenequipo.com.mx\/presidente-celebra-primer-discurso-de-la-presidenta-electa-claudia-sheinbaum-a-las-fuerzas-armadas\/\"]}]},{\"@type\":\"ImageObject\",\"inLanguage\":\"es\",\"@id\":\"https:\/\/www.sonoraenequipo.com.mx\/presidente-celebra-primer-discurso-de-la-presidenta-electa-claudia-sheinbaum-a-las-fuerzas-armadas\/#primaryimage\",\"url\":\"https:\/\/www.sonoraenequipo.com.mx\/storage\/2024\/09\/Claudia-Sheinbaum-min.jpg\",\"contentUrl\":\"https:\/\/www.sonoraenequipo.com.mx\/storage\/2024\/09\/Claudia-Sheinbaum-min.jpg\",\"width\":900,\"height\":506},{\"@type\":\"BreadcrumbList\",\"@id\":\"https:\/\/www.sonoraenequipo.com.mx\/presidente-celebra-primer-discurso-de-la-presidenta-electa-claudia-sheinbaum-a-las-fuerzas-armadas\/#breadcrumb\",\"itemListElement\":[{\"@type\":\"ListItem\",\"position\":1,\"name\":\"Portada\",\"item\":\"https:\/\/www.sonoraenequipo.com.mx\/\"},{\"@type\":\"ListItem\",\"position\":2,\"name\":\"Presidente celebra primer discurso de la presidenta electa Claudia Sheinbaum a las Fuerzas Armadas\"}]},{\"@type\":\"WebSite\",\"@id\":\"https:\/\/www.sonoraenequipo.com.mx\/#website\",\"url\":\"https:\/\/www.sonoraenequipo.com.mx\/\",\"name\":\"Sonora en Equipo.\",\"description\":\"Diario en l\u00ednea con Noticias desde Hermosillo, Sonora\",\"publisher\":{\"@id\":\"https:\/\/www.sonoraenequipo.com.mx\/#organization\"},\"potentialAction\":[{\"@type\":\"SearchAction\",\"target\":{\"@type\":\"EntryPoint\",\"urlTemplate\":\"https:\/\/www.sonoraenequipo.com.mx\/?s={search_term_string}\"},\"query-input\":{\"@type\":\"PropertyValueSpecification\",\"valueRequired\":true,\"valueName\":\"search_term_string\"}}],\"inLanguage\":\"es\"},{\"@type\":\"Organization\",\"@id\":\"https:\/\/www.sonoraenequipo.com.mx\/#organization\",\"name\":\"Sonoraenequipo.com.mx\",\"url\":\"https:\/\/www.sonoraenequipo.com.mx\/\",\"logo\":{\"@type\":\"ImageObject\",\"inLanguage\":\"es\",\"@id\":\"https:\/\/www.sonoraenequipo.com.mx\/#\/schema\/logo\/image\/\",\"url\":\"https:\/\/www.sonoraenequipo.com.mx\/storage\/2019\/01\/sonoraenequipo_opt.png\",\"contentUrl\":\"https:\/\/www.sonoraenequipo.com.mx\/storage\/2019\/01\/sonoraenequipo_opt.png\",\"width\":375,\"height\":125,\"caption\":\"Sonoraenequipo.com.mx\"},\"image\":{\"@id\":\"https:\/\/www.sonoraenequipo.com.mx\/#\/schema\/logo\/image\/\"},\"sameAs\":[\"https:\/\/www.facebook.com\/SonoraEE\/\",\"https:\/\/x.com\/sonoraenequipo\",\"https:\/\/www.youtube.com\/channel\/UC338nW-lPEYmJQs4ZABQ1SQ\"]},{\"@type\":\"Person\",\"@id\":\"https:\/\/www.sonoraenequipo.com.mx\/#\/schema\/person\/50102df0fb23a8fa9e8effad8fa81386\",\"name\":\"enequipo\",\"image\":{\"@type\":\"ImageObject\",\"inLanguage\":\"es\",\"@id\":\"https:\/\/www.sonoraenequipo.com.mx\/#\/schema\/person\/image\/\",\"url\":\"https:\/\/secure.gravatar.com\/avatar\/049821681b589dabc0bc20695993ccebb09f5b5d4d790cd9251b97faac7c652b?s=96&d=blank&r=g\",\"contentUrl\":\"https:\/\/secure.gravatar.com\/avatar\/049821681b589dabc0bc20695993ccebb09f5b5d4d790cd9251b97faac7c652b?s=96&d=blank&r=g\",\"caption\":\"enequipo\"},\"sameAs\":[\"https:\/\/www.facebook.com\/SonoraEE\"]}]}<\/script>\n ","yoast_head_json":{"title":"Sonora en Equipo. Presidente celebra primer discurso de la presidenta electa Claudia Sheinbaum a las Fuerzas Armadas Rep\u00fablica","description":"CIUDAD DE M\u00c9XICO. MX.\u2014 El presidente Andr\u00e9s Manuel L\u00f3pez Obrador sostuvo que fue magistral el primer discurso a las Fuerzas Armadas emitido por la En Sonora en Equipo publicamos toda la informaci\u00f3n de Sonora, M\u00e9xico y el Mundo de manera oportuna y busca que la libertad de expresi\u00f3n sea real. Visita nuestro medio informativo publicado desde Hermosillo, Sonora. %","robots":{"index":"index","follow":"follow","max-snippet":"max-snippet:-1","max-image-preview":"max-image-preview:large","max-video-preview":"max-video-preview:-1"},"canonical":"https:\/\/www.sonoraenequipo.com.mx\/presidente-celebra-primer-discurso-de-la-presidenta-electa-claudia-sheinbaum-a-las-fuerzas-armadas\/","og_locale":"es_ES","og_type":"article","og_title":"Sonora en Equipo. Presidente celebra primer discurso de la presidenta electa Claudia Sheinbaum a las Fuerzas Armadas Rep\u00fablica","og_description":"CIUDAD DE M\u00c9XICO. MX.\u2014 El presidente Andr\u00e9s Manuel L\u00f3pez Obrador sostuvo que fue magistral el primer discurso a las Fuerzas Armadas emitido por la En Sonora en Equipo publicamos toda la informaci\u00f3n de Sonora, M\u00e9xico y el Mundo de manera oportuna y busca que la libertad de expresi\u00f3n sea real. Visita nuestro medio informativo publicado desde Hermosillo, Sonora. %","og_url":"https:\/\/www.sonoraenequipo.com.mx\/presidente-celebra-primer-discurso-de-la-presidenta-electa-claudia-sheinbaum-a-las-fuerzas-armadas\/","og_site_name":"Sonora en Equipo.","article_publisher":"https:\/\/www.facebook.com\/SonoraEE\/","article_author":"https:\/\/www.facebook.com\/SonoraEE","article_published_time":"2024-09-10T18:28:59+00:00","article_modified_time":"2024-09-11T23:39:47+00:00","og_image":[{"width":900,"height":506,"url":"https:\/\/www.sonoraenequipo.com.mx\/storage\/2024\/09\/Claudia-Sheinbaum-min.jpg","type":"image\/jpeg"}],"author":"enequipo","twitter_card":"summary_large_image","twitter_creator":"@sonoraenequipo","twitter_site":"@sonoraenequipo","twitter_misc":{"Escrito por":"enequipo","Tiempo de lectura":"5 minutos"},"schema":{"@context":"https:\/\/schema.org","@graph":[{"@type":"Article","@id":"https:\/\/www.sonoraenequipo.com.mx\/presidente-celebra-primer-discurso-de-la-presidenta-electa-claudia-sheinbaum-a-las-fuerzas-armadas\/#article","isPartOf":{"@id":"https:\/\/www.sonoraenequipo.com.mx\/presidente-celebra-primer-discurso-de-la-presidenta-electa-claudia-sheinbaum-a-las-fuerzas-armadas\/"},"author":{"name":"enequipo","@id":"https:\/\/www.sonoraenequipo.com.mx\/#\/schema\/person\/50102df0fb23a8fa9e8effad8fa81386"},"headline":"Presidente celebra primer discurso de la presidenta electa Claudia Sheinbaum a las Fuerzas Armadas","datePublished":"2024-09-10T18:28:59+00:00","dateModified":"2024-09-11T23:39:47+00:00","mainEntityOfPage":{"@id":"https:\/\/www.sonoraenequipo.com.mx\/presidente-celebra-primer-discurso-de-la-presidenta-electa-claudia-sheinbaum-a-las-fuerzas-armadas\/"},"wordCount":1001,"commentCount":0,"publisher":{"@id":"https:\/\/www.sonoraenequipo.com.mx\/#organization"},"image":{"@id":"https:\/\/www.sonoraenequipo.com.mx\/presidente-celebra-primer-discurso-de-la-presidenta-electa-claudia-sheinbaum-a-las-fuerzas-armadas\/#primaryimage"},"thumbnailUrl":"https:\/\/www.sonoraenequipo.com.mx\/storage\/2024\/09\/Claudia-Sheinbaum-min.jpg","articleSection":["Rep\u00fablica"],"inLanguage":"es","potentialAction":[{"@type":"CommentAction","name":"Comment","target":["https:\/\/www.sonoraenequipo.com.mx\/presidente-celebra-primer-discurso-de-la-presidenta-electa-claudia-sheinbaum-a-las-fuerzas-armadas\/#respond"]}]},{"@type":"WebPage","@id":"https:\/\/www.sonoraenequipo.com.mx\/presidente-celebra-primer-discurso-de-la-presidenta-electa-claudia-sheinbaum-a-las-fuerzas-armadas\/","url":"https:\/\/www.sonoraenequipo.com.mx\/presidente-celebra-primer-discurso-de-la-presidenta-electa-claudia-sheinbaum-a-las-fuerzas-armadas\/","name":"Sonora en Equipo. Presidente celebra primer discurso de la presidenta electa Claudia Sheinbaum a las Fuerzas Armadas Rep\u00fablica","isPartOf":{"@id":"https:\/\/www.sonoraenequipo.com.mx\/#website"},"primaryImageOfPage":{"@id":"https:\/\/www.sonoraenequipo.com.mx\/presidente-celebra-primer-discurso-de-la-presidenta-electa-claudia-sheinbaum-a-las-fuerzas-armadas\/#primaryimage"},"image":{"@id":"https:\/\/www.sonoraenequipo.com.mx\/presidente-celebra-primer-discurso-de-la-presidenta-electa-claudia-sheinbaum-a-las-fuerzas-armadas\/#primaryimage"},"thumbnailUrl":"https:\/\/www.sonoraenequipo.com.mx\/storage\/2024\/09\/Claudia-Sheinbaum-min.jpg","datePublished":"2024-09-10T18:28:59+00:00","dateModified":"2024-09-11T23:39:47+00:00","description":"CIUDAD DE M\u00c9XICO. MX.\u2014 El presidente Andr\u00e9s Manuel L\u00f3pez Obrador sostuvo que fue magistral el primer discurso a las Fuerzas Armadas emitido por la En Sonora en Equipo publicamos toda la informaci\u00f3n de Sonora, M\u00e9xico y el Mundo de manera oportuna y busca que la libertad de expresi\u00f3n sea real. Visita nuestro medio informativo publicado desde Hermosillo, Sonora. %","breadcrumb":{"@id":"https:\/\/www.sonoraenequipo.com.mx\/presidente-celebra-primer-discurso-de-la-presidenta-electa-claudia-sheinbaum-a-las-fuerzas-armadas\/#breadcrumb"},"inLanguage":"es","potentialAction":[{"@type":"ReadAction","target":["https:\/\/www.sonoraenequipo.com.mx\/presidente-celebra-primer-discurso-de-la-presidenta-electa-claudia-sheinbaum-a-las-fuerzas-armadas\/"]}]},{"@type":"ImageObject","inLanguage":"es","@id":"https:\/\/www.sonoraenequipo.com.mx\/presidente-celebra-primer-discurso-de-la-presidenta-electa-claudia-sheinbaum-a-las-fuerzas-armadas\/#primaryimage","url":"https:\/\/www.sonoraenequipo.com.mx\/storage\/2024\/09\/Claudia-Sheinbaum-min.jpg","contentUrl":"https:\/\/www.sonoraenequipo.com.mx\/storage\/2024\/09\/Claudia-Sheinbaum-min.jpg","width":900,"height":506},{"@type":"BreadcrumbList","@id":"https:\/\/www.sonoraenequipo.com.mx\/presidente-celebra-primer-discurso-de-la-presidenta-electa-claudia-sheinbaum-a-las-fuerzas-armadas\/#breadcrumb","itemListElement":[{"@type":"ListItem","position":1,"name":"Portada","item":"https:\/\/www.sonoraenequipo.com.mx\/"},{"@type":"ListItem","position":2,"name":"Presidente celebra primer discurso de la presidenta electa Claudia Sheinbaum a las Fuerzas Armadas"}]},{"@type":"WebSite","@id":"https:\/\/www.sonoraenequipo.com.mx\/#website","url":"https:\/\/www.sonoraenequipo.com.mx\/","name":"Sonora en Equipo.","description":"Diario en l\u00ednea con Noticias desde Hermosillo, Sonora","publisher":{"@id":"https:\/\/www.sonoraenequipo.com.mx\/#organization"},"potentialAction":[{"@type":"SearchAction","target":{"@type":"EntryPoint","urlTemplate":"https:\/\/www.sonoraenequipo.com.mx\/?s={search_term_string}"},"query-input":{"@type":"PropertyValueSpecification","valueRequired":true,"valueName":"search_term_string"}}],"inLanguage":"es"},{"@type":"Organization","@id":"https:\/\/www.sonoraenequipo.com.mx\/#organization","name":"Sonoraenequipo.com.mx","url":"https:\/\/www.sonoraenequipo.com.mx\/","logo":{"@type":"ImageObject","inLanguage":"es","@id":"https:\/\/www.sonoraenequipo.com.mx\/#\/schema\/logo\/image\/","url":"https:\/\/www.sonoraenequipo.com.mx\/storage\/2019\/01\/sonoraenequipo_opt.png","contentUrl":"https:\/\/www.sonoraenequipo.com.mx\/storage\/2019\/01\/sonoraenequipo_opt.png","width":375,"height":125,"caption":"Sonoraenequipo.com.mx"},"image":{"@id":"https:\/\/www.sonoraenequipo.com.mx\/#\/schema\/logo\/image\/"},"sameAs":["https:\/\/www.facebook.com\/SonoraEE\/","https:\/\/x.com\/sonoraenequipo","https:\/\/www.youtube.com\/channel\/UC338nW-lPEYmJQs4ZABQ1SQ"]},{"@type":"Person","@id":"https:\/\/www.sonoraenequipo.com.mx\/#\/schema\/person\/50102df0fb23a8fa9e8effad8fa81386","name":"enequipo","image":{"@type":"ImageObject","inLanguage":"es","@id":"https:\/\/www.sonoraenequipo.com.mx\/#\/schema\/person\/image\/","url":"https:\/\/secure.gravatar.com\/avatar\/049821681b589dabc0bc20695993ccebb09f5b5d4d790cd9251b97faac7c652b?s=96&d=blank&r=g","contentUrl":"https:\/\/secure.gravatar.com\/avatar\/049821681b589dabc0bc20695993ccebb09f5b5d4d790cd9251b97faac7c652b?s=96&d=blank&r=g","caption":"enequipo"},"sameAs":["https:\/\/www.facebook.com\/SonoraEE"]}]}},"jetpack_featured_media_url":"https:\/\/www.sonoraenequipo.com.mx\/storage\/2024\/09\/Claudia-Sheinbaum-min.jpg","_links":{"self":[{"href":"https:\/\/www.sonoraenequipo.com.mx\/api\/wp\/v2\/posts\/198929","targetHints":{"allow":["GET"]}}],"collection":[{"href":"https:\/\/www.sonoraenequipo.com.mx\/api\/wp\/v2\/posts"}],"about":[{"href":"https:\/\/www.sonoraenequipo.com.mx\/api\/wp\/v2\/types\/post"}],"author":[{"embeddable":true,"href":"https:\/\/www.sonoraenequipo.com.mx\/api\/wp\/v2\/users\/1"}],"replies":[{"embeddable":true,"href":"https:\/\/www.sonoraenequipo.com.mx\/api\/wp\/v2\/comments?post=198929"}],"version-history":[{"count":1,"href":"https:\/\/www.sonoraenequipo.com.mx\/api\/wp\/v2\/posts\/198929\/revisions"}],"predecessor-version":[{"id":198931,"href":"https:\/\/www.sonoraenequipo.com.mx\/api\/wp\/v2\/posts\/198929\/revisions\/198931"}],"wp:featuredmedia":[{"embeddable":true,"href":"https:\/\/www.sonoraenequipo.com.mx\/api\/wp\/v2\/media\/198930"}],"wp:attachment":[{"href":"https:\/\/www.sonoraenequipo.com.mx\/api\/wp\/v2\/media?parent=198929"}],"wp:term":[{"taxonomy":"category","embeddable":true,"href":"https:\/\/www.sonoraenequipo.com.mx\/api\/wp\/v2\/categories?post=198929"},{"taxonomy":"post_tag","embeddable":true,"href":"https:\/\/www.sonoraenequipo.com.mx\/api\/wp\/v2\/tags?post=198929"}],"curies":[{"name":"wp","href":"https:\/\/api.w.org\/{rel}","templated":true}]}}