{"id":199720,"date":"2024-09-23T12:43:06","date_gmt":"2024-09-23T19:43:06","guid":{"rendered":"https:\/\/www.sonoraenequipo.com.mx\/?p=199720"},"modified":"2024-09-23T12:43:06","modified_gmt":"2024-09-23T19:43:06","slug":"impartira-inah-sonora-conferencia-sobre-los-inmuebles-historicos-religiosos-de-los-pueblos-yaquis","status":"publish","type":"post","link":"https:\/\/www.sonoraenequipo.com.mx\/impartira-inah-sonora-conferencia-sobre-los-inmuebles-historicos-religiosos-de-los-pueblos-yaquis\/","title":{"rendered":"Impartir\u00e1 INAH Sonora conferencia sobre los inmuebles hist\u00f3ricos religiosos de los pueblos Yaquis"},"content":{"rendered":"<p><strong>HERMOSILLO, SONORA, MX.<\/strong> \u2014 El Instituto Nacional de Antropolog\u00eda e Historia en Sonora ofrecer\u00e1 como parte de su octavo ciclo de conferencias \u201cTardes de CAFEINAH\u201d, la charla titulada \u201cLos Grabados de la Puerta del Caj\u00f3n, Bacanora, Sonora\u201d, con la participaci\u00f3n de Cesar Armando Quijada Lopez especialista del INAH, el pr\u00f3ximo viernes 27 de Septiembre a las 17:00 horas (tiempo local) en las instalaciones del Museo Regional de Sonora.<\/p>\n<figure id=\"attachment_199727\" aria-describedby=\"caption-attachment-199727\" style=\"width: 600px\" class=\"wp-caption x-center\"><img loading=\"lazy\" decoding=\"async\" class=\" size-full\" src=\"https:\/\/www.sonoraenequipo.com.mx\/storage\/2024\/09\/puerta-del-cajon.jpg\" alt=\"\" width=\"600\" height=\"449\" \/><figcaption id=\"caption-attachment-199727\" class=\"wp-caption-text\">La Puerta del Caj\u00f3n, que es un peque\u00f1o ca\u00f1\u00f3n por donde pasa el arroyo Bacanora, donde existen varias rocas con figuras hechas por los indios.<\/figcaption><\/figure>\n<p>En mayo de 2023, el se\u00f1or Luis Carlos Galindo Ruiz, visit\u00f3 las oficinas del Centro INAH Sonora, para informar que en el rancho La Mano, propiedad de su padre y que \u00e9l administra, ubicado en el municipio de Bacanora, Sonora, la existencia en un lugar que ellos llaman la Puerta del Caj\u00f3n, que es un peque\u00f1o ca\u00f1\u00f3n por donde pasa el arroyo Bacanora, la existencia de varias rocas, en donde se ven figuras hechas por los indios.<\/p>\n<p>&nbsp;<\/p>\n<p>En esta ocasi\u00f3n, se presentan los trabajos de registro fotogr\u00e1fico y una descripci\u00f3n de las figuras antropomorfas y geom\u00e9tricas, que hay en los diferentes paneles que existen en los siete conjuntos, de que consta el sitio, al que se le ha denominado oficialmente, Grabados de la Puerta del Caj\u00f3n, siendo este lugar, uno de los m\u00e1s recientes registrados por el Centro INAH en el Estado de Sonora.<\/p>\n<p>&nbsp;<\/p>\n<p>Los resultados de dichos estudios, son dignos de compartirse con la poblaci\u00f3n en general, dando como resultado estas conferencias, sin\u00f3nimos de acciones del \u00e1rea de investigaci\u00f3n del Centro INAH Sonora para la formaci\u00f3n y divulgaci\u00f3n cultural.<\/p>\n<p>&nbsp;<\/p>\n<p>De ah\u00ed que las conferencias CAF\u00c9INAH son realizadas el \u00faltimo viernes de cada mes con el objetivo de acercar las \u00faltimas actividades, acciones y programas que el INAH desarrolla en torno a la preservaci\u00f3n del patrimonio cultural de Sonora.<\/p>\n<p>&nbsp;<\/p>\n<p>La invitaci\u00f3n est\u00e1 dirigida a todo p\u00fablico que desee acompa\u00f1arnos de manera presencial\u00a0 el pr\u00f3ximo viernes 27 de septiembre, a las 17:00 horas de Sonora, en las instalaciones de la Antigua Penitenciaria (Calle Jesus Garc\u00eda final s\/n. Col. La Matanza).<\/p>\n<p><strong>Fecha de publicaci\u00f3n lunes 23 de septiembre de 2024<\/strong><\/p>\n","protected":false},"excerpt":{"rendered":"<p>HERMOSILLO, SONORA, MX. \u2014 El Instituto Nacional de Antropolog\u00eda e Historia en Sonora ofrecer\u00e1 como&#8230;<\/p>\n","protected":false},"author":1,"featured_media":199726,"comment_status":"open","ping_status":"open","sticky":false,"template":"","format":"standard","meta":{"_monsterinsights_skip_tracking":false,"_monsterinsights_sitenote_active":false,"_monsterinsights_sitenote_note":"","_monsterinsights_sitenote_category":0,"footnotes":""},"categories":[9],"tags":[2406,15],"class_list":["post"],"yoast_head":" \n<title>Sonora en Equipo. Impartir\u00e1 INAH Sonora conferencia sobre los inmuebles hist\u00f3ricos religiosos de los pueblos Yaquis Etc\u00e9tera<\/title>\n<meta name=\"description\" content=\"HERMOSILLO, SONORA, MX. \u2014 El Instituto Nacional de Antropolog\u00eda e Historia en Sonora ofrecer\u00e1 como parte de su octavo ciclo de conferencias \u201cTardes de En Sonora en Equipo publicamos toda la informaci\u00f3n de Sonora, M\u00e9xico y el Mundo de manera oportuna y busca que la libertad de expresi\u00f3n sea real. Visita nuestro medio informativo publicado desde Hermosillo, Sonora. %\" \/>\n<meta name=\"robots\" content=\"index, follow, max-snippet:-1, max-image-preview:large, max-video-preview:-1\" \/>\n<link rel=\"canonical\" href=\"https:\/\/www.sonoraenequipo.com.mx\/impartira-inah-sonora-conferencia-sobre-los-inmuebles-historicos-religiosos-de-los-pueblos-yaquis\/\" \/>\n<meta property=\"og:locale\" content=\"es_ES\" \/>\n<meta property=\"og:type\" content=\"article\" \/>\n<meta property=\"og:title\" content=\"Sonora en Equipo. Impartir\u00e1 INAH Sonora conferencia sobre los inmuebles hist\u00f3ricos religiosos de los pueblos Yaquis Etc\u00e9tera\" \/>\n<meta property=\"og:description\" content=\"HERMOSILLO, SONORA, MX. \u2014 El Instituto Nacional de Antropolog\u00eda e Historia en Sonora ofrecer\u00e1 como parte de su octavo ciclo de conferencias \u201cTardes de En Sonora en Equipo publicamos toda la informaci\u00f3n de Sonora, M\u00e9xico y el Mundo de manera oportuna y busca que la libertad de expresi\u00f3n sea real. Visita nuestro medio informativo publicado desde Hermosillo, Sonora. %\" \/>\n<meta property=\"og:url\" content=\"https:\/\/www.sonoraenequipo.com.mx\/impartira-inah-sonora-conferencia-sobre-los-inmuebles-historicos-religiosos-de-los-pueblos-yaquis\/\" \/>\n<meta property=\"og:site_name\" content=\"Sonora en Equipo.\" \/>\n<meta property=\"article:publisher\" content=\"https:\/\/www.facebook.com\/SonoraEE\/\" \/>\n<meta property=\"article:author\" content=\"https:\/\/www.facebook.com\/SonoraEE\" \/>\n<meta property=\"article:published_time\" content=\"2024-09-23T19:43:06+00:00\" \/>\n<meta property=\"og:image\" content=\"https:\/\/www.sonoraenequipo.com.mx\/storage\/2024\/09\/jeroglificos.jpg\" \/>\n\t<meta property=\"og:image:width\" content=\"600\" \/>\n\t<meta property=\"og:image:height\" content=\"341\" \/>\n\t<meta property=\"og:image:type\" content=\"image\/jpeg\" \/>\n<meta name=\"author\" content=\"enequipo\" \/>\n<meta name=\"twitter:card\" content=\"summary_large_image\" \/>\n<meta name=\"twitter:creator\" content=\"@sonoraenequipo\" \/>\n<meta name=\"twitter:site\" content=\"@sonoraenequipo\" \/>\n<meta name=\"twitter:label1\" content=\"Escrito por\" \/>\n\t<meta name=\"twitter:data1\" content=\"enequipo\" \/>\n\t<meta name=\"twitter:label2\" content=\"Tiempo de lectura\" \/>\n\t<meta name=\"twitter:data2\" content=\"2 minutos\" \/>\n<script type=\"application\/ld+json\" class=\"yoast-schema-graph\">{\"@context\":\"https:\/\/schema.org\",\"@graph\":[{\"@type\":\"Article\",\"@id\":\"https:\/\/www.sonoraenequipo.com.mx\/impartira-inah-sonora-conferencia-sobre-los-inmuebles-historicos-religiosos-de-los-pueblos-yaquis\/#article\",\"isPartOf\":{\"@id\":\"https:\/\/www.sonoraenequipo.com.mx\/impartira-inah-sonora-conferencia-sobre-los-inmuebles-historicos-religiosos-de-los-pueblos-yaquis\/\"},\"author\":{\"name\":\"enequipo\",\"@id\":\"https:\/\/www.sonoraenequipo.com.mx\/#\/schema\/person\/50102df0fb23a8fa9e8effad8fa81386\"},\"headline\":\"Impartir\u00e1 INAH Sonora conferencia sobre los inmuebles hist\u00f3ricos religiosos de los pueblos Yaquis\",\"datePublished\":\"2024-09-23T19:43:06+00:00\",\"mainEntityOfPage\":{\"@id\":\"https:\/\/www.sonoraenequipo.com.mx\/impartira-inah-sonora-conferencia-sobre-los-inmuebles-historicos-religiosos-de-los-pueblos-yaquis\/\"},\"wordCount\":409,\"commentCount\":0,\"publisher\":{\"@id\":\"https:\/\/www.sonoraenequipo.com.mx\/#organization\"},\"image\":{\"@id\":\"https:\/\/www.sonoraenequipo.com.mx\/impartira-inah-sonora-conferencia-sobre-los-inmuebles-historicos-religiosos-de-los-pueblos-yaquis\/#primaryimage\"},\"thumbnailUrl\":\"https:\/\/www.sonoraenequipo.com.mx\/storage\/2024\/09\/jeroglificos.jpg\",\"keywords\":[\"INAH\",\"Sonora\"],\"articleSection\":[\"Etc\u00e9tera\"],\"inLanguage\":\"es\",\"potentialAction\":[{\"@type\":\"CommentAction\",\"name\":\"Comment\",\"target\":[\"https:\/\/www.sonoraenequipo.com.mx\/impartira-inah-sonora-conferencia-sobre-los-inmuebles-historicos-religiosos-de-los-pueblos-yaquis\/#respond\"]}]},{\"@type\":\"WebPage\",\"@id\":\"https:\/\/www.sonoraenequipo.com.mx\/impartira-inah-sonora-conferencia-sobre-los-inmuebles-historicos-religiosos-de-los-pueblos-yaquis\/\",\"url\":\"https:\/\/www.sonoraenequipo.com.mx\/impartira-inah-sonora-conferencia-sobre-los-inmuebles-historicos-religiosos-de-los-pueblos-yaquis\/\",\"name\":\"Sonora en Equipo. Impartir\u00e1 INAH Sonora conferencia sobre los inmuebles hist\u00f3ricos religiosos de los pueblos Yaquis Etc\u00e9tera\",\"isPartOf\":{\"@id\":\"https:\/\/www.sonoraenequipo.com.mx\/#website\"},\"primaryImageOfPage\":{\"@id\":\"https:\/\/www.sonoraenequipo.com.mx\/impartira-inah-sonora-conferencia-sobre-los-inmuebles-historicos-religiosos-de-los-pueblos-yaquis\/#primaryimage\"},\"image\":{\"@id\":\"https:\/\/www.sonoraenequipo.com.mx\/impartira-inah-sonora-conferencia-sobre-los-inmuebles-historicos-religiosos-de-los-pueblos-yaquis\/#primaryimage\"},\"thumbnailUrl\":\"https:\/\/www.sonoraenequipo.com.mx\/storage\/2024\/09\/jeroglificos.jpg\",\"datePublished\":\"2024-09-23T19:43:06+00:00\",\"description\":\"HERMOSILLO, SONORA, MX. \u2014 El Instituto Nacional de Antropolog\u00eda e Historia en Sonora ofrecer\u00e1 como parte de su octavo ciclo de conferencias \u201cTardes de En Sonora en Equipo publicamos toda la informaci\u00f3n de Sonora, M\u00e9xico y el Mundo de manera oportuna y busca que la libertad de expresi\u00f3n sea real. Visita nuestro medio informativo publicado desde Hermosillo, Sonora. %\",\"breadcrumb\":{\"@id\":\"https:\/\/www.sonoraenequipo.com.mx\/impartira-inah-sonora-conferencia-sobre-los-inmuebles-historicos-religiosos-de-los-pueblos-yaquis\/#breadcrumb\"},\"inLanguage\":\"es\",\"potentialAction\":[{\"@type\":\"ReadAction\",\"target\":[\"https:\/\/www.sonoraenequipo.com.mx\/impartira-inah-sonora-conferencia-sobre-los-inmuebles-historicos-religiosos-de-los-pueblos-yaquis\/\"]}]},{\"@type\":\"ImageObject\",\"inLanguage\":\"es\",\"@id\":\"https:\/\/www.sonoraenequipo.com.mx\/impartira-inah-sonora-conferencia-sobre-los-inmuebles-historicos-religiosos-de-los-pueblos-yaquis\/#primaryimage\",\"url\":\"https:\/\/www.sonoraenequipo.com.mx\/storage\/2024\/09\/jeroglificos.jpg\",\"contentUrl\":\"https:\/\/www.sonoraenequipo.com.mx\/storage\/2024\/09\/jeroglificos.jpg\",\"width\":600,\"height\":341},{\"@type\":\"BreadcrumbList\",\"@id\":\"https:\/\/www.sonoraenequipo.com.mx\/impartira-inah-sonora-conferencia-sobre-los-inmuebles-historicos-religiosos-de-los-pueblos-yaquis\/#breadcrumb\",\"itemListElement\":[{\"@type\":\"ListItem\",\"position\":1,\"name\":\"Portada\",\"item\":\"https:\/\/www.sonoraenequipo.com.mx\/\"},{\"@type\":\"ListItem\",\"position\":2,\"name\":\"Impartir\u00e1 INAH Sonora conferencia sobre los inmuebles hist\u00f3ricos religiosos de los pueblos Yaquis\"}]},{\"@type\":\"WebSite\",\"@id\":\"https:\/\/www.sonoraenequipo.com.mx\/#website\",\"url\":\"https:\/\/www.sonoraenequipo.com.mx\/\",\"name\":\"Sonora en Equipo.\",\"description\":\"Diario en l\u00ednea con Noticias desde Hermosillo, Sonora\",\"publisher\":{\"@id\":\"https:\/\/www.sonoraenequipo.com.mx\/#organization\"},\"potentialAction\":[{\"@type\":\"SearchAction\",\"target\":{\"@type\":\"EntryPoint\",\"urlTemplate\":\"https:\/\/www.sonoraenequipo.com.mx\/?s={search_term_string}\"},\"query-input\":{\"@type\":\"PropertyValueSpecification\",\"valueRequired\":true,\"valueName\":\"search_term_string\"}}],\"inLanguage\":\"es\"},{\"@type\":\"Organization\",\"@id\":\"https:\/\/www.sonoraenequipo.com.mx\/#organization\",\"name\":\"Sonoraenequipo.com.mx\",\"url\":\"https:\/\/www.sonoraenequipo.com.mx\/\",\"logo\":{\"@type\":\"ImageObject\",\"inLanguage\":\"es\",\"@id\":\"https:\/\/www.sonoraenequipo.com.mx\/#\/schema\/logo\/image\/\",\"url\":\"https:\/\/www.sonoraenequipo.com.mx\/storage\/2019\/01\/sonoraenequipo_opt.png\",\"contentUrl\":\"https:\/\/www.sonoraenequipo.com.mx\/storage\/2019\/01\/sonoraenequipo_opt.png\",\"width\":375,\"height\":125,\"caption\":\"Sonoraenequipo.com.mx\"},\"image\":{\"@id\":\"https:\/\/www.sonoraenequipo.com.mx\/#\/schema\/logo\/image\/\"},\"sameAs\":[\"https:\/\/www.facebook.com\/SonoraEE\/\",\"https:\/\/x.com\/sonoraenequipo\",\"https:\/\/www.youtube.com\/channel\/UC338nW-lPEYmJQs4ZABQ1SQ\"]},{\"@type\":\"Person\",\"@id\":\"https:\/\/www.sonoraenequipo.com.mx\/#\/schema\/person\/50102df0fb23a8fa9e8effad8fa81386\",\"name\":\"enequipo\",\"image\":{\"@type\":\"ImageObject\",\"inLanguage\":\"es\",\"@id\":\"https:\/\/www.sonoraenequipo.com.mx\/#\/schema\/person\/image\/\",\"url\":\"https:\/\/secure.gravatar.com\/avatar\/049821681b589dabc0bc20695993ccebb09f5b5d4d790cd9251b97faac7c652b?s=96&d=blank&r=g\",\"contentUrl\":\"https:\/\/secure.gravatar.com\/avatar\/049821681b589dabc0bc20695993ccebb09f5b5d4d790cd9251b97faac7c652b?s=96&d=blank&r=g\",\"caption\":\"enequipo\"},\"sameAs\":[\"https:\/\/www.facebook.com\/SonoraEE\"]}]}<\/script>\n ","yoast_head_json":{"title":"Sonora en Equipo. Impartir\u00e1 INAH Sonora conferencia sobre los inmuebles hist\u00f3ricos religiosos de los pueblos Yaquis Etc\u00e9tera","description":"HERMOSILLO, SONORA, MX. \u2014 El Instituto Nacional de Antropolog\u00eda e Historia en Sonora ofrecer\u00e1 como parte de su octavo ciclo de conferencias \u201cTardes de En Sonora en Equipo publicamos toda la informaci\u00f3n de Sonora, M\u00e9xico y el Mundo de manera oportuna y busca que la libertad de expresi\u00f3n sea real. Visita nuestro medio informativo publicado desde Hermosillo, Sonora. %","robots":{"index":"index","follow":"follow","max-snippet":"max-snippet:-1","max-image-preview":"max-image-preview:large","max-video-preview":"max-video-preview:-1"},"canonical":"https:\/\/www.sonoraenequipo.com.mx\/impartira-inah-sonora-conferencia-sobre-los-inmuebles-historicos-religiosos-de-los-pueblos-yaquis\/","og_locale":"es_ES","og_type":"article","og_title":"Sonora en Equipo. Impartir\u00e1 INAH Sonora conferencia sobre los inmuebles hist\u00f3ricos religiosos de los pueblos Yaquis Etc\u00e9tera","og_description":"HERMOSILLO, SONORA, MX. \u2014 El Instituto Nacional de Antropolog\u00eda e Historia en Sonora ofrecer\u00e1 como parte de su octavo ciclo de conferencias \u201cTardes de En Sonora en Equipo publicamos toda la informaci\u00f3n de Sonora, M\u00e9xico y el Mundo de manera oportuna y busca que la libertad de expresi\u00f3n sea real. Visita nuestro medio informativo publicado desde Hermosillo, Sonora. %","og_url":"https:\/\/www.sonoraenequipo.com.mx\/impartira-inah-sonora-conferencia-sobre-los-inmuebles-historicos-religiosos-de-los-pueblos-yaquis\/","og_site_name":"Sonora en Equipo.","article_publisher":"https:\/\/www.facebook.com\/SonoraEE\/","article_author":"https:\/\/www.facebook.com\/SonoraEE","article_published_time":"2024-09-23T19:43:06+00:00","og_image":[{"width":600,"height":341,"url":"https:\/\/www.sonoraenequipo.com.mx\/storage\/2024\/09\/jeroglificos.jpg","type":"image\/jpeg"}],"author":"enequipo","twitter_card":"summary_large_image","twitter_creator":"@sonoraenequipo","twitter_site":"@sonoraenequipo","twitter_misc":{"Escrito por":"enequipo","Tiempo de lectura":"2 minutos"},"schema":{"@context":"https:\/\/schema.org","@graph":[{"@type":"Article","@id":"https:\/\/www.sonoraenequipo.com.mx\/impartira-inah-sonora-conferencia-sobre-los-inmuebles-historicos-religiosos-de-los-pueblos-yaquis\/#article","isPartOf":{"@id":"https:\/\/www.sonoraenequipo.com.mx\/impartira-inah-sonora-conferencia-sobre-los-inmuebles-historicos-religiosos-de-los-pueblos-yaquis\/"},"author":{"name":"enequipo","@id":"https:\/\/www.sonoraenequipo.com.mx\/#\/schema\/person\/50102df0fb23a8fa9e8effad8fa81386"},"headline":"Impartir\u00e1 INAH Sonora conferencia sobre los inmuebles hist\u00f3ricos religiosos de los pueblos Yaquis","datePublished":"2024-09-23T19:43:06+00:00","mainEntityOfPage":{"@id":"https:\/\/www.sonoraenequipo.com.mx\/impartira-inah-sonora-conferencia-sobre-los-inmuebles-historicos-religiosos-de-los-pueblos-yaquis\/"},"wordCount":409,"commentCount":0,"publisher":{"@id":"https:\/\/www.sonoraenequipo.com.mx\/#organization"},"image":{"@id":"https:\/\/www.sonoraenequipo.com.mx\/impartira-inah-sonora-conferencia-sobre-los-inmuebles-historicos-religiosos-de-los-pueblos-yaquis\/#primaryimage"},"thumbnailUrl":"https:\/\/www.sonoraenequipo.com.mx\/storage\/2024\/09\/jeroglificos.jpg","keywords":["INAH","Sonora"],"articleSection":["Etc\u00e9tera"],"inLanguage":"es","potentialAction":[{"@type":"CommentAction","name":"Comment","target":["https:\/\/www.sonoraenequipo.com.mx\/impartira-inah-sonora-conferencia-sobre-los-inmuebles-historicos-religiosos-de-los-pueblos-yaquis\/#respond"]}]},{"@type":"WebPage","@id":"https:\/\/www.sonoraenequipo.com.mx\/impartira-inah-sonora-conferencia-sobre-los-inmuebles-historicos-religiosos-de-los-pueblos-yaquis\/","url":"https:\/\/www.sonoraenequipo.com.mx\/impartira-inah-sonora-conferencia-sobre-los-inmuebles-historicos-religiosos-de-los-pueblos-yaquis\/","name":"Sonora en Equipo. Impartir\u00e1 INAH Sonora conferencia sobre los inmuebles hist\u00f3ricos religiosos de los pueblos Yaquis Etc\u00e9tera","isPartOf":{"@id":"https:\/\/www.sonoraenequipo.com.mx\/#website"},"primaryImageOfPage":{"@id":"https:\/\/www.sonoraenequipo.com.mx\/impartira-inah-sonora-conferencia-sobre-los-inmuebles-historicos-religiosos-de-los-pueblos-yaquis\/#primaryimage"},"image":{"@id":"https:\/\/www.sonoraenequipo.com.mx\/impartira-inah-sonora-conferencia-sobre-los-inmuebles-historicos-religiosos-de-los-pueblos-yaquis\/#primaryimage"},"thumbnailUrl":"https:\/\/www.sonoraenequipo.com.mx\/storage\/2024\/09\/jeroglificos.jpg","datePublished":"2024-09-23T19:43:06+00:00","description":"HERMOSILLO, SONORA, MX. \u2014 El Instituto Nacional de Antropolog\u00eda e Historia en Sonora ofrecer\u00e1 como parte de su octavo ciclo de conferencias \u201cTardes de En Sonora en Equipo publicamos toda la informaci\u00f3n de Sonora, M\u00e9xico y el Mundo de manera oportuna y busca que la libertad de expresi\u00f3n sea real. Visita nuestro medio informativo publicado desde Hermosillo, Sonora. %","breadcrumb":{"@id":"https:\/\/www.sonoraenequipo.com.mx\/impartira-inah-sonora-conferencia-sobre-los-inmuebles-historicos-religiosos-de-los-pueblos-yaquis\/#breadcrumb"},"inLanguage":"es","potentialAction":[{"@type":"ReadAction","target":["https:\/\/www.sonoraenequipo.com.mx\/impartira-inah-sonora-conferencia-sobre-los-inmuebles-historicos-religiosos-de-los-pueblos-yaquis\/"]}]},{"@type":"ImageObject","inLanguage":"es","@id":"https:\/\/www.sonoraenequipo.com.mx\/impartira-inah-sonora-conferencia-sobre-los-inmuebles-historicos-religiosos-de-los-pueblos-yaquis\/#primaryimage","url":"https:\/\/www.sonoraenequipo.com.mx\/storage\/2024\/09\/jeroglificos.jpg","contentUrl":"https:\/\/www.sonoraenequipo.com.mx\/storage\/2024\/09\/jeroglificos.jpg","width":600,"height":341},{"@type":"BreadcrumbList","@id":"https:\/\/www.sonoraenequipo.com.mx\/impartira-inah-sonora-conferencia-sobre-los-inmuebles-historicos-religiosos-de-los-pueblos-yaquis\/#breadcrumb","itemListElement":[{"@type":"ListItem","position":1,"name":"Portada","item":"https:\/\/www.sonoraenequipo.com.mx\/"},{"@type":"ListItem","position":2,"name":"Impartir\u00e1 INAH Sonora conferencia sobre los inmuebles hist\u00f3ricos religiosos de los pueblos Yaquis"}]},{"@type":"WebSite","@id":"https:\/\/www.sonoraenequipo.com.mx\/#website","url":"https:\/\/www.sonoraenequipo.com.mx\/","name":"Sonora en Equipo.","description":"Diario en l\u00ednea con Noticias desde Hermosillo, Sonora","publisher":{"@id":"https:\/\/www.sonoraenequipo.com.mx\/#organization"},"potentialAction":[{"@type":"SearchAction","target":{"@type":"EntryPoint","urlTemplate":"https:\/\/www.sonoraenequipo.com.mx\/?s={search_term_string}"},"query-input":{"@type":"PropertyValueSpecification","valueRequired":true,"valueName":"search_term_string"}}],"inLanguage":"es"},{"@type":"Organization","@id":"https:\/\/www.sonoraenequipo.com.mx\/#organization","name":"Sonoraenequipo.com.mx","url":"https:\/\/www.sonoraenequipo.com.mx\/","logo":{"@type":"ImageObject","inLanguage":"es","@id":"https:\/\/www.sonoraenequipo.com.mx\/#\/schema\/logo\/image\/","url":"https:\/\/www.sonoraenequipo.com.mx\/storage\/2019\/01\/sonoraenequipo_opt.png","contentUrl":"https:\/\/www.sonoraenequipo.com.mx\/storage\/2019\/01\/sonoraenequipo_opt.png","width":375,"height":125,"caption":"Sonoraenequipo.com.mx"},"image":{"@id":"https:\/\/www.sonoraenequipo.com.mx\/#\/schema\/logo\/image\/"},"sameAs":["https:\/\/www.facebook.com\/SonoraEE\/","https:\/\/x.com\/sonoraenequipo","https:\/\/www.youtube.com\/channel\/UC338nW-lPEYmJQs4ZABQ1SQ"]},{"@type":"Person","@id":"https:\/\/www.sonoraenequipo.com.mx\/#\/schema\/person\/50102df0fb23a8fa9e8effad8fa81386","name":"enequipo","image":{"@type":"ImageObject","inLanguage":"es","@id":"https:\/\/www.sonoraenequipo.com.mx\/#\/schema\/person\/image\/","url":"https:\/\/secure.gravatar.com\/avatar\/049821681b589dabc0bc20695993ccebb09f5b5d4d790cd9251b97faac7c652b?s=96&d=blank&r=g","contentUrl":"https:\/\/secure.gravatar.com\/avatar\/049821681b589dabc0bc20695993ccebb09f5b5d4d790cd9251b97faac7c652b?s=96&d=blank&r=g","caption":"enequipo"},"sameAs":["https:\/\/www.facebook.com\/SonoraEE"]}]}},"jetpack_featured_media_url":"https:\/\/www.sonoraenequipo.com.mx\/storage\/2024\/09\/jeroglificos.jpg","_links":{"self":[{"href":"https:\/\/www.sonoraenequipo.com.mx\/api\/wp\/v2\/posts\/199720","targetHints":{"allow":["GET"]}}],"collection":[{"href":"https:\/\/www.sonoraenequipo.com.mx\/api\/wp\/v2\/posts"}],"about":[{"href":"https:\/\/www.sonoraenequipo.com.mx\/api\/wp\/v2\/types\/post"}],"author":[{"embeddable":true,"href":"https:\/\/www.sonoraenequipo.com.mx\/api\/wp\/v2\/users\/1"}],"replies":[{"embeddable":true,"href":"https:\/\/www.sonoraenequipo.com.mx\/api\/wp\/v2\/comments?post=199720"}],"version-history":[{"count":1,"href":"https:\/\/www.sonoraenequipo.com.mx\/api\/wp\/v2\/posts\/199720\/revisions"}],"predecessor-version":[{"id":199728,"href":"https:\/\/www.sonoraenequipo.com.mx\/api\/wp\/v2\/posts\/199720\/revisions\/199728"}],"wp:featuredmedia":[{"embeddable":true,"href":"https:\/\/www.sonoraenequipo.com.mx\/api\/wp\/v2\/media\/199726"}],"wp:attachment":[{"href":"https:\/\/www.sonoraenequipo.com.mx\/api\/wp\/v2\/media?parent=199720"}],"wp:term":[{"taxonomy":"category","embeddable":true,"href":"https:\/\/www.sonoraenequipo.com.mx\/api\/wp\/v2\/categories?post=199720"},{"taxonomy":"post_tag","embeddable":true,"href":"https:\/\/www.sonoraenequipo.com.mx\/api\/wp\/v2\/tags?post=199720"}],"curies":[{"name":"wp","href":"https:\/\/api.w.org\/{rel}","templated":true}]}}