{"id":199737,"date":"2024-09-23T14:07:26","date_gmt":"2024-09-23T21:07:26","guid":{"rendered":"https:\/\/www.sonoraenequipo.com.mx\/?p=199737"},"modified":"2024-09-23T14:07:26","modified_gmt":"2024-09-23T21:07:26","slug":"recapturan-al-ultimo-de-los-tres-internos-fugados-del-itama-de-cocorit","status":"publish","type":"post","link":"https:\/\/www.sonoraenequipo.com.mx\/recapturan-al-ultimo-de-los-tres-internos-fugados-del-itama-de-cocorit\/","title":{"rendered":"Recapturan \u00a0al \u00faltimo de los tres internos fugados del ITAMA de Coc\u00f3rit"},"content":{"rendered":"<p><strong>NAVOJOA, SONORA, MX.<\/strong><strong> \u0336 \u0336\u00a0 <\/strong>La Fiscal\u00eda General de Justicia del Estado de Sonora (FGJES), a trav\u00e9s de la Agencia Ministerial de Investigaci\u00f3n Criminal (AMIC) realiz\u00f3 la recaptura de Jos\u00e9 Noel \u201cN\u201d, de 20 a\u00f1os, el \u00faltimo de los tres j\u00f3venes fugados del Instituto de Tratamiento y de Aplicaci\u00f3n de Medidas para Adolescentes (ITAMA) de C\u00f3corit en Cajeme, el pasado 8 de septiembre de este a\u00f1o.<\/p>\n<p>&nbsp;<\/p>\n<p>Agentes ministeriales, mediante diversas acciones de investigaci\u00f3n de campo, lograron ubicar al se\u00f1alado, quien fue internado por el delito de violaci\u00f3n equiparada agravada, delito cometido en perjuicio de una menor de 12 a\u00f1os de edad.<\/p>\n<p>&nbsp;<\/p>\n<p>La recaptura se efectu\u00f3 en un domicilio de la colonia 16 de Septiembre, en el municipio de Navojoa, Sonora, siendo reingresado posteriormente al ITAMA a fin de que contin\u00fae su internamiento asentando en su sentencia.<\/p>\n<p>&nbsp;<\/p>\n<p>Es importante mencionar que, desde el momento en que ocurri\u00f3 la fuga, el Ministerio P\u00fablico de Sonora comenz\u00f3 a integrar la carpeta de investigaci\u00f3n correspondiente, con el fin de establecer las responsabilidades en la evasi\u00f3n de los internos, de acuerdo con lo estipulado por la ley.<\/p>\n<p><strong>Fecha de publicaci\u00f3n lunes 23 de septiembre de 2024<\/strong><\/p>\n","protected":false},"excerpt":{"rendered":"<p>NAVOJOA, SONORA, MX. \u0336 \u0336\u00a0 La Fiscal\u00eda General de Justicia del Estado de Sonora (FGJES),&#8230;<\/p>\n","protected":false},"author":1,"featured_media":178327,"comment_status":"open","ping_status":"open","sticky":false,"template":"","format":"standard","meta":{"_monsterinsights_skip_tracking":false,"_monsterinsights_sitenote_active":false,"_monsterinsights_sitenote_note":"","_monsterinsights_sitenote_category":0,"footnotes":""},"categories":[3144],"tags":[10286],"class_list":["post"],"yoast_head":" \n<title>Sonora en Equipo. Recapturan \u00a0al \u00faltimo de los tres internos fugados del ITAMA de Coc\u00f3rit Polic\u00edaca<\/title>\n<meta name=\"description\" content=\"NAVOJOA, SONORA, MX. \u0336 \u0336\u00a0 La Fiscal\u00eda General de Justicia del Estado de Sonora (FGJES), a trav\u00e9s de la Agencia Ministerial de Investigaci\u00f3n Criminal En Sonora en Equipo publicamos toda la informaci\u00f3n de Sonora, M\u00e9xico y el Mundo de manera oportuna y busca que la libertad de expresi\u00f3n sea real. Visita nuestro medio informativo publicado desde Hermosillo, Sonora. %\" \/>\n<meta name=\"robots\" content=\"index, follow, max-snippet:-1, max-image-preview:large, max-video-preview:-1\" \/>\n<link rel=\"canonical\" href=\"https:\/\/www.sonoraenequipo.com.mx\/recapturan-al-ultimo-de-los-tres-internos-fugados-del-itama-de-cocorit\/\" \/>\n<meta property=\"og:locale\" content=\"es_ES\" \/>\n<meta property=\"og:type\" content=\"article\" \/>\n<meta property=\"og:title\" content=\"Sonora en Equipo. Recapturan \u00a0al \u00faltimo de los tres internos fugados del ITAMA de Coc\u00f3rit Polic\u00edaca\" \/>\n<meta property=\"og:description\" content=\"NAVOJOA, SONORA, MX. \u0336 \u0336\u00a0 La Fiscal\u00eda General de Justicia del Estado de Sonora (FGJES), a trav\u00e9s de la Agencia Ministerial de Investigaci\u00f3n Criminal En Sonora en Equipo publicamos toda la informaci\u00f3n de Sonora, M\u00e9xico y el Mundo de manera oportuna y busca que la libertad de expresi\u00f3n sea real. Visita nuestro medio informativo publicado desde Hermosillo, Sonora. %\" \/>\n<meta property=\"og:url\" content=\"https:\/\/www.sonoraenequipo.com.mx\/recapturan-al-ultimo-de-los-tres-internos-fugados-del-itama-de-cocorit\/\" \/>\n<meta property=\"og:site_name\" content=\"Sonora en Equipo.\" \/>\n<meta property=\"article:publisher\" content=\"https:\/\/www.facebook.com\/SonoraEE\/\" \/>\n<meta property=\"article:author\" content=\"https:\/\/www.facebook.com\/SonoraEE\" \/>\n<meta property=\"article:published_time\" content=\"2024-09-23T21:07:26+00:00\" \/>\n<meta property=\"og:image\" content=\"https:\/\/www.sonoraenequipo.com.mx\/storage\/2023\/11\/logo-fgjes.jpg\" \/>\n\t<meta property=\"og:image:width\" content=\"900\" \/>\n\t<meta property=\"og:image:height\" content=\"600\" \/>\n\t<meta property=\"og:image:type\" content=\"image\/jpeg\" \/>\n<meta name=\"author\" content=\"enequipo\" \/>\n<meta name=\"twitter:card\" content=\"summary_large_image\" \/>\n<meta name=\"twitter:creator\" content=\"@sonoraenequipo\" \/>\n<meta name=\"twitter:site\" content=\"@sonoraenequipo\" \/>\n<meta name=\"twitter:label1\" content=\"Escrito por\" \/>\n\t<meta name=\"twitter:data1\" content=\"enequipo\" \/>\n\t<meta name=\"twitter:label2\" content=\"Tiempo de lectura\" \/>\n\t<meta name=\"twitter:data2\" content=\"1 minuto\" \/>\n<script type=\"application\/ld+json\" class=\"yoast-schema-graph\">{\"@context\":\"https:\/\/schema.org\",\"@graph\":[{\"@type\":\"Article\",\"@id\":\"https:\/\/www.sonoraenequipo.com.mx\/recapturan-al-ultimo-de-los-tres-internos-fugados-del-itama-de-cocorit\/#article\",\"isPartOf\":{\"@id\":\"https:\/\/www.sonoraenequipo.com.mx\/recapturan-al-ultimo-de-los-tres-internos-fugados-del-itama-de-cocorit\/\"},\"author\":{\"name\":\"enequipo\",\"@id\":\"https:\/\/www.sonoraenequipo.com.mx\/#\/schema\/person\/50102df0fb23a8fa9e8effad8fa81386\"},\"headline\":\"Recapturan \u00a0al \u00faltimo de los tres internos fugados del ITAMA de Coc\u00f3rit\",\"datePublished\":\"2024-09-23T21:07:26+00:00\",\"mainEntityOfPage\":{\"@id\":\"https:\/\/www.sonoraenequipo.com.mx\/recapturan-al-ultimo-de-los-tres-internos-fugados-del-itama-de-cocorit\/\"},\"wordCount\":216,\"commentCount\":0,\"publisher\":{\"@id\":\"https:\/\/www.sonoraenequipo.com.mx\/#organization\"},\"image\":{\"@id\":\"https:\/\/www.sonoraenequipo.com.mx\/recapturan-al-ultimo-de-los-tres-internos-fugados-del-itama-de-cocorit\/#primaryimage\"},\"thumbnailUrl\":\"https:\/\/www.sonoraenequipo.com.mx\/storage\/2023\/11\/logo-fgjes.jpg\",\"keywords\":[\"INTERNOS FUGADOS COCORIT\"],\"articleSection\":[\"Polic\u00edaca\"],\"inLanguage\":\"es\",\"potentialAction\":[{\"@type\":\"CommentAction\",\"name\":\"Comment\",\"target\":[\"https:\/\/www.sonoraenequipo.com.mx\/recapturan-al-ultimo-de-los-tres-internos-fugados-del-itama-de-cocorit\/#respond\"]}]},{\"@type\":\"WebPage\",\"@id\":\"https:\/\/www.sonoraenequipo.com.mx\/recapturan-al-ultimo-de-los-tres-internos-fugados-del-itama-de-cocorit\/\",\"url\":\"https:\/\/www.sonoraenequipo.com.mx\/recapturan-al-ultimo-de-los-tres-internos-fugados-del-itama-de-cocorit\/\",\"name\":\"Sonora en Equipo. Recapturan \u00a0al \u00faltimo de los tres internos fugados del ITAMA de Coc\u00f3rit Polic\u00edaca\",\"isPartOf\":{\"@id\":\"https:\/\/www.sonoraenequipo.com.mx\/#website\"},\"primaryImageOfPage\":{\"@id\":\"https:\/\/www.sonoraenequipo.com.mx\/recapturan-al-ultimo-de-los-tres-internos-fugados-del-itama-de-cocorit\/#primaryimage\"},\"image\":{\"@id\":\"https:\/\/www.sonoraenequipo.com.mx\/recapturan-al-ultimo-de-los-tres-internos-fugados-del-itama-de-cocorit\/#primaryimage\"},\"thumbnailUrl\":\"https:\/\/www.sonoraenequipo.com.mx\/storage\/2023\/11\/logo-fgjes.jpg\",\"datePublished\":\"2024-09-23T21:07:26+00:00\",\"description\":\"NAVOJOA, SONORA, MX. \u0336 \u0336\u00a0 La Fiscal\u00eda General de Justicia del Estado de Sonora (FGJES), a trav\u00e9s de la Agencia Ministerial de Investigaci\u00f3n Criminal En Sonora en Equipo publicamos toda la informaci\u00f3n de Sonora, M\u00e9xico y el Mundo de manera oportuna y busca que la libertad de expresi\u00f3n sea real. Visita nuestro medio informativo publicado desde Hermosillo, Sonora. %\",\"breadcrumb\":{\"@id\":\"https:\/\/www.sonoraenequipo.com.mx\/recapturan-al-ultimo-de-los-tres-internos-fugados-del-itama-de-cocorit\/#breadcrumb\"},\"inLanguage\":\"es\",\"potentialAction\":[{\"@type\":\"ReadAction\",\"target\":[\"https:\/\/www.sonoraenequipo.com.mx\/recapturan-al-ultimo-de-los-tres-internos-fugados-del-itama-de-cocorit\/\"]}]},{\"@type\":\"ImageObject\",\"inLanguage\":\"es\",\"@id\":\"https:\/\/www.sonoraenequipo.com.mx\/recapturan-al-ultimo-de-los-tres-internos-fugados-del-itama-de-cocorit\/#primaryimage\",\"url\":\"https:\/\/www.sonoraenequipo.com.mx\/storage\/2023\/11\/logo-fgjes.jpg\",\"contentUrl\":\"https:\/\/www.sonoraenequipo.com.mx\/storage\/2023\/11\/logo-fgjes.jpg\",\"width\":900,\"height\":600},{\"@type\":\"BreadcrumbList\",\"@id\":\"https:\/\/www.sonoraenequipo.com.mx\/recapturan-al-ultimo-de-los-tres-internos-fugados-del-itama-de-cocorit\/#breadcrumb\",\"itemListElement\":[{\"@type\":\"ListItem\",\"position\":1,\"name\":\"Portada\",\"item\":\"https:\/\/www.sonoraenequipo.com.mx\/\"},{\"@type\":\"ListItem\",\"position\":2,\"name\":\"Recapturan \u00a0al \u00faltimo de los tres internos fugados del ITAMA de Coc\u00f3rit\"}]},{\"@type\":\"WebSite\",\"@id\":\"https:\/\/www.sonoraenequipo.com.mx\/#website\",\"url\":\"https:\/\/www.sonoraenequipo.com.mx\/\",\"name\":\"Sonora en Equipo.\",\"description\":\"Diario en l\u00ednea con Noticias desde Hermosillo, Sonora\",\"publisher\":{\"@id\":\"https:\/\/www.sonoraenequipo.com.mx\/#organization\"},\"potentialAction\":[{\"@type\":\"SearchAction\",\"target\":{\"@type\":\"EntryPoint\",\"urlTemplate\":\"https:\/\/www.sonoraenequipo.com.mx\/?s={search_term_string}\"},\"query-input\":{\"@type\":\"PropertyValueSpecification\",\"valueRequired\":true,\"valueName\":\"search_term_string\"}}],\"inLanguage\":\"es\"},{\"@type\":\"Organization\",\"@id\":\"https:\/\/www.sonoraenequipo.com.mx\/#organization\",\"name\":\"Sonoraenequipo.com.mx\",\"url\":\"https:\/\/www.sonoraenequipo.com.mx\/\",\"logo\":{\"@type\":\"ImageObject\",\"inLanguage\":\"es\",\"@id\":\"https:\/\/www.sonoraenequipo.com.mx\/#\/schema\/logo\/image\/\",\"url\":\"https:\/\/www.sonoraenequipo.com.mx\/storage\/2019\/01\/sonoraenequipo_opt.png\",\"contentUrl\":\"https:\/\/www.sonoraenequipo.com.mx\/storage\/2019\/01\/sonoraenequipo_opt.png\",\"width\":375,\"height\":125,\"caption\":\"Sonoraenequipo.com.mx\"},\"image\":{\"@id\":\"https:\/\/www.sonoraenequipo.com.mx\/#\/schema\/logo\/image\/\"},\"sameAs\":[\"https:\/\/www.facebook.com\/SonoraEE\/\",\"https:\/\/x.com\/sonoraenequipo\",\"https:\/\/www.youtube.com\/channel\/UC338nW-lPEYmJQs4ZABQ1SQ\"]},{\"@type\":\"Person\",\"@id\":\"https:\/\/www.sonoraenequipo.com.mx\/#\/schema\/person\/50102df0fb23a8fa9e8effad8fa81386\",\"name\":\"enequipo\",\"image\":{\"@type\":\"ImageObject\",\"inLanguage\":\"es\",\"@id\":\"https:\/\/www.sonoraenequipo.com.mx\/#\/schema\/person\/image\/\",\"url\":\"https:\/\/secure.gravatar.com\/avatar\/049821681b589dabc0bc20695993ccebb09f5b5d4d790cd9251b97faac7c652b?s=96&d=blank&r=g\",\"contentUrl\":\"https:\/\/secure.gravatar.com\/avatar\/049821681b589dabc0bc20695993ccebb09f5b5d4d790cd9251b97faac7c652b?s=96&d=blank&r=g\",\"caption\":\"enequipo\"},\"sameAs\":[\"https:\/\/www.facebook.com\/SonoraEE\"]}]}<\/script>\n ","yoast_head_json":{"title":"Sonora en Equipo. Recapturan \u00a0al \u00faltimo de los tres internos fugados del ITAMA de Coc\u00f3rit Polic\u00edaca","description":"NAVOJOA, SONORA, MX. \u0336 \u0336\u00a0 La Fiscal\u00eda General de Justicia del Estado de Sonora (FGJES), a trav\u00e9s de la Agencia Ministerial de Investigaci\u00f3n Criminal En Sonora en Equipo publicamos toda la informaci\u00f3n de Sonora, M\u00e9xico y el Mundo de manera oportuna y busca que la libertad de expresi\u00f3n sea real. Visita nuestro medio informativo publicado desde Hermosillo, Sonora. %","robots":{"index":"index","follow":"follow","max-snippet":"max-snippet:-1","max-image-preview":"max-image-preview:large","max-video-preview":"max-video-preview:-1"},"canonical":"https:\/\/www.sonoraenequipo.com.mx\/recapturan-al-ultimo-de-los-tres-internos-fugados-del-itama-de-cocorit\/","og_locale":"es_ES","og_type":"article","og_title":"Sonora en Equipo. Recapturan \u00a0al \u00faltimo de los tres internos fugados del ITAMA de Coc\u00f3rit Polic\u00edaca","og_description":"NAVOJOA, SONORA, MX. \u0336 \u0336\u00a0 La Fiscal\u00eda General de Justicia del Estado de Sonora (FGJES), a trav\u00e9s de la Agencia Ministerial de Investigaci\u00f3n Criminal En Sonora en Equipo publicamos toda la informaci\u00f3n de Sonora, M\u00e9xico y el Mundo de manera oportuna y busca que la libertad de expresi\u00f3n sea real. Visita nuestro medio informativo publicado desde Hermosillo, Sonora. %","og_url":"https:\/\/www.sonoraenequipo.com.mx\/recapturan-al-ultimo-de-los-tres-internos-fugados-del-itama-de-cocorit\/","og_site_name":"Sonora en Equipo.","article_publisher":"https:\/\/www.facebook.com\/SonoraEE\/","article_author":"https:\/\/www.facebook.com\/SonoraEE","article_published_time":"2024-09-23T21:07:26+00:00","og_image":[{"width":900,"height":600,"url":"https:\/\/www.sonoraenequipo.com.mx\/storage\/2023\/11\/logo-fgjes.jpg","type":"image\/jpeg"}],"author":"enequipo","twitter_card":"summary_large_image","twitter_creator":"@sonoraenequipo","twitter_site":"@sonoraenequipo","twitter_misc":{"Escrito por":"enequipo","Tiempo de lectura":"1 minuto"},"schema":{"@context":"https:\/\/schema.org","@graph":[{"@type":"Article","@id":"https:\/\/www.sonoraenequipo.com.mx\/recapturan-al-ultimo-de-los-tres-internos-fugados-del-itama-de-cocorit\/#article","isPartOf":{"@id":"https:\/\/www.sonoraenequipo.com.mx\/recapturan-al-ultimo-de-los-tres-internos-fugados-del-itama-de-cocorit\/"},"author":{"name":"enequipo","@id":"https:\/\/www.sonoraenequipo.com.mx\/#\/schema\/person\/50102df0fb23a8fa9e8effad8fa81386"},"headline":"Recapturan \u00a0al \u00faltimo de los tres internos fugados del ITAMA de Coc\u00f3rit","datePublished":"2024-09-23T21:07:26+00:00","mainEntityOfPage":{"@id":"https:\/\/www.sonoraenequipo.com.mx\/recapturan-al-ultimo-de-los-tres-internos-fugados-del-itama-de-cocorit\/"},"wordCount":216,"commentCount":0,"publisher":{"@id":"https:\/\/www.sonoraenequipo.com.mx\/#organization"},"image":{"@id":"https:\/\/www.sonoraenequipo.com.mx\/recapturan-al-ultimo-de-los-tres-internos-fugados-del-itama-de-cocorit\/#primaryimage"},"thumbnailUrl":"https:\/\/www.sonoraenequipo.com.mx\/storage\/2023\/11\/logo-fgjes.jpg","keywords":["INTERNOS FUGADOS COCORIT"],"articleSection":["Polic\u00edaca"],"inLanguage":"es","potentialAction":[{"@type":"CommentAction","name":"Comment","target":["https:\/\/www.sonoraenequipo.com.mx\/recapturan-al-ultimo-de-los-tres-internos-fugados-del-itama-de-cocorit\/#respond"]}]},{"@type":"WebPage","@id":"https:\/\/www.sonoraenequipo.com.mx\/recapturan-al-ultimo-de-los-tres-internos-fugados-del-itama-de-cocorit\/","url":"https:\/\/www.sonoraenequipo.com.mx\/recapturan-al-ultimo-de-los-tres-internos-fugados-del-itama-de-cocorit\/","name":"Sonora en Equipo. Recapturan \u00a0al \u00faltimo de los tres internos fugados del ITAMA de Coc\u00f3rit Polic\u00edaca","isPartOf":{"@id":"https:\/\/www.sonoraenequipo.com.mx\/#website"},"primaryImageOfPage":{"@id":"https:\/\/www.sonoraenequipo.com.mx\/recapturan-al-ultimo-de-los-tres-internos-fugados-del-itama-de-cocorit\/#primaryimage"},"image":{"@id":"https:\/\/www.sonoraenequipo.com.mx\/recapturan-al-ultimo-de-los-tres-internos-fugados-del-itama-de-cocorit\/#primaryimage"},"thumbnailUrl":"https:\/\/www.sonoraenequipo.com.mx\/storage\/2023\/11\/logo-fgjes.jpg","datePublished":"2024-09-23T21:07:26+00:00","description":"NAVOJOA, SONORA, MX. \u0336 \u0336\u00a0 La Fiscal\u00eda General de Justicia del Estado de Sonora (FGJES), a trav\u00e9s de la Agencia Ministerial de Investigaci\u00f3n Criminal En Sonora en Equipo publicamos toda la informaci\u00f3n de Sonora, M\u00e9xico y el Mundo de manera oportuna y busca que la libertad de expresi\u00f3n sea real. Visita nuestro medio informativo publicado desde Hermosillo, Sonora. %","breadcrumb":{"@id":"https:\/\/www.sonoraenequipo.com.mx\/recapturan-al-ultimo-de-los-tres-internos-fugados-del-itama-de-cocorit\/#breadcrumb"},"inLanguage":"es","potentialAction":[{"@type":"ReadAction","target":["https:\/\/www.sonoraenequipo.com.mx\/recapturan-al-ultimo-de-los-tres-internos-fugados-del-itama-de-cocorit\/"]}]},{"@type":"ImageObject","inLanguage":"es","@id":"https:\/\/www.sonoraenequipo.com.mx\/recapturan-al-ultimo-de-los-tres-internos-fugados-del-itama-de-cocorit\/#primaryimage","url":"https:\/\/www.sonoraenequipo.com.mx\/storage\/2023\/11\/logo-fgjes.jpg","contentUrl":"https:\/\/www.sonoraenequipo.com.mx\/storage\/2023\/11\/logo-fgjes.jpg","width":900,"height":600},{"@type":"BreadcrumbList","@id":"https:\/\/www.sonoraenequipo.com.mx\/recapturan-al-ultimo-de-los-tres-internos-fugados-del-itama-de-cocorit\/#breadcrumb","itemListElement":[{"@type":"ListItem","position":1,"name":"Portada","item":"https:\/\/www.sonoraenequipo.com.mx\/"},{"@type":"ListItem","position":2,"name":"Recapturan \u00a0al \u00faltimo de los tres internos fugados del ITAMA de Coc\u00f3rit"}]},{"@type":"WebSite","@id":"https:\/\/www.sonoraenequipo.com.mx\/#website","url":"https:\/\/www.sonoraenequipo.com.mx\/","name":"Sonora en Equipo.","description":"Diario en l\u00ednea con Noticias desde Hermosillo, Sonora","publisher":{"@id":"https:\/\/www.sonoraenequipo.com.mx\/#organization"},"potentialAction":[{"@type":"SearchAction","target":{"@type":"EntryPoint","urlTemplate":"https:\/\/www.sonoraenequipo.com.mx\/?s={search_term_string}"},"query-input":{"@type":"PropertyValueSpecification","valueRequired":true,"valueName":"search_term_string"}}],"inLanguage":"es"},{"@type":"Organization","@id":"https:\/\/www.sonoraenequipo.com.mx\/#organization","name":"Sonoraenequipo.com.mx","url":"https:\/\/www.sonoraenequipo.com.mx\/","logo":{"@type":"ImageObject","inLanguage":"es","@id":"https:\/\/www.sonoraenequipo.com.mx\/#\/schema\/logo\/image\/","url":"https:\/\/www.sonoraenequipo.com.mx\/storage\/2019\/01\/sonoraenequipo_opt.png","contentUrl":"https:\/\/www.sonoraenequipo.com.mx\/storage\/2019\/01\/sonoraenequipo_opt.png","width":375,"height":125,"caption":"Sonoraenequipo.com.mx"},"image":{"@id":"https:\/\/www.sonoraenequipo.com.mx\/#\/schema\/logo\/image\/"},"sameAs":["https:\/\/www.facebook.com\/SonoraEE\/","https:\/\/x.com\/sonoraenequipo","https:\/\/www.youtube.com\/channel\/UC338nW-lPEYmJQs4ZABQ1SQ"]},{"@type":"Person","@id":"https:\/\/www.sonoraenequipo.com.mx\/#\/schema\/person\/50102df0fb23a8fa9e8effad8fa81386","name":"enequipo","image":{"@type":"ImageObject","inLanguage":"es","@id":"https:\/\/www.sonoraenequipo.com.mx\/#\/schema\/person\/image\/","url":"https:\/\/secure.gravatar.com\/avatar\/049821681b589dabc0bc20695993ccebb09f5b5d4d790cd9251b97faac7c652b?s=96&d=blank&r=g","contentUrl":"https:\/\/secure.gravatar.com\/avatar\/049821681b589dabc0bc20695993ccebb09f5b5d4d790cd9251b97faac7c652b?s=96&d=blank&r=g","caption":"enequipo"},"sameAs":["https:\/\/www.facebook.com\/SonoraEE"]}]}},"jetpack_featured_media_url":"https:\/\/www.sonoraenequipo.com.mx\/storage\/2023\/11\/logo-fgjes.jpg","_links":{"self":[{"href":"https:\/\/www.sonoraenequipo.com.mx\/api\/wp\/v2\/posts\/199737","targetHints":{"allow":["GET"]}}],"collection":[{"href":"https:\/\/www.sonoraenequipo.com.mx\/api\/wp\/v2\/posts"}],"about":[{"href":"https:\/\/www.sonoraenequipo.com.mx\/api\/wp\/v2\/types\/post"}],"author":[{"embeddable":true,"href":"https:\/\/www.sonoraenequipo.com.mx\/api\/wp\/v2\/users\/1"}],"replies":[{"embeddable":true,"href":"https:\/\/www.sonoraenequipo.com.mx\/api\/wp\/v2\/comments?post=199737"}],"version-history":[{"count":1,"href":"https:\/\/www.sonoraenequipo.com.mx\/api\/wp\/v2\/posts\/199737\/revisions"}],"predecessor-version":[{"id":199738,"href":"https:\/\/www.sonoraenequipo.com.mx\/api\/wp\/v2\/posts\/199737\/revisions\/199738"}],"wp:featuredmedia":[{"embeddable":true,"href":"https:\/\/www.sonoraenequipo.com.mx\/api\/wp\/v2\/media\/178327"}],"wp:attachment":[{"href":"https:\/\/www.sonoraenequipo.com.mx\/api\/wp\/v2\/media?parent=199737"}],"wp:term":[{"taxonomy":"category","embeddable":true,"href":"https:\/\/www.sonoraenequipo.com.mx\/api\/wp\/v2\/categories?post=199737"},{"taxonomy":"post_tag","embeddable":true,"href":"https:\/\/www.sonoraenequipo.com.mx\/api\/wp\/v2\/tags?post=199737"}],"curies":[{"name":"wp","href":"https:\/\/api.w.org\/{rel}","templated":true}]}}