{"id":199811,"date":"2024-09-24T13:09:59","date_gmt":"2024-09-24T20:09:59","guid":{"rendered":"https:\/\/www.sonoraenequipo.com.mx\/?p=199811"},"modified":"2024-09-24T13:09:59","modified_gmt":"2024-09-24T20:09:59","slug":"organizan-sec-y-secretaria-de-economia-expo-pymes-universitaria-2024","status":"publish","type":"post","link":"https:\/\/www.sonoraenequipo.com.mx\/organizan-sec-y-secretaria-de-economia-expo-pymes-universitaria-2024\/","title":{"rendered":"Organizan SEC y Secretar\u00eda de Econom\u00eda Expo Pymes Universitaria 2024"},"content":{"rendered":"<p>&nbsp;<\/p>\n<p><strong>SAN LUIS R\u00cdO COLORADO, SONORA, MX.<\/strong><strong> \u0336 \u0336\u00a0 <\/strong>La Universidad Tecnol\u00f3gica de San Luis R\u00edo Colorado (Utslrc) fue sede del arranque de la Expo Pymes Universitaria 2024, organizada por las secretar\u00edas de Econom\u00eda y de Educaci\u00f3n y Cultura (SEC) con el objetivo de impulsar el comercio sonorense a trav\u00e9s de la exhibici\u00f3n y venta de productos de empresas de la regi\u00f3n.<\/p>\n<p>&nbsp;<\/p>\n<p>&nbsp;<\/p>\n<p>&nbsp;<\/p>\n<p>Jos\u00e9 Arturo Delgado Reza, rector de la Utslrc, resalt\u00f3 que este tipo de eventos, que se realizar\u00e1n en siete universidades tecnol\u00f3gicas del estado, son cruciales para la vinculaci\u00f3n entre el sector empresarial y acad\u00e9mico, generando oportunidades de desarrollo.<\/p>\n<p>&nbsp;<\/p>\n<p>&nbsp;<\/p>\n<p>&nbsp;<\/p>\n<p>A la expo fueron convocados, emprendedores, peque\u00f1as y medianas empresas (PYMEs), as\u00ed como estudiantes universitarios, quienes adem\u00e1s de exponer sus productos, reciben capacitaci\u00f3n empresarial para fomentar el emprendedurismo en las nuevas generaciones de profesionistas.<\/p>\n<p>&nbsp;<\/p>\n<p>&nbsp;<\/p>\n<p>&nbsp;<\/p>\n<p>Las autoridades educativas y de econom\u00eda coincidieron que la Expo Pymes Universitaria 2024 ser\u00e1 un escaparate para la venta de productos, as\u00ed como una importante plataforma de capacitaci\u00f3n, conferencias y talleres especializados para brindarles a los participantes herramientas empresariales que potencien su capacidad para competir en el mercado.<\/p>\n<p>&nbsp;<\/p>\n<p>&nbsp;<\/p>\n<p>&nbsp;<\/p>\n<p>El evento tambi\u00e9n se llevar\u00e1 a cabo en Nogales, Cajeme, Etchojoa, Moctezuma, Hermosillo y Cananea para promover el crecimiento del comercio local en las diferentes regiones de la entidad, con la difusi\u00f3n de conocimientos en gesti\u00f3n empresarial, finanzas y estrategias de mercado.<\/p>\n<p><strong>Fecha de publicaci\u00f3n martes 24 de septiembre de 2024<\/strong><\/p>\n<p>&nbsp;<\/p>\n","protected":false},"excerpt":{"rendered":"<p>&nbsp; SAN LUIS R\u00cdO COLORADO, SONORA, MX. \u0336 \u0336\u00a0 La Universidad Tecnol\u00f3gica de San Luis&#8230;<\/p>\n","protected":false},"author":1,"featured_media":199812,"comment_status":"open","ping_status":"open","sticky":false,"template":"","format":"standard","meta":{"_monsterinsights_skip_tracking":false,"_monsterinsights_sitenote_active":false,"_monsterinsights_sitenote_note":"","_monsterinsights_sitenote_category":0,"footnotes":""},"categories":[22],"tags":[7629],"class_list":["post"],"yoast_head":" \n<title>Sonora en Equipo. Organizan SEC y Secretar\u00eda de Econom\u00eda Expo Pymes Universitaria 2024 Sonora<\/title>\n<meta name=\"description\" content=\"&nbsp; SAN LUIS R\u00cdO COLORADO, SONORA, MX. \u0336 \u0336\u00a0 La Universidad Tecnol\u00f3gica de San Luis R\u00edo Colorado (Utslrc) fue sede del arranque de la Expo Pymes En Sonora en Equipo publicamos toda la informaci\u00f3n de Sonora, M\u00e9xico y el Mundo de manera oportuna y busca que la libertad de expresi\u00f3n sea real. Visita nuestro medio informativo publicado desde Hermosillo, Sonora. %\" \/>\n<meta name=\"robots\" content=\"index, follow, max-snippet:-1, max-image-preview:large, max-video-preview:-1\" \/>\n<link rel=\"canonical\" href=\"https:\/\/www.sonoraenequipo.com.mx\/organizan-sec-y-secretaria-de-economia-expo-pymes-universitaria-2024\/\" \/>\n<meta property=\"og:locale\" content=\"es_ES\" \/>\n<meta property=\"og:type\" content=\"article\" \/>\n<meta property=\"og:title\" content=\"Sonora en Equipo. Organizan SEC y Secretar\u00eda de Econom\u00eda Expo Pymes Universitaria 2024 Sonora\" \/>\n<meta property=\"og:description\" content=\"&nbsp; SAN LUIS R\u00cdO COLORADO, SONORA, MX. \u0336 \u0336\u00a0 La Universidad Tecnol\u00f3gica de San Luis R\u00edo Colorado (Utslrc) fue sede del arranque de la Expo Pymes En Sonora en Equipo publicamos toda la informaci\u00f3n de Sonora, M\u00e9xico y el Mundo de manera oportuna y busca que la libertad de expresi\u00f3n sea real. Visita nuestro medio informativo publicado desde Hermosillo, Sonora. %\" \/>\n<meta property=\"og:url\" content=\"https:\/\/www.sonoraenequipo.com.mx\/organizan-sec-y-secretaria-de-economia-expo-pymes-universitaria-2024\/\" \/>\n<meta property=\"og:site_name\" content=\"Sonora en Equipo.\" \/>\n<meta property=\"article:publisher\" content=\"https:\/\/www.facebook.com\/SonoraEE\/\" \/>\n<meta property=\"article:author\" content=\"https:\/\/www.facebook.com\/SonoraEE\" \/>\n<meta property=\"article:published_time\" content=\"2024-09-24T20:09:59+00:00\" \/>\n<meta property=\"og:image\" content=\"https:\/\/www.sonoraenequipo.com.mx\/storage\/2024\/09\/UTSLR.jpg\" \/>\n\t<meta property=\"og:image:width\" content=\"600\" \/>\n\t<meta property=\"og:image:height\" content=\"400\" \/>\n\t<meta property=\"og:image:type\" content=\"image\/jpeg\" \/>\n<meta name=\"author\" content=\"enequipo\" \/>\n<meta name=\"twitter:card\" content=\"summary_large_image\" \/>\n<meta name=\"twitter:creator\" content=\"@sonoraenequipo\" \/>\n<meta name=\"twitter:site\" content=\"@sonoraenequipo\" \/>\n<meta name=\"twitter:label1\" content=\"Escrito por\" \/>\n\t<meta name=\"twitter:data1\" content=\"enequipo\" \/>\n\t<meta name=\"twitter:label2\" content=\"Tiempo de lectura\" \/>\n\t<meta name=\"twitter:data2\" content=\"1 minuto\" \/>\n<script type=\"application\/ld+json\" class=\"yoast-schema-graph\">{\"@context\":\"https:\/\/schema.org\",\"@graph\":[{\"@type\":\"Article\",\"@id\":\"https:\/\/www.sonoraenequipo.com.mx\/organizan-sec-y-secretaria-de-economia-expo-pymes-universitaria-2024\/#article\",\"isPartOf\":{\"@id\":\"https:\/\/www.sonoraenequipo.com.mx\/organizan-sec-y-secretaria-de-economia-expo-pymes-universitaria-2024\/\"},\"author\":{\"name\":\"enequipo\",\"@id\":\"https:\/\/www.sonoraenequipo.com.mx\/#\/schema\/person\/50102df0fb23a8fa9e8effad8fa81386\"},\"headline\":\"Organizan SEC y Secretar\u00eda de Econom\u00eda Expo Pymes Universitaria 2024\",\"datePublished\":\"2024-09-24T20:09:59+00:00\",\"mainEntityOfPage\":{\"@id\":\"https:\/\/www.sonoraenequipo.com.mx\/organizan-sec-y-secretaria-de-economia-expo-pymes-universitaria-2024\/\"},\"wordCount\":273,\"commentCount\":0,\"publisher\":{\"@id\":\"https:\/\/www.sonoraenequipo.com.mx\/#organization\"},\"image\":{\"@id\":\"https:\/\/www.sonoraenequipo.com.mx\/organizan-sec-y-secretaria-de-economia-expo-pymes-universitaria-2024\/#primaryimage\"},\"thumbnailUrl\":\"https:\/\/www.sonoraenequipo.com.mx\/storage\/2024\/09\/UTSLR.jpg\",\"keywords\":[\"utslrc\"],\"articleSection\":[\"Sonora\"],\"inLanguage\":\"es\",\"potentialAction\":[{\"@type\":\"CommentAction\",\"name\":\"Comment\",\"target\":[\"https:\/\/www.sonoraenequipo.com.mx\/organizan-sec-y-secretaria-de-economia-expo-pymes-universitaria-2024\/#respond\"]}]},{\"@type\":\"WebPage\",\"@id\":\"https:\/\/www.sonoraenequipo.com.mx\/organizan-sec-y-secretaria-de-economia-expo-pymes-universitaria-2024\/\",\"url\":\"https:\/\/www.sonoraenequipo.com.mx\/organizan-sec-y-secretaria-de-economia-expo-pymes-universitaria-2024\/\",\"name\":\"Sonora en Equipo. Organizan SEC y Secretar\u00eda de Econom\u00eda Expo Pymes Universitaria 2024 Sonora\",\"isPartOf\":{\"@id\":\"https:\/\/www.sonoraenequipo.com.mx\/#website\"},\"primaryImageOfPage\":{\"@id\":\"https:\/\/www.sonoraenequipo.com.mx\/organizan-sec-y-secretaria-de-economia-expo-pymes-universitaria-2024\/#primaryimage\"},\"image\":{\"@id\":\"https:\/\/www.sonoraenequipo.com.mx\/organizan-sec-y-secretaria-de-economia-expo-pymes-universitaria-2024\/#primaryimage\"},\"thumbnailUrl\":\"https:\/\/www.sonoraenequipo.com.mx\/storage\/2024\/09\/UTSLR.jpg\",\"datePublished\":\"2024-09-24T20:09:59+00:00\",\"description\":\"&nbsp; SAN LUIS R\u00cdO COLORADO, SONORA, MX. \u0336 \u0336\u00a0 La Universidad Tecnol\u00f3gica de San Luis R\u00edo Colorado (Utslrc) fue sede del arranque de la Expo Pymes En Sonora en Equipo publicamos toda la informaci\u00f3n de Sonora, M\u00e9xico y el Mundo de manera oportuna y busca que la libertad de expresi\u00f3n sea real. Visita nuestro medio informativo publicado desde Hermosillo, Sonora. %\",\"breadcrumb\":{\"@id\":\"https:\/\/www.sonoraenequipo.com.mx\/organizan-sec-y-secretaria-de-economia-expo-pymes-universitaria-2024\/#breadcrumb\"},\"inLanguage\":\"es\",\"potentialAction\":[{\"@type\":\"ReadAction\",\"target\":[\"https:\/\/www.sonoraenequipo.com.mx\/organizan-sec-y-secretaria-de-economia-expo-pymes-universitaria-2024\/\"]}]},{\"@type\":\"ImageObject\",\"inLanguage\":\"es\",\"@id\":\"https:\/\/www.sonoraenequipo.com.mx\/organizan-sec-y-secretaria-de-economia-expo-pymes-universitaria-2024\/#primaryimage\",\"url\":\"https:\/\/www.sonoraenequipo.com.mx\/storage\/2024\/09\/UTSLR.jpg\",\"contentUrl\":\"https:\/\/www.sonoraenequipo.com.mx\/storage\/2024\/09\/UTSLR.jpg\",\"width\":600,\"height\":400},{\"@type\":\"BreadcrumbList\",\"@id\":\"https:\/\/www.sonoraenequipo.com.mx\/organizan-sec-y-secretaria-de-economia-expo-pymes-universitaria-2024\/#breadcrumb\",\"itemListElement\":[{\"@type\":\"ListItem\",\"position\":1,\"name\":\"Portada\",\"item\":\"https:\/\/www.sonoraenequipo.com.mx\/\"},{\"@type\":\"ListItem\",\"position\":2,\"name\":\"Organizan SEC y Secretar\u00eda de Econom\u00eda Expo Pymes Universitaria 2024\"}]},{\"@type\":\"WebSite\",\"@id\":\"https:\/\/www.sonoraenequipo.com.mx\/#website\",\"url\":\"https:\/\/www.sonoraenequipo.com.mx\/\",\"name\":\"Sonora en Equipo.\",\"description\":\"Diario en l\u00ednea con Noticias desde Hermosillo, Sonora\",\"publisher\":{\"@id\":\"https:\/\/www.sonoraenequipo.com.mx\/#organization\"},\"potentialAction\":[{\"@type\":\"SearchAction\",\"target\":{\"@type\":\"EntryPoint\",\"urlTemplate\":\"https:\/\/www.sonoraenequipo.com.mx\/?s={search_term_string}\"},\"query-input\":{\"@type\":\"PropertyValueSpecification\",\"valueRequired\":true,\"valueName\":\"search_term_string\"}}],\"inLanguage\":\"es\"},{\"@type\":\"Organization\",\"@id\":\"https:\/\/www.sonoraenequipo.com.mx\/#organization\",\"name\":\"Sonoraenequipo.com.mx\",\"url\":\"https:\/\/www.sonoraenequipo.com.mx\/\",\"logo\":{\"@type\":\"ImageObject\",\"inLanguage\":\"es\",\"@id\":\"https:\/\/www.sonoraenequipo.com.mx\/#\/schema\/logo\/image\/\",\"url\":\"https:\/\/www.sonoraenequipo.com.mx\/storage\/2019\/01\/sonoraenequipo_opt.png\",\"contentUrl\":\"https:\/\/www.sonoraenequipo.com.mx\/storage\/2019\/01\/sonoraenequipo_opt.png\",\"width\":375,\"height\":125,\"caption\":\"Sonoraenequipo.com.mx\"},\"image\":{\"@id\":\"https:\/\/www.sonoraenequipo.com.mx\/#\/schema\/logo\/image\/\"},\"sameAs\":[\"https:\/\/www.facebook.com\/SonoraEE\/\",\"https:\/\/x.com\/sonoraenequipo\",\"https:\/\/www.youtube.com\/channel\/UC338nW-lPEYmJQs4ZABQ1SQ\"]},{\"@type\":\"Person\",\"@id\":\"https:\/\/www.sonoraenequipo.com.mx\/#\/schema\/person\/50102df0fb23a8fa9e8effad8fa81386\",\"name\":\"enequipo\",\"image\":{\"@type\":\"ImageObject\",\"inLanguage\":\"es\",\"@id\":\"https:\/\/www.sonoraenequipo.com.mx\/#\/schema\/person\/image\/\",\"url\":\"https:\/\/secure.gravatar.com\/avatar\/049821681b589dabc0bc20695993ccebb09f5b5d4d790cd9251b97faac7c652b?s=96&d=blank&r=g\",\"contentUrl\":\"https:\/\/secure.gravatar.com\/avatar\/049821681b589dabc0bc20695993ccebb09f5b5d4d790cd9251b97faac7c652b?s=96&d=blank&r=g\",\"caption\":\"enequipo\"},\"sameAs\":[\"https:\/\/www.facebook.com\/SonoraEE\"]}]}<\/script>\n ","yoast_head_json":{"title":"Sonora en Equipo. Organizan SEC y Secretar\u00eda de Econom\u00eda Expo Pymes Universitaria 2024 Sonora","description":"&nbsp; SAN LUIS R\u00cdO COLORADO, SONORA, MX. \u0336 \u0336\u00a0 La Universidad Tecnol\u00f3gica de San Luis R\u00edo Colorado (Utslrc) fue sede del arranque de la Expo Pymes En Sonora en Equipo publicamos toda la informaci\u00f3n de Sonora, M\u00e9xico y el Mundo de manera oportuna y busca que la libertad de expresi\u00f3n sea real. Visita nuestro medio informativo publicado desde Hermosillo, Sonora. %","robots":{"index":"index","follow":"follow","max-snippet":"max-snippet:-1","max-image-preview":"max-image-preview:large","max-video-preview":"max-video-preview:-1"},"canonical":"https:\/\/www.sonoraenequipo.com.mx\/organizan-sec-y-secretaria-de-economia-expo-pymes-universitaria-2024\/","og_locale":"es_ES","og_type":"article","og_title":"Sonora en Equipo. Organizan SEC y Secretar\u00eda de Econom\u00eda Expo Pymes Universitaria 2024 Sonora","og_description":"&nbsp; SAN LUIS R\u00cdO COLORADO, SONORA, MX. \u0336 \u0336\u00a0 La Universidad Tecnol\u00f3gica de San Luis R\u00edo Colorado (Utslrc) fue sede del arranque de la Expo Pymes En Sonora en Equipo publicamos toda la informaci\u00f3n de Sonora, M\u00e9xico y el Mundo de manera oportuna y busca que la libertad de expresi\u00f3n sea real. Visita nuestro medio informativo publicado desde Hermosillo, Sonora. %","og_url":"https:\/\/www.sonoraenequipo.com.mx\/organizan-sec-y-secretaria-de-economia-expo-pymes-universitaria-2024\/","og_site_name":"Sonora en Equipo.","article_publisher":"https:\/\/www.facebook.com\/SonoraEE\/","article_author":"https:\/\/www.facebook.com\/SonoraEE","article_published_time":"2024-09-24T20:09:59+00:00","og_image":[{"width":600,"height":400,"url":"https:\/\/www.sonoraenequipo.com.mx\/storage\/2024\/09\/UTSLR.jpg","type":"image\/jpeg"}],"author":"enequipo","twitter_card":"summary_large_image","twitter_creator":"@sonoraenequipo","twitter_site":"@sonoraenequipo","twitter_misc":{"Escrito por":"enequipo","Tiempo de lectura":"1 minuto"},"schema":{"@context":"https:\/\/schema.org","@graph":[{"@type":"Article","@id":"https:\/\/www.sonoraenequipo.com.mx\/organizan-sec-y-secretaria-de-economia-expo-pymes-universitaria-2024\/#article","isPartOf":{"@id":"https:\/\/www.sonoraenequipo.com.mx\/organizan-sec-y-secretaria-de-economia-expo-pymes-universitaria-2024\/"},"author":{"name":"enequipo","@id":"https:\/\/www.sonoraenequipo.com.mx\/#\/schema\/person\/50102df0fb23a8fa9e8effad8fa81386"},"headline":"Organizan SEC y Secretar\u00eda de Econom\u00eda Expo Pymes Universitaria 2024","datePublished":"2024-09-24T20:09:59+00:00","mainEntityOfPage":{"@id":"https:\/\/www.sonoraenequipo.com.mx\/organizan-sec-y-secretaria-de-economia-expo-pymes-universitaria-2024\/"},"wordCount":273,"commentCount":0,"publisher":{"@id":"https:\/\/www.sonoraenequipo.com.mx\/#organization"},"image":{"@id":"https:\/\/www.sonoraenequipo.com.mx\/organizan-sec-y-secretaria-de-economia-expo-pymes-universitaria-2024\/#primaryimage"},"thumbnailUrl":"https:\/\/www.sonoraenequipo.com.mx\/storage\/2024\/09\/UTSLR.jpg","keywords":["utslrc"],"articleSection":["Sonora"],"inLanguage":"es","potentialAction":[{"@type":"CommentAction","name":"Comment","target":["https:\/\/www.sonoraenequipo.com.mx\/organizan-sec-y-secretaria-de-economia-expo-pymes-universitaria-2024\/#respond"]}]},{"@type":"WebPage","@id":"https:\/\/www.sonoraenequipo.com.mx\/organizan-sec-y-secretaria-de-economia-expo-pymes-universitaria-2024\/","url":"https:\/\/www.sonoraenequipo.com.mx\/organizan-sec-y-secretaria-de-economia-expo-pymes-universitaria-2024\/","name":"Sonora en Equipo. Organizan SEC y Secretar\u00eda de Econom\u00eda Expo Pymes Universitaria 2024 Sonora","isPartOf":{"@id":"https:\/\/www.sonoraenequipo.com.mx\/#website"},"primaryImageOfPage":{"@id":"https:\/\/www.sonoraenequipo.com.mx\/organizan-sec-y-secretaria-de-economia-expo-pymes-universitaria-2024\/#primaryimage"},"image":{"@id":"https:\/\/www.sonoraenequipo.com.mx\/organizan-sec-y-secretaria-de-economia-expo-pymes-universitaria-2024\/#primaryimage"},"thumbnailUrl":"https:\/\/www.sonoraenequipo.com.mx\/storage\/2024\/09\/UTSLR.jpg","datePublished":"2024-09-24T20:09:59+00:00","description":"&nbsp; SAN LUIS R\u00cdO COLORADO, SONORA, MX. \u0336 \u0336\u00a0 La Universidad Tecnol\u00f3gica de San Luis R\u00edo Colorado (Utslrc) fue sede del arranque de la Expo Pymes En Sonora en Equipo publicamos toda la informaci\u00f3n de Sonora, M\u00e9xico y el Mundo de manera oportuna y busca que la libertad de expresi\u00f3n sea real. Visita nuestro medio informativo publicado desde Hermosillo, Sonora. %","breadcrumb":{"@id":"https:\/\/www.sonoraenequipo.com.mx\/organizan-sec-y-secretaria-de-economia-expo-pymes-universitaria-2024\/#breadcrumb"},"inLanguage":"es","potentialAction":[{"@type":"ReadAction","target":["https:\/\/www.sonoraenequipo.com.mx\/organizan-sec-y-secretaria-de-economia-expo-pymes-universitaria-2024\/"]}]},{"@type":"ImageObject","inLanguage":"es","@id":"https:\/\/www.sonoraenequipo.com.mx\/organizan-sec-y-secretaria-de-economia-expo-pymes-universitaria-2024\/#primaryimage","url":"https:\/\/www.sonoraenequipo.com.mx\/storage\/2024\/09\/UTSLR.jpg","contentUrl":"https:\/\/www.sonoraenequipo.com.mx\/storage\/2024\/09\/UTSLR.jpg","width":600,"height":400},{"@type":"BreadcrumbList","@id":"https:\/\/www.sonoraenequipo.com.mx\/organizan-sec-y-secretaria-de-economia-expo-pymes-universitaria-2024\/#breadcrumb","itemListElement":[{"@type":"ListItem","position":1,"name":"Portada","item":"https:\/\/www.sonoraenequipo.com.mx\/"},{"@type":"ListItem","position":2,"name":"Organizan SEC y Secretar\u00eda de Econom\u00eda Expo Pymes Universitaria 2024"}]},{"@type":"WebSite","@id":"https:\/\/www.sonoraenequipo.com.mx\/#website","url":"https:\/\/www.sonoraenequipo.com.mx\/","name":"Sonora en Equipo.","description":"Diario en l\u00ednea con Noticias desde Hermosillo, Sonora","publisher":{"@id":"https:\/\/www.sonoraenequipo.com.mx\/#organization"},"potentialAction":[{"@type":"SearchAction","target":{"@type":"EntryPoint","urlTemplate":"https:\/\/www.sonoraenequipo.com.mx\/?s={search_term_string}"},"query-input":{"@type":"PropertyValueSpecification","valueRequired":true,"valueName":"search_term_string"}}],"inLanguage":"es"},{"@type":"Organization","@id":"https:\/\/www.sonoraenequipo.com.mx\/#organization","name":"Sonoraenequipo.com.mx","url":"https:\/\/www.sonoraenequipo.com.mx\/","logo":{"@type":"ImageObject","inLanguage":"es","@id":"https:\/\/www.sonoraenequipo.com.mx\/#\/schema\/logo\/image\/","url":"https:\/\/www.sonoraenequipo.com.mx\/storage\/2019\/01\/sonoraenequipo_opt.png","contentUrl":"https:\/\/www.sonoraenequipo.com.mx\/storage\/2019\/01\/sonoraenequipo_opt.png","width":375,"height":125,"caption":"Sonoraenequipo.com.mx"},"image":{"@id":"https:\/\/www.sonoraenequipo.com.mx\/#\/schema\/logo\/image\/"},"sameAs":["https:\/\/www.facebook.com\/SonoraEE\/","https:\/\/x.com\/sonoraenequipo","https:\/\/www.youtube.com\/channel\/UC338nW-lPEYmJQs4ZABQ1SQ"]},{"@type":"Person","@id":"https:\/\/www.sonoraenequipo.com.mx\/#\/schema\/person\/50102df0fb23a8fa9e8effad8fa81386","name":"enequipo","image":{"@type":"ImageObject","inLanguage":"es","@id":"https:\/\/www.sonoraenequipo.com.mx\/#\/schema\/person\/image\/","url":"https:\/\/secure.gravatar.com\/avatar\/049821681b589dabc0bc20695993ccebb09f5b5d4d790cd9251b97faac7c652b?s=96&d=blank&r=g","contentUrl":"https:\/\/secure.gravatar.com\/avatar\/049821681b589dabc0bc20695993ccebb09f5b5d4d790cd9251b97faac7c652b?s=96&d=blank&r=g","caption":"enequipo"},"sameAs":["https:\/\/www.facebook.com\/SonoraEE"]}]}},"jetpack_featured_media_url":"https:\/\/www.sonoraenequipo.com.mx\/storage\/2024\/09\/UTSLR.jpg","_links":{"self":[{"href":"https:\/\/www.sonoraenequipo.com.mx\/api\/wp\/v2\/posts\/199811","targetHints":{"allow":["GET"]}}],"collection":[{"href":"https:\/\/www.sonoraenequipo.com.mx\/api\/wp\/v2\/posts"}],"about":[{"href":"https:\/\/www.sonoraenequipo.com.mx\/api\/wp\/v2\/types\/post"}],"author":[{"embeddable":true,"href":"https:\/\/www.sonoraenequipo.com.mx\/api\/wp\/v2\/users\/1"}],"replies":[{"embeddable":true,"href":"https:\/\/www.sonoraenequipo.com.mx\/api\/wp\/v2\/comments?post=199811"}],"version-history":[{"count":1,"href":"https:\/\/www.sonoraenequipo.com.mx\/api\/wp\/v2\/posts\/199811\/revisions"}],"predecessor-version":[{"id":199813,"href":"https:\/\/www.sonoraenequipo.com.mx\/api\/wp\/v2\/posts\/199811\/revisions\/199813"}],"wp:featuredmedia":[{"embeddable":true,"href":"https:\/\/www.sonoraenequipo.com.mx\/api\/wp\/v2\/media\/199812"}],"wp:attachment":[{"href":"https:\/\/www.sonoraenequipo.com.mx\/api\/wp\/v2\/media?parent=199811"}],"wp:term":[{"taxonomy":"category","embeddable":true,"href":"https:\/\/www.sonoraenequipo.com.mx\/api\/wp\/v2\/categories?post=199811"},{"taxonomy":"post_tag","embeddable":true,"href":"https:\/\/www.sonoraenequipo.com.mx\/api\/wp\/v2\/tags?post=199811"}],"curies":[{"name":"wp","href":"https:\/\/api.w.org\/{rel}","templated":true}]}}