{"id":199817,"date":"2024-09-24T14:39:57","date_gmt":"2024-09-24T21:39:57","guid":{"rendered":"https:\/\/www.sonoraenequipo.com.mx\/?p=199817"},"modified":"2024-09-24T14:39:57","modified_gmt":"2024-09-24T21:39:57","slug":"alumna-de-cecyte-sonora-va-por-titulo-mundial-de-boxeo","status":"publish","type":"post","link":"https:\/\/www.sonoraenequipo.com.mx\/alumna-de-cecyte-sonora-va-por-titulo-mundial-de-boxeo\/","title":{"rendered":"Alumna de Cecyte Sonora va por t\u00edtulo mundial de boxeo"},"content":{"rendered":"<p>HERMOSILLO,<strong> SONORA, MX.<\/strong> \u2014 Camila Anae Rodr\u00edguez Encinas \u201cLa Magn\u00edfica\u201d, alumna del Colegio de Estudios Cient\u00edficos y Tecnol\u00f3gicos del Estado de Sonora (Cecyte), plantel Hermosillo V Pueblitos, disputar\u00e1 el Campeonato Mundial Plata peso Paja del Consejo Mundial de Boxeo.<\/p>\n<p>&nbsp;<\/p>\n<p>&nbsp;<\/p>\n<p>&nbsp;<\/p>\n<p>Blanca Aurelia Valenzuela, directora general de Cecyte Sonora, felicit\u00f3 a la joven de 16 a\u00f1os, quien cursa el quinto semestre, por ser tambi\u00e9n una excelente estudiante que combina las actividades acad\u00e9micas con el deporte que le apasiona, entrenando arduamente, siendo ejemplo de disciplina y dedicaci\u00f3n, por lo que le dese\u00f3 \u00e9xito para que se convierta en la pr\u00f3xima campeona mundial.<\/p>\n<p>&nbsp;<\/p>\n<p>&nbsp;<\/p>\n<p>&nbsp;<\/p>\n<p>Camila Zamorano (9-0-0, 1 Ko\u2019s) se enfrentar\u00e1 a la filipina, Norj Guro (13-8-1, 4 Ko\u2019s); a un paso de ganar el cintur\u00f3n, lo que la convertir\u00eda en la primera mujer boxeadora y hermosillense en coronarse como campeona mundial.<\/p>\n<p>&nbsp;<\/p>\n<p>&nbsp;<\/p>\n<p>&nbsp;<\/p>\n<p>El combate ser\u00e1 el 12 de octubre en la Arena Sonora en Hermosillo, funci\u00f3n que se transmitir\u00e1 a trav\u00e9s de la televisi\u00f3n nacional e internacional, la venta de boletos es por xticket.mx\/guerramexvsfil.<\/p>\n<p><strong>Fecha de publicaci\u00f3n martes 24 de septiembre de 2024<\/strong><\/p>\n","protected":false},"excerpt":{"rendered":"<p>HERMOSILLO, SONORA, MX. \u2014 Camila Anae Rodr\u00edguez Encinas \u201cLa Magn\u00edfica\u201d, alumna del Colegio de Estudios&#8230;<\/p>\n","protected":false},"author":1,"featured_media":199818,"comment_status":"open","ping_status":"open","sticky":false,"template":"","format":"standard","meta":{"_monsterinsights_skip_tracking":false,"_monsterinsights_sitenote_active":false,"_monsterinsights_sitenote_note":"","_monsterinsights_sitenote_category":0,"footnotes":""},"categories":[10],"tags":[6785,6582,15],"class_list":["post"],"yoast_head":" \n<title>Sonora en Equipo. Alumna de Cecyte Sonora va por t\u00edtulo mundial de boxeo Deportes<\/title>\n<meta name=\"description\" content=\"HERMOSILLO, SONORA, MX. \u2014 Camila Anae Rodr\u00edguez Encinas \u201cLa Magn\u00edfica\u201d, alumna del Colegio de Estudios Cient\u00edficos y Tecnol\u00f3gicos del Estado de Sonora En Sonora en Equipo publicamos toda la informaci\u00f3n de Sonora, M\u00e9xico y el Mundo de manera oportuna y busca que la libertad de expresi\u00f3n sea real. Visita nuestro medio informativo publicado desde Hermosillo, Sonora. %\" \/>\n<meta name=\"robots\" content=\"index, follow, max-snippet:-1, max-image-preview:large, max-video-preview:-1\" \/>\n<link rel=\"canonical\" href=\"https:\/\/www.sonoraenequipo.com.mx\/alumna-de-cecyte-sonora-va-por-titulo-mundial-de-boxeo\/\" \/>\n<meta property=\"og:locale\" content=\"es_ES\" \/>\n<meta property=\"og:type\" content=\"article\" \/>\n<meta property=\"og:title\" content=\"Sonora en Equipo. Alumna de Cecyte Sonora va por t\u00edtulo mundial de boxeo Deportes\" \/>\n<meta property=\"og:description\" content=\"HERMOSILLO, SONORA, MX. \u2014 Camila Anae Rodr\u00edguez Encinas \u201cLa Magn\u00edfica\u201d, alumna del Colegio de Estudios Cient\u00edficos y Tecnol\u00f3gicos del Estado de Sonora En Sonora en Equipo publicamos toda la informaci\u00f3n de Sonora, M\u00e9xico y el Mundo de manera oportuna y busca que la libertad de expresi\u00f3n sea real. Visita nuestro medio informativo publicado desde Hermosillo, Sonora. %\" \/>\n<meta property=\"og:url\" content=\"https:\/\/www.sonoraenequipo.com.mx\/alumna-de-cecyte-sonora-va-por-titulo-mundial-de-boxeo\/\" \/>\n<meta property=\"og:site_name\" content=\"Sonora en Equipo.\" \/>\n<meta property=\"article:publisher\" content=\"https:\/\/www.facebook.com\/SonoraEE\/\" \/>\n<meta property=\"article:author\" content=\"https:\/\/www.facebook.com\/SonoraEE\" \/>\n<meta property=\"article:published_time\" content=\"2024-09-24T21:39:57+00:00\" \/>\n<meta property=\"og:image\" content=\"https:\/\/www.sonoraenequipo.com.mx\/storage\/2024\/09\/magnifica.jpg\" \/>\n\t<meta property=\"og:image:width\" content=\"600\" \/>\n\t<meta property=\"og:image:height\" content=\"421\" \/>\n\t<meta property=\"og:image:type\" content=\"image\/jpeg\" \/>\n<meta name=\"author\" content=\"enequipo\" \/>\n<meta name=\"twitter:card\" content=\"summary_large_image\" \/>\n<meta name=\"twitter:creator\" content=\"@sonoraenequipo\" \/>\n<meta name=\"twitter:site\" content=\"@sonoraenequipo\" \/>\n<meta name=\"twitter:label1\" content=\"Escrito por\" \/>\n\t<meta name=\"twitter:data1\" content=\"enequipo\" \/>\n\t<meta name=\"twitter:label2\" content=\"Tiempo de lectura\" \/>\n\t<meta name=\"twitter:data2\" content=\"1 minuto\" \/>\n<script type=\"application\/ld+json\" class=\"yoast-schema-graph\">{\"@context\":\"https:\/\/schema.org\",\"@graph\":[{\"@type\":\"Article\",\"@id\":\"https:\/\/www.sonoraenequipo.com.mx\/alumna-de-cecyte-sonora-va-por-titulo-mundial-de-boxeo\/#article\",\"isPartOf\":{\"@id\":\"https:\/\/www.sonoraenequipo.com.mx\/alumna-de-cecyte-sonora-va-por-titulo-mundial-de-boxeo\/\"},\"author\":{\"name\":\"enequipo\",\"@id\":\"https:\/\/www.sonoraenequipo.com.mx\/#\/schema\/person\/50102df0fb23a8fa9e8effad8fa81386\"},\"headline\":\"Alumna de Cecyte Sonora va por t\u00edtulo mundial de boxeo\",\"datePublished\":\"2024-09-24T21:39:57+00:00\",\"mainEntityOfPage\":{\"@id\":\"https:\/\/www.sonoraenequipo.com.mx\/alumna-de-cecyte-sonora-va-por-titulo-mundial-de-boxeo\/\"},\"wordCount\":212,\"commentCount\":0,\"publisher\":{\"@id\":\"https:\/\/www.sonoraenequipo.com.mx\/#organization\"},\"image\":{\"@id\":\"https:\/\/www.sonoraenequipo.com.mx\/alumna-de-cecyte-sonora-va-por-titulo-mundial-de-boxeo\/#primaryimage\"},\"thumbnailUrl\":\"https:\/\/www.sonoraenequipo.com.mx\/storage\/2024\/09\/magnifica.jpg\",\"keywords\":[\"alumna\",\"cecyte\",\"Sonora\"],\"articleSection\":[\"Deportes\"],\"inLanguage\":\"es\",\"potentialAction\":[{\"@type\":\"CommentAction\",\"name\":\"Comment\",\"target\":[\"https:\/\/www.sonoraenequipo.com.mx\/alumna-de-cecyte-sonora-va-por-titulo-mundial-de-boxeo\/#respond\"]}]},{\"@type\":\"WebPage\",\"@id\":\"https:\/\/www.sonoraenequipo.com.mx\/alumna-de-cecyte-sonora-va-por-titulo-mundial-de-boxeo\/\",\"url\":\"https:\/\/www.sonoraenequipo.com.mx\/alumna-de-cecyte-sonora-va-por-titulo-mundial-de-boxeo\/\",\"name\":\"Sonora en Equipo. Alumna de Cecyte Sonora va por t\u00edtulo mundial de boxeo Deportes\",\"isPartOf\":{\"@id\":\"https:\/\/www.sonoraenequipo.com.mx\/#website\"},\"primaryImageOfPage\":{\"@id\":\"https:\/\/www.sonoraenequipo.com.mx\/alumna-de-cecyte-sonora-va-por-titulo-mundial-de-boxeo\/#primaryimage\"},\"image\":{\"@id\":\"https:\/\/www.sonoraenequipo.com.mx\/alumna-de-cecyte-sonora-va-por-titulo-mundial-de-boxeo\/#primaryimage\"},\"thumbnailUrl\":\"https:\/\/www.sonoraenequipo.com.mx\/storage\/2024\/09\/magnifica.jpg\",\"datePublished\":\"2024-09-24T21:39:57+00:00\",\"description\":\"HERMOSILLO, SONORA, MX. \u2014 Camila Anae Rodr\u00edguez Encinas \u201cLa Magn\u00edfica\u201d, alumna del Colegio de Estudios Cient\u00edficos y Tecnol\u00f3gicos del Estado de Sonora En Sonora en Equipo publicamos toda la informaci\u00f3n de Sonora, M\u00e9xico y el Mundo de manera oportuna y busca que la libertad de expresi\u00f3n sea real. Visita nuestro medio informativo publicado desde Hermosillo, Sonora. %\",\"breadcrumb\":{\"@id\":\"https:\/\/www.sonoraenequipo.com.mx\/alumna-de-cecyte-sonora-va-por-titulo-mundial-de-boxeo\/#breadcrumb\"},\"inLanguage\":\"es\",\"potentialAction\":[{\"@type\":\"ReadAction\",\"target\":[\"https:\/\/www.sonoraenequipo.com.mx\/alumna-de-cecyte-sonora-va-por-titulo-mundial-de-boxeo\/\"]}]},{\"@type\":\"ImageObject\",\"inLanguage\":\"es\",\"@id\":\"https:\/\/www.sonoraenequipo.com.mx\/alumna-de-cecyte-sonora-va-por-titulo-mundial-de-boxeo\/#primaryimage\",\"url\":\"https:\/\/www.sonoraenequipo.com.mx\/storage\/2024\/09\/magnifica.jpg\",\"contentUrl\":\"https:\/\/www.sonoraenequipo.com.mx\/storage\/2024\/09\/magnifica.jpg\",\"width\":600,\"height\":421,\"caption\":\"Archivo\"},{\"@type\":\"BreadcrumbList\",\"@id\":\"https:\/\/www.sonoraenequipo.com.mx\/alumna-de-cecyte-sonora-va-por-titulo-mundial-de-boxeo\/#breadcrumb\",\"itemListElement\":[{\"@type\":\"ListItem\",\"position\":1,\"name\":\"Portada\",\"item\":\"https:\/\/www.sonoraenequipo.com.mx\/\"},{\"@type\":\"ListItem\",\"position\":2,\"name\":\"Alumna de Cecyte Sonora va por t\u00edtulo mundial de boxeo\"}]},{\"@type\":\"WebSite\",\"@id\":\"https:\/\/www.sonoraenequipo.com.mx\/#website\",\"url\":\"https:\/\/www.sonoraenequipo.com.mx\/\",\"name\":\"Sonora en Equipo.\",\"description\":\"Diario en l\u00ednea con Noticias desde Hermosillo, Sonora\",\"publisher\":{\"@id\":\"https:\/\/www.sonoraenequipo.com.mx\/#organization\"},\"potentialAction\":[{\"@type\":\"SearchAction\",\"target\":{\"@type\":\"EntryPoint\",\"urlTemplate\":\"https:\/\/www.sonoraenequipo.com.mx\/?s={search_term_string}\"},\"query-input\":{\"@type\":\"PropertyValueSpecification\",\"valueRequired\":true,\"valueName\":\"search_term_string\"}}],\"inLanguage\":\"es\"},{\"@type\":\"Organization\",\"@id\":\"https:\/\/www.sonoraenequipo.com.mx\/#organization\",\"name\":\"Sonoraenequipo.com.mx\",\"url\":\"https:\/\/www.sonoraenequipo.com.mx\/\",\"logo\":{\"@type\":\"ImageObject\",\"inLanguage\":\"es\",\"@id\":\"https:\/\/www.sonoraenequipo.com.mx\/#\/schema\/logo\/image\/\",\"url\":\"https:\/\/www.sonoraenequipo.com.mx\/storage\/2019\/01\/sonoraenequipo_opt.png\",\"contentUrl\":\"https:\/\/www.sonoraenequipo.com.mx\/storage\/2019\/01\/sonoraenequipo_opt.png\",\"width\":375,\"height\":125,\"caption\":\"Sonoraenequipo.com.mx\"},\"image\":{\"@id\":\"https:\/\/www.sonoraenequipo.com.mx\/#\/schema\/logo\/image\/\"},\"sameAs\":[\"https:\/\/www.facebook.com\/SonoraEE\/\",\"https:\/\/x.com\/sonoraenequipo\",\"https:\/\/www.youtube.com\/channel\/UC338nW-lPEYmJQs4ZABQ1SQ\"]},{\"@type\":\"Person\",\"@id\":\"https:\/\/www.sonoraenequipo.com.mx\/#\/schema\/person\/50102df0fb23a8fa9e8effad8fa81386\",\"name\":\"enequipo\",\"image\":{\"@type\":\"ImageObject\",\"inLanguage\":\"es\",\"@id\":\"https:\/\/www.sonoraenequipo.com.mx\/#\/schema\/person\/image\/\",\"url\":\"https:\/\/secure.gravatar.com\/avatar\/049821681b589dabc0bc20695993ccebb09f5b5d4d790cd9251b97faac7c652b?s=96&d=blank&r=g\",\"contentUrl\":\"https:\/\/secure.gravatar.com\/avatar\/049821681b589dabc0bc20695993ccebb09f5b5d4d790cd9251b97faac7c652b?s=96&d=blank&r=g\",\"caption\":\"enequipo\"},\"sameAs\":[\"https:\/\/www.facebook.com\/SonoraEE\"]}]}<\/script>\n ","yoast_head_json":{"title":"Sonora en Equipo. Alumna de Cecyte Sonora va por t\u00edtulo mundial de boxeo Deportes","description":"HERMOSILLO, SONORA, MX. \u2014 Camila Anae Rodr\u00edguez Encinas \u201cLa Magn\u00edfica\u201d, alumna del Colegio de Estudios Cient\u00edficos y Tecnol\u00f3gicos del Estado de Sonora En Sonora en Equipo publicamos toda la informaci\u00f3n de Sonora, M\u00e9xico y el Mundo de manera oportuna y busca que la libertad de expresi\u00f3n sea real. Visita nuestro medio informativo publicado desde Hermosillo, Sonora. %","robots":{"index":"index","follow":"follow","max-snippet":"max-snippet:-1","max-image-preview":"max-image-preview:large","max-video-preview":"max-video-preview:-1"},"canonical":"https:\/\/www.sonoraenequipo.com.mx\/alumna-de-cecyte-sonora-va-por-titulo-mundial-de-boxeo\/","og_locale":"es_ES","og_type":"article","og_title":"Sonora en Equipo. Alumna de Cecyte Sonora va por t\u00edtulo mundial de boxeo Deportes","og_description":"HERMOSILLO, SONORA, MX. \u2014 Camila Anae Rodr\u00edguez Encinas \u201cLa Magn\u00edfica\u201d, alumna del Colegio de Estudios Cient\u00edficos y Tecnol\u00f3gicos del Estado de Sonora En Sonora en Equipo publicamos toda la informaci\u00f3n de Sonora, M\u00e9xico y el Mundo de manera oportuna y busca que la libertad de expresi\u00f3n sea real. Visita nuestro medio informativo publicado desde Hermosillo, Sonora. %","og_url":"https:\/\/www.sonoraenequipo.com.mx\/alumna-de-cecyte-sonora-va-por-titulo-mundial-de-boxeo\/","og_site_name":"Sonora en Equipo.","article_publisher":"https:\/\/www.facebook.com\/SonoraEE\/","article_author":"https:\/\/www.facebook.com\/SonoraEE","article_published_time":"2024-09-24T21:39:57+00:00","og_image":[{"width":600,"height":421,"url":"https:\/\/www.sonoraenequipo.com.mx\/storage\/2024\/09\/magnifica.jpg","type":"image\/jpeg"}],"author":"enequipo","twitter_card":"summary_large_image","twitter_creator":"@sonoraenequipo","twitter_site":"@sonoraenequipo","twitter_misc":{"Escrito por":"enequipo","Tiempo de lectura":"1 minuto"},"schema":{"@context":"https:\/\/schema.org","@graph":[{"@type":"Article","@id":"https:\/\/www.sonoraenequipo.com.mx\/alumna-de-cecyte-sonora-va-por-titulo-mundial-de-boxeo\/#article","isPartOf":{"@id":"https:\/\/www.sonoraenequipo.com.mx\/alumna-de-cecyte-sonora-va-por-titulo-mundial-de-boxeo\/"},"author":{"name":"enequipo","@id":"https:\/\/www.sonoraenequipo.com.mx\/#\/schema\/person\/50102df0fb23a8fa9e8effad8fa81386"},"headline":"Alumna de Cecyte Sonora va por t\u00edtulo mundial de boxeo","datePublished":"2024-09-24T21:39:57+00:00","mainEntityOfPage":{"@id":"https:\/\/www.sonoraenequipo.com.mx\/alumna-de-cecyte-sonora-va-por-titulo-mundial-de-boxeo\/"},"wordCount":212,"commentCount":0,"publisher":{"@id":"https:\/\/www.sonoraenequipo.com.mx\/#organization"},"image":{"@id":"https:\/\/www.sonoraenequipo.com.mx\/alumna-de-cecyte-sonora-va-por-titulo-mundial-de-boxeo\/#primaryimage"},"thumbnailUrl":"https:\/\/www.sonoraenequipo.com.mx\/storage\/2024\/09\/magnifica.jpg","keywords":["alumna","cecyte","Sonora"],"articleSection":["Deportes"],"inLanguage":"es","potentialAction":[{"@type":"CommentAction","name":"Comment","target":["https:\/\/www.sonoraenequipo.com.mx\/alumna-de-cecyte-sonora-va-por-titulo-mundial-de-boxeo\/#respond"]}]},{"@type":"WebPage","@id":"https:\/\/www.sonoraenequipo.com.mx\/alumna-de-cecyte-sonora-va-por-titulo-mundial-de-boxeo\/","url":"https:\/\/www.sonoraenequipo.com.mx\/alumna-de-cecyte-sonora-va-por-titulo-mundial-de-boxeo\/","name":"Sonora en Equipo. Alumna de Cecyte Sonora va por t\u00edtulo mundial de boxeo Deportes","isPartOf":{"@id":"https:\/\/www.sonoraenequipo.com.mx\/#website"},"primaryImageOfPage":{"@id":"https:\/\/www.sonoraenequipo.com.mx\/alumna-de-cecyte-sonora-va-por-titulo-mundial-de-boxeo\/#primaryimage"},"image":{"@id":"https:\/\/www.sonoraenequipo.com.mx\/alumna-de-cecyte-sonora-va-por-titulo-mundial-de-boxeo\/#primaryimage"},"thumbnailUrl":"https:\/\/www.sonoraenequipo.com.mx\/storage\/2024\/09\/magnifica.jpg","datePublished":"2024-09-24T21:39:57+00:00","description":"HERMOSILLO, SONORA, MX. \u2014 Camila Anae Rodr\u00edguez Encinas \u201cLa Magn\u00edfica\u201d, alumna del Colegio de Estudios Cient\u00edficos y Tecnol\u00f3gicos del Estado de Sonora En Sonora en Equipo publicamos toda la informaci\u00f3n de Sonora, M\u00e9xico y el Mundo de manera oportuna y busca que la libertad de expresi\u00f3n sea real. Visita nuestro medio informativo publicado desde Hermosillo, Sonora. %","breadcrumb":{"@id":"https:\/\/www.sonoraenequipo.com.mx\/alumna-de-cecyte-sonora-va-por-titulo-mundial-de-boxeo\/#breadcrumb"},"inLanguage":"es","potentialAction":[{"@type":"ReadAction","target":["https:\/\/www.sonoraenequipo.com.mx\/alumna-de-cecyte-sonora-va-por-titulo-mundial-de-boxeo\/"]}]},{"@type":"ImageObject","inLanguage":"es","@id":"https:\/\/www.sonoraenequipo.com.mx\/alumna-de-cecyte-sonora-va-por-titulo-mundial-de-boxeo\/#primaryimage","url":"https:\/\/www.sonoraenequipo.com.mx\/storage\/2024\/09\/magnifica.jpg","contentUrl":"https:\/\/www.sonoraenequipo.com.mx\/storage\/2024\/09\/magnifica.jpg","width":600,"height":421,"caption":"Archivo"},{"@type":"BreadcrumbList","@id":"https:\/\/www.sonoraenequipo.com.mx\/alumna-de-cecyte-sonora-va-por-titulo-mundial-de-boxeo\/#breadcrumb","itemListElement":[{"@type":"ListItem","position":1,"name":"Portada","item":"https:\/\/www.sonoraenequipo.com.mx\/"},{"@type":"ListItem","position":2,"name":"Alumna de Cecyte Sonora va por t\u00edtulo mundial de boxeo"}]},{"@type":"WebSite","@id":"https:\/\/www.sonoraenequipo.com.mx\/#website","url":"https:\/\/www.sonoraenequipo.com.mx\/","name":"Sonora en Equipo.","description":"Diario en l\u00ednea con Noticias desde Hermosillo, Sonora","publisher":{"@id":"https:\/\/www.sonoraenequipo.com.mx\/#organization"},"potentialAction":[{"@type":"SearchAction","target":{"@type":"EntryPoint","urlTemplate":"https:\/\/www.sonoraenequipo.com.mx\/?s={search_term_string}"},"query-input":{"@type":"PropertyValueSpecification","valueRequired":true,"valueName":"search_term_string"}}],"inLanguage":"es"},{"@type":"Organization","@id":"https:\/\/www.sonoraenequipo.com.mx\/#organization","name":"Sonoraenequipo.com.mx","url":"https:\/\/www.sonoraenequipo.com.mx\/","logo":{"@type":"ImageObject","inLanguage":"es","@id":"https:\/\/www.sonoraenequipo.com.mx\/#\/schema\/logo\/image\/","url":"https:\/\/www.sonoraenequipo.com.mx\/storage\/2019\/01\/sonoraenequipo_opt.png","contentUrl":"https:\/\/www.sonoraenequipo.com.mx\/storage\/2019\/01\/sonoraenequipo_opt.png","width":375,"height":125,"caption":"Sonoraenequipo.com.mx"},"image":{"@id":"https:\/\/www.sonoraenequipo.com.mx\/#\/schema\/logo\/image\/"},"sameAs":["https:\/\/www.facebook.com\/SonoraEE\/","https:\/\/x.com\/sonoraenequipo","https:\/\/www.youtube.com\/channel\/UC338nW-lPEYmJQs4ZABQ1SQ"]},{"@type":"Person","@id":"https:\/\/www.sonoraenequipo.com.mx\/#\/schema\/person\/50102df0fb23a8fa9e8effad8fa81386","name":"enequipo","image":{"@type":"ImageObject","inLanguage":"es","@id":"https:\/\/www.sonoraenequipo.com.mx\/#\/schema\/person\/image\/","url":"https:\/\/secure.gravatar.com\/avatar\/049821681b589dabc0bc20695993ccebb09f5b5d4d790cd9251b97faac7c652b?s=96&d=blank&r=g","contentUrl":"https:\/\/secure.gravatar.com\/avatar\/049821681b589dabc0bc20695993ccebb09f5b5d4d790cd9251b97faac7c652b?s=96&d=blank&r=g","caption":"enequipo"},"sameAs":["https:\/\/www.facebook.com\/SonoraEE"]}]}},"jetpack_featured_media_url":"https:\/\/www.sonoraenequipo.com.mx\/storage\/2024\/09\/magnifica.jpg","_links":{"self":[{"href":"https:\/\/www.sonoraenequipo.com.mx\/api\/wp\/v2\/posts\/199817","targetHints":{"allow":["GET"]}}],"collection":[{"href":"https:\/\/www.sonoraenequipo.com.mx\/api\/wp\/v2\/posts"}],"about":[{"href":"https:\/\/www.sonoraenequipo.com.mx\/api\/wp\/v2\/types\/post"}],"author":[{"embeddable":true,"href":"https:\/\/www.sonoraenequipo.com.mx\/api\/wp\/v2\/users\/1"}],"replies":[{"embeddable":true,"href":"https:\/\/www.sonoraenequipo.com.mx\/api\/wp\/v2\/comments?post=199817"}],"version-history":[{"count":1,"href":"https:\/\/www.sonoraenequipo.com.mx\/api\/wp\/v2\/posts\/199817\/revisions"}],"predecessor-version":[{"id":199819,"href":"https:\/\/www.sonoraenequipo.com.mx\/api\/wp\/v2\/posts\/199817\/revisions\/199819"}],"wp:featuredmedia":[{"embeddable":true,"href":"https:\/\/www.sonoraenequipo.com.mx\/api\/wp\/v2\/media\/199818"}],"wp:attachment":[{"href":"https:\/\/www.sonoraenequipo.com.mx\/api\/wp\/v2\/media?parent=199817"}],"wp:term":[{"taxonomy":"category","embeddable":true,"href":"https:\/\/www.sonoraenequipo.com.mx\/api\/wp\/v2\/categories?post=199817"},{"taxonomy":"post_tag","embeddable":true,"href":"https:\/\/www.sonoraenequipo.com.mx\/api\/wp\/v2\/tags?post=199817"}],"curies":[{"name":"wp","href":"https:\/\/api.w.org\/{rel}","templated":true}]}}