{"id":199826,"date":"2024-09-24T15:30:42","date_gmt":"2024-09-24T22:30:42","guid":{"rendered":"https:\/\/www.sonoraenequipo.com.mx\/?p=199826"},"modified":"2024-09-24T15:30:42","modified_gmt":"2024-09-24T22:30:42","slug":"conmemoran-dif-sonora-y-uth-el-dia-internacional-de-la-lengua-de-senas-con-conversatorio-2","status":"publish","type":"post","link":"https:\/\/www.sonoraenequipo.com.mx\/conmemoran-dif-sonora-y-uth-el-dia-internacional-de-la-lengua-de-senas-con-conversatorio-2\/","title":{"rendered":"Conmemoran DIF Sonora y UTH el D\u00eda Internacional de la Lengua de Se\u00f1as con conversatorio"},"content":{"rendered":"<p><strong>HERMOSILLO, SONORA, MX.<\/strong> \u2014 Con el objetivo de compartir experiencias y reflexiones sobre las personas de la comunidad sorda y el uso de la lengua de se\u00f1as, el Sistema Para el Desarrollo Integral de la Familia (DIF Sonora) y la Universidad Tecnol\u00f3gica de Hermosillo (UTH) realizaron el Conversatorio \u201cMi vida diaria con Lengua de Se\u00f1as Mexicana\u201d en conmemoraci\u00f3n del D\u00eda Internacional de Lengua de Se\u00f1as.<\/p>\n<p>&nbsp;<\/p>\n<p>&nbsp;<\/p>\n<p>&nbsp;<\/p>\n<p>En este d\u00eda se celebra la diversidad y la inclusi\u00f3n, reconociendo que la lengua de se\u00f1as es un puente hacia la igualdad de oportunidades para las personas sordas adem\u00e1s de ser un derecho humano. Al conmemorar este d\u00eda, subrayamos la importancia de eliminar las barreras de comunicaci\u00f3n y fomentar la integraci\u00f3n de las personas sordas en la sociedad.<\/p>\n<p>&nbsp;<\/p>\n<p>&nbsp;<\/p>\n<p>&nbsp;<\/p>\n<p>El director de Atenci\u00f3n a Personas con Discapacidad de DIF Sonora, F\u00e9lix Higuera Romero, coment\u00f3 que la lengua de se\u00f1as no es solo un medio de comunicaci\u00f3n, sino una forma de expresi\u00f3n cultural porque es una lengua con su propia gram\u00e1tica, que merece ser reconocida y respetada.<\/p>\n<p>&nbsp;<\/p>\n<p>&nbsp;<\/p>\n<p>&nbsp;<\/p>\n<p>Por su parte, el rector de la Universidad Tecnol\u00f3gica de Hermosillo, Abel Leyva Castellanos, agradeci\u00f3 la presencia del equipo de DIF Sonora y sobre todo la participaci\u00f3n en este Conversatorio por el D\u00eda Internacional de Lengua de Se\u00f1as, donde las instructoras Magdalena Valero Weeke y Dania Hoyos Leyva, compartieron sus historias de vida para sensibilizar a las y los alumnos de la UTH.<\/p>\n<p><strong>Fecha de publicaci\u00f3n martes 24 de septiembre de 2024<\/strong><\/p>\n","protected":false},"excerpt":{"rendered":"<p>HERMOSILLO, SONORA, MX. \u2014 Con el objetivo de compartir experiencias y reflexiones sobre las personas&#8230;<\/p>\n","protected":false},"author":1,"featured_media":199827,"comment_status":"open","ping_status":"open","sticky":false,"template":"","format":"standard","meta":{"_monsterinsights_skip_tracking":false,"_monsterinsights_sitenote_active":false,"_monsterinsights_sitenote_note":"","_monsterinsights_sitenote_category":0,"footnotes":""},"categories":[22],"tags":[9386,3856,3341],"class_list":["post"],"yoast_head":" \n<title>Sonora en Equipo. Conmemoran DIF Sonora y UTH el D\u00eda Internacional de la Lengua de Se\u00f1as con conversatorio Sonora<\/title>\n<meta name=\"description\" content=\"HERMOSILLO, SONORA, MX. \u2014 Con el objetivo de compartir experiencias y reflexiones sobre las personas de la comunidad sorda y el uso de la lengua de se\u00f1as, En Sonora en Equipo publicamos toda la informaci\u00f3n de Sonora, M\u00e9xico y el Mundo de manera oportuna y busca que la libertad de expresi\u00f3n sea real. Visita nuestro medio informativo publicado desde Hermosillo, Sonora. %\" \/>\n<meta name=\"robots\" content=\"index, follow, max-snippet:-1, max-image-preview:large, max-video-preview:-1\" \/>\n<link rel=\"canonical\" href=\"https:\/\/www.sonoraenequipo.com.mx\/conmemoran-dif-sonora-y-uth-el-dia-internacional-de-la-lengua-de-senas-con-conversatorio-2\/\" \/>\n<meta property=\"og:locale\" content=\"es_ES\" \/>\n<meta property=\"og:type\" content=\"article\" \/>\n<meta property=\"og:title\" content=\"Sonora en Equipo. Conmemoran DIF Sonora y UTH el D\u00eda Internacional de la Lengua de Se\u00f1as con conversatorio Sonora\" \/>\n<meta property=\"og:description\" content=\"HERMOSILLO, SONORA, MX. \u2014 Con el objetivo de compartir experiencias y reflexiones sobre las personas de la comunidad sorda y el uso de la lengua de se\u00f1as, En Sonora en Equipo publicamos toda la informaci\u00f3n de Sonora, M\u00e9xico y el Mundo de manera oportuna y busca que la libertad de expresi\u00f3n sea real. Visita nuestro medio informativo publicado desde Hermosillo, Sonora. %\" \/>\n<meta property=\"og:url\" content=\"https:\/\/www.sonoraenequipo.com.mx\/conmemoran-dif-sonora-y-uth-el-dia-internacional-de-la-lengua-de-senas-con-conversatorio-2\/\" \/>\n<meta property=\"og:site_name\" content=\"Sonora en Equipo.\" \/>\n<meta property=\"article:publisher\" content=\"https:\/\/www.facebook.com\/SonoraEE\/\" \/>\n<meta property=\"article:author\" content=\"https:\/\/www.facebook.com\/SonoraEE\" \/>\n<meta property=\"article:published_time\" content=\"2024-09-24T22:30:42+00:00\" \/>\n<meta property=\"og:image\" content=\"https:\/\/www.sonoraenequipo.com.mx\/storage\/2024\/09\/lenguaje-senas.jpg\" \/>\n\t<meta property=\"og:image:width\" content=\"600\" \/>\n\t<meta property=\"og:image:height\" content=\"399\" \/>\n\t<meta property=\"og:image:type\" content=\"image\/jpeg\" \/>\n<meta name=\"author\" content=\"enequipo\" \/>\n<meta name=\"twitter:card\" content=\"summary_large_image\" \/>\n<meta name=\"twitter:creator\" content=\"@sonoraenequipo\" \/>\n<meta name=\"twitter:site\" content=\"@sonoraenequipo\" \/>\n<meta name=\"twitter:label1\" content=\"Escrito por\" \/>\n\t<meta name=\"twitter:data1\" content=\"enequipo\" \/>\n\t<meta name=\"twitter:label2\" content=\"Tiempo de lectura\" \/>\n\t<meta name=\"twitter:data2\" content=\"1 minuto\" \/>\n<script type=\"application\/ld+json\" class=\"yoast-schema-graph\">{\"@context\":\"https:\/\/schema.org\",\"@graph\":[{\"@type\":\"Article\",\"@id\":\"https:\/\/www.sonoraenequipo.com.mx\/conmemoran-dif-sonora-y-uth-el-dia-internacional-de-la-lengua-de-senas-con-conversatorio-2\/#article\",\"isPartOf\":{\"@id\":\"https:\/\/www.sonoraenequipo.com.mx\/conmemoran-dif-sonora-y-uth-el-dia-internacional-de-la-lengua-de-senas-con-conversatorio-2\/\"},\"author\":{\"name\":\"enequipo\",\"@id\":\"https:\/\/www.sonoraenequipo.com.mx\/#\/schema\/person\/50102df0fb23a8fa9e8effad8fa81386\"},\"headline\":\"Conmemoran DIF Sonora y UTH el D\u00eda Internacional de la Lengua de Se\u00f1as con conversatorio\",\"datePublished\":\"2024-09-24T22:30:42+00:00\",\"mainEntityOfPage\":{\"@id\":\"https:\/\/www.sonoraenequipo.com.mx\/conmemoran-dif-sonora-y-uth-el-dia-internacional-de-la-lengua-de-senas-con-conversatorio-2\/\"},\"wordCount\":289,\"commentCount\":0,\"publisher\":{\"@id\":\"https:\/\/www.sonoraenequipo.com.mx\/#organization\"},\"image\":{\"@id\":\"https:\/\/www.sonoraenequipo.com.mx\/conmemoran-dif-sonora-y-uth-el-dia-internacional-de-la-lengua-de-senas-con-conversatorio-2\/#primaryimage\"},\"thumbnailUrl\":\"https:\/\/www.sonoraenequipo.com.mx\/storage\/2024\/09\/lenguaje-senas.jpg\",\"keywords\":[\"lengua\",\"Mexicana\",\"se\u00f1as\"],\"articleSection\":[\"Sonora\"],\"inLanguage\":\"es\",\"potentialAction\":[{\"@type\":\"CommentAction\",\"name\":\"Comment\",\"target\":[\"https:\/\/www.sonoraenequipo.com.mx\/conmemoran-dif-sonora-y-uth-el-dia-internacional-de-la-lengua-de-senas-con-conversatorio-2\/#respond\"]}]},{\"@type\":\"WebPage\",\"@id\":\"https:\/\/www.sonoraenequipo.com.mx\/conmemoran-dif-sonora-y-uth-el-dia-internacional-de-la-lengua-de-senas-con-conversatorio-2\/\",\"url\":\"https:\/\/www.sonoraenequipo.com.mx\/conmemoran-dif-sonora-y-uth-el-dia-internacional-de-la-lengua-de-senas-con-conversatorio-2\/\",\"name\":\"Sonora en Equipo. Conmemoran DIF Sonora y UTH el D\u00eda Internacional de la Lengua de Se\u00f1as con conversatorio Sonora\",\"isPartOf\":{\"@id\":\"https:\/\/www.sonoraenequipo.com.mx\/#website\"},\"primaryImageOfPage\":{\"@id\":\"https:\/\/www.sonoraenequipo.com.mx\/conmemoran-dif-sonora-y-uth-el-dia-internacional-de-la-lengua-de-senas-con-conversatorio-2\/#primaryimage\"},\"image\":{\"@id\":\"https:\/\/www.sonoraenequipo.com.mx\/conmemoran-dif-sonora-y-uth-el-dia-internacional-de-la-lengua-de-senas-con-conversatorio-2\/#primaryimage\"},\"thumbnailUrl\":\"https:\/\/www.sonoraenequipo.com.mx\/storage\/2024\/09\/lenguaje-senas.jpg\",\"datePublished\":\"2024-09-24T22:30:42+00:00\",\"description\":\"HERMOSILLO, SONORA, MX. \u2014 Con el objetivo de compartir experiencias y reflexiones sobre las personas de la comunidad sorda y el uso de la lengua de se\u00f1as, En Sonora en Equipo publicamos toda la informaci\u00f3n de Sonora, M\u00e9xico y el Mundo de manera oportuna y busca que la libertad de expresi\u00f3n sea real. Visita nuestro medio informativo publicado desde Hermosillo, Sonora. %\",\"breadcrumb\":{\"@id\":\"https:\/\/www.sonoraenequipo.com.mx\/conmemoran-dif-sonora-y-uth-el-dia-internacional-de-la-lengua-de-senas-con-conversatorio-2\/#breadcrumb\"},\"inLanguage\":\"es\",\"potentialAction\":[{\"@type\":\"ReadAction\",\"target\":[\"https:\/\/www.sonoraenequipo.com.mx\/conmemoran-dif-sonora-y-uth-el-dia-internacional-de-la-lengua-de-senas-con-conversatorio-2\/\"]}]},{\"@type\":\"ImageObject\",\"inLanguage\":\"es\",\"@id\":\"https:\/\/www.sonoraenequipo.com.mx\/conmemoran-dif-sonora-y-uth-el-dia-internacional-de-la-lengua-de-senas-con-conversatorio-2\/#primaryimage\",\"url\":\"https:\/\/www.sonoraenequipo.com.mx\/storage\/2024\/09\/lenguaje-senas.jpg\",\"contentUrl\":\"https:\/\/www.sonoraenequipo.com.mx\/storage\/2024\/09\/lenguaje-senas.jpg\",\"width\":600,\"height\":399},{\"@type\":\"BreadcrumbList\",\"@id\":\"https:\/\/www.sonoraenequipo.com.mx\/conmemoran-dif-sonora-y-uth-el-dia-internacional-de-la-lengua-de-senas-con-conversatorio-2\/#breadcrumb\",\"itemListElement\":[{\"@type\":\"ListItem\",\"position\":1,\"name\":\"Portada\",\"item\":\"https:\/\/www.sonoraenequipo.com.mx\/\"},{\"@type\":\"ListItem\",\"position\":2,\"name\":\"Conmemoran DIF Sonora y UTH el D\u00eda Internacional de la Lengua de Se\u00f1as con conversatorio\"}]},{\"@type\":\"WebSite\",\"@id\":\"https:\/\/www.sonoraenequipo.com.mx\/#website\",\"url\":\"https:\/\/www.sonoraenequipo.com.mx\/\",\"name\":\"Sonora en Equipo.\",\"description\":\"Diario en l\u00ednea con Noticias desde Hermosillo, Sonora\",\"publisher\":{\"@id\":\"https:\/\/www.sonoraenequipo.com.mx\/#organization\"},\"potentialAction\":[{\"@type\":\"SearchAction\",\"target\":{\"@type\":\"EntryPoint\",\"urlTemplate\":\"https:\/\/www.sonoraenequipo.com.mx\/?s={search_term_string}\"},\"query-input\":{\"@type\":\"PropertyValueSpecification\",\"valueRequired\":true,\"valueName\":\"search_term_string\"}}],\"inLanguage\":\"es\"},{\"@type\":\"Organization\",\"@id\":\"https:\/\/www.sonoraenequipo.com.mx\/#organization\",\"name\":\"Sonoraenequipo.com.mx\",\"url\":\"https:\/\/www.sonoraenequipo.com.mx\/\",\"logo\":{\"@type\":\"ImageObject\",\"inLanguage\":\"es\",\"@id\":\"https:\/\/www.sonoraenequipo.com.mx\/#\/schema\/logo\/image\/\",\"url\":\"https:\/\/www.sonoraenequipo.com.mx\/storage\/2019\/01\/sonoraenequipo_opt.png\",\"contentUrl\":\"https:\/\/www.sonoraenequipo.com.mx\/storage\/2019\/01\/sonoraenequipo_opt.png\",\"width\":375,\"height\":125,\"caption\":\"Sonoraenequipo.com.mx\"},\"image\":{\"@id\":\"https:\/\/www.sonoraenequipo.com.mx\/#\/schema\/logo\/image\/\"},\"sameAs\":[\"https:\/\/www.facebook.com\/SonoraEE\/\",\"https:\/\/x.com\/sonoraenequipo\",\"https:\/\/www.youtube.com\/channel\/UC338nW-lPEYmJQs4ZABQ1SQ\"]},{\"@type\":\"Person\",\"@id\":\"https:\/\/www.sonoraenequipo.com.mx\/#\/schema\/person\/50102df0fb23a8fa9e8effad8fa81386\",\"name\":\"enequipo\",\"image\":{\"@type\":\"ImageObject\",\"inLanguage\":\"es\",\"@id\":\"https:\/\/www.sonoraenequipo.com.mx\/#\/schema\/person\/image\/\",\"url\":\"https:\/\/secure.gravatar.com\/avatar\/049821681b589dabc0bc20695993ccebb09f5b5d4d790cd9251b97faac7c652b?s=96&d=blank&r=g\",\"contentUrl\":\"https:\/\/secure.gravatar.com\/avatar\/049821681b589dabc0bc20695993ccebb09f5b5d4d790cd9251b97faac7c652b?s=96&d=blank&r=g\",\"caption\":\"enequipo\"},\"sameAs\":[\"https:\/\/www.facebook.com\/SonoraEE\"]}]}<\/script>\n ","yoast_head_json":{"title":"Sonora en Equipo. Conmemoran DIF Sonora y UTH el D\u00eda Internacional de la Lengua de Se\u00f1as con conversatorio Sonora","description":"HERMOSILLO, SONORA, MX. \u2014 Con el objetivo de compartir experiencias y reflexiones sobre las personas de la comunidad sorda y el uso de la lengua de se\u00f1as, En Sonora en Equipo publicamos toda la informaci\u00f3n de Sonora, M\u00e9xico y el Mundo de manera oportuna y busca que la libertad de expresi\u00f3n sea real. Visita nuestro medio informativo publicado desde Hermosillo, Sonora. %","robots":{"index":"index","follow":"follow","max-snippet":"max-snippet:-1","max-image-preview":"max-image-preview:large","max-video-preview":"max-video-preview:-1"},"canonical":"https:\/\/www.sonoraenequipo.com.mx\/conmemoran-dif-sonora-y-uth-el-dia-internacional-de-la-lengua-de-senas-con-conversatorio-2\/","og_locale":"es_ES","og_type":"article","og_title":"Sonora en Equipo. Conmemoran DIF Sonora y UTH el D\u00eda Internacional de la Lengua de Se\u00f1as con conversatorio Sonora","og_description":"HERMOSILLO, SONORA, MX. \u2014 Con el objetivo de compartir experiencias y reflexiones sobre las personas de la comunidad sorda y el uso de la lengua de se\u00f1as, En Sonora en Equipo publicamos toda la informaci\u00f3n de Sonora, M\u00e9xico y el Mundo de manera oportuna y busca que la libertad de expresi\u00f3n sea real. Visita nuestro medio informativo publicado desde Hermosillo, Sonora. %","og_url":"https:\/\/www.sonoraenequipo.com.mx\/conmemoran-dif-sonora-y-uth-el-dia-internacional-de-la-lengua-de-senas-con-conversatorio-2\/","og_site_name":"Sonora en Equipo.","article_publisher":"https:\/\/www.facebook.com\/SonoraEE\/","article_author":"https:\/\/www.facebook.com\/SonoraEE","article_published_time":"2024-09-24T22:30:42+00:00","og_image":[{"width":600,"height":399,"url":"https:\/\/www.sonoraenequipo.com.mx\/storage\/2024\/09\/lenguaje-senas.jpg","type":"image\/jpeg"}],"author":"enequipo","twitter_card":"summary_large_image","twitter_creator":"@sonoraenequipo","twitter_site":"@sonoraenequipo","twitter_misc":{"Escrito por":"enequipo","Tiempo de lectura":"1 minuto"},"schema":{"@context":"https:\/\/schema.org","@graph":[{"@type":"Article","@id":"https:\/\/www.sonoraenequipo.com.mx\/conmemoran-dif-sonora-y-uth-el-dia-internacional-de-la-lengua-de-senas-con-conversatorio-2\/#article","isPartOf":{"@id":"https:\/\/www.sonoraenequipo.com.mx\/conmemoran-dif-sonora-y-uth-el-dia-internacional-de-la-lengua-de-senas-con-conversatorio-2\/"},"author":{"name":"enequipo","@id":"https:\/\/www.sonoraenequipo.com.mx\/#\/schema\/person\/50102df0fb23a8fa9e8effad8fa81386"},"headline":"Conmemoran DIF Sonora y UTH el D\u00eda Internacional de la Lengua de Se\u00f1as con conversatorio","datePublished":"2024-09-24T22:30:42+00:00","mainEntityOfPage":{"@id":"https:\/\/www.sonoraenequipo.com.mx\/conmemoran-dif-sonora-y-uth-el-dia-internacional-de-la-lengua-de-senas-con-conversatorio-2\/"},"wordCount":289,"commentCount":0,"publisher":{"@id":"https:\/\/www.sonoraenequipo.com.mx\/#organization"},"image":{"@id":"https:\/\/www.sonoraenequipo.com.mx\/conmemoran-dif-sonora-y-uth-el-dia-internacional-de-la-lengua-de-senas-con-conversatorio-2\/#primaryimage"},"thumbnailUrl":"https:\/\/www.sonoraenequipo.com.mx\/storage\/2024\/09\/lenguaje-senas.jpg","keywords":["lengua","Mexicana","se\u00f1as"],"articleSection":["Sonora"],"inLanguage":"es","potentialAction":[{"@type":"CommentAction","name":"Comment","target":["https:\/\/www.sonoraenequipo.com.mx\/conmemoran-dif-sonora-y-uth-el-dia-internacional-de-la-lengua-de-senas-con-conversatorio-2\/#respond"]}]},{"@type":"WebPage","@id":"https:\/\/www.sonoraenequipo.com.mx\/conmemoran-dif-sonora-y-uth-el-dia-internacional-de-la-lengua-de-senas-con-conversatorio-2\/","url":"https:\/\/www.sonoraenequipo.com.mx\/conmemoran-dif-sonora-y-uth-el-dia-internacional-de-la-lengua-de-senas-con-conversatorio-2\/","name":"Sonora en Equipo. Conmemoran DIF Sonora y UTH el D\u00eda Internacional de la Lengua de Se\u00f1as con conversatorio Sonora","isPartOf":{"@id":"https:\/\/www.sonoraenequipo.com.mx\/#website"},"primaryImageOfPage":{"@id":"https:\/\/www.sonoraenequipo.com.mx\/conmemoran-dif-sonora-y-uth-el-dia-internacional-de-la-lengua-de-senas-con-conversatorio-2\/#primaryimage"},"image":{"@id":"https:\/\/www.sonoraenequipo.com.mx\/conmemoran-dif-sonora-y-uth-el-dia-internacional-de-la-lengua-de-senas-con-conversatorio-2\/#primaryimage"},"thumbnailUrl":"https:\/\/www.sonoraenequipo.com.mx\/storage\/2024\/09\/lenguaje-senas.jpg","datePublished":"2024-09-24T22:30:42+00:00","description":"HERMOSILLO, SONORA, MX. \u2014 Con el objetivo de compartir experiencias y reflexiones sobre las personas de la comunidad sorda y el uso de la lengua de se\u00f1as, En Sonora en Equipo publicamos toda la informaci\u00f3n de Sonora, M\u00e9xico y el Mundo de manera oportuna y busca que la libertad de expresi\u00f3n sea real. Visita nuestro medio informativo publicado desde Hermosillo, Sonora. %","breadcrumb":{"@id":"https:\/\/www.sonoraenequipo.com.mx\/conmemoran-dif-sonora-y-uth-el-dia-internacional-de-la-lengua-de-senas-con-conversatorio-2\/#breadcrumb"},"inLanguage":"es","potentialAction":[{"@type":"ReadAction","target":["https:\/\/www.sonoraenequipo.com.mx\/conmemoran-dif-sonora-y-uth-el-dia-internacional-de-la-lengua-de-senas-con-conversatorio-2\/"]}]},{"@type":"ImageObject","inLanguage":"es","@id":"https:\/\/www.sonoraenequipo.com.mx\/conmemoran-dif-sonora-y-uth-el-dia-internacional-de-la-lengua-de-senas-con-conversatorio-2\/#primaryimage","url":"https:\/\/www.sonoraenequipo.com.mx\/storage\/2024\/09\/lenguaje-senas.jpg","contentUrl":"https:\/\/www.sonoraenequipo.com.mx\/storage\/2024\/09\/lenguaje-senas.jpg","width":600,"height":399},{"@type":"BreadcrumbList","@id":"https:\/\/www.sonoraenequipo.com.mx\/conmemoran-dif-sonora-y-uth-el-dia-internacional-de-la-lengua-de-senas-con-conversatorio-2\/#breadcrumb","itemListElement":[{"@type":"ListItem","position":1,"name":"Portada","item":"https:\/\/www.sonoraenequipo.com.mx\/"},{"@type":"ListItem","position":2,"name":"Conmemoran DIF Sonora y UTH el D\u00eda Internacional de la Lengua de Se\u00f1as con conversatorio"}]},{"@type":"WebSite","@id":"https:\/\/www.sonoraenequipo.com.mx\/#website","url":"https:\/\/www.sonoraenequipo.com.mx\/","name":"Sonora en Equipo.","description":"Diario en l\u00ednea con Noticias desde Hermosillo, Sonora","publisher":{"@id":"https:\/\/www.sonoraenequipo.com.mx\/#organization"},"potentialAction":[{"@type":"SearchAction","target":{"@type":"EntryPoint","urlTemplate":"https:\/\/www.sonoraenequipo.com.mx\/?s={search_term_string}"},"query-input":{"@type":"PropertyValueSpecification","valueRequired":true,"valueName":"search_term_string"}}],"inLanguage":"es"},{"@type":"Organization","@id":"https:\/\/www.sonoraenequipo.com.mx\/#organization","name":"Sonoraenequipo.com.mx","url":"https:\/\/www.sonoraenequipo.com.mx\/","logo":{"@type":"ImageObject","inLanguage":"es","@id":"https:\/\/www.sonoraenequipo.com.mx\/#\/schema\/logo\/image\/","url":"https:\/\/www.sonoraenequipo.com.mx\/storage\/2019\/01\/sonoraenequipo_opt.png","contentUrl":"https:\/\/www.sonoraenequipo.com.mx\/storage\/2019\/01\/sonoraenequipo_opt.png","width":375,"height":125,"caption":"Sonoraenequipo.com.mx"},"image":{"@id":"https:\/\/www.sonoraenequipo.com.mx\/#\/schema\/logo\/image\/"},"sameAs":["https:\/\/www.facebook.com\/SonoraEE\/","https:\/\/x.com\/sonoraenequipo","https:\/\/www.youtube.com\/channel\/UC338nW-lPEYmJQs4ZABQ1SQ"]},{"@type":"Person","@id":"https:\/\/www.sonoraenequipo.com.mx\/#\/schema\/person\/50102df0fb23a8fa9e8effad8fa81386","name":"enequipo","image":{"@type":"ImageObject","inLanguage":"es","@id":"https:\/\/www.sonoraenequipo.com.mx\/#\/schema\/person\/image\/","url":"https:\/\/secure.gravatar.com\/avatar\/049821681b589dabc0bc20695993ccebb09f5b5d4d790cd9251b97faac7c652b?s=96&d=blank&r=g","contentUrl":"https:\/\/secure.gravatar.com\/avatar\/049821681b589dabc0bc20695993ccebb09f5b5d4d790cd9251b97faac7c652b?s=96&d=blank&r=g","caption":"enequipo"},"sameAs":["https:\/\/www.facebook.com\/SonoraEE"]}]}},"jetpack_featured_media_url":"https:\/\/www.sonoraenequipo.com.mx\/storage\/2024\/09\/lenguaje-senas.jpg","_links":{"self":[{"href":"https:\/\/www.sonoraenequipo.com.mx\/api\/wp\/v2\/posts\/199826","targetHints":{"allow":["GET"]}}],"collection":[{"href":"https:\/\/www.sonoraenequipo.com.mx\/api\/wp\/v2\/posts"}],"about":[{"href":"https:\/\/www.sonoraenequipo.com.mx\/api\/wp\/v2\/types\/post"}],"author":[{"embeddable":true,"href":"https:\/\/www.sonoraenequipo.com.mx\/api\/wp\/v2\/users\/1"}],"replies":[{"embeddable":true,"href":"https:\/\/www.sonoraenequipo.com.mx\/api\/wp\/v2\/comments?post=199826"}],"version-history":[{"count":1,"href":"https:\/\/www.sonoraenequipo.com.mx\/api\/wp\/v2\/posts\/199826\/revisions"}],"predecessor-version":[{"id":199828,"href":"https:\/\/www.sonoraenequipo.com.mx\/api\/wp\/v2\/posts\/199826\/revisions\/199828"}],"wp:featuredmedia":[{"embeddable":true,"href":"https:\/\/www.sonoraenequipo.com.mx\/api\/wp\/v2\/media\/199827"}],"wp:attachment":[{"href":"https:\/\/www.sonoraenequipo.com.mx\/api\/wp\/v2\/media?parent=199826"}],"wp:term":[{"taxonomy":"category","embeddable":true,"href":"https:\/\/www.sonoraenequipo.com.mx\/api\/wp\/v2\/categories?post=199826"},{"taxonomy":"post_tag","embeddable":true,"href":"https:\/\/www.sonoraenequipo.com.mx\/api\/wp\/v2\/tags?post=199826"}],"curies":[{"name":"wp","href":"https:\/\/api.w.org\/{rel}","templated":true}]}}