{"id":199832,"date":"2024-09-24T17:24:47","date_gmt":"2024-09-25T00:24:47","guid":{"rendered":"https:\/\/www.sonoraenequipo.com.mx\/?p=199832"},"modified":"2024-09-24T17:24:47","modified_gmt":"2024-09-25T00:24:47","slug":"garantiza-gobierno-de-sonora-continuidad-y-fortalecimiento-del-programa-ninas-adelante","status":"publish","type":"post","link":"https:\/\/www.sonoraenequipo.com.mx\/garantiza-gobierno-de-sonora-continuidad-y-fortalecimiento-del-programa-ninas-adelante\/","title":{"rendered":"Garantiza Gobierno de Sonora continuidad y fortalecimiento del programa Ni\u00f1as Adelante"},"content":{"rendered":"<p><strong>HERMOSILLO, SONORA, MX.<\/strong> \u2014 Para garantizar la permanencia de ni\u00f1as y adolescentes, en condiciones de vulnerabilidad, dentro del sistema educativo, el Gobierno de Sonora formaliz\u00f3 la continuidad y fortalecimiento del programa Ni\u00f1as Adelante, el cual brinda atenci\u00f3n integral a las beneficiarias.<\/p>\n<p>&nbsp;<\/p>\n<p>&nbsp;<\/p>\n<p>&nbsp;<\/p>\n<p>Froyl\u00e1n G\u00e1mez Gamboa, secretario de Educaci\u00f3n y Cultura, firm\u00f3 un convenio de colaboraci\u00f3n con Lizeth V\u00e1squez Ochoa, directora del Sistema DIF Sonora y Carmen Luc\u00eda Mungu\u00eda Gallegos, secretaria Ejecutiva del Sistema de Protecci\u00f3n Integral de Ni\u00f1as, Ni\u00f1os y Adolescentes del Estado de Sonora (Sipinna), con el prop\u00f3sito de coordinar acciones.<\/p>\n<p>&nbsp;<\/p>\n<p>&nbsp;<\/p>\n<p>&nbsp;<\/p>\n<p>Asimismo, firmaron el documento Manuel Guillermo Ca\u00f1ez Mart\u00ednez, director general del Instituto de Becas y Cr\u00e9dito Educativo del Estado de Sonora (Ibcees) y Sheila Guadalupe Hern\u00e1ndez Alcaraz, coordinadora del Instituto Sonorense de las Mujeres (ISM), como parte de un esfuerzo interinstitucional.<\/p>\n<p>&nbsp;<\/p>\n<p>&nbsp;<\/p>\n<p>&nbsp;<\/p>\n<p>A trav\u00e9s del programa Ni\u00f1as Adelante, se brindar\u00e1 a estudiantes de secundaria de 10 municipios de la entidad con los mayores \u00edndices de deserci\u00f3n escolar, as\u00ed como cinco municipios con alerta de g\u00e9nero, apoyo integral para que contin\u00faen sus estudios, cuenten con mejores oportunidades y se conviertan en mujeres independientes, libres de violencia.<\/p>\n<p>&nbsp;<\/p>\n<p>&nbsp;<\/p>\n<p>&nbsp;<\/p>\n<p>Adem\u00e1s de recibir un est\u00edmulo econ\u00f3mico, las alumnas acceder\u00e1n a un servicio de atenci\u00f3n psicol\u00f3gica peri\u00f3dica presencial o en l\u00ednea, por parte del ISM, en las regiones en donde la instituci\u00f3n tiene presencia.<\/p>\n<p>&nbsp;<\/p>\n<p>&nbsp;<\/p>\n<p>&nbsp;<\/p>\n<p>Desde su creaci\u00f3n, en 2022, se han destinado m\u00e1s de seis millones de pesos al programa y el n\u00famero de beneficiarias que han permanecido en el sistema educativo es del 98%.<\/p>\n<p><strong>Fecha de publicaci\u00f3n martes 24 de septiembre de 2024<\/strong><\/p>\n<p>&nbsp;<\/p>\n","protected":false},"excerpt":{"rendered":"<p>HERMOSILLO, SONORA, MX. \u2014 Para garantizar la permanencia de ni\u00f1as y adolescentes, en condiciones de&#8230;<\/p>\n","protected":false},"author":1,"featured_media":199833,"comment_status":"open","ping_status":"open","sticky":false,"template":"","format":"standard","meta":{"_monsterinsights_skip_tracking":false,"_monsterinsights_sitenote_active":false,"_monsterinsights_sitenote_note":"","_monsterinsights_sitenote_category":0,"footnotes":""},"categories":[22],"tags":[10289,4772,6979],"class_list":["post"],"yoast_head":" \n<title>Sonora en Equipo. Garantiza Gobierno de Sonora continuidad y fortalecimiento del programa Ni\u00f1as Adelante Sonora<\/title>\n<meta name=\"description\" content=\"HERMOSILLO, SONORA, MX. \u2014 Para garantizar la permanencia de ni\u00f1as y adolescentes, en condiciones de vulnerabilidad, dentro del sistema educativo, el En Sonora en Equipo publicamos toda la informaci\u00f3n de Sonora, M\u00e9xico y el Mundo de manera oportuna y busca que la libertad de expresi\u00f3n sea real. Visita nuestro medio informativo publicado desde Hermosillo, Sonora. %\" \/>\n<meta name=\"robots\" content=\"index, follow, max-snippet:-1, max-image-preview:large, max-video-preview:-1\" \/>\n<link rel=\"canonical\" href=\"https:\/\/www.sonoraenequipo.com.mx\/garantiza-gobierno-de-sonora-continuidad-y-fortalecimiento-del-programa-ninas-adelante\/\" \/>\n<meta property=\"og:locale\" content=\"es_ES\" \/>\n<meta property=\"og:type\" content=\"article\" \/>\n<meta property=\"og:title\" content=\"Sonora en Equipo. Garantiza Gobierno de Sonora continuidad y fortalecimiento del programa Ni\u00f1as Adelante Sonora\" \/>\n<meta property=\"og:description\" content=\"HERMOSILLO, SONORA, MX. \u2014 Para garantizar la permanencia de ni\u00f1as y adolescentes, en condiciones de vulnerabilidad, dentro del sistema educativo, el En Sonora en Equipo publicamos toda la informaci\u00f3n de Sonora, M\u00e9xico y el Mundo de manera oportuna y busca que la libertad de expresi\u00f3n sea real. Visita nuestro medio informativo publicado desde Hermosillo, Sonora. %\" \/>\n<meta property=\"og:url\" content=\"https:\/\/www.sonoraenequipo.com.mx\/garantiza-gobierno-de-sonora-continuidad-y-fortalecimiento-del-programa-ninas-adelante\/\" \/>\n<meta property=\"og:site_name\" content=\"Sonora en Equipo.\" \/>\n<meta property=\"article:publisher\" content=\"https:\/\/www.facebook.com\/SonoraEE\/\" \/>\n<meta property=\"article:author\" content=\"https:\/\/www.facebook.com\/SonoraEE\" \/>\n<meta property=\"article:published_time\" content=\"2024-09-25T00:24:47+00:00\" \/>\n<meta property=\"og:image\" content=\"https:\/\/www.sonoraenequipo.com.mx\/storage\/2024\/09\/ninas-adelante.jpg\" \/>\n\t<meta property=\"og:image:width\" content=\"600\" \/>\n\t<meta property=\"og:image:height\" content=\"400\" \/>\n\t<meta property=\"og:image:type\" content=\"image\/jpeg\" \/>\n<meta name=\"author\" content=\"enequipo\" \/>\n<meta name=\"twitter:card\" content=\"summary_large_image\" \/>\n<meta name=\"twitter:creator\" content=\"@sonoraenequipo\" \/>\n<meta name=\"twitter:site\" content=\"@sonoraenequipo\" \/>\n<meta name=\"twitter:label1\" content=\"Escrito por\" \/>\n\t<meta name=\"twitter:data1\" content=\"enequipo\" \/>\n\t<meta name=\"twitter:label2\" content=\"Tiempo de lectura\" \/>\n\t<meta name=\"twitter:data2\" content=\"2 minutos\" \/>\n<script type=\"application\/ld+json\" class=\"yoast-schema-graph\">{\"@context\":\"https:\/\/schema.org\",\"@graph\":[{\"@type\":\"Article\",\"@id\":\"https:\/\/www.sonoraenequipo.com.mx\/garantiza-gobierno-de-sonora-continuidad-y-fortalecimiento-del-programa-ninas-adelante\/#article\",\"isPartOf\":{\"@id\":\"https:\/\/www.sonoraenequipo.com.mx\/garantiza-gobierno-de-sonora-continuidad-y-fortalecimiento-del-programa-ninas-adelante\/\"},\"author\":{\"name\":\"enequipo\",\"@id\":\"https:\/\/www.sonoraenequipo.com.mx\/#\/schema\/person\/50102df0fb23a8fa9e8effad8fa81386\"},\"headline\":\"Garantiza Gobierno de Sonora continuidad y fortalecimiento del programa Ni\u00f1as Adelante\",\"datePublished\":\"2024-09-25T00:24:47+00:00\",\"mainEntityOfPage\":{\"@id\":\"https:\/\/www.sonoraenequipo.com.mx\/garantiza-gobierno-de-sonora-continuidad-y-fortalecimiento-del-programa-ninas-adelante\/\"},\"wordCount\":316,\"commentCount\":0,\"publisher\":{\"@id\":\"https:\/\/www.sonoraenequipo.com.mx\/#organization\"},\"image\":{\"@id\":\"https:\/\/www.sonoraenequipo.com.mx\/garantiza-gobierno-de-sonora-continuidad-y-fortalecimiento-del-programa-ninas-adelante\/#primaryimage\"},\"thumbnailUrl\":\"https:\/\/www.sonoraenequipo.com.mx\/storage\/2024\/09\/ninas-adelante.jpg\",\"keywords\":[\"adelante\",\"ni\u00f1as\",\"programa\"],\"articleSection\":[\"Sonora\"],\"inLanguage\":\"es\",\"potentialAction\":[{\"@type\":\"CommentAction\",\"name\":\"Comment\",\"target\":[\"https:\/\/www.sonoraenequipo.com.mx\/garantiza-gobierno-de-sonora-continuidad-y-fortalecimiento-del-programa-ninas-adelante\/#respond\"]}]},{\"@type\":\"WebPage\",\"@id\":\"https:\/\/www.sonoraenequipo.com.mx\/garantiza-gobierno-de-sonora-continuidad-y-fortalecimiento-del-programa-ninas-adelante\/\",\"url\":\"https:\/\/www.sonoraenequipo.com.mx\/garantiza-gobierno-de-sonora-continuidad-y-fortalecimiento-del-programa-ninas-adelante\/\",\"name\":\"Sonora en Equipo. Garantiza Gobierno de Sonora continuidad y fortalecimiento del programa Ni\u00f1as Adelante Sonora\",\"isPartOf\":{\"@id\":\"https:\/\/www.sonoraenequipo.com.mx\/#website\"},\"primaryImageOfPage\":{\"@id\":\"https:\/\/www.sonoraenequipo.com.mx\/garantiza-gobierno-de-sonora-continuidad-y-fortalecimiento-del-programa-ninas-adelante\/#primaryimage\"},\"image\":{\"@id\":\"https:\/\/www.sonoraenequipo.com.mx\/garantiza-gobierno-de-sonora-continuidad-y-fortalecimiento-del-programa-ninas-adelante\/#primaryimage\"},\"thumbnailUrl\":\"https:\/\/www.sonoraenequipo.com.mx\/storage\/2024\/09\/ninas-adelante.jpg\",\"datePublished\":\"2024-09-25T00:24:47+00:00\",\"description\":\"HERMOSILLO, SONORA, MX. \u2014 Para garantizar la permanencia de ni\u00f1as y adolescentes, en condiciones de vulnerabilidad, dentro del sistema educativo, el En Sonora en Equipo publicamos toda la informaci\u00f3n de Sonora, M\u00e9xico y el Mundo de manera oportuna y busca que la libertad de expresi\u00f3n sea real. Visita nuestro medio informativo publicado desde Hermosillo, Sonora. %\",\"breadcrumb\":{\"@id\":\"https:\/\/www.sonoraenequipo.com.mx\/garantiza-gobierno-de-sonora-continuidad-y-fortalecimiento-del-programa-ninas-adelante\/#breadcrumb\"},\"inLanguage\":\"es\",\"potentialAction\":[{\"@type\":\"ReadAction\",\"target\":[\"https:\/\/www.sonoraenequipo.com.mx\/garantiza-gobierno-de-sonora-continuidad-y-fortalecimiento-del-programa-ninas-adelante\/\"]}]},{\"@type\":\"ImageObject\",\"inLanguage\":\"es\",\"@id\":\"https:\/\/www.sonoraenequipo.com.mx\/garantiza-gobierno-de-sonora-continuidad-y-fortalecimiento-del-programa-ninas-adelante\/#primaryimage\",\"url\":\"https:\/\/www.sonoraenequipo.com.mx\/storage\/2024\/09\/ninas-adelante.jpg\",\"contentUrl\":\"https:\/\/www.sonoraenequipo.com.mx\/storage\/2024\/09\/ninas-adelante.jpg\",\"width\":600,\"height\":400},{\"@type\":\"BreadcrumbList\",\"@id\":\"https:\/\/www.sonoraenequipo.com.mx\/garantiza-gobierno-de-sonora-continuidad-y-fortalecimiento-del-programa-ninas-adelante\/#breadcrumb\",\"itemListElement\":[{\"@type\":\"ListItem\",\"position\":1,\"name\":\"Portada\",\"item\":\"https:\/\/www.sonoraenequipo.com.mx\/\"},{\"@type\":\"ListItem\",\"position\":2,\"name\":\"Garantiza Gobierno de Sonora continuidad y fortalecimiento del programa Ni\u00f1as Adelante\"}]},{\"@type\":\"WebSite\",\"@id\":\"https:\/\/www.sonoraenequipo.com.mx\/#website\",\"url\":\"https:\/\/www.sonoraenequipo.com.mx\/\",\"name\":\"Sonora en Equipo.\",\"description\":\"Diario en l\u00ednea con Noticias desde Hermosillo, Sonora\",\"publisher\":{\"@id\":\"https:\/\/www.sonoraenequipo.com.mx\/#organization\"},\"potentialAction\":[{\"@type\":\"SearchAction\",\"target\":{\"@type\":\"EntryPoint\",\"urlTemplate\":\"https:\/\/www.sonoraenequipo.com.mx\/?s={search_term_string}\"},\"query-input\":{\"@type\":\"PropertyValueSpecification\",\"valueRequired\":true,\"valueName\":\"search_term_string\"}}],\"inLanguage\":\"es\"},{\"@type\":\"Organization\",\"@id\":\"https:\/\/www.sonoraenequipo.com.mx\/#organization\",\"name\":\"Sonoraenequipo.com.mx\",\"url\":\"https:\/\/www.sonoraenequipo.com.mx\/\",\"logo\":{\"@type\":\"ImageObject\",\"inLanguage\":\"es\",\"@id\":\"https:\/\/www.sonoraenequipo.com.mx\/#\/schema\/logo\/image\/\",\"url\":\"https:\/\/www.sonoraenequipo.com.mx\/storage\/2019\/01\/sonoraenequipo_opt.png\",\"contentUrl\":\"https:\/\/www.sonoraenequipo.com.mx\/storage\/2019\/01\/sonoraenequipo_opt.png\",\"width\":375,\"height\":125,\"caption\":\"Sonoraenequipo.com.mx\"},\"image\":{\"@id\":\"https:\/\/www.sonoraenequipo.com.mx\/#\/schema\/logo\/image\/\"},\"sameAs\":[\"https:\/\/www.facebook.com\/SonoraEE\/\",\"https:\/\/x.com\/sonoraenequipo\",\"https:\/\/www.youtube.com\/channel\/UC338nW-lPEYmJQs4ZABQ1SQ\"]},{\"@type\":\"Person\",\"@id\":\"https:\/\/www.sonoraenequipo.com.mx\/#\/schema\/person\/50102df0fb23a8fa9e8effad8fa81386\",\"name\":\"enequipo\",\"image\":{\"@type\":\"ImageObject\",\"inLanguage\":\"es\",\"@id\":\"https:\/\/www.sonoraenequipo.com.mx\/#\/schema\/person\/image\/\",\"url\":\"https:\/\/secure.gravatar.com\/avatar\/049821681b589dabc0bc20695993ccebb09f5b5d4d790cd9251b97faac7c652b?s=96&d=blank&r=g\",\"contentUrl\":\"https:\/\/secure.gravatar.com\/avatar\/049821681b589dabc0bc20695993ccebb09f5b5d4d790cd9251b97faac7c652b?s=96&d=blank&r=g\",\"caption\":\"enequipo\"},\"sameAs\":[\"https:\/\/www.facebook.com\/SonoraEE\"]}]}<\/script>\n ","yoast_head_json":{"title":"Sonora en Equipo. Garantiza Gobierno de Sonora continuidad y fortalecimiento del programa Ni\u00f1as Adelante Sonora","description":"HERMOSILLO, SONORA, MX. \u2014 Para garantizar la permanencia de ni\u00f1as y adolescentes, en condiciones de vulnerabilidad, dentro del sistema educativo, el En Sonora en Equipo publicamos toda la informaci\u00f3n de Sonora, M\u00e9xico y el Mundo de manera oportuna y busca que la libertad de expresi\u00f3n sea real. Visita nuestro medio informativo publicado desde Hermosillo, Sonora. %","robots":{"index":"index","follow":"follow","max-snippet":"max-snippet:-1","max-image-preview":"max-image-preview:large","max-video-preview":"max-video-preview:-1"},"canonical":"https:\/\/www.sonoraenequipo.com.mx\/garantiza-gobierno-de-sonora-continuidad-y-fortalecimiento-del-programa-ninas-adelante\/","og_locale":"es_ES","og_type":"article","og_title":"Sonora en Equipo. Garantiza Gobierno de Sonora continuidad y fortalecimiento del programa Ni\u00f1as Adelante Sonora","og_description":"HERMOSILLO, SONORA, MX. \u2014 Para garantizar la permanencia de ni\u00f1as y adolescentes, en condiciones de vulnerabilidad, dentro del sistema educativo, el En Sonora en Equipo publicamos toda la informaci\u00f3n de Sonora, M\u00e9xico y el Mundo de manera oportuna y busca que la libertad de expresi\u00f3n sea real. Visita nuestro medio informativo publicado desde Hermosillo, Sonora. %","og_url":"https:\/\/www.sonoraenequipo.com.mx\/garantiza-gobierno-de-sonora-continuidad-y-fortalecimiento-del-programa-ninas-adelante\/","og_site_name":"Sonora en Equipo.","article_publisher":"https:\/\/www.facebook.com\/SonoraEE\/","article_author":"https:\/\/www.facebook.com\/SonoraEE","article_published_time":"2024-09-25T00:24:47+00:00","og_image":[{"width":600,"height":400,"url":"https:\/\/www.sonoraenequipo.com.mx\/storage\/2024\/09\/ninas-adelante.jpg","type":"image\/jpeg"}],"author":"enequipo","twitter_card":"summary_large_image","twitter_creator":"@sonoraenequipo","twitter_site":"@sonoraenequipo","twitter_misc":{"Escrito por":"enequipo","Tiempo de lectura":"2 minutos"},"schema":{"@context":"https:\/\/schema.org","@graph":[{"@type":"Article","@id":"https:\/\/www.sonoraenequipo.com.mx\/garantiza-gobierno-de-sonora-continuidad-y-fortalecimiento-del-programa-ninas-adelante\/#article","isPartOf":{"@id":"https:\/\/www.sonoraenequipo.com.mx\/garantiza-gobierno-de-sonora-continuidad-y-fortalecimiento-del-programa-ninas-adelante\/"},"author":{"name":"enequipo","@id":"https:\/\/www.sonoraenequipo.com.mx\/#\/schema\/person\/50102df0fb23a8fa9e8effad8fa81386"},"headline":"Garantiza Gobierno de Sonora continuidad y fortalecimiento del programa Ni\u00f1as Adelante","datePublished":"2024-09-25T00:24:47+00:00","mainEntityOfPage":{"@id":"https:\/\/www.sonoraenequipo.com.mx\/garantiza-gobierno-de-sonora-continuidad-y-fortalecimiento-del-programa-ninas-adelante\/"},"wordCount":316,"commentCount":0,"publisher":{"@id":"https:\/\/www.sonoraenequipo.com.mx\/#organization"},"image":{"@id":"https:\/\/www.sonoraenequipo.com.mx\/garantiza-gobierno-de-sonora-continuidad-y-fortalecimiento-del-programa-ninas-adelante\/#primaryimage"},"thumbnailUrl":"https:\/\/www.sonoraenequipo.com.mx\/storage\/2024\/09\/ninas-adelante.jpg","keywords":["adelante","ni\u00f1as","programa"],"articleSection":["Sonora"],"inLanguage":"es","potentialAction":[{"@type":"CommentAction","name":"Comment","target":["https:\/\/www.sonoraenequipo.com.mx\/garantiza-gobierno-de-sonora-continuidad-y-fortalecimiento-del-programa-ninas-adelante\/#respond"]}]},{"@type":"WebPage","@id":"https:\/\/www.sonoraenequipo.com.mx\/garantiza-gobierno-de-sonora-continuidad-y-fortalecimiento-del-programa-ninas-adelante\/","url":"https:\/\/www.sonoraenequipo.com.mx\/garantiza-gobierno-de-sonora-continuidad-y-fortalecimiento-del-programa-ninas-adelante\/","name":"Sonora en Equipo. Garantiza Gobierno de Sonora continuidad y fortalecimiento del programa Ni\u00f1as Adelante Sonora","isPartOf":{"@id":"https:\/\/www.sonoraenequipo.com.mx\/#website"},"primaryImageOfPage":{"@id":"https:\/\/www.sonoraenequipo.com.mx\/garantiza-gobierno-de-sonora-continuidad-y-fortalecimiento-del-programa-ninas-adelante\/#primaryimage"},"image":{"@id":"https:\/\/www.sonoraenequipo.com.mx\/garantiza-gobierno-de-sonora-continuidad-y-fortalecimiento-del-programa-ninas-adelante\/#primaryimage"},"thumbnailUrl":"https:\/\/www.sonoraenequipo.com.mx\/storage\/2024\/09\/ninas-adelante.jpg","datePublished":"2024-09-25T00:24:47+00:00","description":"HERMOSILLO, SONORA, MX. \u2014 Para garantizar la permanencia de ni\u00f1as y adolescentes, en condiciones de vulnerabilidad, dentro del sistema educativo, el En Sonora en Equipo publicamos toda la informaci\u00f3n de Sonora, M\u00e9xico y el Mundo de manera oportuna y busca que la libertad de expresi\u00f3n sea real. Visita nuestro medio informativo publicado desde Hermosillo, Sonora. %","breadcrumb":{"@id":"https:\/\/www.sonoraenequipo.com.mx\/garantiza-gobierno-de-sonora-continuidad-y-fortalecimiento-del-programa-ninas-adelante\/#breadcrumb"},"inLanguage":"es","potentialAction":[{"@type":"ReadAction","target":["https:\/\/www.sonoraenequipo.com.mx\/garantiza-gobierno-de-sonora-continuidad-y-fortalecimiento-del-programa-ninas-adelante\/"]}]},{"@type":"ImageObject","inLanguage":"es","@id":"https:\/\/www.sonoraenequipo.com.mx\/garantiza-gobierno-de-sonora-continuidad-y-fortalecimiento-del-programa-ninas-adelante\/#primaryimage","url":"https:\/\/www.sonoraenequipo.com.mx\/storage\/2024\/09\/ninas-adelante.jpg","contentUrl":"https:\/\/www.sonoraenequipo.com.mx\/storage\/2024\/09\/ninas-adelante.jpg","width":600,"height":400},{"@type":"BreadcrumbList","@id":"https:\/\/www.sonoraenequipo.com.mx\/garantiza-gobierno-de-sonora-continuidad-y-fortalecimiento-del-programa-ninas-adelante\/#breadcrumb","itemListElement":[{"@type":"ListItem","position":1,"name":"Portada","item":"https:\/\/www.sonoraenequipo.com.mx\/"},{"@type":"ListItem","position":2,"name":"Garantiza Gobierno de Sonora continuidad y fortalecimiento del programa Ni\u00f1as Adelante"}]},{"@type":"WebSite","@id":"https:\/\/www.sonoraenequipo.com.mx\/#website","url":"https:\/\/www.sonoraenequipo.com.mx\/","name":"Sonora en Equipo.","description":"Diario en l\u00ednea con Noticias desde Hermosillo, Sonora","publisher":{"@id":"https:\/\/www.sonoraenequipo.com.mx\/#organization"},"potentialAction":[{"@type":"SearchAction","target":{"@type":"EntryPoint","urlTemplate":"https:\/\/www.sonoraenequipo.com.mx\/?s={search_term_string}"},"query-input":{"@type":"PropertyValueSpecification","valueRequired":true,"valueName":"search_term_string"}}],"inLanguage":"es"},{"@type":"Organization","@id":"https:\/\/www.sonoraenequipo.com.mx\/#organization","name":"Sonoraenequipo.com.mx","url":"https:\/\/www.sonoraenequipo.com.mx\/","logo":{"@type":"ImageObject","inLanguage":"es","@id":"https:\/\/www.sonoraenequipo.com.mx\/#\/schema\/logo\/image\/","url":"https:\/\/www.sonoraenequipo.com.mx\/storage\/2019\/01\/sonoraenequipo_opt.png","contentUrl":"https:\/\/www.sonoraenequipo.com.mx\/storage\/2019\/01\/sonoraenequipo_opt.png","width":375,"height":125,"caption":"Sonoraenequipo.com.mx"},"image":{"@id":"https:\/\/www.sonoraenequipo.com.mx\/#\/schema\/logo\/image\/"},"sameAs":["https:\/\/www.facebook.com\/SonoraEE\/","https:\/\/x.com\/sonoraenequipo","https:\/\/www.youtube.com\/channel\/UC338nW-lPEYmJQs4ZABQ1SQ"]},{"@type":"Person","@id":"https:\/\/www.sonoraenequipo.com.mx\/#\/schema\/person\/50102df0fb23a8fa9e8effad8fa81386","name":"enequipo","image":{"@type":"ImageObject","inLanguage":"es","@id":"https:\/\/www.sonoraenequipo.com.mx\/#\/schema\/person\/image\/","url":"https:\/\/secure.gravatar.com\/avatar\/049821681b589dabc0bc20695993ccebb09f5b5d4d790cd9251b97faac7c652b?s=96&d=blank&r=g","contentUrl":"https:\/\/secure.gravatar.com\/avatar\/049821681b589dabc0bc20695993ccebb09f5b5d4d790cd9251b97faac7c652b?s=96&d=blank&r=g","caption":"enequipo"},"sameAs":["https:\/\/www.facebook.com\/SonoraEE"]}]}},"jetpack_featured_media_url":"https:\/\/www.sonoraenequipo.com.mx\/storage\/2024\/09\/ninas-adelante.jpg","_links":{"self":[{"href":"https:\/\/www.sonoraenequipo.com.mx\/api\/wp\/v2\/posts\/199832","targetHints":{"allow":["GET"]}}],"collection":[{"href":"https:\/\/www.sonoraenequipo.com.mx\/api\/wp\/v2\/posts"}],"about":[{"href":"https:\/\/www.sonoraenequipo.com.mx\/api\/wp\/v2\/types\/post"}],"author":[{"embeddable":true,"href":"https:\/\/www.sonoraenequipo.com.mx\/api\/wp\/v2\/users\/1"}],"replies":[{"embeddable":true,"href":"https:\/\/www.sonoraenequipo.com.mx\/api\/wp\/v2\/comments?post=199832"}],"version-history":[{"count":1,"href":"https:\/\/www.sonoraenequipo.com.mx\/api\/wp\/v2\/posts\/199832\/revisions"}],"predecessor-version":[{"id":199834,"href":"https:\/\/www.sonoraenequipo.com.mx\/api\/wp\/v2\/posts\/199832\/revisions\/199834"}],"wp:featuredmedia":[{"embeddable":true,"href":"https:\/\/www.sonoraenequipo.com.mx\/api\/wp\/v2\/media\/199833"}],"wp:attachment":[{"href":"https:\/\/www.sonoraenequipo.com.mx\/api\/wp\/v2\/media?parent=199832"}],"wp:term":[{"taxonomy":"category","embeddable":true,"href":"https:\/\/www.sonoraenequipo.com.mx\/api\/wp\/v2\/categories?post=199832"},{"taxonomy":"post_tag","embeddable":true,"href":"https:\/\/www.sonoraenequipo.com.mx\/api\/wp\/v2\/tags?post=199832"}],"curies":[{"name":"wp","href":"https:\/\/api.w.org\/{rel}","templated":true}]}}