{"id":199835,"date":"2024-09-24T17:52:55","date_gmt":"2024-09-25T00:52:55","guid":{"rendered":"https:\/\/www.sonoraenequipo.com.mx\/?p=199835"},"modified":"2024-09-24T17:52:55","modified_gmt":"2024-09-25T00:52:55","slug":"resumen-de-iniciativas-presentadas-en-la-sesion-del-congreso","status":"publish","type":"post","link":"https:\/\/www.sonoraenequipo.com.mx\/resumen-de-iniciativas-presentadas-en-la-sesion-del-congreso\/","title":{"rendered":"Resumen\u00a0 de iniciativas presentadas en la sesi\u00f3n del congreso"},"content":{"rendered":"<p><strong>HERMOSILLO, SONORA, MX.<\/strong> \u2014<\/p>\n<p>&nbsp;<\/p>\n<ol>\n<li>Reforma a la Ley de Educaci\u00f3n para garantizar la educaci\u00f3n inicial de la ni\u00f1ez<\/li>\n<\/ol>\n<p>&nbsp;<\/p>\n<ul>\n<li>Presentada por la diputada Jazm\u00edn Guadalupe G\u00f3mez Liz\u00e1rraga, integrante del grupo Parlamentario del Partido Del Trabajo<\/li>\n<\/ul>\n<p>&nbsp;<\/p>\n<ul>\n<li>Modifica el art\u00edculo 29, p\u00e1rrafos primero y segundo, de la Ley de Educaci\u00f3n del Estado de Sonora.<\/li>\n<\/ul>\n<p>&nbsp;<\/p>\n<ul>\n<li>Aunque el derecho a la educaci\u00f3n inicial ya est\u00e1 plasmado en la legislaci\u00f3n local, la iniciativa describe las bases m\u00ednimas bajo las cuales deben ser impartidos y garantizados los servicios de atenci\u00f3n y desarrollo en la primera infancia y la educaci\u00f3n inicial de calidad a ni\u00f1as y ni\u00f1os.<\/li>\n<\/ul>\n<p>&nbsp;<\/p>\n<p>Establece que las instituciones educativas p\u00fablicas o privadas deber\u00e1n:<\/p>\n<p>&nbsp;<\/p>\n<ol>\n<li>a) Estimular ambientes de aprendizaje que favorezcan el desarrollo integral y el bienestar infantil;<\/li>\n<li>b) Incluir interacciones afectivas y sensibles, as\u00ed como experiencias de juego, arte, literatura, entre otras, que propicien su participaci\u00f3n;<\/li>\n<li>c) Reconocer y fortalecer pr\u00e1cticas de crianza en contextos familiares y no familiares para dar un lugar social a la primera infancia;<\/li>\n<li>d) Promover la inclusi\u00f3n y la diversidad;<\/li>\n<li>e) Asegurar la equidad y otorgar una atenci\u00f3n diferenciada y prioritaria para ni\u00f1as y ni\u00f1os en situaci\u00f3n de marginaci\u00f3n y vulnerabilidad;<\/li>\n<li>f) Las autoridades encargadas de la impartici\u00f3n deber\u00e1n hacerlo de conformidad con los principios rectores y objetivos que determine la SEP y la Ley General de Educaci\u00f3n.<\/li>\n<\/ol>\n<p>&nbsp;<\/p>\n<ol start=\"2\">\n<li>Reforma con el fin de garantizar recursos para acciones vinculadas al cambio clim\u00e1tico<\/li>\n<\/ol>\n<p>&nbsp;<\/p>\n<ul>\n<li>Propuesta por el diputado Omar Francisco Del Valle Colosio, integrante del grupo parlamentario del Partido Verde Ecologista de M\u00e9xico.<\/li>\n<\/ul>\n<p>&nbsp;<\/p>\n<ul>\n<li>Adiciona un \u00faltimo p\u00e1rrafo al art\u00edculo 8 de la Ley del Presupuesto de Egresos y Gasto P\u00fablico Estatal.<\/li>\n<\/ul>\n<p>&nbsp;<\/p>\n<ul>\n<li>Con el fin de contar con pol\u00edticas p\u00fablicas viables en materia de mitigaci\u00f3n y adaptaci\u00f3n al cambio clim\u00e1tico y desarrollo sustentable, la Ley General de Cambio Clim\u00e1tico plantea que estados y municipios deben gestionar recursos para implementar acciones en la materia.<\/li>\n<\/ul>\n<p>&nbsp;<\/p>\n<ul>\n<li>La Ley de Cambio Clim\u00e1tico del Estado de Sonora dispone diversas medidas para lograr estos objetivos en nuestra entidad.<\/li>\n<\/ul>\n<p>&nbsp;<\/p>\n<ul>\n<li>La iniciativa busca incorporar un Anexo Transversal en materia de cambio clim\u00e1tico en el Presupuesto de Egresos del Estado de Sonora.<\/li>\n<\/ul>\n<p>&nbsp;<\/p>\n<ul>\n<li>El objetivo de este anexo es que se incluya, dentro de las partidas de presupuesto, informaci\u00f3n sobre las pol\u00edticas y programas que el Gobierno de Sonora tiene para atender este fen\u00f3meno y los recursos que el Poder Legislativo asigna para su operaci\u00f3n.<\/li>\n<\/ul>\n","protected":false},"excerpt":{"rendered":"<p>HERMOSILLO, SONORA, MX. \u2014 &nbsp; Reforma a la Ley de Educaci\u00f3n para garantizar la educaci\u00f3n&#8230;<\/p>\n","protected":false},"author":1,"featured_media":199836,"comment_status":"open","ping_status":"open","sticky":false,"template":"","format":"standard","meta":{"_monsterinsights_skip_tracking":false,"_monsterinsights_sitenote_active":false,"_monsterinsights_sitenote_note":"","_monsterinsights_sitenote_category":0,"footnotes":""},"categories":[3281],"tags":[1248,15],"class_list":["post"],"yoast_head":" \n<title>Sonora en Equipo. Resumen\u00a0 de iniciativas presentadas en la sesi\u00f3n del congreso Congreso<\/title>\n<meta name=\"description\" content=\"HERMOSILLO, SONORA, MX. \u2014 &nbsp; Reforma a la Ley de Educaci\u00f3n para garantizar la educaci\u00f3n inicial de la ni\u00f1ez &nbsp; Presentada por la diputada Jazm\u00edn En Sonora en Equipo publicamos toda la informaci\u00f3n de Sonora, M\u00e9xico y el Mundo de manera oportuna y busca que la libertad de expresi\u00f3n sea real. Visita nuestro medio informativo publicado desde Hermosillo, Sonora. %\" \/>\n<meta name=\"robots\" content=\"index, follow, max-snippet:-1, max-image-preview:large, max-video-preview:-1\" \/>\n<link rel=\"canonical\" href=\"https:\/\/www.sonoraenequipo.com.mx\/resumen-de-iniciativas-presentadas-en-la-sesion-del-congreso\/\" \/>\n<meta property=\"og:locale\" content=\"es_ES\" \/>\n<meta property=\"og:type\" content=\"article\" \/>\n<meta property=\"og:title\" content=\"Sonora en Equipo. Resumen\u00a0 de iniciativas presentadas en la sesi\u00f3n del congreso Congreso\" \/>\n<meta property=\"og:description\" content=\"HERMOSILLO, SONORA, MX. \u2014 &nbsp; Reforma a la Ley de Educaci\u00f3n para garantizar la educaci\u00f3n inicial de la ni\u00f1ez &nbsp; Presentada por la diputada Jazm\u00edn En Sonora en Equipo publicamos toda la informaci\u00f3n de Sonora, M\u00e9xico y el Mundo de manera oportuna y busca que la libertad de expresi\u00f3n sea real. Visita nuestro medio informativo publicado desde Hermosillo, Sonora. %\" \/>\n<meta property=\"og:url\" content=\"https:\/\/www.sonoraenequipo.com.mx\/resumen-de-iniciativas-presentadas-en-la-sesion-del-congreso\/\" \/>\n<meta property=\"og:site_name\" content=\"Sonora en Equipo.\" \/>\n<meta property=\"article:publisher\" content=\"https:\/\/www.facebook.com\/SonoraEE\/\" \/>\n<meta property=\"article:author\" content=\"https:\/\/www.facebook.com\/SonoraEE\" \/>\n<meta property=\"article:published_time\" content=\"2024-09-25T00:52:55+00:00\" \/>\n<meta property=\"og:image\" content=\"https:\/\/www.sonoraenequipo.com.mx\/storage\/2024\/09\/sesioncongreso.jpg\" \/>\n\t<meta property=\"og:image:width\" content=\"600\" \/>\n\t<meta property=\"og:image:height\" content=\"356\" \/>\n\t<meta property=\"og:image:type\" content=\"image\/jpeg\" \/>\n<meta name=\"author\" content=\"enequipo\" \/>\n<meta name=\"twitter:card\" content=\"summary_large_image\" \/>\n<meta name=\"twitter:creator\" content=\"@sonoraenequipo\" \/>\n<meta name=\"twitter:site\" content=\"@sonoraenequipo\" \/>\n<meta name=\"twitter:label1\" content=\"Escrito por\" \/>\n\t<meta name=\"twitter:data1\" content=\"enequipo\" \/>\n\t<meta name=\"twitter:label2\" content=\"Tiempo de lectura\" \/>\n\t<meta name=\"twitter:data2\" content=\"2 minutos\" \/>\n<script type=\"application\/ld+json\" class=\"yoast-schema-graph\">{\"@context\":\"https:\/\/schema.org\",\"@graph\":[{\"@type\":\"Article\",\"@id\":\"https:\/\/www.sonoraenequipo.com.mx\/resumen-de-iniciativas-presentadas-en-la-sesion-del-congreso\/#article\",\"isPartOf\":{\"@id\":\"https:\/\/www.sonoraenequipo.com.mx\/resumen-de-iniciativas-presentadas-en-la-sesion-del-congreso\/\"},\"author\":{\"name\":\"enequipo\",\"@id\":\"https:\/\/www.sonoraenequipo.com.mx\/#\/schema\/person\/50102df0fb23a8fa9e8effad8fa81386\"},\"headline\":\"Resumen\u00a0 de iniciativas presentadas en la sesi\u00f3n del congreso\",\"datePublished\":\"2024-09-25T00:52:55+00:00\",\"mainEntityOfPage\":{\"@id\":\"https:\/\/www.sonoraenequipo.com.mx\/resumen-de-iniciativas-presentadas-en-la-sesion-del-congreso\/\"},\"wordCount\":457,\"commentCount\":0,\"publisher\":{\"@id\":\"https:\/\/www.sonoraenequipo.com.mx\/#organization\"},\"image\":{\"@id\":\"https:\/\/www.sonoraenequipo.com.mx\/resumen-de-iniciativas-presentadas-en-la-sesion-del-congreso\/#primaryimage\"},\"thumbnailUrl\":\"https:\/\/www.sonoraenequipo.com.mx\/storage\/2024\/09\/sesioncongreso.jpg\",\"keywords\":[\"CONGRESO\",\"Sonora\"],\"articleSection\":[\"Congreso\"],\"inLanguage\":\"es\",\"potentialAction\":[{\"@type\":\"CommentAction\",\"name\":\"Comment\",\"target\":[\"https:\/\/www.sonoraenequipo.com.mx\/resumen-de-iniciativas-presentadas-en-la-sesion-del-congreso\/#respond\"]}]},{\"@type\":\"WebPage\",\"@id\":\"https:\/\/www.sonoraenequipo.com.mx\/resumen-de-iniciativas-presentadas-en-la-sesion-del-congreso\/\",\"url\":\"https:\/\/www.sonoraenequipo.com.mx\/resumen-de-iniciativas-presentadas-en-la-sesion-del-congreso\/\",\"name\":\"Sonora en Equipo. Resumen\u00a0 de iniciativas presentadas en la sesi\u00f3n del congreso Congreso\",\"isPartOf\":{\"@id\":\"https:\/\/www.sonoraenequipo.com.mx\/#website\"},\"primaryImageOfPage\":{\"@id\":\"https:\/\/www.sonoraenequipo.com.mx\/resumen-de-iniciativas-presentadas-en-la-sesion-del-congreso\/#primaryimage\"},\"image\":{\"@id\":\"https:\/\/www.sonoraenequipo.com.mx\/resumen-de-iniciativas-presentadas-en-la-sesion-del-congreso\/#primaryimage\"},\"thumbnailUrl\":\"https:\/\/www.sonoraenequipo.com.mx\/storage\/2024\/09\/sesioncongreso.jpg\",\"datePublished\":\"2024-09-25T00:52:55+00:00\",\"description\":\"HERMOSILLO, SONORA, MX. \u2014 &nbsp; Reforma a la Ley de Educaci\u00f3n para garantizar la educaci\u00f3n inicial de la ni\u00f1ez &nbsp; Presentada por la diputada Jazm\u00edn En Sonora en Equipo publicamos toda la informaci\u00f3n de Sonora, M\u00e9xico y el Mundo de manera oportuna y busca que la libertad de expresi\u00f3n sea real. Visita nuestro medio informativo publicado desde Hermosillo, Sonora. %\",\"breadcrumb\":{\"@id\":\"https:\/\/www.sonoraenequipo.com.mx\/resumen-de-iniciativas-presentadas-en-la-sesion-del-congreso\/#breadcrumb\"},\"inLanguage\":\"es\",\"potentialAction\":[{\"@type\":\"ReadAction\",\"target\":[\"https:\/\/www.sonoraenequipo.com.mx\/resumen-de-iniciativas-presentadas-en-la-sesion-del-congreso\/\"]}]},{\"@type\":\"ImageObject\",\"inLanguage\":\"es\",\"@id\":\"https:\/\/www.sonoraenequipo.com.mx\/resumen-de-iniciativas-presentadas-en-la-sesion-del-congreso\/#primaryimage\",\"url\":\"https:\/\/www.sonoraenequipo.com.mx\/storage\/2024\/09\/sesioncongreso.jpg\",\"contentUrl\":\"https:\/\/www.sonoraenequipo.com.mx\/storage\/2024\/09\/sesioncongreso.jpg\",\"width\":600,\"height\":356},{\"@type\":\"BreadcrumbList\",\"@id\":\"https:\/\/www.sonoraenequipo.com.mx\/resumen-de-iniciativas-presentadas-en-la-sesion-del-congreso\/#breadcrumb\",\"itemListElement\":[{\"@type\":\"ListItem\",\"position\":1,\"name\":\"Portada\",\"item\":\"https:\/\/www.sonoraenequipo.com.mx\/\"},{\"@type\":\"ListItem\",\"position\":2,\"name\":\"Resumen\u00a0 de iniciativas presentadas en la sesi\u00f3n del congreso\"}]},{\"@type\":\"WebSite\",\"@id\":\"https:\/\/www.sonoraenequipo.com.mx\/#website\",\"url\":\"https:\/\/www.sonoraenequipo.com.mx\/\",\"name\":\"Sonora en Equipo.\",\"description\":\"Diario en l\u00ednea con Noticias desde Hermosillo, Sonora\",\"publisher\":{\"@id\":\"https:\/\/www.sonoraenequipo.com.mx\/#organization\"},\"potentialAction\":[{\"@type\":\"SearchAction\",\"target\":{\"@type\":\"EntryPoint\",\"urlTemplate\":\"https:\/\/www.sonoraenequipo.com.mx\/?s={search_term_string}\"},\"query-input\":{\"@type\":\"PropertyValueSpecification\",\"valueRequired\":true,\"valueName\":\"search_term_string\"}}],\"inLanguage\":\"es\"},{\"@type\":\"Organization\",\"@id\":\"https:\/\/www.sonoraenequipo.com.mx\/#organization\",\"name\":\"Sonoraenequipo.com.mx\",\"url\":\"https:\/\/www.sonoraenequipo.com.mx\/\",\"logo\":{\"@type\":\"ImageObject\",\"inLanguage\":\"es\",\"@id\":\"https:\/\/www.sonoraenequipo.com.mx\/#\/schema\/logo\/image\/\",\"url\":\"https:\/\/www.sonoraenequipo.com.mx\/storage\/2019\/01\/sonoraenequipo_opt.png\",\"contentUrl\":\"https:\/\/www.sonoraenequipo.com.mx\/storage\/2019\/01\/sonoraenequipo_opt.png\",\"width\":375,\"height\":125,\"caption\":\"Sonoraenequipo.com.mx\"},\"image\":{\"@id\":\"https:\/\/www.sonoraenequipo.com.mx\/#\/schema\/logo\/image\/\"},\"sameAs\":[\"https:\/\/www.facebook.com\/SonoraEE\/\",\"https:\/\/x.com\/sonoraenequipo\",\"https:\/\/www.youtube.com\/channel\/UC338nW-lPEYmJQs4ZABQ1SQ\"]},{\"@type\":\"Person\",\"@id\":\"https:\/\/www.sonoraenequipo.com.mx\/#\/schema\/person\/50102df0fb23a8fa9e8effad8fa81386\",\"name\":\"enequipo\",\"image\":{\"@type\":\"ImageObject\",\"inLanguage\":\"es\",\"@id\":\"https:\/\/www.sonoraenequipo.com.mx\/#\/schema\/person\/image\/\",\"url\":\"https:\/\/secure.gravatar.com\/avatar\/049821681b589dabc0bc20695993ccebb09f5b5d4d790cd9251b97faac7c652b?s=96&d=blank&r=g\",\"contentUrl\":\"https:\/\/secure.gravatar.com\/avatar\/049821681b589dabc0bc20695993ccebb09f5b5d4d790cd9251b97faac7c652b?s=96&d=blank&r=g\",\"caption\":\"enequipo\"},\"sameAs\":[\"https:\/\/www.facebook.com\/SonoraEE\"]}]}<\/script>\n ","yoast_head_json":{"title":"Sonora en Equipo. Resumen\u00a0 de iniciativas presentadas en la sesi\u00f3n del congreso Congreso","description":"HERMOSILLO, SONORA, MX. \u2014 &nbsp; Reforma a la Ley de Educaci\u00f3n para garantizar la educaci\u00f3n inicial de la ni\u00f1ez &nbsp; Presentada por la diputada Jazm\u00edn En Sonora en Equipo publicamos toda la informaci\u00f3n de Sonora, M\u00e9xico y el Mundo de manera oportuna y busca que la libertad de expresi\u00f3n sea real. Visita nuestro medio informativo publicado desde Hermosillo, Sonora. %","robots":{"index":"index","follow":"follow","max-snippet":"max-snippet:-1","max-image-preview":"max-image-preview:large","max-video-preview":"max-video-preview:-1"},"canonical":"https:\/\/www.sonoraenequipo.com.mx\/resumen-de-iniciativas-presentadas-en-la-sesion-del-congreso\/","og_locale":"es_ES","og_type":"article","og_title":"Sonora en Equipo. Resumen\u00a0 de iniciativas presentadas en la sesi\u00f3n del congreso Congreso","og_description":"HERMOSILLO, SONORA, MX. \u2014 &nbsp; Reforma a la Ley de Educaci\u00f3n para garantizar la educaci\u00f3n inicial de la ni\u00f1ez &nbsp; Presentada por la diputada Jazm\u00edn En Sonora en Equipo publicamos toda la informaci\u00f3n de Sonora, M\u00e9xico y el Mundo de manera oportuna y busca que la libertad de expresi\u00f3n sea real. Visita nuestro medio informativo publicado desde Hermosillo, Sonora. %","og_url":"https:\/\/www.sonoraenequipo.com.mx\/resumen-de-iniciativas-presentadas-en-la-sesion-del-congreso\/","og_site_name":"Sonora en Equipo.","article_publisher":"https:\/\/www.facebook.com\/SonoraEE\/","article_author":"https:\/\/www.facebook.com\/SonoraEE","article_published_time":"2024-09-25T00:52:55+00:00","og_image":[{"width":600,"height":356,"url":"https:\/\/www.sonoraenequipo.com.mx\/storage\/2024\/09\/sesioncongreso.jpg","type":"image\/jpeg"}],"author":"enequipo","twitter_card":"summary_large_image","twitter_creator":"@sonoraenequipo","twitter_site":"@sonoraenequipo","twitter_misc":{"Escrito por":"enequipo","Tiempo de lectura":"2 minutos"},"schema":{"@context":"https:\/\/schema.org","@graph":[{"@type":"Article","@id":"https:\/\/www.sonoraenequipo.com.mx\/resumen-de-iniciativas-presentadas-en-la-sesion-del-congreso\/#article","isPartOf":{"@id":"https:\/\/www.sonoraenequipo.com.mx\/resumen-de-iniciativas-presentadas-en-la-sesion-del-congreso\/"},"author":{"name":"enequipo","@id":"https:\/\/www.sonoraenequipo.com.mx\/#\/schema\/person\/50102df0fb23a8fa9e8effad8fa81386"},"headline":"Resumen\u00a0 de iniciativas presentadas en la sesi\u00f3n del congreso","datePublished":"2024-09-25T00:52:55+00:00","mainEntityOfPage":{"@id":"https:\/\/www.sonoraenequipo.com.mx\/resumen-de-iniciativas-presentadas-en-la-sesion-del-congreso\/"},"wordCount":457,"commentCount":0,"publisher":{"@id":"https:\/\/www.sonoraenequipo.com.mx\/#organization"},"image":{"@id":"https:\/\/www.sonoraenequipo.com.mx\/resumen-de-iniciativas-presentadas-en-la-sesion-del-congreso\/#primaryimage"},"thumbnailUrl":"https:\/\/www.sonoraenequipo.com.mx\/storage\/2024\/09\/sesioncongreso.jpg","keywords":["CONGRESO","Sonora"],"articleSection":["Congreso"],"inLanguage":"es","potentialAction":[{"@type":"CommentAction","name":"Comment","target":["https:\/\/www.sonoraenequipo.com.mx\/resumen-de-iniciativas-presentadas-en-la-sesion-del-congreso\/#respond"]}]},{"@type":"WebPage","@id":"https:\/\/www.sonoraenequipo.com.mx\/resumen-de-iniciativas-presentadas-en-la-sesion-del-congreso\/","url":"https:\/\/www.sonoraenequipo.com.mx\/resumen-de-iniciativas-presentadas-en-la-sesion-del-congreso\/","name":"Sonora en Equipo. Resumen\u00a0 de iniciativas presentadas en la sesi\u00f3n del congreso Congreso","isPartOf":{"@id":"https:\/\/www.sonoraenequipo.com.mx\/#website"},"primaryImageOfPage":{"@id":"https:\/\/www.sonoraenequipo.com.mx\/resumen-de-iniciativas-presentadas-en-la-sesion-del-congreso\/#primaryimage"},"image":{"@id":"https:\/\/www.sonoraenequipo.com.mx\/resumen-de-iniciativas-presentadas-en-la-sesion-del-congreso\/#primaryimage"},"thumbnailUrl":"https:\/\/www.sonoraenequipo.com.mx\/storage\/2024\/09\/sesioncongreso.jpg","datePublished":"2024-09-25T00:52:55+00:00","description":"HERMOSILLO, SONORA, MX. \u2014 &nbsp; Reforma a la Ley de Educaci\u00f3n para garantizar la educaci\u00f3n inicial de la ni\u00f1ez &nbsp; Presentada por la diputada Jazm\u00edn En Sonora en Equipo publicamos toda la informaci\u00f3n de Sonora, M\u00e9xico y el Mundo de manera oportuna y busca que la libertad de expresi\u00f3n sea real. Visita nuestro medio informativo publicado desde Hermosillo, Sonora. %","breadcrumb":{"@id":"https:\/\/www.sonoraenequipo.com.mx\/resumen-de-iniciativas-presentadas-en-la-sesion-del-congreso\/#breadcrumb"},"inLanguage":"es","potentialAction":[{"@type":"ReadAction","target":["https:\/\/www.sonoraenequipo.com.mx\/resumen-de-iniciativas-presentadas-en-la-sesion-del-congreso\/"]}]},{"@type":"ImageObject","inLanguage":"es","@id":"https:\/\/www.sonoraenequipo.com.mx\/resumen-de-iniciativas-presentadas-en-la-sesion-del-congreso\/#primaryimage","url":"https:\/\/www.sonoraenequipo.com.mx\/storage\/2024\/09\/sesioncongreso.jpg","contentUrl":"https:\/\/www.sonoraenequipo.com.mx\/storage\/2024\/09\/sesioncongreso.jpg","width":600,"height":356},{"@type":"BreadcrumbList","@id":"https:\/\/www.sonoraenequipo.com.mx\/resumen-de-iniciativas-presentadas-en-la-sesion-del-congreso\/#breadcrumb","itemListElement":[{"@type":"ListItem","position":1,"name":"Portada","item":"https:\/\/www.sonoraenequipo.com.mx\/"},{"@type":"ListItem","position":2,"name":"Resumen\u00a0 de iniciativas presentadas en la sesi\u00f3n del congreso"}]},{"@type":"WebSite","@id":"https:\/\/www.sonoraenequipo.com.mx\/#website","url":"https:\/\/www.sonoraenequipo.com.mx\/","name":"Sonora en Equipo.","description":"Diario en l\u00ednea con Noticias desde Hermosillo, Sonora","publisher":{"@id":"https:\/\/www.sonoraenequipo.com.mx\/#organization"},"potentialAction":[{"@type":"SearchAction","target":{"@type":"EntryPoint","urlTemplate":"https:\/\/www.sonoraenequipo.com.mx\/?s={search_term_string}"},"query-input":{"@type":"PropertyValueSpecification","valueRequired":true,"valueName":"search_term_string"}}],"inLanguage":"es"},{"@type":"Organization","@id":"https:\/\/www.sonoraenequipo.com.mx\/#organization","name":"Sonoraenequipo.com.mx","url":"https:\/\/www.sonoraenequipo.com.mx\/","logo":{"@type":"ImageObject","inLanguage":"es","@id":"https:\/\/www.sonoraenequipo.com.mx\/#\/schema\/logo\/image\/","url":"https:\/\/www.sonoraenequipo.com.mx\/storage\/2019\/01\/sonoraenequipo_opt.png","contentUrl":"https:\/\/www.sonoraenequipo.com.mx\/storage\/2019\/01\/sonoraenequipo_opt.png","width":375,"height":125,"caption":"Sonoraenequipo.com.mx"},"image":{"@id":"https:\/\/www.sonoraenequipo.com.mx\/#\/schema\/logo\/image\/"},"sameAs":["https:\/\/www.facebook.com\/SonoraEE\/","https:\/\/x.com\/sonoraenequipo","https:\/\/www.youtube.com\/channel\/UC338nW-lPEYmJQs4ZABQ1SQ"]},{"@type":"Person","@id":"https:\/\/www.sonoraenequipo.com.mx\/#\/schema\/person\/50102df0fb23a8fa9e8effad8fa81386","name":"enequipo","image":{"@type":"ImageObject","inLanguage":"es","@id":"https:\/\/www.sonoraenequipo.com.mx\/#\/schema\/person\/image\/","url":"https:\/\/secure.gravatar.com\/avatar\/049821681b589dabc0bc20695993ccebb09f5b5d4d790cd9251b97faac7c652b?s=96&d=blank&r=g","contentUrl":"https:\/\/secure.gravatar.com\/avatar\/049821681b589dabc0bc20695993ccebb09f5b5d4d790cd9251b97faac7c652b?s=96&d=blank&r=g","caption":"enequipo"},"sameAs":["https:\/\/www.facebook.com\/SonoraEE"]}]}},"jetpack_featured_media_url":"https:\/\/www.sonoraenequipo.com.mx\/storage\/2024\/09\/sesioncongreso.jpg","_links":{"self":[{"href":"https:\/\/www.sonoraenequipo.com.mx\/api\/wp\/v2\/posts\/199835","targetHints":{"allow":["GET"]}}],"collection":[{"href":"https:\/\/www.sonoraenequipo.com.mx\/api\/wp\/v2\/posts"}],"about":[{"href":"https:\/\/www.sonoraenequipo.com.mx\/api\/wp\/v2\/types\/post"}],"author":[{"embeddable":true,"href":"https:\/\/www.sonoraenequipo.com.mx\/api\/wp\/v2\/users\/1"}],"replies":[{"embeddable":true,"href":"https:\/\/www.sonoraenequipo.com.mx\/api\/wp\/v2\/comments?post=199835"}],"version-history":[{"count":1,"href":"https:\/\/www.sonoraenequipo.com.mx\/api\/wp\/v2\/posts\/199835\/revisions"}],"predecessor-version":[{"id":199837,"href":"https:\/\/www.sonoraenequipo.com.mx\/api\/wp\/v2\/posts\/199835\/revisions\/199837"}],"wp:featuredmedia":[{"embeddable":true,"href":"https:\/\/www.sonoraenequipo.com.mx\/api\/wp\/v2\/media\/199836"}],"wp:attachment":[{"href":"https:\/\/www.sonoraenequipo.com.mx\/api\/wp\/v2\/media?parent=199835"}],"wp:term":[{"taxonomy":"category","embeddable":true,"href":"https:\/\/www.sonoraenequipo.com.mx\/api\/wp\/v2\/categories?post=199835"},{"taxonomy":"post_tag","embeddable":true,"href":"https:\/\/www.sonoraenequipo.com.mx\/api\/wp\/v2\/tags?post=199835"}],"curies":[{"name":"wp","href":"https:\/\/api.w.org\/{rel}","templated":true}]}}