{"id":199841,"date":"2024-09-24T18:17:18","date_gmt":"2024-09-25T01:17:18","guid":{"rendered":"https:\/\/www.sonoraenequipo.com.mx\/?p=199841"},"modified":"2024-09-24T18:17:18","modified_gmt":"2024-09-25T01:17:18","slug":"iniciara-kino-fest-con-representacion-de-ano-nuevo-seri","status":"publish","type":"post","link":"https:\/\/www.sonoraenequipo.com.mx\/iniciara-kino-fest-con-representacion-de-ano-nuevo-seri\/","title":{"rendered":"Iniciar\u00e1 Kino Fest con representaci\u00f3n de A\u00f1o Nuevo Seri"},"content":{"rendered":"<p><strong>HERMOSILLO, SONORA, MX.<\/strong> \u2014La directora de Desarrollo Tur\u00edstico de Hermosillo, Fernanda Cisneros Rodr\u00edguez, inform\u00f3 que el pr\u00f3ximo s\u00e1bado inician las actividades del Kino Fest con la representaci\u00f3n del A\u00f1o Nuevo Seri en el Bosque de Sahuaros ubicado cerca del balneario.<\/p>\n<p>&nbsp;<\/p>\n<p>\u201cVamos a dar arranque este fin de semana en el marco del D\u00eda Mundial del Turismo, que es el 27 de septiembre. Entonces el s\u00e1bado 28 lo vamos a celebrar de una manera m\u00e1gica, de una manera muy especial\u201d, asegur\u00f3 Cisneros Rodr\u00edguez.<\/p>\n<p>&nbsp;<\/p>\n<p>Expuso que quisieron hacerlo junto a la Oficina de Convenciones y Visitantes (OCV) Hermosillo, que ha hecho un gran trabajo con este producto, porque es algo que nada m\u00e1s lo viv\u00eda la gente que ven\u00eda a la ciudad por una convenci\u00f3n.<\/p>\n<p>&nbsp;<\/p>\n<p>\u201cPlaticando con el Presidente Municipal fue as\u00ed como dijimos \u00bfpor qu\u00e9 no abrirlo a todo el mundo? y buscando algo muy especial para la celebraci\u00f3n de lo que es el D\u00eda Mundial del Turismo, y as\u00ed fue que lo abrimos a toda la gente con la posibilidad de incluso de irse en traslado gratuito\u201d, precis\u00f3.<\/p>\n<p>&nbsp;<\/p>\n<p>Record\u00f3 que pusieron a disposici\u00f3n tres camiones por un kilo de ayuda, lo cuales ya est\u00e1n llenos, pero las familias tambi\u00e9n podr\u00e1n irse en su veh\u00edculo, s\u00f3lo con la solicitud de llegar antes de las seis de la tarde.<\/p>\n<p>&nbsp;<\/p>\n<p>Francisco Garc\u00eda Karam, director de la OCV Hermosillo, explic\u00f3 que es la primera vez que se realizar\u00e1 la representaci\u00f3n A\u00f1o Nuevo Seri abierta al p\u00fablico, producto que desarrollaron para generar congresos, convenciones, ferias y exposiciones.<\/p>\n<p>&nbsp;<\/p>\n<p>\u201cAhora vamos a tener oportunidad de que gente local, gente que aqu\u00ed, gente de nuestra casa, pueda vivir una representaci\u00f3n, es una noche m\u00e1gica, es un contacto con la naturaleza, contigo mismo. Habr\u00e1 canto, baile, pintura facial, elementos decorativos y una explicaci\u00f3n de la importancia que tuvieron las estrellas que los guiaron para vivir ah\u00ed\u201d, comparti\u00f3.<\/p>\n<p>&nbsp;<\/p>\n<p>A trav\u00e9s del n\u00famero 6622-90 92 33 se le puede hacer llegar la ubicaci\u00f3n\u00a0 y croquis a las personas interesadas en llegar el punto que est\u00e1 en el kil\u00f3metro 95 de la carretera a Bah\u00eda de Kino; es totalmente gratuito, s\u00f3lo se pide el kilo de ayuda para la comunidad Comc\u00e1ac.<\/p>\n<p><strong>Fecha de publicaci\u00f3n martes 24 de septiembre de 2024<\/strong><\/p>\n","protected":false},"excerpt":{"rendered":"<p>HERMOSILLO, SONORA, MX. \u2014La directora de Desarrollo Tur\u00edstico de Hermosillo, Fernanda Cisneros Rodr\u00edguez, inform\u00f3 que&#8230;<\/p>\n","protected":false},"author":1,"featured_media":199842,"comment_status":"open","ping_status":"open","sticky":false,"template":"","format":"standard","meta":{"_monsterinsights_skip_tracking":false,"_monsterinsights_sitenote_active":false,"_monsterinsights_sitenote_note":"","_monsterinsights_sitenote_category":0,"footnotes":""},"categories":[4],"tags":[6367],"class_list":["post"],"yoast_head":" \n<title>Sonora en Equipo. Iniciar\u00e1 Kino Fest con representaci\u00f3n de A\u00f1o Nuevo Seri Municipios<\/title>\n<meta name=\"description\" content=\"HERMOSILLO, SONORA, MX. \u2014La directora de Desarrollo Tur\u00edstico de Hermosillo, Fernanda Cisneros Rodr\u00edguez, inform\u00f3 que el pr\u00f3ximo s\u00e1bado inician las En Sonora en Equipo publicamos toda la informaci\u00f3n de Sonora, M\u00e9xico y el Mundo de manera oportuna y busca que la libertad de expresi\u00f3n sea real. Visita nuestro medio informativo publicado desde Hermosillo, Sonora. %\" \/>\n<meta name=\"robots\" content=\"index, follow, max-snippet:-1, max-image-preview:large, max-video-preview:-1\" \/>\n<link rel=\"canonical\" href=\"https:\/\/www.sonoraenequipo.com.mx\/iniciara-kino-fest-con-representacion-de-ano-nuevo-seri\/\" \/>\n<meta property=\"og:locale\" content=\"es_ES\" \/>\n<meta property=\"og:type\" content=\"article\" \/>\n<meta property=\"og:title\" content=\"Sonora en Equipo. Iniciar\u00e1 Kino Fest con representaci\u00f3n de A\u00f1o Nuevo Seri Municipios\" \/>\n<meta property=\"og:description\" content=\"HERMOSILLO, SONORA, MX. \u2014La directora de Desarrollo Tur\u00edstico de Hermosillo, Fernanda Cisneros Rodr\u00edguez, inform\u00f3 que el pr\u00f3ximo s\u00e1bado inician las En Sonora en Equipo publicamos toda la informaci\u00f3n de Sonora, M\u00e9xico y el Mundo de manera oportuna y busca que la libertad de expresi\u00f3n sea real. Visita nuestro medio informativo publicado desde Hermosillo, Sonora. %\" \/>\n<meta property=\"og:url\" content=\"https:\/\/www.sonoraenequipo.com.mx\/iniciara-kino-fest-con-representacion-de-ano-nuevo-seri\/\" \/>\n<meta property=\"og:site_name\" content=\"Sonora en Equipo.\" \/>\n<meta property=\"article:publisher\" content=\"https:\/\/www.facebook.com\/SonoraEE\/\" \/>\n<meta property=\"article:author\" content=\"https:\/\/www.facebook.com\/SonoraEE\" \/>\n<meta property=\"article:published_time\" content=\"2024-09-25T01:17:18+00:00\" \/>\n<meta property=\"og:image\" content=\"https:\/\/www.sonoraenequipo.com.mx\/storage\/2024\/09\/kino-fest.jpg\" \/>\n\t<meta property=\"og:image:width\" content=\"600\" \/>\n\t<meta property=\"og:image:height\" content=\"429\" \/>\n\t<meta property=\"og:image:type\" content=\"image\/jpeg\" \/>\n<meta name=\"author\" content=\"enequipo\" \/>\n<meta name=\"twitter:card\" content=\"summary_large_image\" \/>\n<meta name=\"twitter:creator\" content=\"@sonoraenequipo\" \/>\n<meta name=\"twitter:site\" content=\"@sonoraenequipo\" \/>\n<meta name=\"twitter:label1\" content=\"Escrito por\" \/>\n\t<meta name=\"twitter:data1\" content=\"enequipo\" \/>\n\t<meta name=\"twitter:label2\" content=\"Tiempo de lectura\" \/>\n\t<meta name=\"twitter:data2\" content=\"2 minutos\" \/>\n<script type=\"application\/ld+json\" class=\"yoast-schema-graph\">{\"@context\":\"https:\/\/schema.org\",\"@graph\":[{\"@type\":\"Article\",\"@id\":\"https:\/\/www.sonoraenequipo.com.mx\/iniciara-kino-fest-con-representacion-de-ano-nuevo-seri\/#article\",\"isPartOf\":{\"@id\":\"https:\/\/www.sonoraenequipo.com.mx\/iniciara-kino-fest-con-representacion-de-ano-nuevo-seri\/\"},\"author\":{\"name\":\"enequipo\",\"@id\":\"https:\/\/www.sonoraenequipo.com.mx\/#\/schema\/person\/50102df0fb23a8fa9e8effad8fa81386\"},\"headline\":\"Iniciar\u00e1 Kino Fest con representaci\u00f3n de A\u00f1o Nuevo Seri\",\"datePublished\":\"2024-09-25T01:17:18+00:00\",\"mainEntityOfPage\":{\"@id\":\"https:\/\/www.sonoraenequipo.com.mx\/iniciara-kino-fest-con-representacion-de-ano-nuevo-seri\/\"},\"wordCount\":416,\"commentCount\":0,\"publisher\":{\"@id\":\"https:\/\/www.sonoraenequipo.com.mx\/#organization\"},\"image\":{\"@id\":\"https:\/\/www.sonoraenequipo.com.mx\/iniciara-kino-fest-con-representacion-de-ano-nuevo-seri\/#primaryimage\"},\"thumbnailUrl\":\"https:\/\/www.sonoraenequipo.com.mx\/storage\/2024\/09\/kino-fest.jpg\",\"keywords\":[\"kino fest\"],\"articleSection\":[\"Municipios\"],\"inLanguage\":\"es\",\"potentialAction\":[{\"@type\":\"CommentAction\",\"name\":\"Comment\",\"target\":[\"https:\/\/www.sonoraenequipo.com.mx\/iniciara-kino-fest-con-representacion-de-ano-nuevo-seri\/#respond\"]}]},{\"@type\":\"WebPage\",\"@id\":\"https:\/\/www.sonoraenequipo.com.mx\/iniciara-kino-fest-con-representacion-de-ano-nuevo-seri\/\",\"url\":\"https:\/\/www.sonoraenequipo.com.mx\/iniciara-kino-fest-con-representacion-de-ano-nuevo-seri\/\",\"name\":\"Sonora en Equipo. Iniciar\u00e1 Kino Fest con representaci\u00f3n de A\u00f1o Nuevo Seri Municipios\",\"isPartOf\":{\"@id\":\"https:\/\/www.sonoraenequipo.com.mx\/#website\"},\"primaryImageOfPage\":{\"@id\":\"https:\/\/www.sonoraenequipo.com.mx\/iniciara-kino-fest-con-representacion-de-ano-nuevo-seri\/#primaryimage\"},\"image\":{\"@id\":\"https:\/\/www.sonoraenequipo.com.mx\/iniciara-kino-fest-con-representacion-de-ano-nuevo-seri\/#primaryimage\"},\"thumbnailUrl\":\"https:\/\/www.sonoraenequipo.com.mx\/storage\/2024\/09\/kino-fest.jpg\",\"datePublished\":\"2024-09-25T01:17:18+00:00\",\"description\":\"HERMOSILLO, SONORA, MX. \u2014La directora de Desarrollo Tur\u00edstico de Hermosillo, Fernanda Cisneros Rodr\u00edguez, inform\u00f3 que el pr\u00f3ximo s\u00e1bado inician las En Sonora en Equipo publicamos toda la informaci\u00f3n de Sonora, M\u00e9xico y el Mundo de manera oportuna y busca que la libertad de expresi\u00f3n sea real. Visita nuestro medio informativo publicado desde Hermosillo, Sonora. %\",\"breadcrumb\":{\"@id\":\"https:\/\/www.sonoraenequipo.com.mx\/iniciara-kino-fest-con-representacion-de-ano-nuevo-seri\/#breadcrumb\"},\"inLanguage\":\"es\",\"potentialAction\":[{\"@type\":\"ReadAction\",\"target\":[\"https:\/\/www.sonoraenequipo.com.mx\/iniciara-kino-fest-con-representacion-de-ano-nuevo-seri\/\"]}]},{\"@type\":\"ImageObject\",\"inLanguage\":\"es\",\"@id\":\"https:\/\/www.sonoraenequipo.com.mx\/iniciara-kino-fest-con-representacion-de-ano-nuevo-seri\/#primaryimage\",\"url\":\"https:\/\/www.sonoraenequipo.com.mx\/storage\/2024\/09\/kino-fest.jpg\",\"contentUrl\":\"https:\/\/www.sonoraenequipo.com.mx\/storage\/2024\/09\/kino-fest.jpg\",\"width\":600,\"height\":429},{\"@type\":\"BreadcrumbList\",\"@id\":\"https:\/\/www.sonoraenequipo.com.mx\/iniciara-kino-fest-con-representacion-de-ano-nuevo-seri\/#breadcrumb\",\"itemListElement\":[{\"@type\":\"ListItem\",\"position\":1,\"name\":\"Portada\",\"item\":\"https:\/\/www.sonoraenequipo.com.mx\/\"},{\"@type\":\"ListItem\",\"position\":2,\"name\":\"Iniciar\u00e1 Kino Fest con representaci\u00f3n de A\u00f1o Nuevo Seri\"}]},{\"@type\":\"WebSite\",\"@id\":\"https:\/\/www.sonoraenequipo.com.mx\/#website\",\"url\":\"https:\/\/www.sonoraenequipo.com.mx\/\",\"name\":\"Sonora en Equipo.\",\"description\":\"Diario en l\u00ednea con Noticias desde Hermosillo, Sonora\",\"publisher\":{\"@id\":\"https:\/\/www.sonoraenequipo.com.mx\/#organization\"},\"potentialAction\":[{\"@type\":\"SearchAction\",\"target\":{\"@type\":\"EntryPoint\",\"urlTemplate\":\"https:\/\/www.sonoraenequipo.com.mx\/?s={search_term_string}\"},\"query-input\":{\"@type\":\"PropertyValueSpecification\",\"valueRequired\":true,\"valueName\":\"search_term_string\"}}],\"inLanguage\":\"es\"},{\"@type\":\"Organization\",\"@id\":\"https:\/\/www.sonoraenequipo.com.mx\/#organization\",\"name\":\"Sonoraenequipo.com.mx\",\"url\":\"https:\/\/www.sonoraenequipo.com.mx\/\",\"logo\":{\"@type\":\"ImageObject\",\"inLanguage\":\"es\",\"@id\":\"https:\/\/www.sonoraenequipo.com.mx\/#\/schema\/logo\/image\/\",\"url\":\"https:\/\/www.sonoraenequipo.com.mx\/storage\/2019\/01\/sonoraenequipo_opt.png\",\"contentUrl\":\"https:\/\/www.sonoraenequipo.com.mx\/storage\/2019\/01\/sonoraenequipo_opt.png\",\"width\":375,\"height\":125,\"caption\":\"Sonoraenequipo.com.mx\"},\"image\":{\"@id\":\"https:\/\/www.sonoraenequipo.com.mx\/#\/schema\/logo\/image\/\"},\"sameAs\":[\"https:\/\/www.facebook.com\/SonoraEE\/\",\"https:\/\/x.com\/sonoraenequipo\",\"https:\/\/www.youtube.com\/channel\/UC338nW-lPEYmJQs4ZABQ1SQ\"]},{\"@type\":\"Person\",\"@id\":\"https:\/\/www.sonoraenequipo.com.mx\/#\/schema\/person\/50102df0fb23a8fa9e8effad8fa81386\",\"name\":\"enequipo\",\"image\":{\"@type\":\"ImageObject\",\"inLanguage\":\"es\",\"@id\":\"https:\/\/www.sonoraenequipo.com.mx\/#\/schema\/person\/image\/\",\"url\":\"https:\/\/secure.gravatar.com\/avatar\/049821681b589dabc0bc20695993ccebb09f5b5d4d790cd9251b97faac7c652b?s=96&d=blank&r=g\",\"contentUrl\":\"https:\/\/secure.gravatar.com\/avatar\/049821681b589dabc0bc20695993ccebb09f5b5d4d790cd9251b97faac7c652b?s=96&d=blank&r=g\",\"caption\":\"enequipo\"},\"sameAs\":[\"https:\/\/www.facebook.com\/SonoraEE\"]}]}<\/script>\n ","yoast_head_json":{"title":"Sonora en Equipo. Iniciar\u00e1 Kino Fest con representaci\u00f3n de A\u00f1o Nuevo Seri Municipios","description":"HERMOSILLO, SONORA, MX. \u2014La directora de Desarrollo Tur\u00edstico de Hermosillo, Fernanda Cisneros Rodr\u00edguez, inform\u00f3 que el pr\u00f3ximo s\u00e1bado inician las En Sonora en Equipo publicamos toda la informaci\u00f3n de Sonora, M\u00e9xico y el Mundo de manera oportuna y busca que la libertad de expresi\u00f3n sea real. Visita nuestro medio informativo publicado desde Hermosillo, Sonora. %","robots":{"index":"index","follow":"follow","max-snippet":"max-snippet:-1","max-image-preview":"max-image-preview:large","max-video-preview":"max-video-preview:-1"},"canonical":"https:\/\/www.sonoraenequipo.com.mx\/iniciara-kino-fest-con-representacion-de-ano-nuevo-seri\/","og_locale":"es_ES","og_type":"article","og_title":"Sonora en Equipo. Iniciar\u00e1 Kino Fest con representaci\u00f3n de A\u00f1o Nuevo Seri Municipios","og_description":"HERMOSILLO, SONORA, MX. \u2014La directora de Desarrollo Tur\u00edstico de Hermosillo, Fernanda Cisneros Rodr\u00edguez, inform\u00f3 que el pr\u00f3ximo s\u00e1bado inician las En Sonora en Equipo publicamos toda la informaci\u00f3n de Sonora, M\u00e9xico y el Mundo de manera oportuna y busca que la libertad de expresi\u00f3n sea real. Visita nuestro medio informativo publicado desde Hermosillo, Sonora. %","og_url":"https:\/\/www.sonoraenequipo.com.mx\/iniciara-kino-fest-con-representacion-de-ano-nuevo-seri\/","og_site_name":"Sonora en Equipo.","article_publisher":"https:\/\/www.facebook.com\/SonoraEE\/","article_author":"https:\/\/www.facebook.com\/SonoraEE","article_published_time":"2024-09-25T01:17:18+00:00","og_image":[{"width":600,"height":429,"url":"https:\/\/www.sonoraenequipo.com.mx\/storage\/2024\/09\/kino-fest.jpg","type":"image\/jpeg"}],"author":"enequipo","twitter_card":"summary_large_image","twitter_creator":"@sonoraenequipo","twitter_site":"@sonoraenequipo","twitter_misc":{"Escrito por":"enequipo","Tiempo de lectura":"2 minutos"},"schema":{"@context":"https:\/\/schema.org","@graph":[{"@type":"Article","@id":"https:\/\/www.sonoraenequipo.com.mx\/iniciara-kino-fest-con-representacion-de-ano-nuevo-seri\/#article","isPartOf":{"@id":"https:\/\/www.sonoraenequipo.com.mx\/iniciara-kino-fest-con-representacion-de-ano-nuevo-seri\/"},"author":{"name":"enequipo","@id":"https:\/\/www.sonoraenequipo.com.mx\/#\/schema\/person\/50102df0fb23a8fa9e8effad8fa81386"},"headline":"Iniciar\u00e1 Kino Fest con representaci\u00f3n de A\u00f1o Nuevo Seri","datePublished":"2024-09-25T01:17:18+00:00","mainEntityOfPage":{"@id":"https:\/\/www.sonoraenequipo.com.mx\/iniciara-kino-fest-con-representacion-de-ano-nuevo-seri\/"},"wordCount":416,"commentCount":0,"publisher":{"@id":"https:\/\/www.sonoraenequipo.com.mx\/#organization"},"image":{"@id":"https:\/\/www.sonoraenequipo.com.mx\/iniciara-kino-fest-con-representacion-de-ano-nuevo-seri\/#primaryimage"},"thumbnailUrl":"https:\/\/www.sonoraenequipo.com.mx\/storage\/2024\/09\/kino-fest.jpg","keywords":["kino fest"],"articleSection":["Municipios"],"inLanguage":"es","potentialAction":[{"@type":"CommentAction","name":"Comment","target":["https:\/\/www.sonoraenequipo.com.mx\/iniciara-kino-fest-con-representacion-de-ano-nuevo-seri\/#respond"]}]},{"@type":"WebPage","@id":"https:\/\/www.sonoraenequipo.com.mx\/iniciara-kino-fest-con-representacion-de-ano-nuevo-seri\/","url":"https:\/\/www.sonoraenequipo.com.mx\/iniciara-kino-fest-con-representacion-de-ano-nuevo-seri\/","name":"Sonora en Equipo. Iniciar\u00e1 Kino Fest con representaci\u00f3n de A\u00f1o Nuevo Seri Municipios","isPartOf":{"@id":"https:\/\/www.sonoraenequipo.com.mx\/#website"},"primaryImageOfPage":{"@id":"https:\/\/www.sonoraenequipo.com.mx\/iniciara-kino-fest-con-representacion-de-ano-nuevo-seri\/#primaryimage"},"image":{"@id":"https:\/\/www.sonoraenequipo.com.mx\/iniciara-kino-fest-con-representacion-de-ano-nuevo-seri\/#primaryimage"},"thumbnailUrl":"https:\/\/www.sonoraenequipo.com.mx\/storage\/2024\/09\/kino-fest.jpg","datePublished":"2024-09-25T01:17:18+00:00","description":"HERMOSILLO, SONORA, MX. \u2014La directora de Desarrollo Tur\u00edstico de Hermosillo, Fernanda Cisneros Rodr\u00edguez, inform\u00f3 que el pr\u00f3ximo s\u00e1bado inician las En Sonora en Equipo publicamos toda la informaci\u00f3n de Sonora, M\u00e9xico y el Mundo de manera oportuna y busca que la libertad de expresi\u00f3n sea real. Visita nuestro medio informativo publicado desde Hermosillo, Sonora. %","breadcrumb":{"@id":"https:\/\/www.sonoraenequipo.com.mx\/iniciara-kino-fest-con-representacion-de-ano-nuevo-seri\/#breadcrumb"},"inLanguage":"es","potentialAction":[{"@type":"ReadAction","target":["https:\/\/www.sonoraenequipo.com.mx\/iniciara-kino-fest-con-representacion-de-ano-nuevo-seri\/"]}]},{"@type":"ImageObject","inLanguage":"es","@id":"https:\/\/www.sonoraenequipo.com.mx\/iniciara-kino-fest-con-representacion-de-ano-nuevo-seri\/#primaryimage","url":"https:\/\/www.sonoraenequipo.com.mx\/storage\/2024\/09\/kino-fest.jpg","contentUrl":"https:\/\/www.sonoraenequipo.com.mx\/storage\/2024\/09\/kino-fest.jpg","width":600,"height":429},{"@type":"BreadcrumbList","@id":"https:\/\/www.sonoraenequipo.com.mx\/iniciara-kino-fest-con-representacion-de-ano-nuevo-seri\/#breadcrumb","itemListElement":[{"@type":"ListItem","position":1,"name":"Portada","item":"https:\/\/www.sonoraenequipo.com.mx\/"},{"@type":"ListItem","position":2,"name":"Iniciar\u00e1 Kino Fest con representaci\u00f3n de A\u00f1o Nuevo Seri"}]},{"@type":"WebSite","@id":"https:\/\/www.sonoraenequipo.com.mx\/#website","url":"https:\/\/www.sonoraenequipo.com.mx\/","name":"Sonora en Equipo.","description":"Diario en l\u00ednea con Noticias desde Hermosillo, Sonora","publisher":{"@id":"https:\/\/www.sonoraenequipo.com.mx\/#organization"},"potentialAction":[{"@type":"SearchAction","target":{"@type":"EntryPoint","urlTemplate":"https:\/\/www.sonoraenequipo.com.mx\/?s={search_term_string}"},"query-input":{"@type":"PropertyValueSpecification","valueRequired":true,"valueName":"search_term_string"}}],"inLanguage":"es"},{"@type":"Organization","@id":"https:\/\/www.sonoraenequipo.com.mx\/#organization","name":"Sonoraenequipo.com.mx","url":"https:\/\/www.sonoraenequipo.com.mx\/","logo":{"@type":"ImageObject","inLanguage":"es","@id":"https:\/\/www.sonoraenequipo.com.mx\/#\/schema\/logo\/image\/","url":"https:\/\/www.sonoraenequipo.com.mx\/storage\/2019\/01\/sonoraenequipo_opt.png","contentUrl":"https:\/\/www.sonoraenequipo.com.mx\/storage\/2019\/01\/sonoraenequipo_opt.png","width":375,"height":125,"caption":"Sonoraenequipo.com.mx"},"image":{"@id":"https:\/\/www.sonoraenequipo.com.mx\/#\/schema\/logo\/image\/"},"sameAs":["https:\/\/www.facebook.com\/SonoraEE\/","https:\/\/x.com\/sonoraenequipo","https:\/\/www.youtube.com\/channel\/UC338nW-lPEYmJQs4ZABQ1SQ"]},{"@type":"Person","@id":"https:\/\/www.sonoraenequipo.com.mx\/#\/schema\/person\/50102df0fb23a8fa9e8effad8fa81386","name":"enequipo","image":{"@type":"ImageObject","inLanguage":"es","@id":"https:\/\/www.sonoraenequipo.com.mx\/#\/schema\/person\/image\/","url":"https:\/\/secure.gravatar.com\/avatar\/049821681b589dabc0bc20695993ccebb09f5b5d4d790cd9251b97faac7c652b?s=96&d=blank&r=g","contentUrl":"https:\/\/secure.gravatar.com\/avatar\/049821681b589dabc0bc20695993ccebb09f5b5d4d790cd9251b97faac7c652b?s=96&d=blank&r=g","caption":"enequipo"},"sameAs":["https:\/\/www.facebook.com\/SonoraEE"]}]}},"jetpack_featured_media_url":"https:\/\/www.sonoraenequipo.com.mx\/storage\/2024\/09\/kino-fest.jpg","_links":{"self":[{"href":"https:\/\/www.sonoraenequipo.com.mx\/api\/wp\/v2\/posts\/199841","targetHints":{"allow":["GET"]}}],"collection":[{"href":"https:\/\/www.sonoraenequipo.com.mx\/api\/wp\/v2\/posts"}],"about":[{"href":"https:\/\/www.sonoraenequipo.com.mx\/api\/wp\/v2\/types\/post"}],"author":[{"embeddable":true,"href":"https:\/\/www.sonoraenequipo.com.mx\/api\/wp\/v2\/users\/1"}],"replies":[{"embeddable":true,"href":"https:\/\/www.sonoraenequipo.com.mx\/api\/wp\/v2\/comments?post=199841"}],"version-history":[{"count":1,"href":"https:\/\/www.sonoraenequipo.com.mx\/api\/wp\/v2\/posts\/199841\/revisions"}],"predecessor-version":[{"id":199843,"href":"https:\/\/www.sonoraenequipo.com.mx\/api\/wp\/v2\/posts\/199841\/revisions\/199843"}],"wp:featuredmedia":[{"embeddable":true,"href":"https:\/\/www.sonoraenequipo.com.mx\/api\/wp\/v2\/media\/199842"}],"wp:attachment":[{"href":"https:\/\/www.sonoraenequipo.com.mx\/api\/wp\/v2\/media?parent=199841"}],"wp:term":[{"taxonomy":"category","embeddable":true,"href":"https:\/\/www.sonoraenequipo.com.mx\/api\/wp\/v2\/categories?post=199841"},{"taxonomy":"post_tag","embeddable":true,"href":"https:\/\/www.sonoraenequipo.com.mx\/api\/wp\/v2\/tags?post=199841"}],"curies":[{"name":"wp","href":"https:\/\/api.w.org\/{rel}","templated":true}]}}