{"id":199848,"date":"2024-09-24T21:25:52","date_gmt":"2024-09-25T04:25:52","guid":{"rendered":"https:\/\/www.sonoraenequipo.com.mx\/?p=199848"},"modified":"2024-09-24T20:39:29","modified_gmt":"2024-09-25T03:39:29","slug":"mas-de-3-mil-medicos-cubanos-trabajan-en-imss-bienestar-revela-zoe-robledo","status":"publish","type":"post","link":"https:\/\/www.sonoraenequipo.com.mx\/mas-de-3-mil-medicos-cubanos-trabajan-en-imss-bienestar-revela-zoe-robledo\/","title":{"rendered":"M\u00e1s de 3 mil m\u00e9dicos cubanos trabajan en IMSS-Bienestar, revela Zo\u00e9 Robledo"},"content":{"rendered":"<p><strong>CIUDAD DE M\u00c9XICO. MX. \u2014<\/strong> El director del Instituto Mexicano del Seguro Social (IMSS), Zo\u00e9 Robledo, inform\u00f3 que un total de 3,101 m\u00e9dicos cubanos se encuentran laborando en 24 entidades del pa\u00eds bajo el esquema de IMSS-Bienestar.<\/p>\n<p>&nbsp;<\/p>\n<p>&nbsp;<\/p>\n<p> <\/p>\n<p>Durante la conferencia matutina del presidente Andr\u00e9s Manuel L\u00f3pez Obrador, Robledo present\u00f3 un balance de los avances en el sector salud en el sexenio actual, que concluir\u00e1 en septiembre.<\/p>\n<p>&nbsp;<\/p>\n<blockquote class=\"twitter-tweet\" data-width=\"550\" data-dnt=\"true\">\n<p lang=\"es\" dir=\"ltr\">El Director General del <a href=\"https:\/\/twitter.com\/hashtag\/IMSS?src=hash&amp;ref_src=twsrc%5Etfw\">#IMSS<\/a>, Mtro. Zo\u00e9 Robledo, participa en <a href=\"https:\/\/twitter.com\/hashtag\/ConferenciaPresidente?src=hash&amp;ref_src=twsrc%5Etfw\">#ConferenciaPresidente<\/a> <a href=\"https:\/\/twitter.com\/hashtag\/ElPulsoDeLaSalud?src=hash&amp;ref_src=twsrc%5Etfw\">#ElPulsoDeLaSalud<\/a> para presentar avances del Plan de Salud <a href=\"https:\/\/twitter.com\/hashtag\/IMSSBIENESTAR?src=hash&amp;ref_src=twsrc%5Etfw\">#IMSSBIENESTAR<\/a> <a href=\"https:\/\/t.co\/GilDL211EH\">pic.twitter.com\/GilDL211EH<\/a><\/p>\n<p>&mdash; IMSS \uea00 (@Tu_IMSS) <a href=\"https:\/\/twitter.com\/Tu_IMSS\/status\/1838605982626144689?ref_src=twsrc%5Etfw\">September 24, 2024<\/a><\/p><\/blockquote>\n<p><script async src=\"https:\/\/platform.twitter.com\/widgets.js\" charset=\"utf-8\"><\/script><\/p>\n<p>&nbsp;<\/p>\n<p>&nbsp;<\/p>\n<p>El funcionario explic\u00f3 que este contingente de m\u00e9dicos cubanos es resultado de un convenio firmado con el Gobierno de Cuba en julio de 2022, el cual permiti\u00f3 la llegada de brigadas de especialistas a diversas regiones del pa\u00eds.<\/p>\n<p>&nbsp;<\/p>\n<p>&nbsp;<\/p>\n<p><em><strong>\u201cCon este convenio pasamos de 869 a 3,101 m\u00e9dicas y m\u00e9dicos especialistas cubanos que est\u00e1n ya trabajando en 23 estados donde opera el IMSS-Bienestar<\/strong><\/em>\u201d, se\u00f1al\u00f3.<\/p>\n<p>&nbsp;<\/p>\n<p>&nbsp;<\/p>\n<p>Entre los m\u00e9dicos cubanos se encuentran especialistas en \u00e1reas como pediatr\u00eda, cirug\u00eda, ginecolog\u00eda, oftalmolog\u00eda, cardiolog\u00eda, psiquiatr\u00eda, entre otras.<\/p>\n<p>&nbsp;<\/p>\n<p>&nbsp;<\/p>\n<h3>\nIMSS-Bienestar en 14 estados al 100%<\/h3>\n<p>&nbsp;<\/p>\n<p>&nbsp;<\/p>\n<p>Zo\u00e9 Robledo tambi\u00e9n inform\u00f3 que 14 entidades ya cuentan con el 100% de m\u00e9dicos especialistas contratados bajo el esquema de IMSS-Bienestar. Los estados que han alcanzado esta meta son Baja California, Baja California Sur, Chiapas, Colima, Estado de M\u00e9xico, Michoac\u00e1n, Nayarit, Puebla, San Luis Potos\u00ed, Sonora, Tabasco, Tamaulipas, Tlaxcala y Zacatecas.<\/p>\n<p>&nbsp;<\/p>\n<blockquote class=\"twitter-tweet\" data-width=\"550\" data-dnt=\"true\">\n<p lang=\"es\" dir=\"ltr\">\ud83d\udcccTe compartimos el resumen del <a href=\"https:\/\/twitter.com\/hashtag\/PulsoDeLaSalud?src=hash&amp;ref_src=twsrc%5Etfw\">#PulsoDeLaSalud<\/a> de este 24 de septiembre para que te enteres de lo m\u00e1s destacado de la conferencia \ud83d\udc47<a href=\"https:\/\/twitter.com\/hashtag\/SomosIMSSBIENESTAR?src=hash&amp;ref_src=twsrc%5Etfw\">#SomosIMSSBIENESTAR<\/a> <a href=\"https:\/\/t.co\/TMYDDeIcJI\">pic.twitter.com\/TMYDDeIcJI<\/a><\/p>\n<p>&mdash; IMSS Bienestar (@IMSS_Bienestar) <a href=\"https:\/\/twitter.com\/IMSS_Bienestar\/status\/1838611899908235278?ref_src=twsrc%5Etfw\">September 24, 2024<\/a><\/p><\/blockquote>\n<p><script async src=\"https:\/\/platform.twitter.com\/widgets.js\" charset=\"utf-8\"><\/script><\/p>\n<p>Adem\u00e1s, se\u00f1al\u00f3 que nueve estados registran un avance del 95% en promedio en la contrataci\u00f3n de especialistas. Entre ellos, destacan Quintana Roo, Morelos y Sinaloa, con el 98%; Guerrero y la Ciudad de M\u00e9xico, con el 97%; y Oaxaca e Hidalgo con un 90%.<\/p>\n<p>&nbsp;<\/p>\n<p>&nbsp;<\/p>\n<p>En total, el avance general en la contrataci\u00f3n de m\u00e9dicos especialistas en todo el pa\u00eds es del 98%.<\/p>\n<p>&nbsp;<\/p>\n<p>Actualmente, el programa IMSS-Bienestar atiende a 53.2 millones de personas en 24 estados, con un total de 274,977 trabajadores y 669 hospitales.<\/p>\n<p>&nbsp;<\/p>\n<p>&nbsp;<\/p>\n<p>PUBLICADO EL 24 SEPTIEMBRE DE 2024 Con informaci\u00f3n de GOBIERNO DE M\u00c9XICO)<\/p>\n","protected":false},"excerpt":{"rendered":"<p>CIUDAD DE M\u00c9XICO. MX. \u2014 El director del Instituto Mexicano del Seguro Social (IMSS), Zo\u00e9&#8230;<\/p>\n","protected":false},"author":1,"featured_media":0,"comment_status":"open","ping_status":"open","sticky":false,"template":"","format":"standard","meta":{"_monsterinsights_skip_tracking":false,"_monsterinsights_sitenote_active":false,"_monsterinsights_sitenote_note":"","_monsterinsights_sitenote_category":0,"footnotes":""},"categories":[5],"tags":[],"class_list":["post"],"yoast_head":" \n<title>Sonora en Equipo. M\u00e1s de 3 mil m\u00e9dicos cubanos trabajan en IMSS-Bienestar, revela Zo\u00e9 Robledo Rep\u00fablica<\/title>\n<meta name=\"description\" content=\"CIUDAD DE M\u00c9XICO. MX. \u2014 El director del Instituto Mexicano del Seguro Social (IMSS), Zo\u00e9 Robledo, inform\u00f3 que un total de 3,101 m\u00e9dicos cubanos se En Sonora en Equipo publicamos toda la informaci\u00f3n de Sonora, M\u00e9xico y el Mundo de manera oportuna y busca que la libertad de expresi\u00f3n sea real. Visita nuestro medio informativo publicado desde Hermosillo, Sonora. %\" \/>\n<meta name=\"robots\" content=\"index, follow, max-snippet:-1, max-image-preview:large, max-video-preview:-1\" \/>\n<link rel=\"canonical\" href=\"https:\/\/www.sonoraenequipo.com.mx\/mas-de-3-mil-medicos-cubanos-trabajan-en-imss-bienestar-revela-zoe-robledo\/\" \/>\n<meta property=\"og:locale\" content=\"es_ES\" \/>\n<meta property=\"og:type\" content=\"article\" \/>\n<meta property=\"og:title\" content=\"Sonora en Equipo. M\u00e1s de 3 mil m\u00e9dicos cubanos trabajan en IMSS-Bienestar, revela Zo\u00e9 Robledo Rep\u00fablica\" \/>\n<meta property=\"og:description\" content=\"CIUDAD DE M\u00c9XICO. MX. \u2014 El director del Instituto Mexicano del Seguro Social (IMSS), Zo\u00e9 Robledo, inform\u00f3 que un total de 3,101 m\u00e9dicos cubanos se En Sonora en Equipo publicamos toda la informaci\u00f3n de Sonora, M\u00e9xico y el Mundo de manera oportuna y busca que la libertad de expresi\u00f3n sea real. Visita nuestro medio informativo publicado desde Hermosillo, Sonora. %\" \/>\n<meta property=\"og:url\" content=\"https:\/\/www.sonoraenequipo.com.mx\/mas-de-3-mil-medicos-cubanos-trabajan-en-imss-bienestar-revela-zoe-robledo\/\" \/>\n<meta property=\"og:site_name\" content=\"Sonora en Equipo.\" \/>\n<meta property=\"article:publisher\" content=\"https:\/\/www.facebook.com\/SonoraEE\/\" \/>\n<meta property=\"article:author\" content=\"https:\/\/www.facebook.com\/SonoraEE\" \/>\n<meta property=\"article:published_time\" content=\"2024-09-25T04:25:52+00:00\" \/>\n<meta name=\"author\" content=\"enequipo\" \/>\n<meta name=\"twitter:card\" content=\"summary_large_image\" \/>\n<meta name=\"twitter:creator\" content=\"@sonoraenequipo\" \/>\n<meta name=\"twitter:site\" content=\"@sonoraenequipo\" \/>\n<meta name=\"twitter:label1\" content=\"Escrito por\" \/>\n\t<meta name=\"twitter:data1\" content=\"enequipo\" \/>\n\t<meta name=\"twitter:label2\" content=\"Tiempo de lectura\" \/>\n\t<meta name=\"twitter:data2\" content=\"2 minutos\" \/>\n<script type=\"application\/ld+json\" class=\"yoast-schema-graph\">{\"@context\":\"https:\/\/schema.org\",\"@graph\":[{\"@type\":\"Article\",\"@id\":\"https:\/\/www.sonoraenequipo.com.mx\/mas-de-3-mil-medicos-cubanos-trabajan-en-imss-bienestar-revela-zoe-robledo\/#article\",\"isPartOf\":{\"@id\":\"https:\/\/www.sonoraenequipo.com.mx\/mas-de-3-mil-medicos-cubanos-trabajan-en-imss-bienestar-revela-zoe-robledo\/\"},\"author\":{\"name\":\"enequipo\",\"@id\":\"https:\/\/www.sonoraenequipo.com.mx\/#\/schema\/person\/50102df0fb23a8fa9e8effad8fa81386\"},\"headline\":\"M\u00e1s de 3 mil m\u00e9dicos cubanos trabajan en IMSS-Bienestar, revela Zo\u00e9 Robledo\",\"datePublished\":\"2024-09-25T04:25:52+00:00\",\"mainEntityOfPage\":{\"@id\":\"https:\/\/www.sonoraenequipo.com.mx\/mas-de-3-mil-medicos-cubanos-trabajan-en-imss-bienestar-revela-zoe-robledo\/\"},\"wordCount\":353,\"commentCount\":0,\"publisher\":{\"@id\":\"https:\/\/www.sonoraenequipo.com.mx\/#organization\"},\"articleSection\":[\"Rep\u00fablica\"],\"inLanguage\":\"es\",\"potentialAction\":[{\"@type\":\"CommentAction\",\"name\":\"Comment\",\"target\":[\"https:\/\/www.sonoraenequipo.com.mx\/mas-de-3-mil-medicos-cubanos-trabajan-en-imss-bienestar-revela-zoe-robledo\/#respond\"]}]},{\"@type\":\"WebPage\",\"@id\":\"https:\/\/www.sonoraenequipo.com.mx\/mas-de-3-mil-medicos-cubanos-trabajan-en-imss-bienestar-revela-zoe-robledo\/\",\"url\":\"https:\/\/www.sonoraenequipo.com.mx\/mas-de-3-mil-medicos-cubanos-trabajan-en-imss-bienestar-revela-zoe-robledo\/\",\"name\":\"Sonora en Equipo. M\u00e1s de 3 mil m\u00e9dicos cubanos trabajan en IMSS-Bienestar, revela Zo\u00e9 Robledo Rep\u00fablica\",\"isPartOf\":{\"@id\":\"https:\/\/www.sonoraenequipo.com.mx\/#website\"},\"datePublished\":\"2024-09-25T04:25:52+00:00\",\"description\":\"CIUDAD DE M\u00c9XICO. MX. \u2014 El director del Instituto Mexicano del Seguro Social (IMSS), Zo\u00e9 Robledo, inform\u00f3 que un total de 3,101 m\u00e9dicos cubanos se En Sonora en Equipo publicamos toda la informaci\u00f3n de Sonora, M\u00e9xico y el Mundo de manera oportuna y busca que la libertad de expresi\u00f3n sea real. Visita nuestro medio informativo publicado desde Hermosillo, Sonora. %\",\"breadcrumb\":{\"@id\":\"https:\/\/www.sonoraenequipo.com.mx\/mas-de-3-mil-medicos-cubanos-trabajan-en-imss-bienestar-revela-zoe-robledo\/#breadcrumb\"},\"inLanguage\":\"es\",\"potentialAction\":[{\"@type\":\"ReadAction\",\"target\":[\"https:\/\/www.sonoraenequipo.com.mx\/mas-de-3-mil-medicos-cubanos-trabajan-en-imss-bienestar-revela-zoe-robledo\/\"]}]},{\"@type\":\"BreadcrumbList\",\"@id\":\"https:\/\/www.sonoraenequipo.com.mx\/mas-de-3-mil-medicos-cubanos-trabajan-en-imss-bienestar-revela-zoe-robledo\/#breadcrumb\",\"itemListElement\":[{\"@type\":\"ListItem\",\"position\":1,\"name\":\"Portada\",\"item\":\"https:\/\/www.sonoraenequipo.com.mx\/\"},{\"@type\":\"ListItem\",\"position\":2,\"name\":\"M\u00e1s de 3 mil m\u00e9dicos cubanos trabajan en IMSS-Bienestar, revela Zo\u00e9 Robledo\"}]},{\"@type\":\"WebSite\",\"@id\":\"https:\/\/www.sonoraenequipo.com.mx\/#website\",\"url\":\"https:\/\/www.sonoraenequipo.com.mx\/\",\"name\":\"Sonora en Equipo.\",\"description\":\"Diario en l\u00ednea con Noticias desde Hermosillo, Sonora\",\"publisher\":{\"@id\":\"https:\/\/www.sonoraenequipo.com.mx\/#organization\"},\"potentialAction\":[{\"@type\":\"SearchAction\",\"target\":{\"@type\":\"EntryPoint\",\"urlTemplate\":\"https:\/\/www.sonoraenequipo.com.mx\/?s={search_term_string}\"},\"query-input\":{\"@type\":\"PropertyValueSpecification\",\"valueRequired\":true,\"valueName\":\"search_term_string\"}}],\"inLanguage\":\"es\"},{\"@type\":\"Organization\",\"@id\":\"https:\/\/www.sonoraenequipo.com.mx\/#organization\",\"name\":\"Sonoraenequipo.com.mx\",\"url\":\"https:\/\/www.sonoraenequipo.com.mx\/\",\"logo\":{\"@type\":\"ImageObject\",\"inLanguage\":\"es\",\"@id\":\"https:\/\/www.sonoraenequipo.com.mx\/#\/schema\/logo\/image\/\",\"url\":\"https:\/\/www.sonoraenequipo.com.mx\/storage\/2019\/01\/sonoraenequipo_opt.png\",\"contentUrl\":\"https:\/\/www.sonoraenequipo.com.mx\/storage\/2019\/01\/sonoraenequipo_opt.png\",\"width\":375,\"height\":125,\"caption\":\"Sonoraenequipo.com.mx\"},\"image\":{\"@id\":\"https:\/\/www.sonoraenequipo.com.mx\/#\/schema\/logo\/image\/\"},\"sameAs\":[\"https:\/\/www.facebook.com\/SonoraEE\/\",\"https:\/\/x.com\/sonoraenequipo\",\"https:\/\/www.youtube.com\/channel\/UC338nW-lPEYmJQs4ZABQ1SQ\"]},{\"@type\":\"Person\",\"@id\":\"https:\/\/www.sonoraenequipo.com.mx\/#\/schema\/person\/50102df0fb23a8fa9e8effad8fa81386\",\"name\":\"enequipo\",\"image\":{\"@type\":\"ImageObject\",\"inLanguage\":\"es\",\"@id\":\"https:\/\/www.sonoraenequipo.com.mx\/#\/schema\/person\/image\/\",\"url\":\"https:\/\/secure.gravatar.com\/avatar\/049821681b589dabc0bc20695993ccebb09f5b5d4d790cd9251b97faac7c652b?s=96&d=blank&r=g\",\"contentUrl\":\"https:\/\/secure.gravatar.com\/avatar\/049821681b589dabc0bc20695993ccebb09f5b5d4d790cd9251b97faac7c652b?s=96&d=blank&r=g\",\"caption\":\"enequipo\"},\"sameAs\":[\"https:\/\/www.facebook.com\/SonoraEE\"]}]}<\/script>\n ","yoast_head_json":{"title":"Sonora en Equipo. M\u00e1s de 3 mil m\u00e9dicos cubanos trabajan en IMSS-Bienestar, revela Zo\u00e9 Robledo Rep\u00fablica","description":"CIUDAD DE M\u00c9XICO. MX. \u2014 El director del Instituto Mexicano del Seguro Social (IMSS), Zo\u00e9 Robledo, inform\u00f3 que un total de 3,101 m\u00e9dicos cubanos se En Sonora en Equipo publicamos toda la informaci\u00f3n de Sonora, M\u00e9xico y el Mundo de manera oportuna y busca que la libertad de expresi\u00f3n sea real. Visita nuestro medio informativo publicado desde Hermosillo, Sonora. %","robots":{"index":"index","follow":"follow","max-snippet":"max-snippet:-1","max-image-preview":"max-image-preview:large","max-video-preview":"max-video-preview:-1"},"canonical":"https:\/\/www.sonoraenequipo.com.mx\/mas-de-3-mil-medicos-cubanos-trabajan-en-imss-bienestar-revela-zoe-robledo\/","og_locale":"es_ES","og_type":"article","og_title":"Sonora en Equipo. M\u00e1s de 3 mil m\u00e9dicos cubanos trabajan en IMSS-Bienestar, revela Zo\u00e9 Robledo Rep\u00fablica","og_description":"CIUDAD DE M\u00c9XICO. MX. \u2014 El director del Instituto Mexicano del Seguro Social (IMSS), Zo\u00e9 Robledo, inform\u00f3 que un total de 3,101 m\u00e9dicos cubanos se En Sonora en Equipo publicamos toda la informaci\u00f3n de Sonora, M\u00e9xico y el Mundo de manera oportuna y busca que la libertad de expresi\u00f3n sea real. Visita nuestro medio informativo publicado desde Hermosillo, Sonora. %","og_url":"https:\/\/www.sonoraenequipo.com.mx\/mas-de-3-mil-medicos-cubanos-trabajan-en-imss-bienestar-revela-zoe-robledo\/","og_site_name":"Sonora en Equipo.","article_publisher":"https:\/\/www.facebook.com\/SonoraEE\/","article_author":"https:\/\/www.facebook.com\/SonoraEE","article_published_time":"2024-09-25T04:25:52+00:00","author":"enequipo","twitter_card":"summary_large_image","twitter_creator":"@sonoraenequipo","twitter_site":"@sonoraenequipo","twitter_misc":{"Escrito por":"enequipo","Tiempo de lectura":"2 minutos"},"schema":{"@context":"https:\/\/schema.org","@graph":[{"@type":"Article","@id":"https:\/\/www.sonoraenequipo.com.mx\/mas-de-3-mil-medicos-cubanos-trabajan-en-imss-bienestar-revela-zoe-robledo\/#article","isPartOf":{"@id":"https:\/\/www.sonoraenequipo.com.mx\/mas-de-3-mil-medicos-cubanos-trabajan-en-imss-bienestar-revela-zoe-robledo\/"},"author":{"name":"enequipo","@id":"https:\/\/www.sonoraenequipo.com.mx\/#\/schema\/person\/50102df0fb23a8fa9e8effad8fa81386"},"headline":"M\u00e1s de 3 mil m\u00e9dicos cubanos trabajan en IMSS-Bienestar, revela Zo\u00e9 Robledo","datePublished":"2024-09-25T04:25:52+00:00","mainEntityOfPage":{"@id":"https:\/\/www.sonoraenequipo.com.mx\/mas-de-3-mil-medicos-cubanos-trabajan-en-imss-bienestar-revela-zoe-robledo\/"},"wordCount":353,"commentCount":0,"publisher":{"@id":"https:\/\/www.sonoraenequipo.com.mx\/#organization"},"articleSection":["Rep\u00fablica"],"inLanguage":"es","potentialAction":[{"@type":"CommentAction","name":"Comment","target":["https:\/\/www.sonoraenequipo.com.mx\/mas-de-3-mil-medicos-cubanos-trabajan-en-imss-bienestar-revela-zoe-robledo\/#respond"]}]},{"@type":"WebPage","@id":"https:\/\/www.sonoraenequipo.com.mx\/mas-de-3-mil-medicos-cubanos-trabajan-en-imss-bienestar-revela-zoe-robledo\/","url":"https:\/\/www.sonoraenequipo.com.mx\/mas-de-3-mil-medicos-cubanos-trabajan-en-imss-bienestar-revela-zoe-robledo\/","name":"Sonora en Equipo. M\u00e1s de 3 mil m\u00e9dicos cubanos trabajan en IMSS-Bienestar, revela Zo\u00e9 Robledo Rep\u00fablica","isPartOf":{"@id":"https:\/\/www.sonoraenequipo.com.mx\/#website"},"datePublished":"2024-09-25T04:25:52+00:00","description":"CIUDAD DE M\u00c9XICO. MX. \u2014 El director del Instituto Mexicano del Seguro Social (IMSS), Zo\u00e9 Robledo, inform\u00f3 que un total de 3,101 m\u00e9dicos cubanos se En Sonora en Equipo publicamos toda la informaci\u00f3n de Sonora, M\u00e9xico y el Mundo de manera oportuna y busca que la libertad de expresi\u00f3n sea real. Visita nuestro medio informativo publicado desde Hermosillo, Sonora. %","breadcrumb":{"@id":"https:\/\/www.sonoraenequipo.com.mx\/mas-de-3-mil-medicos-cubanos-trabajan-en-imss-bienestar-revela-zoe-robledo\/#breadcrumb"},"inLanguage":"es","potentialAction":[{"@type":"ReadAction","target":["https:\/\/www.sonoraenequipo.com.mx\/mas-de-3-mil-medicos-cubanos-trabajan-en-imss-bienestar-revela-zoe-robledo\/"]}]},{"@type":"BreadcrumbList","@id":"https:\/\/www.sonoraenequipo.com.mx\/mas-de-3-mil-medicos-cubanos-trabajan-en-imss-bienestar-revela-zoe-robledo\/#breadcrumb","itemListElement":[{"@type":"ListItem","position":1,"name":"Portada","item":"https:\/\/www.sonoraenequipo.com.mx\/"},{"@type":"ListItem","position":2,"name":"M\u00e1s de 3 mil m\u00e9dicos cubanos trabajan en IMSS-Bienestar, revela Zo\u00e9 Robledo"}]},{"@type":"WebSite","@id":"https:\/\/www.sonoraenequipo.com.mx\/#website","url":"https:\/\/www.sonoraenequipo.com.mx\/","name":"Sonora en Equipo.","description":"Diario en l\u00ednea con Noticias desde Hermosillo, Sonora","publisher":{"@id":"https:\/\/www.sonoraenequipo.com.mx\/#organization"},"potentialAction":[{"@type":"SearchAction","target":{"@type":"EntryPoint","urlTemplate":"https:\/\/www.sonoraenequipo.com.mx\/?s={search_term_string}"},"query-input":{"@type":"PropertyValueSpecification","valueRequired":true,"valueName":"search_term_string"}}],"inLanguage":"es"},{"@type":"Organization","@id":"https:\/\/www.sonoraenequipo.com.mx\/#organization","name":"Sonoraenequipo.com.mx","url":"https:\/\/www.sonoraenequipo.com.mx\/","logo":{"@type":"ImageObject","inLanguage":"es","@id":"https:\/\/www.sonoraenequipo.com.mx\/#\/schema\/logo\/image\/","url":"https:\/\/www.sonoraenequipo.com.mx\/storage\/2019\/01\/sonoraenequipo_opt.png","contentUrl":"https:\/\/www.sonoraenequipo.com.mx\/storage\/2019\/01\/sonoraenequipo_opt.png","width":375,"height":125,"caption":"Sonoraenequipo.com.mx"},"image":{"@id":"https:\/\/www.sonoraenequipo.com.mx\/#\/schema\/logo\/image\/"},"sameAs":["https:\/\/www.facebook.com\/SonoraEE\/","https:\/\/x.com\/sonoraenequipo","https:\/\/www.youtube.com\/channel\/UC338nW-lPEYmJQs4ZABQ1SQ"]},{"@type":"Person","@id":"https:\/\/www.sonoraenequipo.com.mx\/#\/schema\/person\/50102df0fb23a8fa9e8effad8fa81386","name":"enequipo","image":{"@type":"ImageObject","inLanguage":"es","@id":"https:\/\/www.sonoraenequipo.com.mx\/#\/schema\/person\/image\/","url":"https:\/\/secure.gravatar.com\/avatar\/049821681b589dabc0bc20695993ccebb09f5b5d4d790cd9251b97faac7c652b?s=96&d=blank&r=g","contentUrl":"https:\/\/secure.gravatar.com\/avatar\/049821681b589dabc0bc20695993ccebb09f5b5d4d790cd9251b97faac7c652b?s=96&d=blank&r=g","caption":"enequipo"},"sameAs":["https:\/\/www.facebook.com\/SonoraEE"]}]}},"jetpack_featured_media_url":"","_links":{"self":[{"href":"https:\/\/www.sonoraenequipo.com.mx\/api\/wp\/v2\/posts\/199848","targetHints":{"allow":["GET"]}}],"collection":[{"href":"https:\/\/www.sonoraenequipo.com.mx\/api\/wp\/v2\/posts"}],"about":[{"href":"https:\/\/www.sonoraenequipo.com.mx\/api\/wp\/v2\/types\/post"}],"author":[{"embeddable":true,"href":"https:\/\/www.sonoraenequipo.com.mx\/api\/wp\/v2\/users\/1"}],"replies":[{"embeddable":true,"href":"https:\/\/www.sonoraenequipo.com.mx\/api\/wp\/v2\/comments?post=199848"}],"version-history":[{"count":1,"href":"https:\/\/www.sonoraenequipo.com.mx\/api\/wp\/v2\/posts\/199848\/revisions"}],"predecessor-version":[{"id":199849,"href":"https:\/\/www.sonoraenequipo.com.mx\/api\/wp\/v2\/posts\/199848\/revisions\/199849"}],"wp:attachment":[{"href":"https:\/\/www.sonoraenequipo.com.mx\/api\/wp\/v2\/media?parent=199848"}],"wp:term":[{"taxonomy":"category","embeddable":true,"href":"https:\/\/www.sonoraenequipo.com.mx\/api\/wp\/v2\/categories?post=199848"},{"taxonomy":"post_tag","embeddable":true,"href":"https:\/\/www.sonoraenequipo.com.mx\/api\/wp\/v2\/tags?post=199848"}],"curies":[{"name":"wp","href":"https:\/\/api.w.org\/{rel}","templated":true}]}}