{"id":199851,"date":"2024-09-25T10:10:37","date_gmt":"2024-09-25T17:10:37","guid":{"rendered":"https:\/\/www.sonoraenequipo.com.mx\/?p=199851"},"modified":"2024-09-25T10:10:37","modified_gmt":"2024-09-25T17:10:37","slug":"inauguran-en-la-unison-v-jornada-de-difusion-y-fomento-a-la-investigacion-en-las-ciencias-sociales","status":"publish","type":"post","link":"https:\/\/www.sonoraenequipo.com.mx\/inauguran-en-la-unison-v-jornada-de-difusion-y-fomento-a-la-investigacion-en-las-ciencias-sociales\/","title":{"rendered":"Inauguran en la Unison V Jornada de Difusi\u00f3n y Fomento a la Investigaci\u00f3n en las Ciencias Sociales"},"content":{"rendered":"<p><strong>HERMOSILLO, SONORA, MX.<\/strong> \u2014 En el interior del Centro de Convenciones del campus Caborca, de la Universidad de Sonora (Unison, este 24 de septiembre se inaugur\u00f3 la quinta edici\u00f3n de la Jornada Internacional de Difusi\u00f3n y Fomento a la Investigaci\u00f3n en las Ciencias Sociales, que se desarrolla de manera h\u00edbrida.<\/p>\n<p>Este evento, que se llevar\u00e1 a cabo durante dos d\u00edas, tiene por objetivo compartir los resultados cient\u00edficos de investigaci\u00f3n en las ciencias sociales entre docentes, investigadores y alumnos, adem\u00e1s de impulsar la generaci\u00f3n de proyectos de investigaci\u00f3n y redes de colaboraci\u00f3n.<\/p>\n<p>En la ceremonia, la rectora Mar\u00eda Rita Plancarte Mart\u00ednez destac\u00f3\u00a0 que una actividad de esta naturaleza no solamente es el di\u00e1logo entre especialistas, sino que es un momento privilegiado para mostrar a los estudiantes c\u00f3mo se puede llegar a resultados y c\u00f3mo proponer soluciones.<\/p>\n<p>\u00abEsta jornada da vida a un evento en el que se conjuntan todos los campus en los que se cultivan las ciencias sociales. Reconozco y agradezco su trabajo y compromiso con el campus Caborca, con las propias ciencias sociales, con la Academia de Metodolog\u00eda y Estudios Sociales, para fortalecer e impulsar el desarrollo.<\/p>\n<p>\u00abContinuamos caminando en el mismo sentido en nuestra Universidad, extendida a lo largo y ancho de nuestro estado. Este intercambio nos va a permitir fortalecer y coadyuvar en la problem\u00e1tica social e incluso generar propuestas que se puedan convertir en pol\u00edticas que beneficien a la ciudadan\u00eda\u00bb, resalt\u00f3.<\/p>\n<p><strong>Una fiesta cient\u00edfica<\/strong><\/p>\n<p>Por su parte, C\u00e9sar Tapia Fonllem, coordinador General de la Facultad Interdisciplinaria de Ciencias Sociales, dio la bienvenida a los presentes y mencion\u00f3 que esta jornada permanece llena de entusiasmo al haber representaci\u00f3n de estudiantes y acad\u00e9micos de los distintos campus de la Universidad de Sonora, la cual se ha convertido en una fiesta cient\u00edfica.<\/p>\n<p>\u00abQue podamos muy pronto estar acompa\u00f1\u00e1ndonos en el crecimiento, en la formaci\u00f3n profesional y en el acercamiento de la ciencia a la resoluci\u00f3n de los problemas sociales que habremos de abordar y que siempre est\u00e1n presentes, con la ventaja de que la Universidad de Sonora estar\u00e1 atenta para los diagn\u00f3sticos y estudios, y proponer soluciones\u00bb, dijo.<\/p>\n<p>Libia Yanelli Yanez Pe\u00f1\u00fa\u00f1uri, docente que encabeza el comit\u00e9 organizador, detall\u00f3 c\u00f3mo al paso de los a\u00f1os este evento ha ido creciendo tanto en su contenido como en el n\u00famero de asistentes, ponentes y organizadores.<\/p>\n<p>\u00abEste a\u00f1o me da gusto compartir que el programa est\u00e1 conformado por 23 conferencias magistrales. Agradezco a todo el equipo de trabajo aqu\u00ed presente, conformado por 40 personas, a los miembros de la Academia, a log\u00edstica, soporte t\u00e9cnico, y al Departamento de Ciencias Sociales, a todos quienes han cre\u00eddo en este proyecto. Esperemos sembrar en todos los participantes el inter\u00e9s y el amor a la investigaci\u00f3n para hacer ciencia\u00bb, coment\u00f3.<\/p>\n<p>En el pres\u00eddium estuvieron tambi\u00e9n Ram\u00f3n Enrique Robles Zepeda, secretario General Acad\u00e9mico; Leticia Le\u00f3n God\u00ednez, directora Administrativa del campus Caborca; Susana Ang\u00e9lica Pastrana Corral, jefa del Departamento de Ciencias Sociales; Rosario Adalberto Mondaca Corral, titular de la Academia de Metodolog\u00eda y Estudios Sociales, y Gabriel Rivera Villalobos, director Municipal de Cultura.<\/p>\n<p>&nbsp;<\/p>\n<p>El programa<\/p>\n<p>El programa contiene 23 conferencias magistrales, tres simposios, cuatro talleres, 47 carteles y 140 ponencias con participantes de Angola, Bolivia, Chile, Colombia, Costa Rica, Cuba, Ecuador, Espa\u00f1a, M\u00e9xico y Pa\u00edses Bajos, as\u00ed como ponentes de todos los campus de la Universidad de Sonora, y 44 universidades de diferentes entidades del pa\u00eds.<\/p>\n<p>Esta jornada es organizada por la Academia de Metodolog\u00eda y Estudios Sociales del campus Caborca, con el objetivo de compartir resultados cient\u00edficos de investigaci\u00f3n en ciencias sociales entre docentes, investigadores y alumnos, adem\u00e1s de impulsar la generaci\u00f3n de proyectos de investigaci\u00f3n y redes de colaboraci\u00f3n.<\/p>\n<p>Consulta el programa completo AQU\u00cd. <a href=\"https:\/\/jidfics.com\/\">https:\/\/jidfics.com\/<\/a><\/p>\n<p><strong>Fecha de publicaci\u00f3n martes 24 de septiembre de 2024<\/strong><\/p>\n<p>&nbsp;<\/p>\n","protected":false},"excerpt":{"rendered":"<p>HERMOSILLO, SONORA, MX. \u2014 En el interior del Centro de Convenciones del campus Caborca, de&#8230;<\/p>\n","protected":false},"author":1,"featured_media":199852,"comment_status":"open","ping_status":"open","sticky":false,"template":"","format":"standard","meta":{"_monsterinsights_skip_tracking":false,"_monsterinsights_sitenote_active":false,"_monsterinsights_sitenote_note":"","_monsterinsights_sitenote_category":0,"footnotes":""},"categories":[2216],"tags":[5362,7469],"class_list":["post"],"yoast_head":" \n<title>Sonora en Equipo. Inauguran en la Unison V Jornada de Difusi\u00f3n y Fomento a la Investigaci\u00f3n en las Ciencias Sociales Ciencia y Tecnolog\u00eda<\/title>\n<meta name=\"description\" content=\"HERMOSILLO, SONORA, MX. \u2014 En el interior del Centro de Convenciones del campus Caborca, de la Universidad de Sonora (Unison, este 24 de septiembre se En Sonora en Equipo publicamos toda la informaci\u00f3n de Sonora, M\u00e9xico y el Mundo de manera oportuna y busca que la libertad de expresi\u00f3n sea real. Visita nuestro medio informativo publicado desde Hermosillo, Sonora. %\" \/>\n<meta name=\"robots\" content=\"index, follow, max-snippet:-1, max-image-preview:large, max-video-preview:-1\" \/>\n<link rel=\"canonical\" href=\"https:\/\/www.sonoraenequipo.com.mx\/inauguran-en-la-unison-v-jornada-de-difusion-y-fomento-a-la-investigacion-en-las-ciencias-sociales\/\" \/>\n<meta property=\"og:locale\" content=\"es_ES\" \/>\n<meta property=\"og:type\" content=\"article\" \/>\n<meta property=\"og:title\" content=\"Sonora en Equipo. Inauguran en la Unison V Jornada de Difusi\u00f3n y Fomento a la Investigaci\u00f3n en las Ciencias Sociales Ciencia y Tecnolog\u00eda\" \/>\n<meta property=\"og:description\" content=\"HERMOSILLO, SONORA, MX. \u2014 En el interior del Centro de Convenciones del campus Caborca, de la Universidad de Sonora (Unison, este 24 de septiembre se En Sonora en Equipo publicamos toda la informaci\u00f3n de Sonora, M\u00e9xico y el Mundo de manera oportuna y busca que la libertad de expresi\u00f3n sea real. Visita nuestro medio informativo publicado desde Hermosillo, Sonora. %\" \/>\n<meta property=\"og:url\" content=\"https:\/\/www.sonoraenequipo.com.mx\/inauguran-en-la-unison-v-jornada-de-difusion-y-fomento-a-la-investigacion-en-las-ciencias-sociales\/\" \/>\n<meta property=\"og:site_name\" content=\"Sonora en Equipo.\" \/>\n<meta property=\"article:publisher\" content=\"https:\/\/www.facebook.com\/SonoraEE\/\" \/>\n<meta property=\"article:author\" content=\"https:\/\/www.facebook.com\/SonoraEE\" \/>\n<meta property=\"article:published_time\" content=\"2024-09-25T17:10:37+00:00\" \/>\n<meta property=\"og:image\" content=\"https:\/\/www.sonoraenequipo.com.mx\/storage\/2024\/09\/unison.jpg\" \/>\n\t<meta property=\"og:image:width\" content=\"600\" \/>\n\t<meta property=\"og:image:height\" content=\"400\" \/>\n\t<meta property=\"og:image:type\" content=\"image\/jpeg\" \/>\n<meta name=\"author\" content=\"enequipo\" \/>\n<meta name=\"twitter:card\" content=\"summary_large_image\" \/>\n<meta name=\"twitter:creator\" content=\"@sonoraenequipo\" \/>\n<meta name=\"twitter:site\" content=\"@sonoraenequipo\" \/>\n<meta name=\"twitter:label1\" content=\"Escrito por\" \/>\n\t<meta name=\"twitter:data1\" content=\"enequipo\" \/>\n\t<meta name=\"twitter:label2\" content=\"Tiempo de lectura\" \/>\n\t<meta name=\"twitter:data2\" content=\"3 minutos\" \/>\n<script type=\"application\/ld+json\" class=\"yoast-schema-graph\">{\"@context\":\"https:\/\/schema.org\",\"@graph\":[{\"@type\":\"Article\",\"@id\":\"https:\/\/www.sonoraenequipo.com.mx\/inauguran-en-la-unison-v-jornada-de-difusion-y-fomento-a-la-investigacion-en-las-ciencias-sociales\/#article\",\"isPartOf\":{\"@id\":\"https:\/\/www.sonoraenequipo.com.mx\/inauguran-en-la-unison-v-jornada-de-difusion-y-fomento-a-la-investigacion-en-las-ciencias-sociales\/\"},\"author\":{\"name\":\"enequipo\",\"@id\":\"https:\/\/www.sonoraenequipo.com.mx\/#\/schema\/person\/50102df0fb23a8fa9e8effad8fa81386\"},\"headline\":\"Inauguran en la Unison V Jornada de Difusi\u00f3n y Fomento a la Investigaci\u00f3n en las Ciencias Sociales\",\"datePublished\":\"2024-09-25T17:10:37+00:00\",\"mainEntityOfPage\":{\"@id\":\"https:\/\/www.sonoraenequipo.com.mx\/inauguran-en-la-unison-v-jornada-de-difusion-y-fomento-a-la-investigacion-en-las-ciencias-sociales\/\"},\"wordCount\":691,\"commentCount\":0,\"publisher\":{\"@id\":\"https:\/\/www.sonoraenequipo.com.mx\/#organization\"},\"image\":{\"@id\":\"https:\/\/www.sonoraenequipo.com.mx\/inauguran-en-la-unison-v-jornada-de-difusion-y-fomento-a-la-investigacion-en-las-ciencias-sociales\/#primaryimage\"},\"thumbnailUrl\":\"https:\/\/www.sonoraenequipo.com.mx\/storage\/2024\/09\/unison.jpg\",\"keywords\":[\"ciencias\",\"sociales\"],\"articleSection\":[\"Ciencia y Tecnolog\u00eda\"],\"inLanguage\":\"es\",\"potentialAction\":[{\"@type\":\"CommentAction\",\"name\":\"Comment\",\"target\":[\"https:\/\/www.sonoraenequipo.com.mx\/inauguran-en-la-unison-v-jornada-de-difusion-y-fomento-a-la-investigacion-en-las-ciencias-sociales\/#respond\"]}]},{\"@type\":\"WebPage\",\"@id\":\"https:\/\/www.sonoraenequipo.com.mx\/inauguran-en-la-unison-v-jornada-de-difusion-y-fomento-a-la-investigacion-en-las-ciencias-sociales\/\",\"url\":\"https:\/\/www.sonoraenequipo.com.mx\/inauguran-en-la-unison-v-jornada-de-difusion-y-fomento-a-la-investigacion-en-las-ciencias-sociales\/\",\"name\":\"Sonora en Equipo. Inauguran en la Unison V Jornada de Difusi\u00f3n y Fomento a la Investigaci\u00f3n en las Ciencias Sociales Ciencia y Tecnolog\u00eda\",\"isPartOf\":{\"@id\":\"https:\/\/www.sonoraenequipo.com.mx\/#website\"},\"primaryImageOfPage\":{\"@id\":\"https:\/\/www.sonoraenequipo.com.mx\/inauguran-en-la-unison-v-jornada-de-difusion-y-fomento-a-la-investigacion-en-las-ciencias-sociales\/#primaryimage\"},\"image\":{\"@id\":\"https:\/\/www.sonoraenequipo.com.mx\/inauguran-en-la-unison-v-jornada-de-difusion-y-fomento-a-la-investigacion-en-las-ciencias-sociales\/#primaryimage\"},\"thumbnailUrl\":\"https:\/\/www.sonoraenequipo.com.mx\/storage\/2024\/09\/unison.jpg\",\"datePublished\":\"2024-09-25T17:10:37+00:00\",\"description\":\"HERMOSILLO, SONORA, MX. \u2014 En el interior del Centro de Convenciones del campus Caborca, de la Universidad de Sonora (Unison, este 24 de septiembre se En Sonora en Equipo publicamos toda la informaci\u00f3n de Sonora, M\u00e9xico y el Mundo de manera oportuna y busca que la libertad de expresi\u00f3n sea real. Visita nuestro medio informativo publicado desde Hermosillo, Sonora. %\",\"breadcrumb\":{\"@id\":\"https:\/\/www.sonoraenequipo.com.mx\/inauguran-en-la-unison-v-jornada-de-difusion-y-fomento-a-la-investigacion-en-las-ciencias-sociales\/#breadcrumb\"},\"inLanguage\":\"es\",\"potentialAction\":[{\"@type\":\"ReadAction\",\"target\":[\"https:\/\/www.sonoraenequipo.com.mx\/inauguran-en-la-unison-v-jornada-de-difusion-y-fomento-a-la-investigacion-en-las-ciencias-sociales\/\"]}]},{\"@type\":\"ImageObject\",\"inLanguage\":\"es\",\"@id\":\"https:\/\/www.sonoraenequipo.com.mx\/inauguran-en-la-unison-v-jornada-de-difusion-y-fomento-a-la-investigacion-en-las-ciencias-sociales\/#primaryimage\",\"url\":\"https:\/\/www.sonoraenequipo.com.mx\/storage\/2024\/09\/unison.jpg\",\"contentUrl\":\"https:\/\/www.sonoraenequipo.com.mx\/storage\/2024\/09\/unison.jpg\",\"width\":600,\"height\":400},{\"@type\":\"BreadcrumbList\",\"@id\":\"https:\/\/www.sonoraenequipo.com.mx\/inauguran-en-la-unison-v-jornada-de-difusion-y-fomento-a-la-investigacion-en-las-ciencias-sociales\/#breadcrumb\",\"itemListElement\":[{\"@type\":\"ListItem\",\"position\":1,\"name\":\"Portada\",\"item\":\"https:\/\/www.sonoraenequipo.com.mx\/\"},{\"@type\":\"ListItem\",\"position\":2,\"name\":\"Inauguran en la Unison V Jornada de Difusi\u00f3n y Fomento a la Investigaci\u00f3n en las Ciencias Sociales\"}]},{\"@type\":\"WebSite\",\"@id\":\"https:\/\/www.sonoraenequipo.com.mx\/#website\",\"url\":\"https:\/\/www.sonoraenequipo.com.mx\/\",\"name\":\"Sonora en Equipo.\",\"description\":\"Diario en l\u00ednea con Noticias desde Hermosillo, Sonora\",\"publisher\":{\"@id\":\"https:\/\/www.sonoraenequipo.com.mx\/#organization\"},\"potentialAction\":[{\"@type\":\"SearchAction\",\"target\":{\"@type\":\"EntryPoint\",\"urlTemplate\":\"https:\/\/www.sonoraenequipo.com.mx\/?s={search_term_string}\"},\"query-input\":{\"@type\":\"PropertyValueSpecification\",\"valueRequired\":true,\"valueName\":\"search_term_string\"}}],\"inLanguage\":\"es\"},{\"@type\":\"Organization\",\"@id\":\"https:\/\/www.sonoraenequipo.com.mx\/#organization\",\"name\":\"Sonoraenequipo.com.mx\",\"url\":\"https:\/\/www.sonoraenequipo.com.mx\/\",\"logo\":{\"@type\":\"ImageObject\",\"inLanguage\":\"es\",\"@id\":\"https:\/\/www.sonoraenequipo.com.mx\/#\/schema\/logo\/image\/\",\"url\":\"https:\/\/www.sonoraenequipo.com.mx\/storage\/2019\/01\/sonoraenequipo_opt.png\",\"contentUrl\":\"https:\/\/www.sonoraenequipo.com.mx\/storage\/2019\/01\/sonoraenequipo_opt.png\",\"width\":375,\"height\":125,\"caption\":\"Sonoraenequipo.com.mx\"},\"image\":{\"@id\":\"https:\/\/www.sonoraenequipo.com.mx\/#\/schema\/logo\/image\/\"},\"sameAs\":[\"https:\/\/www.facebook.com\/SonoraEE\/\",\"https:\/\/x.com\/sonoraenequipo\",\"https:\/\/www.youtube.com\/channel\/UC338nW-lPEYmJQs4ZABQ1SQ\"]},{\"@type\":\"Person\",\"@id\":\"https:\/\/www.sonoraenequipo.com.mx\/#\/schema\/person\/50102df0fb23a8fa9e8effad8fa81386\",\"name\":\"enequipo\",\"image\":{\"@type\":\"ImageObject\",\"inLanguage\":\"es\",\"@id\":\"https:\/\/www.sonoraenequipo.com.mx\/#\/schema\/person\/image\/\",\"url\":\"https:\/\/secure.gravatar.com\/avatar\/049821681b589dabc0bc20695993ccebb09f5b5d4d790cd9251b97faac7c652b?s=96&d=blank&r=g\",\"contentUrl\":\"https:\/\/secure.gravatar.com\/avatar\/049821681b589dabc0bc20695993ccebb09f5b5d4d790cd9251b97faac7c652b?s=96&d=blank&r=g\",\"caption\":\"enequipo\"},\"sameAs\":[\"https:\/\/www.facebook.com\/SonoraEE\"]}]}<\/script>\n ","yoast_head_json":{"title":"Sonora en Equipo. Inauguran en la Unison V Jornada de Difusi\u00f3n y Fomento a la Investigaci\u00f3n en las Ciencias Sociales Ciencia y Tecnolog\u00eda","description":"HERMOSILLO, SONORA, MX. \u2014 En el interior del Centro de Convenciones del campus Caborca, de la Universidad de Sonora (Unison, este 24 de septiembre se En Sonora en Equipo publicamos toda la informaci\u00f3n de Sonora, M\u00e9xico y el Mundo de manera oportuna y busca que la libertad de expresi\u00f3n sea real. Visita nuestro medio informativo publicado desde Hermosillo, Sonora. %","robots":{"index":"index","follow":"follow","max-snippet":"max-snippet:-1","max-image-preview":"max-image-preview:large","max-video-preview":"max-video-preview:-1"},"canonical":"https:\/\/www.sonoraenequipo.com.mx\/inauguran-en-la-unison-v-jornada-de-difusion-y-fomento-a-la-investigacion-en-las-ciencias-sociales\/","og_locale":"es_ES","og_type":"article","og_title":"Sonora en Equipo. Inauguran en la Unison V Jornada de Difusi\u00f3n y Fomento a la Investigaci\u00f3n en las Ciencias Sociales Ciencia y Tecnolog\u00eda","og_description":"HERMOSILLO, SONORA, MX. \u2014 En el interior del Centro de Convenciones del campus Caborca, de la Universidad de Sonora (Unison, este 24 de septiembre se En Sonora en Equipo publicamos toda la informaci\u00f3n de Sonora, M\u00e9xico y el Mundo de manera oportuna y busca que la libertad de expresi\u00f3n sea real. Visita nuestro medio informativo publicado desde Hermosillo, Sonora. %","og_url":"https:\/\/www.sonoraenequipo.com.mx\/inauguran-en-la-unison-v-jornada-de-difusion-y-fomento-a-la-investigacion-en-las-ciencias-sociales\/","og_site_name":"Sonora en Equipo.","article_publisher":"https:\/\/www.facebook.com\/SonoraEE\/","article_author":"https:\/\/www.facebook.com\/SonoraEE","article_published_time":"2024-09-25T17:10:37+00:00","og_image":[{"width":600,"height":400,"url":"https:\/\/www.sonoraenequipo.com.mx\/storage\/2024\/09\/unison.jpg","type":"image\/jpeg"}],"author":"enequipo","twitter_card":"summary_large_image","twitter_creator":"@sonoraenequipo","twitter_site":"@sonoraenequipo","twitter_misc":{"Escrito por":"enequipo","Tiempo de lectura":"3 minutos"},"schema":{"@context":"https:\/\/schema.org","@graph":[{"@type":"Article","@id":"https:\/\/www.sonoraenequipo.com.mx\/inauguran-en-la-unison-v-jornada-de-difusion-y-fomento-a-la-investigacion-en-las-ciencias-sociales\/#article","isPartOf":{"@id":"https:\/\/www.sonoraenequipo.com.mx\/inauguran-en-la-unison-v-jornada-de-difusion-y-fomento-a-la-investigacion-en-las-ciencias-sociales\/"},"author":{"name":"enequipo","@id":"https:\/\/www.sonoraenequipo.com.mx\/#\/schema\/person\/50102df0fb23a8fa9e8effad8fa81386"},"headline":"Inauguran en la Unison V Jornada de Difusi\u00f3n y Fomento a la Investigaci\u00f3n en las Ciencias Sociales","datePublished":"2024-09-25T17:10:37+00:00","mainEntityOfPage":{"@id":"https:\/\/www.sonoraenequipo.com.mx\/inauguran-en-la-unison-v-jornada-de-difusion-y-fomento-a-la-investigacion-en-las-ciencias-sociales\/"},"wordCount":691,"commentCount":0,"publisher":{"@id":"https:\/\/www.sonoraenequipo.com.mx\/#organization"},"image":{"@id":"https:\/\/www.sonoraenequipo.com.mx\/inauguran-en-la-unison-v-jornada-de-difusion-y-fomento-a-la-investigacion-en-las-ciencias-sociales\/#primaryimage"},"thumbnailUrl":"https:\/\/www.sonoraenequipo.com.mx\/storage\/2024\/09\/unison.jpg","keywords":["ciencias","sociales"],"articleSection":["Ciencia y Tecnolog\u00eda"],"inLanguage":"es","potentialAction":[{"@type":"CommentAction","name":"Comment","target":["https:\/\/www.sonoraenequipo.com.mx\/inauguran-en-la-unison-v-jornada-de-difusion-y-fomento-a-la-investigacion-en-las-ciencias-sociales\/#respond"]}]},{"@type":"WebPage","@id":"https:\/\/www.sonoraenequipo.com.mx\/inauguran-en-la-unison-v-jornada-de-difusion-y-fomento-a-la-investigacion-en-las-ciencias-sociales\/","url":"https:\/\/www.sonoraenequipo.com.mx\/inauguran-en-la-unison-v-jornada-de-difusion-y-fomento-a-la-investigacion-en-las-ciencias-sociales\/","name":"Sonora en Equipo. Inauguran en la Unison V Jornada de Difusi\u00f3n y Fomento a la Investigaci\u00f3n en las Ciencias Sociales Ciencia y Tecnolog\u00eda","isPartOf":{"@id":"https:\/\/www.sonoraenequipo.com.mx\/#website"},"primaryImageOfPage":{"@id":"https:\/\/www.sonoraenequipo.com.mx\/inauguran-en-la-unison-v-jornada-de-difusion-y-fomento-a-la-investigacion-en-las-ciencias-sociales\/#primaryimage"},"image":{"@id":"https:\/\/www.sonoraenequipo.com.mx\/inauguran-en-la-unison-v-jornada-de-difusion-y-fomento-a-la-investigacion-en-las-ciencias-sociales\/#primaryimage"},"thumbnailUrl":"https:\/\/www.sonoraenequipo.com.mx\/storage\/2024\/09\/unison.jpg","datePublished":"2024-09-25T17:10:37+00:00","description":"HERMOSILLO, SONORA, MX. \u2014 En el interior del Centro de Convenciones del campus Caborca, de la Universidad de Sonora (Unison, este 24 de septiembre se En Sonora en Equipo publicamos toda la informaci\u00f3n de Sonora, M\u00e9xico y el Mundo de manera oportuna y busca que la libertad de expresi\u00f3n sea real. Visita nuestro medio informativo publicado desde Hermosillo, Sonora. %","breadcrumb":{"@id":"https:\/\/www.sonoraenequipo.com.mx\/inauguran-en-la-unison-v-jornada-de-difusion-y-fomento-a-la-investigacion-en-las-ciencias-sociales\/#breadcrumb"},"inLanguage":"es","potentialAction":[{"@type":"ReadAction","target":["https:\/\/www.sonoraenequipo.com.mx\/inauguran-en-la-unison-v-jornada-de-difusion-y-fomento-a-la-investigacion-en-las-ciencias-sociales\/"]}]},{"@type":"ImageObject","inLanguage":"es","@id":"https:\/\/www.sonoraenequipo.com.mx\/inauguran-en-la-unison-v-jornada-de-difusion-y-fomento-a-la-investigacion-en-las-ciencias-sociales\/#primaryimage","url":"https:\/\/www.sonoraenequipo.com.mx\/storage\/2024\/09\/unison.jpg","contentUrl":"https:\/\/www.sonoraenequipo.com.mx\/storage\/2024\/09\/unison.jpg","width":600,"height":400},{"@type":"BreadcrumbList","@id":"https:\/\/www.sonoraenequipo.com.mx\/inauguran-en-la-unison-v-jornada-de-difusion-y-fomento-a-la-investigacion-en-las-ciencias-sociales\/#breadcrumb","itemListElement":[{"@type":"ListItem","position":1,"name":"Portada","item":"https:\/\/www.sonoraenequipo.com.mx\/"},{"@type":"ListItem","position":2,"name":"Inauguran en la Unison V Jornada de Difusi\u00f3n y Fomento a la Investigaci\u00f3n en las Ciencias Sociales"}]},{"@type":"WebSite","@id":"https:\/\/www.sonoraenequipo.com.mx\/#website","url":"https:\/\/www.sonoraenequipo.com.mx\/","name":"Sonora en Equipo.","description":"Diario en l\u00ednea con Noticias desde Hermosillo, Sonora","publisher":{"@id":"https:\/\/www.sonoraenequipo.com.mx\/#organization"},"potentialAction":[{"@type":"SearchAction","target":{"@type":"EntryPoint","urlTemplate":"https:\/\/www.sonoraenequipo.com.mx\/?s={search_term_string}"},"query-input":{"@type":"PropertyValueSpecification","valueRequired":true,"valueName":"search_term_string"}}],"inLanguage":"es"},{"@type":"Organization","@id":"https:\/\/www.sonoraenequipo.com.mx\/#organization","name":"Sonoraenequipo.com.mx","url":"https:\/\/www.sonoraenequipo.com.mx\/","logo":{"@type":"ImageObject","inLanguage":"es","@id":"https:\/\/www.sonoraenequipo.com.mx\/#\/schema\/logo\/image\/","url":"https:\/\/www.sonoraenequipo.com.mx\/storage\/2019\/01\/sonoraenequipo_opt.png","contentUrl":"https:\/\/www.sonoraenequipo.com.mx\/storage\/2019\/01\/sonoraenequipo_opt.png","width":375,"height":125,"caption":"Sonoraenequipo.com.mx"},"image":{"@id":"https:\/\/www.sonoraenequipo.com.mx\/#\/schema\/logo\/image\/"},"sameAs":["https:\/\/www.facebook.com\/SonoraEE\/","https:\/\/x.com\/sonoraenequipo","https:\/\/www.youtube.com\/channel\/UC338nW-lPEYmJQs4ZABQ1SQ"]},{"@type":"Person","@id":"https:\/\/www.sonoraenequipo.com.mx\/#\/schema\/person\/50102df0fb23a8fa9e8effad8fa81386","name":"enequipo","image":{"@type":"ImageObject","inLanguage":"es","@id":"https:\/\/www.sonoraenequipo.com.mx\/#\/schema\/person\/image\/","url":"https:\/\/secure.gravatar.com\/avatar\/049821681b589dabc0bc20695993ccebb09f5b5d4d790cd9251b97faac7c652b?s=96&d=blank&r=g","contentUrl":"https:\/\/secure.gravatar.com\/avatar\/049821681b589dabc0bc20695993ccebb09f5b5d4d790cd9251b97faac7c652b?s=96&d=blank&r=g","caption":"enequipo"},"sameAs":["https:\/\/www.facebook.com\/SonoraEE"]}]}},"jetpack_featured_media_url":"https:\/\/www.sonoraenequipo.com.mx\/storage\/2024\/09\/unison.jpg","_links":{"self":[{"href":"https:\/\/www.sonoraenequipo.com.mx\/api\/wp\/v2\/posts\/199851","targetHints":{"allow":["GET"]}}],"collection":[{"href":"https:\/\/www.sonoraenequipo.com.mx\/api\/wp\/v2\/posts"}],"about":[{"href":"https:\/\/www.sonoraenequipo.com.mx\/api\/wp\/v2\/types\/post"}],"author":[{"embeddable":true,"href":"https:\/\/www.sonoraenequipo.com.mx\/api\/wp\/v2\/users\/1"}],"replies":[{"embeddable":true,"href":"https:\/\/www.sonoraenequipo.com.mx\/api\/wp\/v2\/comments?post=199851"}],"version-history":[{"count":1,"href":"https:\/\/www.sonoraenequipo.com.mx\/api\/wp\/v2\/posts\/199851\/revisions"}],"predecessor-version":[{"id":199853,"href":"https:\/\/www.sonoraenequipo.com.mx\/api\/wp\/v2\/posts\/199851\/revisions\/199853"}],"wp:featuredmedia":[{"embeddable":true,"href":"https:\/\/www.sonoraenequipo.com.mx\/api\/wp\/v2\/media\/199852"}],"wp:attachment":[{"href":"https:\/\/www.sonoraenequipo.com.mx\/api\/wp\/v2\/media?parent=199851"}],"wp:term":[{"taxonomy":"category","embeddable":true,"href":"https:\/\/www.sonoraenequipo.com.mx\/api\/wp\/v2\/categories?post=199851"},{"taxonomy":"post_tag","embeddable":true,"href":"https:\/\/www.sonoraenequipo.com.mx\/api\/wp\/v2\/tags?post=199851"}],"curies":[{"name":"wp","href":"https:\/\/api.w.org\/{rel}","templated":true}]}}