{"id":199856,"date":"2024-09-25T10:42:13","date_gmt":"2024-09-25T17:42:13","guid":{"rendered":"https:\/\/www.sonoraenequipo.com.mx\/?p=199856"},"modified":"2024-09-25T10:42:13","modified_gmt":"2024-09-25T17:42:13","slug":"el-papa-francisco-considera-inaceptable-la-escalada-de-la-guerra-en-el-libano","status":"publish","type":"post","link":"https:\/\/www.sonoraenequipo.com.mx\/el-papa-francisco-considera-inaceptable-la-escalada-de-la-guerra-en-el-libano\/","title":{"rendered":"El Papa Francisco considera \u201cinaceptable\u201d la escalada de la guerra en el L\u00edbano"},"content":{"rendered":"<p><strong>El VATICANO.<\/strong><strong> \u0336 \u0336\u00a0 <\/strong>Al t\u00e9rmino de la Audiencia General de esta ma\u00f1ana, el Papa Francisco calific\u00f3 de \u201cinaceptable\u201d la escalada de violencia en el L\u00edbano e hizo un llamado a la Comunidad Internacional para detenerla.<\/p>\n<p>&nbsp;<\/p>\n<p>El pasado lunes 23 de septiembre, el ej\u00e9rcito israel\u00ed lanz\u00f3 su mayor ofensiva contra el L\u00edbano en d\u00e9cadas, dejando cerca de quinientos mil muertos, casi dos mil heridos y cientos de miles de desplazados.<\/p>\n<p>&nbsp;<\/p>\n<p>Los enfrentamientos entre Israel y el grupo liban\u00e9s Hizbul\u00e1, derivados del conflicto entre Israel y Gaza iniciado en octubre de 2023, persisten hoy por tercer d\u00eda consecutivo.<\/p>\n<p>&nbsp;<\/p>\n<p>Esta ma\u00f1ana, desde el L\u00edbano se han lanzado 40 proyectiles a territorio israel\u00ed, que han sido interceptados por las defensas a\u00e9reas del pa\u00eds.<\/p>\n<p>&nbsp;<\/p>\n<p>Por ello, el Papa Francisco asegur\u00f3 que sigue \u201ccon preocupaci\u00f3n la situaci\u00f3n en el L\u00edbano\u201d y asegur\u00f3\u00a0 estar \u201cdolorido por las noticias\u201d que llegan desde el pa\u00eds, donde en los \u00faltimos d\u00edas \u201cintensos bombardeos han provocado muchas v\u00edctimas y destrucci\u00f3n\u201d.<\/p>\n<p>&nbsp;<\/p>\n<p>Asimismo, hizo un llamado a la Comunidad Internacional para que haga \u201ccada esfuerzo por detener esta terrible escalada\u201d del conflicto.<\/p>\n<p>&nbsp;<\/p>\n<p>&nbsp;<\/p>\n<p>\u201cEs inaceptable. Expreso mi cercan\u00eda al pueblo liban\u00e9s, que ya ha sufrido demasiado en el pasado reciente\u201d, a\u00f1adi\u00f3.<\/p>\n<p>&nbsp;<\/p>\n<p>Por \u00faltimo, invit\u00f3 a rezar a los fieles congregados en la Plaza de San Pedro del Vaticano por todos los pueblos que sufren a causa de la guerra, como \u201cla martirizada Ucrania\u201d, Myanmar, Palestina, Israel y Sud\u00e1n.<\/p>\n<p><strong>Fecha de publicaci\u00f3n mi\u00e9rcoles 25 de septiembre de 2024 \/ ACI Prensa<\/strong><\/p>\n","protected":false},"excerpt":{"rendered":"<p>El VATICANO. \u0336 \u0336\u00a0 Al t\u00e9rmino de la Audiencia General de esta ma\u00f1ana, el Papa&#8230;<\/p>\n","protected":false},"author":1,"featured_media":199857,"comment_status":"open","ping_status":"open","sticky":false,"template":"","format":"standard","meta":{"_monsterinsights_skip_tracking":false,"_monsterinsights_sitenote_active":false,"_monsterinsights_sitenote_note":"","_monsterinsights_sitenote_category":0,"footnotes":""},"categories":[3],"tags":[3552,10071,5872],"class_list":["post"],"yoast_head":" \n<title>Sonora en Equipo. El Papa Francisco considera \u201cinaceptable\u201d la escalada de la guerra en el L\u00edbano MUNDO<\/title>\n<meta name=\"description\" content=\"El VATICANO. \u0336 \u0336\u00a0 Al t\u00e9rmino de la Audiencia General de esta ma\u00f1ana, el Papa Francisco calific\u00f3 de \u201cinaceptable\u201d la escalada de violencia en el L\u00edbano e En Sonora en Equipo publicamos toda la informaci\u00f3n de Sonora, M\u00e9xico y el Mundo de manera oportuna y busca que la libertad de expresi\u00f3n sea real. Visita nuestro medio informativo publicado desde Hermosillo, Sonora. %\" \/>\n<meta name=\"robots\" content=\"index, follow, max-snippet:-1, max-image-preview:large, max-video-preview:-1\" \/>\n<link rel=\"canonical\" href=\"https:\/\/www.sonoraenequipo.com.mx\/el-papa-francisco-considera-inaceptable-la-escalada-de-la-guerra-en-el-libano\/\" \/>\n<meta property=\"og:locale\" content=\"es_ES\" \/>\n<meta property=\"og:type\" content=\"article\" \/>\n<meta property=\"og:title\" content=\"Sonora en Equipo. El Papa Francisco considera \u201cinaceptable\u201d la escalada de la guerra en el L\u00edbano MUNDO\" \/>\n<meta property=\"og:description\" content=\"El VATICANO. \u0336 \u0336\u00a0 Al t\u00e9rmino de la Audiencia General de esta ma\u00f1ana, el Papa Francisco calific\u00f3 de \u201cinaceptable\u201d la escalada de violencia en el L\u00edbano e En Sonora en Equipo publicamos toda la informaci\u00f3n de Sonora, M\u00e9xico y el Mundo de manera oportuna y busca que la libertad de expresi\u00f3n sea real. Visita nuestro medio informativo publicado desde Hermosillo, Sonora. %\" \/>\n<meta property=\"og:url\" content=\"https:\/\/www.sonoraenequipo.com.mx\/el-papa-francisco-considera-inaceptable-la-escalada-de-la-guerra-en-el-libano\/\" \/>\n<meta property=\"og:site_name\" content=\"Sonora en Equipo.\" \/>\n<meta property=\"article:publisher\" content=\"https:\/\/www.facebook.com\/SonoraEE\/\" \/>\n<meta property=\"article:author\" content=\"https:\/\/www.facebook.com\/SonoraEE\" \/>\n<meta property=\"article:published_time\" content=\"2024-09-25T17:42:13+00:00\" \/>\n<meta property=\"og:image\" content=\"https:\/\/www.sonoraenequipo.com.mx\/storage\/2024\/09\/papa.jpg\" \/>\n\t<meta property=\"og:image:width\" content=\"600\" \/>\n\t<meta property=\"og:image:height\" content=\"400\" \/>\n\t<meta property=\"og:image:type\" content=\"image\/jpeg\" \/>\n<meta name=\"author\" content=\"enequipo\" \/>\n<meta name=\"twitter:card\" content=\"summary_large_image\" \/>\n<meta name=\"twitter:creator\" content=\"@sonoraenequipo\" \/>\n<meta name=\"twitter:site\" content=\"@sonoraenequipo\" \/>\n<meta name=\"twitter:label1\" content=\"Escrito por\" \/>\n\t<meta name=\"twitter:data1\" content=\"enequipo\" \/>\n\t<meta name=\"twitter:label2\" content=\"Tiempo de lectura\" \/>\n\t<meta name=\"twitter:data2\" content=\"1 minuto\" \/>\n<script type=\"application\/ld+json\" class=\"yoast-schema-graph\">{\"@context\":\"https:\/\/schema.org\",\"@graph\":[{\"@type\":\"Article\",\"@id\":\"https:\/\/www.sonoraenequipo.com.mx\/el-papa-francisco-considera-inaceptable-la-escalada-de-la-guerra-en-el-libano\/#article\",\"isPartOf\":{\"@id\":\"https:\/\/www.sonoraenequipo.com.mx\/el-papa-francisco-considera-inaceptable-la-escalada-de-la-guerra-en-el-libano\/\"},\"author\":{\"name\":\"enequipo\",\"@id\":\"https:\/\/www.sonoraenequipo.com.mx\/#\/schema\/person\/50102df0fb23a8fa9e8effad8fa81386\"},\"headline\":\"El Papa Francisco considera \u201cinaceptable\u201d la escalada de la guerra en el L\u00edbano\",\"datePublished\":\"2024-09-25T17:42:13+00:00\",\"mainEntityOfPage\":{\"@id\":\"https:\/\/www.sonoraenequipo.com.mx\/el-papa-francisco-considera-inaceptable-la-escalada-de-la-guerra-en-el-libano\/\"},\"wordCount\":286,\"commentCount\":0,\"publisher\":{\"@id\":\"https:\/\/www.sonoraenequipo.com.mx\/#organization\"},\"image\":{\"@id\":\"https:\/\/www.sonoraenequipo.com.mx\/el-papa-francisco-considera-inaceptable-la-escalada-de-la-guerra-en-el-libano\/#primaryimage\"},\"thumbnailUrl\":\"https:\/\/www.sonoraenequipo.com.mx\/storage\/2024\/09\/papa.jpg\",\"keywords\":[\"FRANCISCO\",\"guerras\",\"papa\"],\"articleSection\":[\"MUNDO\"],\"inLanguage\":\"es\",\"potentialAction\":[{\"@type\":\"CommentAction\",\"name\":\"Comment\",\"target\":[\"https:\/\/www.sonoraenequipo.com.mx\/el-papa-francisco-considera-inaceptable-la-escalada-de-la-guerra-en-el-libano\/#respond\"]}]},{\"@type\":\"WebPage\",\"@id\":\"https:\/\/www.sonoraenequipo.com.mx\/el-papa-francisco-considera-inaceptable-la-escalada-de-la-guerra-en-el-libano\/\",\"url\":\"https:\/\/www.sonoraenequipo.com.mx\/el-papa-francisco-considera-inaceptable-la-escalada-de-la-guerra-en-el-libano\/\",\"name\":\"Sonora en Equipo. El Papa Francisco considera \u201cinaceptable\u201d la escalada de la guerra en el L\u00edbano MUNDO\",\"isPartOf\":{\"@id\":\"https:\/\/www.sonoraenequipo.com.mx\/#website\"},\"primaryImageOfPage\":{\"@id\":\"https:\/\/www.sonoraenequipo.com.mx\/el-papa-francisco-considera-inaceptable-la-escalada-de-la-guerra-en-el-libano\/#primaryimage\"},\"image\":{\"@id\":\"https:\/\/www.sonoraenequipo.com.mx\/el-papa-francisco-considera-inaceptable-la-escalada-de-la-guerra-en-el-libano\/#primaryimage\"},\"thumbnailUrl\":\"https:\/\/www.sonoraenequipo.com.mx\/storage\/2024\/09\/papa.jpg\",\"datePublished\":\"2024-09-25T17:42:13+00:00\",\"description\":\"El VATICANO. \u0336 \u0336\u00a0 Al t\u00e9rmino de la Audiencia General de esta ma\u00f1ana, el Papa Francisco calific\u00f3 de \u201cinaceptable\u201d la escalada de violencia en el L\u00edbano e En Sonora en Equipo publicamos toda la informaci\u00f3n de Sonora, M\u00e9xico y el Mundo de manera oportuna y busca que la libertad de expresi\u00f3n sea real. Visita nuestro medio informativo publicado desde Hermosillo, Sonora. %\",\"breadcrumb\":{\"@id\":\"https:\/\/www.sonoraenequipo.com.mx\/el-papa-francisco-considera-inaceptable-la-escalada-de-la-guerra-en-el-libano\/#breadcrumb\"},\"inLanguage\":\"es\",\"potentialAction\":[{\"@type\":\"ReadAction\",\"target\":[\"https:\/\/www.sonoraenequipo.com.mx\/el-papa-francisco-considera-inaceptable-la-escalada-de-la-guerra-en-el-libano\/\"]}]},{\"@type\":\"ImageObject\",\"inLanguage\":\"es\",\"@id\":\"https:\/\/www.sonoraenequipo.com.mx\/el-papa-francisco-considera-inaceptable-la-escalada-de-la-guerra-en-el-libano\/#primaryimage\",\"url\":\"https:\/\/www.sonoraenequipo.com.mx\/storage\/2024\/09\/papa.jpg\",\"contentUrl\":\"https:\/\/www.sonoraenequipo.com.mx\/storage\/2024\/09\/papa.jpg\",\"width\":600,\"height\":400,\"caption\":\"ElPapa Francisco en la audiencia general del 25 de septiembre de 2024. Cr\u00e9dito Vatican media\"},{\"@type\":\"BreadcrumbList\",\"@id\":\"https:\/\/www.sonoraenequipo.com.mx\/el-papa-francisco-considera-inaceptable-la-escalada-de-la-guerra-en-el-libano\/#breadcrumb\",\"itemListElement\":[{\"@type\":\"ListItem\",\"position\":1,\"name\":\"Portada\",\"item\":\"https:\/\/www.sonoraenequipo.com.mx\/\"},{\"@type\":\"ListItem\",\"position\":2,\"name\":\"El Papa Francisco considera \u201cinaceptable\u201d la escalada de la guerra en el L\u00edbano\"}]},{\"@type\":\"WebSite\",\"@id\":\"https:\/\/www.sonoraenequipo.com.mx\/#website\",\"url\":\"https:\/\/www.sonoraenequipo.com.mx\/\",\"name\":\"Sonora en Equipo.\",\"description\":\"Diario en l\u00ednea con Noticias desde Hermosillo, Sonora\",\"publisher\":{\"@id\":\"https:\/\/www.sonoraenequipo.com.mx\/#organization\"},\"potentialAction\":[{\"@type\":\"SearchAction\",\"target\":{\"@type\":\"EntryPoint\",\"urlTemplate\":\"https:\/\/www.sonoraenequipo.com.mx\/?s={search_term_string}\"},\"query-input\":{\"@type\":\"PropertyValueSpecification\",\"valueRequired\":true,\"valueName\":\"search_term_string\"}}],\"inLanguage\":\"es\"},{\"@type\":\"Organization\",\"@id\":\"https:\/\/www.sonoraenequipo.com.mx\/#organization\",\"name\":\"Sonoraenequipo.com.mx\",\"url\":\"https:\/\/www.sonoraenequipo.com.mx\/\",\"logo\":{\"@type\":\"ImageObject\",\"inLanguage\":\"es\",\"@id\":\"https:\/\/www.sonoraenequipo.com.mx\/#\/schema\/logo\/image\/\",\"url\":\"https:\/\/www.sonoraenequipo.com.mx\/storage\/2019\/01\/sonoraenequipo_opt.png\",\"contentUrl\":\"https:\/\/www.sonoraenequipo.com.mx\/storage\/2019\/01\/sonoraenequipo_opt.png\",\"width\":375,\"height\":125,\"caption\":\"Sonoraenequipo.com.mx\"},\"image\":{\"@id\":\"https:\/\/www.sonoraenequipo.com.mx\/#\/schema\/logo\/image\/\"},\"sameAs\":[\"https:\/\/www.facebook.com\/SonoraEE\/\",\"https:\/\/x.com\/sonoraenequipo\",\"https:\/\/www.youtube.com\/channel\/UC338nW-lPEYmJQs4ZABQ1SQ\"]},{\"@type\":\"Person\",\"@id\":\"https:\/\/www.sonoraenequipo.com.mx\/#\/schema\/person\/50102df0fb23a8fa9e8effad8fa81386\",\"name\":\"enequipo\",\"image\":{\"@type\":\"ImageObject\",\"inLanguage\":\"es\",\"@id\":\"https:\/\/www.sonoraenequipo.com.mx\/#\/schema\/person\/image\/\",\"url\":\"https:\/\/secure.gravatar.com\/avatar\/049821681b589dabc0bc20695993ccebb09f5b5d4d790cd9251b97faac7c652b?s=96&d=blank&r=g\",\"contentUrl\":\"https:\/\/secure.gravatar.com\/avatar\/049821681b589dabc0bc20695993ccebb09f5b5d4d790cd9251b97faac7c652b?s=96&d=blank&r=g\",\"caption\":\"enequipo\"},\"sameAs\":[\"https:\/\/www.facebook.com\/SonoraEE\"]}]}<\/script>\n ","yoast_head_json":{"title":"Sonora en Equipo. El Papa Francisco considera \u201cinaceptable\u201d la escalada de la guerra en el L\u00edbano MUNDO","description":"El VATICANO. \u0336 \u0336\u00a0 Al t\u00e9rmino de la Audiencia General de esta ma\u00f1ana, el Papa Francisco calific\u00f3 de \u201cinaceptable\u201d la escalada de violencia en el L\u00edbano e En Sonora en Equipo publicamos toda la informaci\u00f3n de Sonora, M\u00e9xico y el Mundo de manera oportuna y busca que la libertad de expresi\u00f3n sea real. Visita nuestro medio informativo publicado desde Hermosillo, Sonora. %","robots":{"index":"index","follow":"follow","max-snippet":"max-snippet:-1","max-image-preview":"max-image-preview:large","max-video-preview":"max-video-preview:-1"},"canonical":"https:\/\/www.sonoraenequipo.com.mx\/el-papa-francisco-considera-inaceptable-la-escalada-de-la-guerra-en-el-libano\/","og_locale":"es_ES","og_type":"article","og_title":"Sonora en Equipo. El Papa Francisco considera \u201cinaceptable\u201d la escalada de la guerra en el L\u00edbano MUNDO","og_description":"El VATICANO. \u0336 \u0336\u00a0 Al t\u00e9rmino de la Audiencia General de esta ma\u00f1ana, el Papa Francisco calific\u00f3 de \u201cinaceptable\u201d la escalada de violencia en el L\u00edbano e En Sonora en Equipo publicamos toda la informaci\u00f3n de Sonora, M\u00e9xico y el Mundo de manera oportuna y busca que la libertad de expresi\u00f3n sea real. Visita nuestro medio informativo publicado desde Hermosillo, Sonora. %","og_url":"https:\/\/www.sonoraenequipo.com.mx\/el-papa-francisco-considera-inaceptable-la-escalada-de-la-guerra-en-el-libano\/","og_site_name":"Sonora en Equipo.","article_publisher":"https:\/\/www.facebook.com\/SonoraEE\/","article_author":"https:\/\/www.facebook.com\/SonoraEE","article_published_time":"2024-09-25T17:42:13+00:00","og_image":[{"width":600,"height":400,"url":"https:\/\/www.sonoraenequipo.com.mx\/storage\/2024\/09\/papa.jpg","type":"image\/jpeg"}],"author":"enequipo","twitter_card":"summary_large_image","twitter_creator":"@sonoraenequipo","twitter_site":"@sonoraenequipo","twitter_misc":{"Escrito por":"enequipo","Tiempo de lectura":"1 minuto"},"schema":{"@context":"https:\/\/schema.org","@graph":[{"@type":"Article","@id":"https:\/\/www.sonoraenequipo.com.mx\/el-papa-francisco-considera-inaceptable-la-escalada-de-la-guerra-en-el-libano\/#article","isPartOf":{"@id":"https:\/\/www.sonoraenequipo.com.mx\/el-papa-francisco-considera-inaceptable-la-escalada-de-la-guerra-en-el-libano\/"},"author":{"name":"enequipo","@id":"https:\/\/www.sonoraenequipo.com.mx\/#\/schema\/person\/50102df0fb23a8fa9e8effad8fa81386"},"headline":"El Papa Francisco considera \u201cinaceptable\u201d la escalada de la guerra en el L\u00edbano","datePublished":"2024-09-25T17:42:13+00:00","mainEntityOfPage":{"@id":"https:\/\/www.sonoraenequipo.com.mx\/el-papa-francisco-considera-inaceptable-la-escalada-de-la-guerra-en-el-libano\/"},"wordCount":286,"commentCount":0,"publisher":{"@id":"https:\/\/www.sonoraenequipo.com.mx\/#organization"},"image":{"@id":"https:\/\/www.sonoraenequipo.com.mx\/el-papa-francisco-considera-inaceptable-la-escalada-de-la-guerra-en-el-libano\/#primaryimage"},"thumbnailUrl":"https:\/\/www.sonoraenequipo.com.mx\/storage\/2024\/09\/papa.jpg","keywords":["FRANCISCO","guerras","papa"],"articleSection":["MUNDO"],"inLanguage":"es","potentialAction":[{"@type":"CommentAction","name":"Comment","target":["https:\/\/www.sonoraenequipo.com.mx\/el-papa-francisco-considera-inaceptable-la-escalada-de-la-guerra-en-el-libano\/#respond"]}]},{"@type":"WebPage","@id":"https:\/\/www.sonoraenequipo.com.mx\/el-papa-francisco-considera-inaceptable-la-escalada-de-la-guerra-en-el-libano\/","url":"https:\/\/www.sonoraenequipo.com.mx\/el-papa-francisco-considera-inaceptable-la-escalada-de-la-guerra-en-el-libano\/","name":"Sonora en Equipo. El Papa Francisco considera \u201cinaceptable\u201d la escalada de la guerra en el L\u00edbano MUNDO","isPartOf":{"@id":"https:\/\/www.sonoraenequipo.com.mx\/#website"},"primaryImageOfPage":{"@id":"https:\/\/www.sonoraenequipo.com.mx\/el-papa-francisco-considera-inaceptable-la-escalada-de-la-guerra-en-el-libano\/#primaryimage"},"image":{"@id":"https:\/\/www.sonoraenequipo.com.mx\/el-papa-francisco-considera-inaceptable-la-escalada-de-la-guerra-en-el-libano\/#primaryimage"},"thumbnailUrl":"https:\/\/www.sonoraenequipo.com.mx\/storage\/2024\/09\/papa.jpg","datePublished":"2024-09-25T17:42:13+00:00","description":"El VATICANO. \u0336 \u0336\u00a0 Al t\u00e9rmino de la Audiencia General de esta ma\u00f1ana, el Papa Francisco calific\u00f3 de \u201cinaceptable\u201d la escalada de violencia en el L\u00edbano e En Sonora en Equipo publicamos toda la informaci\u00f3n de Sonora, M\u00e9xico y el Mundo de manera oportuna y busca que la libertad de expresi\u00f3n sea real. Visita nuestro medio informativo publicado desde Hermosillo, Sonora. %","breadcrumb":{"@id":"https:\/\/www.sonoraenequipo.com.mx\/el-papa-francisco-considera-inaceptable-la-escalada-de-la-guerra-en-el-libano\/#breadcrumb"},"inLanguage":"es","potentialAction":[{"@type":"ReadAction","target":["https:\/\/www.sonoraenequipo.com.mx\/el-papa-francisco-considera-inaceptable-la-escalada-de-la-guerra-en-el-libano\/"]}]},{"@type":"ImageObject","inLanguage":"es","@id":"https:\/\/www.sonoraenequipo.com.mx\/el-papa-francisco-considera-inaceptable-la-escalada-de-la-guerra-en-el-libano\/#primaryimage","url":"https:\/\/www.sonoraenequipo.com.mx\/storage\/2024\/09\/papa.jpg","contentUrl":"https:\/\/www.sonoraenequipo.com.mx\/storage\/2024\/09\/papa.jpg","width":600,"height":400,"caption":"ElPapa Francisco en la audiencia general del 25 de septiembre de 2024. Cr\u00e9dito Vatican media"},{"@type":"BreadcrumbList","@id":"https:\/\/www.sonoraenequipo.com.mx\/el-papa-francisco-considera-inaceptable-la-escalada-de-la-guerra-en-el-libano\/#breadcrumb","itemListElement":[{"@type":"ListItem","position":1,"name":"Portada","item":"https:\/\/www.sonoraenequipo.com.mx\/"},{"@type":"ListItem","position":2,"name":"El Papa Francisco considera \u201cinaceptable\u201d la escalada de la guerra en el L\u00edbano"}]},{"@type":"WebSite","@id":"https:\/\/www.sonoraenequipo.com.mx\/#website","url":"https:\/\/www.sonoraenequipo.com.mx\/","name":"Sonora en Equipo.","description":"Diario en l\u00ednea con Noticias desde Hermosillo, Sonora","publisher":{"@id":"https:\/\/www.sonoraenequipo.com.mx\/#organization"},"potentialAction":[{"@type":"SearchAction","target":{"@type":"EntryPoint","urlTemplate":"https:\/\/www.sonoraenequipo.com.mx\/?s={search_term_string}"},"query-input":{"@type":"PropertyValueSpecification","valueRequired":true,"valueName":"search_term_string"}}],"inLanguage":"es"},{"@type":"Organization","@id":"https:\/\/www.sonoraenequipo.com.mx\/#organization","name":"Sonoraenequipo.com.mx","url":"https:\/\/www.sonoraenequipo.com.mx\/","logo":{"@type":"ImageObject","inLanguage":"es","@id":"https:\/\/www.sonoraenequipo.com.mx\/#\/schema\/logo\/image\/","url":"https:\/\/www.sonoraenequipo.com.mx\/storage\/2019\/01\/sonoraenequipo_opt.png","contentUrl":"https:\/\/www.sonoraenequipo.com.mx\/storage\/2019\/01\/sonoraenequipo_opt.png","width":375,"height":125,"caption":"Sonoraenequipo.com.mx"},"image":{"@id":"https:\/\/www.sonoraenequipo.com.mx\/#\/schema\/logo\/image\/"},"sameAs":["https:\/\/www.facebook.com\/SonoraEE\/","https:\/\/x.com\/sonoraenequipo","https:\/\/www.youtube.com\/channel\/UC338nW-lPEYmJQs4ZABQ1SQ"]},{"@type":"Person","@id":"https:\/\/www.sonoraenequipo.com.mx\/#\/schema\/person\/50102df0fb23a8fa9e8effad8fa81386","name":"enequipo","image":{"@type":"ImageObject","inLanguage":"es","@id":"https:\/\/www.sonoraenequipo.com.mx\/#\/schema\/person\/image\/","url":"https:\/\/secure.gravatar.com\/avatar\/049821681b589dabc0bc20695993ccebb09f5b5d4d790cd9251b97faac7c652b?s=96&d=blank&r=g","contentUrl":"https:\/\/secure.gravatar.com\/avatar\/049821681b589dabc0bc20695993ccebb09f5b5d4d790cd9251b97faac7c652b?s=96&d=blank&r=g","caption":"enequipo"},"sameAs":["https:\/\/www.facebook.com\/SonoraEE"]}]}},"jetpack_featured_media_url":"https:\/\/www.sonoraenequipo.com.mx\/storage\/2024\/09\/papa.jpg","_links":{"self":[{"href":"https:\/\/www.sonoraenequipo.com.mx\/api\/wp\/v2\/posts\/199856","targetHints":{"allow":["GET"]}}],"collection":[{"href":"https:\/\/www.sonoraenequipo.com.mx\/api\/wp\/v2\/posts"}],"about":[{"href":"https:\/\/www.sonoraenequipo.com.mx\/api\/wp\/v2\/types\/post"}],"author":[{"embeddable":true,"href":"https:\/\/www.sonoraenequipo.com.mx\/api\/wp\/v2\/users\/1"}],"replies":[{"embeddable":true,"href":"https:\/\/www.sonoraenequipo.com.mx\/api\/wp\/v2\/comments?post=199856"}],"version-history":[{"count":1,"href":"https:\/\/www.sonoraenequipo.com.mx\/api\/wp\/v2\/posts\/199856\/revisions"}],"predecessor-version":[{"id":199858,"href":"https:\/\/www.sonoraenequipo.com.mx\/api\/wp\/v2\/posts\/199856\/revisions\/199858"}],"wp:featuredmedia":[{"embeddable":true,"href":"https:\/\/www.sonoraenequipo.com.mx\/api\/wp\/v2\/media\/199857"}],"wp:attachment":[{"href":"https:\/\/www.sonoraenequipo.com.mx\/api\/wp\/v2\/media?parent=199856"}],"wp:term":[{"taxonomy":"category","embeddable":true,"href":"https:\/\/www.sonoraenequipo.com.mx\/api\/wp\/v2\/categories?post=199856"},{"taxonomy":"post_tag","embeddable":true,"href":"https:\/\/www.sonoraenequipo.com.mx\/api\/wp\/v2\/tags?post=199856"}],"curies":[{"name":"wp","href":"https:\/\/api.w.org\/{rel}","templated":true}]}}