{"id":199859,"date":"2024-09-25T11:10:00","date_gmt":"2024-09-25T18:10:00","guid":{"rendered":"https:\/\/www.sonoraenequipo.com.mx\/?p=199859"},"modified":"2024-09-25T20:32:01","modified_gmt":"2024-09-26T03:32:01","slug":"participa-sonora-en-segunda-reunion-nacional-de-universidades-tecnologicas-y-politecnicas","status":"publish","type":"post","link":"https:\/\/www.sonoraenequipo.com.mx\/participa-sonora-en-segunda-reunion-nacional-de-universidades-tecnologicas-y-politecnicas\/","title":{"rendered":"Participa Sonora en Segunda Reuni\u00f3n Nacional de Universidades Tecnol\u00f3gicas y Polit\u00e9cnicas"},"content":{"rendered":"<p><strong>CIUDAD DE M\u00c9XICO. MX. \u2014 <\/strong> Rectores de las universidades Tecnol\u00f3gicas de Etchojoa (UTE), de Nogales (UTN), de Puerto Pe\u00f1asco (UTPP), de San Luis R\u00edo Colorado (Utslrc) y del Sur de Sonora (UTS) participan en la Segunda Reuni\u00f3n Nacional de Universidades Tecnol\u00f3gicas y Polit\u00e9cnicas para analizar el nuevo modelo educativo implementado a partir de este mes.<\/p>\n<p>&nbsp;<\/p>\n<p>&nbsp;<\/p>\n<p> <\/p>\n<p>Jos\u00e9 F\u00e9lix G\u00f3mez Anduro, rector de la UTE, indic\u00f3 que dicho modelo se puso en marcha en 191 instituciones del subsistema Tecnol\u00f3gico y Polit\u00e9cnico en M\u00e9xico, como una estrategia federal para fortalecer la educaci\u00f3n universitaria con una visi\u00f3n humanista, apegada a la Nueva Escuela Mexicana (NEM) y a la Ley General de Educaci\u00f3n Superior.<\/p>\n<p>&nbsp;<\/p>\n<p>&nbsp;<\/p>\n<p><img loading=\"lazy\" decoding=\"async\" class=\" x-left\" src=\"https:\/\/www.sonoraenequipo.com.mx\/storage\/2024\/09\/segunda-reunion-nacional-de-Universidades-Tecnologicas-y-Politecnicas2-min.jpg\" alt=\"\" width=\"480\" height=\"320\">En el evento, presidido por la directora general de Universidades Tecnol\u00f3gicas y Polit\u00e9cnicas, Marlenne Johvana Mendoza Gonz\u00e1lez, se abordaron temas como actualizaciones de los planes y programas de estudio, as\u00ed como la implementaci\u00f3n de nuevas modalidades educativas, con el objetivo de elevar la calidad de la formaci\u00f3n profesional que se imparten en estas instituciones.<\/p>\n<p>&nbsp;<\/p>\n<p>&nbsp;<\/p>\n<p>&nbsp;<\/p>\n<p>G\u00f3mez Anduro destac\u00f3 la participaci\u00f3n de la UTE en el desarrollo del nuevo modelo educativo, ya que personal acad\u00e9mico y administrativo de la instituci\u00f3n contribuy\u00f3 en su dise\u00f1o, integrando enfoques innovadores que fomentan un aprendizaje m\u00e1s din\u00e1mico y pertinente para los estudiantes.<\/p>\n<p>&nbsp;<\/p>\n<p>&nbsp;<\/p>\n<p>&nbsp;<\/p>\n<p><em><strong>\u201cSeguiremos fortaleciendo la formaci\u00f3n integral de nuestros estudiantes para enfrentar los retos del mundo laboral, mediante la implementaci\u00f3n efectiva de estrategias que promuevan la excelencia de la educaci\u00f3n tecnol\u00f3gica\u201d,<\/strong><\/em> puntualiz\u00f3 el rector.<\/p>\n<p>&nbsp;<\/p>\n<p>&nbsp;<\/p>\n<p>&nbsp;<\/p>\n<p>PUBLICADO EL 25 DE SEPTIEMBRE DE 2024 Con informaci\u00f3n de GOBSON 0924125)<\/p>\n\n\n<p><\/p>\n","protected":false},"excerpt":{"rendered":"<p>CIUDAD DE M\u00c9XICO. MX. \u2014 Rectores de las universidades Tecnol\u00f3gicas de Etchojoa (UTE), de Nogales&#8230;<\/p>\n","protected":false},"author":1,"featured_media":199864,"comment_status":"open","ping_status":"open","sticky":false,"template":"","format":"standard","meta":{"_monsterinsights_skip_tracking":false,"_monsterinsights_sitenote_active":false,"_monsterinsights_sitenote_note":"","_monsterinsights_sitenote_category":0,"footnotes":""},"categories":[22],"tags":[],"class_list":["post"],"yoast_head":" \n<title>Sonora en Equipo. Participa Sonora en Segunda Reuni\u00f3n Nacional de Universidades Tecnol\u00f3gicas y Polit\u00e9cnicas Sonora<\/title>\n<meta name=\"description\" content=\"CIUDAD DE M\u00c9XICO. MX. \u2014 Rectores de las universidades Tecnol\u00f3gicas de Etchojoa (UTE), de Nogales (UTN), de Puerto Pe\u00f1asco (UTPP), de San Luis R\u00edo Colorado En Sonora en Equipo publicamos toda la informaci\u00f3n de Sonora, M\u00e9xico y el Mundo de manera oportuna y busca que la libertad de expresi\u00f3n sea real. Visita nuestro medio informativo publicado desde Hermosillo, Sonora. %\" \/>\n<meta name=\"robots\" content=\"index, follow, max-snippet:-1, max-image-preview:large, max-video-preview:-1\" \/>\n<link rel=\"canonical\" href=\"https:\/\/www.sonoraenequipo.com.mx\/participa-sonora-en-segunda-reunion-nacional-de-universidades-tecnologicas-y-politecnicas\/\" \/>\n<meta property=\"og:locale\" content=\"es_ES\" \/>\n<meta property=\"og:type\" content=\"article\" \/>\n<meta property=\"og:title\" content=\"Sonora en Equipo. Participa Sonora en Segunda Reuni\u00f3n Nacional de Universidades Tecnol\u00f3gicas y Polit\u00e9cnicas Sonora\" \/>\n<meta property=\"og:description\" content=\"CIUDAD DE M\u00c9XICO. MX. \u2014 Rectores de las universidades Tecnol\u00f3gicas de Etchojoa (UTE), de Nogales (UTN), de Puerto Pe\u00f1asco (UTPP), de San Luis R\u00edo Colorado En Sonora en Equipo publicamos toda la informaci\u00f3n de Sonora, M\u00e9xico y el Mundo de manera oportuna y busca que la libertad de expresi\u00f3n sea real. Visita nuestro medio informativo publicado desde Hermosillo, Sonora. %\" \/>\n<meta property=\"og:url\" content=\"https:\/\/www.sonoraenequipo.com.mx\/participa-sonora-en-segunda-reunion-nacional-de-universidades-tecnologicas-y-politecnicas\/\" \/>\n<meta property=\"og:site_name\" content=\"Sonora en Equipo.\" \/>\n<meta property=\"article:publisher\" content=\"https:\/\/www.facebook.com\/SonoraEE\/\" \/>\n<meta property=\"article:author\" content=\"https:\/\/www.facebook.com\/SonoraEE\" \/>\n<meta property=\"article:published_time\" content=\"2024-09-25T18:10:00+00:00\" \/>\n<meta property=\"article:modified_time\" content=\"2024-09-26T03:32:01+00:00\" \/>\n<meta property=\"og:image\" content=\"https:\/\/www.sonoraenequipo.com.mx\/storage\/2024\/09\/reunion-de-universidades-min.jpg\" \/>\n\t<meta property=\"og:image:width\" content=\"900\" \/>\n\t<meta property=\"og:image:height\" content=\"510\" \/>\n\t<meta property=\"og:image:type\" content=\"image\/jpeg\" \/>\n<meta name=\"author\" content=\"enequipo\" \/>\n<meta name=\"twitter:card\" content=\"summary_large_image\" \/>\n<meta name=\"twitter:creator\" content=\"@sonoraenequipo\" \/>\n<meta name=\"twitter:site\" content=\"@sonoraenequipo\" \/>\n<meta name=\"twitter:label1\" content=\"Escrito por\" \/>\n\t<meta name=\"twitter:data1\" content=\"enequipo\" \/>\n\t<meta name=\"twitter:label2\" content=\"Tiempo de lectura\" \/>\n\t<meta name=\"twitter:data2\" content=\"1 minuto\" \/>\n<script type=\"application\/ld+json\" class=\"yoast-schema-graph\">{\"@context\":\"https:\/\/schema.org\",\"@graph\":[{\"@type\":\"Article\",\"@id\":\"https:\/\/www.sonoraenequipo.com.mx\/participa-sonora-en-segunda-reunion-nacional-de-universidades-tecnologicas-y-politecnicas\/#article\",\"isPartOf\":{\"@id\":\"https:\/\/www.sonoraenequipo.com.mx\/participa-sonora-en-segunda-reunion-nacional-de-universidades-tecnologicas-y-politecnicas\/\"},\"author\":{\"name\":\"enequipo\",\"@id\":\"https:\/\/www.sonoraenequipo.com.mx\/#\/schema\/person\/50102df0fb23a8fa9e8effad8fa81386\"},\"headline\":\"Participa Sonora en Segunda Reuni\u00f3n Nacional de Universidades Tecnol\u00f3gicas y Polit\u00e9cnicas\",\"datePublished\":\"2024-09-25T18:10:00+00:00\",\"dateModified\":\"2024-09-26T03:32:01+00:00\",\"mainEntityOfPage\":{\"@id\":\"https:\/\/www.sonoraenequipo.com.mx\/participa-sonora-en-segunda-reunion-nacional-de-universidades-tecnologicas-y-politecnicas\/\"},\"wordCount\":303,\"commentCount\":0,\"publisher\":{\"@id\":\"https:\/\/www.sonoraenequipo.com.mx\/#organization\"},\"image\":{\"@id\":\"https:\/\/www.sonoraenequipo.com.mx\/participa-sonora-en-segunda-reunion-nacional-de-universidades-tecnologicas-y-politecnicas\/#primaryimage\"},\"thumbnailUrl\":\"https:\/\/www.sonoraenequipo.com.mx\/storage\/2024\/09\/reunion-de-universidades-min.jpg\",\"articleSection\":[\"Sonora\"],\"inLanguage\":\"es\",\"potentialAction\":[{\"@type\":\"CommentAction\",\"name\":\"Comment\",\"target\":[\"https:\/\/www.sonoraenequipo.com.mx\/participa-sonora-en-segunda-reunion-nacional-de-universidades-tecnologicas-y-politecnicas\/#respond\"]}]},{\"@type\":\"WebPage\",\"@id\":\"https:\/\/www.sonoraenequipo.com.mx\/participa-sonora-en-segunda-reunion-nacional-de-universidades-tecnologicas-y-politecnicas\/\",\"url\":\"https:\/\/www.sonoraenequipo.com.mx\/participa-sonora-en-segunda-reunion-nacional-de-universidades-tecnologicas-y-politecnicas\/\",\"name\":\"Sonora en Equipo. Participa Sonora en Segunda Reuni\u00f3n Nacional de Universidades Tecnol\u00f3gicas y Polit\u00e9cnicas Sonora\",\"isPartOf\":{\"@id\":\"https:\/\/www.sonoraenequipo.com.mx\/#website\"},\"primaryImageOfPage\":{\"@id\":\"https:\/\/www.sonoraenequipo.com.mx\/participa-sonora-en-segunda-reunion-nacional-de-universidades-tecnologicas-y-politecnicas\/#primaryimage\"},\"image\":{\"@id\":\"https:\/\/www.sonoraenequipo.com.mx\/participa-sonora-en-segunda-reunion-nacional-de-universidades-tecnologicas-y-politecnicas\/#primaryimage\"},\"thumbnailUrl\":\"https:\/\/www.sonoraenequipo.com.mx\/storage\/2024\/09\/reunion-de-universidades-min.jpg\",\"datePublished\":\"2024-09-25T18:10:00+00:00\",\"dateModified\":\"2024-09-26T03:32:01+00:00\",\"description\":\"CIUDAD DE M\u00c9XICO. MX. \u2014 Rectores de las universidades Tecnol\u00f3gicas de Etchojoa (UTE), de Nogales (UTN), de Puerto Pe\u00f1asco (UTPP), de San Luis R\u00edo Colorado En Sonora en Equipo publicamos toda la informaci\u00f3n de Sonora, M\u00e9xico y el Mundo de manera oportuna y busca que la libertad de expresi\u00f3n sea real. Visita nuestro medio informativo publicado desde Hermosillo, Sonora. %\",\"breadcrumb\":{\"@id\":\"https:\/\/www.sonoraenequipo.com.mx\/participa-sonora-en-segunda-reunion-nacional-de-universidades-tecnologicas-y-politecnicas\/#breadcrumb\"},\"inLanguage\":\"es\",\"potentialAction\":[{\"@type\":\"ReadAction\",\"target\":[\"https:\/\/www.sonoraenequipo.com.mx\/participa-sonora-en-segunda-reunion-nacional-de-universidades-tecnologicas-y-politecnicas\/\"]}]},{\"@type\":\"ImageObject\",\"inLanguage\":\"es\",\"@id\":\"https:\/\/www.sonoraenequipo.com.mx\/participa-sonora-en-segunda-reunion-nacional-de-universidades-tecnologicas-y-politecnicas\/#primaryimage\",\"url\":\"https:\/\/www.sonoraenequipo.com.mx\/storage\/2024\/09\/reunion-de-universidades-min.jpg\",\"contentUrl\":\"https:\/\/www.sonoraenequipo.com.mx\/storage\/2024\/09\/reunion-de-universidades-min.jpg\",\"width\":900,\"height\":510},{\"@type\":\"BreadcrumbList\",\"@id\":\"https:\/\/www.sonoraenequipo.com.mx\/participa-sonora-en-segunda-reunion-nacional-de-universidades-tecnologicas-y-politecnicas\/#breadcrumb\",\"itemListElement\":[{\"@type\":\"ListItem\",\"position\":1,\"name\":\"Portada\",\"item\":\"https:\/\/www.sonoraenequipo.com.mx\/\"},{\"@type\":\"ListItem\",\"position\":2,\"name\":\"Participa Sonora en Segunda Reuni\u00f3n Nacional de Universidades Tecnol\u00f3gicas y Polit\u00e9cnicas\"}]},{\"@type\":\"WebSite\",\"@id\":\"https:\/\/www.sonoraenequipo.com.mx\/#website\",\"url\":\"https:\/\/www.sonoraenequipo.com.mx\/\",\"name\":\"Sonora en Equipo.\",\"description\":\"Diario en l\u00ednea con Noticias desde Hermosillo, Sonora\",\"publisher\":{\"@id\":\"https:\/\/www.sonoraenequipo.com.mx\/#organization\"},\"potentialAction\":[{\"@type\":\"SearchAction\",\"target\":{\"@type\":\"EntryPoint\",\"urlTemplate\":\"https:\/\/www.sonoraenequipo.com.mx\/?s={search_term_string}\"},\"query-input\":{\"@type\":\"PropertyValueSpecification\",\"valueRequired\":true,\"valueName\":\"search_term_string\"}}],\"inLanguage\":\"es\"},{\"@type\":\"Organization\",\"@id\":\"https:\/\/www.sonoraenequipo.com.mx\/#organization\",\"name\":\"Sonoraenequipo.com.mx\",\"url\":\"https:\/\/www.sonoraenequipo.com.mx\/\",\"logo\":{\"@type\":\"ImageObject\",\"inLanguage\":\"es\",\"@id\":\"https:\/\/www.sonoraenequipo.com.mx\/#\/schema\/logo\/image\/\",\"url\":\"https:\/\/www.sonoraenequipo.com.mx\/storage\/2019\/01\/sonoraenequipo_opt.png\",\"contentUrl\":\"https:\/\/www.sonoraenequipo.com.mx\/storage\/2019\/01\/sonoraenequipo_opt.png\",\"width\":375,\"height\":125,\"caption\":\"Sonoraenequipo.com.mx\"},\"image\":{\"@id\":\"https:\/\/www.sonoraenequipo.com.mx\/#\/schema\/logo\/image\/\"},\"sameAs\":[\"https:\/\/www.facebook.com\/SonoraEE\/\",\"https:\/\/x.com\/sonoraenequipo\",\"https:\/\/www.youtube.com\/channel\/UC338nW-lPEYmJQs4ZABQ1SQ\"]},{\"@type\":\"Person\",\"@id\":\"https:\/\/www.sonoraenequipo.com.mx\/#\/schema\/person\/50102df0fb23a8fa9e8effad8fa81386\",\"name\":\"enequipo\",\"image\":{\"@type\":\"ImageObject\",\"inLanguage\":\"es\",\"@id\":\"https:\/\/www.sonoraenequipo.com.mx\/#\/schema\/person\/image\/\",\"url\":\"https:\/\/secure.gravatar.com\/avatar\/049821681b589dabc0bc20695993ccebb09f5b5d4d790cd9251b97faac7c652b?s=96&d=blank&r=g\",\"contentUrl\":\"https:\/\/secure.gravatar.com\/avatar\/049821681b589dabc0bc20695993ccebb09f5b5d4d790cd9251b97faac7c652b?s=96&d=blank&r=g\",\"caption\":\"enequipo\"},\"sameAs\":[\"https:\/\/www.facebook.com\/SonoraEE\"]}]}<\/script>\n ","yoast_head_json":{"title":"Sonora en Equipo. Participa Sonora en Segunda Reuni\u00f3n Nacional de Universidades Tecnol\u00f3gicas y Polit\u00e9cnicas Sonora","description":"CIUDAD DE M\u00c9XICO. MX. \u2014 Rectores de las universidades Tecnol\u00f3gicas de Etchojoa (UTE), de Nogales (UTN), de Puerto Pe\u00f1asco (UTPP), de San Luis R\u00edo Colorado En Sonora en Equipo publicamos toda la informaci\u00f3n de Sonora, M\u00e9xico y el Mundo de manera oportuna y busca que la libertad de expresi\u00f3n sea real. Visita nuestro medio informativo publicado desde Hermosillo, Sonora. %","robots":{"index":"index","follow":"follow","max-snippet":"max-snippet:-1","max-image-preview":"max-image-preview:large","max-video-preview":"max-video-preview:-1"},"canonical":"https:\/\/www.sonoraenequipo.com.mx\/participa-sonora-en-segunda-reunion-nacional-de-universidades-tecnologicas-y-politecnicas\/","og_locale":"es_ES","og_type":"article","og_title":"Sonora en Equipo. Participa Sonora en Segunda Reuni\u00f3n Nacional de Universidades Tecnol\u00f3gicas y Polit\u00e9cnicas Sonora","og_description":"CIUDAD DE M\u00c9XICO. MX. \u2014 Rectores de las universidades Tecnol\u00f3gicas de Etchojoa (UTE), de Nogales (UTN), de Puerto Pe\u00f1asco (UTPP), de San Luis R\u00edo Colorado En Sonora en Equipo publicamos toda la informaci\u00f3n de Sonora, M\u00e9xico y el Mundo de manera oportuna y busca que la libertad de expresi\u00f3n sea real. Visita nuestro medio informativo publicado desde Hermosillo, Sonora. %","og_url":"https:\/\/www.sonoraenequipo.com.mx\/participa-sonora-en-segunda-reunion-nacional-de-universidades-tecnologicas-y-politecnicas\/","og_site_name":"Sonora en Equipo.","article_publisher":"https:\/\/www.facebook.com\/SonoraEE\/","article_author":"https:\/\/www.facebook.com\/SonoraEE","article_published_time":"2024-09-25T18:10:00+00:00","article_modified_time":"2024-09-26T03:32:01+00:00","og_image":[{"width":900,"height":510,"url":"https:\/\/www.sonoraenequipo.com.mx\/storage\/2024\/09\/reunion-de-universidades-min.jpg","type":"image\/jpeg"}],"author":"enequipo","twitter_card":"summary_large_image","twitter_creator":"@sonoraenequipo","twitter_site":"@sonoraenequipo","twitter_misc":{"Escrito por":"enequipo","Tiempo de lectura":"1 minuto"},"schema":{"@context":"https:\/\/schema.org","@graph":[{"@type":"Article","@id":"https:\/\/www.sonoraenequipo.com.mx\/participa-sonora-en-segunda-reunion-nacional-de-universidades-tecnologicas-y-politecnicas\/#article","isPartOf":{"@id":"https:\/\/www.sonoraenequipo.com.mx\/participa-sonora-en-segunda-reunion-nacional-de-universidades-tecnologicas-y-politecnicas\/"},"author":{"name":"enequipo","@id":"https:\/\/www.sonoraenequipo.com.mx\/#\/schema\/person\/50102df0fb23a8fa9e8effad8fa81386"},"headline":"Participa Sonora en Segunda Reuni\u00f3n Nacional de Universidades Tecnol\u00f3gicas y Polit\u00e9cnicas","datePublished":"2024-09-25T18:10:00+00:00","dateModified":"2024-09-26T03:32:01+00:00","mainEntityOfPage":{"@id":"https:\/\/www.sonoraenequipo.com.mx\/participa-sonora-en-segunda-reunion-nacional-de-universidades-tecnologicas-y-politecnicas\/"},"wordCount":303,"commentCount":0,"publisher":{"@id":"https:\/\/www.sonoraenequipo.com.mx\/#organization"},"image":{"@id":"https:\/\/www.sonoraenequipo.com.mx\/participa-sonora-en-segunda-reunion-nacional-de-universidades-tecnologicas-y-politecnicas\/#primaryimage"},"thumbnailUrl":"https:\/\/www.sonoraenequipo.com.mx\/storage\/2024\/09\/reunion-de-universidades-min.jpg","articleSection":["Sonora"],"inLanguage":"es","potentialAction":[{"@type":"CommentAction","name":"Comment","target":["https:\/\/www.sonoraenequipo.com.mx\/participa-sonora-en-segunda-reunion-nacional-de-universidades-tecnologicas-y-politecnicas\/#respond"]}]},{"@type":"WebPage","@id":"https:\/\/www.sonoraenequipo.com.mx\/participa-sonora-en-segunda-reunion-nacional-de-universidades-tecnologicas-y-politecnicas\/","url":"https:\/\/www.sonoraenequipo.com.mx\/participa-sonora-en-segunda-reunion-nacional-de-universidades-tecnologicas-y-politecnicas\/","name":"Sonora en Equipo. Participa Sonora en Segunda Reuni\u00f3n Nacional de Universidades Tecnol\u00f3gicas y Polit\u00e9cnicas Sonora","isPartOf":{"@id":"https:\/\/www.sonoraenequipo.com.mx\/#website"},"primaryImageOfPage":{"@id":"https:\/\/www.sonoraenequipo.com.mx\/participa-sonora-en-segunda-reunion-nacional-de-universidades-tecnologicas-y-politecnicas\/#primaryimage"},"image":{"@id":"https:\/\/www.sonoraenequipo.com.mx\/participa-sonora-en-segunda-reunion-nacional-de-universidades-tecnologicas-y-politecnicas\/#primaryimage"},"thumbnailUrl":"https:\/\/www.sonoraenequipo.com.mx\/storage\/2024\/09\/reunion-de-universidades-min.jpg","datePublished":"2024-09-25T18:10:00+00:00","dateModified":"2024-09-26T03:32:01+00:00","description":"CIUDAD DE M\u00c9XICO. MX. \u2014 Rectores de las universidades Tecnol\u00f3gicas de Etchojoa (UTE), de Nogales (UTN), de Puerto Pe\u00f1asco (UTPP), de San Luis R\u00edo Colorado En Sonora en Equipo publicamos toda la informaci\u00f3n de Sonora, M\u00e9xico y el Mundo de manera oportuna y busca que la libertad de expresi\u00f3n sea real. Visita nuestro medio informativo publicado desde Hermosillo, Sonora. %","breadcrumb":{"@id":"https:\/\/www.sonoraenequipo.com.mx\/participa-sonora-en-segunda-reunion-nacional-de-universidades-tecnologicas-y-politecnicas\/#breadcrumb"},"inLanguage":"es","potentialAction":[{"@type":"ReadAction","target":["https:\/\/www.sonoraenequipo.com.mx\/participa-sonora-en-segunda-reunion-nacional-de-universidades-tecnologicas-y-politecnicas\/"]}]},{"@type":"ImageObject","inLanguage":"es","@id":"https:\/\/www.sonoraenequipo.com.mx\/participa-sonora-en-segunda-reunion-nacional-de-universidades-tecnologicas-y-politecnicas\/#primaryimage","url":"https:\/\/www.sonoraenequipo.com.mx\/storage\/2024\/09\/reunion-de-universidades-min.jpg","contentUrl":"https:\/\/www.sonoraenequipo.com.mx\/storage\/2024\/09\/reunion-de-universidades-min.jpg","width":900,"height":510},{"@type":"BreadcrumbList","@id":"https:\/\/www.sonoraenequipo.com.mx\/participa-sonora-en-segunda-reunion-nacional-de-universidades-tecnologicas-y-politecnicas\/#breadcrumb","itemListElement":[{"@type":"ListItem","position":1,"name":"Portada","item":"https:\/\/www.sonoraenequipo.com.mx\/"},{"@type":"ListItem","position":2,"name":"Participa Sonora en Segunda Reuni\u00f3n Nacional de Universidades Tecnol\u00f3gicas y Polit\u00e9cnicas"}]},{"@type":"WebSite","@id":"https:\/\/www.sonoraenequipo.com.mx\/#website","url":"https:\/\/www.sonoraenequipo.com.mx\/","name":"Sonora en Equipo.","description":"Diario en l\u00ednea con Noticias desde Hermosillo, Sonora","publisher":{"@id":"https:\/\/www.sonoraenequipo.com.mx\/#organization"},"potentialAction":[{"@type":"SearchAction","target":{"@type":"EntryPoint","urlTemplate":"https:\/\/www.sonoraenequipo.com.mx\/?s={search_term_string}"},"query-input":{"@type":"PropertyValueSpecification","valueRequired":true,"valueName":"search_term_string"}}],"inLanguage":"es"},{"@type":"Organization","@id":"https:\/\/www.sonoraenequipo.com.mx\/#organization","name":"Sonoraenequipo.com.mx","url":"https:\/\/www.sonoraenequipo.com.mx\/","logo":{"@type":"ImageObject","inLanguage":"es","@id":"https:\/\/www.sonoraenequipo.com.mx\/#\/schema\/logo\/image\/","url":"https:\/\/www.sonoraenequipo.com.mx\/storage\/2019\/01\/sonoraenequipo_opt.png","contentUrl":"https:\/\/www.sonoraenequipo.com.mx\/storage\/2019\/01\/sonoraenequipo_opt.png","width":375,"height":125,"caption":"Sonoraenequipo.com.mx"},"image":{"@id":"https:\/\/www.sonoraenequipo.com.mx\/#\/schema\/logo\/image\/"},"sameAs":["https:\/\/www.facebook.com\/SonoraEE\/","https:\/\/x.com\/sonoraenequipo","https:\/\/www.youtube.com\/channel\/UC338nW-lPEYmJQs4ZABQ1SQ"]},{"@type":"Person","@id":"https:\/\/www.sonoraenequipo.com.mx\/#\/schema\/person\/50102df0fb23a8fa9e8effad8fa81386","name":"enequipo","image":{"@type":"ImageObject","inLanguage":"es","@id":"https:\/\/www.sonoraenequipo.com.mx\/#\/schema\/person\/image\/","url":"https:\/\/secure.gravatar.com\/avatar\/049821681b589dabc0bc20695993ccebb09f5b5d4d790cd9251b97faac7c652b?s=96&d=blank&r=g","contentUrl":"https:\/\/secure.gravatar.com\/avatar\/049821681b589dabc0bc20695993ccebb09f5b5d4d790cd9251b97faac7c652b?s=96&d=blank&r=g","caption":"enequipo"},"sameAs":["https:\/\/www.facebook.com\/SonoraEE"]}]}},"jetpack_featured_media_url":"https:\/\/www.sonoraenequipo.com.mx\/storage\/2024\/09\/reunion-de-universidades-min.jpg","_links":{"self":[{"href":"https:\/\/www.sonoraenequipo.com.mx\/api\/wp\/v2\/posts\/199859","targetHints":{"allow":["GET"]}}],"collection":[{"href":"https:\/\/www.sonoraenequipo.com.mx\/api\/wp\/v2\/posts"}],"about":[{"href":"https:\/\/www.sonoraenequipo.com.mx\/api\/wp\/v2\/types\/post"}],"author":[{"embeddable":true,"href":"https:\/\/www.sonoraenequipo.com.mx\/api\/wp\/v2\/users\/1"}],"replies":[{"embeddable":true,"href":"https:\/\/www.sonoraenequipo.com.mx\/api\/wp\/v2\/comments?post=199859"}],"version-history":[{"count":2,"href":"https:\/\/www.sonoraenequipo.com.mx\/api\/wp\/v2\/posts\/199859\/revisions"}],"predecessor-version":[{"id":199895,"href":"https:\/\/www.sonoraenequipo.com.mx\/api\/wp\/v2\/posts\/199859\/revisions\/199895"}],"wp:featuredmedia":[{"embeddable":true,"href":"https:\/\/www.sonoraenequipo.com.mx\/api\/wp\/v2\/media\/199864"}],"wp:attachment":[{"href":"https:\/\/www.sonoraenequipo.com.mx\/api\/wp\/v2\/media?parent=199859"}],"wp:term":[{"taxonomy":"category","embeddable":true,"href":"https:\/\/www.sonoraenequipo.com.mx\/api\/wp\/v2\/categories?post=199859"},{"taxonomy":"post_tag","embeddable":true,"href":"https:\/\/www.sonoraenequipo.com.mx\/api\/wp\/v2\/tags?post=199859"}],"curies":[{"name":"wp","href":"https:\/\/api.w.org\/{rel}","templated":true}]}}