{"id":200091,"date":"2024-09-27T20:39:00","date_gmt":"2024-09-28T03:39:00","guid":{"rendered":"https:\/\/www.sonoraenequipo.com.mx\/?p=200091"},"modified":"2024-09-27T18:34:19","modified_gmt":"2024-09-28T01:34:19","slug":"las-nuevas-rutas-aereas-en-el-sur-de-sonora-dan-fortaleza-al-turismo","status":"publish","type":"post","link":"https:\/\/www.sonoraenequipo.com.mx\/las-nuevas-rutas-aereas-en-el-sur-de-sonora-dan-fortaleza-al-turismo\/","title":{"rendered":"Las nuevas rutas a\u00e9reas en el sur de Sonora dan fortaleza al turismo"},"content":{"rendered":"<p><strong>HERMOSILLO, SONORA. MX. \u2014<\/strong> Mediante acciones estrat\u00e9gicas y coordinadas como la conectividad de cuatro nuevas rutas a\u00e9reas en Ciudad Obreg\u00f3n, el turismo toma impulso en el sur del estado, sostuvo Roberto Gradillas Pineda<\/p>\n<p>&nbsp;<\/p>\n<p>&nbsp;<\/p>\n<p> <\/p>\n<p>El secretario de turismo estatal se\u00f1al\u00f3 que, en alianza con los Touroperadores de Ciudad Obreg\u00f3n, se busca generar un beneficio econ\u00f3mico para los municipios y localidades del sur.<\/p>\n<p>&nbsp;<\/p>\n<p>&nbsp;<\/p>\n<p>&nbsp;<\/p>\n<p><em><strong>\u201cLa verdad es que el sur de Sonora es precioso y ayer me reun\u00ed con los touroperadores de Ciudad Obreg\u00f3n y con el presidente de los Gu\u00edas de Turismo, Antonio Galicia de todo el estado y eso es porque estamos buscando fortalecer e impulsar el sur de Sonora para que la actividad econ\u00f3mica genere beneficios, ya lo estamos haciendo con el instrumento m\u00e1s importante, que es la conectividad a\u00e9rea\u201d<\/strong><\/em>, detall\u00f3 el funcionario estatal.<\/p>\n<p>&nbsp;<\/p>\n<p>&nbsp;<\/p>\n<p>&nbsp;<\/p>\n<p>Roberto Gradillas destac\u00f3 los atractivos tur\u00edsticos del sur de Sonora, como el Museo de Mar\u00eda F\u00e9lix en \u00c1lamos, el turismo deportivo en Navojoa, las playas de Huatabampo, el turismo de negocios de Ciudad Obreg\u00f3n y el pueblo de C\u00f3corit.<\/p>\n<p>&nbsp;<\/p>\n<p>&nbsp;<\/p>\n<p>En el marco del D\u00eda Mundial del Turismo que se conmemora cada 27 de septiembre, Roberto Gradillas Pineda, celebr\u00f3 que M\u00e9xico se ubique entre los diez pa\u00edses m\u00e1s visitados mundialmente, con Sonora como fundamental de su crecimiento tur\u00edstico<\/p>\n<p>&nbsp;<\/p>\n<p>&nbsp;<\/p>\n<p>PUBLICADO EL 27 SEPTIEMBRE DE 2024 Con informaci\u00f3n de GOBS SON)<\/p>\n","protected":false},"excerpt":{"rendered":"<p>HERMOSILLO, SONORA. MX. \u2014 Mediante acciones estrat\u00e9gicas y coordinadas como la conectividad de cuatro nuevas&#8230;<\/p>\n","protected":false},"author":1,"featured_media":200092,"comment_status":"open","ping_status":"open","sticky":false,"template":"","format":"standard","meta":{"_monsterinsights_skip_tracking":false,"_monsterinsights_sitenote_active":false,"_monsterinsights_sitenote_note":"","_monsterinsights_sitenote_category":0,"footnotes":""},"categories":[22],"tags":[],"class_list":["post"],"yoast_head":" \n<title>Sonora en Equipo. Las nuevas rutas a\u00e9reas en el sur de Sonora dan fortaleza al turismo Sonora<\/title>\n<meta name=\"description\" content=\"HERMOSILLO, SONORA. MX. \u2014 Mediante acciones estrat\u00e9gicas y coordinadas como la conectividad de cuatro nuevas rutas a\u00e9reas en Ciudad Obreg\u00f3n, el turismo En Sonora en Equipo publicamos toda la informaci\u00f3n de Sonora, M\u00e9xico y el Mundo de manera oportuna y busca que la libertad de expresi\u00f3n sea real. Visita nuestro medio informativo publicado desde Hermosillo, Sonora. %\" \/>\n<meta name=\"robots\" content=\"index, follow, max-snippet:-1, max-image-preview:large, max-video-preview:-1\" \/>\n<link rel=\"canonical\" href=\"https:\/\/www.sonoraenequipo.com.mx\/las-nuevas-rutas-aereas-en-el-sur-de-sonora-dan-fortaleza-al-turismo\/\" \/>\n<meta property=\"og:locale\" content=\"es_ES\" \/>\n<meta property=\"og:type\" content=\"article\" \/>\n<meta property=\"og:title\" content=\"Sonora en Equipo. Las nuevas rutas a\u00e9reas en el sur de Sonora dan fortaleza al turismo Sonora\" \/>\n<meta property=\"og:description\" content=\"HERMOSILLO, SONORA. MX. \u2014 Mediante acciones estrat\u00e9gicas y coordinadas como la conectividad de cuatro nuevas rutas a\u00e9reas en Ciudad Obreg\u00f3n, el turismo En Sonora en Equipo publicamos toda la informaci\u00f3n de Sonora, M\u00e9xico y el Mundo de manera oportuna y busca que la libertad de expresi\u00f3n sea real. Visita nuestro medio informativo publicado desde Hermosillo, Sonora. %\" \/>\n<meta property=\"og:url\" content=\"https:\/\/www.sonoraenequipo.com.mx\/las-nuevas-rutas-aereas-en-el-sur-de-sonora-dan-fortaleza-al-turismo\/\" \/>\n<meta property=\"og:site_name\" content=\"Sonora en Equipo.\" \/>\n<meta property=\"article:publisher\" content=\"https:\/\/www.facebook.com\/SonoraEE\/\" \/>\n<meta property=\"article:author\" content=\"https:\/\/www.facebook.com\/SonoraEE\" \/>\n<meta property=\"article:published_time\" content=\"2024-09-28T03:39:00+00:00\" \/>\n<meta property=\"og:image\" content=\"https:\/\/www.sonoraenequipo.com.mx\/storage\/2024\/09\/turismo-en-el-sur-de-sonora-min.jpg\" \/>\n\t<meta property=\"og:image:width\" content=\"900\" \/>\n\t<meta property=\"og:image:height\" content=\"541\" \/>\n\t<meta property=\"og:image:type\" content=\"image\/jpeg\" \/>\n<meta name=\"author\" content=\"enequipo\" \/>\n<meta name=\"twitter:card\" content=\"summary_large_image\" \/>\n<meta name=\"twitter:creator\" content=\"@sonoraenequipo\" \/>\n<meta name=\"twitter:site\" content=\"@sonoraenequipo\" \/>\n<meta name=\"twitter:label1\" content=\"Escrito por\" \/>\n\t<meta name=\"twitter:data1\" content=\"enequipo\" \/>\n\t<meta name=\"twitter:label2\" content=\"Tiempo de lectura\" \/>\n\t<meta name=\"twitter:data2\" content=\"1 minuto\" \/>\n<script type=\"application\/ld+json\" class=\"yoast-schema-graph\">{\"@context\":\"https:\/\/schema.org\",\"@graph\":[{\"@type\":\"Article\",\"@id\":\"https:\/\/www.sonoraenequipo.com.mx\/las-nuevas-rutas-aereas-en-el-sur-de-sonora-dan-fortaleza-al-turismo\/#article\",\"isPartOf\":{\"@id\":\"https:\/\/www.sonoraenequipo.com.mx\/las-nuevas-rutas-aereas-en-el-sur-de-sonora-dan-fortaleza-al-turismo\/\"},\"author\":{\"name\":\"enequipo\",\"@id\":\"https:\/\/www.sonoraenequipo.com.mx\/#\/schema\/person\/50102df0fb23a8fa9e8effad8fa81386\"},\"headline\":\"Las nuevas rutas a\u00e9reas en el sur de Sonora dan fortaleza al turismo\",\"datePublished\":\"2024-09-28T03:39:00+00:00\",\"mainEntityOfPage\":{\"@id\":\"https:\/\/www.sonoraenequipo.com.mx\/las-nuevas-rutas-aereas-en-el-sur-de-sonora-dan-fortaleza-al-turismo\/\"},\"wordCount\":266,\"commentCount\":0,\"publisher\":{\"@id\":\"https:\/\/www.sonoraenequipo.com.mx\/#organization\"},\"image\":{\"@id\":\"https:\/\/www.sonoraenequipo.com.mx\/las-nuevas-rutas-aereas-en-el-sur-de-sonora-dan-fortaleza-al-turismo\/#primaryimage\"},\"thumbnailUrl\":\"https:\/\/www.sonoraenequipo.com.mx\/storage\/2024\/09\/turismo-en-el-sur-de-sonora-min.jpg\",\"articleSection\":[\"Sonora\"],\"inLanguage\":\"es\",\"potentialAction\":[{\"@type\":\"CommentAction\",\"name\":\"Comment\",\"target\":[\"https:\/\/www.sonoraenequipo.com.mx\/las-nuevas-rutas-aereas-en-el-sur-de-sonora-dan-fortaleza-al-turismo\/#respond\"]}]},{\"@type\":\"WebPage\",\"@id\":\"https:\/\/www.sonoraenequipo.com.mx\/las-nuevas-rutas-aereas-en-el-sur-de-sonora-dan-fortaleza-al-turismo\/\",\"url\":\"https:\/\/www.sonoraenequipo.com.mx\/las-nuevas-rutas-aereas-en-el-sur-de-sonora-dan-fortaleza-al-turismo\/\",\"name\":\"Sonora en Equipo. Las nuevas rutas a\u00e9reas en el sur de Sonora dan fortaleza al turismo Sonora\",\"isPartOf\":{\"@id\":\"https:\/\/www.sonoraenequipo.com.mx\/#website\"},\"primaryImageOfPage\":{\"@id\":\"https:\/\/www.sonoraenequipo.com.mx\/las-nuevas-rutas-aereas-en-el-sur-de-sonora-dan-fortaleza-al-turismo\/#primaryimage\"},\"image\":{\"@id\":\"https:\/\/www.sonoraenequipo.com.mx\/las-nuevas-rutas-aereas-en-el-sur-de-sonora-dan-fortaleza-al-turismo\/#primaryimage\"},\"thumbnailUrl\":\"https:\/\/www.sonoraenequipo.com.mx\/storage\/2024\/09\/turismo-en-el-sur-de-sonora-min.jpg\",\"datePublished\":\"2024-09-28T03:39:00+00:00\",\"description\":\"HERMOSILLO, SONORA. MX. \u2014 Mediante acciones estrat\u00e9gicas y coordinadas como la conectividad de cuatro nuevas rutas a\u00e9reas en Ciudad Obreg\u00f3n, el turismo En Sonora en Equipo publicamos toda la informaci\u00f3n de Sonora, M\u00e9xico y el Mundo de manera oportuna y busca que la libertad de expresi\u00f3n sea real. Visita nuestro medio informativo publicado desde Hermosillo, Sonora. %\",\"breadcrumb\":{\"@id\":\"https:\/\/www.sonoraenequipo.com.mx\/las-nuevas-rutas-aereas-en-el-sur-de-sonora-dan-fortaleza-al-turismo\/#breadcrumb\"},\"inLanguage\":\"es\",\"potentialAction\":[{\"@type\":\"ReadAction\",\"target\":[\"https:\/\/www.sonoraenequipo.com.mx\/las-nuevas-rutas-aereas-en-el-sur-de-sonora-dan-fortaleza-al-turismo\/\"]}]},{\"@type\":\"ImageObject\",\"inLanguage\":\"es\",\"@id\":\"https:\/\/www.sonoraenequipo.com.mx\/las-nuevas-rutas-aereas-en-el-sur-de-sonora-dan-fortaleza-al-turismo\/#primaryimage\",\"url\":\"https:\/\/www.sonoraenequipo.com.mx\/storage\/2024\/09\/turismo-en-el-sur-de-sonora-min.jpg\",\"contentUrl\":\"https:\/\/www.sonoraenequipo.com.mx\/storage\/2024\/09\/turismo-en-el-sur-de-sonora-min.jpg\",\"width\":900,\"height\":541},{\"@type\":\"BreadcrumbList\",\"@id\":\"https:\/\/www.sonoraenequipo.com.mx\/las-nuevas-rutas-aereas-en-el-sur-de-sonora-dan-fortaleza-al-turismo\/#breadcrumb\",\"itemListElement\":[{\"@type\":\"ListItem\",\"position\":1,\"name\":\"Portada\",\"item\":\"https:\/\/www.sonoraenequipo.com.mx\/\"},{\"@type\":\"ListItem\",\"position\":2,\"name\":\"Las nuevas rutas a\u00e9reas en el sur de Sonora dan fortaleza al turismo\"}]},{\"@type\":\"WebSite\",\"@id\":\"https:\/\/www.sonoraenequipo.com.mx\/#website\",\"url\":\"https:\/\/www.sonoraenequipo.com.mx\/\",\"name\":\"Sonora en Equipo.\",\"description\":\"Diario en l\u00ednea con Noticias desde Hermosillo, Sonora\",\"publisher\":{\"@id\":\"https:\/\/www.sonoraenequipo.com.mx\/#organization\"},\"potentialAction\":[{\"@type\":\"SearchAction\",\"target\":{\"@type\":\"EntryPoint\",\"urlTemplate\":\"https:\/\/www.sonoraenequipo.com.mx\/?s={search_term_string}\"},\"query-input\":{\"@type\":\"PropertyValueSpecification\",\"valueRequired\":true,\"valueName\":\"search_term_string\"}}],\"inLanguage\":\"es\"},{\"@type\":\"Organization\",\"@id\":\"https:\/\/www.sonoraenequipo.com.mx\/#organization\",\"name\":\"Sonoraenequipo.com.mx\",\"url\":\"https:\/\/www.sonoraenequipo.com.mx\/\",\"logo\":{\"@type\":\"ImageObject\",\"inLanguage\":\"es\",\"@id\":\"https:\/\/www.sonoraenequipo.com.mx\/#\/schema\/logo\/image\/\",\"url\":\"https:\/\/www.sonoraenequipo.com.mx\/storage\/2019\/01\/sonoraenequipo_opt.png\",\"contentUrl\":\"https:\/\/www.sonoraenequipo.com.mx\/storage\/2019\/01\/sonoraenequipo_opt.png\",\"width\":375,\"height\":125,\"caption\":\"Sonoraenequipo.com.mx\"},\"image\":{\"@id\":\"https:\/\/www.sonoraenequipo.com.mx\/#\/schema\/logo\/image\/\"},\"sameAs\":[\"https:\/\/www.facebook.com\/SonoraEE\/\",\"https:\/\/x.com\/sonoraenequipo\",\"https:\/\/www.youtube.com\/channel\/UC338nW-lPEYmJQs4ZABQ1SQ\"]},{\"@type\":\"Person\",\"@id\":\"https:\/\/www.sonoraenequipo.com.mx\/#\/schema\/person\/50102df0fb23a8fa9e8effad8fa81386\",\"name\":\"enequipo\",\"image\":{\"@type\":\"ImageObject\",\"inLanguage\":\"es\",\"@id\":\"https:\/\/www.sonoraenequipo.com.mx\/#\/schema\/person\/image\/\",\"url\":\"https:\/\/secure.gravatar.com\/avatar\/049821681b589dabc0bc20695993ccebb09f5b5d4d790cd9251b97faac7c652b?s=96&d=blank&r=g\",\"contentUrl\":\"https:\/\/secure.gravatar.com\/avatar\/049821681b589dabc0bc20695993ccebb09f5b5d4d790cd9251b97faac7c652b?s=96&d=blank&r=g\",\"caption\":\"enequipo\"},\"sameAs\":[\"https:\/\/www.facebook.com\/SonoraEE\"]}]}<\/script>\n ","yoast_head_json":{"title":"Sonora en Equipo. Las nuevas rutas a\u00e9reas en el sur de Sonora dan fortaleza al turismo Sonora","description":"HERMOSILLO, SONORA. MX. \u2014 Mediante acciones estrat\u00e9gicas y coordinadas como la conectividad de cuatro nuevas rutas a\u00e9reas en Ciudad Obreg\u00f3n, el turismo En Sonora en Equipo publicamos toda la informaci\u00f3n de Sonora, M\u00e9xico y el Mundo de manera oportuna y busca que la libertad de expresi\u00f3n sea real. Visita nuestro medio informativo publicado desde Hermosillo, Sonora. %","robots":{"index":"index","follow":"follow","max-snippet":"max-snippet:-1","max-image-preview":"max-image-preview:large","max-video-preview":"max-video-preview:-1"},"canonical":"https:\/\/www.sonoraenequipo.com.mx\/las-nuevas-rutas-aereas-en-el-sur-de-sonora-dan-fortaleza-al-turismo\/","og_locale":"es_ES","og_type":"article","og_title":"Sonora en Equipo. Las nuevas rutas a\u00e9reas en el sur de Sonora dan fortaleza al turismo Sonora","og_description":"HERMOSILLO, SONORA. MX. \u2014 Mediante acciones estrat\u00e9gicas y coordinadas como la conectividad de cuatro nuevas rutas a\u00e9reas en Ciudad Obreg\u00f3n, el turismo En Sonora en Equipo publicamos toda la informaci\u00f3n de Sonora, M\u00e9xico y el Mundo de manera oportuna y busca que la libertad de expresi\u00f3n sea real. Visita nuestro medio informativo publicado desde Hermosillo, Sonora. %","og_url":"https:\/\/www.sonoraenequipo.com.mx\/las-nuevas-rutas-aereas-en-el-sur-de-sonora-dan-fortaleza-al-turismo\/","og_site_name":"Sonora en Equipo.","article_publisher":"https:\/\/www.facebook.com\/SonoraEE\/","article_author":"https:\/\/www.facebook.com\/SonoraEE","article_published_time":"2024-09-28T03:39:00+00:00","og_image":[{"width":900,"height":541,"url":"https:\/\/www.sonoraenequipo.com.mx\/storage\/2024\/09\/turismo-en-el-sur-de-sonora-min.jpg","type":"image\/jpeg"}],"author":"enequipo","twitter_card":"summary_large_image","twitter_creator":"@sonoraenequipo","twitter_site":"@sonoraenequipo","twitter_misc":{"Escrito por":"enequipo","Tiempo de lectura":"1 minuto"},"schema":{"@context":"https:\/\/schema.org","@graph":[{"@type":"Article","@id":"https:\/\/www.sonoraenequipo.com.mx\/las-nuevas-rutas-aereas-en-el-sur-de-sonora-dan-fortaleza-al-turismo\/#article","isPartOf":{"@id":"https:\/\/www.sonoraenequipo.com.mx\/las-nuevas-rutas-aereas-en-el-sur-de-sonora-dan-fortaleza-al-turismo\/"},"author":{"name":"enequipo","@id":"https:\/\/www.sonoraenequipo.com.mx\/#\/schema\/person\/50102df0fb23a8fa9e8effad8fa81386"},"headline":"Las nuevas rutas a\u00e9reas en el sur de Sonora dan fortaleza al turismo","datePublished":"2024-09-28T03:39:00+00:00","mainEntityOfPage":{"@id":"https:\/\/www.sonoraenequipo.com.mx\/las-nuevas-rutas-aereas-en-el-sur-de-sonora-dan-fortaleza-al-turismo\/"},"wordCount":266,"commentCount":0,"publisher":{"@id":"https:\/\/www.sonoraenequipo.com.mx\/#organization"},"image":{"@id":"https:\/\/www.sonoraenequipo.com.mx\/las-nuevas-rutas-aereas-en-el-sur-de-sonora-dan-fortaleza-al-turismo\/#primaryimage"},"thumbnailUrl":"https:\/\/www.sonoraenequipo.com.mx\/storage\/2024\/09\/turismo-en-el-sur-de-sonora-min.jpg","articleSection":["Sonora"],"inLanguage":"es","potentialAction":[{"@type":"CommentAction","name":"Comment","target":["https:\/\/www.sonoraenequipo.com.mx\/las-nuevas-rutas-aereas-en-el-sur-de-sonora-dan-fortaleza-al-turismo\/#respond"]}]},{"@type":"WebPage","@id":"https:\/\/www.sonoraenequipo.com.mx\/las-nuevas-rutas-aereas-en-el-sur-de-sonora-dan-fortaleza-al-turismo\/","url":"https:\/\/www.sonoraenequipo.com.mx\/las-nuevas-rutas-aereas-en-el-sur-de-sonora-dan-fortaleza-al-turismo\/","name":"Sonora en Equipo. Las nuevas rutas a\u00e9reas en el sur de Sonora dan fortaleza al turismo Sonora","isPartOf":{"@id":"https:\/\/www.sonoraenequipo.com.mx\/#website"},"primaryImageOfPage":{"@id":"https:\/\/www.sonoraenequipo.com.mx\/las-nuevas-rutas-aereas-en-el-sur-de-sonora-dan-fortaleza-al-turismo\/#primaryimage"},"image":{"@id":"https:\/\/www.sonoraenequipo.com.mx\/las-nuevas-rutas-aereas-en-el-sur-de-sonora-dan-fortaleza-al-turismo\/#primaryimage"},"thumbnailUrl":"https:\/\/www.sonoraenequipo.com.mx\/storage\/2024\/09\/turismo-en-el-sur-de-sonora-min.jpg","datePublished":"2024-09-28T03:39:00+00:00","description":"HERMOSILLO, SONORA. MX. \u2014 Mediante acciones estrat\u00e9gicas y coordinadas como la conectividad de cuatro nuevas rutas a\u00e9reas en Ciudad Obreg\u00f3n, el turismo En Sonora en Equipo publicamos toda la informaci\u00f3n de Sonora, M\u00e9xico y el Mundo de manera oportuna y busca que la libertad de expresi\u00f3n sea real. Visita nuestro medio informativo publicado desde Hermosillo, Sonora. %","breadcrumb":{"@id":"https:\/\/www.sonoraenequipo.com.mx\/las-nuevas-rutas-aereas-en-el-sur-de-sonora-dan-fortaleza-al-turismo\/#breadcrumb"},"inLanguage":"es","potentialAction":[{"@type":"ReadAction","target":["https:\/\/www.sonoraenequipo.com.mx\/las-nuevas-rutas-aereas-en-el-sur-de-sonora-dan-fortaleza-al-turismo\/"]}]},{"@type":"ImageObject","inLanguage":"es","@id":"https:\/\/www.sonoraenequipo.com.mx\/las-nuevas-rutas-aereas-en-el-sur-de-sonora-dan-fortaleza-al-turismo\/#primaryimage","url":"https:\/\/www.sonoraenequipo.com.mx\/storage\/2024\/09\/turismo-en-el-sur-de-sonora-min.jpg","contentUrl":"https:\/\/www.sonoraenequipo.com.mx\/storage\/2024\/09\/turismo-en-el-sur-de-sonora-min.jpg","width":900,"height":541},{"@type":"BreadcrumbList","@id":"https:\/\/www.sonoraenequipo.com.mx\/las-nuevas-rutas-aereas-en-el-sur-de-sonora-dan-fortaleza-al-turismo\/#breadcrumb","itemListElement":[{"@type":"ListItem","position":1,"name":"Portada","item":"https:\/\/www.sonoraenequipo.com.mx\/"},{"@type":"ListItem","position":2,"name":"Las nuevas rutas a\u00e9reas en el sur de Sonora dan fortaleza al turismo"}]},{"@type":"WebSite","@id":"https:\/\/www.sonoraenequipo.com.mx\/#website","url":"https:\/\/www.sonoraenequipo.com.mx\/","name":"Sonora en Equipo.","description":"Diario en l\u00ednea con Noticias desde Hermosillo, Sonora","publisher":{"@id":"https:\/\/www.sonoraenequipo.com.mx\/#organization"},"potentialAction":[{"@type":"SearchAction","target":{"@type":"EntryPoint","urlTemplate":"https:\/\/www.sonoraenequipo.com.mx\/?s={search_term_string}"},"query-input":{"@type":"PropertyValueSpecification","valueRequired":true,"valueName":"search_term_string"}}],"inLanguage":"es"},{"@type":"Organization","@id":"https:\/\/www.sonoraenequipo.com.mx\/#organization","name":"Sonoraenequipo.com.mx","url":"https:\/\/www.sonoraenequipo.com.mx\/","logo":{"@type":"ImageObject","inLanguage":"es","@id":"https:\/\/www.sonoraenequipo.com.mx\/#\/schema\/logo\/image\/","url":"https:\/\/www.sonoraenequipo.com.mx\/storage\/2019\/01\/sonoraenequipo_opt.png","contentUrl":"https:\/\/www.sonoraenequipo.com.mx\/storage\/2019\/01\/sonoraenequipo_opt.png","width":375,"height":125,"caption":"Sonoraenequipo.com.mx"},"image":{"@id":"https:\/\/www.sonoraenequipo.com.mx\/#\/schema\/logo\/image\/"},"sameAs":["https:\/\/www.facebook.com\/SonoraEE\/","https:\/\/x.com\/sonoraenequipo","https:\/\/www.youtube.com\/channel\/UC338nW-lPEYmJQs4ZABQ1SQ"]},{"@type":"Person","@id":"https:\/\/www.sonoraenequipo.com.mx\/#\/schema\/person\/50102df0fb23a8fa9e8effad8fa81386","name":"enequipo","image":{"@type":"ImageObject","inLanguage":"es","@id":"https:\/\/www.sonoraenequipo.com.mx\/#\/schema\/person\/image\/","url":"https:\/\/secure.gravatar.com\/avatar\/049821681b589dabc0bc20695993ccebb09f5b5d4d790cd9251b97faac7c652b?s=96&d=blank&r=g","contentUrl":"https:\/\/secure.gravatar.com\/avatar\/049821681b589dabc0bc20695993ccebb09f5b5d4d790cd9251b97faac7c652b?s=96&d=blank&r=g","caption":"enequipo"},"sameAs":["https:\/\/www.facebook.com\/SonoraEE"]}]}},"jetpack_featured_media_url":"https:\/\/www.sonoraenequipo.com.mx\/storage\/2024\/09\/turismo-en-el-sur-de-sonora-min.jpg","_links":{"self":[{"href":"https:\/\/www.sonoraenequipo.com.mx\/api\/wp\/v2\/posts\/200091","targetHints":{"allow":["GET"]}}],"collection":[{"href":"https:\/\/www.sonoraenequipo.com.mx\/api\/wp\/v2\/posts"}],"about":[{"href":"https:\/\/www.sonoraenequipo.com.mx\/api\/wp\/v2\/types\/post"}],"author":[{"embeddable":true,"href":"https:\/\/www.sonoraenequipo.com.mx\/api\/wp\/v2\/users\/1"}],"replies":[{"embeddable":true,"href":"https:\/\/www.sonoraenequipo.com.mx\/api\/wp\/v2\/comments?post=200091"}],"version-history":[{"count":1,"href":"https:\/\/www.sonoraenequipo.com.mx\/api\/wp\/v2\/posts\/200091\/revisions"}],"predecessor-version":[{"id":200095,"href":"https:\/\/www.sonoraenequipo.com.mx\/api\/wp\/v2\/posts\/200091\/revisions\/200095"}],"wp:featuredmedia":[{"embeddable":true,"href":"https:\/\/www.sonoraenequipo.com.mx\/api\/wp\/v2\/media\/200092"}],"wp:attachment":[{"href":"https:\/\/www.sonoraenequipo.com.mx\/api\/wp\/v2\/media?parent=200091"}],"wp:term":[{"taxonomy":"category","embeddable":true,"href":"https:\/\/www.sonoraenequipo.com.mx\/api\/wp\/v2\/categories?post=200091"},{"taxonomy":"post_tag","embeddable":true,"href":"https:\/\/www.sonoraenequipo.com.mx\/api\/wp\/v2\/tags?post=200091"}],"curies":[{"name":"wp","href":"https:\/\/api.w.org\/{rel}","templated":true}]}}