{"id":200100,"date":"2024-09-27T21:23:14","date_gmt":"2024-09-28T04:23:14","guid":{"rendered":"https:\/\/www.sonoraenequipo.com.mx\/?p=200100"},"modified":"2024-09-27T21:09:56","modified_gmt":"2024-09-28T04:09:56","slug":"danan-memorial-de-los-43-instalado-en-paseo-de-la-reforma","status":"publish","type":"post","link":"https:\/\/www.sonoraenequipo.com.mx\/danan-memorial-de-los-43-instalado-en-paseo-de-la-reforma\/","title":{"rendered":"Da\u00f1an memorial de los 43 instalado en Paseo de la Reforma"},"content":{"rendered":"<p><strong>CDMX. M\u00c9XICO. \u2014 <\/strong> A menos de un d\u00eda de haber sido instalado, el memorial para recordar a los 43 normalistas de Ayotzinapa, se encuentra da\u00f1ado.<\/p>\n<p>&nbsp;<\/p>\n<p>&nbsp;<\/p>\n<p>&nbsp;<\/p>\n<p> <\/p>\n<p>La estructura fue instalada ayer por los padres y madres, as\u00ed como organizaciones solidarias, al cumplirse 10 a\u00f1os de la desaparici\u00f3n de sus hijos.<\/p>\n<p>&nbsp;<\/p>\n<p>&nbsp;<\/p>\n<p>&nbsp;<\/p>\n<p>&nbsp;<\/p>\n<p>En un recorrido realizado por La Jornada en el Antimonumento +43, en Paseo de la Reforma, se observ\u00f3 que tres mosaicos est\u00e1n quebrados.<\/p>\n<p>&nbsp;<\/p>\n<p>&nbsp;<\/p>\n<p>&nbsp;<\/p>\n<p>&nbsp;<\/p>\n<p>Uno de estos es el que lleva la fotograf\u00eda del estudiante Carlos Lorenzo Hern\u00e1ndez Mu\u00f1oz, mientras que el de Christian Tom\u00e1s Col\u00f3n Garnica, le falta un pedazo, s\u00f3lo se ve una parte del rostro y de sus apellidos.<\/p>\n<p>&nbsp;<\/p>\n<p>&nbsp;<\/p>\n<p>&nbsp;<\/p>\n<p>El mismo da\u00f1o presenta otro mosaico, que es el que ten\u00eda un c\u00f3digo QR con el cual al colocar la c\u00e1mara de un tel\u00e9fono celular se pod\u00eda acceder a los informes del Grupo Interdisciplinario de Expertos Independientes (GIEI).<\/p>\n<p>&nbsp;<\/p>\n<p>&nbsp;<\/p>\n<p>Los colectivos de familias de desaparecidos repudiaron ese acto de<strong><em> \u201cdeprecio y odio\u201d,<\/em> <\/strong>y exigieron al gobierno federal y de la Ciudad de M\u00e9xico brindar protecci\u00f3n al memorial, adem\u00e1s de que se investigue y castigue a los responsables.<\/p>\n<p>&nbsp;<\/p>\n<p>&nbsp;<\/p>\n<p><em><strong>\u201cHace diez a\u00f1os amanecimos con la dolorosa noticia de la desaparici\u00f3n, hoy con la noticia de que varios rostros amanecieron rotos\u201d,<\/strong><\/em> lamentaron en un comunicado.<\/p>\n<p>&nbsp;<\/p>\n<p>&nbsp;<\/p>\n<p>En el memorial se lee: \u201cInstalamos este memorial para exigir verdad, justicia y el fin de la impunidad en nuestro pa\u00eds. A 10 a\u00f1os de los hechos nuestra demanda es inclaudicable, por lo que al gobierno le exigimos la presentaci\u00f3n con vida de nuestros hijos\u201d.<\/p>\n<p>&nbsp;<\/p>\n<p>&nbsp;<\/p>\n<p>&nbsp;<\/p>\n<p>PUBLICADO EL 27 SEPTIEMBRE DE 2024 Con informaci\u00f3n de La Jornada)<\/p>\n","protected":false},"excerpt":{"rendered":"<p>CDMX. M\u00c9XICO. \u2014 A menos de un d\u00eda de haber sido instalado, el memorial para&#8230;<\/p>\n","protected":false},"author":1,"featured_media":200101,"comment_status":"open","ping_status":"open","sticky":false,"template":"","format":"standard","meta":{"_monsterinsights_skip_tracking":false,"_monsterinsights_sitenote_active":false,"_monsterinsights_sitenote_note":"","_monsterinsights_sitenote_category":0,"footnotes":""},"categories":[5],"tags":[],"class_list":["post"],"yoast_head":" \n<title>Sonora en Equipo. Da\u00f1an memorial de los 43 instalado en Paseo de la Reforma Rep\u00fablica<\/title>\n<meta name=\"description\" content=\"CDMX. M\u00c9XICO. \u2014 A menos de un d\u00eda de haber sido instalado, el memorial para recordar a los 43 normalistas de Ayotzinapa, se encuentra da\u00f1ado. &nbsp; En Sonora en Equipo publicamos toda la informaci\u00f3n de Sonora, M\u00e9xico y el Mundo de manera oportuna y busca que la libertad de expresi\u00f3n sea real. Visita nuestro medio informativo publicado desde Hermosillo, Sonora. %\" \/>\n<meta name=\"robots\" content=\"index, follow, max-snippet:-1, max-image-preview:large, max-video-preview:-1\" \/>\n<link rel=\"canonical\" href=\"https:\/\/www.sonoraenequipo.com.mx\/danan-memorial-de-los-43-instalado-en-paseo-de-la-reforma\/\" \/>\n<meta property=\"og:locale\" content=\"es_ES\" \/>\n<meta property=\"og:type\" content=\"article\" \/>\n<meta property=\"og:title\" content=\"Sonora en Equipo. Da\u00f1an memorial de los 43 instalado en Paseo de la Reforma Rep\u00fablica\" \/>\n<meta property=\"og:description\" content=\"CDMX. M\u00c9XICO. \u2014 A menos de un d\u00eda de haber sido instalado, el memorial para recordar a los 43 normalistas de Ayotzinapa, se encuentra da\u00f1ado. &nbsp; En Sonora en Equipo publicamos toda la informaci\u00f3n de Sonora, M\u00e9xico y el Mundo de manera oportuna y busca que la libertad de expresi\u00f3n sea real. Visita nuestro medio informativo publicado desde Hermosillo, Sonora. %\" \/>\n<meta property=\"og:url\" content=\"https:\/\/www.sonoraenequipo.com.mx\/danan-memorial-de-los-43-instalado-en-paseo-de-la-reforma\/\" \/>\n<meta property=\"og:site_name\" content=\"Sonora en Equipo.\" \/>\n<meta property=\"article:publisher\" content=\"https:\/\/www.facebook.com\/SonoraEE\/\" \/>\n<meta property=\"article:author\" content=\"https:\/\/www.facebook.com\/SonoraEE\" \/>\n<meta property=\"article:published_time\" content=\"2024-09-28T04:23:14+00:00\" \/>\n<meta property=\"og:image\" content=\"https:\/\/www.sonoraenequipo.com.mx\/storage\/2024\/09\/memorial-de-los-43.jpg-min.jpg\" \/>\n\t<meta property=\"og:image:width\" content=\"903\" \/>\n\t<meta property=\"og:image:height\" content=\"599\" \/>\n\t<meta property=\"og:image:type\" content=\"image\/jpeg\" \/>\n<meta name=\"author\" content=\"enequipo\" \/>\n<meta name=\"twitter:card\" content=\"summary_large_image\" \/>\n<meta name=\"twitter:creator\" content=\"@sonoraenequipo\" \/>\n<meta name=\"twitter:site\" content=\"@sonoraenequipo\" \/>\n<meta name=\"twitter:label1\" content=\"Escrito por\" \/>\n\t<meta name=\"twitter:data1\" content=\"enequipo\" \/>\n\t<meta name=\"twitter:label2\" content=\"Tiempo de lectura\" \/>\n\t<meta name=\"twitter:data2\" content=\"2 minutos\" \/>\n<script type=\"application\/ld+json\" class=\"yoast-schema-graph\">{\"@context\":\"https:\/\/schema.org\",\"@graph\":[{\"@type\":\"Article\",\"@id\":\"https:\/\/www.sonoraenequipo.com.mx\/danan-memorial-de-los-43-instalado-en-paseo-de-la-reforma\/#article\",\"isPartOf\":{\"@id\":\"https:\/\/www.sonoraenequipo.com.mx\/danan-memorial-de-los-43-instalado-en-paseo-de-la-reforma\/\"},\"author\":{\"name\":\"enequipo\",\"@id\":\"https:\/\/www.sonoraenequipo.com.mx\/#\/schema\/person\/50102df0fb23a8fa9e8effad8fa81386\"},\"headline\":\"Da\u00f1an memorial de los 43 instalado en Paseo de la Reforma\",\"datePublished\":\"2024-09-28T04:23:14+00:00\",\"mainEntityOfPage\":{\"@id\":\"https:\/\/www.sonoraenequipo.com.mx\/danan-memorial-de-los-43-instalado-en-paseo-de-la-reforma\/\"},\"wordCount\":321,\"commentCount\":0,\"publisher\":{\"@id\":\"https:\/\/www.sonoraenequipo.com.mx\/#organization\"},\"image\":{\"@id\":\"https:\/\/www.sonoraenequipo.com.mx\/danan-memorial-de-los-43-instalado-en-paseo-de-la-reforma\/#primaryimage\"},\"thumbnailUrl\":\"https:\/\/www.sonoraenequipo.com.mx\/storage\/2024\/09\/memorial-de-los-43.jpg-min.jpg\",\"articleSection\":[\"Rep\u00fablica\"],\"inLanguage\":\"es\",\"potentialAction\":[{\"@type\":\"CommentAction\",\"name\":\"Comment\",\"target\":[\"https:\/\/www.sonoraenequipo.com.mx\/danan-memorial-de-los-43-instalado-en-paseo-de-la-reforma\/#respond\"]}]},{\"@type\":\"WebPage\",\"@id\":\"https:\/\/www.sonoraenequipo.com.mx\/danan-memorial-de-los-43-instalado-en-paseo-de-la-reforma\/\",\"url\":\"https:\/\/www.sonoraenequipo.com.mx\/danan-memorial-de-los-43-instalado-en-paseo-de-la-reforma\/\",\"name\":\"Sonora en Equipo. Da\u00f1an memorial de los 43 instalado en Paseo de la Reforma Rep\u00fablica\",\"isPartOf\":{\"@id\":\"https:\/\/www.sonoraenequipo.com.mx\/#website\"},\"primaryImageOfPage\":{\"@id\":\"https:\/\/www.sonoraenequipo.com.mx\/danan-memorial-de-los-43-instalado-en-paseo-de-la-reforma\/#primaryimage\"},\"image\":{\"@id\":\"https:\/\/www.sonoraenequipo.com.mx\/danan-memorial-de-los-43-instalado-en-paseo-de-la-reforma\/#primaryimage\"},\"thumbnailUrl\":\"https:\/\/www.sonoraenequipo.com.mx\/storage\/2024\/09\/memorial-de-los-43.jpg-min.jpg\",\"datePublished\":\"2024-09-28T04:23:14+00:00\",\"description\":\"CDMX. M\u00c9XICO. \u2014 A menos de un d\u00eda de haber sido instalado, el memorial para recordar a los 43 normalistas de Ayotzinapa, se encuentra da\u00f1ado. &nbsp; En Sonora en Equipo publicamos toda la informaci\u00f3n de Sonora, M\u00e9xico y el Mundo de manera oportuna y busca que la libertad de expresi\u00f3n sea real. Visita nuestro medio informativo publicado desde Hermosillo, Sonora. %\",\"breadcrumb\":{\"@id\":\"https:\/\/www.sonoraenequipo.com.mx\/danan-memorial-de-los-43-instalado-en-paseo-de-la-reforma\/#breadcrumb\"},\"inLanguage\":\"es\",\"potentialAction\":[{\"@type\":\"ReadAction\",\"target\":[\"https:\/\/www.sonoraenequipo.com.mx\/danan-memorial-de-los-43-instalado-en-paseo-de-la-reforma\/\"]}]},{\"@type\":\"ImageObject\",\"inLanguage\":\"es\",\"@id\":\"https:\/\/www.sonoraenequipo.com.mx\/danan-memorial-de-los-43-instalado-en-paseo-de-la-reforma\/#primaryimage\",\"url\":\"https:\/\/www.sonoraenequipo.com.mx\/storage\/2024\/09\/memorial-de-los-43.jpg-min.jpg\",\"contentUrl\":\"https:\/\/www.sonoraenequipo.com.mx\/storage\/2024\/09\/memorial-de-los-43.jpg-min.jpg\",\"width\":903,\"height\":599},{\"@type\":\"BreadcrumbList\",\"@id\":\"https:\/\/www.sonoraenequipo.com.mx\/danan-memorial-de-los-43-instalado-en-paseo-de-la-reforma\/#breadcrumb\",\"itemListElement\":[{\"@type\":\"ListItem\",\"position\":1,\"name\":\"Portada\",\"item\":\"https:\/\/www.sonoraenequipo.com.mx\/\"},{\"@type\":\"ListItem\",\"position\":2,\"name\":\"Da\u00f1an memorial de los 43 instalado en Paseo de la Reforma\"}]},{\"@type\":\"WebSite\",\"@id\":\"https:\/\/www.sonoraenequipo.com.mx\/#website\",\"url\":\"https:\/\/www.sonoraenequipo.com.mx\/\",\"name\":\"Sonora en Equipo.\",\"description\":\"Diario en l\u00ednea con Noticias desde Hermosillo, Sonora\",\"publisher\":{\"@id\":\"https:\/\/www.sonoraenequipo.com.mx\/#organization\"},\"potentialAction\":[{\"@type\":\"SearchAction\",\"target\":{\"@type\":\"EntryPoint\",\"urlTemplate\":\"https:\/\/www.sonoraenequipo.com.mx\/?s={search_term_string}\"},\"query-input\":{\"@type\":\"PropertyValueSpecification\",\"valueRequired\":true,\"valueName\":\"search_term_string\"}}],\"inLanguage\":\"es\"},{\"@type\":\"Organization\",\"@id\":\"https:\/\/www.sonoraenequipo.com.mx\/#organization\",\"name\":\"Sonoraenequipo.com.mx\",\"url\":\"https:\/\/www.sonoraenequipo.com.mx\/\",\"logo\":{\"@type\":\"ImageObject\",\"inLanguage\":\"es\",\"@id\":\"https:\/\/www.sonoraenequipo.com.mx\/#\/schema\/logo\/image\/\",\"url\":\"https:\/\/www.sonoraenequipo.com.mx\/storage\/2019\/01\/sonoraenequipo_opt.png\",\"contentUrl\":\"https:\/\/www.sonoraenequipo.com.mx\/storage\/2019\/01\/sonoraenequipo_opt.png\",\"width\":375,\"height\":125,\"caption\":\"Sonoraenequipo.com.mx\"},\"image\":{\"@id\":\"https:\/\/www.sonoraenequipo.com.mx\/#\/schema\/logo\/image\/\"},\"sameAs\":[\"https:\/\/www.facebook.com\/SonoraEE\/\",\"https:\/\/x.com\/sonoraenequipo\",\"https:\/\/www.youtube.com\/channel\/UC338nW-lPEYmJQs4ZABQ1SQ\"]},{\"@type\":\"Person\",\"@id\":\"https:\/\/www.sonoraenequipo.com.mx\/#\/schema\/person\/50102df0fb23a8fa9e8effad8fa81386\",\"name\":\"enequipo\",\"image\":{\"@type\":\"ImageObject\",\"inLanguage\":\"es\",\"@id\":\"https:\/\/www.sonoraenequipo.com.mx\/#\/schema\/person\/image\/\",\"url\":\"https:\/\/secure.gravatar.com\/avatar\/049821681b589dabc0bc20695993ccebb09f5b5d4d790cd9251b97faac7c652b?s=96&d=blank&r=g\",\"contentUrl\":\"https:\/\/secure.gravatar.com\/avatar\/049821681b589dabc0bc20695993ccebb09f5b5d4d790cd9251b97faac7c652b?s=96&d=blank&r=g\",\"caption\":\"enequipo\"},\"sameAs\":[\"https:\/\/www.facebook.com\/SonoraEE\"]}]}<\/script>\n ","yoast_head_json":{"title":"Sonora en Equipo. Da\u00f1an memorial de los 43 instalado en Paseo de la Reforma Rep\u00fablica","description":"CDMX. M\u00c9XICO. \u2014 A menos de un d\u00eda de haber sido instalado, el memorial para recordar a los 43 normalistas de Ayotzinapa, se encuentra da\u00f1ado. &nbsp; En Sonora en Equipo publicamos toda la informaci\u00f3n de Sonora, M\u00e9xico y el Mundo de manera oportuna y busca que la libertad de expresi\u00f3n sea real. Visita nuestro medio informativo publicado desde Hermosillo, Sonora. %","robots":{"index":"index","follow":"follow","max-snippet":"max-snippet:-1","max-image-preview":"max-image-preview:large","max-video-preview":"max-video-preview:-1"},"canonical":"https:\/\/www.sonoraenequipo.com.mx\/danan-memorial-de-los-43-instalado-en-paseo-de-la-reforma\/","og_locale":"es_ES","og_type":"article","og_title":"Sonora en Equipo. Da\u00f1an memorial de los 43 instalado en Paseo de la Reforma Rep\u00fablica","og_description":"CDMX. M\u00c9XICO. \u2014 A menos de un d\u00eda de haber sido instalado, el memorial para recordar a los 43 normalistas de Ayotzinapa, se encuentra da\u00f1ado. &nbsp; En Sonora en Equipo publicamos toda la informaci\u00f3n de Sonora, M\u00e9xico y el Mundo de manera oportuna y busca que la libertad de expresi\u00f3n sea real. Visita nuestro medio informativo publicado desde Hermosillo, Sonora. %","og_url":"https:\/\/www.sonoraenequipo.com.mx\/danan-memorial-de-los-43-instalado-en-paseo-de-la-reforma\/","og_site_name":"Sonora en Equipo.","article_publisher":"https:\/\/www.facebook.com\/SonoraEE\/","article_author":"https:\/\/www.facebook.com\/SonoraEE","article_published_time":"2024-09-28T04:23:14+00:00","og_image":[{"width":903,"height":599,"url":"https:\/\/www.sonoraenequipo.com.mx\/storage\/2024\/09\/memorial-de-los-43.jpg-min.jpg","type":"image\/jpeg"}],"author":"enequipo","twitter_card":"summary_large_image","twitter_creator":"@sonoraenequipo","twitter_site":"@sonoraenequipo","twitter_misc":{"Escrito por":"enequipo","Tiempo de lectura":"2 minutos"},"schema":{"@context":"https:\/\/schema.org","@graph":[{"@type":"Article","@id":"https:\/\/www.sonoraenequipo.com.mx\/danan-memorial-de-los-43-instalado-en-paseo-de-la-reforma\/#article","isPartOf":{"@id":"https:\/\/www.sonoraenequipo.com.mx\/danan-memorial-de-los-43-instalado-en-paseo-de-la-reforma\/"},"author":{"name":"enequipo","@id":"https:\/\/www.sonoraenequipo.com.mx\/#\/schema\/person\/50102df0fb23a8fa9e8effad8fa81386"},"headline":"Da\u00f1an memorial de los 43 instalado en Paseo de la Reforma","datePublished":"2024-09-28T04:23:14+00:00","mainEntityOfPage":{"@id":"https:\/\/www.sonoraenequipo.com.mx\/danan-memorial-de-los-43-instalado-en-paseo-de-la-reforma\/"},"wordCount":321,"commentCount":0,"publisher":{"@id":"https:\/\/www.sonoraenequipo.com.mx\/#organization"},"image":{"@id":"https:\/\/www.sonoraenequipo.com.mx\/danan-memorial-de-los-43-instalado-en-paseo-de-la-reforma\/#primaryimage"},"thumbnailUrl":"https:\/\/www.sonoraenequipo.com.mx\/storage\/2024\/09\/memorial-de-los-43.jpg-min.jpg","articleSection":["Rep\u00fablica"],"inLanguage":"es","potentialAction":[{"@type":"CommentAction","name":"Comment","target":["https:\/\/www.sonoraenequipo.com.mx\/danan-memorial-de-los-43-instalado-en-paseo-de-la-reforma\/#respond"]}]},{"@type":"WebPage","@id":"https:\/\/www.sonoraenequipo.com.mx\/danan-memorial-de-los-43-instalado-en-paseo-de-la-reforma\/","url":"https:\/\/www.sonoraenequipo.com.mx\/danan-memorial-de-los-43-instalado-en-paseo-de-la-reforma\/","name":"Sonora en Equipo. Da\u00f1an memorial de los 43 instalado en Paseo de la Reforma Rep\u00fablica","isPartOf":{"@id":"https:\/\/www.sonoraenequipo.com.mx\/#website"},"primaryImageOfPage":{"@id":"https:\/\/www.sonoraenequipo.com.mx\/danan-memorial-de-los-43-instalado-en-paseo-de-la-reforma\/#primaryimage"},"image":{"@id":"https:\/\/www.sonoraenequipo.com.mx\/danan-memorial-de-los-43-instalado-en-paseo-de-la-reforma\/#primaryimage"},"thumbnailUrl":"https:\/\/www.sonoraenequipo.com.mx\/storage\/2024\/09\/memorial-de-los-43.jpg-min.jpg","datePublished":"2024-09-28T04:23:14+00:00","description":"CDMX. M\u00c9XICO. \u2014 A menos de un d\u00eda de haber sido instalado, el memorial para recordar a los 43 normalistas de Ayotzinapa, se encuentra da\u00f1ado. &nbsp; En Sonora en Equipo publicamos toda la informaci\u00f3n de Sonora, M\u00e9xico y el Mundo de manera oportuna y busca que la libertad de expresi\u00f3n sea real. Visita nuestro medio informativo publicado desde Hermosillo, Sonora. %","breadcrumb":{"@id":"https:\/\/www.sonoraenequipo.com.mx\/danan-memorial-de-los-43-instalado-en-paseo-de-la-reforma\/#breadcrumb"},"inLanguage":"es","potentialAction":[{"@type":"ReadAction","target":["https:\/\/www.sonoraenequipo.com.mx\/danan-memorial-de-los-43-instalado-en-paseo-de-la-reforma\/"]}]},{"@type":"ImageObject","inLanguage":"es","@id":"https:\/\/www.sonoraenequipo.com.mx\/danan-memorial-de-los-43-instalado-en-paseo-de-la-reforma\/#primaryimage","url":"https:\/\/www.sonoraenequipo.com.mx\/storage\/2024\/09\/memorial-de-los-43.jpg-min.jpg","contentUrl":"https:\/\/www.sonoraenequipo.com.mx\/storage\/2024\/09\/memorial-de-los-43.jpg-min.jpg","width":903,"height":599},{"@type":"BreadcrumbList","@id":"https:\/\/www.sonoraenequipo.com.mx\/danan-memorial-de-los-43-instalado-en-paseo-de-la-reforma\/#breadcrumb","itemListElement":[{"@type":"ListItem","position":1,"name":"Portada","item":"https:\/\/www.sonoraenequipo.com.mx\/"},{"@type":"ListItem","position":2,"name":"Da\u00f1an memorial de los 43 instalado en Paseo de la Reforma"}]},{"@type":"WebSite","@id":"https:\/\/www.sonoraenequipo.com.mx\/#website","url":"https:\/\/www.sonoraenequipo.com.mx\/","name":"Sonora en Equipo.","description":"Diario en l\u00ednea con Noticias desde Hermosillo, Sonora","publisher":{"@id":"https:\/\/www.sonoraenequipo.com.mx\/#organization"},"potentialAction":[{"@type":"SearchAction","target":{"@type":"EntryPoint","urlTemplate":"https:\/\/www.sonoraenequipo.com.mx\/?s={search_term_string}"},"query-input":{"@type":"PropertyValueSpecification","valueRequired":true,"valueName":"search_term_string"}}],"inLanguage":"es"},{"@type":"Organization","@id":"https:\/\/www.sonoraenequipo.com.mx\/#organization","name":"Sonoraenequipo.com.mx","url":"https:\/\/www.sonoraenequipo.com.mx\/","logo":{"@type":"ImageObject","inLanguage":"es","@id":"https:\/\/www.sonoraenequipo.com.mx\/#\/schema\/logo\/image\/","url":"https:\/\/www.sonoraenequipo.com.mx\/storage\/2019\/01\/sonoraenequipo_opt.png","contentUrl":"https:\/\/www.sonoraenequipo.com.mx\/storage\/2019\/01\/sonoraenequipo_opt.png","width":375,"height":125,"caption":"Sonoraenequipo.com.mx"},"image":{"@id":"https:\/\/www.sonoraenequipo.com.mx\/#\/schema\/logo\/image\/"},"sameAs":["https:\/\/www.facebook.com\/SonoraEE\/","https:\/\/x.com\/sonoraenequipo","https:\/\/www.youtube.com\/channel\/UC338nW-lPEYmJQs4ZABQ1SQ"]},{"@type":"Person","@id":"https:\/\/www.sonoraenequipo.com.mx\/#\/schema\/person\/50102df0fb23a8fa9e8effad8fa81386","name":"enequipo","image":{"@type":"ImageObject","inLanguage":"es","@id":"https:\/\/www.sonoraenequipo.com.mx\/#\/schema\/person\/image\/","url":"https:\/\/secure.gravatar.com\/avatar\/049821681b589dabc0bc20695993ccebb09f5b5d4d790cd9251b97faac7c652b?s=96&d=blank&r=g","contentUrl":"https:\/\/secure.gravatar.com\/avatar\/049821681b589dabc0bc20695993ccebb09f5b5d4d790cd9251b97faac7c652b?s=96&d=blank&r=g","caption":"enequipo"},"sameAs":["https:\/\/www.facebook.com\/SonoraEE"]}]}},"jetpack_featured_media_url":"https:\/\/www.sonoraenequipo.com.mx\/storage\/2024\/09\/memorial-de-los-43.jpg-min.jpg","_links":{"self":[{"href":"https:\/\/www.sonoraenequipo.com.mx\/api\/wp\/v2\/posts\/200100","targetHints":{"allow":["GET"]}}],"collection":[{"href":"https:\/\/www.sonoraenequipo.com.mx\/api\/wp\/v2\/posts"}],"about":[{"href":"https:\/\/www.sonoraenequipo.com.mx\/api\/wp\/v2\/types\/post"}],"author":[{"embeddable":true,"href":"https:\/\/www.sonoraenequipo.com.mx\/api\/wp\/v2\/users\/1"}],"replies":[{"embeddable":true,"href":"https:\/\/www.sonoraenequipo.com.mx\/api\/wp\/v2\/comments?post=200100"}],"version-history":[{"count":1,"href":"https:\/\/www.sonoraenequipo.com.mx\/api\/wp\/v2\/posts\/200100\/revisions"}],"predecessor-version":[{"id":200103,"href":"https:\/\/www.sonoraenequipo.com.mx\/api\/wp\/v2\/posts\/200100\/revisions\/200103"}],"wp:featuredmedia":[{"embeddable":true,"href":"https:\/\/www.sonoraenequipo.com.mx\/api\/wp\/v2\/media\/200101"}],"wp:attachment":[{"href":"https:\/\/www.sonoraenequipo.com.mx\/api\/wp\/v2\/media?parent=200100"}],"wp:term":[{"taxonomy":"category","embeddable":true,"href":"https:\/\/www.sonoraenequipo.com.mx\/api\/wp\/v2\/categories?post=200100"},{"taxonomy":"post_tag","embeddable":true,"href":"https:\/\/www.sonoraenequipo.com.mx\/api\/wp\/v2\/tags?post=200100"}],"curies":[{"name":"wp","href":"https:\/\/api.w.org\/{rel}","templated":true}]}}