{"id":200104,"date":"2024-09-27T22:54:15","date_gmt":"2024-09-28T05:54:15","guid":{"rendered":"https:\/\/www.sonoraenequipo.com.mx\/?p=200104"},"modified":"2024-09-28T09:26:58","modified_gmt":"2024-09-28T16:26:58","slug":"grandes-hombres-y-mujeres-ofrecen-perdon-sheinbaum","status":"publish","type":"post","link":"https:\/\/www.sonoraenequipo.com.mx\/grandes-hombres-y-mujeres-ofrecen-perdon-sheinbaum\/","title":{"rendered":"\u00abEl perd\u00f3n engrandece a los Pueblos, a las naciones, a las personas: Sheinbaum"},"content":{"rendered":"<p><strong>V\u00cdCAM, PUEBLO, GUAYMAS, SONORA. MX.<\/strong> \u2014 En medio de la pol\u00e9mica causada porque la futura presidenta Claudia Sheinbaum Pardo decidi\u00f3 no invitar a su toma de protesta al rey Felipe VI de Espa\u00f1a, este viernes, desde la hist\u00f3rica tierra de la naci\u00f3n yaqui, la pr\u00f3xima mandataria enfatiz\u00f3: \u201clos grandes hombres y mujeres ofrecen perd\u00f3n\u201d.<\/p>\n<p> <\/p>\n<p>Junto al presidente Andr\u00e9s Manuel L\u00f3pez Obrador \u2014quien ha respaldado la decisi\u00f3n de su sucesora\u2014 la a\u00fan presidenta electa destac\u00f3 que, a diferencia de la monarqu\u00eda espa\u00f1ola, el mandatario mexicano ofreci\u00f3 disculpas y pidi\u00f3 perd\u00f3n a los pueblos originarios de M\u00e9xico por los agravios cometidos por diferentes gobiernos tras la Independencia, entre ellos a los pueblos yaqui.<\/p>\n<p>Sheinbaum Pardo aprovech\u00f3 su presencia en este poblado en medio del desierto sonorense\u2014donde junto al mandatario entregaron avances del Plan de Justicia para el Pueblo Yaqui\u2014, para enviar un claro mensaje hasta la llamada Pen\u00ednsula Ib\u00e9rica, donde la monarqu\u00eda espa\u00f1ola echaz\u00f3 en su momento atender la petici\u00f3n de L\u00f3pez Obrador para pedir disculpas a los pueblos originarios por las atrocidades cometidas durante la Conquista y la Colonia:<\/p>\n<p><em><strong>\u201cEse perd\u00f3n lo que signific\u00f3 fue reconocer las atrocidades contra el pueblo yaqui, no del actual gobierno, sino de gobiernos del pasado que quisieron erradicar al pueblo yaqui y a otros pueblos originarios; y que no s\u00f3lo no pudieron con la resistencia, sino porque continuaron luchando.<\/strong><\/em><\/p>\n<p><em><strong>\u201cEse perd\u00f3n, es importante que nos escuchen el cualquier lugar del mundo, el perd\u00f3n engrandece a los pueblos, a las naciones, a las personas; significa reconocer y reconocer significa nunca m\u00e1s, significa no olvidar. Y nosotros no olvidamos lo que ocurri\u00f3 con sus ancestros, con el pueblo yaqui, ni olvidar el plan de justicia, lo que significa resarcir ese da\u00f1o, y recuperar y dar lo que se merecen\u201d<\/strong><\/em>, recalc\u00f3.<\/p>\n<p>En su turno, minutos despu\u00e9s, el propio mandatario federal volvi\u00f3 a suscribir la posici\u00f3n de la pr\u00f3xima titular del Ejecutivo frente a esta pol\u00e9mica, y revel\u00f3 que incluso \u00e9l le coment\u00f3 que \u201cno era necesario\u201d no enviar la invitaci\u00f3n, pero Sheinbaum insisti\u00f3 y se mantuvo en su posici\u00f3n.<\/p>\n<p><em><strong>\u201cHace poco, la presidenta electa tom\u00f3 la decisi\u00f3n de no invitar a la toma de protesta al rey de Espa\u00f1a\u201d.<\/strong> <\/em>El comentario caus\u00f3 el revuelo entre los cientos de personas de los pueblos yaquis que se dieron cita en la comunidad de V\u00edcam Pueblo, que se expres\u00f3 con sonoros aplausos y un grito de: \u201c\u00a1Bravo!\u201d<\/p>\n<p>L\u00f3pez Obrador continu\u00f3: \u201c<strong><em>Hoy me ven\u00eda recordando que cuando me lo plante\u00f3, le dije, que no lo ve\u00eda yo necesario, pero ella contrario a lo que se piensa, por eso equivocan nuestros adversarios, es una mujer con convicciones, y argument\u00f3 de que se les hab\u00eda pedido en su momento que ofrecieran los invasores europeos, los espa\u00f1oles, una disculpa, un perd\u00f3n, por las atrocidades cometidas durante la Conquista y en el periodo de tres siglos de dominaci\u00f3n colonial\u201d.<\/em><\/strong><\/p>\n<p>Record\u00f3 que envi\u00f3 una comunicaci\u00f3n al rey Felipe VI para que, en el marco del 200 aniversario de la concreci\u00f3n de la Independencia de M\u00e9xico (en septiembre de 2021) pudieran ambos gobiernos ofrecer disculpas a los pueblos ind\u00edgenas.<\/p>\n<p><em><strong>\u201cSe le escribi\u00f3 al rey que pod\u00edamos en una etapa nueva, iniciar una relaci\u00f3n distinta, si el gobierno de Espa\u00f1a, el gobierno de M\u00e9xico ped\u00eda perd\u00f3n a los pueblos originarios por la opresi\u00f3n, por la represi\u00f3n, por los abusos\u201d.<\/strong><\/em><\/p>\n<blockquote class=\"twitter-tweet\" data-width=\"550\" data-dnt=\"true\">\n<p lang=\"es\" dir=\"ltr\"><a href=\"https:\/\/twitter.com\/hashtag\/ULTIMAHORA?src=hash&amp;ref_src=twsrc%5Etfw\">#ULTIMAHORA<\/a> <br \/>\ud83d\udea8 CACHETAD\u00d3N CON GUANTE BLANCO al Rey de Espa\u00f1a de nuestra Presidente <a href=\"https:\/\/twitter.com\/Claudiashein?ref_src=twsrc%5Etfw\">@Claudiashein<\/a> <\/p>\n<p>Que le dio la muestra al recordar las disculpas de AMLO al Pueblo Yaqui por las atrocidades de los gobiernos anteriores: <\/p>\n<p>&quot;El perd\u00f3n engrandece a los Pueblos, a las naciones, a\u2026 <a href=\"https:\/\/t.co\/y4pJoaflJW\">pic.twitter.com\/y4pJoaflJW<\/a><\/p>\n<p>&mdash; La Catrina Norte\u00f1a (@catrina_nortena) <a href=\"https:\/\/twitter.com\/catrina_nortena\/status\/1839810262800519647?ref_src=twsrc%5Etfw\">September 27, 2024<\/a><\/p><\/blockquote>\n<p><script async src=\"https:\/\/platform.twitter.com\/widgets.js\" charset=\"utf-8\"><\/script><\/p>\n<p>El presidente indic\u00f3 que tras el movimiento de Independencia, continuaron los abusos contra los pueblos y comunidades ind\u00edgenas y afromexicanos, en particular contra los yaquis \u2014se asesin\u00f3 a 15 mil durante el porfiriato\u2014 y los mayas.<\/p>\n<p><em><strong>\u201cPor eso es muy significativo el que estemos aqu\u00ed, y que se est\u00e9 concluyendo una primera etapa en la transformaci\u00f3n, con el cumplimiento del Plan de Justicia Yaqui; porque la primera vez que vinimos, ofrecimos disculpas y perd\u00f3n, pero al mismo tiempo se inici\u00f3 este plan de justicia para los pueblos yaquis, y se ha avanzado\u201d<\/strong><\/em>, subray\u00f3 el mandatario.<\/p>\n<p>El Plan de Justicia incluye dos obras h\u00eddricas: el acueducto yaqui, que estar\u00e1 operando la pr\u00f3xima semana; y el distrito de riego 018, que se preve entre en funciones en diciembre de este a\u00f1o.<\/p>\n<p>Adem\u00e1s de la restituci\u00f3n de m\u00e1s de 300 mil hect\u00e1reas de tierras arrebatadas a esta etnia a lo largo de la historia, acciones de salud, vivienda, educaci\u00f3n y restauraci\u00f3n del bienestar social.<\/p>\n<p>PUBLICADO EL 27 SEPTIEMBRE DE 2024 Con informaci\u00f3n de Emir Olivares Alonso\/La Jornada\/Redes sociales)<\/p>\n","protected":false},"excerpt":{"rendered":"<p>V\u00cdCAM, PUEBLO, GUAYMAS, SONORA. MX. \u2014 En medio de la pol\u00e9mica causada porque la futura&#8230;<\/p>\n","protected":false},"author":1,"featured_media":200102,"comment_status":"open","ping_status":"open","sticky":false,"template":"","format":"standard","meta":{"_monsterinsights_skip_tracking":false,"_monsterinsights_sitenote_active":false,"_monsterinsights_sitenote_note":"","_monsterinsights_sitenote_category":0,"footnotes":""},"categories":[5],"tags":[],"class_list":["post"],"yoast_head":" \n<title>Sonora en Equipo. &quot;El perd\u00f3n engrandece a los Pueblos, a las naciones, a las personas: Sheinbaum Rep\u00fablica<\/title>\n<meta name=\"description\" content=\"V\u00cdCAM, PUEBLO, GUAYMAS, SONORA. MX. \u2014 En medio de la pol\u00e9mica causada porque la futura presidenta Claudia Sheinbaum Pardo decidi\u00f3 no invitar a su toma de En Sonora en Equipo publicamos toda la informaci\u00f3n de Sonora, M\u00e9xico y el Mundo de manera oportuna y busca que la libertad de expresi\u00f3n sea real. Visita nuestro medio informativo publicado desde Hermosillo, Sonora. %\" \/>\n<meta name=\"robots\" content=\"index, follow, max-snippet:-1, max-image-preview:large, max-video-preview:-1\" \/>\n<link rel=\"canonical\" href=\"https:\/\/www.sonoraenequipo.com.mx\/grandes-hombres-y-mujeres-ofrecen-perdon-sheinbaum\/\" \/>\n<meta property=\"og:locale\" content=\"es_ES\" \/>\n<meta property=\"og:type\" content=\"article\" \/>\n<meta property=\"og:title\" content=\"Sonora en Equipo. &quot;El perd\u00f3n engrandece a los Pueblos, a las naciones, a las personas: Sheinbaum Rep\u00fablica\" \/>\n<meta property=\"og:description\" content=\"V\u00cdCAM, PUEBLO, GUAYMAS, SONORA. MX. \u2014 En medio de la pol\u00e9mica causada porque la futura presidenta Claudia Sheinbaum Pardo decidi\u00f3 no invitar a su toma de En Sonora en Equipo publicamos toda la informaci\u00f3n de Sonora, M\u00e9xico y el Mundo de manera oportuna y busca que la libertad de expresi\u00f3n sea real. Visita nuestro medio informativo publicado desde Hermosillo, Sonora. %\" \/>\n<meta property=\"og:url\" content=\"https:\/\/www.sonoraenequipo.com.mx\/grandes-hombres-y-mujeres-ofrecen-perdon-sheinbaum\/\" \/>\n<meta property=\"og:site_name\" content=\"Sonora en Equipo.\" \/>\n<meta property=\"article:publisher\" content=\"https:\/\/www.facebook.com\/SonoraEE\/\" \/>\n<meta property=\"article:author\" content=\"https:\/\/www.facebook.com\/SonoraEE\" \/>\n<meta property=\"article:published_time\" content=\"2024-09-28T05:54:15+00:00\" \/>\n<meta property=\"article:modified_time\" content=\"2024-09-28T16:26:58+00:00\" \/>\n<meta property=\"og:image\" content=\"https:\/\/www.sonoraenequipo.com.mx\/storage\/2024\/09\/Claudia-Sheinbaum-en-Sonora-min.jpg\" \/>\n\t<meta property=\"og:image:width\" content=\"1024\" \/>\n\t<meta property=\"og:image:height\" content=\"575\" \/>\n\t<meta property=\"og:image:type\" content=\"image\/jpeg\" \/>\n<meta name=\"author\" content=\"enequipo\" \/>\n<meta name=\"twitter:card\" content=\"summary_large_image\" \/>\n<meta name=\"twitter:creator\" content=\"@sonoraenequipo\" \/>\n<meta name=\"twitter:site\" content=\"@sonoraenequipo\" \/>\n<meta name=\"twitter:label1\" content=\"Escrito por\" \/>\n\t<meta name=\"twitter:data1\" content=\"enequipo\" \/>\n\t<meta name=\"twitter:label2\" content=\"Tiempo de lectura\" \/>\n\t<meta name=\"twitter:data2\" content=\"4 minutos\" \/>\n<script type=\"application\/ld+json\" class=\"yoast-schema-graph\">{\"@context\":\"https:\/\/schema.org\",\"@graph\":[{\"@type\":\"Article\",\"@id\":\"https:\/\/www.sonoraenequipo.com.mx\/grandes-hombres-y-mujeres-ofrecen-perdon-sheinbaum\/#article\",\"isPartOf\":{\"@id\":\"https:\/\/www.sonoraenequipo.com.mx\/grandes-hombres-y-mujeres-ofrecen-perdon-sheinbaum\/\"},\"author\":{\"name\":\"enequipo\",\"@id\":\"https:\/\/www.sonoraenequipo.com.mx\/#\/schema\/person\/50102df0fb23a8fa9e8effad8fa81386\"},\"headline\":\"\u00abEl perd\u00f3n engrandece a los Pueblos, a las naciones, a las personas: Sheinbaum\",\"datePublished\":\"2024-09-28T05:54:15+00:00\",\"dateModified\":\"2024-09-28T16:26:58+00:00\",\"mainEntityOfPage\":{\"@id\":\"https:\/\/www.sonoraenequipo.com.mx\/grandes-hombres-y-mujeres-ofrecen-perdon-sheinbaum\/\"},\"wordCount\":808,\"commentCount\":0,\"publisher\":{\"@id\":\"https:\/\/www.sonoraenequipo.com.mx\/#organization\"},\"image\":{\"@id\":\"https:\/\/www.sonoraenequipo.com.mx\/grandes-hombres-y-mujeres-ofrecen-perdon-sheinbaum\/#primaryimage\"},\"thumbnailUrl\":\"https:\/\/www.sonoraenequipo.com.mx\/storage\/2024\/09\/Claudia-Sheinbaum-en-Sonora-min.jpg\",\"articleSection\":[\"Rep\u00fablica\"],\"inLanguage\":\"es\",\"potentialAction\":[{\"@type\":\"CommentAction\",\"name\":\"Comment\",\"target\":[\"https:\/\/www.sonoraenequipo.com.mx\/grandes-hombres-y-mujeres-ofrecen-perdon-sheinbaum\/#respond\"]}]},{\"@type\":\"WebPage\",\"@id\":\"https:\/\/www.sonoraenequipo.com.mx\/grandes-hombres-y-mujeres-ofrecen-perdon-sheinbaum\/\",\"url\":\"https:\/\/www.sonoraenequipo.com.mx\/grandes-hombres-y-mujeres-ofrecen-perdon-sheinbaum\/\",\"name\":\"Sonora en Equipo. \\\"El perd\u00f3n engrandece a los Pueblos, a las naciones, a las personas: Sheinbaum Rep\u00fablica\",\"isPartOf\":{\"@id\":\"https:\/\/www.sonoraenequipo.com.mx\/#website\"},\"primaryImageOfPage\":{\"@id\":\"https:\/\/www.sonoraenequipo.com.mx\/grandes-hombres-y-mujeres-ofrecen-perdon-sheinbaum\/#primaryimage\"},\"image\":{\"@id\":\"https:\/\/www.sonoraenequipo.com.mx\/grandes-hombres-y-mujeres-ofrecen-perdon-sheinbaum\/#primaryimage\"},\"thumbnailUrl\":\"https:\/\/www.sonoraenequipo.com.mx\/storage\/2024\/09\/Claudia-Sheinbaum-en-Sonora-min.jpg\",\"datePublished\":\"2024-09-28T05:54:15+00:00\",\"dateModified\":\"2024-09-28T16:26:58+00:00\",\"description\":\"V\u00cdCAM, PUEBLO, GUAYMAS, SONORA. MX. \u2014 En medio de la pol\u00e9mica causada porque la futura presidenta Claudia Sheinbaum Pardo decidi\u00f3 no invitar a su toma de En Sonora en Equipo publicamos toda la informaci\u00f3n de Sonora, M\u00e9xico y el Mundo de manera oportuna y busca que la libertad de expresi\u00f3n sea real. Visita nuestro medio informativo publicado desde Hermosillo, Sonora. %\",\"breadcrumb\":{\"@id\":\"https:\/\/www.sonoraenequipo.com.mx\/grandes-hombres-y-mujeres-ofrecen-perdon-sheinbaum\/#breadcrumb\"},\"inLanguage\":\"es\",\"potentialAction\":[{\"@type\":\"ReadAction\",\"target\":[\"https:\/\/www.sonoraenequipo.com.mx\/grandes-hombres-y-mujeres-ofrecen-perdon-sheinbaum\/\"]}]},{\"@type\":\"ImageObject\",\"inLanguage\":\"es\",\"@id\":\"https:\/\/www.sonoraenequipo.com.mx\/grandes-hombres-y-mujeres-ofrecen-perdon-sheinbaum\/#primaryimage\",\"url\":\"https:\/\/www.sonoraenequipo.com.mx\/storage\/2024\/09\/Claudia-Sheinbaum-en-Sonora-min.jpg\",\"contentUrl\":\"https:\/\/www.sonoraenequipo.com.mx\/storage\/2024\/09\/Claudia-Sheinbaum-en-Sonora-min.jpg\",\"width\":1024,\"height\":575},{\"@type\":\"BreadcrumbList\",\"@id\":\"https:\/\/www.sonoraenequipo.com.mx\/grandes-hombres-y-mujeres-ofrecen-perdon-sheinbaum\/#breadcrumb\",\"itemListElement\":[{\"@type\":\"ListItem\",\"position\":1,\"name\":\"Portada\",\"item\":\"https:\/\/www.sonoraenequipo.com.mx\/\"},{\"@type\":\"ListItem\",\"position\":2,\"name\":\"\u00abEl perd\u00f3n engrandece a los Pueblos, a las naciones, a las personas: Sheinbaum\"}]},{\"@type\":\"WebSite\",\"@id\":\"https:\/\/www.sonoraenequipo.com.mx\/#website\",\"url\":\"https:\/\/www.sonoraenequipo.com.mx\/\",\"name\":\"Sonora en Equipo.\",\"description\":\"Diario en l\u00ednea con Noticias desde Hermosillo, Sonora\",\"publisher\":{\"@id\":\"https:\/\/www.sonoraenequipo.com.mx\/#organization\"},\"potentialAction\":[{\"@type\":\"SearchAction\",\"target\":{\"@type\":\"EntryPoint\",\"urlTemplate\":\"https:\/\/www.sonoraenequipo.com.mx\/?s={search_term_string}\"},\"query-input\":{\"@type\":\"PropertyValueSpecification\",\"valueRequired\":true,\"valueName\":\"search_term_string\"}}],\"inLanguage\":\"es\"},{\"@type\":\"Organization\",\"@id\":\"https:\/\/www.sonoraenequipo.com.mx\/#organization\",\"name\":\"Sonoraenequipo.com.mx\",\"url\":\"https:\/\/www.sonoraenequipo.com.mx\/\",\"logo\":{\"@type\":\"ImageObject\",\"inLanguage\":\"es\",\"@id\":\"https:\/\/www.sonoraenequipo.com.mx\/#\/schema\/logo\/image\/\",\"url\":\"https:\/\/www.sonoraenequipo.com.mx\/storage\/2019\/01\/sonoraenequipo_opt.png\",\"contentUrl\":\"https:\/\/www.sonoraenequipo.com.mx\/storage\/2019\/01\/sonoraenequipo_opt.png\",\"width\":375,\"height\":125,\"caption\":\"Sonoraenequipo.com.mx\"},\"image\":{\"@id\":\"https:\/\/www.sonoraenequipo.com.mx\/#\/schema\/logo\/image\/\"},\"sameAs\":[\"https:\/\/www.facebook.com\/SonoraEE\/\",\"https:\/\/x.com\/sonoraenequipo\",\"https:\/\/www.youtube.com\/channel\/UC338nW-lPEYmJQs4ZABQ1SQ\"]},{\"@type\":\"Person\",\"@id\":\"https:\/\/www.sonoraenequipo.com.mx\/#\/schema\/person\/50102df0fb23a8fa9e8effad8fa81386\",\"name\":\"enequipo\",\"image\":{\"@type\":\"ImageObject\",\"inLanguage\":\"es\",\"@id\":\"https:\/\/www.sonoraenequipo.com.mx\/#\/schema\/person\/image\/\",\"url\":\"https:\/\/secure.gravatar.com\/avatar\/049821681b589dabc0bc20695993ccebb09f5b5d4d790cd9251b97faac7c652b?s=96&d=blank&r=g\",\"contentUrl\":\"https:\/\/secure.gravatar.com\/avatar\/049821681b589dabc0bc20695993ccebb09f5b5d4d790cd9251b97faac7c652b?s=96&d=blank&r=g\",\"caption\":\"enequipo\"},\"sameAs\":[\"https:\/\/www.facebook.com\/SonoraEE\"]}]}<\/script>\n ","yoast_head_json":{"title":"Sonora en Equipo. \"El perd\u00f3n engrandece a los Pueblos, a las naciones, a las personas: Sheinbaum Rep\u00fablica","description":"V\u00cdCAM, PUEBLO, GUAYMAS, SONORA. MX. \u2014 En medio de la pol\u00e9mica causada porque la futura presidenta Claudia Sheinbaum Pardo decidi\u00f3 no invitar a su toma de En Sonora en Equipo publicamos toda la informaci\u00f3n de Sonora, M\u00e9xico y el Mundo de manera oportuna y busca que la libertad de expresi\u00f3n sea real. Visita nuestro medio informativo publicado desde Hermosillo, Sonora. %","robots":{"index":"index","follow":"follow","max-snippet":"max-snippet:-1","max-image-preview":"max-image-preview:large","max-video-preview":"max-video-preview:-1"},"canonical":"https:\/\/www.sonoraenequipo.com.mx\/grandes-hombres-y-mujeres-ofrecen-perdon-sheinbaum\/","og_locale":"es_ES","og_type":"article","og_title":"Sonora en Equipo. \"El perd\u00f3n engrandece a los Pueblos, a las naciones, a las personas: Sheinbaum Rep\u00fablica","og_description":"V\u00cdCAM, PUEBLO, GUAYMAS, SONORA. MX. \u2014 En medio de la pol\u00e9mica causada porque la futura presidenta Claudia Sheinbaum Pardo decidi\u00f3 no invitar a su toma de En Sonora en Equipo publicamos toda la informaci\u00f3n de Sonora, M\u00e9xico y el Mundo de manera oportuna y busca que la libertad de expresi\u00f3n sea real. Visita nuestro medio informativo publicado desde Hermosillo, Sonora. %","og_url":"https:\/\/www.sonoraenequipo.com.mx\/grandes-hombres-y-mujeres-ofrecen-perdon-sheinbaum\/","og_site_name":"Sonora en Equipo.","article_publisher":"https:\/\/www.facebook.com\/SonoraEE\/","article_author":"https:\/\/www.facebook.com\/SonoraEE","article_published_time":"2024-09-28T05:54:15+00:00","article_modified_time":"2024-09-28T16:26:58+00:00","og_image":[{"width":1024,"height":575,"url":"https:\/\/www.sonoraenequipo.com.mx\/storage\/2024\/09\/Claudia-Sheinbaum-en-Sonora-min.jpg","type":"image\/jpeg"}],"author":"enequipo","twitter_card":"summary_large_image","twitter_creator":"@sonoraenequipo","twitter_site":"@sonoraenequipo","twitter_misc":{"Escrito por":"enequipo","Tiempo de lectura":"4 minutos"},"schema":{"@context":"https:\/\/schema.org","@graph":[{"@type":"Article","@id":"https:\/\/www.sonoraenequipo.com.mx\/grandes-hombres-y-mujeres-ofrecen-perdon-sheinbaum\/#article","isPartOf":{"@id":"https:\/\/www.sonoraenequipo.com.mx\/grandes-hombres-y-mujeres-ofrecen-perdon-sheinbaum\/"},"author":{"name":"enequipo","@id":"https:\/\/www.sonoraenequipo.com.mx\/#\/schema\/person\/50102df0fb23a8fa9e8effad8fa81386"},"headline":"\u00abEl perd\u00f3n engrandece a los Pueblos, a las naciones, a las personas: Sheinbaum","datePublished":"2024-09-28T05:54:15+00:00","dateModified":"2024-09-28T16:26:58+00:00","mainEntityOfPage":{"@id":"https:\/\/www.sonoraenequipo.com.mx\/grandes-hombres-y-mujeres-ofrecen-perdon-sheinbaum\/"},"wordCount":808,"commentCount":0,"publisher":{"@id":"https:\/\/www.sonoraenequipo.com.mx\/#organization"},"image":{"@id":"https:\/\/www.sonoraenequipo.com.mx\/grandes-hombres-y-mujeres-ofrecen-perdon-sheinbaum\/#primaryimage"},"thumbnailUrl":"https:\/\/www.sonoraenequipo.com.mx\/storage\/2024\/09\/Claudia-Sheinbaum-en-Sonora-min.jpg","articleSection":["Rep\u00fablica"],"inLanguage":"es","potentialAction":[{"@type":"CommentAction","name":"Comment","target":["https:\/\/www.sonoraenequipo.com.mx\/grandes-hombres-y-mujeres-ofrecen-perdon-sheinbaum\/#respond"]}]},{"@type":"WebPage","@id":"https:\/\/www.sonoraenequipo.com.mx\/grandes-hombres-y-mujeres-ofrecen-perdon-sheinbaum\/","url":"https:\/\/www.sonoraenequipo.com.mx\/grandes-hombres-y-mujeres-ofrecen-perdon-sheinbaum\/","name":"Sonora en Equipo. \"El perd\u00f3n engrandece a los Pueblos, a las naciones, a las personas: Sheinbaum Rep\u00fablica","isPartOf":{"@id":"https:\/\/www.sonoraenequipo.com.mx\/#website"},"primaryImageOfPage":{"@id":"https:\/\/www.sonoraenequipo.com.mx\/grandes-hombres-y-mujeres-ofrecen-perdon-sheinbaum\/#primaryimage"},"image":{"@id":"https:\/\/www.sonoraenequipo.com.mx\/grandes-hombres-y-mujeres-ofrecen-perdon-sheinbaum\/#primaryimage"},"thumbnailUrl":"https:\/\/www.sonoraenequipo.com.mx\/storage\/2024\/09\/Claudia-Sheinbaum-en-Sonora-min.jpg","datePublished":"2024-09-28T05:54:15+00:00","dateModified":"2024-09-28T16:26:58+00:00","description":"V\u00cdCAM, PUEBLO, GUAYMAS, SONORA. MX. \u2014 En medio de la pol\u00e9mica causada porque la futura presidenta Claudia Sheinbaum Pardo decidi\u00f3 no invitar a su toma de En Sonora en Equipo publicamos toda la informaci\u00f3n de Sonora, M\u00e9xico y el Mundo de manera oportuna y busca que la libertad de expresi\u00f3n sea real. Visita nuestro medio informativo publicado desde Hermosillo, Sonora. %","breadcrumb":{"@id":"https:\/\/www.sonoraenequipo.com.mx\/grandes-hombres-y-mujeres-ofrecen-perdon-sheinbaum\/#breadcrumb"},"inLanguage":"es","potentialAction":[{"@type":"ReadAction","target":["https:\/\/www.sonoraenequipo.com.mx\/grandes-hombres-y-mujeres-ofrecen-perdon-sheinbaum\/"]}]},{"@type":"ImageObject","inLanguage":"es","@id":"https:\/\/www.sonoraenequipo.com.mx\/grandes-hombres-y-mujeres-ofrecen-perdon-sheinbaum\/#primaryimage","url":"https:\/\/www.sonoraenequipo.com.mx\/storage\/2024\/09\/Claudia-Sheinbaum-en-Sonora-min.jpg","contentUrl":"https:\/\/www.sonoraenequipo.com.mx\/storage\/2024\/09\/Claudia-Sheinbaum-en-Sonora-min.jpg","width":1024,"height":575},{"@type":"BreadcrumbList","@id":"https:\/\/www.sonoraenequipo.com.mx\/grandes-hombres-y-mujeres-ofrecen-perdon-sheinbaum\/#breadcrumb","itemListElement":[{"@type":"ListItem","position":1,"name":"Portada","item":"https:\/\/www.sonoraenequipo.com.mx\/"},{"@type":"ListItem","position":2,"name":"\u00abEl perd\u00f3n engrandece a los Pueblos, a las naciones, a las personas: Sheinbaum"}]},{"@type":"WebSite","@id":"https:\/\/www.sonoraenequipo.com.mx\/#website","url":"https:\/\/www.sonoraenequipo.com.mx\/","name":"Sonora en Equipo.","description":"Diario en l\u00ednea con Noticias desde Hermosillo, Sonora","publisher":{"@id":"https:\/\/www.sonoraenequipo.com.mx\/#organization"},"potentialAction":[{"@type":"SearchAction","target":{"@type":"EntryPoint","urlTemplate":"https:\/\/www.sonoraenequipo.com.mx\/?s={search_term_string}"},"query-input":{"@type":"PropertyValueSpecification","valueRequired":true,"valueName":"search_term_string"}}],"inLanguage":"es"},{"@type":"Organization","@id":"https:\/\/www.sonoraenequipo.com.mx\/#organization","name":"Sonoraenequipo.com.mx","url":"https:\/\/www.sonoraenequipo.com.mx\/","logo":{"@type":"ImageObject","inLanguage":"es","@id":"https:\/\/www.sonoraenequipo.com.mx\/#\/schema\/logo\/image\/","url":"https:\/\/www.sonoraenequipo.com.mx\/storage\/2019\/01\/sonoraenequipo_opt.png","contentUrl":"https:\/\/www.sonoraenequipo.com.mx\/storage\/2019\/01\/sonoraenequipo_opt.png","width":375,"height":125,"caption":"Sonoraenequipo.com.mx"},"image":{"@id":"https:\/\/www.sonoraenequipo.com.mx\/#\/schema\/logo\/image\/"},"sameAs":["https:\/\/www.facebook.com\/SonoraEE\/","https:\/\/x.com\/sonoraenequipo","https:\/\/www.youtube.com\/channel\/UC338nW-lPEYmJQs4ZABQ1SQ"]},{"@type":"Person","@id":"https:\/\/www.sonoraenequipo.com.mx\/#\/schema\/person\/50102df0fb23a8fa9e8effad8fa81386","name":"enequipo","image":{"@type":"ImageObject","inLanguage":"es","@id":"https:\/\/www.sonoraenequipo.com.mx\/#\/schema\/person\/image\/","url":"https:\/\/secure.gravatar.com\/avatar\/049821681b589dabc0bc20695993ccebb09f5b5d4d790cd9251b97faac7c652b?s=96&d=blank&r=g","contentUrl":"https:\/\/secure.gravatar.com\/avatar\/049821681b589dabc0bc20695993ccebb09f5b5d4d790cd9251b97faac7c652b?s=96&d=blank&r=g","caption":"enequipo"},"sameAs":["https:\/\/www.facebook.com\/SonoraEE"]}]}},"jetpack_featured_media_url":"https:\/\/www.sonoraenequipo.com.mx\/storage\/2024\/09\/Claudia-Sheinbaum-en-Sonora-min.jpg","_links":{"self":[{"href":"https:\/\/www.sonoraenequipo.com.mx\/api\/wp\/v2\/posts\/200104","targetHints":{"allow":["GET"]}}],"collection":[{"href":"https:\/\/www.sonoraenequipo.com.mx\/api\/wp\/v2\/posts"}],"about":[{"href":"https:\/\/www.sonoraenequipo.com.mx\/api\/wp\/v2\/types\/post"}],"author":[{"embeddable":true,"href":"https:\/\/www.sonoraenequipo.com.mx\/api\/wp\/v2\/users\/1"}],"replies":[{"embeddable":true,"href":"https:\/\/www.sonoraenequipo.com.mx\/api\/wp\/v2\/comments?post=200104"}],"version-history":[{"count":4,"href":"https:\/\/www.sonoraenequipo.com.mx\/api\/wp\/v2\/posts\/200104\/revisions"}],"predecessor-version":[{"id":200116,"href":"https:\/\/www.sonoraenequipo.com.mx\/api\/wp\/v2\/posts\/200104\/revisions\/200116"}],"wp:featuredmedia":[{"embeddable":true,"href":"https:\/\/www.sonoraenequipo.com.mx\/api\/wp\/v2\/media\/200102"}],"wp:attachment":[{"href":"https:\/\/www.sonoraenequipo.com.mx\/api\/wp\/v2\/media?parent=200104"}],"wp:term":[{"taxonomy":"category","embeddable":true,"href":"https:\/\/www.sonoraenequipo.com.mx\/api\/wp\/v2\/categories?post=200104"},{"taxonomy":"post_tag","embeddable":true,"href":"https:\/\/www.sonoraenequipo.com.mx\/api\/wp\/v2\/tags?post=200104"}],"curies":[{"name":"wp","href":"https:\/\/api.w.org\/{rel}","templated":true}]}}