{"id":200106,"date":"2024-09-27T23:10:52","date_gmt":"2024-09-28T06:10:52","guid":{"rendered":"https:\/\/www.sonoraenequipo.com.mx\/?p=200106"},"modified":"2024-09-28T09:16:29","modified_gmt":"2024-09-28T16:16:29","slug":"inauguran-ampliacion-del-primer-nivel-de-edificio-del-departamento-de-ciencias-del-deporte","status":"publish","type":"post","link":"https:\/\/www.sonoraenequipo.com.mx\/inauguran-ampliacion-del-primer-nivel-de-edificio-del-departamento-de-ciencias-del-deporte\/","title":{"rendered":"Inauguran ampliaci\u00f3n del primer nivel de edificio del Departamento de Ciencias del Deporte"},"content":{"rendered":"<p><strong>HERMOSILLO, SONORA. MX.<\/strong> \u2014 La rectora Mar\u00eda Rita Plancarte Mart\u00ednez inaugur\u00f3 este viernes, 27 de septiembre, el primer nivel del edificio 7M, una ampliaci\u00f3n para el Departamento de Ciencias del Deporte y de la Actividad F\u00edsica que tuvo una inversi\u00f3n superior a los 8 millones de pesos.<\/p>\n<p>&nbsp;<\/p>\n<p>&nbsp;<\/p>\n<p>&nbsp;<\/p>\n<p> <\/p>\n<p>La develaci\u00f3n de la placa alusiva se realiz\u00f3 por la misma rectora, quien estuvo acompa\u00f1ada por su equipo de trabajo, as\u00ed como por estudiantes de la Licenciatura en Fisioterapia y acad\u00e9micos que ser\u00e1n los principales beneficiarios de los nuevos espacios.<\/p>\n<p>&nbsp;<\/p>\n<p>Plancarte Mart\u00ednez record\u00f3 cuando se pens\u00f3 en abrir este programa educativo y encausarlo en el Departamento de Ciencias del Deporte y de la Actividad F\u00edsica.<\/p>\n<p>&nbsp;<\/p>\n<p><em><strong>\u201cEspero que se sientan parte de la Universidad, de este departamento, y que vivan esa vocaci\u00f3n y que la desarrollen, pues tienen muchas oportunidades y creo que nosotros estamos respondiendo de manera clara a esta necesidad de la sociedad sonorense y alas vocaciones particulares que se van a formar y desarrollar aqu\u00ed\u201d<\/strong><\/em>, precis\u00f3.<\/p>\n<p>&nbsp;<\/p>\n<p>&nbsp;<\/p>\n<h3>Detallan inversi\u00f3n<\/h3>\n<p>&nbsp;<\/p>\n<p>&nbsp;<\/p>\n<p>El director de Infraestructura y Adquisiciones de la instituci\u00f3n, Rafael Boj\u00f3rquez Manzo, dijo que esta fue una ampliaci\u00f3n del primer nivel del edificio 7M y consta de la construcci\u00f3n de cinco aulas convencionales, oficina para la coordinaci\u00f3n administrativa, cinco cub\u00edculos de maestros, sala de maestros, instalaciones sanitarias y almac\u00e9n.<\/p>\n<p>&nbsp;<\/p>\n<p>&nbsp;<\/p>\n<p>El funcionario explic\u00f3 que fue una obra contratada bajo procedimiento de licitaci\u00f3n p\u00fablica y con el antecedente de haberse construido la planta baja en el a\u00f1o 2016. \u201c<\/p>\n<p>&nbsp;<\/p>\n<p>&nbsp;<\/p>\n<p>La ampliaci\u00f3n consisti\u00f3 en las aulas que est\u00e1n del lado sur y la parte que est\u00e1 del lado norte; en general, fueron 565 metros cuadrados los de construcci\u00f3n y se incluyen todos los equipos de climatizaci\u00f3n\u201d, especific\u00f3.<\/p>\n<p>&nbsp;<\/p>\n<p>Adem\u00e1s, se\u00f1al\u00f3 que se incluye el equipo de climatizaci\u00f3n para el Sal\u00f3n de Usos M\u00faltiples que se ubica en la planta baja del ala norte, as\u00ed como iluminaci\u00f3n LED, canceler\u00eda de doble vidrio para efectos de aislamiento t\u00e9rmico y ac\u00fastico.<\/p>\n<p>&nbsp;<\/p>\n<p>&nbsp;<\/p>\n<p>Tambi\u00e9n se sustituy\u00f3 una central, una subestaci\u00f3n el\u00e9ctrica para soporte de la ampliaci\u00f3n con capacidad para 56 y 25 toneladas para la sala de usos m\u00faltiples con estructuras generales de un edificio construido con concreto reforzado y uniformizado con los acabados institucionales en t\u00e9rminos generales.<\/p>\n<p>&nbsp;<\/p>\n<p>Boj\u00f3rquez Manzo a\u00f1adi\u00f3 que se hizo otra obra adicional, un \u00e1rea de esparcimiento, convivencia y estudio para la comunidad del departamento de Deportes, reconociendo la capacidad de gesti\u00f3n de la rector\u00eda para conseguir los recursos por 850 mil pesos que se invirtieron en el lugar.<\/p>\n<p>&nbsp;<\/p>\n<h3>\nEmotiva bienvenida<\/h3>\n<p>&nbsp;<\/p>\n<p>La bienvenida al evento fue ofrecida por la encargada del Departamento de Ciencias del Deporte y de la Actividad F\u00edsica, Graciela Hoyos Ruiz, quien destac\u00f3 la participaci\u00f3n y el inter\u00e9s de las autoridades universitarias por apoyar con la infraestructura necesariaa esta \u00e1rea acad\u00e9mica de la instituci\u00f3n.<\/p>\n<p>&nbsp;<\/p>\n<p>&nbsp;<\/p>\n<p>La funcionaria universitaria agradeci\u00f3 todo el apoyo para lograr, ahora, tener estas instalaciones que brindar\u00e1n los espacios suficientes y necesarios para el desempe\u00f1o docente y acad\u00e9mico de profesores y estudiantes.<\/p>\n<p>&nbsp;<\/p>\n<p>&nbsp;<\/p>\n<p>Durante la ceremonia estuvieron presentes tambi\u00e9n el director Administrativo del campus Hermosillo, Joel Enrique Espejel Blanco; el coordinador General de la Facultad Interdisciplinaria de Ciencias Biol\u00f3gicas y de Salud, Juan Carlos G\u00e1lvez Ruiz; el secretario de Rector\u00eda, Benjam\u00edn Burgos Flores, adem\u00e1s de otros funcionarios, docentesy estudiantes.<\/p>\n<p>&nbsp;<\/p>\n<p>&nbsp;<\/p>\n<p>&nbsp;<\/p>\n<p>PUBLICADO EL 27 SEPTIEMBRE DE 2024 Con informaci\u00f3n de CS UNISON)<\/p>\n","protected":false},"excerpt":{"rendered":"<p>HERMOSILLO, SONORA. MX. \u2014 La rectora Mar\u00eda Rita Plancarte Mart\u00ednez inaugur\u00f3 este viernes, 27 de&#8230;<\/p>\n","protected":false},"author":1,"featured_media":200107,"comment_status":"open","ping_status":"open","sticky":false,"template":"","format":"standard","meta":{"_monsterinsights_skip_tracking":false,"_monsterinsights_sitenote_active":false,"_monsterinsights_sitenote_note":"","_monsterinsights_sitenote_category":0,"footnotes":""},"categories":[22],"tags":[],"class_list":["post"],"yoast_head":" \n<title>Sonora en Equipo. Inauguran ampliaci\u00f3n del primer nivel de edificio del Departamento de Ciencias del Deporte Sonora<\/title>\n<meta name=\"description\" content=\"HERMOSILLO, SONORA. MX. \u2014 La rectora Mar\u00eda Rita Plancarte Mart\u00ednez inaugur\u00f3 este viernes, 27 de septiembre, el primer nivel del edificio 7M, una En Sonora en Equipo publicamos toda la informaci\u00f3n de Sonora, M\u00e9xico y el Mundo de manera oportuna y busca que la libertad de expresi\u00f3n sea real. Visita nuestro medio informativo publicado desde Hermosillo, Sonora. %\" \/>\n<meta name=\"robots\" content=\"index, follow, max-snippet:-1, max-image-preview:large, max-video-preview:-1\" \/>\n<link rel=\"canonical\" href=\"https:\/\/www.sonoraenequipo.com.mx\/inauguran-ampliacion-del-primer-nivel-de-edificio-del-departamento-de-ciencias-del-deporte\/\" \/>\n<meta property=\"og:locale\" content=\"es_ES\" \/>\n<meta property=\"og:type\" content=\"article\" \/>\n<meta property=\"og:title\" content=\"Sonora en Equipo. Inauguran ampliaci\u00f3n del primer nivel de edificio del Departamento de Ciencias del Deporte Sonora\" \/>\n<meta property=\"og:description\" content=\"HERMOSILLO, SONORA. MX. \u2014 La rectora Mar\u00eda Rita Plancarte Mart\u00ednez inaugur\u00f3 este viernes, 27 de septiembre, el primer nivel del edificio 7M, una En Sonora en Equipo publicamos toda la informaci\u00f3n de Sonora, M\u00e9xico y el Mundo de manera oportuna y busca que la libertad de expresi\u00f3n sea real. Visita nuestro medio informativo publicado desde Hermosillo, Sonora. %\" \/>\n<meta property=\"og:url\" content=\"https:\/\/www.sonoraenequipo.com.mx\/inauguran-ampliacion-del-primer-nivel-de-edificio-del-departamento-de-ciencias-del-deporte\/\" \/>\n<meta property=\"og:site_name\" content=\"Sonora en Equipo.\" \/>\n<meta property=\"article:publisher\" content=\"https:\/\/www.facebook.com\/SonoraEE\/\" \/>\n<meta property=\"article:author\" content=\"https:\/\/www.facebook.com\/SonoraEE\" \/>\n<meta property=\"article:published_time\" content=\"2024-09-28T06:10:52+00:00\" \/>\n<meta property=\"article:modified_time\" content=\"2024-09-28T16:16:29+00:00\" \/>\n<meta property=\"og:image\" content=\"https:\/\/www.sonoraenequipo.com.mx\/storage\/2024\/09\/placa-del-edificio-de-Ciencias-del-Deporte-min.jpg\" \/>\n\t<meta property=\"og:image:width\" content=\"900\" \/>\n\t<meta property=\"og:image:height\" content=\"571\" \/>\n\t<meta property=\"og:image:type\" content=\"image\/jpeg\" \/>\n<meta name=\"author\" content=\"enequipo\" \/>\n<meta name=\"twitter:card\" content=\"summary_large_image\" \/>\n<meta name=\"twitter:creator\" content=\"@sonoraenequipo\" \/>\n<meta name=\"twitter:site\" content=\"@sonoraenequipo\" \/>\n<meta name=\"twitter:label1\" content=\"Escrito por\" \/>\n\t<meta name=\"twitter:data1\" content=\"enequipo\" \/>\n\t<meta name=\"twitter:label2\" content=\"Tiempo de lectura\" \/>\n\t<meta name=\"twitter:data2\" content=\"3 minutos\" \/>\n<script type=\"application\/ld+json\" class=\"yoast-schema-graph\">{\"@context\":\"https:\/\/schema.org\",\"@graph\":[{\"@type\":\"Article\",\"@id\":\"https:\/\/www.sonoraenequipo.com.mx\/inauguran-ampliacion-del-primer-nivel-de-edificio-del-departamento-de-ciencias-del-deporte\/#article\",\"isPartOf\":{\"@id\":\"https:\/\/www.sonoraenequipo.com.mx\/inauguran-ampliacion-del-primer-nivel-de-edificio-del-departamento-de-ciencias-del-deporte\/\"},\"author\":{\"name\":\"enequipo\",\"@id\":\"https:\/\/www.sonoraenequipo.com.mx\/#\/schema\/person\/50102df0fb23a8fa9e8effad8fa81386\"},\"headline\":\"Inauguran ampliaci\u00f3n del primer nivel de edificio del Departamento de Ciencias del Deporte\",\"datePublished\":\"2024-09-28T06:10:52+00:00\",\"dateModified\":\"2024-09-28T16:16:29+00:00\",\"mainEntityOfPage\":{\"@id\":\"https:\/\/www.sonoraenequipo.com.mx\/inauguran-ampliacion-del-primer-nivel-de-edificio-del-departamento-de-ciencias-del-deporte\/\"},\"wordCount\":636,\"commentCount\":0,\"publisher\":{\"@id\":\"https:\/\/www.sonoraenequipo.com.mx\/#organization\"},\"image\":{\"@id\":\"https:\/\/www.sonoraenequipo.com.mx\/inauguran-ampliacion-del-primer-nivel-de-edificio-del-departamento-de-ciencias-del-deporte\/#primaryimage\"},\"thumbnailUrl\":\"https:\/\/www.sonoraenequipo.com.mx\/storage\/2024\/09\/placa-del-edificio-de-Ciencias-del-Deporte-min.jpg\",\"articleSection\":[\"Sonora\"],\"inLanguage\":\"es\",\"potentialAction\":[{\"@type\":\"CommentAction\",\"name\":\"Comment\",\"target\":[\"https:\/\/www.sonoraenequipo.com.mx\/inauguran-ampliacion-del-primer-nivel-de-edificio-del-departamento-de-ciencias-del-deporte\/#respond\"]}]},{\"@type\":\"WebPage\",\"@id\":\"https:\/\/www.sonoraenequipo.com.mx\/inauguran-ampliacion-del-primer-nivel-de-edificio-del-departamento-de-ciencias-del-deporte\/\",\"url\":\"https:\/\/www.sonoraenequipo.com.mx\/inauguran-ampliacion-del-primer-nivel-de-edificio-del-departamento-de-ciencias-del-deporte\/\",\"name\":\"Sonora en Equipo. Inauguran ampliaci\u00f3n del primer nivel de edificio del Departamento de Ciencias del Deporte Sonora\",\"isPartOf\":{\"@id\":\"https:\/\/www.sonoraenequipo.com.mx\/#website\"},\"primaryImageOfPage\":{\"@id\":\"https:\/\/www.sonoraenequipo.com.mx\/inauguran-ampliacion-del-primer-nivel-de-edificio-del-departamento-de-ciencias-del-deporte\/#primaryimage\"},\"image\":{\"@id\":\"https:\/\/www.sonoraenequipo.com.mx\/inauguran-ampliacion-del-primer-nivel-de-edificio-del-departamento-de-ciencias-del-deporte\/#primaryimage\"},\"thumbnailUrl\":\"https:\/\/www.sonoraenequipo.com.mx\/storage\/2024\/09\/placa-del-edificio-de-Ciencias-del-Deporte-min.jpg\",\"datePublished\":\"2024-09-28T06:10:52+00:00\",\"dateModified\":\"2024-09-28T16:16:29+00:00\",\"description\":\"HERMOSILLO, SONORA. MX. \u2014 La rectora Mar\u00eda Rita Plancarte Mart\u00ednez inaugur\u00f3 este viernes, 27 de septiembre, el primer nivel del edificio 7M, una En Sonora en Equipo publicamos toda la informaci\u00f3n de Sonora, M\u00e9xico y el Mundo de manera oportuna y busca que la libertad de expresi\u00f3n sea real. Visita nuestro medio informativo publicado desde Hermosillo, Sonora. %\",\"breadcrumb\":{\"@id\":\"https:\/\/www.sonoraenequipo.com.mx\/inauguran-ampliacion-del-primer-nivel-de-edificio-del-departamento-de-ciencias-del-deporte\/#breadcrumb\"},\"inLanguage\":\"es\",\"potentialAction\":[{\"@type\":\"ReadAction\",\"target\":[\"https:\/\/www.sonoraenequipo.com.mx\/inauguran-ampliacion-del-primer-nivel-de-edificio-del-departamento-de-ciencias-del-deporte\/\"]}]},{\"@type\":\"ImageObject\",\"inLanguage\":\"es\",\"@id\":\"https:\/\/www.sonoraenequipo.com.mx\/inauguran-ampliacion-del-primer-nivel-de-edificio-del-departamento-de-ciencias-del-deporte\/#primaryimage\",\"url\":\"https:\/\/www.sonoraenequipo.com.mx\/storage\/2024\/09\/placa-del-edificio-de-Ciencias-del-Deporte-min.jpg\",\"contentUrl\":\"https:\/\/www.sonoraenequipo.com.mx\/storage\/2024\/09\/placa-del-edificio-de-Ciencias-del-Deporte-min.jpg\",\"width\":900,\"height\":571},{\"@type\":\"BreadcrumbList\",\"@id\":\"https:\/\/www.sonoraenequipo.com.mx\/inauguran-ampliacion-del-primer-nivel-de-edificio-del-departamento-de-ciencias-del-deporte\/#breadcrumb\",\"itemListElement\":[{\"@type\":\"ListItem\",\"position\":1,\"name\":\"Portada\",\"item\":\"https:\/\/www.sonoraenequipo.com.mx\/\"},{\"@type\":\"ListItem\",\"position\":2,\"name\":\"Inauguran ampliaci\u00f3n del primer nivel de edificio del Departamento de Ciencias del Deporte\"}]},{\"@type\":\"WebSite\",\"@id\":\"https:\/\/www.sonoraenequipo.com.mx\/#website\",\"url\":\"https:\/\/www.sonoraenequipo.com.mx\/\",\"name\":\"Sonora en Equipo.\",\"description\":\"Diario en l\u00ednea con Noticias desde Hermosillo, Sonora\",\"publisher\":{\"@id\":\"https:\/\/www.sonoraenequipo.com.mx\/#organization\"},\"potentialAction\":[{\"@type\":\"SearchAction\",\"target\":{\"@type\":\"EntryPoint\",\"urlTemplate\":\"https:\/\/www.sonoraenequipo.com.mx\/?s={search_term_string}\"},\"query-input\":{\"@type\":\"PropertyValueSpecification\",\"valueRequired\":true,\"valueName\":\"search_term_string\"}}],\"inLanguage\":\"es\"},{\"@type\":\"Organization\",\"@id\":\"https:\/\/www.sonoraenequipo.com.mx\/#organization\",\"name\":\"Sonoraenequipo.com.mx\",\"url\":\"https:\/\/www.sonoraenequipo.com.mx\/\",\"logo\":{\"@type\":\"ImageObject\",\"inLanguage\":\"es\",\"@id\":\"https:\/\/www.sonoraenequipo.com.mx\/#\/schema\/logo\/image\/\",\"url\":\"https:\/\/www.sonoraenequipo.com.mx\/storage\/2019\/01\/sonoraenequipo_opt.png\",\"contentUrl\":\"https:\/\/www.sonoraenequipo.com.mx\/storage\/2019\/01\/sonoraenequipo_opt.png\",\"width\":375,\"height\":125,\"caption\":\"Sonoraenequipo.com.mx\"},\"image\":{\"@id\":\"https:\/\/www.sonoraenequipo.com.mx\/#\/schema\/logo\/image\/\"},\"sameAs\":[\"https:\/\/www.facebook.com\/SonoraEE\/\",\"https:\/\/x.com\/sonoraenequipo\",\"https:\/\/www.youtube.com\/channel\/UC338nW-lPEYmJQs4ZABQ1SQ\"]},{\"@type\":\"Person\",\"@id\":\"https:\/\/www.sonoraenequipo.com.mx\/#\/schema\/person\/50102df0fb23a8fa9e8effad8fa81386\",\"name\":\"enequipo\",\"image\":{\"@type\":\"ImageObject\",\"inLanguage\":\"es\",\"@id\":\"https:\/\/www.sonoraenequipo.com.mx\/#\/schema\/person\/image\/\",\"url\":\"https:\/\/secure.gravatar.com\/avatar\/049821681b589dabc0bc20695993ccebb09f5b5d4d790cd9251b97faac7c652b?s=96&d=blank&r=g\",\"contentUrl\":\"https:\/\/secure.gravatar.com\/avatar\/049821681b589dabc0bc20695993ccebb09f5b5d4d790cd9251b97faac7c652b?s=96&d=blank&r=g\",\"caption\":\"enequipo\"},\"sameAs\":[\"https:\/\/www.facebook.com\/SonoraEE\"]}]}<\/script>\n ","yoast_head_json":{"title":"Sonora en Equipo. Inauguran ampliaci\u00f3n del primer nivel de edificio del Departamento de Ciencias del Deporte Sonora","description":"HERMOSILLO, SONORA. MX. \u2014 La rectora Mar\u00eda Rita Plancarte Mart\u00ednez inaugur\u00f3 este viernes, 27 de septiembre, el primer nivel del edificio 7M, una En Sonora en Equipo publicamos toda la informaci\u00f3n de Sonora, M\u00e9xico y el Mundo de manera oportuna y busca que la libertad de expresi\u00f3n sea real. Visita nuestro medio informativo publicado desde Hermosillo, Sonora. %","robots":{"index":"index","follow":"follow","max-snippet":"max-snippet:-1","max-image-preview":"max-image-preview:large","max-video-preview":"max-video-preview:-1"},"canonical":"https:\/\/www.sonoraenequipo.com.mx\/inauguran-ampliacion-del-primer-nivel-de-edificio-del-departamento-de-ciencias-del-deporte\/","og_locale":"es_ES","og_type":"article","og_title":"Sonora en Equipo. Inauguran ampliaci\u00f3n del primer nivel de edificio del Departamento de Ciencias del Deporte Sonora","og_description":"HERMOSILLO, SONORA. MX. \u2014 La rectora Mar\u00eda Rita Plancarte Mart\u00ednez inaugur\u00f3 este viernes, 27 de septiembre, el primer nivel del edificio 7M, una En Sonora en Equipo publicamos toda la informaci\u00f3n de Sonora, M\u00e9xico y el Mundo de manera oportuna y busca que la libertad de expresi\u00f3n sea real. Visita nuestro medio informativo publicado desde Hermosillo, Sonora. %","og_url":"https:\/\/www.sonoraenequipo.com.mx\/inauguran-ampliacion-del-primer-nivel-de-edificio-del-departamento-de-ciencias-del-deporte\/","og_site_name":"Sonora en Equipo.","article_publisher":"https:\/\/www.facebook.com\/SonoraEE\/","article_author":"https:\/\/www.facebook.com\/SonoraEE","article_published_time":"2024-09-28T06:10:52+00:00","article_modified_time":"2024-09-28T16:16:29+00:00","og_image":[{"width":900,"height":571,"url":"https:\/\/www.sonoraenequipo.com.mx\/storage\/2024\/09\/placa-del-edificio-de-Ciencias-del-Deporte-min.jpg","type":"image\/jpeg"}],"author":"enequipo","twitter_card":"summary_large_image","twitter_creator":"@sonoraenequipo","twitter_site":"@sonoraenequipo","twitter_misc":{"Escrito por":"enequipo","Tiempo de lectura":"3 minutos"},"schema":{"@context":"https:\/\/schema.org","@graph":[{"@type":"Article","@id":"https:\/\/www.sonoraenequipo.com.mx\/inauguran-ampliacion-del-primer-nivel-de-edificio-del-departamento-de-ciencias-del-deporte\/#article","isPartOf":{"@id":"https:\/\/www.sonoraenequipo.com.mx\/inauguran-ampliacion-del-primer-nivel-de-edificio-del-departamento-de-ciencias-del-deporte\/"},"author":{"name":"enequipo","@id":"https:\/\/www.sonoraenequipo.com.mx\/#\/schema\/person\/50102df0fb23a8fa9e8effad8fa81386"},"headline":"Inauguran ampliaci\u00f3n del primer nivel de edificio del Departamento de Ciencias del Deporte","datePublished":"2024-09-28T06:10:52+00:00","dateModified":"2024-09-28T16:16:29+00:00","mainEntityOfPage":{"@id":"https:\/\/www.sonoraenequipo.com.mx\/inauguran-ampliacion-del-primer-nivel-de-edificio-del-departamento-de-ciencias-del-deporte\/"},"wordCount":636,"commentCount":0,"publisher":{"@id":"https:\/\/www.sonoraenequipo.com.mx\/#organization"},"image":{"@id":"https:\/\/www.sonoraenequipo.com.mx\/inauguran-ampliacion-del-primer-nivel-de-edificio-del-departamento-de-ciencias-del-deporte\/#primaryimage"},"thumbnailUrl":"https:\/\/www.sonoraenequipo.com.mx\/storage\/2024\/09\/placa-del-edificio-de-Ciencias-del-Deporte-min.jpg","articleSection":["Sonora"],"inLanguage":"es","potentialAction":[{"@type":"CommentAction","name":"Comment","target":["https:\/\/www.sonoraenequipo.com.mx\/inauguran-ampliacion-del-primer-nivel-de-edificio-del-departamento-de-ciencias-del-deporte\/#respond"]}]},{"@type":"WebPage","@id":"https:\/\/www.sonoraenequipo.com.mx\/inauguran-ampliacion-del-primer-nivel-de-edificio-del-departamento-de-ciencias-del-deporte\/","url":"https:\/\/www.sonoraenequipo.com.mx\/inauguran-ampliacion-del-primer-nivel-de-edificio-del-departamento-de-ciencias-del-deporte\/","name":"Sonora en Equipo. Inauguran ampliaci\u00f3n del primer nivel de edificio del Departamento de Ciencias del Deporte Sonora","isPartOf":{"@id":"https:\/\/www.sonoraenequipo.com.mx\/#website"},"primaryImageOfPage":{"@id":"https:\/\/www.sonoraenequipo.com.mx\/inauguran-ampliacion-del-primer-nivel-de-edificio-del-departamento-de-ciencias-del-deporte\/#primaryimage"},"image":{"@id":"https:\/\/www.sonoraenequipo.com.mx\/inauguran-ampliacion-del-primer-nivel-de-edificio-del-departamento-de-ciencias-del-deporte\/#primaryimage"},"thumbnailUrl":"https:\/\/www.sonoraenequipo.com.mx\/storage\/2024\/09\/placa-del-edificio-de-Ciencias-del-Deporte-min.jpg","datePublished":"2024-09-28T06:10:52+00:00","dateModified":"2024-09-28T16:16:29+00:00","description":"HERMOSILLO, SONORA. MX. \u2014 La rectora Mar\u00eda Rita Plancarte Mart\u00ednez inaugur\u00f3 este viernes, 27 de septiembre, el primer nivel del edificio 7M, una En Sonora en Equipo publicamos toda la informaci\u00f3n de Sonora, M\u00e9xico y el Mundo de manera oportuna y busca que la libertad de expresi\u00f3n sea real. Visita nuestro medio informativo publicado desde Hermosillo, Sonora. %","breadcrumb":{"@id":"https:\/\/www.sonoraenequipo.com.mx\/inauguran-ampliacion-del-primer-nivel-de-edificio-del-departamento-de-ciencias-del-deporte\/#breadcrumb"},"inLanguage":"es","potentialAction":[{"@type":"ReadAction","target":["https:\/\/www.sonoraenequipo.com.mx\/inauguran-ampliacion-del-primer-nivel-de-edificio-del-departamento-de-ciencias-del-deporte\/"]}]},{"@type":"ImageObject","inLanguage":"es","@id":"https:\/\/www.sonoraenequipo.com.mx\/inauguran-ampliacion-del-primer-nivel-de-edificio-del-departamento-de-ciencias-del-deporte\/#primaryimage","url":"https:\/\/www.sonoraenequipo.com.mx\/storage\/2024\/09\/placa-del-edificio-de-Ciencias-del-Deporte-min.jpg","contentUrl":"https:\/\/www.sonoraenequipo.com.mx\/storage\/2024\/09\/placa-del-edificio-de-Ciencias-del-Deporte-min.jpg","width":900,"height":571},{"@type":"BreadcrumbList","@id":"https:\/\/www.sonoraenequipo.com.mx\/inauguran-ampliacion-del-primer-nivel-de-edificio-del-departamento-de-ciencias-del-deporte\/#breadcrumb","itemListElement":[{"@type":"ListItem","position":1,"name":"Portada","item":"https:\/\/www.sonoraenequipo.com.mx\/"},{"@type":"ListItem","position":2,"name":"Inauguran ampliaci\u00f3n del primer nivel de edificio del Departamento de Ciencias del Deporte"}]},{"@type":"WebSite","@id":"https:\/\/www.sonoraenequipo.com.mx\/#website","url":"https:\/\/www.sonoraenequipo.com.mx\/","name":"Sonora en Equipo.","description":"Diario en l\u00ednea con Noticias desde Hermosillo, Sonora","publisher":{"@id":"https:\/\/www.sonoraenequipo.com.mx\/#organization"},"potentialAction":[{"@type":"SearchAction","target":{"@type":"EntryPoint","urlTemplate":"https:\/\/www.sonoraenequipo.com.mx\/?s={search_term_string}"},"query-input":{"@type":"PropertyValueSpecification","valueRequired":true,"valueName":"search_term_string"}}],"inLanguage":"es"},{"@type":"Organization","@id":"https:\/\/www.sonoraenequipo.com.mx\/#organization","name":"Sonoraenequipo.com.mx","url":"https:\/\/www.sonoraenequipo.com.mx\/","logo":{"@type":"ImageObject","inLanguage":"es","@id":"https:\/\/www.sonoraenequipo.com.mx\/#\/schema\/logo\/image\/","url":"https:\/\/www.sonoraenequipo.com.mx\/storage\/2019\/01\/sonoraenequipo_opt.png","contentUrl":"https:\/\/www.sonoraenequipo.com.mx\/storage\/2019\/01\/sonoraenequipo_opt.png","width":375,"height":125,"caption":"Sonoraenequipo.com.mx"},"image":{"@id":"https:\/\/www.sonoraenequipo.com.mx\/#\/schema\/logo\/image\/"},"sameAs":["https:\/\/www.facebook.com\/SonoraEE\/","https:\/\/x.com\/sonoraenequipo","https:\/\/www.youtube.com\/channel\/UC338nW-lPEYmJQs4ZABQ1SQ"]},{"@type":"Person","@id":"https:\/\/www.sonoraenequipo.com.mx\/#\/schema\/person\/50102df0fb23a8fa9e8effad8fa81386","name":"enequipo","image":{"@type":"ImageObject","inLanguage":"es","@id":"https:\/\/www.sonoraenequipo.com.mx\/#\/schema\/person\/image\/","url":"https:\/\/secure.gravatar.com\/avatar\/049821681b589dabc0bc20695993ccebb09f5b5d4d790cd9251b97faac7c652b?s=96&d=blank&r=g","contentUrl":"https:\/\/secure.gravatar.com\/avatar\/049821681b589dabc0bc20695993ccebb09f5b5d4d790cd9251b97faac7c652b?s=96&d=blank&r=g","caption":"enequipo"},"sameAs":["https:\/\/www.facebook.com\/SonoraEE"]}]}},"jetpack_featured_media_url":"https:\/\/www.sonoraenequipo.com.mx\/storage\/2024\/09\/placa-del-edificio-de-Ciencias-del-Deporte-min.jpg","_links":{"self":[{"href":"https:\/\/www.sonoraenequipo.com.mx\/api\/wp\/v2\/posts\/200106","targetHints":{"allow":["GET"]}}],"collection":[{"href":"https:\/\/www.sonoraenequipo.com.mx\/api\/wp\/v2\/posts"}],"about":[{"href":"https:\/\/www.sonoraenequipo.com.mx\/api\/wp\/v2\/types\/post"}],"author":[{"embeddable":true,"href":"https:\/\/www.sonoraenequipo.com.mx\/api\/wp\/v2\/users\/1"}],"replies":[{"embeddable":true,"href":"https:\/\/www.sonoraenequipo.com.mx\/api\/wp\/v2\/comments?post=200106"}],"version-history":[{"count":1,"href":"https:\/\/www.sonoraenequipo.com.mx\/api\/wp\/v2\/posts\/200106\/revisions"}],"predecessor-version":[{"id":200109,"href":"https:\/\/www.sonoraenequipo.com.mx\/api\/wp\/v2\/posts\/200106\/revisions\/200109"}],"wp:featuredmedia":[{"embeddable":true,"href":"https:\/\/www.sonoraenequipo.com.mx\/api\/wp\/v2\/media\/200107"}],"wp:attachment":[{"href":"https:\/\/www.sonoraenequipo.com.mx\/api\/wp\/v2\/media?parent=200106"}],"wp:term":[{"taxonomy":"category","embeddable":true,"href":"https:\/\/www.sonoraenequipo.com.mx\/api\/wp\/v2\/categories?post=200106"},{"taxonomy":"post_tag","embeddable":true,"href":"https:\/\/www.sonoraenequipo.com.mx\/api\/wp\/v2\/tags?post=200106"}],"curies":[{"name":"wp","href":"https:\/\/api.w.org\/{rel}","templated":true}]}}