{"id":200117,"date":"2024-09-28T06:27:05","date_gmt":"2024-09-28T13:27:05","guid":{"rendered":"https:\/\/www.sonoraenequipo.com.mx\/?p=200117"},"modified":"2024-09-28T10:33:12","modified_gmt":"2024-09-28T17:33:12","slug":"hizbula-confirma-muerte-de-lider-nasrallah-en-ataques-aereos-israelies-sobre-suburbios-del-sur-de-beirut","status":"publish","type":"post","link":"https:\/\/www.sonoraenequipo.com.mx\/hizbula-confirma-muerte-de-lider-nasrallah-en-ataques-aereos-israelies-sobre-suburbios-del-sur-de-beirut\/","title":{"rendered":"Hizbul\u00e1 confirma muerte de l\u00edder Nasrallah en ataques a\u00e9reos israel\u00edes sobre suburbios del sur de Beirut"},"content":{"rendered":"<p>BEIRUT, L\u00cdBANO. \u2014 El grupo pol\u00edtico-paramilitar liban\u00e9s Hezbollah confirm\u00f3 el s\u00e1bado la muerte de su l\u00edder y uno de sus fundadores, Hassan Nasrallah, en un ataque a\u00e9reo israel\u00ed en Beirut en la v\u00edspera.<\/p>\n<p> <\/p>\n<p>En un comunicado, la milicia dijo que Nasrallah <strong><em>\u201cse ha unido a sus compa\u00f1eros m\u00e1rtires\u201d<\/em><\/strong> y prometi\u00f3 que seguir\u00e1 adelante con <strong><em>\u201cla guerra santa contra el enemigo y en apoyo de Palestina\u201d.<\/em><\/strong><\/p>\n<p>Nasrallah, que dirigi\u00f3 el grupo insurgente durante m\u00e1s de tres d\u00e9cadas, es, con diferencia, el objetivo de m\u00e1s nivel abatido por las fuerzas israel\u00edes desde la intensificaci\u00f3n de los combates con Hezbollah. El ej\u00e9rcito indic\u00f3 que llev\u00f3 a cabo un ataque a\u00e9reo de precisi\u00f3n mientras el liderazgo del grupo se reun\u00eda en su cuartel general en Dahiyeh, en el sur de la capital del L\u00edbano, Beirut.<\/p>\n<p>Seg\u00fan el Ministerio de Salud liban\u00e9s, seis personas fallecieron y otras 91 resultaron heridas en los ataques del viernes en Beirut, que arrasaron seis edificios de apartamentos. Ali Karki, comandante del Frente Sur de Hezbollah y otros altos cargos militares del grupo murieron tambi\u00e9n en el incidente, apunt\u00f3 el ej\u00e9rcito israel\u00ed.<\/p>\n<p>PUBLICADO EL 28 SEPTIEMBRE DE 2024 Con informaci\u00f3n de AP)<\/p>\n","protected":false},"excerpt":{"rendered":"<p>BEIRUT, L\u00cdBANO. \u2014 El grupo pol\u00edtico-paramilitar liban\u00e9s Hezbollah confirm\u00f3 el s\u00e1bado la muerte de su&#8230;<\/p>\n","protected":false},"author":1,"featured_media":200118,"comment_status":"open","ping_status":"open","sticky":false,"template":"","format":"standard","meta":{"_monsterinsights_skip_tracking":false,"_monsterinsights_sitenote_active":false,"_monsterinsights_sitenote_note":"","_monsterinsights_sitenote_category":0,"footnotes":""},"categories":[3],"tags":[],"class_list":["post"],"yoast_head":" \n<title>Sonora en Equipo. Hizbul\u00e1 confirma muerte de l\u00edder Nasrallah en ataques a\u00e9reos israel\u00edes sobre suburbios del sur de Beirut MUNDO<\/title>\n<meta name=\"description\" content=\"BEIRUT, L\u00cdBANO. \u2014 El grupo pol\u00edtico-paramilitar liban\u00e9s Hezbollah confirm\u00f3 el s\u00e1bado la muerte de su l\u00edder y uno de sus fundadores, Hassan Nasrallah, en En Sonora en Equipo publicamos toda la informaci\u00f3n de Sonora, M\u00e9xico y el Mundo de manera oportuna y busca que la libertad de expresi\u00f3n sea real. Visita nuestro medio informativo publicado desde Hermosillo, Sonora. %\" \/>\n<meta name=\"robots\" content=\"index, follow, max-snippet:-1, max-image-preview:large, max-video-preview:-1\" \/>\n<link rel=\"canonical\" href=\"https:\/\/www.sonoraenequipo.com.mx\/hizbula-confirma-muerte-de-lider-nasrallah-en-ataques-aereos-israelies-sobre-suburbios-del-sur-de-beirut\/\" \/>\n<meta property=\"og:locale\" content=\"es_ES\" \/>\n<meta property=\"og:type\" content=\"article\" \/>\n<meta property=\"og:title\" content=\"Sonora en Equipo. Hizbul\u00e1 confirma muerte de l\u00edder Nasrallah en ataques a\u00e9reos israel\u00edes sobre suburbios del sur de Beirut MUNDO\" \/>\n<meta property=\"og:description\" content=\"BEIRUT, L\u00cdBANO. \u2014 El grupo pol\u00edtico-paramilitar liban\u00e9s Hezbollah confirm\u00f3 el s\u00e1bado la muerte de su l\u00edder y uno de sus fundadores, Hassan Nasrallah, en En Sonora en Equipo publicamos toda la informaci\u00f3n de Sonora, M\u00e9xico y el Mundo de manera oportuna y busca que la libertad de expresi\u00f3n sea real. Visita nuestro medio informativo publicado desde Hermosillo, Sonora. %\" \/>\n<meta property=\"og:url\" content=\"https:\/\/www.sonoraenequipo.com.mx\/hizbula-confirma-muerte-de-lider-nasrallah-en-ataques-aereos-israelies-sobre-suburbios-del-sur-de-beirut\/\" \/>\n<meta property=\"og:site_name\" content=\"Sonora en Equipo.\" \/>\n<meta property=\"article:publisher\" content=\"https:\/\/www.facebook.com\/SonoraEE\/\" \/>\n<meta property=\"article:author\" content=\"https:\/\/www.facebook.com\/SonoraEE\" \/>\n<meta property=\"article:published_time\" content=\"2024-09-28T13:27:05+00:00\" \/>\n<meta property=\"article:modified_time\" content=\"2024-09-28T17:33:12+00:00\" \/>\n<meta property=\"og:image\" content=\"https:\/\/www.sonoraenequipo.com.mx\/storage\/2024\/09\/Sayyed-Hassan-Nasrallah-murio-en-los-ataques-aereos-israelies-min.jpg\" \/>\n\t<meta property=\"og:image:width\" content=\"900\" \/>\n\t<meta property=\"og:image:height\" content=\"600\" \/>\n\t<meta property=\"og:image:type\" content=\"image\/jpeg\" \/>\n<meta name=\"author\" content=\"enequipo\" \/>\n<meta name=\"twitter:card\" content=\"summary_large_image\" \/>\n<meta name=\"twitter:creator\" content=\"@sonoraenequipo\" \/>\n<meta name=\"twitter:site\" content=\"@sonoraenequipo\" \/>\n<meta name=\"twitter:label1\" content=\"Escrito por\" \/>\n\t<meta name=\"twitter:data1\" content=\"enequipo\" \/>\n\t<meta name=\"twitter:label2\" content=\"Tiempo de lectura\" \/>\n\t<meta name=\"twitter:data2\" content=\"1 minuto\" \/>\n<script type=\"application\/ld+json\" class=\"yoast-schema-graph\">{\"@context\":\"https:\/\/schema.org\",\"@graph\":[{\"@type\":\"Article\",\"@id\":\"https:\/\/www.sonoraenequipo.com.mx\/hizbula-confirma-muerte-de-lider-nasrallah-en-ataques-aereos-israelies-sobre-suburbios-del-sur-de-beirut\/#article\",\"isPartOf\":{\"@id\":\"https:\/\/www.sonoraenequipo.com.mx\/hizbula-confirma-muerte-de-lider-nasrallah-en-ataques-aereos-israelies-sobre-suburbios-del-sur-de-beirut\/\"},\"author\":{\"name\":\"enequipo\",\"@id\":\"https:\/\/www.sonoraenequipo.com.mx\/#\/schema\/person\/50102df0fb23a8fa9e8effad8fa81386\"},\"headline\":\"Hizbul\u00e1 confirma muerte de l\u00edder Nasrallah en ataques a\u00e9reos israel\u00edes sobre suburbios del sur de Beirut\",\"datePublished\":\"2024-09-28T13:27:05+00:00\",\"dateModified\":\"2024-09-28T17:33:12+00:00\",\"mainEntityOfPage\":{\"@id\":\"https:\/\/www.sonoraenequipo.com.mx\/hizbula-confirma-muerte-de-lider-nasrallah-en-ataques-aereos-israelies-sobre-suburbios-del-sur-de-beirut\/\"},\"wordCount\":231,\"commentCount\":0,\"publisher\":{\"@id\":\"https:\/\/www.sonoraenequipo.com.mx\/#organization\"},\"image\":{\"@id\":\"https:\/\/www.sonoraenequipo.com.mx\/hizbula-confirma-muerte-de-lider-nasrallah-en-ataques-aereos-israelies-sobre-suburbios-del-sur-de-beirut\/#primaryimage\"},\"thumbnailUrl\":\"https:\/\/www.sonoraenequipo.com.mx\/storage\/2024\/09\/Sayyed-Hassan-Nasrallah-murio-en-los-ataques-aereos-israelies-min.jpg\",\"articleSection\":[\"MUNDO\"],\"inLanguage\":\"es\",\"potentialAction\":[{\"@type\":\"CommentAction\",\"name\":\"Comment\",\"target\":[\"https:\/\/www.sonoraenequipo.com.mx\/hizbula-confirma-muerte-de-lider-nasrallah-en-ataques-aereos-israelies-sobre-suburbios-del-sur-de-beirut\/#respond\"]}]},{\"@type\":\"WebPage\",\"@id\":\"https:\/\/www.sonoraenequipo.com.mx\/hizbula-confirma-muerte-de-lider-nasrallah-en-ataques-aereos-israelies-sobre-suburbios-del-sur-de-beirut\/\",\"url\":\"https:\/\/www.sonoraenequipo.com.mx\/hizbula-confirma-muerte-de-lider-nasrallah-en-ataques-aereos-israelies-sobre-suburbios-del-sur-de-beirut\/\",\"name\":\"Sonora en Equipo. Hizbul\u00e1 confirma muerte de l\u00edder Nasrallah en ataques a\u00e9reos israel\u00edes sobre suburbios del sur de Beirut MUNDO\",\"isPartOf\":{\"@id\":\"https:\/\/www.sonoraenequipo.com.mx\/#website\"},\"primaryImageOfPage\":{\"@id\":\"https:\/\/www.sonoraenequipo.com.mx\/hizbula-confirma-muerte-de-lider-nasrallah-en-ataques-aereos-israelies-sobre-suburbios-del-sur-de-beirut\/#primaryimage\"},\"image\":{\"@id\":\"https:\/\/www.sonoraenequipo.com.mx\/hizbula-confirma-muerte-de-lider-nasrallah-en-ataques-aereos-israelies-sobre-suburbios-del-sur-de-beirut\/#primaryimage\"},\"thumbnailUrl\":\"https:\/\/www.sonoraenequipo.com.mx\/storage\/2024\/09\/Sayyed-Hassan-Nasrallah-murio-en-los-ataques-aereos-israelies-min.jpg\",\"datePublished\":\"2024-09-28T13:27:05+00:00\",\"dateModified\":\"2024-09-28T17:33:12+00:00\",\"description\":\"BEIRUT, L\u00cdBANO. \u2014 El grupo pol\u00edtico-paramilitar liban\u00e9s Hezbollah confirm\u00f3 el s\u00e1bado la muerte de su l\u00edder y uno de sus fundadores, Hassan Nasrallah, en En Sonora en Equipo publicamos toda la informaci\u00f3n de Sonora, M\u00e9xico y el Mundo de manera oportuna y busca que la libertad de expresi\u00f3n sea real. Visita nuestro medio informativo publicado desde Hermosillo, Sonora. %\",\"breadcrumb\":{\"@id\":\"https:\/\/www.sonoraenequipo.com.mx\/hizbula-confirma-muerte-de-lider-nasrallah-en-ataques-aereos-israelies-sobre-suburbios-del-sur-de-beirut\/#breadcrumb\"},\"inLanguage\":\"es\",\"potentialAction\":[{\"@type\":\"ReadAction\",\"target\":[\"https:\/\/www.sonoraenequipo.com.mx\/hizbula-confirma-muerte-de-lider-nasrallah-en-ataques-aereos-israelies-sobre-suburbios-del-sur-de-beirut\/\"]}]},{\"@type\":\"ImageObject\",\"inLanguage\":\"es\",\"@id\":\"https:\/\/www.sonoraenequipo.com.mx\/hizbula-confirma-muerte-de-lider-nasrallah-en-ataques-aereos-israelies-sobre-suburbios-del-sur-de-beirut\/#primaryimage\",\"url\":\"https:\/\/www.sonoraenequipo.com.mx\/storage\/2024\/09\/Sayyed-Hassan-Nasrallah-murio-en-los-ataques-aereos-israelies-min.jpg\",\"contentUrl\":\"https:\/\/www.sonoraenequipo.com.mx\/storage\/2024\/09\/Sayyed-Hassan-Nasrallah-murio-en-los-ataques-aereos-israelies-min.jpg\",\"width\":900,\"height\":600},{\"@type\":\"BreadcrumbList\",\"@id\":\"https:\/\/www.sonoraenequipo.com.mx\/hizbula-confirma-muerte-de-lider-nasrallah-en-ataques-aereos-israelies-sobre-suburbios-del-sur-de-beirut\/#breadcrumb\",\"itemListElement\":[{\"@type\":\"ListItem\",\"position\":1,\"name\":\"Portada\",\"item\":\"https:\/\/www.sonoraenequipo.com.mx\/\"},{\"@type\":\"ListItem\",\"position\":2,\"name\":\"Hizbul\u00e1 confirma muerte de l\u00edder Nasrallah en ataques a\u00e9reos israel\u00edes sobre suburbios del sur de Beirut\"}]},{\"@type\":\"WebSite\",\"@id\":\"https:\/\/www.sonoraenequipo.com.mx\/#website\",\"url\":\"https:\/\/www.sonoraenequipo.com.mx\/\",\"name\":\"Sonora en Equipo.\",\"description\":\"Diario en l\u00ednea con Noticias desde Hermosillo, Sonora\",\"publisher\":{\"@id\":\"https:\/\/www.sonoraenequipo.com.mx\/#organization\"},\"potentialAction\":[{\"@type\":\"SearchAction\",\"target\":{\"@type\":\"EntryPoint\",\"urlTemplate\":\"https:\/\/www.sonoraenequipo.com.mx\/?s={search_term_string}\"},\"query-input\":{\"@type\":\"PropertyValueSpecification\",\"valueRequired\":true,\"valueName\":\"search_term_string\"}}],\"inLanguage\":\"es\"},{\"@type\":\"Organization\",\"@id\":\"https:\/\/www.sonoraenequipo.com.mx\/#organization\",\"name\":\"Sonoraenequipo.com.mx\",\"url\":\"https:\/\/www.sonoraenequipo.com.mx\/\",\"logo\":{\"@type\":\"ImageObject\",\"inLanguage\":\"es\",\"@id\":\"https:\/\/www.sonoraenequipo.com.mx\/#\/schema\/logo\/image\/\",\"url\":\"https:\/\/www.sonoraenequipo.com.mx\/storage\/2019\/01\/sonoraenequipo_opt.png\",\"contentUrl\":\"https:\/\/www.sonoraenequipo.com.mx\/storage\/2019\/01\/sonoraenequipo_opt.png\",\"width\":375,\"height\":125,\"caption\":\"Sonoraenequipo.com.mx\"},\"image\":{\"@id\":\"https:\/\/www.sonoraenequipo.com.mx\/#\/schema\/logo\/image\/\"},\"sameAs\":[\"https:\/\/www.facebook.com\/SonoraEE\/\",\"https:\/\/x.com\/sonoraenequipo\",\"https:\/\/www.youtube.com\/channel\/UC338nW-lPEYmJQs4ZABQ1SQ\"]},{\"@type\":\"Person\",\"@id\":\"https:\/\/www.sonoraenequipo.com.mx\/#\/schema\/person\/50102df0fb23a8fa9e8effad8fa81386\",\"name\":\"enequipo\",\"image\":{\"@type\":\"ImageObject\",\"inLanguage\":\"es\",\"@id\":\"https:\/\/www.sonoraenequipo.com.mx\/#\/schema\/person\/image\/\",\"url\":\"https:\/\/secure.gravatar.com\/avatar\/049821681b589dabc0bc20695993ccebb09f5b5d4d790cd9251b97faac7c652b?s=96&d=blank&r=g\",\"contentUrl\":\"https:\/\/secure.gravatar.com\/avatar\/049821681b589dabc0bc20695993ccebb09f5b5d4d790cd9251b97faac7c652b?s=96&d=blank&r=g\",\"caption\":\"enequipo\"},\"sameAs\":[\"https:\/\/www.facebook.com\/SonoraEE\"]}]}<\/script>\n ","yoast_head_json":{"title":"Sonora en Equipo. Hizbul\u00e1 confirma muerte de l\u00edder Nasrallah en ataques a\u00e9reos israel\u00edes sobre suburbios del sur de Beirut MUNDO","description":"BEIRUT, L\u00cdBANO. \u2014 El grupo pol\u00edtico-paramilitar liban\u00e9s Hezbollah confirm\u00f3 el s\u00e1bado la muerte de su l\u00edder y uno de sus fundadores, Hassan Nasrallah, en En Sonora en Equipo publicamos toda la informaci\u00f3n de Sonora, M\u00e9xico y el Mundo de manera oportuna y busca que la libertad de expresi\u00f3n sea real. Visita nuestro medio informativo publicado desde Hermosillo, Sonora. %","robots":{"index":"index","follow":"follow","max-snippet":"max-snippet:-1","max-image-preview":"max-image-preview:large","max-video-preview":"max-video-preview:-1"},"canonical":"https:\/\/www.sonoraenequipo.com.mx\/hizbula-confirma-muerte-de-lider-nasrallah-en-ataques-aereos-israelies-sobre-suburbios-del-sur-de-beirut\/","og_locale":"es_ES","og_type":"article","og_title":"Sonora en Equipo. Hizbul\u00e1 confirma muerte de l\u00edder Nasrallah en ataques a\u00e9reos israel\u00edes sobre suburbios del sur de Beirut MUNDO","og_description":"BEIRUT, L\u00cdBANO. \u2014 El grupo pol\u00edtico-paramilitar liban\u00e9s Hezbollah confirm\u00f3 el s\u00e1bado la muerte de su l\u00edder y uno de sus fundadores, Hassan Nasrallah, en En Sonora en Equipo publicamos toda la informaci\u00f3n de Sonora, M\u00e9xico y el Mundo de manera oportuna y busca que la libertad de expresi\u00f3n sea real. Visita nuestro medio informativo publicado desde Hermosillo, Sonora. %","og_url":"https:\/\/www.sonoraenequipo.com.mx\/hizbula-confirma-muerte-de-lider-nasrallah-en-ataques-aereos-israelies-sobre-suburbios-del-sur-de-beirut\/","og_site_name":"Sonora en Equipo.","article_publisher":"https:\/\/www.facebook.com\/SonoraEE\/","article_author":"https:\/\/www.facebook.com\/SonoraEE","article_published_time":"2024-09-28T13:27:05+00:00","article_modified_time":"2024-09-28T17:33:12+00:00","og_image":[{"width":900,"height":600,"url":"https:\/\/www.sonoraenequipo.com.mx\/storage\/2024\/09\/Sayyed-Hassan-Nasrallah-murio-en-los-ataques-aereos-israelies-min.jpg","type":"image\/jpeg"}],"author":"enequipo","twitter_card":"summary_large_image","twitter_creator":"@sonoraenequipo","twitter_site":"@sonoraenequipo","twitter_misc":{"Escrito por":"enequipo","Tiempo de lectura":"1 minuto"},"schema":{"@context":"https:\/\/schema.org","@graph":[{"@type":"Article","@id":"https:\/\/www.sonoraenequipo.com.mx\/hizbula-confirma-muerte-de-lider-nasrallah-en-ataques-aereos-israelies-sobre-suburbios-del-sur-de-beirut\/#article","isPartOf":{"@id":"https:\/\/www.sonoraenequipo.com.mx\/hizbula-confirma-muerte-de-lider-nasrallah-en-ataques-aereos-israelies-sobre-suburbios-del-sur-de-beirut\/"},"author":{"name":"enequipo","@id":"https:\/\/www.sonoraenequipo.com.mx\/#\/schema\/person\/50102df0fb23a8fa9e8effad8fa81386"},"headline":"Hizbul\u00e1 confirma muerte de l\u00edder Nasrallah en ataques a\u00e9reos israel\u00edes sobre suburbios del sur de Beirut","datePublished":"2024-09-28T13:27:05+00:00","dateModified":"2024-09-28T17:33:12+00:00","mainEntityOfPage":{"@id":"https:\/\/www.sonoraenequipo.com.mx\/hizbula-confirma-muerte-de-lider-nasrallah-en-ataques-aereos-israelies-sobre-suburbios-del-sur-de-beirut\/"},"wordCount":231,"commentCount":0,"publisher":{"@id":"https:\/\/www.sonoraenequipo.com.mx\/#organization"},"image":{"@id":"https:\/\/www.sonoraenequipo.com.mx\/hizbula-confirma-muerte-de-lider-nasrallah-en-ataques-aereos-israelies-sobre-suburbios-del-sur-de-beirut\/#primaryimage"},"thumbnailUrl":"https:\/\/www.sonoraenequipo.com.mx\/storage\/2024\/09\/Sayyed-Hassan-Nasrallah-murio-en-los-ataques-aereos-israelies-min.jpg","articleSection":["MUNDO"],"inLanguage":"es","potentialAction":[{"@type":"CommentAction","name":"Comment","target":["https:\/\/www.sonoraenequipo.com.mx\/hizbula-confirma-muerte-de-lider-nasrallah-en-ataques-aereos-israelies-sobre-suburbios-del-sur-de-beirut\/#respond"]}]},{"@type":"WebPage","@id":"https:\/\/www.sonoraenequipo.com.mx\/hizbula-confirma-muerte-de-lider-nasrallah-en-ataques-aereos-israelies-sobre-suburbios-del-sur-de-beirut\/","url":"https:\/\/www.sonoraenequipo.com.mx\/hizbula-confirma-muerte-de-lider-nasrallah-en-ataques-aereos-israelies-sobre-suburbios-del-sur-de-beirut\/","name":"Sonora en Equipo. Hizbul\u00e1 confirma muerte de l\u00edder Nasrallah en ataques a\u00e9reos israel\u00edes sobre suburbios del sur de Beirut MUNDO","isPartOf":{"@id":"https:\/\/www.sonoraenequipo.com.mx\/#website"},"primaryImageOfPage":{"@id":"https:\/\/www.sonoraenequipo.com.mx\/hizbula-confirma-muerte-de-lider-nasrallah-en-ataques-aereos-israelies-sobre-suburbios-del-sur-de-beirut\/#primaryimage"},"image":{"@id":"https:\/\/www.sonoraenequipo.com.mx\/hizbula-confirma-muerte-de-lider-nasrallah-en-ataques-aereos-israelies-sobre-suburbios-del-sur-de-beirut\/#primaryimage"},"thumbnailUrl":"https:\/\/www.sonoraenequipo.com.mx\/storage\/2024\/09\/Sayyed-Hassan-Nasrallah-murio-en-los-ataques-aereos-israelies-min.jpg","datePublished":"2024-09-28T13:27:05+00:00","dateModified":"2024-09-28T17:33:12+00:00","description":"BEIRUT, L\u00cdBANO. \u2014 El grupo pol\u00edtico-paramilitar liban\u00e9s Hezbollah confirm\u00f3 el s\u00e1bado la muerte de su l\u00edder y uno de sus fundadores, Hassan Nasrallah, en En Sonora en Equipo publicamos toda la informaci\u00f3n de Sonora, M\u00e9xico y el Mundo de manera oportuna y busca que la libertad de expresi\u00f3n sea real. Visita nuestro medio informativo publicado desde Hermosillo, Sonora. %","breadcrumb":{"@id":"https:\/\/www.sonoraenequipo.com.mx\/hizbula-confirma-muerte-de-lider-nasrallah-en-ataques-aereos-israelies-sobre-suburbios-del-sur-de-beirut\/#breadcrumb"},"inLanguage":"es","potentialAction":[{"@type":"ReadAction","target":["https:\/\/www.sonoraenequipo.com.mx\/hizbula-confirma-muerte-de-lider-nasrallah-en-ataques-aereos-israelies-sobre-suburbios-del-sur-de-beirut\/"]}]},{"@type":"ImageObject","inLanguage":"es","@id":"https:\/\/www.sonoraenequipo.com.mx\/hizbula-confirma-muerte-de-lider-nasrallah-en-ataques-aereos-israelies-sobre-suburbios-del-sur-de-beirut\/#primaryimage","url":"https:\/\/www.sonoraenequipo.com.mx\/storage\/2024\/09\/Sayyed-Hassan-Nasrallah-murio-en-los-ataques-aereos-israelies-min.jpg","contentUrl":"https:\/\/www.sonoraenequipo.com.mx\/storage\/2024\/09\/Sayyed-Hassan-Nasrallah-murio-en-los-ataques-aereos-israelies-min.jpg","width":900,"height":600},{"@type":"BreadcrumbList","@id":"https:\/\/www.sonoraenequipo.com.mx\/hizbula-confirma-muerte-de-lider-nasrallah-en-ataques-aereos-israelies-sobre-suburbios-del-sur-de-beirut\/#breadcrumb","itemListElement":[{"@type":"ListItem","position":1,"name":"Portada","item":"https:\/\/www.sonoraenequipo.com.mx\/"},{"@type":"ListItem","position":2,"name":"Hizbul\u00e1 confirma muerte de l\u00edder Nasrallah en ataques a\u00e9reos israel\u00edes sobre suburbios del sur de Beirut"}]},{"@type":"WebSite","@id":"https:\/\/www.sonoraenequipo.com.mx\/#website","url":"https:\/\/www.sonoraenequipo.com.mx\/","name":"Sonora en Equipo.","description":"Diario en l\u00ednea con Noticias desde Hermosillo, Sonora","publisher":{"@id":"https:\/\/www.sonoraenequipo.com.mx\/#organization"},"potentialAction":[{"@type":"SearchAction","target":{"@type":"EntryPoint","urlTemplate":"https:\/\/www.sonoraenequipo.com.mx\/?s={search_term_string}"},"query-input":{"@type":"PropertyValueSpecification","valueRequired":true,"valueName":"search_term_string"}}],"inLanguage":"es"},{"@type":"Organization","@id":"https:\/\/www.sonoraenequipo.com.mx\/#organization","name":"Sonoraenequipo.com.mx","url":"https:\/\/www.sonoraenequipo.com.mx\/","logo":{"@type":"ImageObject","inLanguage":"es","@id":"https:\/\/www.sonoraenequipo.com.mx\/#\/schema\/logo\/image\/","url":"https:\/\/www.sonoraenequipo.com.mx\/storage\/2019\/01\/sonoraenequipo_opt.png","contentUrl":"https:\/\/www.sonoraenequipo.com.mx\/storage\/2019\/01\/sonoraenequipo_opt.png","width":375,"height":125,"caption":"Sonoraenequipo.com.mx"},"image":{"@id":"https:\/\/www.sonoraenequipo.com.mx\/#\/schema\/logo\/image\/"},"sameAs":["https:\/\/www.facebook.com\/SonoraEE\/","https:\/\/x.com\/sonoraenequipo","https:\/\/www.youtube.com\/channel\/UC338nW-lPEYmJQs4ZABQ1SQ"]},{"@type":"Person","@id":"https:\/\/www.sonoraenequipo.com.mx\/#\/schema\/person\/50102df0fb23a8fa9e8effad8fa81386","name":"enequipo","image":{"@type":"ImageObject","inLanguage":"es","@id":"https:\/\/www.sonoraenequipo.com.mx\/#\/schema\/person\/image\/","url":"https:\/\/secure.gravatar.com\/avatar\/049821681b589dabc0bc20695993ccebb09f5b5d4d790cd9251b97faac7c652b?s=96&d=blank&r=g","contentUrl":"https:\/\/secure.gravatar.com\/avatar\/049821681b589dabc0bc20695993ccebb09f5b5d4d790cd9251b97faac7c652b?s=96&d=blank&r=g","caption":"enequipo"},"sameAs":["https:\/\/www.facebook.com\/SonoraEE"]}]}},"jetpack_featured_media_url":"https:\/\/www.sonoraenequipo.com.mx\/storage\/2024\/09\/Sayyed-Hassan-Nasrallah-murio-en-los-ataques-aereos-israelies-min.jpg","_links":{"self":[{"href":"https:\/\/www.sonoraenequipo.com.mx\/api\/wp\/v2\/posts\/200117","targetHints":{"allow":["GET"]}}],"collection":[{"href":"https:\/\/www.sonoraenequipo.com.mx\/api\/wp\/v2\/posts"}],"about":[{"href":"https:\/\/www.sonoraenequipo.com.mx\/api\/wp\/v2\/types\/post"}],"author":[{"embeddable":true,"href":"https:\/\/www.sonoraenequipo.com.mx\/api\/wp\/v2\/users\/1"}],"replies":[{"embeddable":true,"href":"https:\/\/www.sonoraenequipo.com.mx\/api\/wp\/v2\/comments?post=200117"}],"version-history":[{"count":2,"href":"https:\/\/www.sonoraenequipo.com.mx\/api\/wp\/v2\/posts\/200117\/revisions"}],"predecessor-version":[{"id":200122,"href":"https:\/\/www.sonoraenequipo.com.mx\/api\/wp\/v2\/posts\/200117\/revisions\/200122"}],"wp:featuredmedia":[{"embeddable":true,"href":"https:\/\/www.sonoraenequipo.com.mx\/api\/wp\/v2\/media\/200118"}],"wp:attachment":[{"href":"https:\/\/www.sonoraenequipo.com.mx\/api\/wp\/v2\/media?parent=200117"}],"wp:term":[{"taxonomy":"category","embeddable":true,"href":"https:\/\/www.sonoraenequipo.com.mx\/api\/wp\/v2\/categories?post=200117"},{"taxonomy":"post_tag","embeddable":true,"href":"https:\/\/www.sonoraenequipo.com.mx\/api\/wp\/v2\/tags?post=200117"}],"curies":[{"name":"wp","href":"https:\/\/api.w.org\/{rel}","templated":true}]}}