{"id":200123,"date":"2024-09-28T07:33:33","date_gmt":"2024-09-28T14:33:33","guid":{"rendered":"https:\/\/www.sonoraenequipo.com.mx\/?p=200123"},"modified":"2024-09-28T10:47:02","modified_gmt":"2024-09-28T17:47:02","slug":"accidente-de-helicoptero-deja-6-muertos-y-10-heridos-en-pakistan","status":"publish","type":"post","link":"https:\/\/www.sonoraenequipo.com.mx\/accidente-de-helicoptero-deja-6-muertos-y-10-heridos-en-pakistan\/","title":{"rendered":"Accidente de helic\u00f3ptero deja 6 muertos y 10 heridos en Pakist\u00e1n"},"content":{"rendered":"<p><strong>ISLAMABAD, PAKIST\u00c1N. \u2014<\/strong>\u00a0 Un helic\u00f3ptero ch\u00e1rter se estrell\u00f3 la tarde de hoy s\u00e1bado en la provincia paquistan\u00ed de Khyber Pakhtunkhwa, en el noroeste del pa\u00eds, causando la muerte de seis personas a bordo e hiriendo a otras diez, informaron fuentes policiales.<\/p>\n<p>&nbsp;<\/p>\n<p>&nbsp;<\/p>\n<p> <\/p>\n<p>El incidente se produjo sobre la una de la tarde, hora local, cuando un helic\u00f3ptero fletado por una empresa privada de exploraci\u00f3n y producci\u00f3n de petr\u00f3leo, Mari Petroleum, se estrell\u00f3 en la zona de Shewa, en el distrito de Wazirist\u00e1n del Norte de la provincia, dijo a Xinhua el oficial de polic\u00eda del distrito, Rokhanzeb Khan.<\/p>\n<p>&nbsp;<\/p>\n<p>&nbsp;<\/p>\n<p>Seis personas, entre ellas dos pilotos rusos de la aeronave, murieron en el desafortunado incidente, indic\u00f3 el oficial, y a\u00f1adi\u00f3 que otras diez personas sufrieron heridas, entre ellas personal de la compa\u00f1\u00eda privada.<\/p>\n<p>&nbsp;<\/p>\n<p>&nbsp;<\/p>\n<p>El incidente ocurri\u00f3 debido a una falla t\u00e9cnica en la aeronave inmediatamente despu\u00e9s de despegar, de acuerdo con funcionarios del Gobierno local. El motor del helic\u00f3ptero se incendi\u00f3 antes de tocar tierra y estrellarse, agregaron.<\/p>\n<p>&nbsp;<\/p>\n<p>&nbsp;<\/p>\n<p>A\u00fan se desconoce la causa de la falla t\u00e9cnica y est\u00e1 siendo investigada por las autoridades pertinentes.<\/p>\n<p>&nbsp;<\/p>\n<p>&nbsp;<\/p>\n<p>Luego del incidente, equipos de rescate y personal de seguridad llegaron a la zona y la acordonaron.<\/p>\n<p>&nbsp;<\/p>\n<p>&nbsp;<\/p>\n<p>PUBLICADO EL 28 SEPTIEMBRE DE 2024 Con informaci\u00f3n de Xinhua)<\/p>\n","protected":false},"excerpt":{"rendered":"<p>ISLAMABAD, PAKIST\u00c1N. \u2014\u00a0 Un helic\u00f3ptero ch\u00e1rter se estrell\u00f3 la tarde de hoy s\u00e1bado en la&#8230;<\/p>\n","protected":false},"author":1,"featured_media":200127,"comment_status":"open","ping_status":"open","sticky":false,"template":"","format":"standard","meta":{"_monsterinsights_skip_tracking":false,"_monsterinsights_sitenote_active":false,"_monsterinsights_sitenote_note":"","_monsterinsights_sitenote_category":0,"footnotes":""},"categories":[3],"tags":[],"class_list":["post"],"yoast_head":" \n<title>Sonora en Equipo. Accidente de helic\u00f3ptero deja 6 muertos y 10 heridos en Pakist\u00e1n MUNDO<\/title>\n<meta name=\"description\" content=\"ISLAMABAD, PAKIST\u00c1N. \u2014\u00a0 Un helic\u00f3ptero ch\u00e1rter se estrell\u00f3 la tarde de hoy s\u00e1bado en la provincia paquistan\u00ed de Khyber Pakhtunkhwa, en el noroeste del En Sonora en Equipo publicamos toda la informaci\u00f3n de Sonora, M\u00e9xico y el Mundo de manera oportuna y busca que la libertad de expresi\u00f3n sea real. Visita nuestro medio informativo publicado desde Hermosillo, Sonora. %\" \/>\n<meta name=\"robots\" content=\"index, follow, max-snippet:-1, max-image-preview:large, max-video-preview:-1\" \/>\n<link rel=\"canonical\" href=\"https:\/\/www.sonoraenequipo.com.mx\/accidente-de-helicoptero-deja-6-muertos-y-10-heridos-en-pakistan\/\" \/>\n<meta property=\"og:locale\" content=\"es_ES\" \/>\n<meta property=\"og:type\" content=\"article\" \/>\n<meta property=\"og:title\" content=\"Sonora en Equipo. Accidente de helic\u00f3ptero deja 6 muertos y 10 heridos en Pakist\u00e1n MUNDO\" \/>\n<meta property=\"og:description\" content=\"ISLAMABAD, PAKIST\u00c1N. \u2014\u00a0 Un helic\u00f3ptero ch\u00e1rter se estrell\u00f3 la tarde de hoy s\u00e1bado en la provincia paquistan\u00ed de Khyber Pakhtunkhwa, en el noroeste del En Sonora en Equipo publicamos toda la informaci\u00f3n de Sonora, M\u00e9xico y el Mundo de manera oportuna y busca que la libertad de expresi\u00f3n sea real. Visita nuestro medio informativo publicado desde Hermosillo, Sonora. %\" \/>\n<meta property=\"og:url\" content=\"https:\/\/www.sonoraenequipo.com.mx\/accidente-de-helicoptero-deja-6-muertos-y-10-heridos-en-pakistan\/\" \/>\n<meta property=\"og:site_name\" content=\"Sonora en Equipo.\" \/>\n<meta property=\"article:publisher\" content=\"https:\/\/www.facebook.com\/SonoraEE\/\" \/>\n<meta property=\"article:author\" content=\"https:\/\/www.facebook.com\/SonoraEE\" \/>\n<meta property=\"article:published_time\" content=\"2024-09-28T14:33:33+00:00\" \/>\n<meta property=\"article:modified_time\" content=\"2024-09-28T17:47:02+00:00\" \/>\n<meta property=\"og:image\" content=\"https:\/\/www.sonoraenequipo.com.mx\/storage\/2024\/09\/Accidente-de-helicoptero-deja-6-muertos-y-10-heridos-en-Pakistan-min.jpg\" \/>\n\t<meta property=\"og:image:width\" content=\"1500\" \/>\n\t<meta property=\"og:image:height\" content=\"843\" \/>\n\t<meta property=\"og:image:type\" content=\"image\/jpeg\" \/>\n<meta name=\"author\" content=\"enequipo\" \/>\n<meta name=\"twitter:card\" content=\"summary_large_image\" \/>\n<meta name=\"twitter:creator\" content=\"@sonoraenequipo\" \/>\n<meta name=\"twitter:site\" content=\"@sonoraenequipo\" \/>\n<meta name=\"twitter:label1\" content=\"Escrito por\" \/>\n\t<meta name=\"twitter:data1\" content=\"enequipo\" \/>\n\t<meta name=\"twitter:label2\" content=\"Tiempo de lectura\" \/>\n\t<meta name=\"twitter:data2\" content=\"1 minuto\" \/>\n<script type=\"application\/ld+json\" class=\"yoast-schema-graph\">{\"@context\":\"https:\/\/schema.org\",\"@graph\":[{\"@type\":\"Article\",\"@id\":\"https:\/\/www.sonoraenequipo.com.mx\/accidente-de-helicoptero-deja-6-muertos-y-10-heridos-en-pakistan\/#article\",\"isPartOf\":{\"@id\":\"https:\/\/www.sonoraenequipo.com.mx\/accidente-de-helicoptero-deja-6-muertos-y-10-heridos-en-pakistan\/\"},\"author\":{\"name\":\"enequipo\",\"@id\":\"https:\/\/www.sonoraenequipo.com.mx\/#\/schema\/person\/50102df0fb23a8fa9e8effad8fa81386\"},\"headline\":\"Accidente de helic\u00f3ptero deja 6 muertos y 10 heridos en Pakist\u00e1n\",\"datePublished\":\"2024-09-28T14:33:33+00:00\",\"dateModified\":\"2024-09-28T17:47:02+00:00\",\"mainEntityOfPage\":{\"@id\":\"https:\/\/www.sonoraenequipo.com.mx\/accidente-de-helicoptero-deja-6-muertos-y-10-heridos-en-pakistan\/\"},\"wordCount\":248,\"commentCount\":0,\"publisher\":{\"@id\":\"https:\/\/www.sonoraenequipo.com.mx\/#organization\"},\"image\":{\"@id\":\"https:\/\/www.sonoraenequipo.com.mx\/accidente-de-helicoptero-deja-6-muertos-y-10-heridos-en-pakistan\/#primaryimage\"},\"thumbnailUrl\":\"https:\/\/www.sonoraenequipo.com.mx\/storage\/2024\/09\/Accidente-de-helicoptero-deja-6-muertos-y-10-heridos-en-Pakistan-min.jpg\",\"articleSection\":[\"MUNDO\"],\"inLanguage\":\"es\",\"potentialAction\":[{\"@type\":\"CommentAction\",\"name\":\"Comment\",\"target\":[\"https:\/\/www.sonoraenequipo.com.mx\/accidente-de-helicoptero-deja-6-muertos-y-10-heridos-en-pakistan\/#respond\"]}]},{\"@type\":\"WebPage\",\"@id\":\"https:\/\/www.sonoraenequipo.com.mx\/accidente-de-helicoptero-deja-6-muertos-y-10-heridos-en-pakistan\/\",\"url\":\"https:\/\/www.sonoraenequipo.com.mx\/accidente-de-helicoptero-deja-6-muertos-y-10-heridos-en-pakistan\/\",\"name\":\"Sonora en Equipo. Accidente de helic\u00f3ptero deja 6 muertos y 10 heridos en Pakist\u00e1n MUNDO\",\"isPartOf\":{\"@id\":\"https:\/\/www.sonoraenequipo.com.mx\/#website\"},\"primaryImageOfPage\":{\"@id\":\"https:\/\/www.sonoraenequipo.com.mx\/accidente-de-helicoptero-deja-6-muertos-y-10-heridos-en-pakistan\/#primaryimage\"},\"image\":{\"@id\":\"https:\/\/www.sonoraenequipo.com.mx\/accidente-de-helicoptero-deja-6-muertos-y-10-heridos-en-pakistan\/#primaryimage\"},\"thumbnailUrl\":\"https:\/\/www.sonoraenequipo.com.mx\/storage\/2024\/09\/Accidente-de-helicoptero-deja-6-muertos-y-10-heridos-en-Pakistan-min.jpg\",\"datePublished\":\"2024-09-28T14:33:33+00:00\",\"dateModified\":\"2024-09-28T17:47:02+00:00\",\"description\":\"ISLAMABAD, PAKIST\u00c1N. \u2014\u00a0 Un helic\u00f3ptero ch\u00e1rter se estrell\u00f3 la tarde de hoy s\u00e1bado en la provincia paquistan\u00ed de Khyber Pakhtunkhwa, en el noroeste del En Sonora en Equipo publicamos toda la informaci\u00f3n de Sonora, M\u00e9xico y el Mundo de manera oportuna y busca que la libertad de expresi\u00f3n sea real. Visita nuestro medio informativo publicado desde Hermosillo, Sonora. %\",\"breadcrumb\":{\"@id\":\"https:\/\/www.sonoraenequipo.com.mx\/accidente-de-helicoptero-deja-6-muertos-y-10-heridos-en-pakistan\/#breadcrumb\"},\"inLanguage\":\"es\",\"potentialAction\":[{\"@type\":\"ReadAction\",\"target\":[\"https:\/\/www.sonoraenequipo.com.mx\/accidente-de-helicoptero-deja-6-muertos-y-10-heridos-en-pakistan\/\"]}]},{\"@type\":\"ImageObject\",\"inLanguage\":\"es\",\"@id\":\"https:\/\/www.sonoraenequipo.com.mx\/accidente-de-helicoptero-deja-6-muertos-y-10-heridos-en-pakistan\/#primaryimage\",\"url\":\"https:\/\/www.sonoraenequipo.com.mx\/storage\/2024\/09\/Accidente-de-helicoptero-deja-6-muertos-y-10-heridos-en-Pakistan-min.jpg\",\"contentUrl\":\"https:\/\/www.sonoraenequipo.com.mx\/storage\/2024\/09\/Accidente-de-helicoptero-deja-6-muertos-y-10-heridos-en-Pakistan-min.jpg\",\"width\":1500,\"height\":843},{\"@type\":\"BreadcrumbList\",\"@id\":\"https:\/\/www.sonoraenequipo.com.mx\/accidente-de-helicoptero-deja-6-muertos-y-10-heridos-en-pakistan\/#breadcrumb\",\"itemListElement\":[{\"@type\":\"ListItem\",\"position\":1,\"name\":\"Portada\",\"item\":\"https:\/\/www.sonoraenequipo.com.mx\/\"},{\"@type\":\"ListItem\",\"position\":2,\"name\":\"Accidente de helic\u00f3ptero deja 6 muertos y 10 heridos en Pakist\u00e1n\"}]},{\"@type\":\"WebSite\",\"@id\":\"https:\/\/www.sonoraenequipo.com.mx\/#website\",\"url\":\"https:\/\/www.sonoraenequipo.com.mx\/\",\"name\":\"Sonora en Equipo.\",\"description\":\"Diario en l\u00ednea con Noticias desde Hermosillo, Sonora\",\"publisher\":{\"@id\":\"https:\/\/www.sonoraenequipo.com.mx\/#organization\"},\"potentialAction\":[{\"@type\":\"SearchAction\",\"target\":{\"@type\":\"EntryPoint\",\"urlTemplate\":\"https:\/\/www.sonoraenequipo.com.mx\/?s={search_term_string}\"},\"query-input\":{\"@type\":\"PropertyValueSpecification\",\"valueRequired\":true,\"valueName\":\"search_term_string\"}}],\"inLanguage\":\"es\"},{\"@type\":\"Organization\",\"@id\":\"https:\/\/www.sonoraenequipo.com.mx\/#organization\",\"name\":\"Sonoraenequipo.com.mx\",\"url\":\"https:\/\/www.sonoraenequipo.com.mx\/\",\"logo\":{\"@type\":\"ImageObject\",\"inLanguage\":\"es\",\"@id\":\"https:\/\/www.sonoraenequipo.com.mx\/#\/schema\/logo\/image\/\",\"url\":\"https:\/\/www.sonoraenequipo.com.mx\/storage\/2019\/01\/sonoraenequipo_opt.png\",\"contentUrl\":\"https:\/\/www.sonoraenequipo.com.mx\/storage\/2019\/01\/sonoraenequipo_opt.png\",\"width\":375,\"height\":125,\"caption\":\"Sonoraenequipo.com.mx\"},\"image\":{\"@id\":\"https:\/\/www.sonoraenequipo.com.mx\/#\/schema\/logo\/image\/\"},\"sameAs\":[\"https:\/\/www.facebook.com\/SonoraEE\/\",\"https:\/\/x.com\/sonoraenequipo\",\"https:\/\/www.youtube.com\/channel\/UC338nW-lPEYmJQs4ZABQ1SQ\"]},{\"@type\":\"Person\",\"@id\":\"https:\/\/www.sonoraenequipo.com.mx\/#\/schema\/person\/50102df0fb23a8fa9e8effad8fa81386\",\"name\":\"enequipo\",\"image\":{\"@type\":\"ImageObject\",\"inLanguage\":\"es\",\"@id\":\"https:\/\/www.sonoraenequipo.com.mx\/#\/schema\/person\/image\/\",\"url\":\"https:\/\/secure.gravatar.com\/avatar\/049821681b589dabc0bc20695993ccebb09f5b5d4d790cd9251b97faac7c652b?s=96&d=blank&r=g\",\"contentUrl\":\"https:\/\/secure.gravatar.com\/avatar\/049821681b589dabc0bc20695993ccebb09f5b5d4d790cd9251b97faac7c652b?s=96&d=blank&r=g\",\"caption\":\"enequipo\"},\"sameAs\":[\"https:\/\/www.facebook.com\/SonoraEE\"]}]}<\/script>\n ","yoast_head_json":{"title":"Sonora en Equipo. Accidente de helic\u00f3ptero deja 6 muertos y 10 heridos en Pakist\u00e1n MUNDO","description":"ISLAMABAD, PAKIST\u00c1N. \u2014\u00a0 Un helic\u00f3ptero ch\u00e1rter se estrell\u00f3 la tarde de hoy s\u00e1bado en la provincia paquistan\u00ed de Khyber Pakhtunkhwa, en el noroeste del En Sonora en Equipo publicamos toda la informaci\u00f3n de Sonora, M\u00e9xico y el Mundo de manera oportuna y busca que la libertad de expresi\u00f3n sea real. Visita nuestro medio informativo publicado desde Hermosillo, Sonora. %","robots":{"index":"index","follow":"follow","max-snippet":"max-snippet:-1","max-image-preview":"max-image-preview:large","max-video-preview":"max-video-preview:-1"},"canonical":"https:\/\/www.sonoraenequipo.com.mx\/accidente-de-helicoptero-deja-6-muertos-y-10-heridos-en-pakistan\/","og_locale":"es_ES","og_type":"article","og_title":"Sonora en Equipo. Accidente de helic\u00f3ptero deja 6 muertos y 10 heridos en Pakist\u00e1n MUNDO","og_description":"ISLAMABAD, PAKIST\u00c1N. \u2014\u00a0 Un helic\u00f3ptero ch\u00e1rter se estrell\u00f3 la tarde de hoy s\u00e1bado en la provincia paquistan\u00ed de Khyber Pakhtunkhwa, en el noroeste del En Sonora en Equipo publicamos toda la informaci\u00f3n de Sonora, M\u00e9xico y el Mundo de manera oportuna y busca que la libertad de expresi\u00f3n sea real. Visita nuestro medio informativo publicado desde Hermosillo, Sonora. %","og_url":"https:\/\/www.sonoraenequipo.com.mx\/accidente-de-helicoptero-deja-6-muertos-y-10-heridos-en-pakistan\/","og_site_name":"Sonora en Equipo.","article_publisher":"https:\/\/www.facebook.com\/SonoraEE\/","article_author":"https:\/\/www.facebook.com\/SonoraEE","article_published_time":"2024-09-28T14:33:33+00:00","article_modified_time":"2024-09-28T17:47:02+00:00","og_image":[{"width":1500,"height":843,"url":"https:\/\/www.sonoraenequipo.com.mx\/storage\/2024\/09\/Accidente-de-helicoptero-deja-6-muertos-y-10-heridos-en-Pakistan-min.jpg","type":"image\/jpeg"}],"author":"enequipo","twitter_card":"summary_large_image","twitter_creator":"@sonoraenequipo","twitter_site":"@sonoraenequipo","twitter_misc":{"Escrito por":"enequipo","Tiempo de lectura":"1 minuto"},"schema":{"@context":"https:\/\/schema.org","@graph":[{"@type":"Article","@id":"https:\/\/www.sonoraenequipo.com.mx\/accidente-de-helicoptero-deja-6-muertos-y-10-heridos-en-pakistan\/#article","isPartOf":{"@id":"https:\/\/www.sonoraenequipo.com.mx\/accidente-de-helicoptero-deja-6-muertos-y-10-heridos-en-pakistan\/"},"author":{"name":"enequipo","@id":"https:\/\/www.sonoraenequipo.com.mx\/#\/schema\/person\/50102df0fb23a8fa9e8effad8fa81386"},"headline":"Accidente de helic\u00f3ptero deja 6 muertos y 10 heridos en Pakist\u00e1n","datePublished":"2024-09-28T14:33:33+00:00","dateModified":"2024-09-28T17:47:02+00:00","mainEntityOfPage":{"@id":"https:\/\/www.sonoraenequipo.com.mx\/accidente-de-helicoptero-deja-6-muertos-y-10-heridos-en-pakistan\/"},"wordCount":248,"commentCount":0,"publisher":{"@id":"https:\/\/www.sonoraenequipo.com.mx\/#organization"},"image":{"@id":"https:\/\/www.sonoraenequipo.com.mx\/accidente-de-helicoptero-deja-6-muertos-y-10-heridos-en-pakistan\/#primaryimage"},"thumbnailUrl":"https:\/\/www.sonoraenequipo.com.mx\/storage\/2024\/09\/Accidente-de-helicoptero-deja-6-muertos-y-10-heridos-en-Pakistan-min.jpg","articleSection":["MUNDO"],"inLanguage":"es","potentialAction":[{"@type":"CommentAction","name":"Comment","target":["https:\/\/www.sonoraenequipo.com.mx\/accidente-de-helicoptero-deja-6-muertos-y-10-heridos-en-pakistan\/#respond"]}]},{"@type":"WebPage","@id":"https:\/\/www.sonoraenequipo.com.mx\/accidente-de-helicoptero-deja-6-muertos-y-10-heridos-en-pakistan\/","url":"https:\/\/www.sonoraenequipo.com.mx\/accidente-de-helicoptero-deja-6-muertos-y-10-heridos-en-pakistan\/","name":"Sonora en Equipo. Accidente de helic\u00f3ptero deja 6 muertos y 10 heridos en Pakist\u00e1n MUNDO","isPartOf":{"@id":"https:\/\/www.sonoraenequipo.com.mx\/#website"},"primaryImageOfPage":{"@id":"https:\/\/www.sonoraenequipo.com.mx\/accidente-de-helicoptero-deja-6-muertos-y-10-heridos-en-pakistan\/#primaryimage"},"image":{"@id":"https:\/\/www.sonoraenequipo.com.mx\/accidente-de-helicoptero-deja-6-muertos-y-10-heridos-en-pakistan\/#primaryimage"},"thumbnailUrl":"https:\/\/www.sonoraenequipo.com.mx\/storage\/2024\/09\/Accidente-de-helicoptero-deja-6-muertos-y-10-heridos-en-Pakistan-min.jpg","datePublished":"2024-09-28T14:33:33+00:00","dateModified":"2024-09-28T17:47:02+00:00","description":"ISLAMABAD, PAKIST\u00c1N. \u2014\u00a0 Un helic\u00f3ptero ch\u00e1rter se estrell\u00f3 la tarde de hoy s\u00e1bado en la provincia paquistan\u00ed de Khyber Pakhtunkhwa, en el noroeste del En Sonora en Equipo publicamos toda la informaci\u00f3n de Sonora, M\u00e9xico y el Mundo de manera oportuna y busca que la libertad de expresi\u00f3n sea real. Visita nuestro medio informativo publicado desde Hermosillo, Sonora. %","breadcrumb":{"@id":"https:\/\/www.sonoraenequipo.com.mx\/accidente-de-helicoptero-deja-6-muertos-y-10-heridos-en-pakistan\/#breadcrumb"},"inLanguage":"es","potentialAction":[{"@type":"ReadAction","target":["https:\/\/www.sonoraenequipo.com.mx\/accidente-de-helicoptero-deja-6-muertos-y-10-heridos-en-pakistan\/"]}]},{"@type":"ImageObject","inLanguage":"es","@id":"https:\/\/www.sonoraenequipo.com.mx\/accidente-de-helicoptero-deja-6-muertos-y-10-heridos-en-pakistan\/#primaryimage","url":"https:\/\/www.sonoraenequipo.com.mx\/storage\/2024\/09\/Accidente-de-helicoptero-deja-6-muertos-y-10-heridos-en-Pakistan-min.jpg","contentUrl":"https:\/\/www.sonoraenequipo.com.mx\/storage\/2024\/09\/Accidente-de-helicoptero-deja-6-muertos-y-10-heridos-en-Pakistan-min.jpg","width":1500,"height":843},{"@type":"BreadcrumbList","@id":"https:\/\/www.sonoraenequipo.com.mx\/accidente-de-helicoptero-deja-6-muertos-y-10-heridos-en-pakistan\/#breadcrumb","itemListElement":[{"@type":"ListItem","position":1,"name":"Portada","item":"https:\/\/www.sonoraenequipo.com.mx\/"},{"@type":"ListItem","position":2,"name":"Accidente de helic\u00f3ptero deja 6 muertos y 10 heridos en Pakist\u00e1n"}]},{"@type":"WebSite","@id":"https:\/\/www.sonoraenequipo.com.mx\/#website","url":"https:\/\/www.sonoraenequipo.com.mx\/","name":"Sonora en Equipo.","description":"Diario en l\u00ednea con Noticias desde Hermosillo, Sonora","publisher":{"@id":"https:\/\/www.sonoraenequipo.com.mx\/#organization"},"potentialAction":[{"@type":"SearchAction","target":{"@type":"EntryPoint","urlTemplate":"https:\/\/www.sonoraenequipo.com.mx\/?s={search_term_string}"},"query-input":{"@type":"PropertyValueSpecification","valueRequired":true,"valueName":"search_term_string"}}],"inLanguage":"es"},{"@type":"Organization","@id":"https:\/\/www.sonoraenequipo.com.mx\/#organization","name":"Sonoraenequipo.com.mx","url":"https:\/\/www.sonoraenequipo.com.mx\/","logo":{"@type":"ImageObject","inLanguage":"es","@id":"https:\/\/www.sonoraenequipo.com.mx\/#\/schema\/logo\/image\/","url":"https:\/\/www.sonoraenequipo.com.mx\/storage\/2019\/01\/sonoraenequipo_opt.png","contentUrl":"https:\/\/www.sonoraenequipo.com.mx\/storage\/2019\/01\/sonoraenequipo_opt.png","width":375,"height":125,"caption":"Sonoraenequipo.com.mx"},"image":{"@id":"https:\/\/www.sonoraenequipo.com.mx\/#\/schema\/logo\/image\/"},"sameAs":["https:\/\/www.facebook.com\/SonoraEE\/","https:\/\/x.com\/sonoraenequipo","https:\/\/www.youtube.com\/channel\/UC338nW-lPEYmJQs4ZABQ1SQ"]},{"@type":"Person","@id":"https:\/\/www.sonoraenequipo.com.mx\/#\/schema\/person\/50102df0fb23a8fa9e8effad8fa81386","name":"enequipo","image":{"@type":"ImageObject","inLanguage":"es","@id":"https:\/\/www.sonoraenequipo.com.mx\/#\/schema\/person\/image\/","url":"https:\/\/secure.gravatar.com\/avatar\/049821681b589dabc0bc20695993ccebb09f5b5d4d790cd9251b97faac7c652b?s=96&d=blank&r=g","contentUrl":"https:\/\/secure.gravatar.com\/avatar\/049821681b589dabc0bc20695993ccebb09f5b5d4d790cd9251b97faac7c652b?s=96&d=blank&r=g","caption":"enequipo"},"sameAs":["https:\/\/www.facebook.com\/SonoraEE"]}]}},"jetpack_featured_media_url":"https:\/\/www.sonoraenequipo.com.mx\/storage\/2024\/09\/Accidente-de-helicoptero-deja-6-muertos-y-10-heridos-en-Pakistan-min.jpg","_links":{"self":[{"href":"https:\/\/www.sonoraenequipo.com.mx\/api\/wp\/v2\/posts\/200123","targetHints":{"allow":["GET"]}}],"collection":[{"href":"https:\/\/www.sonoraenequipo.com.mx\/api\/wp\/v2\/posts"}],"about":[{"href":"https:\/\/www.sonoraenequipo.com.mx\/api\/wp\/v2\/types\/post"}],"author":[{"embeddable":true,"href":"https:\/\/www.sonoraenequipo.com.mx\/api\/wp\/v2\/users\/1"}],"replies":[{"embeddable":true,"href":"https:\/\/www.sonoraenequipo.com.mx\/api\/wp\/v2\/comments?post=200123"}],"version-history":[{"count":1,"href":"https:\/\/www.sonoraenequipo.com.mx\/api\/wp\/v2\/posts\/200123\/revisions"}],"predecessor-version":[{"id":200128,"href":"https:\/\/www.sonoraenequipo.com.mx\/api\/wp\/v2\/posts\/200123\/revisions\/200128"}],"wp:featuredmedia":[{"embeddable":true,"href":"https:\/\/www.sonoraenequipo.com.mx\/api\/wp\/v2\/media\/200127"}],"wp:attachment":[{"href":"https:\/\/www.sonoraenequipo.com.mx\/api\/wp\/v2\/media?parent=200123"}],"wp:term":[{"taxonomy":"category","embeddable":true,"href":"https:\/\/www.sonoraenequipo.com.mx\/api\/wp\/v2\/categories?post=200123"},{"taxonomy":"post_tag","embeddable":true,"href":"https:\/\/www.sonoraenequipo.com.mx\/api\/wp\/v2\/tags?post=200123"}],"curies":[{"name":"wp","href":"https:\/\/api.w.org\/{rel}","templated":true}]}}