{"id":200124,"date":"2024-09-28T10:36:43","date_gmt":"2024-09-28T17:36:43","guid":{"rendered":"https:\/\/www.sonoraenequipo.com.mx\/?p=200124"},"modified":"2024-09-28T10:36:43","modified_gmt":"2024-09-28T17:36:43","slug":"militarizar-la-guardia-nacional-es-resultado-de-la-incapacidad-del-gobierno-para-brindar-seguridad-mc","status":"publish","type":"post","link":"https:\/\/www.sonoraenequipo.com.mx\/militarizar-la-guardia-nacional-es-resultado-de-la-incapacidad-del-gobierno-para-brindar-seguridad-mc\/","title":{"rendered":"Militarizar la Guardia Nacional es resultado de la incapacidad del Gobierno para brindar seguridad: MC"},"content":{"rendered":"<p><strong>HERMOSILLO, SONORA, MX.<\/strong> \u2014La diputada Gabriela F\u00e9lix Boj\u00f3rquez, en representaci\u00f3n de la Bancada Naranja de Movimiento de Ciudadano (MC, vot\u00f3 contra la Reforma que permite que la Guardia Nacional sea absorbida completamente por la Secretar\u00eda de la Defensa Nacional, eliminando su car\u00e1cter civil y consolidando el uso de las fuerzas armadas.<\/p>\n<p>&nbsp;<\/p>\n<p>&nbsp;<\/p>\n<p>&nbsp;<\/p>\n<p>\u201cEsta decisi\u00f3n es un retroceso hist\u00f3rico: ya son tres sexenios en los que hemos sido testigos que la militarizaci\u00f3n de la seguridad p\u00fablica es una estrategia que ha demostrado ser no solo ineficaz, sino profundamente peligrosa. \u00bfD\u00f3nde est\u00e1 el resultado de esta estrategia de militarizaci\u00f3n que nos fue prometida como soluci\u00f3n? Los n\u00fameros hablan por s\u00ed mismos, y lo hacen con crudeza, Sonora es un estado que ha sufrido en carne propia el fracaso de esta pol\u00edtica\u201d, coment\u00f3 F\u00e9lix Boj\u00f3rquez.<\/p>\n<p>&nbsp;<\/p>\n<p>&nbsp;<\/p>\n<p>&nbsp;<\/p>\n<p>Cajeme es uno de los municipios m\u00e1s violentos de M\u00e9xico y el mundo; en San Luis R\u00edo Colorado, la tasa de homicidios alcanz\u00f3 46 por cada 100,000 habitantes; en Caborca se registran 57 homicidios por cada 100,000 habitantes, estas cifras a\u00fan con la presencia de la Guardia Nacional y dem\u00e1s fuerzas militares.<\/p>\n<p>&nbsp;<\/p>\n<p>&nbsp;<\/p>\n<p>&nbsp;<\/p>\n<p>A nivel nacional en este sexenio se registran las cifras m\u00e1s altas de la historia reciente con 200 mil homicidios, m\u00e1s de 5 mil feminicidios y m\u00e1s de 51 mil personas desaparecidas.<\/p>\n<p>&nbsp;<\/p>\n<p>&nbsp;<\/p>\n<p>&nbsp;<\/p>\n<p>\u201cLa impunidad permea antes como permea ahora: Morena renunci\u00f3 a su deber constitucional de fortalecer las polic\u00edas locales, de capacitarlas, de dignificarlas, de dotarlas de los recursos necesarios para cumplir su funci\u00f3n. La militarizaci\u00f3n no solo es un error estrat\u00e9gico, es un peligro para los derechos humanos\u201d, se\u00f1al\u00f3 la diputada ciudadana.<\/p>\n<p>&nbsp;<\/p>\n<p>&nbsp;<\/p>\n<p>&nbsp;<\/p>\n<p>Durante el gobierno del presidente L\u00f3pez Obrador se triplic\u00f3 el recurso entregado al Ej\u00e9rcito, en comparaci\u00f3n con el sexenio de Pe\u00f1a Nieto, con un total de 259 mil millones de pesos, en comparaci\u00f3n de los 80 mil 936 millones que ten\u00eda en 2018, seg\u00fan datos de la Cuenta P\u00fablica.<\/p>\n<p>&nbsp;<\/p>\n<p>&nbsp;<\/p>\n<p>&nbsp;<\/p>\n<p>Por su parte Gabriela F\u00e9lix, enfatiz\u00f3 que \u201cno estamos en contra de nuestras fuerzas armadas; respetamos profundamente el trabajo y la labor que realizan en la defensa de nuestra soberan\u00eda y la integridad de nuestro territorio, pero su tarea no est\u00e1 en las calles\u201d.<\/p>\n<p>&nbsp;<\/p>\n<p>&nbsp;<\/p>\n<p>&nbsp;<\/p>\n<p>Durante su participaci\u00f3n se\u00f1al\u00f3 que no solo se est\u00e1 militarizando la seguridad p\u00fablica, sino tambi\u00e9n la administraci\u00f3n p\u00fablica, al asignarles m\u00e1s de 120 actividades de otras dependencias, lo que compromete el futuro democr\u00e1tico y es una amenaza directa contra el estado de derecho, contra las instituciones y contra las libertades que tanto ha costado construir.<\/p>\n<p>&nbsp;<\/p>\n<p>&nbsp;<\/p>\n<p>&nbsp;<\/p>\n<p>\u201cEn Movimiento Ciudadano nos negamos en\u00e9rgicamente a aceptar la militarizaci\u00f3n: en su lugar, buscamos un Sonora en paz; uno que nazca de la justicia, de la oportunidad y del respeto a los derechos humanos. La paz no se construye con balas ni con cuarteles, se construye con justicia, con derechos y con oportunidades.<\/p>\n<p>&nbsp;<\/p>\n<p>&nbsp;<\/p>\n<p>&nbsp;<\/p>\n<p>Quienes cuestionamos las propuestas del oficialismo, nos suelen llamar \u00aboposici\u00f3n\u00bb; pero, en realidad, hoy nos damos cuenta que la mayor\u00eda del Congreso del Estado de Sonora es la verdadera oposici\u00f3n, pero de las y los sonorenses\u201d, concluy\u00f3 F\u00e9lix Boj\u00f3rquez.<\/p>\n<p><strong>Fecha de publicaci\u00f3n s\u00e1bado 28 de septiembre de 2024<\/strong><\/p>\n","protected":false},"excerpt":{"rendered":"<p>HERMOSILLO, SONORA, MX. \u2014La diputada Gabriela F\u00e9lix Boj\u00f3rquez, en representaci\u00f3n de la Bancada Naranja de&#8230;<\/p>\n","protected":false},"author":1,"featured_media":198911,"comment_status":"open","ping_status":"open","sticky":false,"template":"","format":"standard","meta":{"_monsterinsights_skip_tracking":false,"_monsterinsights_sitenote_active":false,"_monsterinsights_sitenote_note":"","_monsterinsights_sitenote_category":0,"footnotes":""},"categories":[3281],"tags":[3066,3061],"class_list":["post"],"yoast_head":" \n<title>Sonora en Equipo. Militarizar la Guardia Nacional es resultado de la incapacidad del Gobierno para brindar seguridad: MC Congreso<\/title>\n<meta name=\"description\" content=\"HERMOSILLO, SONORA, MX. \u2014La diputada Gabriela F\u00e9lix Boj\u00f3rquez, en representaci\u00f3n de la Bancada Naranja de Movimiento de Ciudadano (MC, vot\u00f3 contra la En Sonora en Equipo publicamos toda la informaci\u00f3n de Sonora, M\u00e9xico y el Mundo de manera oportuna y busca que la libertad de expresi\u00f3n sea real. Visita nuestro medio informativo publicado desde Hermosillo, Sonora. %\" \/>\n<meta name=\"robots\" content=\"index, follow, max-snippet:-1, max-image-preview:large, max-video-preview:-1\" \/>\n<link rel=\"canonical\" href=\"https:\/\/www.sonoraenequipo.com.mx\/militarizar-la-guardia-nacional-es-resultado-de-la-incapacidad-del-gobierno-para-brindar-seguridad-mc\/\" \/>\n<meta property=\"og:locale\" content=\"es_ES\" \/>\n<meta property=\"og:type\" content=\"article\" \/>\n<meta property=\"og:title\" content=\"Sonora en Equipo. Militarizar la Guardia Nacional es resultado de la incapacidad del Gobierno para brindar seguridad: MC Congreso\" \/>\n<meta property=\"og:description\" content=\"HERMOSILLO, SONORA, MX. \u2014La diputada Gabriela F\u00e9lix Boj\u00f3rquez, en representaci\u00f3n de la Bancada Naranja de Movimiento de Ciudadano (MC, vot\u00f3 contra la En Sonora en Equipo publicamos toda la informaci\u00f3n de Sonora, M\u00e9xico y el Mundo de manera oportuna y busca que la libertad de expresi\u00f3n sea real. Visita nuestro medio informativo publicado desde Hermosillo, Sonora. %\" \/>\n<meta property=\"og:url\" content=\"https:\/\/www.sonoraenequipo.com.mx\/militarizar-la-guardia-nacional-es-resultado-de-la-incapacidad-del-gobierno-para-brindar-seguridad-mc\/\" \/>\n<meta property=\"og:site_name\" content=\"Sonora en Equipo.\" \/>\n<meta property=\"article:publisher\" content=\"https:\/\/www.facebook.com\/SonoraEE\/\" \/>\n<meta property=\"article:author\" content=\"https:\/\/www.facebook.com\/SonoraEE\" \/>\n<meta property=\"article:published_time\" content=\"2024-09-28T17:36:43+00:00\" \/>\n<meta property=\"og:image\" content=\"https:\/\/www.sonoraenequipo.com.mx\/storage\/2024\/09\/diputada-gaby-felix.jpg\" \/>\n\t<meta property=\"og:image:width\" content=\"600\" \/>\n\t<meta property=\"og:image:height\" content=\"400\" \/>\n\t<meta property=\"og:image:type\" content=\"image\/jpeg\" \/>\n<meta name=\"author\" content=\"enequipo\" \/>\n<meta name=\"twitter:card\" content=\"summary_large_image\" \/>\n<meta name=\"twitter:creator\" content=\"@sonoraenequipo\" \/>\n<meta name=\"twitter:site\" content=\"@sonoraenequipo\" \/>\n<meta name=\"twitter:label1\" content=\"Escrito por\" \/>\n\t<meta name=\"twitter:data1\" content=\"enequipo\" \/>\n\t<meta name=\"twitter:label2\" content=\"Tiempo de lectura\" \/>\n\t<meta name=\"twitter:data2\" content=\"3 minutos\" \/>\n<script type=\"application\/ld+json\" class=\"yoast-schema-graph\">{\"@context\":\"https:\/\/schema.org\",\"@graph\":[{\"@type\":\"Article\",\"@id\":\"https:\/\/www.sonoraenequipo.com.mx\/militarizar-la-guardia-nacional-es-resultado-de-la-incapacidad-del-gobierno-para-brindar-seguridad-mc\/#article\",\"isPartOf\":{\"@id\":\"https:\/\/www.sonoraenequipo.com.mx\/militarizar-la-guardia-nacional-es-resultado-de-la-incapacidad-del-gobierno-para-brindar-seguridad-mc\/\"},\"author\":{\"name\":\"enequipo\",\"@id\":\"https:\/\/www.sonoraenequipo.com.mx\/#\/schema\/person\/50102df0fb23a8fa9e8effad8fa81386\"},\"headline\":\"Militarizar la Guardia Nacional es resultado de la incapacidad del Gobierno para brindar seguridad: MC\",\"datePublished\":\"2024-09-28T17:36:43+00:00\",\"mainEntityOfPage\":{\"@id\":\"https:\/\/www.sonoraenequipo.com.mx\/militarizar-la-guardia-nacional-es-resultado-de-la-incapacidad-del-gobierno-para-brindar-seguridad-mc\/\"},\"wordCount\":599,\"commentCount\":0,\"publisher\":{\"@id\":\"https:\/\/www.sonoraenequipo.com.mx\/#organization\"},\"image\":{\"@id\":\"https:\/\/www.sonoraenequipo.com.mx\/militarizar-la-guardia-nacional-es-resultado-de-la-incapacidad-del-gobierno-para-brindar-seguridad-mc\/#primaryimage\"},\"thumbnailUrl\":\"https:\/\/www.sonoraenequipo.com.mx\/storage\/2024\/09\/diputada-gaby-felix.jpg\",\"keywords\":[\"guardia nacional\",\"reforma\"],\"articleSection\":[\"Congreso\"],\"inLanguage\":\"es\",\"potentialAction\":[{\"@type\":\"CommentAction\",\"name\":\"Comment\",\"target\":[\"https:\/\/www.sonoraenequipo.com.mx\/militarizar-la-guardia-nacional-es-resultado-de-la-incapacidad-del-gobierno-para-brindar-seguridad-mc\/#respond\"]}]},{\"@type\":\"WebPage\",\"@id\":\"https:\/\/www.sonoraenequipo.com.mx\/militarizar-la-guardia-nacional-es-resultado-de-la-incapacidad-del-gobierno-para-brindar-seguridad-mc\/\",\"url\":\"https:\/\/www.sonoraenequipo.com.mx\/militarizar-la-guardia-nacional-es-resultado-de-la-incapacidad-del-gobierno-para-brindar-seguridad-mc\/\",\"name\":\"Sonora en Equipo. Militarizar la Guardia Nacional es resultado de la incapacidad del Gobierno para brindar seguridad: MC Congreso\",\"isPartOf\":{\"@id\":\"https:\/\/www.sonoraenequipo.com.mx\/#website\"},\"primaryImageOfPage\":{\"@id\":\"https:\/\/www.sonoraenequipo.com.mx\/militarizar-la-guardia-nacional-es-resultado-de-la-incapacidad-del-gobierno-para-brindar-seguridad-mc\/#primaryimage\"},\"image\":{\"@id\":\"https:\/\/www.sonoraenequipo.com.mx\/militarizar-la-guardia-nacional-es-resultado-de-la-incapacidad-del-gobierno-para-brindar-seguridad-mc\/#primaryimage\"},\"thumbnailUrl\":\"https:\/\/www.sonoraenequipo.com.mx\/storage\/2024\/09\/diputada-gaby-felix.jpg\",\"datePublished\":\"2024-09-28T17:36:43+00:00\",\"description\":\"HERMOSILLO, SONORA, MX. \u2014La diputada Gabriela F\u00e9lix Boj\u00f3rquez, en representaci\u00f3n de la Bancada Naranja de Movimiento de Ciudadano (MC, vot\u00f3 contra la En Sonora en Equipo publicamos toda la informaci\u00f3n de Sonora, M\u00e9xico y el Mundo de manera oportuna y busca que la libertad de expresi\u00f3n sea real. Visita nuestro medio informativo publicado desde Hermosillo, Sonora. %\",\"breadcrumb\":{\"@id\":\"https:\/\/www.sonoraenequipo.com.mx\/militarizar-la-guardia-nacional-es-resultado-de-la-incapacidad-del-gobierno-para-brindar-seguridad-mc\/#breadcrumb\"},\"inLanguage\":\"es\",\"potentialAction\":[{\"@type\":\"ReadAction\",\"target\":[\"https:\/\/www.sonoraenequipo.com.mx\/militarizar-la-guardia-nacional-es-resultado-de-la-incapacidad-del-gobierno-para-brindar-seguridad-mc\/\"]}]},{\"@type\":\"ImageObject\",\"inLanguage\":\"es\",\"@id\":\"https:\/\/www.sonoraenequipo.com.mx\/militarizar-la-guardia-nacional-es-resultado-de-la-incapacidad-del-gobierno-para-brindar-seguridad-mc\/#primaryimage\",\"url\":\"https:\/\/www.sonoraenequipo.com.mx\/storage\/2024\/09\/diputada-gaby-felix.jpg\",\"contentUrl\":\"https:\/\/www.sonoraenequipo.com.mx\/storage\/2024\/09\/diputada-gaby-felix.jpg\",\"width\":600,\"height\":400,\"caption\":\"diputada Gaby F\u00e9lix (MC). Archivo\"},{\"@type\":\"BreadcrumbList\",\"@id\":\"https:\/\/www.sonoraenequipo.com.mx\/militarizar-la-guardia-nacional-es-resultado-de-la-incapacidad-del-gobierno-para-brindar-seguridad-mc\/#breadcrumb\",\"itemListElement\":[{\"@type\":\"ListItem\",\"position\":1,\"name\":\"Portada\",\"item\":\"https:\/\/www.sonoraenequipo.com.mx\/\"},{\"@type\":\"ListItem\",\"position\":2,\"name\":\"Militarizar la Guardia Nacional es resultado de la incapacidad del Gobierno para brindar seguridad: MC\"}]},{\"@type\":\"WebSite\",\"@id\":\"https:\/\/www.sonoraenequipo.com.mx\/#website\",\"url\":\"https:\/\/www.sonoraenequipo.com.mx\/\",\"name\":\"Sonora en Equipo.\",\"description\":\"Diario en l\u00ednea con Noticias desde Hermosillo, Sonora\",\"publisher\":{\"@id\":\"https:\/\/www.sonoraenequipo.com.mx\/#organization\"},\"potentialAction\":[{\"@type\":\"SearchAction\",\"target\":{\"@type\":\"EntryPoint\",\"urlTemplate\":\"https:\/\/www.sonoraenequipo.com.mx\/?s={search_term_string}\"},\"query-input\":{\"@type\":\"PropertyValueSpecification\",\"valueRequired\":true,\"valueName\":\"search_term_string\"}}],\"inLanguage\":\"es\"},{\"@type\":\"Organization\",\"@id\":\"https:\/\/www.sonoraenequipo.com.mx\/#organization\",\"name\":\"Sonoraenequipo.com.mx\",\"url\":\"https:\/\/www.sonoraenequipo.com.mx\/\",\"logo\":{\"@type\":\"ImageObject\",\"inLanguage\":\"es\",\"@id\":\"https:\/\/www.sonoraenequipo.com.mx\/#\/schema\/logo\/image\/\",\"url\":\"https:\/\/www.sonoraenequipo.com.mx\/storage\/2019\/01\/sonoraenequipo_opt.png\",\"contentUrl\":\"https:\/\/www.sonoraenequipo.com.mx\/storage\/2019\/01\/sonoraenequipo_opt.png\",\"width\":375,\"height\":125,\"caption\":\"Sonoraenequipo.com.mx\"},\"image\":{\"@id\":\"https:\/\/www.sonoraenequipo.com.mx\/#\/schema\/logo\/image\/\"},\"sameAs\":[\"https:\/\/www.facebook.com\/SonoraEE\/\",\"https:\/\/x.com\/sonoraenequipo\",\"https:\/\/www.youtube.com\/channel\/UC338nW-lPEYmJQs4ZABQ1SQ\"]},{\"@type\":\"Person\",\"@id\":\"https:\/\/www.sonoraenequipo.com.mx\/#\/schema\/person\/50102df0fb23a8fa9e8effad8fa81386\",\"name\":\"enequipo\",\"image\":{\"@type\":\"ImageObject\",\"inLanguage\":\"es\",\"@id\":\"https:\/\/www.sonoraenequipo.com.mx\/#\/schema\/person\/image\/\",\"url\":\"https:\/\/secure.gravatar.com\/avatar\/049821681b589dabc0bc20695993ccebb09f5b5d4d790cd9251b97faac7c652b?s=96&d=blank&r=g\",\"contentUrl\":\"https:\/\/secure.gravatar.com\/avatar\/049821681b589dabc0bc20695993ccebb09f5b5d4d790cd9251b97faac7c652b?s=96&d=blank&r=g\",\"caption\":\"enequipo\"},\"sameAs\":[\"https:\/\/www.facebook.com\/SonoraEE\"]}]}<\/script>\n ","yoast_head_json":{"title":"Sonora en Equipo. Militarizar la Guardia Nacional es resultado de la incapacidad del Gobierno para brindar seguridad: MC Congreso","description":"HERMOSILLO, SONORA, MX. \u2014La diputada Gabriela F\u00e9lix Boj\u00f3rquez, en representaci\u00f3n de la Bancada Naranja de Movimiento de Ciudadano (MC, vot\u00f3 contra la En Sonora en Equipo publicamos toda la informaci\u00f3n de Sonora, M\u00e9xico y el Mundo de manera oportuna y busca que la libertad de expresi\u00f3n sea real. Visita nuestro medio informativo publicado desde Hermosillo, Sonora. %","robots":{"index":"index","follow":"follow","max-snippet":"max-snippet:-1","max-image-preview":"max-image-preview:large","max-video-preview":"max-video-preview:-1"},"canonical":"https:\/\/www.sonoraenequipo.com.mx\/militarizar-la-guardia-nacional-es-resultado-de-la-incapacidad-del-gobierno-para-brindar-seguridad-mc\/","og_locale":"es_ES","og_type":"article","og_title":"Sonora en Equipo. Militarizar la Guardia Nacional es resultado de la incapacidad del Gobierno para brindar seguridad: MC Congreso","og_description":"HERMOSILLO, SONORA, MX. \u2014La diputada Gabriela F\u00e9lix Boj\u00f3rquez, en representaci\u00f3n de la Bancada Naranja de Movimiento de Ciudadano (MC, vot\u00f3 contra la En Sonora en Equipo publicamos toda la informaci\u00f3n de Sonora, M\u00e9xico y el Mundo de manera oportuna y busca que la libertad de expresi\u00f3n sea real. Visita nuestro medio informativo publicado desde Hermosillo, Sonora. %","og_url":"https:\/\/www.sonoraenequipo.com.mx\/militarizar-la-guardia-nacional-es-resultado-de-la-incapacidad-del-gobierno-para-brindar-seguridad-mc\/","og_site_name":"Sonora en Equipo.","article_publisher":"https:\/\/www.facebook.com\/SonoraEE\/","article_author":"https:\/\/www.facebook.com\/SonoraEE","article_published_time":"2024-09-28T17:36:43+00:00","og_image":[{"width":600,"height":400,"url":"https:\/\/www.sonoraenequipo.com.mx\/storage\/2024\/09\/diputada-gaby-felix.jpg","type":"image\/jpeg"}],"author":"enequipo","twitter_card":"summary_large_image","twitter_creator":"@sonoraenequipo","twitter_site":"@sonoraenequipo","twitter_misc":{"Escrito por":"enequipo","Tiempo de lectura":"3 minutos"},"schema":{"@context":"https:\/\/schema.org","@graph":[{"@type":"Article","@id":"https:\/\/www.sonoraenequipo.com.mx\/militarizar-la-guardia-nacional-es-resultado-de-la-incapacidad-del-gobierno-para-brindar-seguridad-mc\/#article","isPartOf":{"@id":"https:\/\/www.sonoraenequipo.com.mx\/militarizar-la-guardia-nacional-es-resultado-de-la-incapacidad-del-gobierno-para-brindar-seguridad-mc\/"},"author":{"name":"enequipo","@id":"https:\/\/www.sonoraenequipo.com.mx\/#\/schema\/person\/50102df0fb23a8fa9e8effad8fa81386"},"headline":"Militarizar la Guardia Nacional es resultado de la incapacidad del Gobierno para brindar seguridad: MC","datePublished":"2024-09-28T17:36:43+00:00","mainEntityOfPage":{"@id":"https:\/\/www.sonoraenequipo.com.mx\/militarizar-la-guardia-nacional-es-resultado-de-la-incapacidad-del-gobierno-para-brindar-seguridad-mc\/"},"wordCount":599,"commentCount":0,"publisher":{"@id":"https:\/\/www.sonoraenequipo.com.mx\/#organization"},"image":{"@id":"https:\/\/www.sonoraenequipo.com.mx\/militarizar-la-guardia-nacional-es-resultado-de-la-incapacidad-del-gobierno-para-brindar-seguridad-mc\/#primaryimage"},"thumbnailUrl":"https:\/\/www.sonoraenequipo.com.mx\/storage\/2024\/09\/diputada-gaby-felix.jpg","keywords":["guardia nacional","reforma"],"articleSection":["Congreso"],"inLanguage":"es","potentialAction":[{"@type":"CommentAction","name":"Comment","target":["https:\/\/www.sonoraenequipo.com.mx\/militarizar-la-guardia-nacional-es-resultado-de-la-incapacidad-del-gobierno-para-brindar-seguridad-mc\/#respond"]}]},{"@type":"WebPage","@id":"https:\/\/www.sonoraenequipo.com.mx\/militarizar-la-guardia-nacional-es-resultado-de-la-incapacidad-del-gobierno-para-brindar-seguridad-mc\/","url":"https:\/\/www.sonoraenequipo.com.mx\/militarizar-la-guardia-nacional-es-resultado-de-la-incapacidad-del-gobierno-para-brindar-seguridad-mc\/","name":"Sonora en Equipo. Militarizar la Guardia Nacional es resultado de la incapacidad del Gobierno para brindar seguridad: MC Congreso","isPartOf":{"@id":"https:\/\/www.sonoraenequipo.com.mx\/#website"},"primaryImageOfPage":{"@id":"https:\/\/www.sonoraenequipo.com.mx\/militarizar-la-guardia-nacional-es-resultado-de-la-incapacidad-del-gobierno-para-brindar-seguridad-mc\/#primaryimage"},"image":{"@id":"https:\/\/www.sonoraenequipo.com.mx\/militarizar-la-guardia-nacional-es-resultado-de-la-incapacidad-del-gobierno-para-brindar-seguridad-mc\/#primaryimage"},"thumbnailUrl":"https:\/\/www.sonoraenequipo.com.mx\/storage\/2024\/09\/diputada-gaby-felix.jpg","datePublished":"2024-09-28T17:36:43+00:00","description":"HERMOSILLO, SONORA, MX. \u2014La diputada Gabriela F\u00e9lix Boj\u00f3rquez, en representaci\u00f3n de la Bancada Naranja de Movimiento de Ciudadano (MC, vot\u00f3 contra la En Sonora en Equipo publicamos toda la informaci\u00f3n de Sonora, M\u00e9xico y el Mundo de manera oportuna y busca que la libertad de expresi\u00f3n sea real. Visita nuestro medio informativo publicado desde Hermosillo, Sonora. %","breadcrumb":{"@id":"https:\/\/www.sonoraenequipo.com.mx\/militarizar-la-guardia-nacional-es-resultado-de-la-incapacidad-del-gobierno-para-brindar-seguridad-mc\/#breadcrumb"},"inLanguage":"es","potentialAction":[{"@type":"ReadAction","target":["https:\/\/www.sonoraenequipo.com.mx\/militarizar-la-guardia-nacional-es-resultado-de-la-incapacidad-del-gobierno-para-brindar-seguridad-mc\/"]}]},{"@type":"ImageObject","inLanguage":"es","@id":"https:\/\/www.sonoraenequipo.com.mx\/militarizar-la-guardia-nacional-es-resultado-de-la-incapacidad-del-gobierno-para-brindar-seguridad-mc\/#primaryimage","url":"https:\/\/www.sonoraenequipo.com.mx\/storage\/2024\/09\/diputada-gaby-felix.jpg","contentUrl":"https:\/\/www.sonoraenequipo.com.mx\/storage\/2024\/09\/diputada-gaby-felix.jpg","width":600,"height":400,"caption":"diputada Gaby F\u00e9lix (MC). Archivo"},{"@type":"BreadcrumbList","@id":"https:\/\/www.sonoraenequipo.com.mx\/militarizar-la-guardia-nacional-es-resultado-de-la-incapacidad-del-gobierno-para-brindar-seguridad-mc\/#breadcrumb","itemListElement":[{"@type":"ListItem","position":1,"name":"Portada","item":"https:\/\/www.sonoraenequipo.com.mx\/"},{"@type":"ListItem","position":2,"name":"Militarizar la Guardia Nacional es resultado de la incapacidad del Gobierno para brindar seguridad: MC"}]},{"@type":"WebSite","@id":"https:\/\/www.sonoraenequipo.com.mx\/#website","url":"https:\/\/www.sonoraenequipo.com.mx\/","name":"Sonora en Equipo.","description":"Diario en l\u00ednea con Noticias desde Hermosillo, Sonora","publisher":{"@id":"https:\/\/www.sonoraenequipo.com.mx\/#organization"},"potentialAction":[{"@type":"SearchAction","target":{"@type":"EntryPoint","urlTemplate":"https:\/\/www.sonoraenequipo.com.mx\/?s={search_term_string}"},"query-input":{"@type":"PropertyValueSpecification","valueRequired":true,"valueName":"search_term_string"}}],"inLanguage":"es"},{"@type":"Organization","@id":"https:\/\/www.sonoraenequipo.com.mx\/#organization","name":"Sonoraenequipo.com.mx","url":"https:\/\/www.sonoraenequipo.com.mx\/","logo":{"@type":"ImageObject","inLanguage":"es","@id":"https:\/\/www.sonoraenequipo.com.mx\/#\/schema\/logo\/image\/","url":"https:\/\/www.sonoraenequipo.com.mx\/storage\/2019\/01\/sonoraenequipo_opt.png","contentUrl":"https:\/\/www.sonoraenequipo.com.mx\/storage\/2019\/01\/sonoraenequipo_opt.png","width":375,"height":125,"caption":"Sonoraenequipo.com.mx"},"image":{"@id":"https:\/\/www.sonoraenequipo.com.mx\/#\/schema\/logo\/image\/"},"sameAs":["https:\/\/www.facebook.com\/SonoraEE\/","https:\/\/x.com\/sonoraenequipo","https:\/\/www.youtube.com\/channel\/UC338nW-lPEYmJQs4ZABQ1SQ"]},{"@type":"Person","@id":"https:\/\/www.sonoraenequipo.com.mx\/#\/schema\/person\/50102df0fb23a8fa9e8effad8fa81386","name":"enequipo","image":{"@type":"ImageObject","inLanguage":"es","@id":"https:\/\/www.sonoraenequipo.com.mx\/#\/schema\/person\/image\/","url":"https:\/\/secure.gravatar.com\/avatar\/049821681b589dabc0bc20695993ccebb09f5b5d4d790cd9251b97faac7c652b?s=96&d=blank&r=g","contentUrl":"https:\/\/secure.gravatar.com\/avatar\/049821681b589dabc0bc20695993ccebb09f5b5d4d790cd9251b97faac7c652b?s=96&d=blank&r=g","caption":"enequipo"},"sameAs":["https:\/\/www.facebook.com\/SonoraEE"]}]}},"jetpack_featured_media_url":"https:\/\/www.sonoraenequipo.com.mx\/storage\/2024\/09\/diputada-gaby-felix.jpg","_links":{"self":[{"href":"https:\/\/www.sonoraenequipo.com.mx\/api\/wp\/v2\/posts\/200124","targetHints":{"allow":["GET"]}}],"collection":[{"href":"https:\/\/www.sonoraenequipo.com.mx\/api\/wp\/v2\/posts"}],"about":[{"href":"https:\/\/www.sonoraenequipo.com.mx\/api\/wp\/v2\/types\/post"}],"author":[{"embeddable":true,"href":"https:\/\/www.sonoraenequipo.com.mx\/api\/wp\/v2\/users\/1"}],"replies":[{"embeddable":true,"href":"https:\/\/www.sonoraenequipo.com.mx\/api\/wp\/v2\/comments?post=200124"}],"version-history":[{"count":1,"href":"https:\/\/www.sonoraenequipo.com.mx\/api\/wp\/v2\/posts\/200124\/revisions"}],"predecessor-version":[{"id":200125,"href":"https:\/\/www.sonoraenequipo.com.mx\/api\/wp\/v2\/posts\/200124\/revisions\/200125"}],"wp:featuredmedia":[{"embeddable":true,"href":"https:\/\/www.sonoraenequipo.com.mx\/api\/wp\/v2\/media\/198911"}],"wp:attachment":[{"href":"https:\/\/www.sonoraenequipo.com.mx\/api\/wp\/v2\/media?parent=200124"}],"wp:term":[{"taxonomy":"category","embeddable":true,"href":"https:\/\/www.sonoraenequipo.com.mx\/api\/wp\/v2\/categories?post=200124"},{"taxonomy":"post_tag","embeddable":true,"href":"https:\/\/www.sonoraenequipo.com.mx\/api\/wp\/v2\/tags?post=200124"}],"curies":[{"name":"wp","href":"https:\/\/api.w.org\/{rel}","templated":true}]}}