{"id":200126,"date":"2024-09-28T10:48:12","date_gmt":"2024-09-28T17:48:12","guid":{"rendered":"https:\/\/www.sonoraenequipo.com.mx\/?p=200126"},"modified":"2024-09-28T10:48:12","modified_gmt":"2024-09-28T17:48:12","slug":"sinaloa-va-a-continuar-reforzando-su-esencia-como-productor-de-alimentos-claudia-sheinbaum","status":"publish","type":"post","link":"https:\/\/www.sonoraenequipo.com.mx\/sinaloa-va-a-continuar-reforzando-su-esencia-como-productor-de-alimentos-claudia-sheinbaum\/","title":{"rendered":"Sinaloa va a continuar reforzando su esencia como productor de alimentos: Claudia Sheinbaum"},"content":{"rendered":"<p><strong>EL ROSARIO SINALOA, MX.<\/strong> <strong>\u0336 \u0336\u00a0 <\/strong>Con obras para impulsar y fortalecer el campo, el estado de Sinaloa va a seguir reforzando su esencia como un estado productor de alimentos, asegur\u00f3 la Presidenta Electa de M\u00e9xico, Claudia Sheinbaum Pardo, tras acompa\u00f1ar al Presidente Andr\u00e9s Manuel L\u00f3pez Obrador en la entrega de una zona de riego de la presa \u201cSanta Mar\u00eda\u201d, en el municipio de El Rosario.<\/p>\n<p>&nbsp;<\/p>\n<p>\u201cSinaloa es tierra de hombres, de mujeres trabajadoras y me da mucho gusto, adem\u00e1s, porque esta obra va a reforzar, como dec\u00eda el gobernador, la esencia de este gran estado, que es la producci\u00f3n de alimentos. Aqu\u00ed en Sinaloa se produce la mayor parte del ma\u00edz que consumimos en todo M\u00e9xico y el ma\u00edz es nuestra identidad, siempre decimos: sin ma\u00edz, no hay pa\u00eds; as\u00ed que, sin Sinaloa, tampoco hay M\u00e9xico\u201d, asegur\u00f3.<\/p>\n<p>&nbsp;<\/p>\n<p>Por ello anunci\u00f3 que, a partir del pr\u00f3ximo primero de octubre, el segundo piso de la Cuarta Transformaci\u00f3n seguir\u00e1 apoyando a Sinaloa con varios proyectos, como lo hizo el Presidente L\u00f3pez Obrador durante su administraci\u00f3n.<\/p>\n<p>&nbsp;<\/p>\n<p>\u201cAdem\u00e1s, vamos a seguir apoyando al gobernador Rocha, vamos a seguir apoyando a Sinaloa. Si me lo permiten, vamos a regresar porque hemos estado platicando con Rub\u00e9n Rocha para informarle las obras, los proyectos que van a continuar en este grandioso estado de Sinaloa\u201d, anunci\u00f3.<\/p>\n<p>&nbsp;<\/p>\n<p>Asimismo, refrend\u00f3 su compromiso para dar continuidad a los programas del Bienestar como la pensi\u00f3n para adultos mayores y las becas para estudiantes de preparatoria; pero con programas nuevos para apoyar a las mujeres de 60 a 64 a\u00f1os, las y los estudiantes de preescolar a secundaria que estudien en escuelas p\u00fablicas; y adultos mayores con consultas m\u00e9dicas a domicilio.<\/p>\n<p><strong>Fecha de publicaci\u00f3n s\u00e1bado 28 de septiembre de 2024<\/strong><\/p>\n<p>&nbsp;<\/p>\n","protected":false},"excerpt":{"rendered":"<p>EL ROSARIO SINALOA, MX. \u0336 \u0336\u00a0 Con obras para impulsar y fortalecer el campo, el&#8230;<\/p>\n","protected":false},"author":1,"featured_media":200130,"comment_status":"open","ping_status":"open","sticky":false,"template":"","format":"standard","meta":{"_monsterinsights_skip_tracking":false,"_monsterinsights_sitenote_active":false,"_monsterinsights_sitenote_note":"","_monsterinsights_sitenote_category":0,"footnotes":""},"categories":[5],"tags":[10278],"class_list":["post"],"yoast_head":" \n<title>Sonora en Equipo. Sinaloa va a continuar reforzando su esencia como productor de alimentos: Claudia Sheinbaum Rep\u00fablica<\/title>\n<meta name=\"description\" content=\"EL ROSARIO SINALOA, MX. \u0336 \u0336\u00a0 Con obras para impulsar y fortalecer el campo, el estado de Sinaloa va a seguir reforzando su esencia como un estado En Sonora en Equipo publicamos toda la informaci\u00f3n de Sonora, M\u00e9xico y el Mundo de manera oportuna y busca que la libertad de expresi\u00f3n sea real. Visita nuestro medio informativo publicado desde Hermosillo, Sonora. %\" \/>\n<meta name=\"robots\" content=\"index, follow, max-snippet:-1, max-image-preview:large, max-video-preview:-1\" \/>\n<link rel=\"canonical\" href=\"https:\/\/www.sonoraenequipo.com.mx\/sinaloa-va-a-continuar-reforzando-su-esencia-como-productor-de-alimentos-claudia-sheinbaum\/\" \/>\n<meta property=\"og:locale\" content=\"es_ES\" \/>\n<meta property=\"og:type\" content=\"article\" \/>\n<meta property=\"og:title\" content=\"Sonora en Equipo. Sinaloa va a continuar reforzando su esencia como productor de alimentos: Claudia Sheinbaum Rep\u00fablica\" \/>\n<meta property=\"og:description\" content=\"EL ROSARIO SINALOA, MX. \u0336 \u0336\u00a0 Con obras para impulsar y fortalecer el campo, el estado de Sinaloa va a seguir reforzando su esencia como un estado En Sonora en Equipo publicamos toda la informaci\u00f3n de Sonora, M\u00e9xico y el Mundo de manera oportuna y busca que la libertad de expresi\u00f3n sea real. Visita nuestro medio informativo publicado desde Hermosillo, Sonora. %\" \/>\n<meta property=\"og:url\" content=\"https:\/\/www.sonoraenequipo.com.mx\/sinaloa-va-a-continuar-reforzando-su-esencia-como-productor-de-alimentos-claudia-sheinbaum\/\" \/>\n<meta property=\"og:site_name\" content=\"Sonora en Equipo.\" \/>\n<meta property=\"article:publisher\" content=\"https:\/\/www.facebook.com\/SonoraEE\/\" \/>\n<meta property=\"article:author\" content=\"https:\/\/www.facebook.com\/SonoraEE\" \/>\n<meta property=\"article:published_time\" content=\"2024-09-28T17:48:12+00:00\" \/>\n<meta property=\"og:image\" content=\"https:\/\/www.sonoraenequipo.com.mx\/storage\/2024\/09\/claudia-sheinbaum-sinaloa.jpg\" \/>\n\t<meta property=\"og:image:width\" content=\"600\" \/>\n\t<meta property=\"og:image:height\" content=\"400\" \/>\n\t<meta property=\"og:image:type\" content=\"image\/jpeg\" \/>\n<meta name=\"author\" content=\"enequipo\" \/>\n<meta name=\"twitter:card\" content=\"summary_large_image\" \/>\n<meta name=\"twitter:creator\" content=\"@sonoraenequipo\" \/>\n<meta name=\"twitter:site\" content=\"@sonoraenequipo\" \/>\n<meta name=\"twitter:label1\" content=\"Escrito por\" \/>\n\t<meta name=\"twitter:data1\" content=\"enequipo\" \/>\n\t<meta name=\"twitter:label2\" content=\"Tiempo de lectura\" \/>\n\t<meta name=\"twitter:data2\" content=\"2 minutos\" \/>\n<script type=\"application\/ld+json\" class=\"yoast-schema-graph\">{\"@context\":\"https:\/\/schema.org\",\"@graph\":[{\"@type\":\"Article\",\"@id\":\"https:\/\/www.sonoraenequipo.com.mx\/sinaloa-va-a-continuar-reforzando-su-esencia-como-productor-de-alimentos-claudia-sheinbaum\/#article\",\"isPartOf\":{\"@id\":\"https:\/\/www.sonoraenequipo.com.mx\/sinaloa-va-a-continuar-reforzando-su-esencia-como-productor-de-alimentos-claudia-sheinbaum\/\"},\"author\":{\"name\":\"enequipo\",\"@id\":\"https:\/\/www.sonoraenequipo.com.mx\/#\/schema\/person\/50102df0fb23a8fa9e8effad8fa81386\"},\"headline\":\"Sinaloa va a continuar reforzando su esencia como productor de alimentos: Claudia Sheinbaum\",\"datePublished\":\"2024-09-28T17:48:12+00:00\",\"mainEntityOfPage\":{\"@id\":\"https:\/\/www.sonoraenequipo.com.mx\/sinaloa-va-a-continuar-reforzando-su-esencia-como-productor-de-alimentos-claudia-sheinbaum\/\"},\"wordCount\":325,\"commentCount\":0,\"publisher\":{\"@id\":\"https:\/\/www.sonoraenequipo.com.mx\/#organization\"},\"image\":{\"@id\":\"https:\/\/www.sonoraenequipo.com.mx\/sinaloa-va-a-continuar-reforzando-su-esencia-como-productor-de-alimentos-claudia-sheinbaum\/#primaryimage\"},\"thumbnailUrl\":\"https:\/\/www.sonoraenequipo.com.mx\/storage\/2024\/09\/claudia-sheinbaum-sinaloa.jpg\",\"keywords\":[\"sheinbaum claudia\"],\"articleSection\":[\"Rep\u00fablica\"],\"inLanguage\":\"es\",\"potentialAction\":[{\"@type\":\"CommentAction\",\"name\":\"Comment\",\"target\":[\"https:\/\/www.sonoraenequipo.com.mx\/sinaloa-va-a-continuar-reforzando-su-esencia-como-productor-de-alimentos-claudia-sheinbaum\/#respond\"]}]},{\"@type\":\"WebPage\",\"@id\":\"https:\/\/www.sonoraenequipo.com.mx\/sinaloa-va-a-continuar-reforzando-su-esencia-como-productor-de-alimentos-claudia-sheinbaum\/\",\"url\":\"https:\/\/www.sonoraenequipo.com.mx\/sinaloa-va-a-continuar-reforzando-su-esencia-como-productor-de-alimentos-claudia-sheinbaum\/\",\"name\":\"Sonora en Equipo. Sinaloa va a continuar reforzando su esencia como productor de alimentos: Claudia Sheinbaum Rep\u00fablica\",\"isPartOf\":{\"@id\":\"https:\/\/www.sonoraenequipo.com.mx\/#website\"},\"primaryImageOfPage\":{\"@id\":\"https:\/\/www.sonoraenequipo.com.mx\/sinaloa-va-a-continuar-reforzando-su-esencia-como-productor-de-alimentos-claudia-sheinbaum\/#primaryimage\"},\"image\":{\"@id\":\"https:\/\/www.sonoraenequipo.com.mx\/sinaloa-va-a-continuar-reforzando-su-esencia-como-productor-de-alimentos-claudia-sheinbaum\/#primaryimage\"},\"thumbnailUrl\":\"https:\/\/www.sonoraenequipo.com.mx\/storage\/2024\/09\/claudia-sheinbaum-sinaloa.jpg\",\"datePublished\":\"2024-09-28T17:48:12+00:00\",\"description\":\"EL ROSARIO SINALOA, MX. \u0336 \u0336\u00a0 Con obras para impulsar y fortalecer el campo, el estado de Sinaloa va a seguir reforzando su esencia como un estado En Sonora en Equipo publicamos toda la informaci\u00f3n de Sonora, M\u00e9xico y el Mundo de manera oportuna y busca que la libertad de expresi\u00f3n sea real. Visita nuestro medio informativo publicado desde Hermosillo, Sonora. %\",\"breadcrumb\":{\"@id\":\"https:\/\/www.sonoraenequipo.com.mx\/sinaloa-va-a-continuar-reforzando-su-esencia-como-productor-de-alimentos-claudia-sheinbaum\/#breadcrumb\"},\"inLanguage\":\"es\",\"potentialAction\":[{\"@type\":\"ReadAction\",\"target\":[\"https:\/\/www.sonoraenequipo.com.mx\/sinaloa-va-a-continuar-reforzando-su-esencia-como-productor-de-alimentos-claudia-sheinbaum\/\"]}]},{\"@type\":\"ImageObject\",\"inLanguage\":\"es\",\"@id\":\"https:\/\/www.sonoraenequipo.com.mx\/sinaloa-va-a-continuar-reforzando-su-esencia-como-productor-de-alimentos-claudia-sheinbaum\/#primaryimage\",\"url\":\"https:\/\/www.sonoraenequipo.com.mx\/storage\/2024\/09\/claudia-sheinbaum-sinaloa.jpg\",\"contentUrl\":\"https:\/\/www.sonoraenequipo.com.mx\/storage\/2024\/09\/claudia-sheinbaum-sinaloa.jpg\",\"width\":600,\"height\":400},{\"@type\":\"BreadcrumbList\",\"@id\":\"https:\/\/www.sonoraenequipo.com.mx\/sinaloa-va-a-continuar-reforzando-su-esencia-como-productor-de-alimentos-claudia-sheinbaum\/#breadcrumb\",\"itemListElement\":[{\"@type\":\"ListItem\",\"position\":1,\"name\":\"Portada\",\"item\":\"https:\/\/www.sonoraenequipo.com.mx\/\"},{\"@type\":\"ListItem\",\"position\":2,\"name\":\"Sinaloa va a continuar reforzando su esencia como productor de alimentos: Claudia Sheinbaum\"}]},{\"@type\":\"WebSite\",\"@id\":\"https:\/\/www.sonoraenequipo.com.mx\/#website\",\"url\":\"https:\/\/www.sonoraenequipo.com.mx\/\",\"name\":\"Sonora en Equipo.\",\"description\":\"Diario en l\u00ednea con Noticias desde Hermosillo, Sonora\",\"publisher\":{\"@id\":\"https:\/\/www.sonoraenequipo.com.mx\/#organization\"},\"potentialAction\":[{\"@type\":\"SearchAction\",\"target\":{\"@type\":\"EntryPoint\",\"urlTemplate\":\"https:\/\/www.sonoraenequipo.com.mx\/?s={search_term_string}\"},\"query-input\":{\"@type\":\"PropertyValueSpecification\",\"valueRequired\":true,\"valueName\":\"search_term_string\"}}],\"inLanguage\":\"es\"},{\"@type\":\"Organization\",\"@id\":\"https:\/\/www.sonoraenequipo.com.mx\/#organization\",\"name\":\"Sonoraenequipo.com.mx\",\"url\":\"https:\/\/www.sonoraenequipo.com.mx\/\",\"logo\":{\"@type\":\"ImageObject\",\"inLanguage\":\"es\",\"@id\":\"https:\/\/www.sonoraenequipo.com.mx\/#\/schema\/logo\/image\/\",\"url\":\"https:\/\/www.sonoraenequipo.com.mx\/storage\/2019\/01\/sonoraenequipo_opt.png\",\"contentUrl\":\"https:\/\/www.sonoraenequipo.com.mx\/storage\/2019\/01\/sonoraenequipo_opt.png\",\"width\":375,\"height\":125,\"caption\":\"Sonoraenequipo.com.mx\"},\"image\":{\"@id\":\"https:\/\/www.sonoraenequipo.com.mx\/#\/schema\/logo\/image\/\"},\"sameAs\":[\"https:\/\/www.facebook.com\/SonoraEE\/\",\"https:\/\/x.com\/sonoraenequipo\",\"https:\/\/www.youtube.com\/channel\/UC338nW-lPEYmJQs4ZABQ1SQ\"]},{\"@type\":\"Person\",\"@id\":\"https:\/\/www.sonoraenequipo.com.mx\/#\/schema\/person\/50102df0fb23a8fa9e8effad8fa81386\",\"name\":\"enequipo\",\"image\":{\"@type\":\"ImageObject\",\"inLanguage\":\"es\",\"@id\":\"https:\/\/www.sonoraenequipo.com.mx\/#\/schema\/person\/image\/\",\"url\":\"https:\/\/secure.gravatar.com\/avatar\/049821681b589dabc0bc20695993ccebb09f5b5d4d790cd9251b97faac7c652b?s=96&d=blank&r=g\",\"contentUrl\":\"https:\/\/secure.gravatar.com\/avatar\/049821681b589dabc0bc20695993ccebb09f5b5d4d790cd9251b97faac7c652b?s=96&d=blank&r=g\",\"caption\":\"enequipo\"},\"sameAs\":[\"https:\/\/www.facebook.com\/SonoraEE\"]}]}<\/script>\n ","yoast_head_json":{"title":"Sonora en Equipo. Sinaloa va a continuar reforzando su esencia como productor de alimentos: Claudia Sheinbaum Rep\u00fablica","description":"EL ROSARIO SINALOA, MX. \u0336 \u0336\u00a0 Con obras para impulsar y fortalecer el campo, el estado de Sinaloa va a seguir reforzando su esencia como un estado En Sonora en Equipo publicamos toda la informaci\u00f3n de Sonora, M\u00e9xico y el Mundo de manera oportuna y busca que la libertad de expresi\u00f3n sea real. Visita nuestro medio informativo publicado desde Hermosillo, Sonora. %","robots":{"index":"index","follow":"follow","max-snippet":"max-snippet:-1","max-image-preview":"max-image-preview:large","max-video-preview":"max-video-preview:-1"},"canonical":"https:\/\/www.sonoraenequipo.com.mx\/sinaloa-va-a-continuar-reforzando-su-esencia-como-productor-de-alimentos-claudia-sheinbaum\/","og_locale":"es_ES","og_type":"article","og_title":"Sonora en Equipo. Sinaloa va a continuar reforzando su esencia como productor de alimentos: Claudia Sheinbaum Rep\u00fablica","og_description":"EL ROSARIO SINALOA, MX. \u0336 \u0336\u00a0 Con obras para impulsar y fortalecer el campo, el estado de Sinaloa va a seguir reforzando su esencia como un estado En Sonora en Equipo publicamos toda la informaci\u00f3n de Sonora, M\u00e9xico y el Mundo de manera oportuna y busca que la libertad de expresi\u00f3n sea real. Visita nuestro medio informativo publicado desde Hermosillo, Sonora. %","og_url":"https:\/\/www.sonoraenequipo.com.mx\/sinaloa-va-a-continuar-reforzando-su-esencia-como-productor-de-alimentos-claudia-sheinbaum\/","og_site_name":"Sonora en Equipo.","article_publisher":"https:\/\/www.facebook.com\/SonoraEE\/","article_author":"https:\/\/www.facebook.com\/SonoraEE","article_published_time":"2024-09-28T17:48:12+00:00","og_image":[{"width":600,"height":400,"url":"https:\/\/www.sonoraenequipo.com.mx\/storage\/2024\/09\/claudia-sheinbaum-sinaloa.jpg","type":"image\/jpeg"}],"author":"enequipo","twitter_card":"summary_large_image","twitter_creator":"@sonoraenequipo","twitter_site":"@sonoraenequipo","twitter_misc":{"Escrito por":"enequipo","Tiempo de lectura":"2 minutos"},"schema":{"@context":"https:\/\/schema.org","@graph":[{"@type":"Article","@id":"https:\/\/www.sonoraenequipo.com.mx\/sinaloa-va-a-continuar-reforzando-su-esencia-como-productor-de-alimentos-claudia-sheinbaum\/#article","isPartOf":{"@id":"https:\/\/www.sonoraenequipo.com.mx\/sinaloa-va-a-continuar-reforzando-su-esencia-como-productor-de-alimentos-claudia-sheinbaum\/"},"author":{"name":"enequipo","@id":"https:\/\/www.sonoraenequipo.com.mx\/#\/schema\/person\/50102df0fb23a8fa9e8effad8fa81386"},"headline":"Sinaloa va a continuar reforzando su esencia como productor de alimentos: Claudia Sheinbaum","datePublished":"2024-09-28T17:48:12+00:00","mainEntityOfPage":{"@id":"https:\/\/www.sonoraenequipo.com.mx\/sinaloa-va-a-continuar-reforzando-su-esencia-como-productor-de-alimentos-claudia-sheinbaum\/"},"wordCount":325,"commentCount":0,"publisher":{"@id":"https:\/\/www.sonoraenequipo.com.mx\/#organization"},"image":{"@id":"https:\/\/www.sonoraenequipo.com.mx\/sinaloa-va-a-continuar-reforzando-su-esencia-como-productor-de-alimentos-claudia-sheinbaum\/#primaryimage"},"thumbnailUrl":"https:\/\/www.sonoraenequipo.com.mx\/storage\/2024\/09\/claudia-sheinbaum-sinaloa.jpg","keywords":["sheinbaum claudia"],"articleSection":["Rep\u00fablica"],"inLanguage":"es","potentialAction":[{"@type":"CommentAction","name":"Comment","target":["https:\/\/www.sonoraenequipo.com.mx\/sinaloa-va-a-continuar-reforzando-su-esencia-como-productor-de-alimentos-claudia-sheinbaum\/#respond"]}]},{"@type":"WebPage","@id":"https:\/\/www.sonoraenequipo.com.mx\/sinaloa-va-a-continuar-reforzando-su-esencia-como-productor-de-alimentos-claudia-sheinbaum\/","url":"https:\/\/www.sonoraenequipo.com.mx\/sinaloa-va-a-continuar-reforzando-su-esencia-como-productor-de-alimentos-claudia-sheinbaum\/","name":"Sonora en Equipo. Sinaloa va a continuar reforzando su esencia como productor de alimentos: Claudia Sheinbaum Rep\u00fablica","isPartOf":{"@id":"https:\/\/www.sonoraenequipo.com.mx\/#website"},"primaryImageOfPage":{"@id":"https:\/\/www.sonoraenequipo.com.mx\/sinaloa-va-a-continuar-reforzando-su-esencia-como-productor-de-alimentos-claudia-sheinbaum\/#primaryimage"},"image":{"@id":"https:\/\/www.sonoraenequipo.com.mx\/sinaloa-va-a-continuar-reforzando-su-esencia-como-productor-de-alimentos-claudia-sheinbaum\/#primaryimage"},"thumbnailUrl":"https:\/\/www.sonoraenequipo.com.mx\/storage\/2024\/09\/claudia-sheinbaum-sinaloa.jpg","datePublished":"2024-09-28T17:48:12+00:00","description":"EL ROSARIO SINALOA, MX. \u0336 \u0336\u00a0 Con obras para impulsar y fortalecer el campo, el estado de Sinaloa va a seguir reforzando su esencia como un estado En Sonora en Equipo publicamos toda la informaci\u00f3n de Sonora, M\u00e9xico y el Mundo de manera oportuna y busca que la libertad de expresi\u00f3n sea real. Visita nuestro medio informativo publicado desde Hermosillo, Sonora. %","breadcrumb":{"@id":"https:\/\/www.sonoraenequipo.com.mx\/sinaloa-va-a-continuar-reforzando-su-esencia-como-productor-de-alimentos-claudia-sheinbaum\/#breadcrumb"},"inLanguage":"es","potentialAction":[{"@type":"ReadAction","target":["https:\/\/www.sonoraenequipo.com.mx\/sinaloa-va-a-continuar-reforzando-su-esencia-como-productor-de-alimentos-claudia-sheinbaum\/"]}]},{"@type":"ImageObject","inLanguage":"es","@id":"https:\/\/www.sonoraenequipo.com.mx\/sinaloa-va-a-continuar-reforzando-su-esencia-como-productor-de-alimentos-claudia-sheinbaum\/#primaryimage","url":"https:\/\/www.sonoraenequipo.com.mx\/storage\/2024\/09\/claudia-sheinbaum-sinaloa.jpg","contentUrl":"https:\/\/www.sonoraenequipo.com.mx\/storage\/2024\/09\/claudia-sheinbaum-sinaloa.jpg","width":600,"height":400},{"@type":"BreadcrumbList","@id":"https:\/\/www.sonoraenequipo.com.mx\/sinaloa-va-a-continuar-reforzando-su-esencia-como-productor-de-alimentos-claudia-sheinbaum\/#breadcrumb","itemListElement":[{"@type":"ListItem","position":1,"name":"Portada","item":"https:\/\/www.sonoraenequipo.com.mx\/"},{"@type":"ListItem","position":2,"name":"Sinaloa va a continuar reforzando su esencia como productor de alimentos: Claudia Sheinbaum"}]},{"@type":"WebSite","@id":"https:\/\/www.sonoraenequipo.com.mx\/#website","url":"https:\/\/www.sonoraenequipo.com.mx\/","name":"Sonora en Equipo.","description":"Diario en l\u00ednea con Noticias desde Hermosillo, Sonora","publisher":{"@id":"https:\/\/www.sonoraenequipo.com.mx\/#organization"},"potentialAction":[{"@type":"SearchAction","target":{"@type":"EntryPoint","urlTemplate":"https:\/\/www.sonoraenequipo.com.mx\/?s={search_term_string}"},"query-input":{"@type":"PropertyValueSpecification","valueRequired":true,"valueName":"search_term_string"}}],"inLanguage":"es"},{"@type":"Organization","@id":"https:\/\/www.sonoraenequipo.com.mx\/#organization","name":"Sonoraenequipo.com.mx","url":"https:\/\/www.sonoraenequipo.com.mx\/","logo":{"@type":"ImageObject","inLanguage":"es","@id":"https:\/\/www.sonoraenequipo.com.mx\/#\/schema\/logo\/image\/","url":"https:\/\/www.sonoraenequipo.com.mx\/storage\/2019\/01\/sonoraenequipo_opt.png","contentUrl":"https:\/\/www.sonoraenequipo.com.mx\/storage\/2019\/01\/sonoraenequipo_opt.png","width":375,"height":125,"caption":"Sonoraenequipo.com.mx"},"image":{"@id":"https:\/\/www.sonoraenequipo.com.mx\/#\/schema\/logo\/image\/"},"sameAs":["https:\/\/www.facebook.com\/SonoraEE\/","https:\/\/x.com\/sonoraenequipo","https:\/\/www.youtube.com\/channel\/UC338nW-lPEYmJQs4ZABQ1SQ"]},{"@type":"Person","@id":"https:\/\/www.sonoraenequipo.com.mx\/#\/schema\/person\/50102df0fb23a8fa9e8effad8fa81386","name":"enequipo","image":{"@type":"ImageObject","inLanguage":"es","@id":"https:\/\/www.sonoraenequipo.com.mx\/#\/schema\/person\/image\/","url":"https:\/\/secure.gravatar.com\/avatar\/049821681b589dabc0bc20695993ccebb09f5b5d4d790cd9251b97faac7c652b?s=96&d=blank&r=g","contentUrl":"https:\/\/secure.gravatar.com\/avatar\/049821681b589dabc0bc20695993ccebb09f5b5d4d790cd9251b97faac7c652b?s=96&d=blank&r=g","caption":"enequipo"},"sameAs":["https:\/\/www.facebook.com\/SonoraEE"]}]}},"jetpack_featured_media_url":"https:\/\/www.sonoraenequipo.com.mx\/storage\/2024\/09\/claudia-sheinbaum-sinaloa.jpg","_links":{"self":[{"href":"https:\/\/www.sonoraenequipo.com.mx\/api\/wp\/v2\/posts\/200126","targetHints":{"allow":["GET"]}}],"collection":[{"href":"https:\/\/www.sonoraenequipo.com.mx\/api\/wp\/v2\/posts"}],"about":[{"href":"https:\/\/www.sonoraenequipo.com.mx\/api\/wp\/v2\/types\/post"}],"author":[{"embeddable":true,"href":"https:\/\/www.sonoraenequipo.com.mx\/api\/wp\/v2\/users\/1"}],"replies":[{"embeddable":true,"href":"https:\/\/www.sonoraenequipo.com.mx\/api\/wp\/v2\/comments?post=200126"}],"version-history":[{"count":1,"href":"https:\/\/www.sonoraenequipo.com.mx\/api\/wp\/v2\/posts\/200126\/revisions"}],"predecessor-version":[{"id":200131,"href":"https:\/\/www.sonoraenequipo.com.mx\/api\/wp\/v2\/posts\/200126\/revisions\/200131"}],"wp:featuredmedia":[{"embeddable":true,"href":"https:\/\/www.sonoraenequipo.com.mx\/api\/wp\/v2\/media\/200130"}],"wp:attachment":[{"href":"https:\/\/www.sonoraenequipo.com.mx\/api\/wp\/v2\/media?parent=200126"}],"wp:term":[{"taxonomy":"category","embeddable":true,"href":"https:\/\/www.sonoraenequipo.com.mx\/api\/wp\/v2\/categories?post=200126"},{"taxonomy":"post_tag","embeddable":true,"href":"https:\/\/www.sonoraenequipo.com.mx\/api\/wp\/v2\/tags?post=200126"}],"curies":[{"name":"wp","href":"https:\/\/api.w.org\/{rel}","templated":true}]}}