{"id":200135,"date":"2024-09-28T12:06:51","date_gmt":"2024-09-28T19:06:51","guid":{"rendered":"https:\/\/www.sonoraenequipo.com.mx\/?p=200135"},"modified":"2024-09-28T12:06:51","modified_gmt":"2024-09-28T19:06:51","slug":"naufragio-de-cayuco-con-migrantes-frente-a-costas-espanolas-deja-9-muertos-y-48-desparecidos","status":"publish","type":"post","link":"https:\/\/www.sonoraenequipo.com.mx\/naufragio-de-cayuco-con-migrantes-frente-a-costas-espanolas-deja-9-muertos-y-48-desparecidos\/","title":{"rendered":"Naufragio de cayuco con migrantes frente a costas espa\u00f1olas deja \u00a09 muertos y 48 desparecidos"},"content":{"rendered":"<p>Naufragio de cayuco con migrantes frente a costas espa\u00f1olas deja \u00a09 muertos y 48 desparecidos<\/p>\n<p><strong>SANTA CRUZ, TENERIFE, ES.<\/strong><strong> \u0336 \u0336\u00a0 <\/strong>Nueve personas migrantes murieron y se buscan 48 desaparecidas despu\u00e9s de que un cayuco volcara frente a la costa de Valverde, en El Hierro.<\/p>\n<p>Un total de 84 personas estaban a bordo.<\/p>\n<p>Salvamento Mar\u00edtimo rescat\u00f3 a 27 supervivientes y recuper\u00f3 nueve cuerpos.<\/p>\n<p>Tres heridos fueron trasladados a un hospital.<\/p>\n<p>El operativo de b\u00fasqueda incluye varios barcos y helic\u00f3pteros.<\/p>\n<p>El accidente ocurri\u00f3 de noche y con mal tiempo, siendo un desaf\u00edo para los rescatistas.<\/p>\n<p>La concentraci\u00f3n de personas en un lado del cayuco caus\u00f3 su vuelco.<\/p>\n<p>La guardamar Concepci\u00f3n Arenal localiz\u00f3 la embarcaci\u00f3n a 4 millas al sur del puerto de La Estaca.<\/p>\n<p>La esperanza radica en encontrar a los desaparecidos con vida.<\/p>\n<p><strong>Fecha de publicaci\u00f3n s\u00e1bado 28 de septiembre de 2024 \/ Con informaci\u00f3n de Europa Press<\/strong><\/p>\n","protected":false},"excerpt":{"rendered":"<p>Naufragio de cayuco con migrantes frente a costas espa\u00f1olas deja \u00a09 muertos y 48 desparecidos&#8230;<\/p>\n","protected":false},"author":1,"featured_media":200136,"comment_status":"open","ping_status":"open","sticky":false,"template":"","format":"standard","meta":{"_monsterinsights_skip_tracking":false,"_monsterinsights_sitenote_active":false,"_monsterinsights_sitenote_note":"","_monsterinsights_sitenote_category":0,"footnotes":""},"categories":[3],"tags":[2390,3514],"class_list":["post"],"yoast_head":" \n<title>Sonora en Equipo. Naufragio de cayuco con migrantes frente a costas espa\u00f1olas deja \u00a09 muertos y 48 desparecidos MUNDO<\/title>\n<meta name=\"description\" content=\"Naufragio de cayuco con migrantes frente a costas espa\u00f1olas deja \u00a09 muertos y 48 desparecidos SANTA CRUZ, TENERIFE, ES. \u0336 \u0336\u00a0 Nueve personas migrantes En Sonora en Equipo publicamos toda la informaci\u00f3n de Sonora, M\u00e9xico y el Mundo de manera oportuna y busca que la libertad de expresi\u00f3n sea real. Visita nuestro medio informativo publicado desde Hermosillo, Sonora. %\" \/>\n<meta name=\"robots\" content=\"index, follow, max-snippet:-1, max-image-preview:large, max-video-preview:-1\" \/>\n<link rel=\"canonical\" href=\"https:\/\/www.sonoraenequipo.com.mx\/naufragio-de-cayuco-con-migrantes-frente-a-costas-espanolas-deja-9-muertos-y-48-desparecidos\/\" \/>\n<meta property=\"og:locale\" content=\"es_ES\" \/>\n<meta property=\"og:type\" content=\"article\" \/>\n<meta property=\"og:title\" content=\"Sonora en Equipo. Naufragio de cayuco con migrantes frente a costas espa\u00f1olas deja \u00a09 muertos y 48 desparecidos MUNDO\" \/>\n<meta property=\"og:description\" content=\"Naufragio de cayuco con migrantes frente a costas espa\u00f1olas deja \u00a09 muertos y 48 desparecidos SANTA CRUZ, TENERIFE, ES. \u0336 \u0336\u00a0 Nueve personas migrantes En Sonora en Equipo publicamos toda la informaci\u00f3n de Sonora, M\u00e9xico y el Mundo de manera oportuna y busca que la libertad de expresi\u00f3n sea real. Visita nuestro medio informativo publicado desde Hermosillo, Sonora. %\" \/>\n<meta property=\"og:url\" content=\"https:\/\/www.sonoraenequipo.com.mx\/naufragio-de-cayuco-con-migrantes-frente-a-costas-espanolas-deja-9-muertos-y-48-desparecidos\/\" \/>\n<meta property=\"og:site_name\" content=\"Sonora en Equipo.\" \/>\n<meta property=\"article:publisher\" content=\"https:\/\/www.facebook.com\/SonoraEE\/\" \/>\n<meta property=\"article:author\" content=\"https:\/\/www.facebook.com\/SonoraEE\" \/>\n<meta property=\"article:published_time\" content=\"2024-09-28T19:06:51+00:00\" \/>\n<meta property=\"og:image\" content=\"https:\/\/www.sonoraenequipo.com.mx\/storage\/2024\/09\/cayuco.jpg\" \/>\n\t<meta property=\"og:image:width\" content=\"600\" \/>\n\t<meta property=\"og:image:height\" content=\"338\" \/>\n\t<meta property=\"og:image:type\" content=\"image\/jpeg\" \/>\n<meta name=\"author\" content=\"enequipo\" \/>\n<meta name=\"twitter:card\" content=\"summary_large_image\" \/>\n<meta name=\"twitter:creator\" content=\"@sonoraenequipo\" \/>\n<meta name=\"twitter:site\" content=\"@sonoraenequipo\" \/>\n<meta name=\"twitter:label1\" content=\"Escrito por\" \/>\n\t<meta name=\"twitter:data1\" content=\"enequipo\" \/>\n\t<meta name=\"twitter:label2\" content=\"Tiempo de lectura\" \/>\n\t<meta name=\"twitter:data2\" content=\"1 minuto\" \/>\n<script type=\"application\/ld+json\" class=\"yoast-schema-graph\">{\"@context\":\"https:\/\/schema.org\",\"@graph\":[{\"@type\":\"Article\",\"@id\":\"https:\/\/www.sonoraenequipo.com.mx\/naufragio-de-cayuco-con-migrantes-frente-a-costas-espanolas-deja-9-muertos-y-48-desparecidos\/#article\",\"isPartOf\":{\"@id\":\"https:\/\/www.sonoraenequipo.com.mx\/naufragio-de-cayuco-con-migrantes-frente-a-costas-espanolas-deja-9-muertos-y-48-desparecidos\/\"},\"author\":{\"name\":\"enequipo\",\"@id\":\"https:\/\/www.sonoraenequipo.com.mx\/#\/schema\/person\/50102df0fb23a8fa9e8effad8fa81386\"},\"headline\":\"Naufragio de cayuco con migrantes frente a costas espa\u00f1olas deja \u00a09 muertos y 48 desparecidos\",\"datePublished\":\"2024-09-28T19:06:51+00:00\",\"mainEntityOfPage\":{\"@id\":\"https:\/\/www.sonoraenequipo.com.mx\/naufragio-de-cayuco-con-migrantes-frente-a-costas-espanolas-deja-9-muertos-y-48-desparecidos\/\"},\"wordCount\":163,\"commentCount\":0,\"publisher\":{\"@id\":\"https:\/\/www.sonoraenequipo.com.mx\/#organization\"},\"image\":{\"@id\":\"https:\/\/www.sonoraenequipo.com.mx\/naufragio-de-cayuco-con-migrantes-frente-a-costas-espanolas-deja-9-muertos-y-48-desparecidos\/#primaryimage\"},\"thumbnailUrl\":\"https:\/\/www.sonoraenequipo.com.mx\/storage\/2024\/09\/cayuco.jpg\",\"keywords\":[\"Espa\u00f1a\",\"naufragio\"],\"articleSection\":[\"MUNDO\"],\"inLanguage\":\"es\",\"potentialAction\":[{\"@type\":\"CommentAction\",\"name\":\"Comment\",\"target\":[\"https:\/\/www.sonoraenequipo.com.mx\/naufragio-de-cayuco-con-migrantes-frente-a-costas-espanolas-deja-9-muertos-y-48-desparecidos\/#respond\"]}]},{\"@type\":\"WebPage\",\"@id\":\"https:\/\/www.sonoraenequipo.com.mx\/naufragio-de-cayuco-con-migrantes-frente-a-costas-espanolas-deja-9-muertos-y-48-desparecidos\/\",\"url\":\"https:\/\/www.sonoraenequipo.com.mx\/naufragio-de-cayuco-con-migrantes-frente-a-costas-espanolas-deja-9-muertos-y-48-desparecidos\/\",\"name\":\"Sonora en Equipo. Naufragio de cayuco con migrantes frente a costas espa\u00f1olas deja \u00a09 muertos y 48 desparecidos MUNDO\",\"isPartOf\":{\"@id\":\"https:\/\/www.sonoraenequipo.com.mx\/#website\"},\"primaryImageOfPage\":{\"@id\":\"https:\/\/www.sonoraenequipo.com.mx\/naufragio-de-cayuco-con-migrantes-frente-a-costas-espanolas-deja-9-muertos-y-48-desparecidos\/#primaryimage\"},\"image\":{\"@id\":\"https:\/\/www.sonoraenequipo.com.mx\/naufragio-de-cayuco-con-migrantes-frente-a-costas-espanolas-deja-9-muertos-y-48-desparecidos\/#primaryimage\"},\"thumbnailUrl\":\"https:\/\/www.sonoraenequipo.com.mx\/storage\/2024\/09\/cayuco.jpg\",\"datePublished\":\"2024-09-28T19:06:51+00:00\",\"description\":\"Naufragio de cayuco con migrantes frente a costas espa\u00f1olas deja \u00a09 muertos y 48 desparecidos SANTA CRUZ, TENERIFE, ES. \u0336 \u0336\u00a0 Nueve personas migrantes En Sonora en Equipo publicamos toda la informaci\u00f3n de Sonora, M\u00e9xico y el Mundo de manera oportuna y busca que la libertad de expresi\u00f3n sea real. Visita nuestro medio informativo publicado desde Hermosillo, Sonora. %\",\"breadcrumb\":{\"@id\":\"https:\/\/www.sonoraenequipo.com.mx\/naufragio-de-cayuco-con-migrantes-frente-a-costas-espanolas-deja-9-muertos-y-48-desparecidos\/#breadcrumb\"},\"inLanguage\":\"es\",\"potentialAction\":[{\"@type\":\"ReadAction\",\"target\":[\"https:\/\/www.sonoraenequipo.com.mx\/naufragio-de-cayuco-con-migrantes-frente-a-costas-espanolas-deja-9-muertos-y-48-desparecidos\/\"]}]},{\"@type\":\"ImageObject\",\"inLanguage\":\"es\",\"@id\":\"https:\/\/www.sonoraenequipo.com.mx\/naufragio-de-cayuco-con-migrantes-frente-a-costas-espanolas-deja-9-muertos-y-48-desparecidos\/#primaryimage\",\"url\":\"https:\/\/www.sonoraenequipo.com.mx\/storage\/2024\/09\/cayuco.jpg\",\"contentUrl\":\"https:\/\/www.sonoraenequipo.com.mx\/storage\/2024\/09\/cayuco.jpg\",\"width\":600,\"height\":338,\"caption\":\"Un cayuco con migrantes arriba a Islas Canarias el 9 de junio de 2021: Imagen de archivo: EFE\"},{\"@type\":\"BreadcrumbList\",\"@id\":\"https:\/\/www.sonoraenequipo.com.mx\/naufragio-de-cayuco-con-migrantes-frente-a-costas-espanolas-deja-9-muertos-y-48-desparecidos\/#breadcrumb\",\"itemListElement\":[{\"@type\":\"ListItem\",\"position\":1,\"name\":\"Portada\",\"item\":\"https:\/\/www.sonoraenequipo.com.mx\/\"},{\"@type\":\"ListItem\",\"position\":2,\"name\":\"Naufragio de cayuco con migrantes frente a costas espa\u00f1olas deja \u00a09 muertos y 48 desparecidos\"}]},{\"@type\":\"WebSite\",\"@id\":\"https:\/\/www.sonoraenequipo.com.mx\/#website\",\"url\":\"https:\/\/www.sonoraenequipo.com.mx\/\",\"name\":\"Sonora en Equipo.\",\"description\":\"Diario en l\u00ednea con Noticias desde Hermosillo, Sonora\",\"publisher\":{\"@id\":\"https:\/\/www.sonoraenequipo.com.mx\/#organization\"},\"potentialAction\":[{\"@type\":\"SearchAction\",\"target\":{\"@type\":\"EntryPoint\",\"urlTemplate\":\"https:\/\/www.sonoraenequipo.com.mx\/?s={search_term_string}\"},\"query-input\":{\"@type\":\"PropertyValueSpecification\",\"valueRequired\":true,\"valueName\":\"search_term_string\"}}],\"inLanguage\":\"es\"},{\"@type\":\"Organization\",\"@id\":\"https:\/\/www.sonoraenequipo.com.mx\/#organization\",\"name\":\"Sonoraenequipo.com.mx\",\"url\":\"https:\/\/www.sonoraenequipo.com.mx\/\",\"logo\":{\"@type\":\"ImageObject\",\"inLanguage\":\"es\",\"@id\":\"https:\/\/www.sonoraenequipo.com.mx\/#\/schema\/logo\/image\/\",\"url\":\"https:\/\/www.sonoraenequipo.com.mx\/storage\/2019\/01\/sonoraenequipo_opt.png\",\"contentUrl\":\"https:\/\/www.sonoraenequipo.com.mx\/storage\/2019\/01\/sonoraenequipo_opt.png\",\"width\":375,\"height\":125,\"caption\":\"Sonoraenequipo.com.mx\"},\"image\":{\"@id\":\"https:\/\/www.sonoraenequipo.com.mx\/#\/schema\/logo\/image\/\"},\"sameAs\":[\"https:\/\/www.facebook.com\/SonoraEE\/\",\"https:\/\/x.com\/sonoraenequipo\",\"https:\/\/www.youtube.com\/channel\/UC338nW-lPEYmJQs4ZABQ1SQ\"]},{\"@type\":\"Person\",\"@id\":\"https:\/\/www.sonoraenequipo.com.mx\/#\/schema\/person\/50102df0fb23a8fa9e8effad8fa81386\",\"name\":\"enequipo\",\"image\":{\"@type\":\"ImageObject\",\"inLanguage\":\"es\",\"@id\":\"https:\/\/www.sonoraenequipo.com.mx\/#\/schema\/person\/image\/\",\"url\":\"https:\/\/secure.gravatar.com\/avatar\/049821681b589dabc0bc20695993ccebb09f5b5d4d790cd9251b97faac7c652b?s=96&d=blank&r=g\",\"contentUrl\":\"https:\/\/secure.gravatar.com\/avatar\/049821681b589dabc0bc20695993ccebb09f5b5d4d790cd9251b97faac7c652b?s=96&d=blank&r=g\",\"caption\":\"enequipo\"},\"sameAs\":[\"https:\/\/www.facebook.com\/SonoraEE\"]}]}<\/script>\n ","yoast_head_json":{"title":"Sonora en Equipo. Naufragio de cayuco con migrantes frente a costas espa\u00f1olas deja \u00a09 muertos y 48 desparecidos MUNDO","description":"Naufragio de cayuco con migrantes frente a costas espa\u00f1olas deja \u00a09 muertos y 48 desparecidos SANTA CRUZ, TENERIFE, ES. \u0336 \u0336\u00a0 Nueve personas migrantes En Sonora en Equipo publicamos toda la informaci\u00f3n de Sonora, M\u00e9xico y el Mundo de manera oportuna y busca que la libertad de expresi\u00f3n sea real. Visita nuestro medio informativo publicado desde Hermosillo, Sonora. %","robots":{"index":"index","follow":"follow","max-snippet":"max-snippet:-1","max-image-preview":"max-image-preview:large","max-video-preview":"max-video-preview:-1"},"canonical":"https:\/\/www.sonoraenequipo.com.mx\/naufragio-de-cayuco-con-migrantes-frente-a-costas-espanolas-deja-9-muertos-y-48-desparecidos\/","og_locale":"es_ES","og_type":"article","og_title":"Sonora en Equipo. Naufragio de cayuco con migrantes frente a costas espa\u00f1olas deja \u00a09 muertos y 48 desparecidos MUNDO","og_description":"Naufragio de cayuco con migrantes frente a costas espa\u00f1olas deja \u00a09 muertos y 48 desparecidos SANTA CRUZ, TENERIFE, ES. \u0336 \u0336\u00a0 Nueve personas migrantes En Sonora en Equipo publicamos toda la informaci\u00f3n de Sonora, M\u00e9xico y el Mundo de manera oportuna y busca que la libertad de expresi\u00f3n sea real. Visita nuestro medio informativo publicado desde Hermosillo, Sonora. %","og_url":"https:\/\/www.sonoraenequipo.com.mx\/naufragio-de-cayuco-con-migrantes-frente-a-costas-espanolas-deja-9-muertos-y-48-desparecidos\/","og_site_name":"Sonora en Equipo.","article_publisher":"https:\/\/www.facebook.com\/SonoraEE\/","article_author":"https:\/\/www.facebook.com\/SonoraEE","article_published_time":"2024-09-28T19:06:51+00:00","og_image":[{"width":600,"height":338,"url":"https:\/\/www.sonoraenequipo.com.mx\/storage\/2024\/09\/cayuco.jpg","type":"image\/jpeg"}],"author":"enequipo","twitter_card":"summary_large_image","twitter_creator":"@sonoraenequipo","twitter_site":"@sonoraenequipo","twitter_misc":{"Escrito por":"enequipo","Tiempo de lectura":"1 minuto"},"schema":{"@context":"https:\/\/schema.org","@graph":[{"@type":"Article","@id":"https:\/\/www.sonoraenequipo.com.mx\/naufragio-de-cayuco-con-migrantes-frente-a-costas-espanolas-deja-9-muertos-y-48-desparecidos\/#article","isPartOf":{"@id":"https:\/\/www.sonoraenequipo.com.mx\/naufragio-de-cayuco-con-migrantes-frente-a-costas-espanolas-deja-9-muertos-y-48-desparecidos\/"},"author":{"name":"enequipo","@id":"https:\/\/www.sonoraenequipo.com.mx\/#\/schema\/person\/50102df0fb23a8fa9e8effad8fa81386"},"headline":"Naufragio de cayuco con migrantes frente a costas espa\u00f1olas deja \u00a09 muertos y 48 desparecidos","datePublished":"2024-09-28T19:06:51+00:00","mainEntityOfPage":{"@id":"https:\/\/www.sonoraenequipo.com.mx\/naufragio-de-cayuco-con-migrantes-frente-a-costas-espanolas-deja-9-muertos-y-48-desparecidos\/"},"wordCount":163,"commentCount":0,"publisher":{"@id":"https:\/\/www.sonoraenequipo.com.mx\/#organization"},"image":{"@id":"https:\/\/www.sonoraenequipo.com.mx\/naufragio-de-cayuco-con-migrantes-frente-a-costas-espanolas-deja-9-muertos-y-48-desparecidos\/#primaryimage"},"thumbnailUrl":"https:\/\/www.sonoraenequipo.com.mx\/storage\/2024\/09\/cayuco.jpg","keywords":["Espa\u00f1a","naufragio"],"articleSection":["MUNDO"],"inLanguage":"es","potentialAction":[{"@type":"CommentAction","name":"Comment","target":["https:\/\/www.sonoraenequipo.com.mx\/naufragio-de-cayuco-con-migrantes-frente-a-costas-espanolas-deja-9-muertos-y-48-desparecidos\/#respond"]}]},{"@type":"WebPage","@id":"https:\/\/www.sonoraenequipo.com.mx\/naufragio-de-cayuco-con-migrantes-frente-a-costas-espanolas-deja-9-muertos-y-48-desparecidos\/","url":"https:\/\/www.sonoraenequipo.com.mx\/naufragio-de-cayuco-con-migrantes-frente-a-costas-espanolas-deja-9-muertos-y-48-desparecidos\/","name":"Sonora en Equipo. Naufragio de cayuco con migrantes frente a costas espa\u00f1olas deja \u00a09 muertos y 48 desparecidos MUNDO","isPartOf":{"@id":"https:\/\/www.sonoraenequipo.com.mx\/#website"},"primaryImageOfPage":{"@id":"https:\/\/www.sonoraenequipo.com.mx\/naufragio-de-cayuco-con-migrantes-frente-a-costas-espanolas-deja-9-muertos-y-48-desparecidos\/#primaryimage"},"image":{"@id":"https:\/\/www.sonoraenequipo.com.mx\/naufragio-de-cayuco-con-migrantes-frente-a-costas-espanolas-deja-9-muertos-y-48-desparecidos\/#primaryimage"},"thumbnailUrl":"https:\/\/www.sonoraenequipo.com.mx\/storage\/2024\/09\/cayuco.jpg","datePublished":"2024-09-28T19:06:51+00:00","description":"Naufragio de cayuco con migrantes frente a costas espa\u00f1olas deja \u00a09 muertos y 48 desparecidos SANTA CRUZ, TENERIFE, ES. \u0336 \u0336\u00a0 Nueve personas migrantes En Sonora en Equipo publicamos toda la informaci\u00f3n de Sonora, M\u00e9xico y el Mundo de manera oportuna y busca que la libertad de expresi\u00f3n sea real. Visita nuestro medio informativo publicado desde Hermosillo, Sonora. %","breadcrumb":{"@id":"https:\/\/www.sonoraenequipo.com.mx\/naufragio-de-cayuco-con-migrantes-frente-a-costas-espanolas-deja-9-muertos-y-48-desparecidos\/#breadcrumb"},"inLanguage":"es","potentialAction":[{"@type":"ReadAction","target":["https:\/\/www.sonoraenequipo.com.mx\/naufragio-de-cayuco-con-migrantes-frente-a-costas-espanolas-deja-9-muertos-y-48-desparecidos\/"]}]},{"@type":"ImageObject","inLanguage":"es","@id":"https:\/\/www.sonoraenequipo.com.mx\/naufragio-de-cayuco-con-migrantes-frente-a-costas-espanolas-deja-9-muertos-y-48-desparecidos\/#primaryimage","url":"https:\/\/www.sonoraenequipo.com.mx\/storage\/2024\/09\/cayuco.jpg","contentUrl":"https:\/\/www.sonoraenequipo.com.mx\/storage\/2024\/09\/cayuco.jpg","width":600,"height":338,"caption":"Un cayuco con migrantes arriba a Islas Canarias el 9 de junio de 2021: Imagen de archivo: EFE"},{"@type":"BreadcrumbList","@id":"https:\/\/www.sonoraenequipo.com.mx\/naufragio-de-cayuco-con-migrantes-frente-a-costas-espanolas-deja-9-muertos-y-48-desparecidos\/#breadcrumb","itemListElement":[{"@type":"ListItem","position":1,"name":"Portada","item":"https:\/\/www.sonoraenequipo.com.mx\/"},{"@type":"ListItem","position":2,"name":"Naufragio de cayuco con migrantes frente a costas espa\u00f1olas deja \u00a09 muertos y 48 desparecidos"}]},{"@type":"WebSite","@id":"https:\/\/www.sonoraenequipo.com.mx\/#website","url":"https:\/\/www.sonoraenequipo.com.mx\/","name":"Sonora en Equipo.","description":"Diario en l\u00ednea con Noticias desde Hermosillo, Sonora","publisher":{"@id":"https:\/\/www.sonoraenequipo.com.mx\/#organization"},"potentialAction":[{"@type":"SearchAction","target":{"@type":"EntryPoint","urlTemplate":"https:\/\/www.sonoraenequipo.com.mx\/?s={search_term_string}"},"query-input":{"@type":"PropertyValueSpecification","valueRequired":true,"valueName":"search_term_string"}}],"inLanguage":"es"},{"@type":"Organization","@id":"https:\/\/www.sonoraenequipo.com.mx\/#organization","name":"Sonoraenequipo.com.mx","url":"https:\/\/www.sonoraenequipo.com.mx\/","logo":{"@type":"ImageObject","inLanguage":"es","@id":"https:\/\/www.sonoraenequipo.com.mx\/#\/schema\/logo\/image\/","url":"https:\/\/www.sonoraenequipo.com.mx\/storage\/2019\/01\/sonoraenequipo_opt.png","contentUrl":"https:\/\/www.sonoraenequipo.com.mx\/storage\/2019\/01\/sonoraenequipo_opt.png","width":375,"height":125,"caption":"Sonoraenequipo.com.mx"},"image":{"@id":"https:\/\/www.sonoraenequipo.com.mx\/#\/schema\/logo\/image\/"},"sameAs":["https:\/\/www.facebook.com\/SonoraEE\/","https:\/\/x.com\/sonoraenequipo","https:\/\/www.youtube.com\/channel\/UC338nW-lPEYmJQs4ZABQ1SQ"]},{"@type":"Person","@id":"https:\/\/www.sonoraenequipo.com.mx\/#\/schema\/person\/50102df0fb23a8fa9e8effad8fa81386","name":"enequipo","image":{"@type":"ImageObject","inLanguage":"es","@id":"https:\/\/www.sonoraenequipo.com.mx\/#\/schema\/person\/image\/","url":"https:\/\/secure.gravatar.com\/avatar\/049821681b589dabc0bc20695993ccebb09f5b5d4d790cd9251b97faac7c652b?s=96&d=blank&r=g","contentUrl":"https:\/\/secure.gravatar.com\/avatar\/049821681b589dabc0bc20695993ccebb09f5b5d4d790cd9251b97faac7c652b?s=96&d=blank&r=g","caption":"enequipo"},"sameAs":["https:\/\/www.facebook.com\/SonoraEE"]}]}},"jetpack_featured_media_url":"https:\/\/www.sonoraenequipo.com.mx\/storage\/2024\/09\/cayuco.jpg","_links":{"self":[{"href":"https:\/\/www.sonoraenequipo.com.mx\/api\/wp\/v2\/posts\/200135","targetHints":{"allow":["GET"]}}],"collection":[{"href":"https:\/\/www.sonoraenequipo.com.mx\/api\/wp\/v2\/posts"}],"about":[{"href":"https:\/\/www.sonoraenequipo.com.mx\/api\/wp\/v2\/types\/post"}],"author":[{"embeddable":true,"href":"https:\/\/www.sonoraenequipo.com.mx\/api\/wp\/v2\/users\/1"}],"replies":[{"embeddable":true,"href":"https:\/\/www.sonoraenequipo.com.mx\/api\/wp\/v2\/comments?post=200135"}],"version-history":[{"count":1,"href":"https:\/\/www.sonoraenequipo.com.mx\/api\/wp\/v2\/posts\/200135\/revisions"}],"predecessor-version":[{"id":200137,"href":"https:\/\/www.sonoraenequipo.com.mx\/api\/wp\/v2\/posts\/200135\/revisions\/200137"}],"wp:featuredmedia":[{"embeddable":true,"href":"https:\/\/www.sonoraenequipo.com.mx\/api\/wp\/v2\/media\/200136"}],"wp:attachment":[{"href":"https:\/\/www.sonoraenequipo.com.mx\/api\/wp\/v2\/media?parent=200135"}],"wp:term":[{"taxonomy":"category","embeddable":true,"href":"https:\/\/www.sonoraenequipo.com.mx\/api\/wp\/v2\/categories?post=200135"},{"taxonomy":"post_tag","embeddable":true,"href":"https:\/\/www.sonoraenequipo.com.mx\/api\/wp\/v2\/tags?post=200135"}],"curies":[{"name":"wp","href":"https:\/\/api.w.org\/{rel}","templated":true}]}}