{"id":200145,"date":"2024-09-28T14:13:24","date_gmt":"2024-09-28T21:13:24","guid":{"rendered":"https:\/\/www.sonoraenequipo.com.mx\/?p=200145"},"modified":"2024-09-28T14:17:55","modified_gmt":"2024-09-28T21:17:55","slug":"200145-2","status":"publish","type":"post","link":"https:\/\/www.sonoraenequipo.com.mx\/200145-2\/","title":{"rendered":"Liga MX confirma que la campeones Cup s\u00ed es un t\u00edtulo oficial"},"content":{"rendered":"<p>En un comunicado la Liga MX termin\u00f3 con la pol\u00e9mica sobre la oficialidad del t\u00edtulo que Las \u00c1guilas del Am\u00e9rica conquistaron el pasado mi\u00e9rcoles 25 del presente al adjudicarse la edici\u00f3n 2024 del trofeo Campeones Cup al imponerse 5-4 en penales tras igualar 1-1 en el tiempo regular, al Columbus Crew de la MLS en\u00a0 partido celebrado en el Lower.com Field, casa de Columbus<\/p>\n<p>Algunos detractores de las \u00c1guilas se\u00f1alaron que era un trofeo de corcholata otros dijeron de manera m\u00e1s despectiva que era un cenicero.<\/p>\n<p>Am\u00e9rica es el tercer equipo mexicano que gana este t\u00edtulo en el que se enfrentan los campeones de la Major League Soccer y la Liga BBVA MX, anteriormente lo hizo Tigres en 2018 y en 2023. Atlanta United, Columbus Crew y New York City FC conquistaron las ediciones 2019, 2021 y 2022, respectivamente, por la MLS.<\/p>\n<p>Para Am\u00e9rica es su t\u00edtulo oficial 40 en la \u00e9poca profesional, y el 45 sumando la etapa amateur, consolid\u00e1ndose as\u00ed como el club m\u00e1s ganador en la historia del futbol mexicano.<\/p>\n<p>Los 40 t\u00edtulos del Am\u00e9rica:<\/p>\n<p>15 t\u00edtulos de Liga MX<\/p>\n<p>6 t\u00edtulos de Copa MX<\/p>\n<p>7 Campe\u00f3n de Campeones<\/p>\n<p>1 SuperCopa de la Liga MX<\/p>\n<p>7 Copas de Campeones de Concacaf<\/p>\n<p>1 Giants Cup de Concacaf<\/p>\n<p>2 Copas Interamericanas<\/p>\n<p>1 Campeones Cup<\/p>\n<p>En la \u00e9poca amateur fue campe\u00f3n 4 veces de Liga y 2 de Copa, para llegar a 46.<\/p>\n<p>LOS CINCO T\u00cdTULOS DE ANDRE JARDINE CON AM\u00c9RICA<\/p>\n<p>El brasile\u00f1o Andre Jardine lleg\u00f3 al Am\u00e9rica a mediados de junio de 2023, faltaban menos de dos semanas para que iniciara el Torneo Apertura 2023, y con 72 partidos al frente de las \u00c1guilas ya conquist\u00f3 5 t\u00edtulos (Liga Apertura 2023, Liga Apertura 2024, Campe\u00f3n de Campeones 2023-2024, SuperCopa de la Liga MX 2024 y Campeones Cup 2024).<\/p>\n<p>T\u00e9cnicos con m\u00e1s t\u00edtulos al frente del Am\u00e9rica:<\/p>\n<p>5 Andre Jardine (BRA)<\/p>\n<p>4 Jorge Vieyra (BRA)<\/p>\n<p>4 Ra\u00fal C\u00e1rdenas (MEX)<\/p>\n<p>4 Miguel Herrera (MEX)<\/p>\n<p><strong>Fecha de publicaci\u00f3n s\u00e1bado 28 de septiembre de 2024<\/strong><\/p>\n","protected":false},"excerpt":{"rendered":"<p>En un comunicado la Liga MX termin\u00f3 con la pol\u00e9mica sobre la oficialidad del t\u00edtulo&#8230;<\/p>\n","protected":false},"author":1,"featured_media":200146,"comment_status":"open","ping_status":"open","sticky":false,"template":"","format":"standard","meta":{"_monsterinsights_skip_tracking":false,"_monsterinsights_sitenote_active":false,"_monsterinsights_sitenote_note":"","_monsterinsights_sitenote_category":0,"footnotes":""},"categories":[10],"tags":[],"class_list":["post"],"yoast_head":" \n<title>Sonora en Equipo. Liga MX confirma que la campeones Cup s\u00ed es un t\u00edtulo oficial Deportes<\/title>\n<meta name=\"description\" content=\"En un comunicado la Liga MX termin\u00f3 con la pol\u00e9mica sobre la oficialidad del t\u00edtulo que Las \u00c1guilas del Am\u00e9rica conquistaron el pasado mi\u00e9rcoles 25 del En Sonora en Equipo publicamos toda la informaci\u00f3n de Sonora, M\u00e9xico y el Mundo de manera oportuna y busca que la libertad de expresi\u00f3n sea real. Visita nuestro medio informativo publicado desde Hermosillo, Sonora. %\" \/>\n<meta name=\"robots\" content=\"index, follow, max-snippet:-1, max-image-preview:large, max-video-preview:-1\" \/>\n<link rel=\"canonical\" href=\"https:\/\/www.sonoraenequipo.com.mx\/200145-2\/\" \/>\n<meta property=\"og:locale\" content=\"es_ES\" \/>\n<meta property=\"og:type\" content=\"article\" \/>\n<meta property=\"og:title\" content=\"Sonora en Equipo. Liga MX confirma que la campeones Cup s\u00ed es un t\u00edtulo oficial Deportes\" \/>\n<meta property=\"og:description\" content=\"En un comunicado la Liga MX termin\u00f3 con la pol\u00e9mica sobre la oficialidad del t\u00edtulo que Las \u00c1guilas del Am\u00e9rica conquistaron el pasado mi\u00e9rcoles 25 del En Sonora en Equipo publicamos toda la informaci\u00f3n de Sonora, M\u00e9xico y el Mundo de manera oportuna y busca que la libertad de expresi\u00f3n sea real. Visita nuestro medio informativo publicado desde Hermosillo, Sonora. %\" \/>\n<meta property=\"og:url\" content=\"https:\/\/www.sonoraenequipo.com.mx\/200145-2\/\" \/>\n<meta property=\"og:site_name\" content=\"Sonora en Equipo.\" \/>\n<meta property=\"article:publisher\" content=\"https:\/\/www.facebook.com\/SonoraEE\/\" \/>\n<meta property=\"article:author\" content=\"https:\/\/www.facebook.com\/SonoraEE\" \/>\n<meta property=\"article:published_time\" content=\"2024-09-28T21:13:24+00:00\" \/>\n<meta property=\"article:modified_time\" content=\"2024-09-28T21:17:55+00:00\" \/>\n<meta property=\"og:image\" content=\"https:\/\/www.sonoraenequipo.com.mx\/storage\/2024\/09\/club-america.jpg\" \/>\n\t<meta property=\"og:image:width\" content=\"600\" \/>\n\t<meta property=\"og:image:height\" content=\"400\" \/>\n\t<meta property=\"og:image:type\" content=\"image\/jpeg\" \/>\n<meta name=\"author\" content=\"enequipo\" \/>\n<meta name=\"twitter:card\" content=\"summary_large_image\" \/>\n<meta name=\"twitter:creator\" content=\"@sonoraenequipo\" \/>\n<meta name=\"twitter:site\" content=\"@sonoraenequipo\" \/>\n<meta name=\"twitter:label1\" content=\"Escrito por\" \/>\n\t<meta name=\"twitter:data1\" content=\"enequipo\" \/>\n\t<meta name=\"twitter:label2\" content=\"Tiempo de lectura\" \/>\n\t<meta name=\"twitter:data2\" content=\"2 minutos\" \/>\n<script type=\"application\/ld+json\" class=\"yoast-schema-graph\">{\"@context\":\"https:\/\/schema.org\",\"@graph\":[{\"@type\":\"Article\",\"@id\":\"https:\/\/www.sonoraenequipo.com.mx\/200145-2\/#article\",\"isPartOf\":{\"@id\":\"https:\/\/www.sonoraenequipo.com.mx\/200145-2\/\"},\"author\":{\"name\":\"enequipo\",\"@id\":\"https:\/\/www.sonoraenequipo.com.mx\/#\/schema\/person\/50102df0fb23a8fa9e8effad8fa81386\"},\"headline\":\"Liga MX confirma que la campeones Cup s\u00ed es un t\u00edtulo oficial\",\"datePublished\":\"2024-09-28T21:13:24+00:00\",\"dateModified\":\"2024-09-28T21:17:55+00:00\",\"mainEntityOfPage\":{\"@id\":\"https:\/\/www.sonoraenequipo.com.mx\/200145-2\/\"},\"wordCount\":344,\"commentCount\":0,\"publisher\":{\"@id\":\"https:\/\/www.sonoraenequipo.com.mx\/#organization\"},\"image\":{\"@id\":\"https:\/\/www.sonoraenequipo.com.mx\/200145-2\/#primaryimage\"},\"thumbnailUrl\":\"https:\/\/www.sonoraenequipo.com.mx\/storage\/2024\/09\/club-america.jpg\",\"articleSection\":[\"Deportes\"],\"inLanguage\":\"es\",\"potentialAction\":[{\"@type\":\"CommentAction\",\"name\":\"Comment\",\"target\":[\"https:\/\/www.sonoraenequipo.com.mx\/200145-2\/#respond\"]}]},{\"@type\":\"WebPage\",\"@id\":\"https:\/\/www.sonoraenequipo.com.mx\/200145-2\/\",\"url\":\"https:\/\/www.sonoraenequipo.com.mx\/200145-2\/\",\"name\":\"Sonora en Equipo. Liga MX confirma que la campeones Cup s\u00ed es un t\u00edtulo oficial Deportes\",\"isPartOf\":{\"@id\":\"https:\/\/www.sonoraenequipo.com.mx\/#website\"},\"primaryImageOfPage\":{\"@id\":\"https:\/\/www.sonoraenequipo.com.mx\/200145-2\/#primaryimage\"},\"image\":{\"@id\":\"https:\/\/www.sonoraenequipo.com.mx\/200145-2\/#primaryimage\"},\"thumbnailUrl\":\"https:\/\/www.sonoraenequipo.com.mx\/storage\/2024\/09\/club-america.jpg\",\"datePublished\":\"2024-09-28T21:13:24+00:00\",\"dateModified\":\"2024-09-28T21:17:55+00:00\",\"description\":\"En un comunicado la Liga MX termin\u00f3 con la pol\u00e9mica sobre la oficialidad del t\u00edtulo que Las \u00c1guilas del Am\u00e9rica conquistaron el pasado mi\u00e9rcoles 25 del En Sonora en Equipo publicamos toda la informaci\u00f3n de Sonora, M\u00e9xico y el Mundo de manera oportuna y busca que la libertad de expresi\u00f3n sea real. Visita nuestro medio informativo publicado desde Hermosillo, Sonora. %\",\"breadcrumb\":{\"@id\":\"https:\/\/www.sonoraenequipo.com.mx\/200145-2\/#breadcrumb\"},\"inLanguage\":\"es\",\"potentialAction\":[{\"@type\":\"ReadAction\",\"target\":[\"https:\/\/www.sonoraenequipo.com.mx\/200145-2\/\"]}]},{\"@type\":\"ImageObject\",\"inLanguage\":\"es\",\"@id\":\"https:\/\/www.sonoraenequipo.com.mx\/200145-2\/#primaryimage\",\"url\":\"https:\/\/www.sonoraenequipo.com.mx\/storage\/2024\/09\/club-america.jpg\",\"contentUrl\":\"https:\/\/www.sonoraenequipo.com.mx\/storage\/2024\/09\/club-america.jpg\",\"width\":600,\"height\":400,\"caption\":\"El Club Am\u00e9rica celebrando la campeones cup. Getty Images\"},{\"@type\":\"BreadcrumbList\",\"@id\":\"https:\/\/www.sonoraenequipo.com.mx\/200145-2\/#breadcrumb\",\"itemListElement\":[{\"@type\":\"ListItem\",\"position\":1,\"name\":\"Portada\",\"item\":\"https:\/\/www.sonoraenequipo.com.mx\/\"},{\"@type\":\"ListItem\",\"position\":2,\"name\":\"Liga MX confirma que la campeones Cup s\u00ed es un t\u00edtulo oficial\"}]},{\"@type\":\"WebSite\",\"@id\":\"https:\/\/www.sonoraenequipo.com.mx\/#website\",\"url\":\"https:\/\/www.sonoraenequipo.com.mx\/\",\"name\":\"Sonora en Equipo.\",\"description\":\"Diario en l\u00ednea con Noticias desde Hermosillo, Sonora\",\"publisher\":{\"@id\":\"https:\/\/www.sonoraenequipo.com.mx\/#organization\"},\"potentialAction\":[{\"@type\":\"SearchAction\",\"target\":{\"@type\":\"EntryPoint\",\"urlTemplate\":\"https:\/\/www.sonoraenequipo.com.mx\/?s={search_term_string}\"},\"query-input\":{\"@type\":\"PropertyValueSpecification\",\"valueRequired\":true,\"valueName\":\"search_term_string\"}}],\"inLanguage\":\"es\"},{\"@type\":\"Organization\",\"@id\":\"https:\/\/www.sonoraenequipo.com.mx\/#organization\",\"name\":\"Sonoraenequipo.com.mx\",\"url\":\"https:\/\/www.sonoraenequipo.com.mx\/\",\"logo\":{\"@type\":\"ImageObject\",\"inLanguage\":\"es\",\"@id\":\"https:\/\/www.sonoraenequipo.com.mx\/#\/schema\/logo\/image\/\",\"url\":\"https:\/\/www.sonoraenequipo.com.mx\/storage\/2019\/01\/sonoraenequipo_opt.png\",\"contentUrl\":\"https:\/\/www.sonoraenequipo.com.mx\/storage\/2019\/01\/sonoraenequipo_opt.png\",\"width\":375,\"height\":125,\"caption\":\"Sonoraenequipo.com.mx\"},\"image\":{\"@id\":\"https:\/\/www.sonoraenequipo.com.mx\/#\/schema\/logo\/image\/\"},\"sameAs\":[\"https:\/\/www.facebook.com\/SonoraEE\/\",\"https:\/\/x.com\/sonoraenequipo\",\"https:\/\/www.youtube.com\/channel\/UC338nW-lPEYmJQs4ZABQ1SQ\"]},{\"@type\":\"Person\",\"@id\":\"https:\/\/www.sonoraenequipo.com.mx\/#\/schema\/person\/50102df0fb23a8fa9e8effad8fa81386\",\"name\":\"enequipo\",\"image\":{\"@type\":\"ImageObject\",\"inLanguage\":\"es\",\"@id\":\"https:\/\/www.sonoraenequipo.com.mx\/#\/schema\/person\/image\/\",\"url\":\"https:\/\/secure.gravatar.com\/avatar\/049821681b589dabc0bc20695993ccebb09f5b5d4d790cd9251b97faac7c652b?s=96&d=blank&r=g\",\"contentUrl\":\"https:\/\/secure.gravatar.com\/avatar\/049821681b589dabc0bc20695993ccebb09f5b5d4d790cd9251b97faac7c652b?s=96&d=blank&r=g\",\"caption\":\"enequipo\"},\"sameAs\":[\"https:\/\/www.facebook.com\/SonoraEE\"]}]}<\/script>\n ","yoast_head_json":{"title":"Sonora en Equipo. Liga MX confirma que la campeones Cup s\u00ed es un t\u00edtulo oficial Deportes","description":"En un comunicado la Liga MX termin\u00f3 con la pol\u00e9mica sobre la oficialidad del t\u00edtulo que Las \u00c1guilas del Am\u00e9rica conquistaron el pasado mi\u00e9rcoles 25 del En Sonora en Equipo publicamos toda la informaci\u00f3n de Sonora, M\u00e9xico y el Mundo de manera oportuna y busca que la libertad de expresi\u00f3n sea real. Visita nuestro medio informativo publicado desde Hermosillo, Sonora. %","robots":{"index":"index","follow":"follow","max-snippet":"max-snippet:-1","max-image-preview":"max-image-preview:large","max-video-preview":"max-video-preview:-1"},"canonical":"https:\/\/www.sonoraenequipo.com.mx\/200145-2\/","og_locale":"es_ES","og_type":"article","og_title":"Sonora en Equipo. Liga MX confirma que la campeones Cup s\u00ed es un t\u00edtulo oficial Deportes","og_description":"En un comunicado la Liga MX termin\u00f3 con la pol\u00e9mica sobre la oficialidad del t\u00edtulo que Las \u00c1guilas del Am\u00e9rica conquistaron el pasado mi\u00e9rcoles 25 del En Sonora en Equipo publicamos toda la informaci\u00f3n de Sonora, M\u00e9xico y el Mundo de manera oportuna y busca que la libertad de expresi\u00f3n sea real. Visita nuestro medio informativo publicado desde Hermosillo, Sonora. %","og_url":"https:\/\/www.sonoraenequipo.com.mx\/200145-2\/","og_site_name":"Sonora en Equipo.","article_publisher":"https:\/\/www.facebook.com\/SonoraEE\/","article_author":"https:\/\/www.facebook.com\/SonoraEE","article_published_time":"2024-09-28T21:13:24+00:00","article_modified_time":"2024-09-28T21:17:55+00:00","og_image":[{"width":600,"height":400,"url":"https:\/\/www.sonoraenequipo.com.mx\/storage\/2024\/09\/club-america.jpg","type":"image\/jpeg"}],"author":"enequipo","twitter_card":"summary_large_image","twitter_creator":"@sonoraenequipo","twitter_site":"@sonoraenequipo","twitter_misc":{"Escrito por":"enequipo","Tiempo de lectura":"2 minutos"},"schema":{"@context":"https:\/\/schema.org","@graph":[{"@type":"Article","@id":"https:\/\/www.sonoraenequipo.com.mx\/200145-2\/#article","isPartOf":{"@id":"https:\/\/www.sonoraenequipo.com.mx\/200145-2\/"},"author":{"name":"enequipo","@id":"https:\/\/www.sonoraenequipo.com.mx\/#\/schema\/person\/50102df0fb23a8fa9e8effad8fa81386"},"headline":"Liga MX confirma que la campeones Cup s\u00ed es un t\u00edtulo oficial","datePublished":"2024-09-28T21:13:24+00:00","dateModified":"2024-09-28T21:17:55+00:00","mainEntityOfPage":{"@id":"https:\/\/www.sonoraenequipo.com.mx\/200145-2\/"},"wordCount":344,"commentCount":0,"publisher":{"@id":"https:\/\/www.sonoraenequipo.com.mx\/#organization"},"image":{"@id":"https:\/\/www.sonoraenequipo.com.mx\/200145-2\/#primaryimage"},"thumbnailUrl":"https:\/\/www.sonoraenequipo.com.mx\/storage\/2024\/09\/club-america.jpg","articleSection":["Deportes"],"inLanguage":"es","potentialAction":[{"@type":"CommentAction","name":"Comment","target":["https:\/\/www.sonoraenequipo.com.mx\/200145-2\/#respond"]}]},{"@type":"WebPage","@id":"https:\/\/www.sonoraenequipo.com.mx\/200145-2\/","url":"https:\/\/www.sonoraenequipo.com.mx\/200145-2\/","name":"Sonora en Equipo. Liga MX confirma que la campeones Cup s\u00ed es un t\u00edtulo oficial Deportes","isPartOf":{"@id":"https:\/\/www.sonoraenequipo.com.mx\/#website"},"primaryImageOfPage":{"@id":"https:\/\/www.sonoraenequipo.com.mx\/200145-2\/#primaryimage"},"image":{"@id":"https:\/\/www.sonoraenequipo.com.mx\/200145-2\/#primaryimage"},"thumbnailUrl":"https:\/\/www.sonoraenequipo.com.mx\/storage\/2024\/09\/club-america.jpg","datePublished":"2024-09-28T21:13:24+00:00","dateModified":"2024-09-28T21:17:55+00:00","description":"En un comunicado la Liga MX termin\u00f3 con la pol\u00e9mica sobre la oficialidad del t\u00edtulo que Las \u00c1guilas del Am\u00e9rica conquistaron el pasado mi\u00e9rcoles 25 del En Sonora en Equipo publicamos toda la informaci\u00f3n de Sonora, M\u00e9xico y el Mundo de manera oportuna y busca que la libertad de expresi\u00f3n sea real. Visita nuestro medio informativo publicado desde Hermosillo, Sonora. %","breadcrumb":{"@id":"https:\/\/www.sonoraenequipo.com.mx\/200145-2\/#breadcrumb"},"inLanguage":"es","potentialAction":[{"@type":"ReadAction","target":["https:\/\/www.sonoraenequipo.com.mx\/200145-2\/"]}]},{"@type":"ImageObject","inLanguage":"es","@id":"https:\/\/www.sonoraenequipo.com.mx\/200145-2\/#primaryimage","url":"https:\/\/www.sonoraenequipo.com.mx\/storage\/2024\/09\/club-america.jpg","contentUrl":"https:\/\/www.sonoraenequipo.com.mx\/storage\/2024\/09\/club-america.jpg","width":600,"height":400,"caption":"El Club Am\u00e9rica celebrando la campeones cup. Getty Images"},{"@type":"BreadcrumbList","@id":"https:\/\/www.sonoraenequipo.com.mx\/200145-2\/#breadcrumb","itemListElement":[{"@type":"ListItem","position":1,"name":"Portada","item":"https:\/\/www.sonoraenequipo.com.mx\/"},{"@type":"ListItem","position":2,"name":"Liga MX confirma que la campeones Cup s\u00ed es un t\u00edtulo oficial"}]},{"@type":"WebSite","@id":"https:\/\/www.sonoraenequipo.com.mx\/#website","url":"https:\/\/www.sonoraenequipo.com.mx\/","name":"Sonora en Equipo.","description":"Diario en l\u00ednea con Noticias desde Hermosillo, Sonora","publisher":{"@id":"https:\/\/www.sonoraenequipo.com.mx\/#organization"},"potentialAction":[{"@type":"SearchAction","target":{"@type":"EntryPoint","urlTemplate":"https:\/\/www.sonoraenequipo.com.mx\/?s={search_term_string}"},"query-input":{"@type":"PropertyValueSpecification","valueRequired":true,"valueName":"search_term_string"}}],"inLanguage":"es"},{"@type":"Organization","@id":"https:\/\/www.sonoraenequipo.com.mx\/#organization","name":"Sonoraenequipo.com.mx","url":"https:\/\/www.sonoraenequipo.com.mx\/","logo":{"@type":"ImageObject","inLanguage":"es","@id":"https:\/\/www.sonoraenequipo.com.mx\/#\/schema\/logo\/image\/","url":"https:\/\/www.sonoraenequipo.com.mx\/storage\/2019\/01\/sonoraenequipo_opt.png","contentUrl":"https:\/\/www.sonoraenequipo.com.mx\/storage\/2019\/01\/sonoraenequipo_opt.png","width":375,"height":125,"caption":"Sonoraenequipo.com.mx"},"image":{"@id":"https:\/\/www.sonoraenequipo.com.mx\/#\/schema\/logo\/image\/"},"sameAs":["https:\/\/www.facebook.com\/SonoraEE\/","https:\/\/x.com\/sonoraenequipo","https:\/\/www.youtube.com\/channel\/UC338nW-lPEYmJQs4ZABQ1SQ"]},{"@type":"Person","@id":"https:\/\/www.sonoraenequipo.com.mx\/#\/schema\/person\/50102df0fb23a8fa9e8effad8fa81386","name":"enequipo","image":{"@type":"ImageObject","inLanguage":"es","@id":"https:\/\/www.sonoraenequipo.com.mx\/#\/schema\/person\/image\/","url":"https:\/\/secure.gravatar.com\/avatar\/049821681b589dabc0bc20695993ccebb09f5b5d4d790cd9251b97faac7c652b?s=96&d=blank&r=g","contentUrl":"https:\/\/secure.gravatar.com\/avatar\/049821681b589dabc0bc20695993ccebb09f5b5d4d790cd9251b97faac7c652b?s=96&d=blank&r=g","caption":"enequipo"},"sameAs":["https:\/\/www.facebook.com\/SonoraEE"]}]}},"jetpack_featured_media_url":"https:\/\/www.sonoraenequipo.com.mx\/storage\/2024\/09\/club-america.jpg","_links":{"self":[{"href":"https:\/\/www.sonoraenequipo.com.mx\/api\/wp\/v2\/posts\/200145","targetHints":{"allow":["GET"]}}],"collection":[{"href":"https:\/\/www.sonoraenequipo.com.mx\/api\/wp\/v2\/posts"}],"about":[{"href":"https:\/\/www.sonoraenequipo.com.mx\/api\/wp\/v2\/types\/post"}],"author":[{"embeddable":true,"href":"https:\/\/www.sonoraenequipo.com.mx\/api\/wp\/v2\/users\/1"}],"replies":[{"embeddable":true,"href":"https:\/\/www.sonoraenequipo.com.mx\/api\/wp\/v2\/comments?post=200145"}],"version-history":[{"count":2,"href":"https:\/\/www.sonoraenequipo.com.mx\/api\/wp\/v2\/posts\/200145\/revisions"}],"predecessor-version":[{"id":200148,"href":"https:\/\/www.sonoraenequipo.com.mx\/api\/wp\/v2\/posts\/200145\/revisions\/200148"}],"wp:featuredmedia":[{"embeddable":true,"href":"https:\/\/www.sonoraenequipo.com.mx\/api\/wp\/v2\/media\/200146"}],"wp:attachment":[{"href":"https:\/\/www.sonoraenequipo.com.mx\/api\/wp\/v2\/media?parent=200145"}],"wp:term":[{"taxonomy":"category","embeddable":true,"href":"https:\/\/www.sonoraenequipo.com.mx\/api\/wp\/v2\/categories?post=200145"},{"taxonomy":"post_tag","embeddable":true,"href":"https:\/\/www.sonoraenequipo.com.mx\/api\/wp\/v2\/tags?post=200145"}],"curies":[{"name":"wp","href":"https:\/\/api.w.org\/{rel}","templated":true}]}}