{"id":200176,"date":"2024-09-29T13:27:50","date_gmt":"2024-09-29T20:27:50","guid":{"rendered":"https:\/\/www.sonoraenequipo.com.mx\/?p=200176"},"modified":"2024-09-29T13:27:50","modified_gmt":"2024-09-29T20:27:50","slug":"aeropuerto-de-washington-busca-impulsar-trabajo-con-inmigrantes-latinos","status":"publish","type":"post","link":"https:\/\/www.sonoraenequipo.com.mx\/aeropuerto-de-washington-busca-impulsar-trabajo-con-inmigrantes-latinos\/","title":{"rendered":"Aeropuerto de Washington busca impulsar trabajo con inmigrantes latinos"},"content":{"rendered":"<p><strong>WASHINGTON \u2014<\/strong> Joseph Souza proviene de una familia peruana radicada en el \u00e1rea de Washington y se muestra orgulloso de ser parte de los m\u00e1s de 26.000 trabajadores que laboran en el Aeropuerto Internacional Dulles, que estos d\u00edas celebra el Mes de la Herencia Hispana en EEUU promoviendo sus planes de expansi\u00f3n, en los que busca atraer m\u00e1s trabajadores y ampliar negocios con emprendedores latinos.<\/p>\n<p>&nbsp;<\/p>\n<p>Souza entr\u00f3 a trabajar con la Autoridad Metropolitana de Aeropuertos de Washington al terminar la universidad hace tres a\u00f1os y parte de su responsabilidad es reclutar personal y dar a conocer las oportunidades que ofrece esta actividad en el \u00e1rea cercana a la capital estadounidense.<\/p>\n<p>&nbsp;<\/p>\n<p>\u201cAqu\u00ed hay un mont\u00f3n de trabajos, y algunos que los puedo mencionar son de plomeros, electricistas, mec\u00e1nicos, recursos humanos; tambi\u00e9n tenemos trabajos de operaciones en el aeropuerto, log\u00edstica, ingenieros, abogados; tenemos un poco de todo y es porque es una como una ciudad peque\u00f1a; tambi\u00e9n tenemos bomberos y polic\u00edas\u201d, explic\u00f3 a la Voz de Am\u00e9rica durante un recorrido por el Aeropuerto Internacional Dulles.<\/p>\n<p>Las oportunidades para hacer negocios tambi\u00e9n est\u00e1n abiertas donde los latinos emprendedores con compa\u00f1\u00edas registradas pueden competir en las licitaciones p\u00fablicas que se abren cada semana, coment\u00f3 tambi\u00e9n a la VOA Felipe Dom\u00ednguez, gerente de contratos tanto en Dulles, como en el Aeropuerto Nacional Ronald Reagan.<\/p>\n<p>&nbsp;<\/p>\n<p>Dom\u00ednguez agreg\u00f3 que dado el tama\u00f1o de los dos aeropuertos que conectan Latinoam\u00e9rica y el mundo con la capital estadounidense, el volumen de contratos y servicios es amplio.<\/p>\n<p>&nbsp;<\/p>\n<p>\u00abEstos son aeropuertos muy grandes que necesitan muchos servicios para mantener todas las \u00e1reas, limpiar el aeropuerto, necesitamos guardias, comprar veh\u00edculos. Hay muchas necesidades\u00bb, asegur\u00f3 el gerente, encargado de supervisar las contrataciones.<\/p>\n<p>&nbsp;<\/p>\n<p>Insisti\u00f3 en que las necesidades van en aumento debido s los proyectos de ampliaci\u00f3n en el Dulles, lo que demandar\u00e1 muchos m\u00e1s servicios en una nueva terminal modernizada, otro nicho donde los inmigrantes con proyectos tecnol\u00f3gicos podr\u00e1n competir.<\/p>\n<p>&nbsp;<\/p>\n<p>Por ahora la mayor\u00eda de contratos de servicios con negocios hispanos se enfocan en servicios b\u00e1sicos como limpieza y mantenimiento, pero la idea es que se avance a otro nivel, advirti\u00f3 Dom\u00ednguez.<\/p>\n<p><strong>Fecha de publicaci\u00f3n 29 de septiembre de 2024 \/ VOA<\/strong><\/p>\n","protected":false},"excerpt":{"rendered":"<p>WASHINGTON \u2014 Joseph Souza proviene de una familia peruana radicada en el \u00e1rea de Washington&#8230;<\/p>\n","protected":false},"author":1,"featured_media":200177,"comment_status":"open","ping_status":"open","sticky":false,"template":"","format":"standard","meta":{"_monsterinsights_skip_tracking":false,"_monsterinsights_sitenote_active":false,"_monsterinsights_sitenote_note":"","_monsterinsights_sitenote_category":0,"footnotes":""},"categories":[3],"tags":[10298,1916,3361],"class_list":["post"],"yoast_head":" \n<title>Sonora en Equipo. Aeropuerto de Washington busca impulsar trabajo con inmigrantes latinos MUNDO<\/title>\n<meta name=\"description\" content=\"WASHINGTON \u2014 Joseph Souza proviene de una familia peruana radicada en el \u00e1rea de Washington y se muestra orgulloso de ser parte de los m\u00e1s de 26.000 En Sonora en Equipo publicamos toda la informaci\u00f3n de Sonora, M\u00e9xico y el Mundo de manera oportuna y busca que la libertad de expresi\u00f3n sea real. Visita nuestro medio informativo publicado desde Hermosillo, Sonora. %\" \/>\n<meta name=\"robots\" content=\"index, follow, max-snippet:-1, max-image-preview:large, max-video-preview:-1\" \/>\n<link rel=\"canonical\" href=\"https:\/\/www.sonoraenequipo.com.mx\/aeropuerto-de-washington-busca-impulsar-trabajo-con-inmigrantes-latinos\/\" \/>\n<meta property=\"og:locale\" content=\"es_ES\" \/>\n<meta property=\"og:type\" content=\"article\" \/>\n<meta property=\"og:title\" content=\"Sonora en Equipo. Aeropuerto de Washington busca impulsar trabajo con inmigrantes latinos MUNDO\" \/>\n<meta property=\"og:description\" content=\"WASHINGTON \u2014 Joseph Souza proviene de una familia peruana radicada en el \u00e1rea de Washington y se muestra orgulloso de ser parte de los m\u00e1s de 26.000 En Sonora en Equipo publicamos toda la informaci\u00f3n de Sonora, M\u00e9xico y el Mundo de manera oportuna y busca que la libertad de expresi\u00f3n sea real. Visita nuestro medio informativo publicado desde Hermosillo, Sonora. %\" \/>\n<meta property=\"og:url\" content=\"https:\/\/www.sonoraenequipo.com.mx\/aeropuerto-de-washington-busca-impulsar-trabajo-con-inmigrantes-latinos\/\" \/>\n<meta property=\"og:site_name\" content=\"Sonora en Equipo.\" \/>\n<meta property=\"article:publisher\" content=\"https:\/\/www.facebook.com\/SonoraEE\/\" \/>\n<meta property=\"article:author\" content=\"https:\/\/www.facebook.com\/SonoraEE\" \/>\n<meta property=\"article:published_time\" content=\"2024-09-29T20:27:50+00:00\" \/>\n<meta property=\"og:image\" content=\"https:\/\/www.sonoraenequipo.com.mx\/storage\/2024\/09\/dulles.jpg\" \/>\n\t<meta property=\"og:image:width\" content=\"712\" \/>\n\t<meta property=\"og:image:height\" content=\"400\" \/>\n\t<meta property=\"og:image:type\" content=\"image\/jpeg\" \/>\n<meta name=\"author\" content=\"enequipo\" \/>\n<meta name=\"twitter:card\" content=\"summary_large_image\" \/>\n<meta name=\"twitter:creator\" content=\"@sonoraenequipo\" \/>\n<meta name=\"twitter:site\" content=\"@sonoraenequipo\" \/>\n<meta name=\"twitter:label1\" content=\"Escrito por\" \/>\n\t<meta name=\"twitter:data1\" content=\"enequipo\" \/>\n\t<meta name=\"twitter:label2\" content=\"Tiempo de lectura\" \/>\n\t<meta name=\"twitter:data2\" content=\"2 minutos\" \/>\n<script type=\"application\/ld+json\" class=\"yoast-schema-graph\">{\"@context\":\"https:\/\/schema.org\",\"@graph\":[{\"@type\":\"Article\",\"@id\":\"https:\/\/www.sonoraenequipo.com.mx\/aeropuerto-de-washington-busca-impulsar-trabajo-con-inmigrantes-latinos\/#article\",\"isPartOf\":{\"@id\":\"https:\/\/www.sonoraenequipo.com.mx\/aeropuerto-de-washington-busca-impulsar-trabajo-con-inmigrantes-latinos\/\"},\"author\":{\"name\":\"enequipo\",\"@id\":\"https:\/\/www.sonoraenequipo.com.mx\/#\/schema\/person\/50102df0fb23a8fa9e8effad8fa81386\"},\"headline\":\"Aeropuerto de Washington busca impulsar trabajo con inmigrantes latinos\",\"datePublished\":\"2024-09-29T20:27:50+00:00\",\"mainEntityOfPage\":{\"@id\":\"https:\/\/www.sonoraenequipo.com.mx\/aeropuerto-de-washington-busca-impulsar-trabajo-con-inmigrantes-latinos\/\"},\"wordCount\":400,\"commentCount\":0,\"publisher\":{\"@id\":\"https:\/\/www.sonoraenequipo.com.mx\/#organization\"},\"image\":{\"@id\":\"https:\/\/www.sonoraenequipo.com.mx\/aeropuerto-de-washington-busca-impulsar-trabajo-con-inmigrantes-latinos\/#primaryimage\"},\"thumbnailUrl\":\"https:\/\/www.sonoraenequipo.com.mx\/storage\/2024\/09\/dulles.jpg\",\"keywords\":[\"dulles\",\"EE UU\",\"inmigrantes\"],\"articleSection\":[\"MUNDO\"],\"inLanguage\":\"es\",\"potentialAction\":[{\"@type\":\"CommentAction\",\"name\":\"Comment\",\"target\":[\"https:\/\/www.sonoraenequipo.com.mx\/aeropuerto-de-washington-busca-impulsar-trabajo-con-inmigrantes-latinos\/#respond\"]}]},{\"@type\":\"WebPage\",\"@id\":\"https:\/\/www.sonoraenequipo.com.mx\/aeropuerto-de-washington-busca-impulsar-trabajo-con-inmigrantes-latinos\/\",\"url\":\"https:\/\/www.sonoraenequipo.com.mx\/aeropuerto-de-washington-busca-impulsar-trabajo-con-inmigrantes-latinos\/\",\"name\":\"Sonora en Equipo. Aeropuerto de Washington busca impulsar trabajo con inmigrantes latinos MUNDO\",\"isPartOf\":{\"@id\":\"https:\/\/www.sonoraenequipo.com.mx\/#website\"},\"primaryImageOfPage\":{\"@id\":\"https:\/\/www.sonoraenequipo.com.mx\/aeropuerto-de-washington-busca-impulsar-trabajo-con-inmigrantes-latinos\/#primaryimage\"},\"image\":{\"@id\":\"https:\/\/www.sonoraenequipo.com.mx\/aeropuerto-de-washington-busca-impulsar-trabajo-con-inmigrantes-latinos\/#primaryimage\"},\"thumbnailUrl\":\"https:\/\/www.sonoraenequipo.com.mx\/storage\/2024\/09\/dulles.jpg\",\"datePublished\":\"2024-09-29T20:27:50+00:00\",\"description\":\"WASHINGTON \u2014 Joseph Souza proviene de una familia peruana radicada en el \u00e1rea de Washington y se muestra orgulloso de ser parte de los m\u00e1s de 26.000 En Sonora en Equipo publicamos toda la informaci\u00f3n de Sonora, M\u00e9xico y el Mundo de manera oportuna y busca que la libertad de expresi\u00f3n sea real. Visita nuestro medio informativo publicado desde Hermosillo, Sonora. %\",\"breadcrumb\":{\"@id\":\"https:\/\/www.sonoraenequipo.com.mx\/aeropuerto-de-washington-busca-impulsar-trabajo-con-inmigrantes-latinos\/#breadcrumb\"},\"inLanguage\":\"es\",\"potentialAction\":[{\"@type\":\"ReadAction\",\"target\":[\"https:\/\/www.sonoraenequipo.com.mx\/aeropuerto-de-washington-busca-impulsar-trabajo-con-inmigrantes-latinos\/\"]}]},{\"@type\":\"ImageObject\",\"inLanguage\":\"es\",\"@id\":\"https:\/\/www.sonoraenequipo.com.mx\/aeropuerto-de-washington-busca-impulsar-trabajo-con-inmigrantes-latinos\/#primaryimage\",\"url\":\"https:\/\/www.sonoraenequipo.com.mx\/storage\/2024\/09\/dulles.jpg\",\"contentUrl\":\"https:\/\/www.sonoraenequipo.com.mx\/storage\/2024\/09\/dulles.jpg\",\"width\":712,\"height\":400,\"caption\":\"Imagen: VOA\"},{\"@type\":\"BreadcrumbList\",\"@id\":\"https:\/\/www.sonoraenequipo.com.mx\/aeropuerto-de-washington-busca-impulsar-trabajo-con-inmigrantes-latinos\/#breadcrumb\",\"itemListElement\":[{\"@type\":\"ListItem\",\"position\":1,\"name\":\"Portada\",\"item\":\"https:\/\/www.sonoraenequipo.com.mx\/\"},{\"@type\":\"ListItem\",\"position\":2,\"name\":\"Aeropuerto de Washington busca impulsar trabajo con inmigrantes latinos\"}]},{\"@type\":\"WebSite\",\"@id\":\"https:\/\/www.sonoraenequipo.com.mx\/#website\",\"url\":\"https:\/\/www.sonoraenequipo.com.mx\/\",\"name\":\"Sonora en Equipo.\",\"description\":\"Diario en l\u00ednea con Noticias desde Hermosillo, Sonora\",\"publisher\":{\"@id\":\"https:\/\/www.sonoraenequipo.com.mx\/#organization\"},\"potentialAction\":[{\"@type\":\"SearchAction\",\"target\":{\"@type\":\"EntryPoint\",\"urlTemplate\":\"https:\/\/www.sonoraenequipo.com.mx\/?s={search_term_string}\"},\"query-input\":{\"@type\":\"PropertyValueSpecification\",\"valueRequired\":true,\"valueName\":\"search_term_string\"}}],\"inLanguage\":\"es\"},{\"@type\":\"Organization\",\"@id\":\"https:\/\/www.sonoraenequipo.com.mx\/#organization\",\"name\":\"Sonoraenequipo.com.mx\",\"url\":\"https:\/\/www.sonoraenequipo.com.mx\/\",\"logo\":{\"@type\":\"ImageObject\",\"inLanguage\":\"es\",\"@id\":\"https:\/\/www.sonoraenequipo.com.mx\/#\/schema\/logo\/image\/\",\"url\":\"https:\/\/www.sonoraenequipo.com.mx\/storage\/2019\/01\/sonoraenequipo_opt.png\",\"contentUrl\":\"https:\/\/www.sonoraenequipo.com.mx\/storage\/2019\/01\/sonoraenequipo_opt.png\",\"width\":375,\"height\":125,\"caption\":\"Sonoraenequipo.com.mx\"},\"image\":{\"@id\":\"https:\/\/www.sonoraenequipo.com.mx\/#\/schema\/logo\/image\/\"},\"sameAs\":[\"https:\/\/www.facebook.com\/SonoraEE\/\",\"https:\/\/x.com\/sonoraenequipo\",\"https:\/\/www.youtube.com\/channel\/UC338nW-lPEYmJQs4ZABQ1SQ\"]},{\"@type\":\"Person\",\"@id\":\"https:\/\/www.sonoraenequipo.com.mx\/#\/schema\/person\/50102df0fb23a8fa9e8effad8fa81386\",\"name\":\"enequipo\",\"image\":{\"@type\":\"ImageObject\",\"inLanguage\":\"es\",\"@id\":\"https:\/\/www.sonoraenequipo.com.mx\/#\/schema\/person\/image\/\",\"url\":\"https:\/\/secure.gravatar.com\/avatar\/049821681b589dabc0bc20695993ccebb09f5b5d4d790cd9251b97faac7c652b?s=96&d=blank&r=g\",\"contentUrl\":\"https:\/\/secure.gravatar.com\/avatar\/049821681b589dabc0bc20695993ccebb09f5b5d4d790cd9251b97faac7c652b?s=96&d=blank&r=g\",\"caption\":\"enequipo\"},\"sameAs\":[\"https:\/\/www.facebook.com\/SonoraEE\"]}]}<\/script>\n ","yoast_head_json":{"title":"Sonora en Equipo. Aeropuerto de Washington busca impulsar trabajo con inmigrantes latinos MUNDO","description":"WASHINGTON \u2014 Joseph Souza proviene de una familia peruana radicada en el \u00e1rea de Washington y se muestra orgulloso de ser parte de los m\u00e1s de 26.000 En Sonora en Equipo publicamos toda la informaci\u00f3n de Sonora, M\u00e9xico y el Mundo de manera oportuna y busca que la libertad de expresi\u00f3n sea real. Visita nuestro medio informativo publicado desde Hermosillo, Sonora. %","robots":{"index":"index","follow":"follow","max-snippet":"max-snippet:-1","max-image-preview":"max-image-preview:large","max-video-preview":"max-video-preview:-1"},"canonical":"https:\/\/www.sonoraenequipo.com.mx\/aeropuerto-de-washington-busca-impulsar-trabajo-con-inmigrantes-latinos\/","og_locale":"es_ES","og_type":"article","og_title":"Sonora en Equipo. Aeropuerto de Washington busca impulsar trabajo con inmigrantes latinos MUNDO","og_description":"WASHINGTON \u2014 Joseph Souza proviene de una familia peruana radicada en el \u00e1rea de Washington y se muestra orgulloso de ser parte de los m\u00e1s de 26.000 En Sonora en Equipo publicamos toda la informaci\u00f3n de Sonora, M\u00e9xico y el Mundo de manera oportuna y busca que la libertad de expresi\u00f3n sea real. Visita nuestro medio informativo publicado desde Hermosillo, Sonora. %","og_url":"https:\/\/www.sonoraenequipo.com.mx\/aeropuerto-de-washington-busca-impulsar-trabajo-con-inmigrantes-latinos\/","og_site_name":"Sonora en Equipo.","article_publisher":"https:\/\/www.facebook.com\/SonoraEE\/","article_author":"https:\/\/www.facebook.com\/SonoraEE","article_published_time":"2024-09-29T20:27:50+00:00","og_image":[{"width":712,"height":400,"url":"https:\/\/www.sonoraenequipo.com.mx\/storage\/2024\/09\/dulles.jpg","type":"image\/jpeg"}],"author":"enequipo","twitter_card":"summary_large_image","twitter_creator":"@sonoraenequipo","twitter_site":"@sonoraenequipo","twitter_misc":{"Escrito por":"enequipo","Tiempo de lectura":"2 minutos"},"schema":{"@context":"https:\/\/schema.org","@graph":[{"@type":"Article","@id":"https:\/\/www.sonoraenequipo.com.mx\/aeropuerto-de-washington-busca-impulsar-trabajo-con-inmigrantes-latinos\/#article","isPartOf":{"@id":"https:\/\/www.sonoraenequipo.com.mx\/aeropuerto-de-washington-busca-impulsar-trabajo-con-inmigrantes-latinos\/"},"author":{"name":"enequipo","@id":"https:\/\/www.sonoraenequipo.com.mx\/#\/schema\/person\/50102df0fb23a8fa9e8effad8fa81386"},"headline":"Aeropuerto de Washington busca impulsar trabajo con inmigrantes latinos","datePublished":"2024-09-29T20:27:50+00:00","mainEntityOfPage":{"@id":"https:\/\/www.sonoraenequipo.com.mx\/aeropuerto-de-washington-busca-impulsar-trabajo-con-inmigrantes-latinos\/"},"wordCount":400,"commentCount":0,"publisher":{"@id":"https:\/\/www.sonoraenequipo.com.mx\/#organization"},"image":{"@id":"https:\/\/www.sonoraenequipo.com.mx\/aeropuerto-de-washington-busca-impulsar-trabajo-con-inmigrantes-latinos\/#primaryimage"},"thumbnailUrl":"https:\/\/www.sonoraenequipo.com.mx\/storage\/2024\/09\/dulles.jpg","keywords":["dulles","EE UU","inmigrantes"],"articleSection":["MUNDO"],"inLanguage":"es","potentialAction":[{"@type":"CommentAction","name":"Comment","target":["https:\/\/www.sonoraenequipo.com.mx\/aeropuerto-de-washington-busca-impulsar-trabajo-con-inmigrantes-latinos\/#respond"]}]},{"@type":"WebPage","@id":"https:\/\/www.sonoraenequipo.com.mx\/aeropuerto-de-washington-busca-impulsar-trabajo-con-inmigrantes-latinos\/","url":"https:\/\/www.sonoraenequipo.com.mx\/aeropuerto-de-washington-busca-impulsar-trabajo-con-inmigrantes-latinos\/","name":"Sonora en Equipo. Aeropuerto de Washington busca impulsar trabajo con inmigrantes latinos MUNDO","isPartOf":{"@id":"https:\/\/www.sonoraenequipo.com.mx\/#website"},"primaryImageOfPage":{"@id":"https:\/\/www.sonoraenequipo.com.mx\/aeropuerto-de-washington-busca-impulsar-trabajo-con-inmigrantes-latinos\/#primaryimage"},"image":{"@id":"https:\/\/www.sonoraenequipo.com.mx\/aeropuerto-de-washington-busca-impulsar-trabajo-con-inmigrantes-latinos\/#primaryimage"},"thumbnailUrl":"https:\/\/www.sonoraenequipo.com.mx\/storage\/2024\/09\/dulles.jpg","datePublished":"2024-09-29T20:27:50+00:00","description":"WASHINGTON \u2014 Joseph Souza proviene de una familia peruana radicada en el \u00e1rea de Washington y se muestra orgulloso de ser parte de los m\u00e1s de 26.000 En Sonora en Equipo publicamos toda la informaci\u00f3n de Sonora, M\u00e9xico y el Mundo de manera oportuna y busca que la libertad de expresi\u00f3n sea real. Visita nuestro medio informativo publicado desde Hermosillo, Sonora. %","breadcrumb":{"@id":"https:\/\/www.sonoraenequipo.com.mx\/aeropuerto-de-washington-busca-impulsar-trabajo-con-inmigrantes-latinos\/#breadcrumb"},"inLanguage":"es","potentialAction":[{"@type":"ReadAction","target":["https:\/\/www.sonoraenequipo.com.mx\/aeropuerto-de-washington-busca-impulsar-trabajo-con-inmigrantes-latinos\/"]}]},{"@type":"ImageObject","inLanguage":"es","@id":"https:\/\/www.sonoraenequipo.com.mx\/aeropuerto-de-washington-busca-impulsar-trabajo-con-inmigrantes-latinos\/#primaryimage","url":"https:\/\/www.sonoraenequipo.com.mx\/storage\/2024\/09\/dulles.jpg","contentUrl":"https:\/\/www.sonoraenequipo.com.mx\/storage\/2024\/09\/dulles.jpg","width":712,"height":400,"caption":"Imagen: VOA"},{"@type":"BreadcrumbList","@id":"https:\/\/www.sonoraenequipo.com.mx\/aeropuerto-de-washington-busca-impulsar-trabajo-con-inmigrantes-latinos\/#breadcrumb","itemListElement":[{"@type":"ListItem","position":1,"name":"Portada","item":"https:\/\/www.sonoraenequipo.com.mx\/"},{"@type":"ListItem","position":2,"name":"Aeropuerto de Washington busca impulsar trabajo con inmigrantes latinos"}]},{"@type":"WebSite","@id":"https:\/\/www.sonoraenequipo.com.mx\/#website","url":"https:\/\/www.sonoraenequipo.com.mx\/","name":"Sonora en Equipo.","description":"Diario en l\u00ednea con Noticias desde Hermosillo, Sonora","publisher":{"@id":"https:\/\/www.sonoraenequipo.com.mx\/#organization"},"potentialAction":[{"@type":"SearchAction","target":{"@type":"EntryPoint","urlTemplate":"https:\/\/www.sonoraenequipo.com.mx\/?s={search_term_string}"},"query-input":{"@type":"PropertyValueSpecification","valueRequired":true,"valueName":"search_term_string"}}],"inLanguage":"es"},{"@type":"Organization","@id":"https:\/\/www.sonoraenequipo.com.mx\/#organization","name":"Sonoraenequipo.com.mx","url":"https:\/\/www.sonoraenequipo.com.mx\/","logo":{"@type":"ImageObject","inLanguage":"es","@id":"https:\/\/www.sonoraenequipo.com.mx\/#\/schema\/logo\/image\/","url":"https:\/\/www.sonoraenequipo.com.mx\/storage\/2019\/01\/sonoraenequipo_opt.png","contentUrl":"https:\/\/www.sonoraenequipo.com.mx\/storage\/2019\/01\/sonoraenequipo_opt.png","width":375,"height":125,"caption":"Sonoraenequipo.com.mx"},"image":{"@id":"https:\/\/www.sonoraenequipo.com.mx\/#\/schema\/logo\/image\/"},"sameAs":["https:\/\/www.facebook.com\/SonoraEE\/","https:\/\/x.com\/sonoraenequipo","https:\/\/www.youtube.com\/channel\/UC338nW-lPEYmJQs4ZABQ1SQ"]},{"@type":"Person","@id":"https:\/\/www.sonoraenequipo.com.mx\/#\/schema\/person\/50102df0fb23a8fa9e8effad8fa81386","name":"enequipo","image":{"@type":"ImageObject","inLanguage":"es","@id":"https:\/\/www.sonoraenequipo.com.mx\/#\/schema\/person\/image\/","url":"https:\/\/secure.gravatar.com\/avatar\/049821681b589dabc0bc20695993ccebb09f5b5d4d790cd9251b97faac7c652b?s=96&d=blank&r=g","contentUrl":"https:\/\/secure.gravatar.com\/avatar\/049821681b589dabc0bc20695993ccebb09f5b5d4d790cd9251b97faac7c652b?s=96&d=blank&r=g","caption":"enequipo"},"sameAs":["https:\/\/www.facebook.com\/SonoraEE"]}]}},"jetpack_featured_media_url":"https:\/\/www.sonoraenequipo.com.mx\/storage\/2024\/09\/dulles.jpg","_links":{"self":[{"href":"https:\/\/www.sonoraenequipo.com.mx\/api\/wp\/v2\/posts\/200176","targetHints":{"allow":["GET"]}}],"collection":[{"href":"https:\/\/www.sonoraenequipo.com.mx\/api\/wp\/v2\/posts"}],"about":[{"href":"https:\/\/www.sonoraenequipo.com.mx\/api\/wp\/v2\/types\/post"}],"author":[{"embeddable":true,"href":"https:\/\/www.sonoraenequipo.com.mx\/api\/wp\/v2\/users\/1"}],"replies":[{"embeddable":true,"href":"https:\/\/www.sonoraenequipo.com.mx\/api\/wp\/v2\/comments?post=200176"}],"version-history":[{"count":1,"href":"https:\/\/www.sonoraenequipo.com.mx\/api\/wp\/v2\/posts\/200176\/revisions"}],"predecessor-version":[{"id":200178,"href":"https:\/\/www.sonoraenequipo.com.mx\/api\/wp\/v2\/posts\/200176\/revisions\/200178"}],"wp:featuredmedia":[{"embeddable":true,"href":"https:\/\/www.sonoraenequipo.com.mx\/api\/wp\/v2\/media\/200177"}],"wp:attachment":[{"href":"https:\/\/www.sonoraenequipo.com.mx\/api\/wp\/v2\/media?parent=200176"}],"wp:term":[{"taxonomy":"category","embeddable":true,"href":"https:\/\/www.sonoraenequipo.com.mx\/api\/wp\/v2\/categories?post=200176"},{"taxonomy":"post_tag","embeddable":true,"href":"https:\/\/www.sonoraenequipo.com.mx\/api\/wp\/v2\/tags?post=200176"}],"curies":[{"name":"wp","href":"https:\/\/api.w.org\/{rel}","templated":true}]}}