{"id":200179,"date":"2024-09-29T14:01:16","date_gmt":"2024-09-29T21:01:16","guid":{"rendered":"https:\/\/www.sonoraenequipo.com.mx\/?p=200179"},"modified":"2024-09-29T14:01:16","modified_gmt":"2024-09-29T21:01:16","slug":"rescates-de-migrantes-en-isla-de-san-andres-expone-los-peligros-de-ruta-migratoria-a-ee-uu","status":"publish","type":"post","link":"https:\/\/www.sonoraenequipo.com.mx\/rescates-de-migrantes-en-isla-de-san-andres-expone-los-peligros-de-ruta-migratoria-a-ee-uu\/","title":{"rendered":"Rescates de migrantes en isla de San Andr\u00e9s expone los peligros de ruta migratoria a EE.UU."},"content":{"rendered":"<p><strong>Rescates de migrantes en isla de San Andr\u00e9s expone los peligros de ruta migratoria a EE.UU.<\/strong><\/p>\n<p><strong>\u00a0<\/strong><\/p>\n<p><strong>BOGOT\u00c1, COL.<\/strong><strong> \u0336 \u0336\u00a0 <\/strong>Unos ocho migrantes fueron rescatados esta semana por la Armada de Colombia tras ser abandonados por traficantes en la peque\u00f1a isla Cayo Pescador, cerca del archipi\u00e9lago de San Andr\u00e9s, un hecho que no es aislado y forma parte de un n\u00famero creciente de incidentes en ponen en evidencia los riesgos que enfrentan las personas en esta v\u00eda migratoria irregular con destino a Estados Unidos.<\/p>\n<p>&nbsp;<\/p>\n<p>En 2023, fueron encontrados en esta ruta unos 500 migrantes n\u00e1ufragos o a la deriva en alta mar como consecuencia del fuerte oleaje provocado por condiciones clim\u00e1ticas adversas. En lo que va del 2024, la Armada de Colombia ha rescatado 224 migrantes.<\/p>\n<p>&nbsp;<\/p>\n<p>Adem\u00e1s, 70 personas est\u00e1n desaparecidas luego de zarpar en embarcaciones ilegales desde San Andr\u00e9s con destino a Centroam\u00e9rica, seg\u00fan datos oficiales.<\/p>\n<p>&nbsp;<\/p>\n<p>La reconocida \u00abruta VIP\u00bb, como la ha calificado la Procuradur\u00eda de Colombia, es percibida por los migrantes como un camino \u00abm\u00e1s seguro\u00bb hacia la frontera de EEUU, que la peligrosa selva del Dari\u00e9n.<\/p>\n<p>&nbsp;<\/p>\n<p>Este es el caso de Dennis Paredes, un migrante venezolano que resid\u00eda en Per\u00fa y tom\u00f3 este camino con la esperanza de llegar a EEUU. Sin embargo, Paredes nunca lleg\u00f3 a su destino. La lancha ilegal en la que se transportaba desapareci\u00f3 en las aguas de San Andr\u00e9s en octubre de 2023.<\/p>\n<p>&nbsp;<\/p>\n<p>Un \u00abse\u00f1or le cobr\u00f3 a mi esposo 2.600 d\u00f3lares desde Colombia hasta EEUU. La ruta que le ofreci\u00f3 a mi esposo era la ruta de San Andr\u00e9s, que supuestamente era una ruta segura y r\u00e1pida, porque le dijo que en tres horas estar\u00eda en Nicaragua, y desde all\u00ed toda la traves\u00eda ser\u00eda por v\u00eda terrestre\u00bb, dijo a la Voz de Am\u00e9rica Nelly Dur\u00e1n, esposa de Dennis Paredes.<\/p>\n<p>Desde entonces Dur\u00e1n, junto con otras 70 familias de desaparecidos en estas aguas, han emprendido la b\u00fasqueda de sus seres queridos, para lo que que crearon la oeneg\u00e9 Milve o Comit\u00e9 Internacional de Familiares y Amigos de Migrantes Venezolanos Desaparecidos.<\/p>\n<p>&nbsp;<\/p>\n<p>El teniente de fragata Jhonny de Jes\u00fas Saltar\u00edn declar\u00f3 a la VOA que a pesar de los riesgos por los repentinos cambios en el oleaje debido a las condiciones clim\u00e1ticas, las personas siguen optando por esta ruta y asumen el riesgo de que sus embarcaciones desaparezcan en el mar.<\/p>\n<p>&nbsp;<\/p>\n<p>\u00abLa din\u00e1mica migratoria irregular contin\u00faa, especialmente por la situaci\u00f3n que se vive en Panam\u00e1. Ya no zarpan embarcaciones con m\u00e1s de 30 personas, como ocurr\u00eda en a\u00f1os anteriores; ahora viajan en grupos m\u00e1s reducidos, de 10 u 8 personas\u00bb, afirm\u00f3 Saltar\u00edn, jefe de operaciones de la Estaci\u00f3n de Guardacostas de San Andr\u00e9s.<\/p>\n<p>&nbsp;<\/p>\n<p>En ese sentido, el Programa de Migrantes Desaparecidos de la Organizaci\u00f3n Internacional para las Migraciones (OIM) se\u00f1ala que, adem\u00e1s de las condiciones naturales que provocan naufragios y desapariciones, muchas de estas son responsabilidad de los traficantes.<\/p>\n<p>&nbsp;<\/p>\n<p>Mafias a las que Nelly Dur\u00e1n culpa de la desaparici\u00f3n de su esposo. \u00abNos hemos unido a las familias de otras lanchas y ah\u00ed nos dimos cuenta de que esto es un modus operandi: en San Andr\u00e9s, los coyotes, los gu\u00edas, eligen a dedo qu\u00e9 lancha pasa y cu\u00e1l no\u00bb, indic\u00f3.<\/p>\n<p>&nbsp;<\/p>\n<p>La OIM agrega que ha documentado 105 denuncias de desapariciones en la ruta de San Andr\u00e9s hacia Nicaragua, muchas de las cuales habr\u00edan sido desapariciones forzosas por parte de grupos ilegales dedicados a la trata de personas.<\/p>\n<p>&nbsp;<\/p>\n<p>La conocida ruta de migrantes por la isla de San Andr\u00e9s es tan \u201cpeligrosa\u201d como el Dari\u00e9n<\/p>\n<p>En este contexto, el presidente Gustavo Petro anunci\u00f3 el mi\u00e9rcoles que acord\u00f3 con su hom\u00f3logo paname\u00f1o, Jos\u00e9 Ra\u00fal Mulino, \u00abevaluar\u00bb una ruta legal para regular el paso de migrantes por el Tap\u00f3n del Dari\u00e9n, con el fin de evitar que caigan en manos de redes mafiosas y traficantes de personas en esa regi\u00f3n del continente.<\/p>\n<p>&nbsp;<\/p>\n<p>\u00abEllos quieren construir una sola ruta legal, controlada por los dos gobiernos, que ofrezca incentivos para que quienes deseen cruzar elijan esa v\u00eda y no queden en manos de las mafias. Creo que es una idea que podemos seguir desarrollando\u00bb, afirm\u00f3 el mandatario colombiano.<\/p>\n<p>&nbsp;<\/p>\n<p>Por su parte, la experta en migraciones internacionales y directora del Grupo de Investigaci\u00f3n en Derechos Humanos de la Universidad del Rosario, Mar\u00eda Teresa Palacios, advirti\u00f3 que los riesgos que enfrentan los migrantes en estas rutas \u00abpersistir\u00e1n\u00bb porque las \u00abcondiciones estructurales de desigualdad, falta de oportunidades y acceso a derechos para las personas migrantes de pa\u00edses latinoamericanos no han desaparecido\u00bb.<\/p>\n<p>&nbsp;<\/p>\n<p>\u00abRecordemos que la mayor parte de nuestros pa\u00edses tienen esquemas de desigualdad en t\u00e9rminos de crecimiento econ\u00f3mico e incorporaci\u00f3n laboral, lo que impulsa a las personas a buscar un mejor ma\u00f1ana\u00bb, concluy\u00f3 Palacios.<\/p>\n<p><strong>Fecha de publicaci\u00f3n 29 de septiembre de 2024 \/ VOA<\/strong><\/p>\n","protected":false},"excerpt":{"rendered":"<p>Rescates de migrantes en isla de San Andr\u00e9s expone los peligros de ruta migratoria a&#8230;<\/p>\n","protected":false},"author":1,"featured_media":200180,"comment_status":"open","ping_status":"open","sticky":false,"template":"","format":"standard","meta":{"_monsterinsights_skip_tracking":false,"_monsterinsights_sitenote_active":false,"_monsterinsights_sitenote_note":"","_monsterinsights_sitenote_category":0,"footnotes":""},"categories":[3],"tags":[1916,767],"class_list":["post"],"yoast_head":" \n<title>Sonora en Equipo. Rescates de migrantes en isla de San Andr\u00e9s expone los peligros de ruta migratoria a EE.UU. MUNDO<\/title>\n<meta name=\"description\" content=\"Rescates de migrantes en isla de San Andr\u00e9s expone los peligros de ruta migratoria a EE.UU. \u00a0 BOGOT\u00c1, COL. \u0336 \u0336\u00a0 Unos ocho migrantes fueron rescatados esta En Sonora en Equipo publicamos toda la informaci\u00f3n de Sonora, M\u00e9xico y el Mundo de manera oportuna y busca que la libertad de expresi\u00f3n sea real. Visita nuestro medio informativo publicado desde Hermosillo, Sonora. %\" \/>\n<meta name=\"robots\" content=\"index, follow, max-snippet:-1, max-image-preview:large, max-video-preview:-1\" \/>\n<link rel=\"canonical\" href=\"https:\/\/www.sonoraenequipo.com.mx\/rescates-de-migrantes-en-isla-de-san-andres-expone-los-peligros-de-ruta-migratoria-a-ee-uu\/\" \/>\n<meta property=\"og:locale\" content=\"es_ES\" \/>\n<meta property=\"og:type\" content=\"article\" \/>\n<meta property=\"og:title\" content=\"Sonora en Equipo. Rescates de migrantes en isla de San Andr\u00e9s expone los peligros de ruta migratoria a EE.UU. MUNDO\" \/>\n<meta property=\"og:description\" content=\"Rescates de migrantes en isla de San Andr\u00e9s expone los peligros de ruta migratoria a EE.UU. \u00a0 BOGOT\u00c1, COL. \u0336 \u0336\u00a0 Unos ocho migrantes fueron rescatados esta En Sonora en Equipo publicamos toda la informaci\u00f3n de Sonora, M\u00e9xico y el Mundo de manera oportuna y busca que la libertad de expresi\u00f3n sea real. Visita nuestro medio informativo publicado desde Hermosillo, Sonora. %\" \/>\n<meta property=\"og:url\" content=\"https:\/\/www.sonoraenequipo.com.mx\/rescates-de-migrantes-en-isla-de-san-andres-expone-los-peligros-de-ruta-migratoria-a-ee-uu\/\" \/>\n<meta property=\"og:site_name\" content=\"Sonora en Equipo.\" \/>\n<meta property=\"article:publisher\" content=\"https:\/\/www.facebook.com\/SonoraEE\/\" \/>\n<meta property=\"article:author\" content=\"https:\/\/www.facebook.com\/SonoraEE\" \/>\n<meta property=\"article:published_time\" content=\"2024-09-29T21:01:16+00:00\" \/>\n<meta property=\"og:image\" content=\"https:\/\/www.sonoraenequipo.com.mx\/storage\/2024\/09\/inmigrantes-colombia.jpg\" \/>\n\t<meta property=\"og:image:width\" content=\"712\" \/>\n\t<meta property=\"og:image:height\" content=\"400\" \/>\n\t<meta property=\"og:image:type\" content=\"image\/jpeg\" \/>\n<meta name=\"author\" content=\"enequipo\" \/>\n<meta name=\"twitter:card\" content=\"summary_large_image\" \/>\n<meta name=\"twitter:creator\" content=\"@sonoraenequipo\" \/>\n<meta name=\"twitter:site\" content=\"@sonoraenequipo\" \/>\n<meta name=\"twitter:label1\" content=\"Escrito por\" \/>\n\t<meta name=\"twitter:data1\" content=\"enequipo\" \/>\n\t<meta name=\"twitter:label2\" content=\"Tiempo de lectura\" \/>\n\t<meta name=\"twitter:data2\" content=\"4 minutos\" \/>\n<script type=\"application\/ld+json\" class=\"yoast-schema-graph\">{\"@context\":\"https:\/\/schema.org\",\"@graph\":[{\"@type\":\"Article\",\"@id\":\"https:\/\/www.sonoraenequipo.com.mx\/rescates-de-migrantes-en-isla-de-san-andres-expone-los-peligros-de-ruta-migratoria-a-ee-uu\/#article\",\"isPartOf\":{\"@id\":\"https:\/\/www.sonoraenequipo.com.mx\/rescates-de-migrantes-en-isla-de-san-andres-expone-los-peligros-de-ruta-migratoria-a-ee-uu\/\"},\"author\":{\"name\":\"enequipo\",\"@id\":\"https:\/\/www.sonoraenequipo.com.mx\/#\/schema\/person\/50102df0fb23a8fa9e8effad8fa81386\"},\"headline\":\"Rescates de migrantes en isla de San Andr\u00e9s expone los peligros de ruta migratoria a EE.UU.\",\"datePublished\":\"2024-09-29T21:01:16+00:00\",\"mainEntityOfPage\":{\"@id\":\"https:\/\/www.sonoraenequipo.com.mx\/rescates-de-migrantes-en-isla-de-san-andres-expone-los-peligros-de-ruta-migratoria-a-ee-uu\/\"},\"wordCount\":872,\"commentCount\":0,\"publisher\":{\"@id\":\"https:\/\/www.sonoraenequipo.com.mx\/#organization\"},\"image\":{\"@id\":\"https:\/\/www.sonoraenequipo.com.mx\/rescates-de-migrantes-en-isla-de-san-andres-expone-los-peligros-de-ruta-migratoria-a-ee-uu\/#primaryimage\"},\"thumbnailUrl\":\"https:\/\/www.sonoraenequipo.com.mx\/storage\/2024\/09\/inmigrantes-colombia.jpg\",\"keywords\":[\"EE UU\",\"Migraci\u00f3n\"],\"articleSection\":[\"MUNDO\"],\"inLanguage\":\"es\",\"potentialAction\":[{\"@type\":\"CommentAction\",\"name\":\"Comment\",\"target\":[\"https:\/\/www.sonoraenequipo.com.mx\/rescates-de-migrantes-en-isla-de-san-andres-expone-los-peligros-de-ruta-migratoria-a-ee-uu\/#respond\"]}]},{\"@type\":\"WebPage\",\"@id\":\"https:\/\/www.sonoraenequipo.com.mx\/rescates-de-migrantes-en-isla-de-san-andres-expone-los-peligros-de-ruta-migratoria-a-ee-uu\/\",\"url\":\"https:\/\/www.sonoraenequipo.com.mx\/rescates-de-migrantes-en-isla-de-san-andres-expone-los-peligros-de-ruta-migratoria-a-ee-uu\/\",\"name\":\"Sonora en Equipo. Rescates de migrantes en isla de San Andr\u00e9s expone los peligros de ruta migratoria a EE.UU. MUNDO\",\"isPartOf\":{\"@id\":\"https:\/\/www.sonoraenequipo.com.mx\/#website\"},\"primaryImageOfPage\":{\"@id\":\"https:\/\/www.sonoraenequipo.com.mx\/rescates-de-migrantes-en-isla-de-san-andres-expone-los-peligros-de-ruta-migratoria-a-ee-uu\/#primaryimage\"},\"image\":{\"@id\":\"https:\/\/www.sonoraenequipo.com.mx\/rescates-de-migrantes-en-isla-de-san-andres-expone-los-peligros-de-ruta-migratoria-a-ee-uu\/#primaryimage\"},\"thumbnailUrl\":\"https:\/\/www.sonoraenequipo.com.mx\/storage\/2024\/09\/inmigrantes-colombia.jpg\",\"datePublished\":\"2024-09-29T21:01:16+00:00\",\"description\":\"Rescates de migrantes en isla de San Andr\u00e9s expone los peligros de ruta migratoria a EE.UU. \u00a0 BOGOT\u00c1, COL. \u0336 \u0336\u00a0 Unos ocho migrantes fueron rescatados esta En Sonora en Equipo publicamos toda la informaci\u00f3n de Sonora, M\u00e9xico y el Mundo de manera oportuna y busca que la libertad de expresi\u00f3n sea real. Visita nuestro medio informativo publicado desde Hermosillo, Sonora. %\",\"breadcrumb\":{\"@id\":\"https:\/\/www.sonoraenequipo.com.mx\/rescates-de-migrantes-en-isla-de-san-andres-expone-los-peligros-de-ruta-migratoria-a-ee-uu\/#breadcrumb\"},\"inLanguage\":\"es\",\"potentialAction\":[{\"@type\":\"ReadAction\",\"target\":[\"https:\/\/www.sonoraenequipo.com.mx\/rescates-de-migrantes-en-isla-de-san-andres-expone-los-peligros-de-ruta-migratoria-a-ee-uu\/\"]}]},{\"@type\":\"ImageObject\",\"inLanguage\":\"es\",\"@id\":\"https:\/\/www.sonoraenequipo.com.mx\/rescates-de-migrantes-en-isla-de-san-andres-expone-los-peligros-de-ruta-migratoria-a-ee-uu\/#primaryimage\",\"url\":\"https:\/\/www.sonoraenequipo.com.mx\/storage\/2024\/09\/inmigrantes-colombia.jpg\",\"contentUrl\":\"https:\/\/www.sonoraenequipo.com.mx\/storage\/2024\/09\/inmigrantes-colombia.jpg\",\"width\":712,\"height\":400,\"caption\":\"Migrantes rescatados en aguas de la isla de San Andr\u00e9s (Cortes\u00eda Armada de Colombia).\"},{\"@type\":\"BreadcrumbList\",\"@id\":\"https:\/\/www.sonoraenequipo.com.mx\/rescates-de-migrantes-en-isla-de-san-andres-expone-los-peligros-de-ruta-migratoria-a-ee-uu\/#breadcrumb\",\"itemListElement\":[{\"@type\":\"ListItem\",\"position\":1,\"name\":\"Portada\",\"item\":\"https:\/\/www.sonoraenequipo.com.mx\/\"},{\"@type\":\"ListItem\",\"position\":2,\"name\":\"Rescates de migrantes en isla de San Andr\u00e9s expone los peligros de ruta migratoria a EE.UU.\"}]},{\"@type\":\"WebSite\",\"@id\":\"https:\/\/www.sonoraenequipo.com.mx\/#website\",\"url\":\"https:\/\/www.sonoraenequipo.com.mx\/\",\"name\":\"Sonora en Equipo.\",\"description\":\"Diario en l\u00ednea con Noticias desde Hermosillo, Sonora\",\"publisher\":{\"@id\":\"https:\/\/www.sonoraenequipo.com.mx\/#organization\"},\"potentialAction\":[{\"@type\":\"SearchAction\",\"target\":{\"@type\":\"EntryPoint\",\"urlTemplate\":\"https:\/\/www.sonoraenequipo.com.mx\/?s={search_term_string}\"},\"query-input\":{\"@type\":\"PropertyValueSpecification\",\"valueRequired\":true,\"valueName\":\"search_term_string\"}}],\"inLanguage\":\"es\"},{\"@type\":\"Organization\",\"@id\":\"https:\/\/www.sonoraenequipo.com.mx\/#organization\",\"name\":\"Sonoraenequipo.com.mx\",\"url\":\"https:\/\/www.sonoraenequipo.com.mx\/\",\"logo\":{\"@type\":\"ImageObject\",\"inLanguage\":\"es\",\"@id\":\"https:\/\/www.sonoraenequipo.com.mx\/#\/schema\/logo\/image\/\",\"url\":\"https:\/\/www.sonoraenequipo.com.mx\/storage\/2019\/01\/sonoraenequipo_opt.png\",\"contentUrl\":\"https:\/\/www.sonoraenequipo.com.mx\/storage\/2019\/01\/sonoraenequipo_opt.png\",\"width\":375,\"height\":125,\"caption\":\"Sonoraenequipo.com.mx\"},\"image\":{\"@id\":\"https:\/\/www.sonoraenequipo.com.mx\/#\/schema\/logo\/image\/\"},\"sameAs\":[\"https:\/\/www.facebook.com\/SonoraEE\/\",\"https:\/\/x.com\/sonoraenequipo\",\"https:\/\/www.youtube.com\/channel\/UC338nW-lPEYmJQs4ZABQ1SQ\"]},{\"@type\":\"Person\",\"@id\":\"https:\/\/www.sonoraenequipo.com.mx\/#\/schema\/person\/50102df0fb23a8fa9e8effad8fa81386\",\"name\":\"enequipo\",\"image\":{\"@type\":\"ImageObject\",\"inLanguage\":\"es\",\"@id\":\"https:\/\/www.sonoraenequipo.com.mx\/#\/schema\/person\/image\/\",\"url\":\"https:\/\/secure.gravatar.com\/avatar\/049821681b589dabc0bc20695993ccebb09f5b5d4d790cd9251b97faac7c652b?s=96&d=blank&r=g\",\"contentUrl\":\"https:\/\/secure.gravatar.com\/avatar\/049821681b589dabc0bc20695993ccebb09f5b5d4d790cd9251b97faac7c652b?s=96&d=blank&r=g\",\"caption\":\"enequipo\"},\"sameAs\":[\"https:\/\/www.facebook.com\/SonoraEE\"]}]}<\/script>\n ","yoast_head_json":{"title":"Sonora en Equipo. Rescates de migrantes en isla de San Andr\u00e9s expone los peligros de ruta migratoria a EE.UU. MUNDO","description":"Rescates de migrantes en isla de San Andr\u00e9s expone los peligros de ruta migratoria a EE.UU. \u00a0 BOGOT\u00c1, COL. \u0336 \u0336\u00a0 Unos ocho migrantes fueron rescatados esta En Sonora en Equipo publicamos toda la informaci\u00f3n de Sonora, M\u00e9xico y el Mundo de manera oportuna y busca que la libertad de expresi\u00f3n sea real. Visita nuestro medio informativo publicado desde Hermosillo, Sonora. %","robots":{"index":"index","follow":"follow","max-snippet":"max-snippet:-1","max-image-preview":"max-image-preview:large","max-video-preview":"max-video-preview:-1"},"canonical":"https:\/\/www.sonoraenequipo.com.mx\/rescates-de-migrantes-en-isla-de-san-andres-expone-los-peligros-de-ruta-migratoria-a-ee-uu\/","og_locale":"es_ES","og_type":"article","og_title":"Sonora en Equipo. Rescates de migrantes en isla de San Andr\u00e9s expone los peligros de ruta migratoria a EE.UU. MUNDO","og_description":"Rescates de migrantes en isla de San Andr\u00e9s expone los peligros de ruta migratoria a EE.UU. \u00a0 BOGOT\u00c1, COL. \u0336 \u0336\u00a0 Unos ocho migrantes fueron rescatados esta En Sonora en Equipo publicamos toda la informaci\u00f3n de Sonora, M\u00e9xico y el Mundo de manera oportuna y busca que la libertad de expresi\u00f3n sea real. Visita nuestro medio informativo publicado desde Hermosillo, Sonora. %","og_url":"https:\/\/www.sonoraenequipo.com.mx\/rescates-de-migrantes-en-isla-de-san-andres-expone-los-peligros-de-ruta-migratoria-a-ee-uu\/","og_site_name":"Sonora en Equipo.","article_publisher":"https:\/\/www.facebook.com\/SonoraEE\/","article_author":"https:\/\/www.facebook.com\/SonoraEE","article_published_time":"2024-09-29T21:01:16+00:00","og_image":[{"width":712,"height":400,"url":"https:\/\/www.sonoraenequipo.com.mx\/storage\/2024\/09\/inmigrantes-colombia.jpg","type":"image\/jpeg"}],"author":"enequipo","twitter_card":"summary_large_image","twitter_creator":"@sonoraenequipo","twitter_site":"@sonoraenequipo","twitter_misc":{"Escrito por":"enequipo","Tiempo de lectura":"4 minutos"},"schema":{"@context":"https:\/\/schema.org","@graph":[{"@type":"Article","@id":"https:\/\/www.sonoraenequipo.com.mx\/rescates-de-migrantes-en-isla-de-san-andres-expone-los-peligros-de-ruta-migratoria-a-ee-uu\/#article","isPartOf":{"@id":"https:\/\/www.sonoraenequipo.com.mx\/rescates-de-migrantes-en-isla-de-san-andres-expone-los-peligros-de-ruta-migratoria-a-ee-uu\/"},"author":{"name":"enequipo","@id":"https:\/\/www.sonoraenequipo.com.mx\/#\/schema\/person\/50102df0fb23a8fa9e8effad8fa81386"},"headline":"Rescates de migrantes en isla de San Andr\u00e9s expone los peligros de ruta migratoria a EE.UU.","datePublished":"2024-09-29T21:01:16+00:00","mainEntityOfPage":{"@id":"https:\/\/www.sonoraenequipo.com.mx\/rescates-de-migrantes-en-isla-de-san-andres-expone-los-peligros-de-ruta-migratoria-a-ee-uu\/"},"wordCount":872,"commentCount":0,"publisher":{"@id":"https:\/\/www.sonoraenequipo.com.mx\/#organization"},"image":{"@id":"https:\/\/www.sonoraenequipo.com.mx\/rescates-de-migrantes-en-isla-de-san-andres-expone-los-peligros-de-ruta-migratoria-a-ee-uu\/#primaryimage"},"thumbnailUrl":"https:\/\/www.sonoraenequipo.com.mx\/storage\/2024\/09\/inmigrantes-colombia.jpg","keywords":["EE UU","Migraci\u00f3n"],"articleSection":["MUNDO"],"inLanguage":"es","potentialAction":[{"@type":"CommentAction","name":"Comment","target":["https:\/\/www.sonoraenequipo.com.mx\/rescates-de-migrantes-en-isla-de-san-andres-expone-los-peligros-de-ruta-migratoria-a-ee-uu\/#respond"]}]},{"@type":"WebPage","@id":"https:\/\/www.sonoraenequipo.com.mx\/rescates-de-migrantes-en-isla-de-san-andres-expone-los-peligros-de-ruta-migratoria-a-ee-uu\/","url":"https:\/\/www.sonoraenequipo.com.mx\/rescates-de-migrantes-en-isla-de-san-andres-expone-los-peligros-de-ruta-migratoria-a-ee-uu\/","name":"Sonora en Equipo. Rescates de migrantes en isla de San Andr\u00e9s expone los peligros de ruta migratoria a EE.UU. MUNDO","isPartOf":{"@id":"https:\/\/www.sonoraenequipo.com.mx\/#website"},"primaryImageOfPage":{"@id":"https:\/\/www.sonoraenequipo.com.mx\/rescates-de-migrantes-en-isla-de-san-andres-expone-los-peligros-de-ruta-migratoria-a-ee-uu\/#primaryimage"},"image":{"@id":"https:\/\/www.sonoraenequipo.com.mx\/rescates-de-migrantes-en-isla-de-san-andres-expone-los-peligros-de-ruta-migratoria-a-ee-uu\/#primaryimage"},"thumbnailUrl":"https:\/\/www.sonoraenequipo.com.mx\/storage\/2024\/09\/inmigrantes-colombia.jpg","datePublished":"2024-09-29T21:01:16+00:00","description":"Rescates de migrantes en isla de San Andr\u00e9s expone los peligros de ruta migratoria a EE.UU. \u00a0 BOGOT\u00c1, COL. \u0336 \u0336\u00a0 Unos ocho migrantes fueron rescatados esta En Sonora en Equipo publicamos toda la informaci\u00f3n de Sonora, M\u00e9xico y el Mundo de manera oportuna y busca que la libertad de expresi\u00f3n sea real. Visita nuestro medio informativo publicado desde Hermosillo, Sonora. %","breadcrumb":{"@id":"https:\/\/www.sonoraenequipo.com.mx\/rescates-de-migrantes-en-isla-de-san-andres-expone-los-peligros-de-ruta-migratoria-a-ee-uu\/#breadcrumb"},"inLanguage":"es","potentialAction":[{"@type":"ReadAction","target":["https:\/\/www.sonoraenequipo.com.mx\/rescates-de-migrantes-en-isla-de-san-andres-expone-los-peligros-de-ruta-migratoria-a-ee-uu\/"]}]},{"@type":"ImageObject","inLanguage":"es","@id":"https:\/\/www.sonoraenequipo.com.mx\/rescates-de-migrantes-en-isla-de-san-andres-expone-los-peligros-de-ruta-migratoria-a-ee-uu\/#primaryimage","url":"https:\/\/www.sonoraenequipo.com.mx\/storage\/2024\/09\/inmigrantes-colombia.jpg","contentUrl":"https:\/\/www.sonoraenequipo.com.mx\/storage\/2024\/09\/inmigrantes-colombia.jpg","width":712,"height":400,"caption":"Migrantes rescatados en aguas de la isla de San Andr\u00e9s (Cortes\u00eda Armada de Colombia)."},{"@type":"BreadcrumbList","@id":"https:\/\/www.sonoraenequipo.com.mx\/rescates-de-migrantes-en-isla-de-san-andres-expone-los-peligros-de-ruta-migratoria-a-ee-uu\/#breadcrumb","itemListElement":[{"@type":"ListItem","position":1,"name":"Portada","item":"https:\/\/www.sonoraenequipo.com.mx\/"},{"@type":"ListItem","position":2,"name":"Rescates de migrantes en isla de San Andr\u00e9s expone los peligros de ruta migratoria a EE.UU."}]},{"@type":"WebSite","@id":"https:\/\/www.sonoraenequipo.com.mx\/#website","url":"https:\/\/www.sonoraenequipo.com.mx\/","name":"Sonora en Equipo.","description":"Diario en l\u00ednea con Noticias desde Hermosillo, Sonora","publisher":{"@id":"https:\/\/www.sonoraenequipo.com.mx\/#organization"},"potentialAction":[{"@type":"SearchAction","target":{"@type":"EntryPoint","urlTemplate":"https:\/\/www.sonoraenequipo.com.mx\/?s={search_term_string}"},"query-input":{"@type":"PropertyValueSpecification","valueRequired":true,"valueName":"search_term_string"}}],"inLanguage":"es"},{"@type":"Organization","@id":"https:\/\/www.sonoraenequipo.com.mx\/#organization","name":"Sonoraenequipo.com.mx","url":"https:\/\/www.sonoraenequipo.com.mx\/","logo":{"@type":"ImageObject","inLanguage":"es","@id":"https:\/\/www.sonoraenequipo.com.mx\/#\/schema\/logo\/image\/","url":"https:\/\/www.sonoraenequipo.com.mx\/storage\/2019\/01\/sonoraenequipo_opt.png","contentUrl":"https:\/\/www.sonoraenequipo.com.mx\/storage\/2019\/01\/sonoraenequipo_opt.png","width":375,"height":125,"caption":"Sonoraenequipo.com.mx"},"image":{"@id":"https:\/\/www.sonoraenequipo.com.mx\/#\/schema\/logo\/image\/"},"sameAs":["https:\/\/www.facebook.com\/SonoraEE\/","https:\/\/x.com\/sonoraenequipo","https:\/\/www.youtube.com\/channel\/UC338nW-lPEYmJQs4ZABQ1SQ"]},{"@type":"Person","@id":"https:\/\/www.sonoraenequipo.com.mx\/#\/schema\/person\/50102df0fb23a8fa9e8effad8fa81386","name":"enequipo","image":{"@type":"ImageObject","inLanguage":"es","@id":"https:\/\/www.sonoraenequipo.com.mx\/#\/schema\/person\/image\/","url":"https:\/\/secure.gravatar.com\/avatar\/049821681b589dabc0bc20695993ccebb09f5b5d4d790cd9251b97faac7c652b?s=96&d=blank&r=g","contentUrl":"https:\/\/secure.gravatar.com\/avatar\/049821681b589dabc0bc20695993ccebb09f5b5d4d790cd9251b97faac7c652b?s=96&d=blank&r=g","caption":"enequipo"},"sameAs":["https:\/\/www.facebook.com\/SonoraEE"]}]}},"jetpack_featured_media_url":"https:\/\/www.sonoraenequipo.com.mx\/storage\/2024\/09\/inmigrantes-colombia.jpg","_links":{"self":[{"href":"https:\/\/www.sonoraenequipo.com.mx\/api\/wp\/v2\/posts\/200179","targetHints":{"allow":["GET"]}}],"collection":[{"href":"https:\/\/www.sonoraenequipo.com.mx\/api\/wp\/v2\/posts"}],"about":[{"href":"https:\/\/www.sonoraenequipo.com.mx\/api\/wp\/v2\/types\/post"}],"author":[{"embeddable":true,"href":"https:\/\/www.sonoraenequipo.com.mx\/api\/wp\/v2\/users\/1"}],"replies":[{"embeddable":true,"href":"https:\/\/www.sonoraenequipo.com.mx\/api\/wp\/v2\/comments?post=200179"}],"version-history":[{"count":1,"href":"https:\/\/www.sonoraenequipo.com.mx\/api\/wp\/v2\/posts\/200179\/revisions"}],"predecessor-version":[{"id":200181,"href":"https:\/\/www.sonoraenequipo.com.mx\/api\/wp\/v2\/posts\/200179\/revisions\/200181"}],"wp:featuredmedia":[{"embeddable":true,"href":"https:\/\/www.sonoraenequipo.com.mx\/api\/wp\/v2\/media\/200180"}],"wp:attachment":[{"href":"https:\/\/www.sonoraenequipo.com.mx\/api\/wp\/v2\/media?parent=200179"}],"wp:term":[{"taxonomy":"category","embeddable":true,"href":"https:\/\/www.sonoraenequipo.com.mx\/api\/wp\/v2\/categories?post=200179"},{"taxonomy":"post_tag","embeddable":true,"href":"https:\/\/www.sonoraenequipo.com.mx\/api\/wp\/v2\/tags?post=200179"}],"curies":[{"name":"wp","href":"https:\/\/api.w.org\/{rel}","templated":true}]}}