{"id":200188,"date":"2024-09-29T16:02:01","date_gmt":"2024-09-29T23:02:01","guid":{"rendered":"https:\/\/www.sonoraenequipo.com.mx\/?p=200188"},"modified":"2024-09-29T17:06:00","modified_gmt":"2024-09-30T00:06:00","slug":"200188-2","status":"publish","type":"post","link":"https:\/\/www.sonoraenequipo.com.mx\/200188-2\/","title":{"rendered":"Anuncia To\u00f1o Astiazar\u00e1n que sumar\u00e1n mil familias a \u00abHogar Solar\u00bb"},"content":{"rendered":"<p><strong>HERMOSILLO, SONORA, MX.<\/strong> \u2014 En apoyo a la econom\u00eda familiar en el ahorro del pago de energ\u00eda el\u00e9ctrica, el presidente municipal, Antonio Astiazar\u00e1n Guti\u00e9rrez, lanz\u00f3 la segunda convocatoria para que mil familias se beneficien con la instalaci\u00f3n de paneles solares en sus viviendas a trav\u00e9s del programa Hogar Solar.<\/p>\n<p>En las instalaciones de la Uni\u00f3n de Usuarios, organizaci\u00f3n que ha luchado por tarifas el\u00e9ctricas justas, To\u00f1o\u00a0 Astiazar\u00e1n, acompa\u00f1ado de su esposa Patricia Ruibal, anunci\u00f3 los detalles del programa, \u00fanico a nivel nacional, que en una primera etapa benefici\u00f3 a 300 familias, las cuales son un ejemplo de los ahorros que se obtienen al instalar sistemas fotovoltaicos en los domicilios.<\/p>\n<p>\u201cMi esposa Paty y yo siempre hemos dicho que la justicia es darle un trato igual a los iguales, pero un trato desigual a los desiguales. Esto significa que no todas ni todos tenemos las mismas oportunidades en la vida, significa tambi\u00e9n que cuando no tenemos las mismas oportunidades el gobierno municipal, estatal y federal deben estar ah\u00ed para apoyar a esas personas\u201d, asegur\u00f3.<\/p>\n<p>De los mil sistemas que van a instalar en lo que resta del a\u00f1o, dijo, se asegurar\u00e1 de que al menos 500 sean para madres jefas de familia, adultos mayores y personas con discapacidad.<\/p>\n<p>To\u00f1o Astiazar\u00e1n precis\u00f3 que el Ayuntamiento de Hermosillo otorga un subsidio del 15 por ciento, que es lo que se tendr\u00eda que pagar de enganche directamente con una empresa, es decir que no tendr\u00e1n que desembolsar para poner paneles solares en el techo de su casa; y van a recibir un financiamiento de tres a\u00f1os sin intereses, y esto es muy importante, porque lo que se va a pagar en ese tiempo ser\u00e1 menos a lo que se pagaba por la luz.<\/p>\n<p>Ruth Garc\u00eda, beneficiada de la primer etapa del programa, expres\u00f3 que en verano le llegaban aproximadamente 4 mil pesos y gracias al programa que lanz\u00f3 el Presidente Municipal el recibo m\u00e1s reciente fue de mil 100 pesos.<\/p>\n<p>Carla Neudert C\u00f3rdova, directora de la Agencia Municipal de Energ\u00eda y Cambio Clim\u00e1tico, AMECC, explic\u00f3 que la convocatoria ya se encuentra disponible en la p\u00e1gina www.hermosillo.gob.mx y adem\u00e1s tendr\u00e1n un m\u00f3dulo de atenci\u00f3n en la planta baja de la Uni\u00f3n de Usuarios para dar informaci\u00f3n que requiera la ciudadan\u00eda.<\/p>\n<p>El l\u00edder de la Uni\u00f3n de Usuarios, Ignacio Peinado Luna, coment\u00f3 que es la primera vez que los visita un Presidente Municipal y que adem\u00e1s ofrece un programa generoso a la poblaci\u00f3n de la Uni\u00f3n de Usuarios y la comunidad en general, por lo que agradeci\u00f3 el gesto.<\/p>\n<p>\u201cHoy este programa de los paneles solares que nos parece muy acertado y que evidentemente va acercando ese trecho entre el acceso a este financiamiento y hoy congratula el hecho de que se est\u00e9n haciendo esfuerzos para que puedan acceder los usuarios a este programa, que sin duda tiene un alta dosis de generosidad pensando en las finanzas familiares\u201d, manifest\u00f3.<\/p>\n<p>Al evento acudieron el Secretario del Ayuntamiento, Eduardo Acu\u00f1a Padilla; Jorge Pesqueira Leal, Presidente del Instituto de Mediaci\u00f3n de M\u00e9xico; integrantes del gabinete, regidores y de la Uni\u00f3n de Usuarios.<\/p>\n<p>Requisitos<\/p>\n<p>* Registrarse en la convocatoria<\/p>\n<p>* Constancia de No adeudo Municipal<\/p>\n<p>* Estar al corriente en el pago de Luz a CFE<\/p>\n<p>* Cumplir con la norma t\u00e9cnica de CFE con respecto a la instalaci\u00f3n el\u00e9ctrica y el medidor.<\/p>\n<p>* Agendar visita con los tumbawatts<\/p>\n<p>* Tener condiciones para instalar los paneles en techo (lo revisan \u00a0los tumbawatts)<\/p>\n<p><strong>Fecha de publicaci\u00f3n 29 de septiembre de 2024<\/strong><\/p>\n","protected":false},"excerpt":{"rendered":"<p>HERMOSILLO, SONORA, MX. \u2014 En apoyo a la econom\u00eda familiar en el ahorro del pago&#8230;<\/p>\n","protected":false},"author":1,"featured_media":200189,"comment_status":"open","ping_status":"open","sticky":false,"template":"","format":"standard","meta":{"_monsterinsights_skip_tracking":false,"_monsterinsights_sitenote_active":false,"_monsterinsights_sitenote_note":"","_monsterinsights_sitenote_category":0,"footnotes":""},"categories":[4],"tags":[35,7262,8938,7139,8939],"class_list":["post"],"yoast_head":" \n<title>Sonora en Equipo. Anuncia To\u00f1o Astiazar\u00e1n que sumar\u00e1n mil familias a &quot;Hogar Solar&quot; Municipios<\/title>\n<meta name=\"description\" content=\"HERMOSILLO, SONORA, MX. \u2014 En apoyo a la econom\u00eda familiar en el ahorro del pago de energ\u00eda el\u00e9ctrica, el presidente municipal, Antonio Astiazar\u00e1n En Sonora en Equipo publicamos toda la informaci\u00f3n de Sonora, M\u00e9xico y el Mundo de manera oportuna y busca que la libertad de expresi\u00f3n sea real. Visita nuestro medio informativo publicado desde Hermosillo, Sonora. %\" \/>\n<meta name=\"robots\" content=\"index, follow, max-snippet:-1, max-image-preview:large, max-video-preview:-1\" \/>\n<link rel=\"canonical\" href=\"https:\/\/www.sonoraenequipo.com.mx\/200188-2\/\" \/>\n<meta property=\"og:locale\" content=\"es_ES\" \/>\n<meta property=\"og:type\" content=\"article\" \/>\n<meta property=\"og:title\" content=\"Sonora en Equipo. Anuncia To\u00f1o Astiazar\u00e1n que sumar\u00e1n mil familias a &quot;Hogar Solar&quot; Municipios\" \/>\n<meta property=\"og:description\" content=\"HERMOSILLO, SONORA, MX. \u2014 En apoyo a la econom\u00eda familiar en el ahorro del pago de energ\u00eda el\u00e9ctrica, el presidente municipal, Antonio Astiazar\u00e1n En Sonora en Equipo publicamos toda la informaci\u00f3n de Sonora, M\u00e9xico y el Mundo de manera oportuna y busca que la libertad de expresi\u00f3n sea real. Visita nuestro medio informativo publicado desde Hermosillo, Sonora. %\" \/>\n<meta property=\"og:url\" content=\"https:\/\/www.sonoraenequipo.com.mx\/200188-2\/\" \/>\n<meta property=\"og:site_name\" content=\"Sonora en Equipo.\" \/>\n<meta property=\"article:publisher\" content=\"https:\/\/www.facebook.com\/SonoraEE\/\" \/>\n<meta property=\"article:author\" content=\"https:\/\/www.facebook.com\/SonoraEE\" \/>\n<meta property=\"article:published_time\" content=\"2024-09-29T23:02:01+00:00\" \/>\n<meta property=\"article:modified_time\" content=\"2024-09-30T00:06:00+00:00\" \/>\n<meta property=\"og:image\" content=\"https:\/\/www.sonoraenequipo.com.mx\/storage\/2024\/09\/hogar-solar.jpg\" \/>\n\t<meta property=\"og:image:width\" content=\"600\" \/>\n\t<meta property=\"og:image:height\" content=\"399\" \/>\n\t<meta property=\"og:image:type\" content=\"image\/jpeg\" \/>\n<meta name=\"author\" content=\"enequipo\" \/>\n<meta name=\"twitter:card\" content=\"summary_large_image\" \/>\n<meta name=\"twitter:creator\" content=\"@sonoraenequipo\" \/>\n<meta name=\"twitter:site\" content=\"@sonoraenequipo\" \/>\n<meta name=\"twitter:label1\" content=\"Escrito por\" \/>\n\t<meta name=\"twitter:data1\" content=\"enequipo\" \/>\n\t<meta name=\"twitter:label2\" content=\"Tiempo de lectura\" \/>\n\t<meta name=\"twitter:data2\" content=\"3 minutos\" \/>\n<script type=\"application\/ld+json\" class=\"yoast-schema-graph\">{\"@context\":\"https:\/\/schema.org\",\"@graph\":[{\"@type\":\"Article\",\"@id\":\"https:\/\/www.sonoraenequipo.com.mx\/200188-2\/#article\",\"isPartOf\":{\"@id\":\"https:\/\/www.sonoraenequipo.com.mx\/200188-2\/\"},\"author\":{\"name\":\"enequipo\",\"@id\":\"https:\/\/www.sonoraenequipo.com.mx\/#\/schema\/person\/50102df0fb23a8fa9e8effad8fa81386\"},\"headline\":\"Anuncia To\u00f1o Astiazar\u00e1n que sumar\u00e1n mil familias a \u00abHogar Solar\u00bb\",\"datePublished\":\"2024-09-29T23:02:01+00:00\",\"dateModified\":\"2024-09-30T00:06:00+00:00\",\"mainEntityOfPage\":{\"@id\":\"https:\/\/www.sonoraenequipo.com.mx\/200188-2\/\"},\"wordCount\":629,\"commentCount\":0,\"publisher\":{\"@id\":\"https:\/\/www.sonoraenequipo.com.mx\/#organization\"},\"image\":{\"@id\":\"https:\/\/www.sonoraenequipo.com.mx\/200188-2\/#primaryimage\"},\"thumbnailUrl\":\"https:\/\/www.sonoraenequipo.com.mx\/storage\/2024\/09\/hogar-solar.jpg\",\"keywords\":[\"hermosillo\",\"hogar\",\"paneles\",\"solar\",\"solares\"],\"articleSection\":[\"Municipios\"],\"inLanguage\":\"es\",\"potentialAction\":[{\"@type\":\"CommentAction\",\"name\":\"Comment\",\"target\":[\"https:\/\/www.sonoraenequipo.com.mx\/200188-2\/#respond\"]}]},{\"@type\":\"WebPage\",\"@id\":\"https:\/\/www.sonoraenequipo.com.mx\/200188-2\/\",\"url\":\"https:\/\/www.sonoraenequipo.com.mx\/200188-2\/\",\"name\":\"Sonora en Equipo. Anuncia To\u00f1o Astiazar\u00e1n que sumar\u00e1n mil familias a \\\"Hogar Solar\\\" Municipios\",\"isPartOf\":{\"@id\":\"https:\/\/www.sonoraenequipo.com.mx\/#website\"},\"primaryImageOfPage\":{\"@id\":\"https:\/\/www.sonoraenequipo.com.mx\/200188-2\/#primaryimage\"},\"image\":{\"@id\":\"https:\/\/www.sonoraenequipo.com.mx\/200188-2\/#primaryimage\"},\"thumbnailUrl\":\"https:\/\/www.sonoraenequipo.com.mx\/storage\/2024\/09\/hogar-solar.jpg\",\"datePublished\":\"2024-09-29T23:02:01+00:00\",\"dateModified\":\"2024-09-30T00:06:00+00:00\",\"description\":\"HERMOSILLO, SONORA, MX. \u2014 En apoyo a la econom\u00eda familiar en el ahorro del pago de energ\u00eda el\u00e9ctrica, el presidente municipal, Antonio Astiazar\u00e1n En Sonora en Equipo publicamos toda la informaci\u00f3n de Sonora, M\u00e9xico y el Mundo de manera oportuna y busca que la libertad de expresi\u00f3n sea real. Visita nuestro medio informativo publicado desde Hermosillo, Sonora. %\",\"breadcrumb\":{\"@id\":\"https:\/\/www.sonoraenequipo.com.mx\/200188-2\/#breadcrumb\"},\"inLanguage\":\"es\",\"potentialAction\":[{\"@type\":\"ReadAction\",\"target\":[\"https:\/\/www.sonoraenequipo.com.mx\/200188-2\/\"]}]},{\"@type\":\"ImageObject\",\"inLanguage\":\"es\",\"@id\":\"https:\/\/www.sonoraenequipo.com.mx\/200188-2\/#primaryimage\",\"url\":\"https:\/\/www.sonoraenequipo.com.mx\/storage\/2024\/09\/hogar-solar.jpg\",\"contentUrl\":\"https:\/\/www.sonoraenequipo.com.mx\/storage\/2024\/09\/hogar-solar.jpg\",\"width\":600,\"height\":399},{\"@type\":\"BreadcrumbList\",\"@id\":\"https:\/\/www.sonoraenequipo.com.mx\/200188-2\/#breadcrumb\",\"itemListElement\":[{\"@type\":\"ListItem\",\"position\":1,\"name\":\"Portada\",\"item\":\"https:\/\/www.sonoraenequipo.com.mx\/\"},{\"@type\":\"ListItem\",\"position\":2,\"name\":\"Anuncia To\u00f1o Astiazar\u00e1n que sumar\u00e1n mil familias a \u00abHogar Solar\u00bb\"}]},{\"@type\":\"WebSite\",\"@id\":\"https:\/\/www.sonoraenequipo.com.mx\/#website\",\"url\":\"https:\/\/www.sonoraenequipo.com.mx\/\",\"name\":\"Sonora en Equipo.\",\"description\":\"Diario en l\u00ednea con Noticias desde Hermosillo, Sonora\",\"publisher\":{\"@id\":\"https:\/\/www.sonoraenequipo.com.mx\/#organization\"},\"potentialAction\":[{\"@type\":\"SearchAction\",\"target\":{\"@type\":\"EntryPoint\",\"urlTemplate\":\"https:\/\/www.sonoraenequipo.com.mx\/?s={search_term_string}\"},\"query-input\":{\"@type\":\"PropertyValueSpecification\",\"valueRequired\":true,\"valueName\":\"search_term_string\"}}],\"inLanguage\":\"es\"},{\"@type\":\"Organization\",\"@id\":\"https:\/\/www.sonoraenequipo.com.mx\/#organization\",\"name\":\"Sonoraenequipo.com.mx\",\"url\":\"https:\/\/www.sonoraenequipo.com.mx\/\",\"logo\":{\"@type\":\"ImageObject\",\"inLanguage\":\"es\",\"@id\":\"https:\/\/www.sonoraenequipo.com.mx\/#\/schema\/logo\/image\/\",\"url\":\"https:\/\/www.sonoraenequipo.com.mx\/storage\/2019\/01\/sonoraenequipo_opt.png\",\"contentUrl\":\"https:\/\/www.sonoraenequipo.com.mx\/storage\/2019\/01\/sonoraenequipo_opt.png\",\"width\":375,\"height\":125,\"caption\":\"Sonoraenequipo.com.mx\"},\"image\":{\"@id\":\"https:\/\/www.sonoraenequipo.com.mx\/#\/schema\/logo\/image\/\"},\"sameAs\":[\"https:\/\/www.facebook.com\/SonoraEE\/\",\"https:\/\/x.com\/sonoraenequipo\",\"https:\/\/www.youtube.com\/channel\/UC338nW-lPEYmJQs4ZABQ1SQ\"]},{\"@type\":\"Person\",\"@id\":\"https:\/\/www.sonoraenequipo.com.mx\/#\/schema\/person\/50102df0fb23a8fa9e8effad8fa81386\",\"name\":\"enequipo\",\"image\":{\"@type\":\"ImageObject\",\"inLanguage\":\"es\",\"@id\":\"https:\/\/www.sonoraenequipo.com.mx\/#\/schema\/person\/image\/\",\"url\":\"https:\/\/secure.gravatar.com\/avatar\/049821681b589dabc0bc20695993ccebb09f5b5d4d790cd9251b97faac7c652b?s=96&d=blank&r=g\",\"contentUrl\":\"https:\/\/secure.gravatar.com\/avatar\/049821681b589dabc0bc20695993ccebb09f5b5d4d790cd9251b97faac7c652b?s=96&d=blank&r=g\",\"caption\":\"enequipo\"},\"sameAs\":[\"https:\/\/www.facebook.com\/SonoraEE\"]}]}<\/script>\n ","yoast_head_json":{"title":"Sonora en Equipo. Anuncia To\u00f1o Astiazar\u00e1n que sumar\u00e1n mil familias a \"Hogar Solar\" Municipios","description":"HERMOSILLO, SONORA, MX. \u2014 En apoyo a la econom\u00eda familiar en el ahorro del pago de energ\u00eda el\u00e9ctrica, el presidente municipal, Antonio Astiazar\u00e1n En Sonora en Equipo publicamos toda la informaci\u00f3n de Sonora, M\u00e9xico y el Mundo de manera oportuna y busca que la libertad de expresi\u00f3n sea real. Visita nuestro medio informativo publicado desde Hermosillo, Sonora. %","robots":{"index":"index","follow":"follow","max-snippet":"max-snippet:-1","max-image-preview":"max-image-preview:large","max-video-preview":"max-video-preview:-1"},"canonical":"https:\/\/www.sonoraenequipo.com.mx\/200188-2\/","og_locale":"es_ES","og_type":"article","og_title":"Sonora en Equipo. Anuncia To\u00f1o Astiazar\u00e1n que sumar\u00e1n mil familias a \"Hogar Solar\" Municipios","og_description":"HERMOSILLO, SONORA, MX. \u2014 En apoyo a la econom\u00eda familiar en el ahorro del pago de energ\u00eda el\u00e9ctrica, el presidente municipal, Antonio Astiazar\u00e1n En Sonora en Equipo publicamos toda la informaci\u00f3n de Sonora, M\u00e9xico y el Mundo de manera oportuna y busca que la libertad de expresi\u00f3n sea real. Visita nuestro medio informativo publicado desde Hermosillo, Sonora. %","og_url":"https:\/\/www.sonoraenequipo.com.mx\/200188-2\/","og_site_name":"Sonora en Equipo.","article_publisher":"https:\/\/www.facebook.com\/SonoraEE\/","article_author":"https:\/\/www.facebook.com\/SonoraEE","article_published_time":"2024-09-29T23:02:01+00:00","article_modified_time":"2024-09-30T00:06:00+00:00","og_image":[{"width":600,"height":399,"url":"https:\/\/www.sonoraenequipo.com.mx\/storage\/2024\/09\/hogar-solar.jpg","type":"image\/jpeg"}],"author":"enequipo","twitter_card":"summary_large_image","twitter_creator":"@sonoraenequipo","twitter_site":"@sonoraenequipo","twitter_misc":{"Escrito por":"enequipo","Tiempo de lectura":"3 minutos"},"schema":{"@context":"https:\/\/schema.org","@graph":[{"@type":"Article","@id":"https:\/\/www.sonoraenequipo.com.mx\/200188-2\/#article","isPartOf":{"@id":"https:\/\/www.sonoraenequipo.com.mx\/200188-2\/"},"author":{"name":"enequipo","@id":"https:\/\/www.sonoraenequipo.com.mx\/#\/schema\/person\/50102df0fb23a8fa9e8effad8fa81386"},"headline":"Anuncia To\u00f1o Astiazar\u00e1n que sumar\u00e1n mil familias a \u00abHogar Solar\u00bb","datePublished":"2024-09-29T23:02:01+00:00","dateModified":"2024-09-30T00:06:00+00:00","mainEntityOfPage":{"@id":"https:\/\/www.sonoraenequipo.com.mx\/200188-2\/"},"wordCount":629,"commentCount":0,"publisher":{"@id":"https:\/\/www.sonoraenequipo.com.mx\/#organization"},"image":{"@id":"https:\/\/www.sonoraenequipo.com.mx\/200188-2\/#primaryimage"},"thumbnailUrl":"https:\/\/www.sonoraenequipo.com.mx\/storage\/2024\/09\/hogar-solar.jpg","keywords":["hermosillo","hogar","paneles","solar","solares"],"articleSection":["Municipios"],"inLanguage":"es","potentialAction":[{"@type":"CommentAction","name":"Comment","target":["https:\/\/www.sonoraenequipo.com.mx\/200188-2\/#respond"]}]},{"@type":"WebPage","@id":"https:\/\/www.sonoraenequipo.com.mx\/200188-2\/","url":"https:\/\/www.sonoraenequipo.com.mx\/200188-2\/","name":"Sonora en Equipo. Anuncia To\u00f1o Astiazar\u00e1n que sumar\u00e1n mil familias a \"Hogar Solar\" Municipios","isPartOf":{"@id":"https:\/\/www.sonoraenequipo.com.mx\/#website"},"primaryImageOfPage":{"@id":"https:\/\/www.sonoraenequipo.com.mx\/200188-2\/#primaryimage"},"image":{"@id":"https:\/\/www.sonoraenequipo.com.mx\/200188-2\/#primaryimage"},"thumbnailUrl":"https:\/\/www.sonoraenequipo.com.mx\/storage\/2024\/09\/hogar-solar.jpg","datePublished":"2024-09-29T23:02:01+00:00","dateModified":"2024-09-30T00:06:00+00:00","description":"HERMOSILLO, SONORA, MX. \u2014 En apoyo a la econom\u00eda familiar en el ahorro del pago de energ\u00eda el\u00e9ctrica, el presidente municipal, Antonio Astiazar\u00e1n En Sonora en Equipo publicamos toda la informaci\u00f3n de Sonora, M\u00e9xico y el Mundo de manera oportuna y busca que la libertad de expresi\u00f3n sea real. Visita nuestro medio informativo publicado desde Hermosillo, Sonora. %","breadcrumb":{"@id":"https:\/\/www.sonoraenequipo.com.mx\/200188-2\/#breadcrumb"},"inLanguage":"es","potentialAction":[{"@type":"ReadAction","target":["https:\/\/www.sonoraenequipo.com.mx\/200188-2\/"]}]},{"@type":"ImageObject","inLanguage":"es","@id":"https:\/\/www.sonoraenequipo.com.mx\/200188-2\/#primaryimage","url":"https:\/\/www.sonoraenequipo.com.mx\/storage\/2024\/09\/hogar-solar.jpg","contentUrl":"https:\/\/www.sonoraenequipo.com.mx\/storage\/2024\/09\/hogar-solar.jpg","width":600,"height":399},{"@type":"BreadcrumbList","@id":"https:\/\/www.sonoraenequipo.com.mx\/200188-2\/#breadcrumb","itemListElement":[{"@type":"ListItem","position":1,"name":"Portada","item":"https:\/\/www.sonoraenequipo.com.mx\/"},{"@type":"ListItem","position":2,"name":"Anuncia To\u00f1o Astiazar\u00e1n que sumar\u00e1n mil familias a \u00abHogar Solar\u00bb"}]},{"@type":"WebSite","@id":"https:\/\/www.sonoraenequipo.com.mx\/#website","url":"https:\/\/www.sonoraenequipo.com.mx\/","name":"Sonora en Equipo.","description":"Diario en l\u00ednea con Noticias desde Hermosillo, Sonora","publisher":{"@id":"https:\/\/www.sonoraenequipo.com.mx\/#organization"},"potentialAction":[{"@type":"SearchAction","target":{"@type":"EntryPoint","urlTemplate":"https:\/\/www.sonoraenequipo.com.mx\/?s={search_term_string}"},"query-input":{"@type":"PropertyValueSpecification","valueRequired":true,"valueName":"search_term_string"}}],"inLanguage":"es"},{"@type":"Organization","@id":"https:\/\/www.sonoraenequipo.com.mx\/#organization","name":"Sonoraenequipo.com.mx","url":"https:\/\/www.sonoraenequipo.com.mx\/","logo":{"@type":"ImageObject","inLanguage":"es","@id":"https:\/\/www.sonoraenequipo.com.mx\/#\/schema\/logo\/image\/","url":"https:\/\/www.sonoraenequipo.com.mx\/storage\/2019\/01\/sonoraenequipo_opt.png","contentUrl":"https:\/\/www.sonoraenequipo.com.mx\/storage\/2019\/01\/sonoraenequipo_opt.png","width":375,"height":125,"caption":"Sonoraenequipo.com.mx"},"image":{"@id":"https:\/\/www.sonoraenequipo.com.mx\/#\/schema\/logo\/image\/"},"sameAs":["https:\/\/www.facebook.com\/SonoraEE\/","https:\/\/x.com\/sonoraenequipo","https:\/\/www.youtube.com\/channel\/UC338nW-lPEYmJQs4ZABQ1SQ"]},{"@type":"Person","@id":"https:\/\/www.sonoraenequipo.com.mx\/#\/schema\/person\/50102df0fb23a8fa9e8effad8fa81386","name":"enequipo","image":{"@type":"ImageObject","inLanguage":"es","@id":"https:\/\/www.sonoraenequipo.com.mx\/#\/schema\/person\/image\/","url":"https:\/\/secure.gravatar.com\/avatar\/049821681b589dabc0bc20695993ccebb09f5b5d4d790cd9251b97faac7c652b?s=96&d=blank&r=g","contentUrl":"https:\/\/secure.gravatar.com\/avatar\/049821681b589dabc0bc20695993ccebb09f5b5d4d790cd9251b97faac7c652b?s=96&d=blank&r=g","caption":"enequipo"},"sameAs":["https:\/\/www.facebook.com\/SonoraEE"]}]}},"jetpack_featured_media_url":"https:\/\/www.sonoraenequipo.com.mx\/storage\/2024\/09\/hogar-solar.jpg","_links":{"self":[{"href":"https:\/\/www.sonoraenequipo.com.mx\/api\/wp\/v2\/posts\/200188","targetHints":{"allow":["GET"]}}],"collection":[{"href":"https:\/\/www.sonoraenequipo.com.mx\/api\/wp\/v2\/posts"}],"about":[{"href":"https:\/\/www.sonoraenequipo.com.mx\/api\/wp\/v2\/types\/post"}],"author":[{"embeddable":true,"href":"https:\/\/www.sonoraenequipo.com.mx\/api\/wp\/v2\/users\/1"}],"replies":[{"embeddable":true,"href":"https:\/\/www.sonoraenequipo.com.mx\/api\/wp\/v2\/comments?post=200188"}],"version-history":[{"count":2,"href":"https:\/\/www.sonoraenequipo.com.mx\/api\/wp\/v2\/posts\/200188\/revisions"}],"predecessor-version":[{"id":200195,"href":"https:\/\/www.sonoraenequipo.com.mx\/api\/wp\/v2\/posts\/200188\/revisions\/200195"}],"wp:featuredmedia":[{"embeddable":true,"href":"https:\/\/www.sonoraenequipo.com.mx\/api\/wp\/v2\/media\/200189"}],"wp:attachment":[{"href":"https:\/\/www.sonoraenequipo.com.mx\/api\/wp\/v2\/media?parent=200188"}],"wp:term":[{"taxonomy":"category","embeddable":true,"href":"https:\/\/www.sonoraenequipo.com.mx\/api\/wp\/v2\/categories?post=200188"},{"taxonomy":"post_tag","embeddable":true,"href":"https:\/\/www.sonoraenequipo.com.mx\/api\/wp\/v2\/tags?post=200188"}],"curies":[{"name":"wp","href":"https:\/\/api.w.org\/{rel}","templated":true}]}}