{"id":200191,"date":"2024-09-29T16:14:55","date_gmt":"2024-09-29T23:14:55","guid":{"rendered":"https:\/\/www.sonoraenequipo.com.mx\/?p=200191"},"modified":"2024-09-29T16:14:55","modified_gmt":"2024-09-29T23:14:55","slug":"inicia-kino-fest-2024-con-representacion-del-ano-nuevo-seri","status":"publish","type":"post","link":"https:\/\/www.sonoraenequipo.com.mx\/inicia-kino-fest-2024-con-representacion-del-ano-nuevo-seri\/","title":{"rendered":"Inicia Kino Fest 2024 con representaci\u00f3n del A\u00f1o Nuevo Seri"},"content":{"rendered":"<p><strong>HERMOSILLO, SONORA, MX.<\/strong> \u2014 Con cantos, danza, pintura facial y una explicaci\u00f3n de la historia de la comunidad Comc\u00e1ac, se realiz\u00f3 la representaci\u00f3n del A\u00f1o Nuevo Seri como el inicio del Kino Fest 2024.<\/p>\n<p>&nbsp;<\/p>\n<p>Decenas de personas de Hermosillo, de otras ciudades del pa\u00eds y extranjeras, presenciaron la m\u00e1gica experiencia al vivir las tradiciones de la etnia, evento que se realiz\u00f3 en el Bosque de Sahuaros ubicado unos kil\u00f3metros antes de llegar a Bah\u00eda de Kino.<\/p>\n<p>&nbsp;<\/p>\n<p>Como parte de la celebraci\u00f3n del D\u00eda Mundial del Turismo, experiencia que por primera vez se ofreci\u00f3 de manera abierta y gratuita para el p\u00fablico en general, se entreg\u00f3 un reconocimiento a la trayectoria tur\u00edstica de Eduardo Lemmen Meyer y a la de Don Juan Antonio \u00c1ngel Laso, propietario de Hotel San \u00c1ngel y Hotel Santorian entre otros en la ciudad; as\u00ed como al equipo de la OCV Hermosillo, por ser los creadores del producto tur\u00edstico de la representaci\u00f3n del A\u00f1o Nuevo Seri.<\/p>\n<p>&nbsp;<\/p>\n<p>La directora de Desarrollo Tur\u00edstico Municipal, Fernanda Cisneros Rodr\u00edguez, coment\u00f3 que en el marco del D\u00eda Mundial del Turismo quisieron arrancar la temporada de eventos de Kino Fest con uno muy especial, sumados al gran apoyo y complicidad de la OCV, con la representaci\u00f3n que ha permitido ganarse convenciones para la ciudad.<\/p>\n<p>&nbsp;<\/p>\n<p>\u201cMuchas veces tenemos la idea de que la playa nada m\u00e1s en el verano, pero realmente todo el a\u00f1o podemos vivir maravillosas experiencias, y es por eso que Kino Fest son ocho eventos durante siete fines de semana de todo tipo de gustos, de motociclistas, ciclistas, de corredores, de cabalgata, muestra gastron\u00f3mica\u201d, expres\u00f3.<\/p>\n<p>&nbsp;<\/p>\n<p>Estuvieron Adolfo Cabral, astr\u00f3nomo invitado; Romelia Bernet, regidora \u00e9tnica; y Francisco Garc\u00eda K\u00e1ram, director de OCV Hermosillo.<\/p>\n<p><strong>Fecha de publicaci\u00f3n 29 de septiembre de 2024<\/strong><\/p>\n","protected":false},"excerpt":{"rendered":"<p>HERMOSILLO, SONORA, MX. \u2014 Con cantos, danza, pintura facial y una explicaci\u00f3n de la historia&#8230;<\/p>\n","protected":false},"author":1,"featured_media":200192,"comment_status":"open","ping_status":"open","sticky":false,"template":"","format":"standard","meta":{"_monsterinsights_skip_tracking":false,"_monsterinsights_sitenote_active":false,"_monsterinsights_sitenote_note":"","_monsterinsights_sitenote_category":0,"footnotes":""},"categories":[4],"tags":[7497,35,6367,506],"class_list":["post"],"yoast_head":" \n<title>Sonora en Equipo. Inicia Kino Fest 2024 con representaci\u00f3n del A\u00f1o Nuevo Seri Municipios<\/title>\n<meta name=\"description\" content=\"HERMOSILLO, SONORA, MX. \u2014 Con cantos, danza, pintura facial y una explicaci\u00f3n de la historia de la comunidad Comc\u00e1ac, se realiz\u00f3 la representaci\u00f3n del A\u00f1o En Sonora en Equipo publicamos toda la informaci\u00f3n de Sonora, M\u00e9xico y el Mundo de manera oportuna y busca que la libertad de expresi\u00f3n sea real. Visita nuestro medio informativo publicado desde Hermosillo, Sonora. %\" \/>\n<meta name=\"robots\" content=\"index, follow, max-snippet:-1, max-image-preview:large, max-video-preview:-1\" \/>\n<link rel=\"canonical\" href=\"https:\/\/www.sonoraenequipo.com.mx\/inicia-kino-fest-2024-con-representacion-del-ano-nuevo-seri\/\" \/>\n<meta property=\"og:locale\" content=\"es_ES\" \/>\n<meta property=\"og:type\" content=\"article\" \/>\n<meta property=\"og:title\" content=\"Sonora en Equipo. Inicia Kino Fest 2024 con representaci\u00f3n del A\u00f1o Nuevo Seri Municipios\" \/>\n<meta property=\"og:description\" content=\"HERMOSILLO, SONORA, MX. \u2014 Con cantos, danza, pintura facial y una explicaci\u00f3n de la historia de la comunidad Comc\u00e1ac, se realiz\u00f3 la representaci\u00f3n del A\u00f1o En Sonora en Equipo publicamos toda la informaci\u00f3n de Sonora, M\u00e9xico y el Mundo de manera oportuna y busca que la libertad de expresi\u00f3n sea real. Visita nuestro medio informativo publicado desde Hermosillo, Sonora. %\" \/>\n<meta property=\"og:url\" content=\"https:\/\/www.sonoraenequipo.com.mx\/inicia-kino-fest-2024-con-representacion-del-ano-nuevo-seri\/\" \/>\n<meta property=\"og:site_name\" content=\"Sonora en Equipo.\" \/>\n<meta property=\"article:publisher\" content=\"https:\/\/www.facebook.com\/SonoraEE\/\" \/>\n<meta property=\"article:author\" content=\"https:\/\/www.facebook.com\/SonoraEE\" \/>\n<meta property=\"article:published_time\" content=\"2024-09-29T23:14:55+00:00\" \/>\n<meta property=\"og:image\" content=\"https:\/\/www.sonoraenequipo.com.mx\/storage\/2024\/09\/seris-mujeres.jpg\" \/>\n\t<meta property=\"og:image:width\" content=\"501\" \/>\n\t<meta property=\"og:image:height\" content=\"400\" \/>\n\t<meta property=\"og:image:type\" content=\"image\/jpeg\" \/>\n<meta name=\"author\" content=\"enequipo\" \/>\n<meta name=\"twitter:card\" content=\"summary_large_image\" \/>\n<meta name=\"twitter:creator\" content=\"@sonoraenequipo\" \/>\n<meta name=\"twitter:site\" content=\"@sonoraenequipo\" \/>\n<meta name=\"twitter:label1\" content=\"Escrito por\" \/>\n\t<meta name=\"twitter:data1\" content=\"enequipo\" \/>\n\t<meta name=\"twitter:label2\" content=\"Tiempo de lectura\" \/>\n\t<meta name=\"twitter:data2\" content=\"2 minutos\" \/>\n<script type=\"application\/ld+json\" class=\"yoast-schema-graph\">{\"@context\":\"https:\/\/schema.org\",\"@graph\":[{\"@type\":\"Article\",\"@id\":\"https:\/\/www.sonoraenequipo.com.mx\/inicia-kino-fest-2024-con-representacion-del-ano-nuevo-seri\/#article\",\"isPartOf\":{\"@id\":\"https:\/\/www.sonoraenequipo.com.mx\/inicia-kino-fest-2024-con-representacion-del-ano-nuevo-seri\/\"},\"author\":{\"name\":\"enequipo\",\"@id\":\"https:\/\/www.sonoraenequipo.com.mx\/#\/schema\/person\/50102df0fb23a8fa9e8effad8fa81386\"},\"headline\":\"Inicia Kino Fest 2024 con representaci\u00f3n del A\u00f1o Nuevo Seri\",\"datePublished\":\"2024-09-29T23:14:55+00:00\",\"mainEntityOfPage\":{\"@id\":\"https:\/\/www.sonoraenequipo.com.mx\/inicia-kino-fest-2024-con-representacion-del-ano-nuevo-seri\/\"},\"wordCount\":327,\"commentCount\":0,\"publisher\":{\"@id\":\"https:\/\/www.sonoraenequipo.com.mx\/#organization\"},\"image\":{\"@id\":\"https:\/\/www.sonoraenequipo.com.mx\/inicia-kino-fest-2024-con-representacion-del-ano-nuevo-seri\/#primaryimage\"},\"thumbnailUrl\":\"https:\/\/www.sonoraenequipo.com.mx\/storage\/2024\/09\/seris-mujeres.jpg\",\"keywords\":[\"2024\",\"hermosillo\",\"kino fest\",\"Seris\"],\"articleSection\":[\"Municipios\"],\"inLanguage\":\"es\",\"potentialAction\":[{\"@type\":\"CommentAction\",\"name\":\"Comment\",\"target\":[\"https:\/\/www.sonoraenequipo.com.mx\/inicia-kino-fest-2024-con-representacion-del-ano-nuevo-seri\/#respond\"]}]},{\"@type\":\"WebPage\",\"@id\":\"https:\/\/www.sonoraenequipo.com.mx\/inicia-kino-fest-2024-con-representacion-del-ano-nuevo-seri\/\",\"url\":\"https:\/\/www.sonoraenequipo.com.mx\/inicia-kino-fest-2024-con-representacion-del-ano-nuevo-seri\/\",\"name\":\"Sonora en Equipo. Inicia Kino Fest 2024 con representaci\u00f3n del A\u00f1o Nuevo Seri Municipios\",\"isPartOf\":{\"@id\":\"https:\/\/www.sonoraenequipo.com.mx\/#website\"},\"primaryImageOfPage\":{\"@id\":\"https:\/\/www.sonoraenequipo.com.mx\/inicia-kino-fest-2024-con-representacion-del-ano-nuevo-seri\/#primaryimage\"},\"image\":{\"@id\":\"https:\/\/www.sonoraenequipo.com.mx\/inicia-kino-fest-2024-con-representacion-del-ano-nuevo-seri\/#primaryimage\"},\"thumbnailUrl\":\"https:\/\/www.sonoraenequipo.com.mx\/storage\/2024\/09\/seris-mujeres.jpg\",\"datePublished\":\"2024-09-29T23:14:55+00:00\",\"description\":\"HERMOSILLO, SONORA, MX. \u2014 Con cantos, danza, pintura facial y una explicaci\u00f3n de la historia de la comunidad Comc\u00e1ac, se realiz\u00f3 la representaci\u00f3n del A\u00f1o En Sonora en Equipo publicamos toda la informaci\u00f3n de Sonora, M\u00e9xico y el Mundo de manera oportuna y busca que la libertad de expresi\u00f3n sea real. Visita nuestro medio informativo publicado desde Hermosillo, Sonora. %\",\"breadcrumb\":{\"@id\":\"https:\/\/www.sonoraenequipo.com.mx\/inicia-kino-fest-2024-con-representacion-del-ano-nuevo-seri\/#breadcrumb\"},\"inLanguage\":\"es\",\"potentialAction\":[{\"@type\":\"ReadAction\",\"target\":[\"https:\/\/www.sonoraenequipo.com.mx\/inicia-kino-fest-2024-con-representacion-del-ano-nuevo-seri\/\"]}]},{\"@type\":\"ImageObject\",\"inLanguage\":\"es\",\"@id\":\"https:\/\/www.sonoraenequipo.com.mx\/inicia-kino-fest-2024-con-representacion-del-ano-nuevo-seri\/#primaryimage\",\"url\":\"https:\/\/www.sonoraenequipo.com.mx\/storage\/2024\/09\/seris-mujeres.jpg\",\"contentUrl\":\"https:\/\/www.sonoraenequipo.com.mx\/storage\/2024\/09\/seris-mujeres.jpg\",\"width\":501,\"height\":400,\"caption\":\"Mujeres,Seris posan con el traje regional de la etnia as\u00ed como pintura en el rostro que identifica a la etnia comc\u00e1ac\"},{\"@type\":\"BreadcrumbList\",\"@id\":\"https:\/\/www.sonoraenequipo.com.mx\/inicia-kino-fest-2024-con-representacion-del-ano-nuevo-seri\/#breadcrumb\",\"itemListElement\":[{\"@type\":\"ListItem\",\"position\":1,\"name\":\"Portada\",\"item\":\"https:\/\/www.sonoraenequipo.com.mx\/\"},{\"@type\":\"ListItem\",\"position\":2,\"name\":\"Inicia Kino Fest 2024 con representaci\u00f3n del A\u00f1o Nuevo Seri\"}]},{\"@type\":\"WebSite\",\"@id\":\"https:\/\/www.sonoraenequipo.com.mx\/#website\",\"url\":\"https:\/\/www.sonoraenequipo.com.mx\/\",\"name\":\"Sonora en Equipo.\",\"description\":\"Diario en l\u00ednea con Noticias desde Hermosillo, Sonora\",\"publisher\":{\"@id\":\"https:\/\/www.sonoraenequipo.com.mx\/#organization\"},\"potentialAction\":[{\"@type\":\"SearchAction\",\"target\":{\"@type\":\"EntryPoint\",\"urlTemplate\":\"https:\/\/www.sonoraenequipo.com.mx\/?s={search_term_string}\"},\"query-input\":{\"@type\":\"PropertyValueSpecification\",\"valueRequired\":true,\"valueName\":\"search_term_string\"}}],\"inLanguage\":\"es\"},{\"@type\":\"Organization\",\"@id\":\"https:\/\/www.sonoraenequipo.com.mx\/#organization\",\"name\":\"Sonoraenequipo.com.mx\",\"url\":\"https:\/\/www.sonoraenequipo.com.mx\/\",\"logo\":{\"@type\":\"ImageObject\",\"inLanguage\":\"es\",\"@id\":\"https:\/\/www.sonoraenequipo.com.mx\/#\/schema\/logo\/image\/\",\"url\":\"https:\/\/www.sonoraenequipo.com.mx\/storage\/2019\/01\/sonoraenequipo_opt.png\",\"contentUrl\":\"https:\/\/www.sonoraenequipo.com.mx\/storage\/2019\/01\/sonoraenequipo_opt.png\",\"width\":375,\"height\":125,\"caption\":\"Sonoraenequipo.com.mx\"},\"image\":{\"@id\":\"https:\/\/www.sonoraenequipo.com.mx\/#\/schema\/logo\/image\/\"},\"sameAs\":[\"https:\/\/www.facebook.com\/SonoraEE\/\",\"https:\/\/x.com\/sonoraenequipo\",\"https:\/\/www.youtube.com\/channel\/UC338nW-lPEYmJQs4ZABQ1SQ\"]},{\"@type\":\"Person\",\"@id\":\"https:\/\/www.sonoraenequipo.com.mx\/#\/schema\/person\/50102df0fb23a8fa9e8effad8fa81386\",\"name\":\"enequipo\",\"image\":{\"@type\":\"ImageObject\",\"inLanguage\":\"es\",\"@id\":\"https:\/\/www.sonoraenequipo.com.mx\/#\/schema\/person\/image\/\",\"url\":\"https:\/\/secure.gravatar.com\/avatar\/049821681b589dabc0bc20695993ccebb09f5b5d4d790cd9251b97faac7c652b?s=96&d=blank&r=g\",\"contentUrl\":\"https:\/\/secure.gravatar.com\/avatar\/049821681b589dabc0bc20695993ccebb09f5b5d4d790cd9251b97faac7c652b?s=96&d=blank&r=g\",\"caption\":\"enequipo\"},\"sameAs\":[\"https:\/\/www.facebook.com\/SonoraEE\"]}]}<\/script>\n ","yoast_head_json":{"title":"Sonora en Equipo. Inicia Kino Fest 2024 con representaci\u00f3n del A\u00f1o Nuevo Seri Municipios","description":"HERMOSILLO, SONORA, MX. \u2014 Con cantos, danza, pintura facial y una explicaci\u00f3n de la historia de la comunidad Comc\u00e1ac, se realiz\u00f3 la representaci\u00f3n del A\u00f1o En Sonora en Equipo publicamos toda la informaci\u00f3n de Sonora, M\u00e9xico y el Mundo de manera oportuna y busca que la libertad de expresi\u00f3n sea real. Visita nuestro medio informativo publicado desde Hermosillo, Sonora. %","robots":{"index":"index","follow":"follow","max-snippet":"max-snippet:-1","max-image-preview":"max-image-preview:large","max-video-preview":"max-video-preview:-1"},"canonical":"https:\/\/www.sonoraenequipo.com.mx\/inicia-kino-fest-2024-con-representacion-del-ano-nuevo-seri\/","og_locale":"es_ES","og_type":"article","og_title":"Sonora en Equipo. Inicia Kino Fest 2024 con representaci\u00f3n del A\u00f1o Nuevo Seri Municipios","og_description":"HERMOSILLO, SONORA, MX. \u2014 Con cantos, danza, pintura facial y una explicaci\u00f3n de la historia de la comunidad Comc\u00e1ac, se realiz\u00f3 la representaci\u00f3n del A\u00f1o En Sonora en Equipo publicamos toda la informaci\u00f3n de Sonora, M\u00e9xico y el Mundo de manera oportuna y busca que la libertad de expresi\u00f3n sea real. Visita nuestro medio informativo publicado desde Hermosillo, Sonora. %","og_url":"https:\/\/www.sonoraenequipo.com.mx\/inicia-kino-fest-2024-con-representacion-del-ano-nuevo-seri\/","og_site_name":"Sonora en Equipo.","article_publisher":"https:\/\/www.facebook.com\/SonoraEE\/","article_author":"https:\/\/www.facebook.com\/SonoraEE","article_published_time":"2024-09-29T23:14:55+00:00","og_image":[{"width":501,"height":400,"url":"https:\/\/www.sonoraenequipo.com.mx\/storage\/2024\/09\/seris-mujeres.jpg","type":"image\/jpeg"}],"author":"enequipo","twitter_card":"summary_large_image","twitter_creator":"@sonoraenequipo","twitter_site":"@sonoraenequipo","twitter_misc":{"Escrito por":"enequipo","Tiempo de lectura":"2 minutos"},"schema":{"@context":"https:\/\/schema.org","@graph":[{"@type":"Article","@id":"https:\/\/www.sonoraenequipo.com.mx\/inicia-kino-fest-2024-con-representacion-del-ano-nuevo-seri\/#article","isPartOf":{"@id":"https:\/\/www.sonoraenequipo.com.mx\/inicia-kino-fest-2024-con-representacion-del-ano-nuevo-seri\/"},"author":{"name":"enequipo","@id":"https:\/\/www.sonoraenequipo.com.mx\/#\/schema\/person\/50102df0fb23a8fa9e8effad8fa81386"},"headline":"Inicia Kino Fest 2024 con representaci\u00f3n del A\u00f1o Nuevo Seri","datePublished":"2024-09-29T23:14:55+00:00","mainEntityOfPage":{"@id":"https:\/\/www.sonoraenequipo.com.mx\/inicia-kino-fest-2024-con-representacion-del-ano-nuevo-seri\/"},"wordCount":327,"commentCount":0,"publisher":{"@id":"https:\/\/www.sonoraenequipo.com.mx\/#organization"},"image":{"@id":"https:\/\/www.sonoraenequipo.com.mx\/inicia-kino-fest-2024-con-representacion-del-ano-nuevo-seri\/#primaryimage"},"thumbnailUrl":"https:\/\/www.sonoraenequipo.com.mx\/storage\/2024\/09\/seris-mujeres.jpg","keywords":["2024","hermosillo","kino fest","Seris"],"articleSection":["Municipios"],"inLanguage":"es","potentialAction":[{"@type":"CommentAction","name":"Comment","target":["https:\/\/www.sonoraenequipo.com.mx\/inicia-kino-fest-2024-con-representacion-del-ano-nuevo-seri\/#respond"]}]},{"@type":"WebPage","@id":"https:\/\/www.sonoraenequipo.com.mx\/inicia-kino-fest-2024-con-representacion-del-ano-nuevo-seri\/","url":"https:\/\/www.sonoraenequipo.com.mx\/inicia-kino-fest-2024-con-representacion-del-ano-nuevo-seri\/","name":"Sonora en Equipo. Inicia Kino Fest 2024 con representaci\u00f3n del A\u00f1o Nuevo Seri Municipios","isPartOf":{"@id":"https:\/\/www.sonoraenequipo.com.mx\/#website"},"primaryImageOfPage":{"@id":"https:\/\/www.sonoraenequipo.com.mx\/inicia-kino-fest-2024-con-representacion-del-ano-nuevo-seri\/#primaryimage"},"image":{"@id":"https:\/\/www.sonoraenequipo.com.mx\/inicia-kino-fest-2024-con-representacion-del-ano-nuevo-seri\/#primaryimage"},"thumbnailUrl":"https:\/\/www.sonoraenequipo.com.mx\/storage\/2024\/09\/seris-mujeres.jpg","datePublished":"2024-09-29T23:14:55+00:00","description":"HERMOSILLO, SONORA, MX. \u2014 Con cantos, danza, pintura facial y una explicaci\u00f3n de la historia de la comunidad Comc\u00e1ac, se realiz\u00f3 la representaci\u00f3n del A\u00f1o En Sonora en Equipo publicamos toda la informaci\u00f3n de Sonora, M\u00e9xico y el Mundo de manera oportuna y busca que la libertad de expresi\u00f3n sea real. Visita nuestro medio informativo publicado desde Hermosillo, Sonora. %","breadcrumb":{"@id":"https:\/\/www.sonoraenequipo.com.mx\/inicia-kino-fest-2024-con-representacion-del-ano-nuevo-seri\/#breadcrumb"},"inLanguage":"es","potentialAction":[{"@type":"ReadAction","target":["https:\/\/www.sonoraenequipo.com.mx\/inicia-kino-fest-2024-con-representacion-del-ano-nuevo-seri\/"]}]},{"@type":"ImageObject","inLanguage":"es","@id":"https:\/\/www.sonoraenequipo.com.mx\/inicia-kino-fest-2024-con-representacion-del-ano-nuevo-seri\/#primaryimage","url":"https:\/\/www.sonoraenequipo.com.mx\/storage\/2024\/09\/seris-mujeres.jpg","contentUrl":"https:\/\/www.sonoraenequipo.com.mx\/storage\/2024\/09\/seris-mujeres.jpg","width":501,"height":400,"caption":"Mujeres,Seris posan con el traje regional de la etnia as\u00ed como pintura en el rostro que identifica a la etnia comc\u00e1ac"},{"@type":"BreadcrumbList","@id":"https:\/\/www.sonoraenequipo.com.mx\/inicia-kino-fest-2024-con-representacion-del-ano-nuevo-seri\/#breadcrumb","itemListElement":[{"@type":"ListItem","position":1,"name":"Portada","item":"https:\/\/www.sonoraenequipo.com.mx\/"},{"@type":"ListItem","position":2,"name":"Inicia Kino Fest 2024 con representaci\u00f3n del A\u00f1o Nuevo Seri"}]},{"@type":"WebSite","@id":"https:\/\/www.sonoraenequipo.com.mx\/#website","url":"https:\/\/www.sonoraenequipo.com.mx\/","name":"Sonora en Equipo.","description":"Diario en l\u00ednea con Noticias desde Hermosillo, Sonora","publisher":{"@id":"https:\/\/www.sonoraenequipo.com.mx\/#organization"},"potentialAction":[{"@type":"SearchAction","target":{"@type":"EntryPoint","urlTemplate":"https:\/\/www.sonoraenequipo.com.mx\/?s={search_term_string}"},"query-input":{"@type":"PropertyValueSpecification","valueRequired":true,"valueName":"search_term_string"}}],"inLanguage":"es"},{"@type":"Organization","@id":"https:\/\/www.sonoraenequipo.com.mx\/#organization","name":"Sonoraenequipo.com.mx","url":"https:\/\/www.sonoraenequipo.com.mx\/","logo":{"@type":"ImageObject","inLanguage":"es","@id":"https:\/\/www.sonoraenequipo.com.mx\/#\/schema\/logo\/image\/","url":"https:\/\/www.sonoraenequipo.com.mx\/storage\/2019\/01\/sonoraenequipo_opt.png","contentUrl":"https:\/\/www.sonoraenequipo.com.mx\/storage\/2019\/01\/sonoraenequipo_opt.png","width":375,"height":125,"caption":"Sonoraenequipo.com.mx"},"image":{"@id":"https:\/\/www.sonoraenequipo.com.mx\/#\/schema\/logo\/image\/"},"sameAs":["https:\/\/www.facebook.com\/SonoraEE\/","https:\/\/x.com\/sonoraenequipo","https:\/\/www.youtube.com\/channel\/UC338nW-lPEYmJQs4ZABQ1SQ"]},{"@type":"Person","@id":"https:\/\/www.sonoraenequipo.com.mx\/#\/schema\/person\/50102df0fb23a8fa9e8effad8fa81386","name":"enequipo","image":{"@type":"ImageObject","inLanguage":"es","@id":"https:\/\/www.sonoraenequipo.com.mx\/#\/schema\/person\/image\/","url":"https:\/\/secure.gravatar.com\/avatar\/049821681b589dabc0bc20695993ccebb09f5b5d4d790cd9251b97faac7c652b?s=96&d=blank&r=g","contentUrl":"https:\/\/secure.gravatar.com\/avatar\/049821681b589dabc0bc20695993ccebb09f5b5d4d790cd9251b97faac7c652b?s=96&d=blank&r=g","caption":"enequipo"},"sameAs":["https:\/\/www.facebook.com\/SonoraEE"]}]}},"jetpack_featured_media_url":"https:\/\/www.sonoraenequipo.com.mx\/storage\/2024\/09\/seris-mujeres.jpg","_links":{"self":[{"href":"https:\/\/www.sonoraenequipo.com.mx\/api\/wp\/v2\/posts\/200191","targetHints":{"allow":["GET"]}}],"collection":[{"href":"https:\/\/www.sonoraenequipo.com.mx\/api\/wp\/v2\/posts"}],"about":[{"href":"https:\/\/www.sonoraenequipo.com.mx\/api\/wp\/v2\/types\/post"}],"author":[{"embeddable":true,"href":"https:\/\/www.sonoraenequipo.com.mx\/api\/wp\/v2\/users\/1"}],"replies":[{"embeddable":true,"href":"https:\/\/www.sonoraenequipo.com.mx\/api\/wp\/v2\/comments?post=200191"}],"version-history":[{"count":1,"href":"https:\/\/www.sonoraenequipo.com.mx\/api\/wp\/v2\/posts\/200191\/revisions"}],"predecessor-version":[{"id":200193,"href":"https:\/\/www.sonoraenequipo.com.mx\/api\/wp\/v2\/posts\/200191\/revisions\/200193"}],"wp:featuredmedia":[{"embeddable":true,"href":"https:\/\/www.sonoraenequipo.com.mx\/api\/wp\/v2\/media\/200192"}],"wp:attachment":[{"href":"https:\/\/www.sonoraenequipo.com.mx\/api\/wp\/v2\/media?parent=200191"}],"wp:term":[{"taxonomy":"category","embeddable":true,"href":"https:\/\/www.sonoraenequipo.com.mx\/api\/wp\/v2\/categories?post=200191"},{"taxonomy":"post_tag","embeddable":true,"href":"https:\/\/www.sonoraenequipo.com.mx\/api\/wp\/v2\/tags?post=200191"}],"curies":[{"name":"wp","href":"https:\/\/api.w.org\/{rel}","templated":true}]}}