{"id":200312,"date":"2024-10-01T13:14:10","date_gmt":"2024-10-01T20:14:10","guid":{"rendered":"https:\/\/www.sonoraenequipo.com.mx\/?p=200312"},"modified":"2024-10-01T13:14:10","modified_gmt":"2024-10-01T20:14:10","slug":"repuve-sonora-retomara-actividades-el-21-de-octubre-por-ajustes-operativos","status":"publish","type":"post","link":"https:\/\/www.sonoraenequipo.com.mx\/repuve-sonora-retomara-actividades-el-21-de-octubre-por-ajustes-operativos\/","title":{"rendered":"Repuve Sonora retomar\u00e1 actividades el 21 de octubre por ajustes operativos"},"content":{"rendered":"<p><strong>HERMOSILLO, SONORA, MX.<\/strong> \u2014Por un proceso de reorganizaci\u00f3n interna, los m\u00f3dulos del Registro P\u00fablico Vehicular (Repuve) en Sonora estar\u00e1n en receso del 2 al 21 de octubre del presente a\u00f1o, anunci\u00f3 la Secretar\u00eda de Seguridad P\u00fablica (SSP).<\/p>\n<p>&nbsp;<\/p>\n<p>&nbsp;<\/p>\n<p>&nbsp;<\/p>\n<p>Durante este lapso se realizar\u00e1n las acciones necesarias para continuar ofreciendo el servicio al p\u00fablico de inscripci\u00f3n y regularizaci\u00f3n de autos usados de procedencia extranjera.<\/p>\n<p>&nbsp;<\/p>\n<p>&nbsp;<\/p>\n<p>&nbsp;<\/p>\n<p>Una vez finalizada esta pausa se reanudar\u00e1 el trabajo con el apoyo de la unidad Itinerante para llegar a las y los ciudadanos de los 72 municipios que, por motivos de traslado a un m\u00f3dulo fijo de regularizaci\u00f3n, no pudieron realizar su tr\u00e1mite.<\/p>\n<p>&nbsp;<\/p>\n<p>&nbsp;<\/p>\n<p>&nbsp;<\/p>\n<p>En los pr\u00f3ximos d\u00edas se dar\u00e1 a conocer el calendario de la unidad m\u00f3vil del Repuve para los tr\u00e1mites de regularizaci\u00f3n y la ubicaci\u00f3n de los m\u00f3dulos fijos donde se atender\u00e1 la colocaci\u00f3n de constancias de inscripci\u00f3n de los tr\u00e1mites ordinarios, es decir, veh\u00edculos nacionales e importados que no cuentan con constancia u holograma.<\/p>\n<p>&nbsp;<\/p>\n<p>&nbsp;<\/p>\n<p>&nbsp;<\/p>\n<p>Al cierre del mes de septiembre del presente a\u00f1o se regularizaron 199 mil 762 veh\u00edculos usados de procedencia extranjera en Sonora.<\/p>\n<p>&nbsp;<\/p>\n<p>&nbsp;<\/p>\n<p>&nbsp;<\/p>\n<p>La reorganizaci\u00f3n deriva de la ampliaci\u00f3n de periodo de fecha que se anunci\u00f3 en el Diario Oficial de la Federaci\u00f3n (DOF), para seguir con este proceso de regularizaci\u00f3n hasta el 30 de septiembre de 2026.<\/p>\n<p><strong>Fecha de publicaci\u00f3n martes 1 de octubre de 2024<\/strong><\/p>\n","protected":false},"excerpt":{"rendered":"<p>HERMOSILLO, SONORA, MX. \u2014Por un proceso de reorganizaci\u00f3n interna, los m\u00f3dulos del Registro P\u00fablico Vehicular&#8230;<\/p>\n","protected":false},"author":1,"featured_media":115599,"comment_status":"open","ping_status":"open","sticky":false,"template":"","format":"standard","meta":{"_monsterinsights_skip_tracking":false,"_monsterinsights_sitenote_active":false,"_monsterinsights_sitenote_note":"","_monsterinsights_sitenote_category":0,"footnotes":""},"categories":[22],"tags":[6694,5768,15],"class_list":["post"],"yoast_head":" \n<title>Sonora en Equipo. Repuve Sonora retomar\u00e1 actividades el 21 de octubre por ajustes operativos Sonora<\/title>\n<meta name=\"description\" content=\"HERMOSILLO, SONORA, MX. \u2014Por un proceso de reorganizaci\u00f3n interna, los m\u00f3dulos del Registro P\u00fablico Vehicular (Repuve) en Sonora estar\u00e1n en receso del 2 En Sonora en Equipo publicamos toda la informaci\u00f3n de Sonora, M\u00e9xico y el Mundo de manera oportuna y busca que la libertad de expresi\u00f3n sea real. Visita nuestro medio informativo publicado desde Hermosillo, Sonora. %\" \/>\n<meta name=\"robots\" content=\"index, follow, max-snippet:-1, max-image-preview:large, max-video-preview:-1\" \/>\n<link rel=\"canonical\" href=\"https:\/\/www.sonoraenequipo.com.mx\/repuve-sonora-retomara-actividades-el-21-de-octubre-por-ajustes-operativos\/\" \/>\n<meta property=\"og:locale\" content=\"es_ES\" \/>\n<meta property=\"og:type\" content=\"article\" \/>\n<meta property=\"og:title\" content=\"Sonora en Equipo. Repuve Sonora retomar\u00e1 actividades el 21 de octubre por ajustes operativos Sonora\" \/>\n<meta property=\"og:description\" content=\"HERMOSILLO, SONORA, MX. \u2014Por un proceso de reorganizaci\u00f3n interna, los m\u00f3dulos del Registro P\u00fablico Vehicular (Repuve) en Sonora estar\u00e1n en receso del 2 En Sonora en Equipo publicamos toda la informaci\u00f3n de Sonora, M\u00e9xico y el Mundo de manera oportuna y busca que la libertad de expresi\u00f3n sea real. Visita nuestro medio informativo publicado desde Hermosillo, Sonora. %\" \/>\n<meta property=\"og:url\" content=\"https:\/\/www.sonoraenequipo.com.mx\/repuve-sonora-retomara-actividades-el-21-de-octubre-por-ajustes-operativos\/\" \/>\n<meta property=\"og:site_name\" content=\"Sonora en Equipo.\" \/>\n<meta property=\"article:publisher\" content=\"https:\/\/www.facebook.com\/SonoraEE\/\" \/>\n<meta property=\"article:author\" content=\"https:\/\/www.facebook.com\/SonoraEE\" \/>\n<meta property=\"article:published_time\" content=\"2024-10-01T20:14:10+00:00\" \/>\n<meta property=\"og:image\" content=\"https:\/\/www.sonoraenequipo.com.mx\/storage\/2021\/06\/repuve.jpg\" \/>\n\t<meta property=\"og:image:width\" content=\"700\" \/>\n\t<meta property=\"og:image:height\" content=\"400\" \/>\n\t<meta property=\"og:image:type\" content=\"image\/jpeg\" \/>\n<meta name=\"author\" content=\"enequipo\" \/>\n<meta name=\"twitter:card\" content=\"summary_large_image\" \/>\n<meta name=\"twitter:creator\" content=\"@sonoraenequipo\" \/>\n<meta name=\"twitter:site\" content=\"@sonoraenequipo\" \/>\n<meta name=\"twitter:label1\" content=\"Escrito por\" \/>\n\t<meta name=\"twitter:data1\" content=\"enequipo\" \/>\n\t<meta name=\"twitter:label2\" content=\"Tiempo de lectura\" \/>\n\t<meta name=\"twitter:data2\" content=\"1 minuto\" \/>\n<script type=\"application\/ld+json\" class=\"yoast-schema-graph\">{\"@context\":\"https:\/\/schema.org\",\"@graph\":[{\"@type\":\"Article\",\"@id\":\"https:\/\/www.sonoraenequipo.com.mx\/repuve-sonora-retomara-actividades-el-21-de-octubre-por-ajustes-operativos\/#article\",\"isPartOf\":{\"@id\":\"https:\/\/www.sonoraenequipo.com.mx\/repuve-sonora-retomara-actividades-el-21-de-octubre-por-ajustes-operativos\/\"},\"author\":{\"name\":\"enequipo\",\"@id\":\"https:\/\/www.sonoraenequipo.com.mx\/#\/schema\/person\/50102df0fb23a8fa9e8effad8fa81386\"},\"headline\":\"Repuve Sonora retomar\u00e1 actividades el 21 de octubre por ajustes operativos\",\"datePublished\":\"2024-10-01T20:14:10+00:00\",\"mainEntityOfPage\":{\"@id\":\"https:\/\/www.sonoraenequipo.com.mx\/repuve-sonora-retomara-actividades-el-21-de-octubre-por-ajustes-operativos\/\"},\"wordCount\":272,\"commentCount\":0,\"publisher\":{\"@id\":\"https:\/\/www.sonoraenequipo.com.mx\/#organization\"},\"image\":{\"@id\":\"https:\/\/www.sonoraenequipo.com.mx\/repuve-sonora-retomara-actividades-el-21-de-octubre-por-ajustes-operativos\/#primaryimage\"},\"thumbnailUrl\":\"https:\/\/www.sonoraenequipo.com.mx\/storage\/2021\/06\/repuve.jpg\",\"keywords\":[\"regularizaci\u00f3n\",\"repuve\",\"Sonora\"],\"articleSection\":[\"Sonora\"],\"inLanguage\":\"es\",\"potentialAction\":[{\"@type\":\"CommentAction\",\"name\":\"Comment\",\"target\":[\"https:\/\/www.sonoraenequipo.com.mx\/repuve-sonora-retomara-actividades-el-21-de-octubre-por-ajustes-operativos\/#respond\"]}]},{\"@type\":\"WebPage\",\"@id\":\"https:\/\/www.sonoraenequipo.com.mx\/repuve-sonora-retomara-actividades-el-21-de-octubre-por-ajustes-operativos\/\",\"url\":\"https:\/\/www.sonoraenequipo.com.mx\/repuve-sonora-retomara-actividades-el-21-de-octubre-por-ajustes-operativos\/\",\"name\":\"Sonora en Equipo. Repuve Sonora retomar\u00e1 actividades el 21 de octubre por ajustes operativos Sonora\",\"isPartOf\":{\"@id\":\"https:\/\/www.sonoraenequipo.com.mx\/#website\"},\"primaryImageOfPage\":{\"@id\":\"https:\/\/www.sonoraenequipo.com.mx\/repuve-sonora-retomara-actividades-el-21-de-octubre-por-ajustes-operativos\/#primaryimage\"},\"image\":{\"@id\":\"https:\/\/www.sonoraenequipo.com.mx\/repuve-sonora-retomara-actividades-el-21-de-octubre-por-ajustes-operativos\/#primaryimage\"},\"thumbnailUrl\":\"https:\/\/www.sonoraenequipo.com.mx\/storage\/2021\/06\/repuve.jpg\",\"datePublished\":\"2024-10-01T20:14:10+00:00\",\"description\":\"HERMOSILLO, SONORA, MX. \u2014Por un proceso de reorganizaci\u00f3n interna, los m\u00f3dulos del Registro P\u00fablico Vehicular (Repuve) en Sonora estar\u00e1n en receso del 2 En Sonora en Equipo publicamos toda la informaci\u00f3n de Sonora, M\u00e9xico y el Mundo de manera oportuna y busca que la libertad de expresi\u00f3n sea real. Visita nuestro medio informativo publicado desde Hermosillo, Sonora. %\",\"breadcrumb\":{\"@id\":\"https:\/\/www.sonoraenequipo.com.mx\/repuve-sonora-retomara-actividades-el-21-de-octubre-por-ajustes-operativos\/#breadcrumb\"},\"inLanguage\":\"es\",\"potentialAction\":[{\"@type\":\"ReadAction\",\"target\":[\"https:\/\/www.sonoraenequipo.com.mx\/repuve-sonora-retomara-actividades-el-21-de-octubre-por-ajustes-operativos\/\"]}]},{\"@type\":\"ImageObject\",\"inLanguage\":\"es\",\"@id\":\"https:\/\/www.sonoraenequipo.com.mx\/repuve-sonora-retomara-actividades-el-21-de-octubre-por-ajustes-operativos\/#primaryimage\",\"url\":\"https:\/\/www.sonoraenequipo.com.mx\/storage\/2021\/06\/repuve.jpg\",\"contentUrl\":\"https:\/\/www.sonoraenequipo.com.mx\/storage\/2021\/06\/repuve.jpg\",\"width\":700,\"height\":400},{\"@type\":\"BreadcrumbList\",\"@id\":\"https:\/\/www.sonoraenequipo.com.mx\/repuve-sonora-retomara-actividades-el-21-de-octubre-por-ajustes-operativos\/#breadcrumb\",\"itemListElement\":[{\"@type\":\"ListItem\",\"position\":1,\"name\":\"Portada\",\"item\":\"https:\/\/www.sonoraenequipo.com.mx\/\"},{\"@type\":\"ListItem\",\"position\":2,\"name\":\"Repuve Sonora retomar\u00e1 actividades el 21 de octubre por ajustes operativos\"}]},{\"@type\":\"WebSite\",\"@id\":\"https:\/\/www.sonoraenequipo.com.mx\/#website\",\"url\":\"https:\/\/www.sonoraenequipo.com.mx\/\",\"name\":\"Sonora en Equipo.\",\"description\":\"Diario en l\u00ednea con Noticias desde Hermosillo, Sonora\",\"publisher\":{\"@id\":\"https:\/\/www.sonoraenequipo.com.mx\/#organization\"},\"potentialAction\":[{\"@type\":\"SearchAction\",\"target\":{\"@type\":\"EntryPoint\",\"urlTemplate\":\"https:\/\/www.sonoraenequipo.com.mx\/?s={search_term_string}\"},\"query-input\":{\"@type\":\"PropertyValueSpecification\",\"valueRequired\":true,\"valueName\":\"search_term_string\"}}],\"inLanguage\":\"es\"},{\"@type\":\"Organization\",\"@id\":\"https:\/\/www.sonoraenequipo.com.mx\/#organization\",\"name\":\"Sonoraenequipo.com.mx\",\"url\":\"https:\/\/www.sonoraenequipo.com.mx\/\",\"logo\":{\"@type\":\"ImageObject\",\"inLanguage\":\"es\",\"@id\":\"https:\/\/www.sonoraenequipo.com.mx\/#\/schema\/logo\/image\/\",\"url\":\"https:\/\/www.sonoraenequipo.com.mx\/storage\/2019\/01\/sonoraenequipo_opt.png\",\"contentUrl\":\"https:\/\/www.sonoraenequipo.com.mx\/storage\/2019\/01\/sonoraenequipo_opt.png\",\"width\":375,\"height\":125,\"caption\":\"Sonoraenequipo.com.mx\"},\"image\":{\"@id\":\"https:\/\/www.sonoraenequipo.com.mx\/#\/schema\/logo\/image\/\"},\"sameAs\":[\"https:\/\/www.facebook.com\/SonoraEE\/\",\"https:\/\/x.com\/sonoraenequipo\",\"https:\/\/www.youtube.com\/channel\/UC338nW-lPEYmJQs4ZABQ1SQ\"]},{\"@type\":\"Person\",\"@id\":\"https:\/\/www.sonoraenequipo.com.mx\/#\/schema\/person\/50102df0fb23a8fa9e8effad8fa81386\",\"name\":\"enequipo\",\"image\":{\"@type\":\"ImageObject\",\"inLanguage\":\"es\",\"@id\":\"https:\/\/www.sonoraenequipo.com.mx\/#\/schema\/person\/image\/\",\"url\":\"https:\/\/secure.gravatar.com\/avatar\/049821681b589dabc0bc20695993ccebb09f5b5d4d790cd9251b97faac7c652b?s=96&d=blank&r=g\",\"contentUrl\":\"https:\/\/secure.gravatar.com\/avatar\/049821681b589dabc0bc20695993ccebb09f5b5d4d790cd9251b97faac7c652b?s=96&d=blank&r=g\",\"caption\":\"enequipo\"},\"sameAs\":[\"https:\/\/www.facebook.com\/SonoraEE\"]}]}<\/script>\n ","yoast_head_json":{"title":"Sonora en Equipo. Repuve Sonora retomar\u00e1 actividades el 21 de octubre por ajustes operativos Sonora","description":"HERMOSILLO, SONORA, MX. \u2014Por un proceso de reorganizaci\u00f3n interna, los m\u00f3dulos del Registro P\u00fablico Vehicular (Repuve) en Sonora estar\u00e1n en receso del 2 En Sonora en Equipo publicamos toda la informaci\u00f3n de Sonora, M\u00e9xico y el Mundo de manera oportuna y busca que la libertad de expresi\u00f3n sea real. Visita nuestro medio informativo publicado desde Hermosillo, Sonora. %","robots":{"index":"index","follow":"follow","max-snippet":"max-snippet:-1","max-image-preview":"max-image-preview:large","max-video-preview":"max-video-preview:-1"},"canonical":"https:\/\/www.sonoraenequipo.com.mx\/repuve-sonora-retomara-actividades-el-21-de-octubre-por-ajustes-operativos\/","og_locale":"es_ES","og_type":"article","og_title":"Sonora en Equipo. Repuve Sonora retomar\u00e1 actividades el 21 de octubre por ajustes operativos Sonora","og_description":"HERMOSILLO, SONORA, MX. \u2014Por un proceso de reorganizaci\u00f3n interna, los m\u00f3dulos del Registro P\u00fablico Vehicular (Repuve) en Sonora estar\u00e1n en receso del 2 En Sonora en Equipo publicamos toda la informaci\u00f3n de Sonora, M\u00e9xico y el Mundo de manera oportuna y busca que la libertad de expresi\u00f3n sea real. Visita nuestro medio informativo publicado desde Hermosillo, Sonora. %","og_url":"https:\/\/www.sonoraenequipo.com.mx\/repuve-sonora-retomara-actividades-el-21-de-octubre-por-ajustes-operativos\/","og_site_name":"Sonora en Equipo.","article_publisher":"https:\/\/www.facebook.com\/SonoraEE\/","article_author":"https:\/\/www.facebook.com\/SonoraEE","article_published_time":"2024-10-01T20:14:10+00:00","og_image":[{"width":700,"height":400,"url":"https:\/\/www.sonoraenequipo.com.mx\/storage\/2021\/06\/repuve.jpg","type":"image\/jpeg"}],"author":"enequipo","twitter_card":"summary_large_image","twitter_creator":"@sonoraenequipo","twitter_site":"@sonoraenequipo","twitter_misc":{"Escrito por":"enequipo","Tiempo de lectura":"1 minuto"},"schema":{"@context":"https:\/\/schema.org","@graph":[{"@type":"Article","@id":"https:\/\/www.sonoraenequipo.com.mx\/repuve-sonora-retomara-actividades-el-21-de-octubre-por-ajustes-operativos\/#article","isPartOf":{"@id":"https:\/\/www.sonoraenequipo.com.mx\/repuve-sonora-retomara-actividades-el-21-de-octubre-por-ajustes-operativos\/"},"author":{"name":"enequipo","@id":"https:\/\/www.sonoraenequipo.com.mx\/#\/schema\/person\/50102df0fb23a8fa9e8effad8fa81386"},"headline":"Repuve Sonora retomar\u00e1 actividades el 21 de octubre por ajustes operativos","datePublished":"2024-10-01T20:14:10+00:00","mainEntityOfPage":{"@id":"https:\/\/www.sonoraenequipo.com.mx\/repuve-sonora-retomara-actividades-el-21-de-octubre-por-ajustes-operativos\/"},"wordCount":272,"commentCount":0,"publisher":{"@id":"https:\/\/www.sonoraenequipo.com.mx\/#organization"},"image":{"@id":"https:\/\/www.sonoraenequipo.com.mx\/repuve-sonora-retomara-actividades-el-21-de-octubre-por-ajustes-operativos\/#primaryimage"},"thumbnailUrl":"https:\/\/www.sonoraenequipo.com.mx\/storage\/2021\/06\/repuve.jpg","keywords":["regularizaci\u00f3n","repuve","Sonora"],"articleSection":["Sonora"],"inLanguage":"es","potentialAction":[{"@type":"CommentAction","name":"Comment","target":["https:\/\/www.sonoraenequipo.com.mx\/repuve-sonora-retomara-actividades-el-21-de-octubre-por-ajustes-operativos\/#respond"]}]},{"@type":"WebPage","@id":"https:\/\/www.sonoraenequipo.com.mx\/repuve-sonora-retomara-actividades-el-21-de-octubre-por-ajustes-operativos\/","url":"https:\/\/www.sonoraenequipo.com.mx\/repuve-sonora-retomara-actividades-el-21-de-octubre-por-ajustes-operativos\/","name":"Sonora en Equipo. Repuve Sonora retomar\u00e1 actividades el 21 de octubre por ajustes operativos Sonora","isPartOf":{"@id":"https:\/\/www.sonoraenequipo.com.mx\/#website"},"primaryImageOfPage":{"@id":"https:\/\/www.sonoraenequipo.com.mx\/repuve-sonora-retomara-actividades-el-21-de-octubre-por-ajustes-operativos\/#primaryimage"},"image":{"@id":"https:\/\/www.sonoraenequipo.com.mx\/repuve-sonora-retomara-actividades-el-21-de-octubre-por-ajustes-operativos\/#primaryimage"},"thumbnailUrl":"https:\/\/www.sonoraenequipo.com.mx\/storage\/2021\/06\/repuve.jpg","datePublished":"2024-10-01T20:14:10+00:00","description":"HERMOSILLO, SONORA, MX. \u2014Por un proceso de reorganizaci\u00f3n interna, los m\u00f3dulos del Registro P\u00fablico Vehicular (Repuve) en Sonora estar\u00e1n en receso del 2 En Sonora en Equipo publicamos toda la informaci\u00f3n de Sonora, M\u00e9xico y el Mundo de manera oportuna y busca que la libertad de expresi\u00f3n sea real. Visita nuestro medio informativo publicado desde Hermosillo, Sonora. %","breadcrumb":{"@id":"https:\/\/www.sonoraenequipo.com.mx\/repuve-sonora-retomara-actividades-el-21-de-octubre-por-ajustes-operativos\/#breadcrumb"},"inLanguage":"es","potentialAction":[{"@type":"ReadAction","target":["https:\/\/www.sonoraenequipo.com.mx\/repuve-sonora-retomara-actividades-el-21-de-octubre-por-ajustes-operativos\/"]}]},{"@type":"ImageObject","inLanguage":"es","@id":"https:\/\/www.sonoraenequipo.com.mx\/repuve-sonora-retomara-actividades-el-21-de-octubre-por-ajustes-operativos\/#primaryimage","url":"https:\/\/www.sonoraenequipo.com.mx\/storage\/2021\/06\/repuve.jpg","contentUrl":"https:\/\/www.sonoraenequipo.com.mx\/storage\/2021\/06\/repuve.jpg","width":700,"height":400},{"@type":"BreadcrumbList","@id":"https:\/\/www.sonoraenequipo.com.mx\/repuve-sonora-retomara-actividades-el-21-de-octubre-por-ajustes-operativos\/#breadcrumb","itemListElement":[{"@type":"ListItem","position":1,"name":"Portada","item":"https:\/\/www.sonoraenequipo.com.mx\/"},{"@type":"ListItem","position":2,"name":"Repuve Sonora retomar\u00e1 actividades el 21 de octubre por ajustes operativos"}]},{"@type":"WebSite","@id":"https:\/\/www.sonoraenequipo.com.mx\/#website","url":"https:\/\/www.sonoraenequipo.com.mx\/","name":"Sonora en Equipo.","description":"Diario en l\u00ednea con Noticias desde Hermosillo, Sonora","publisher":{"@id":"https:\/\/www.sonoraenequipo.com.mx\/#organization"},"potentialAction":[{"@type":"SearchAction","target":{"@type":"EntryPoint","urlTemplate":"https:\/\/www.sonoraenequipo.com.mx\/?s={search_term_string}"},"query-input":{"@type":"PropertyValueSpecification","valueRequired":true,"valueName":"search_term_string"}}],"inLanguage":"es"},{"@type":"Organization","@id":"https:\/\/www.sonoraenequipo.com.mx\/#organization","name":"Sonoraenequipo.com.mx","url":"https:\/\/www.sonoraenequipo.com.mx\/","logo":{"@type":"ImageObject","inLanguage":"es","@id":"https:\/\/www.sonoraenequipo.com.mx\/#\/schema\/logo\/image\/","url":"https:\/\/www.sonoraenequipo.com.mx\/storage\/2019\/01\/sonoraenequipo_opt.png","contentUrl":"https:\/\/www.sonoraenequipo.com.mx\/storage\/2019\/01\/sonoraenequipo_opt.png","width":375,"height":125,"caption":"Sonoraenequipo.com.mx"},"image":{"@id":"https:\/\/www.sonoraenequipo.com.mx\/#\/schema\/logo\/image\/"},"sameAs":["https:\/\/www.facebook.com\/SonoraEE\/","https:\/\/x.com\/sonoraenequipo","https:\/\/www.youtube.com\/channel\/UC338nW-lPEYmJQs4ZABQ1SQ"]},{"@type":"Person","@id":"https:\/\/www.sonoraenequipo.com.mx\/#\/schema\/person\/50102df0fb23a8fa9e8effad8fa81386","name":"enequipo","image":{"@type":"ImageObject","inLanguage":"es","@id":"https:\/\/www.sonoraenequipo.com.mx\/#\/schema\/person\/image\/","url":"https:\/\/secure.gravatar.com\/avatar\/049821681b589dabc0bc20695993ccebb09f5b5d4d790cd9251b97faac7c652b?s=96&d=blank&r=g","contentUrl":"https:\/\/secure.gravatar.com\/avatar\/049821681b589dabc0bc20695993ccebb09f5b5d4d790cd9251b97faac7c652b?s=96&d=blank&r=g","caption":"enequipo"},"sameAs":["https:\/\/www.facebook.com\/SonoraEE"]}]}},"jetpack_featured_media_url":"https:\/\/www.sonoraenequipo.com.mx\/storage\/2021\/06\/repuve.jpg","_links":{"self":[{"href":"https:\/\/www.sonoraenequipo.com.mx\/api\/wp\/v2\/posts\/200312","targetHints":{"allow":["GET"]}}],"collection":[{"href":"https:\/\/www.sonoraenequipo.com.mx\/api\/wp\/v2\/posts"}],"about":[{"href":"https:\/\/www.sonoraenequipo.com.mx\/api\/wp\/v2\/types\/post"}],"author":[{"embeddable":true,"href":"https:\/\/www.sonoraenequipo.com.mx\/api\/wp\/v2\/users\/1"}],"replies":[{"embeddable":true,"href":"https:\/\/www.sonoraenequipo.com.mx\/api\/wp\/v2\/comments?post=200312"}],"version-history":[{"count":1,"href":"https:\/\/www.sonoraenequipo.com.mx\/api\/wp\/v2\/posts\/200312\/revisions"}],"predecessor-version":[{"id":200313,"href":"https:\/\/www.sonoraenequipo.com.mx\/api\/wp\/v2\/posts\/200312\/revisions\/200313"}],"wp:featuredmedia":[{"embeddable":true,"href":"https:\/\/www.sonoraenequipo.com.mx\/api\/wp\/v2\/media\/115599"}],"wp:attachment":[{"href":"https:\/\/www.sonoraenequipo.com.mx\/api\/wp\/v2\/media?parent=200312"}],"wp:term":[{"taxonomy":"category","embeddable":true,"href":"https:\/\/www.sonoraenequipo.com.mx\/api\/wp\/v2\/categories?post=200312"},{"taxonomy":"post_tag","embeddable":true,"href":"https:\/\/www.sonoraenequipo.com.mx\/api\/wp\/v2\/tags?post=200312"}],"curies":[{"name":"wp","href":"https:\/\/api.w.org\/{rel}","templated":true}]}}