{"id":200320,"date":"2024-10-01T17:18:00","date_gmt":"2024-10-02T00:18:00","guid":{"rendered":"https:\/\/www.sonoraenequipo.com.mx\/?p=200320"},"modified":"2024-10-02T09:43:50","modified_gmt":"2024-10-02T16:43:50","slug":"felicita-gobernador-durazo-a-presidenta-sheinbaum-y-agradece-respaldo-a-proyectos-estrategicos-en-sonora","status":"publish","type":"post","link":"https:\/\/www.sonoraenequipo.com.mx\/felicita-gobernador-durazo-a-presidenta-sheinbaum-y-agradece-respaldo-a-proyectos-estrategicos-en-sonora\/","title":{"rendered":"Felicita Gobernador Durazo a Presidenta Sheinbaum y agradece respaldo a proyectos estrat\u00e9gicos en Sonora"},"content":{"rendered":"<p><strong>CIUDAD DE M\u00c9XICO.<\/strong><strong> \u0336 \u0336\u00a0 <\/strong>En un momento hist\u00f3rico para el pa\u00eds, inici\u00f3 el gobierno de la presidenta Claudia Sheinbaum Pardo, quien se ha apropiado de proyectos como el Plan Sonora y los Planes de Justicia, con lo que Sonora comienza una nueva etapa de transformaci\u00f3n encaminada al desarrollo y prosperidad social, asegur\u00f3 el gobernador Alfonso Durazo Monta\u00f1o, al reafirmar su compromiso de trabajar coordinadamente con el Gobierno de M\u00e9xico.<\/p>\n<p>El mandatario estatal, presente en la toma de posesi\u00f3n de Claudia Sheinbaum Pardo como presienta constitucional de los Estados Unidos Mexicanos, calific\u00f3 como un hito para la historia de la Naci\u00f3n, la ceremonia de investidura de la primera mujer que ocupar\u00e1 la presidencia de la Rep\u00fablica.<\/p>\n<p>En el marco de la toma de protesta, el titular del Ejecutivo estatal expres\u00f3 su respaldo total a la nueva mandataria federal y agradeci\u00f3 la continuidad a los proyectos estrat\u00e9gicos para la entidad sonorense impulsados durante la administraci\u00f3n de Andr\u00e9s Manuel L\u00f3pez Obrador.<\/p>\n<p>\u00abCon Claudia Sheinbaum al frente del pa\u00eds, Sonora continuar\u00e1 siendo un polo de desarrollo clave en M\u00e9xico\u00bb, asegur\u00f3 Durazo, destacando el trabajo conjunto que ambos llevar\u00e1n a cabo en los pr\u00f3ximos a\u00f1os.<\/p>\n<p>El gobernador Durazo Monta\u00f1o subray\u00f3 que el inicio de Sheinbaum Pardo en la presidencia, garantiza la continuidad del Plan Sonora de Energ\u00edas Sostenibles, los proyectos de infraestructura, y los Planes de Justicia para los Pueblos Originarios, esenciales para el desarrollo econ\u00f3mico y social del estado.<\/p>\n<p><strong>Fecha de publicaci\u00f3n martes 1 de octubre de 2024<\/strong><\/p>\n","protected":false},"excerpt":{"rendered":"<p>CIUDAD DE M\u00c9XICO. \u0336 \u0336\u00a0 En un momento hist\u00f3rico para el pa\u00eds, inici\u00f3 el gobierno&#8230;<\/p>\n","protected":false},"author":1,"featured_media":200363,"comment_status":"open","ping_status":"open","sticky":false,"template":"","format":"standard","meta":{"_monsterinsights_skip_tracking":false,"_monsterinsights_sitenote_active":false,"_monsterinsights_sitenote_note":"","_monsterinsights_sitenote_category":0,"footnotes":""},"categories":[22],"tags":[72,2448],"class_list":["post"],"yoast_head":" \n<title>Sonora en Equipo. Felicita Gobernador Durazo a Presidenta Sheinbaum y agradece respaldo a proyectos estrat\u00e9gicos en Sonora Sonora<\/title>\n<meta name=\"description\" content=\"CIUDAD DE M\u00c9XICO. \u0336 \u0336\u00a0 En un momento hist\u00f3rico para el pa\u00eds, inici\u00f3 el gobierno de la presidenta Claudia Sheinbaum Pardo, quien se ha apropiado de En Sonora en Equipo publicamos toda la informaci\u00f3n de Sonora, M\u00e9xico y el Mundo de manera oportuna y busca que la libertad de expresi\u00f3n sea real. Visita nuestro medio informativo publicado desde Hermosillo, Sonora. %\" \/>\n<meta name=\"robots\" content=\"index, follow, max-snippet:-1, max-image-preview:large, max-video-preview:-1\" \/>\n<link rel=\"canonical\" href=\"https:\/\/www.sonoraenequipo.com.mx\/felicita-gobernador-durazo-a-presidenta-sheinbaum-y-agradece-respaldo-a-proyectos-estrategicos-en-sonora\/\" \/>\n<meta property=\"og:locale\" content=\"es_ES\" \/>\n<meta property=\"og:type\" content=\"article\" \/>\n<meta property=\"og:title\" content=\"Sonora en Equipo. Felicita Gobernador Durazo a Presidenta Sheinbaum y agradece respaldo a proyectos estrat\u00e9gicos en Sonora Sonora\" \/>\n<meta property=\"og:description\" content=\"CIUDAD DE M\u00c9XICO. \u0336 \u0336\u00a0 En un momento hist\u00f3rico para el pa\u00eds, inici\u00f3 el gobierno de la presidenta Claudia Sheinbaum Pardo, quien se ha apropiado de En Sonora en Equipo publicamos toda la informaci\u00f3n de Sonora, M\u00e9xico y el Mundo de manera oportuna y busca que la libertad de expresi\u00f3n sea real. Visita nuestro medio informativo publicado desde Hermosillo, Sonora. %\" \/>\n<meta property=\"og:url\" content=\"https:\/\/www.sonoraenequipo.com.mx\/felicita-gobernador-durazo-a-presidenta-sheinbaum-y-agradece-respaldo-a-proyectos-estrategicos-en-sonora\/\" \/>\n<meta property=\"og:site_name\" content=\"Sonora en Equipo.\" \/>\n<meta property=\"article:publisher\" content=\"https:\/\/www.facebook.com\/SonoraEE\/\" \/>\n<meta property=\"article:author\" content=\"https:\/\/www.facebook.com\/SonoraEE\" \/>\n<meta property=\"article:published_time\" content=\"2024-10-02T00:18:00+00:00\" \/>\n<meta property=\"article:modified_time\" content=\"2024-10-02T16:43:50+00:00\" \/>\n<meta property=\"og:image\" content=\"https:\/\/www.sonoraenequipo.com.mx\/storage\/2024\/10\/Gobernadores-de-Mexico-con-Claudia-Sheinbaum.jpg-min.jpg\" \/>\n\t<meta property=\"og:image:width\" content=\"1200\" \/>\n\t<meta property=\"og:image:height\" content=\"799\" \/>\n\t<meta property=\"og:image:type\" content=\"image\/jpeg\" \/>\n<meta name=\"author\" content=\"enequipo\" \/>\n<meta name=\"twitter:card\" content=\"summary_large_image\" \/>\n<meta name=\"twitter:creator\" content=\"@sonoraenequipo\" \/>\n<meta name=\"twitter:site\" content=\"@sonoraenequipo\" \/>\n<meta name=\"twitter:label1\" content=\"Escrito por\" \/>\n\t<meta name=\"twitter:data1\" content=\"enequipo\" \/>\n\t<meta name=\"twitter:label2\" content=\"Tiempo de lectura\" \/>\n\t<meta name=\"twitter:data2\" content=\"1 minuto\" \/>\n<script type=\"application\/ld+json\" class=\"yoast-schema-graph\">{\"@context\":\"https:\/\/schema.org\",\"@graph\":[{\"@type\":\"Article\",\"@id\":\"https:\/\/www.sonoraenequipo.com.mx\/felicita-gobernador-durazo-a-presidenta-sheinbaum-y-agradece-respaldo-a-proyectos-estrategicos-en-sonora\/#article\",\"isPartOf\":{\"@id\":\"https:\/\/www.sonoraenequipo.com.mx\/felicita-gobernador-durazo-a-presidenta-sheinbaum-y-agradece-respaldo-a-proyectos-estrategicos-en-sonora\/\"},\"author\":{\"name\":\"enequipo\",\"@id\":\"https:\/\/www.sonoraenequipo.com.mx\/#\/schema\/person\/50102df0fb23a8fa9e8effad8fa81386\"},\"headline\":\"Felicita Gobernador Durazo a Presidenta Sheinbaum y agradece respaldo a proyectos estrat\u00e9gicos en Sonora\",\"datePublished\":\"2024-10-02T00:18:00+00:00\",\"dateModified\":\"2024-10-02T16:43:50+00:00\",\"mainEntityOfPage\":{\"@id\":\"https:\/\/www.sonoraenequipo.com.mx\/felicita-gobernador-durazo-a-presidenta-sheinbaum-y-agradece-respaldo-a-proyectos-estrategicos-en-sonora\/\"},\"wordCount\":278,\"commentCount\":0,\"publisher\":{\"@id\":\"https:\/\/www.sonoraenequipo.com.mx\/#organization\"},\"image\":{\"@id\":\"https:\/\/www.sonoraenequipo.com.mx\/felicita-gobernador-durazo-a-presidenta-sheinbaum-y-agradece-respaldo-a-proyectos-estrategicos-en-sonora\/#primaryimage\"},\"thumbnailUrl\":\"https:\/\/www.sonoraenequipo.com.mx\/storage\/2024\/10\/Gobernadores-de-Mexico-con-Claudia-Sheinbaum.jpg-min.jpg\",\"keywords\":[\"gobierno de sonora\",\"Sheinbaum\"],\"articleSection\":[\"Sonora\"],\"inLanguage\":\"es\",\"potentialAction\":[{\"@type\":\"CommentAction\",\"name\":\"Comment\",\"target\":[\"https:\/\/www.sonoraenequipo.com.mx\/felicita-gobernador-durazo-a-presidenta-sheinbaum-y-agradece-respaldo-a-proyectos-estrategicos-en-sonora\/#respond\"]}]},{\"@type\":\"WebPage\",\"@id\":\"https:\/\/www.sonoraenequipo.com.mx\/felicita-gobernador-durazo-a-presidenta-sheinbaum-y-agradece-respaldo-a-proyectos-estrategicos-en-sonora\/\",\"url\":\"https:\/\/www.sonoraenequipo.com.mx\/felicita-gobernador-durazo-a-presidenta-sheinbaum-y-agradece-respaldo-a-proyectos-estrategicos-en-sonora\/\",\"name\":\"Sonora en Equipo. Felicita Gobernador Durazo a Presidenta Sheinbaum y agradece respaldo a proyectos estrat\u00e9gicos en Sonora Sonora\",\"isPartOf\":{\"@id\":\"https:\/\/www.sonoraenequipo.com.mx\/#website\"},\"primaryImageOfPage\":{\"@id\":\"https:\/\/www.sonoraenequipo.com.mx\/felicita-gobernador-durazo-a-presidenta-sheinbaum-y-agradece-respaldo-a-proyectos-estrategicos-en-sonora\/#primaryimage\"},\"image\":{\"@id\":\"https:\/\/www.sonoraenequipo.com.mx\/felicita-gobernador-durazo-a-presidenta-sheinbaum-y-agradece-respaldo-a-proyectos-estrategicos-en-sonora\/#primaryimage\"},\"thumbnailUrl\":\"https:\/\/www.sonoraenequipo.com.mx\/storage\/2024\/10\/Gobernadores-de-Mexico-con-Claudia-Sheinbaum.jpg-min.jpg\",\"datePublished\":\"2024-10-02T00:18:00+00:00\",\"dateModified\":\"2024-10-02T16:43:50+00:00\",\"description\":\"CIUDAD DE M\u00c9XICO. \u0336 \u0336\u00a0 En un momento hist\u00f3rico para el pa\u00eds, inici\u00f3 el gobierno de la presidenta Claudia Sheinbaum Pardo, quien se ha apropiado de En Sonora en Equipo publicamos toda la informaci\u00f3n de Sonora, M\u00e9xico y el Mundo de manera oportuna y busca que la libertad de expresi\u00f3n sea real. Visita nuestro medio informativo publicado desde Hermosillo, Sonora. %\",\"breadcrumb\":{\"@id\":\"https:\/\/www.sonoraenequipo.com.mx\/felicita-gobernador-durazo-a-presidenta-sheinbaum-y-agradece-respaldo-a-proyectos-estrategicos-en-sonora\/#breadcrumb\"},\"inLanguage\":\"es\",\"potentialAction\":[{\"@type\":\"ReadAction\",\"target\":[\"https:\/\/www.sonoraenequipo.com.mx\/felicita-gobernador-durazo-a-presidenta-sheinbaum-y-agradece-respaldo-a-proyectos-estrategicos-en-sonora\/\"]}]},{\"@type\":\"ImageObject\",\"inLanguage\":\"es\",\"@id\":\"https:\/\/www.sonoraenequipo.com.mx\/felicita-gobernador-durazo-a-presidenta-sheinbaum-y-agradece-respaldo-a-proyectos-estrategicos-en-sonora\/#primaryimage\",\"url\":\"https:\/\/www.sonoraenequipo.com.mx\/storage\/2024\/10\/Gobernadores-de-Mexico-con-Claudia-Sheinbaum.jpg-min.jpg\",\"contentUrl\":\"https:\/\/www.sonoraenequipo.com.mx\/storage\/2024\/10\/Gobernadores-de-Mexico-con-Claudia-Sheinbaum.jpg-min.jpg\",\"width\":1200,\"height\":799},{\"@type\":\"BreadcrumbList\",\"@id\":\"https:\/\/www.sonoraenequipo.com.mx\/felicita-gobernador-durazo-a-presidenta-sheinbaum-y-agradece-respaldo-a-proyectos-estrategicos-en-sonora\/#breadcrumb\",\"itemListElement\":[{\"@type\":\"ListItem\",\"position\":1,\"name\":\"Portada\",\"item\":\"https:\/\/www.sonoraenequipo.com.mx\/\"},{\"@type\":\"ListItem\",\"position\":2,\"name\":\"Felicita Gobernador Durazo a Presidenta Sheinbaum y agradece respaldo a proyectos estrat\u00e9gicos en Sonora\"}]},{\"@type\":\"WebSite\",\"@id\":\"https:\/\/www.sonoraenequipo.com.mx\/#website\",\"url\":\"https:\/\/www.sonoraenequipo.com.mx\/\",\"name\":\"Sonora en Equipo.\",\"description\":\"Diario en l\u00ednea con Noticias desde Hermosillo, Sonora\",\"publisher\":{\"@id\":\"https:\/\/www.sonoraenequipo.com.mx\/#organization\"},\"potentialAction\":[{\"@type\":\"SearchAction\",\"target\":{\"@type\":\"EntryPoint\",\"urlTemplate\":\"https:\/\/www.sonoraenequipo.com.mx\/?s={search_term_string}\"},\"query-input\":{\"@type\":\"PropertyValueSpecification\",\"valueRequired\":true,\"valueName\":\"search_term_string\"}}],\"inLanguage\":\"es\"},{\"@type\":\"Organization\",\"@id\":\"https:\/\/www.sonoraenequipo.com.mx\/#organization\",\"name\":\"Sonoraenequipo.com.mx\",\"url\":\"https:\/\/www.sonoraenequipo.com.mx\/\",\"logo\":{\"@type\":\"ImageObject\",\"inLanguage\":\"es\",\"@id\":\"https:\/\/www.sonoraenequipo.com.mx\/#\/schema\/logo\/image\/\",\"url\":\"https:\/\/www.sonoraenequipo.com.mx\/storage\/2019\/01\/sonoraenequipo_opt.png\",\"contentUrl\":\"https:\/\/www.sonoraenequipo.com.mx\/storage\/2019\/01\/sonoraenequipo_opt.png\",\"width\":375,\"height\":125,\"caption\":\"Sonoraenequipo.com.mx\"},\"image\":{\"@id\":\"https:\/\/www.sonoraenequipo.com.mx\/#\/schema\/logo\/image\/\"},\"sameAs\":[\"https:\/\/www.facebook.com\/SonoraEE\/\",\"https:\/\/x.com\/sonoraenequipo\",\"https:\/\/www.youtube.com\/channel\/UC338nW-lPEYmJQs4ZABQ1SQ\"]},{\"@type\":\"Person\",\"@id\":\"https:\/\/www.sonoraenequipo.com.mx\/#\/schema\/person\/50102df0fb23a8fa9e8effad8fa81386\",\"name\":\"enequipo\",\"image\":{\"@type\":\"ImageObject\",\"inLanguage\":\"es\",\"@id\":\"https:\/\/www.sonoraenequipo.com.mx\/#\/schema\/person\/image\/\",\"url\":\"https:\/\/secure.gravatar.com\/avatar\/049821681b589dabc0bc20695993ccebb09f5b5d4d790cd9251b97faac7c652b?s=96&d=blank&r=g\",\"contentUrl\":\"https:\/\/secure.gravatar.com\/avatar\/049821681b589dabc0bc20695993ccebb09f5b5d4d790cd9251b97faac7c652b?s=96&d=blank&r=g\",\"caption\":\"enequipo\"},\"sameAs\":[\"https:\/\/www.facebook.com\/SonoraEE\"]}]}<\/script>\n ","yoast_head_json":{"title":"Sonora en Equipo. Felicita Gobernador Durazo a Presidenta Sheinbaum y agradece respaldo a proyectos estrat\u00e9gicos en Sonora Sonora","description":"CIUDAD DE M\u00c9XICO. \u0336 \u0336\u00a0 En un momento hist\u00f3rico para el pa\u00eds, inici\u00f3 el gobierno de la presidenta Claudia Sheinbaum Pardo, quien se ha apropiado de En Sonora en Equipo publicamos toda la informaci\u00f3n de Sonora, M\u00e9xico y el Mundo de manera oportuna y busca que la libertad de expresi\u00f3n sea real. Visita nuestro medio informativo publicado desde Hermosillo, Sonora. %","robots":{"index":"index","follow":"follow","max-snippet":"max-snippet:-1","max-image-preview":"max-image-preview:large","max-video-preview":"max-video-preview:-1"},"canonical":"https:\/\/www.sonoraenequipo.com.mx\/felicita-gobernador-durazo-a-presidenta-sheinbaum-y-agradece-respaldo-a-proyectos-estrategicos-en-sonora\/","og_locale":"es_ES","og_type":"article","og_title":"Sonora en Equipo. Felicita Gobernador Durazo a Presidenta Sheinbaum y agradece respaldo a proyectos estrat\u00e9gicos en Sonora Sonora","og_description":"CIUDAD DE M\u00c9XICO. \u0336 \u0336\u00a0 En un momento hist\u00f3rico para el pa\u00eds, inici\u00f3 el gobierno de la presidenta Claudia Sheinbaum Pardo, quien se ha apropiado de En Sonora en Equipo publicamos toda la informaci\u00f3n de Sonora, M\u00e9xico y el Mundo de manera oportuna y busca que la libertad de expresi\u00f3n sea real. Visita nuestro medio informativo publicado desde Hermosillo, Sonora. %","og_url":"https:\/\/www.sonoraenequipo.com.mx\/felicita-gobernador-durazo-a-presidenta-sheinbaum-y-agradece-respaldo-a-proyectos-estrategicos-en-sonora\/","og_site_name":"Sonora en Equipo.","article_publisher":"https:\/\/www.facebook.com\/SonoraEE\/","article_author":"https:\/\/www.facebook.com\/SonoraEE","article_published_time":"2024-10-02T00:18:00+00:00","article_modified_time":"2024-10-02T16:43:50+00:00","og_image":[{"width":1200,"height":799,"url":"https:\/\/www.sonoraenequipo.com.mx\/storage\/2024\/10\/Gobernadores-de-Mexico-con-Claudia-Sheinbaum.jpg-min.jpg","type":"image\/jpeg"}],"author":"enequipo","twitter_card":"summary_large_image","twitter_creator":"@sonoraenequipo","twitter_site":"@sonoraenequipo","twitter_misc":{"Escrito por":"enequipo","Tiempo de lectura":"1 minuto"},"schema":{"@context":"https:\/\/schema.org","@graph":[{"@type":"Article","@id":"https:\/\/www.sonoraenequipo.com.mx\/felicita-gobernador-durazo-a-presidenta-sheinbaum-y-agradece-respaldo-a-proyectos-estrategicos-en-sonora\/#article","isPartOf":{"@id":"https:\/\/www.sonoraenequipo.com.mx\/felicita-gobernador-durazo-a-presidenta-sheinbaum-y-agradece-respaldo-a-proyectos-estrategicos-en-sonora\/"},"author":{"name":"enequipo","@id":"https:\/\/www.sonoraenequipo.com.mx\/#\/schema\/person\/50102df0fb23a8fa9e8effad8fa81386"},"headline":"Felicita Gobernador Durazo a Presidenta Sheinbaum y agradece respaldo a proyectos estrat\u00e9gicos en Sonora","datePublished":"2024-10-02T00:18:00+00:00","dateModified":"2024-10-02T16:43:50+00:00","mainEntityOfPage":{"@id":"https:\/\/www.sonoraenequipo.com.mx\/felicita-gobernador-durazo-a-presidenta-sheinbaum-y-agradece-respaldo-a-proyectos-estrategicos-en-sonora\/"},"wordCount":278,"commentCount":0,"publisher":{"@id":"https:\/\/www.sonoraenequipo.com.mx\/#organization"},"image":{"@id":"https:\/\/www.sonoraenequipo.com.mx\/felicita-gobernador-durazo-a-presidenta-sheinbaum-y-agradece-respaldo-a-proyectos-estrategicos-en-sonora\/#primaryimage"},"thumbnailUrl":"https:\/\/www.sonoraenequipo.com.mx\/storage\/2024\/10\/Gobernadores-de-Mexico-con-Claudia-Sheinbaum.jpg-min.jpg","keywords":["gobierno de sonora","Sheinbaum"],"articleSection":["Sonora"],"inLanguage":"es","potentialAction":[{"@type":"CommentAction","name":"Comment","target":["https:\/\/www.sonoraenequipo.com.mx\/felicita-gobernador-durazo-a-presidenta-sheinbaum-y-agradece-respaldo-a-proyectos-estrategicos-en-sonora\/#respond"]}]},{"@type":"WebPage","@id":"https:\/\/www.sonoraenequipo.com.mx\/felicita-gobernador-durazo-a-presidenta-sheinbaum-y-agradece-respaldo-a-proyectos-estrategicos-en-sonora\/","url":"https:\/\/www.sonoraenequipo.com.mx\/felicita-gobernador-durazo-a-presidenta-sheinbaum-y-agradece-respaldo-a-proyectos-estrategicos-en-sonora\/","name":"Sonora en Equipo. Felicita Gobernador Durazo a Presidenta Sheinbaum y agradece respaldo a proyectos estrat\u00e9gicos en Sonora Sonora","isPartOf":{"@id":"https:\/\/www.sonoraenequipo.com.mx\/#website"},"primaryImageOfPage":{"@id":"https:\/\/www.sonoraenequipo.com.mx\/felicita-gobernador-durazo-a-presidenta-sheinbaum-y-agradece-respaldo-a-proyectos-estrategicos-en-sonora\/#primaryimage"},"image":{"@id":"https:\/\/www.sonoraenequipo.com.mx\/felicita-gobernador-durazo-a-presidenta-sheinbaum-y-agradece-respaldo-a-proyectos-estrategicos-en-sonora\/#primaryimage"},"thumbnailUrl":"https:\/\/www.sonoraenequipo.com.mx\/storage\/2024\/10\/Gobernadores-de-Mexico-con-Claudia-Sheinbaum.jpg-min.jpg","datePublished":"2024-10-02T00:18:00+00:00","dateModified":"2024-10-02T16:43:50+00:00","description":"CIUDAD DE M\u00c9XICO. \u0336 \u0336\u00a0 En un momento hist\u00f3rico para el pa\u00eds, inici\u00f3 el gobierno de la presidenta Claudia Sheinbaum Pardo, quien se ha apropiado de En Sonora en Equipo publicamos toda la informaci\u00f3n de Sonora, M\u00e9xico y el Mundo de manera oportuna y busca que la libertad de expresi\u00f3n sea real. Visita nuestro medio informativo publicado desde Hermosillo, Sonora. %","breadcrumb":{"@id":"https:\/\/www.sonoraenequipo.com.mx\/felicita-gobernador-durazo-a-presidenta-sheinbaum-y-agradece-respaldo-a-proyectos-estrategicos-en-sonora\/#breadcrumb"},"inLanguage":"es","potentialAction":[{"@type":"ReadAction","target":["https:\/\/www.sonoraenequipo.com.mx\/felicita-gobernador-durazo-a-presidenta-sheinbaum-y-agradece-respaldo-a-proyectos-estrategicos-en-sonora\/"]}]},{"@type":"ImageObject","inLanguage":"es","@id":"https:\/\/www.sonoraenequipo.com.mx\/felicita-gobernador-durazo-a-presidenta-sheinbaum-y-agradece-respaldo-a-proyectos-estrategicos-en-sonora\/#primaryimage","url":"https:\/\/www.sonoraenequipo.com.mx\/storage\/2024\/10\/Gobernadores-de-Mexico-con-Claudia-Sheinbaum.jpg-min.jpg","contentUrl":"https:\/\/www.sonoraenequipo.com.mx\/storage\/2024\/10\/Gobernadores-de-Mexico-con-Claudia-Sheinbaum.jpg-min.jpg","width":1200,"height":799},{"@type":"BreadcrumbList","@id":"https:\/\/www.sonoraenequipo.com.mx\/felicita-gobernador-durazo-a-presidenta-sheinbaum-y-agradece-respaldo-a-proyectos-estrategicos-en-sonora\/#breadcrumb","itemListElement":[{"@type":"ListItem","position":1,"name":"Portada","item":"https:\/\/www.sonoraenequipo.com.mx\/"},{"@type":"ListItem","position":2,"name":"Felicita Gobernador Durazo a Presidenta Sheinbaum y agradece respaldo a proyectos estrat\u00e9gicos en Sonora"}]},{"@type":"WebSite","@id":"https:\/\/www.sonoraenequipo.com.mx\/#website","url":"https:\/\/www.sonoraenequipo.com.mx\/","name":"Sonora en Equipo.","description":"Diario en l\u00ednea con Noticias desde Hermosillo, Sonora","publisher":{"@id":"https:\/\/www.sonoraenequipo.com.mx\/#organization"},"potentialAction":[{"@type":"SearchAction","target":{"@type":"EntryPoint","urlTemplate":"https:\/\/www.sonoraenequipo.com.mx\/?s={search_term_string}"},"query-input":{"@type":"PropertyValueSpecification","valueRequired":true,"valueName":"search_term_string"}}],"inLanguage":"es"},{"@type":"Organization","@id":"https:\/\/www.sonoraenequipo.com.mx\/#organization","name":"Sonoraenequipo.com.mx","url":"https:\/\/www.sonoraenequipo.com.mx\/","logo":{"@type":"ImageObject","inLanguage":"es","@id":"https:\/\/www.sonoraenequipo.com.mx\/#\/schema\/logo\/image\/","url":"https:\/\/www.sonoraenequipo.com.mx\/storage\/2019\/01\/sonoraenequipo_opt.png","contentUrl":"https:\/\/www.sonoraenequipo.com.mx\/storage\/2019\/01\/sonoraenequipo_opt.png","width":375,"height":125,"caption":"Sonoraenequipo.com.mx"},"image":{"@id":"https:\/\/www.sonoraenequipo.com.mx\/#\/schema\/logo\/image\/"},"sameAs":["https:\/\/www.facebook.com\/SonoraEE\/","https:\/\/x.com\/sonoraenequipo","https:\/\/www.youtube.com\/channel\/UC338nW-lPEYmJQs4ZABQ1SQ"]},{"@type":"Person","@id":"https:\/\/www.sonoraenequipo.com.mx\/#\/schema\/person\/50102df0fb23a8fa9e8effad8fa81386","name":"enequipo","image":{"@type":"ImageObject","inLanguage":"es","@id":"https:\/\/www.sonoraenequipo.com.mx\/#\/schema\/person\/image\/","url":"https:\/\/secure.gravatar.com\/avatar\/049821681b589dabc0bc20695993ccebb09f5b5d4d790cd9251b97faac7c652b?s=96&d=blank&r=g","contentUrl":"https:\/\/secure.gravatar.com\/avatar\/049821681b589dabc0bc20695993ccebb09f5b5d4d790cd9251b97faac7c652b?s=96&d=blank&r=g","caption":"enequipo"},"sameAs":["https:\/\/www.facebook.com\/SonoraEE"]}]}},"jetpack_featured_media_url":"https:\/\/www.sonoraenequipo.com.mx\/storage\/2024\/10\/Gobernadores-de-Mexico-con-Claudia-Sheinbaum.jpg-min.jpg","_links":{"self":[{"href":"https:\/\/www.sonoraenequipo.com.mx\/api\/wp\/v2\/posts\/200320","targetHints":{"allow":["GET"]}}],"collection":[{"href":"https:\/\/www.sonoraenequipo.com.mx\/api\/wp\/v2\/posts"}],"about":[{"href":"https:\/\/www.sonoraenequipo.com.mx\/api\/wp\/v2\/types\/post"}],"author":[{"embeddable":true,"href":"https:\/\/www.sonoraenequipo.com.mx\/api\/wp\/v2\/users\/1"}],"replies":[{"embeddable":true,"href":"https:\/\/www.sonoraenequipo.com.mx\/api\/wp\/v2\/comments?post=200320"}],"version-history":[{"count":2,"href":"https:\/\/www.sonoraenequipo.com.mx\/api\/wp\/v2\/posts\/200320\/revisions"}],"predecessor-version":[{"id":200362,"href":"https:\/\/www.sonoraenequipo.com.mx\/api\/wp\/v2\/posts\/200320\/revisions\/200362"}],"wp:featuredmedia":[{"embeddable":true,"href":"https:\/\/www.sonoraenequipo.com.mx\/api\/wp\/v2\/media\/200363"}],"wp:attachment":[{"href":"https:\/\/www.sonoraenequipo.com.mx\/api\/wp\/v2\/media?parent=200320"}],"wp:term":[{"taxonomy":"category","embeddable":true,"href":"https:\/\/www.sonoraenequipo.com.mx\/api\/wp\/v2\/categories?post=200320"},{"taxonomy":"post_tag","embeddable":true,"href":"https:\/\/www.sonoraenequipo.com.mx\/api\/wp\/v2\/tags?post=200320"}],"curies":[{"name":"wp","href":"https:\/\/api.w.org\/{rel}","templated":true}]}}