{"id":200324,"date":"2024-10-01T19:29:00","date_gmt":"2024-10-02T02:29:00","guid":{"rendered":"https:\/\/www.sonoraenequipo.com.mx\/?p=200324"},"modified":"2024-10-02T09:46:07","modified_gmt":"2024-10-02T16:46:07","slug":"fortaleceran-educacion-civica-y-democratica-en-planteles-escolares","status":"publish","type":"post","link":"https:\/\/www.sonoraenequipo.com.mx\/fortaleceran-educacion-civica-y-democratica-en-planteles-escolares\/","title":{"rendered":"Fortalecer\u00e1n educaci\u00f3n c\u00edvica y democr\u00e1tica en planteles escolares"},"content":{"rendered":"<p><strong>HERMOSILLO, SONORA, MX.<\/strong> \u2014 En las escuelas de educaci\u00f3n b\u00e1sica de Sonora se fortalecer\u00e1 la difusi\u00f3n de programas de educaci\u00f3n c\u00edvica, cultura democr\u00e1tica y participaci\u00f3n ciudadana, como parte de la colaboraci\u00f3n entre la Secretar\u00eda de Educaci\u00f3n y Cultura (SEC) y el Instituto Estatal Electoral y de Participaci\u00f3n Ciudadana (IEE Sonora).<\/p>\n<p>Froyl\u00e1n G\u00e1mez Gamboa, titular de la SEC y Nery Ruiz Arvizu, consejero electoral del IEE Sonora, firmaron el convenio de colaboraci\u00f3n para coordinar acciones que permitan que, en el futuro, la entidad tenga los mayores \u00edndices de participaci\u00f3n en las jornadas electorales.<\/p>\n<p>\u201cEs muy importantes que ni\u00f1os, ni\u00f1as y j\u00f3venes se involucren desde la educaci\u00f3n b\u00e1sica y aprendan conceptos muy importantes como la libertad de expresi\u00f3n, el respeto a las diferencias, la responsabilidad ciudadana y por supuesto la importancia de ejercer su derecho al voto de una manera informada, consciente y libre\u201d, enfatiz\u00f3 G\u00e1mez Gamboa.<\/p>\n<p>Por su parte, Nery Ruiz Arvizu reconoci\u00f3 la voluntad de las autoridades educativas para que el Instituto lleve a las escuelas de primaria y secundaria los diferentes programas con los que cuenta el organismo para inculcar valores democr\u00e1ticos en las nuevas generaciones, como un valor agregado a lo que ya realiza la SEC.<\/p>\n<p>El IEE Sonora brindar\u00e1 capacitaci\u00f3n, acompa\u00f1amiento y gu\u00eda para que en las comunidades escolares se fomente la cultura c\u00edvica y la cultura pol\u00edtica democr\u00e1tica, como parte de la formaci\u00f3n acad\u00e9mica integral del alumnado de dicho nivel educativo.<\/p>\n<p><strong>Fecha de publicaci\u00f3n martes 1 de octubre de 2024<\/strong><\/p>\n","protected":false},"excerpt":{"rendered":"<p>HERMOSILLO, SONORA, MX. \u2014 En las escuelas de educaci\u00f3n b\u00e1sica de Sonora se fortalecer\u00e1 la&#8230;<\/p>\n","protected":false},"author":1,"featured_media":200325,"comment_status":"open","ping_status":"open","sticky":false,"template":"","format":"standard","meta":{"_monsterinsights_skip_tracking":false,"_monsterinsights_sitenote_active":false,"_monsterinsights_sitenote_note":"","_monsterinsights_sitenote_category":0,"footnotes":""},"categories":[22],"tags":[10304,10305,47,24],"class_list":["post"],"yoast_head":" \n<title>Sonora en Equipo. Fortalecer\u00e1n educaci\u00f3n c\u00edvica y democr\u00e1tica en planteles escolares Sonora<\/title>\n<meta name=\"description\" content=\"HERMOSILLO, SONORA, MX. \u2014 En las escuelas de educaci\u00f3n b\u00e1sica de Sonora se fortalecer\u00e1 la difusi\u00f3n de programas de educaci\u00f3n c\u00edvica, cultura democr\u00e1tica y En Sonora en Equipo publicamos toda la informaci\u00f3n de Sonora, M\u00e9xico y el Mundo de manera oportuna y busca que la libertad de expresi\u00f3n sea real. Visita nuestro medio informativo publicado desde Hermosillo, Sonora. %\" \/>\n<meta name=\"robots\" content=\"index, follow, max-snippet:-1, max-image-preview:large, max-video-preview:-1\" \/>\n<link rel=\"canonical\" href=\"https:\/\/www.sonoraenequipo.com.mx\/fortaleceran-educacion-civica-y-democratica-en-planteles-escolares\/\" \/>\n<meta property=\"og:locale\" content=\"es_ES\" \/>\n<meta property=\"og:type\" content=\"article\" \/>\n<meta property=\"og:title\" content=\"Sonora en Equipo. Fortalecer\u00e1n educaci\u00f3n c\u00edvica y democr\u00e1tica en planteles escolares Sonora\" \/>\n<meta property=\"og:description\" content=\"HERMOSILLO, SONORA, MX. \u2014 En las escuelas de educaci\u00f3n b\u00e1sica de Sonora se fortalecer\u00e1 la difusi\u00f3n de programas de educaci\u00f3n c\u00edvica, cultura democr\u00e1tica y En Sonora en Equipo publicamos toda la informaci\u00f3n de Sonora, M\u00e9xico y el Mundo de manera oportuna y busca que la libertad de expresi\u00f3n sea real. Visita nuestro medio informativo publicado desde Hermosillo, Sonora. %\" \/>\n<meta property=\"og:url\" content=\"https:\/\/www.sonoraenequipo.com.mx\/fortaleceran-educacion-civica-y-democratica-en-planteles-escolares\/\" \/>\n<meta property=\"og:site_name\" content=\"Sonora en Equipo.\" \/>\n<meta property=\"article:publisher\" content=\"https:\/\/www.facebook.com\/SonoraEE\/\" \/>\n<meta property=\"article:author\" content=\"https:\/\/www.facebook.com\/SonoraEE\" \/>\n<meta property=\"article:published_time\" content=\"2024-10-02T02:29:00+00:00\" \/>\n<meta property=\"article:modified_time\" content=\"2024-10-02T16:46:07+00:00\" \/>\n<meta property=\"og:image\" content=\"https:\/\/www.sonoraenequipo.com.mx\/storage\/2024\/10\/seciee.jpg\" \/>\n\t<meta property=\"og:image:width\" content=\"600\" \/>\n\t<meta property=\"og:image:height\" content=\"400\" \/>\n\t<meta property=\"og:image:type\" content=\"image\/jpeg\" \/>\n<meta name=\"author\" content=\"enequipo\" \/>\n<meta name=\"twitter:card\" content=\"summary_large_image\" \/>\n<meta name=\"twitter:creator\" content=\"@sonoraenequipo\" \/>\n<meta name=\"twitter:site\" content=\"@sonoraenequipo\" \/>\n<meta name=\"twitter:label1\" content=\"Escrito por\" \/>\n\t<meta name=\"twitter:data1\" content=\"enequipo\" \/>\n\t<meta name=\"twitter:label2\" content=\"Tiempo de lectura\" \/>\n\t<meta name=\"twitter:data2\" content=\"1 minuto\" \/>\n<script type=\"application\/ld+json\" class=\"yoast-schema-graph\">{\"@context\":\"https:\/\/schema.org\",\"@graph\":[{\"@type\":\"Article\",\"@id\":\"https:\/\/www.sonoraenequipo.com.mx\/fortaleceran-educacion-civica-y-democratica-en-planteles-escolares\/#article\",\"isPartOf\":{\"@id\":\"https:\/\/www.sonoraenequipo.com.mx\/fortaleceran-educacion-civica-y-democratica-en-planteles-escolares\/\"},\"author\":{\"name\":\"enequipo\",\"@id\":\"https:\/\/www.sonoraenequipo.com.mx\/#\/schema\/person\/50102df0fb23a8fa9e8effad8fa81386\"},\"headline\":\"Fortalecer\u00e1n educaci\u00f3n c\u00edvica y democr\u00e1tica en planteles escolares\",\"datePublished\":\"2024-10-02T02:29:00+00:00\",\"dateModified\":\"2024-10-02T16:46:07+00:00\",\"mainEntityOfPage\":{\"@id\":\"https:\/\/www.sonoraenequipo.com.mx\/fortaleceran-educacion-civica-y-democratica-en-planteles-escolares\/\"},\"wordCount\":285,\"commentCount\":0,\"publisher\":{\"@id\":\"https:\/\/www.sonoraenequipo.com.mx\/#organization\"},\"image\":{\"@id\":\"https:\/\/www.sonoraenequipo.com.mx\/fortaleceran-educacion-civica-y-democratica-en-planteles-escolares\/#primaryimage\"},\"thumbnailUrl\":\"https:\/\/www.sonoraenequipo.com.mx\/storage\/2024\/10\/seciee.jpg\",\"keywords\":[\"civica\",\"democratica\",\"educaci\u00f3n\",\"escuelas\"],\"articleSection\":[\"Sonora\"],\"inLanguage\":\"es\",\"potentialAction\":[{\"@type\":\"CommentAction\",\"name\":\"Comment\",\"target\":[\"https:\/\/www.sonoraenequipo.com.mx\/fortaleceran-educacion-civica-y-democratica-en-planteles-escolares\/#respond\"]}]},{\"@type\":\"WebPage\",\"@id\":\"https:\/\/www.sonoraenequipo.com.mx\/fortaleceran-educacion-civica-y-democratica-en-planteles-escolares\/\",\"url\":\"https:\/\/www.sonoraenequipo.com.mx\/fortaleceran-educacion-civica-y-democratica-en-planteles-escolares\/\",\"name\":\"Sonora en Equipo. Fortalecer\u00e1n educaci\u00f3n c\u00edvica y democr\u00e1tica en planteles escolares Sonora\",\"isPartOf\":{\"@id\":\"https:\/\/www.sonoraenequipo.com.mx\/#website\"},\"primaryImageOfPage\":{\"@id\":\"https:\/\/www.sonoraenequipo.com.mx\/fortaleceran-educacion-civica-y-democratica-en-planteles-escolares\/#primaryimage\"},\"image\":{\"@id\":\"https:\/\/www.sonoraenequipo.com.mx\/fortaleceran-educacion-civica-y-democratica-en-planteles-escolares\/#primaryimage\"},\"thumbnailUrl\":\"https:\/\/www.sonoraenequipo.com.mx\/storage\/2024\/10\/seciee.jpg\",\"datePublished\":\"2024-10-02T02:29:00+00:00\",\"dateModified\":\"2024-10-02T16:46:07+00:00\",\"description\":\"HERMOSILLO, SONORA, MX. \u2014 En las escuelas de educaci\u00f3n b\u00e1sica de Sonora se fortalecer\u00e1 la difusi\u00f3n de programas de educaci\u00f3n c\u00edvica, cultura democr\u00e1tica y En Sonora en Equipo publicamos toda la informaci\u00f3n de Sonora, M\u00e9xico y el Mundo de manera oportuna y busca que la libertad de expresi\u00f3n sea real. Visita nuestro medio informativo publicado desde Hermosillo, Sonora. %\",\"breadcrumb\":{\"@id\":\"https:\/\/www.sonoraenequipo.com.mx\/fortaleceran-educacion-civica-y-democratica-en-planteles-escolares\/#breadcrumb\"},\"inLanguage\":\"es\",\"potentialAction\":[{\"@type\":\"ReadAction\",\"target\":[\"https:\/\/www.sonoraenequipo.com.mx\/fortaleceran-educacion-civica-y-democratica-en-planteles-escolares\/\"]}]},{\"@type\":\"ImageObject\",\"inLanguage\":\"es\",\"@id\":\"https:\/\/www.sonoraenequipo.com.mx\/fortaleceran-educacion-civica-y-democratica-en-planteles-escolares\/#primaryimage\",\"url\":\"https:\/\/www.sonoraenequipo.com.mx\/storage\/2024\/10\/seciee.jpg\",\"contentUrl\":\"https:\/\/www.sonoraenequipo.com.mx\/storage\/2024\/10\/seciee.jpg\",\"width\":600,\"height\":400},{\"@type\":\"BreadcrumbList\",\"@id\":\"https:\/\/www.sonoraenequipo.com.mx\/fortaleceran-educacion-civica-y-democratica-en-planteles-escolares\/#breadcrumb\",\"itemListElement\":[{\"@type\":\"ListItem\",\"position\":1,\"name\":\"Portada\",\"item\":\"https:\/\/www.sonoraenequipo.com.mx\/\"},{\"@type\":\"ListItem\",\"position\":2,\"name\":\"Fortalecer\u00e1n educaci\u00f3n c\u00edvica y democr\u00e1tica en planteles escolares\"}]},{\"@type\":\"WebSite\",\"@id\":\"https:\/\/www.sonoraenequipo.com.mx\/#website\",\"url\":\"https:\/\/www.sonoraenequipo.com.mx\/\",\"name\":\"Sonora en Equipo.\",\"description\":\"Diario en l\u00ednea con Noticias desde Hermosillo, Sonora\",\"publisher\":{\"@id\":\"https:\/\/www.sonoraenequipo.com.mx\/#organization\"},\"potentialAction\":[{\"@type\":\"SearchAction\",\"target\":{\"@type\":\"EntryPoint\",\"urlTemplate\":\"https:\/\/www.sonoraenequipo.com.mx\/?s={search_term_string}\"},\"query-input\":{\"@type\":\"PropertyValueSpecification\",\"valueRequired\":true,\"valueName\":\"search_term_string\"}}],\"inLanguage\":\"es\"},{\"@type\":\"Organization\",\"@id\":\"https:\/\/www.sonoraenequipo.com.mx\/#organization\",\"name\":\"Sonoraenequipo.com.mx\",\"url\":\"https:\/\/www.sonoraenequipo.com.mx\/\",\"logo\":{\"@type\":\"ImageObject\",\"inLanguage\":\"es\",\"@id\":\"https:\/\/www.sonoraenequipo.com.mx\/#\/schema\/logo\/image\/\",\"url\":\"https:\/\/www.sonoraenequipo.com.mx\/storage\/2019\/01\/sonoraenequipo_opt.png\",\"contentUrl\":\"https:\/\/www.sonoraenequipo.com.mx\/storage\/2019\/01\/sonoraenequipo_opt.png\",\"width\":375,\"height\":125,\"caption\":\"Sonoraenequipo.com.mx\"},\"image\":{\"@id\":\"https:\/\/www.sonoraenequipo.com.mx\/#\/schema\/logo\/image\/\"},\"sameAs\":[\"https:\/\/www.facebook.com\/SonoraEE\/\",\"https:\/\/x.com\/sonoraenequipo\",\"https:\/\/www.youtube.com\/channel\/UC338nW-lPEYmJQs4ZABQ1SQ\"]},{\"@type\":\"Person\",\"@id\":\"https:\/\/www.sonoraenequipo.com.mx\/#\/schema\/person\/50102df0fb23a8fa9e8effad8fa81386\",\"name\":\"enequipo\",\"image\":{\"@type\":\"ImageObject\",\"inLanguage\":\"es\",\"@id\":\"https:\/\/www.sonoraenequipo.com.mx\/#\/schema\/person\/image\/\",\"url\":\"https:\/\/secure.gravatar.com\/avatar\/049821681b589dabc0bc20695993ccebb09f5b5d4d790cd9251b97faac7c652b?s=96&d=blank&r=g\",\"contentUrl\":\"https:\/\/secure.gravatar.com\/avatar\/049821681b589dabc0bc20695993ccebb09f5b5d4d790cd9251b97faac7c652b?s=96&d=blank&r=g\",\"caption\":\"enequipo\"},\"sameAs\":[\"https:\/\/www.facebook.com\/SonoraEE\"]}]}<\/script>\n ","yoast_head_json":{"title":"Sonora en Equipo. Fortalecer\u00e1n educaci\u00f3n c\u00edvica y democr\u00e1tica en planteles escolares Sonora","description":"HERMOSILLO, SONORA, MX. \u2014 En las escuelas de educaci\u00f3n b\u00e1sica de Sonora se fortalecer\u00e1 la difusi\u00f3n de programas de educaci\u00f3n c\u00edvica, cultura democr\u00e1tica y En Sonora en Equipo publicamos toda la informaci\u00f3n de Sonora, M\u00e9xico y el Mundo de manera oportuna y busca que la libertad de expresi\u00f3n sea real. Visita nuestro medio informativo publicado desde Hermosillo, Sonora. %","robots":{"index":"index","follow":"follow","max-snippet":"max-snippet:-1","max-image-preview":"max-image-preview:large","max-video-preview":"max-video-preview:-1"},"canonical":"https:\/\/www.sonoraenequipo.com.mx\/fortaleceran-educacion-civica-y-democratica-en-planteles-escolares\/","og_locale":"es_ES","og_type":"article","og_title":"Sonora en Equipo. Fortalecer\u00e1n educaci\u00f3n c\u00edvica y democr\u00e1tica en planteles escolares Sonora","og_description":"HERMOSILLO, SONORA, MX. \u2014 En las escuelas de educaci\u00f3n b\u00e1sica de Sonora se fortalecer\u00e1 la difusi\u00f3n de programas de educaci\u00f3n c\u00edvica, cultura democr\u00e1tica y En Sonora en Equipo publicamos toda la informaci\u00f3n de Sonora, M\u00e9xico y el Mundo de manera oportuna y busca que la libertad de expresi\u00f3n sea real. Visita nuestro medio informativo publicado desde Hermosillo, Sonora. %","og_url":"https:\/\/www.sonoraenequipo.com.mx\/fortaleceran-educacion-civica-y-democratica-en-planteles-escolares\/","og_site_name":"Sonora en Equipo.","article_publisher":"https:\/\/www.facebook.com\/SonoraEE\/","article_author":"https:\/\/www.facebook.com\/SonoraEE","article_published_time":"2024-10-02T02:29:00+00:00","article_modified_time":"2024-10-02T16:46:07+00:00","og_image":[{"width":600,"height":400,"url":"https:\/\/www.sonoraenequipo.com.mx\/storage\/2024\/10\/seciee.jpg","type":"image\/jpeg"}],"author":"enequipo","twitter_card":"summary_large_image","twitter_creator":"@sonoraenequipo","twitter_site":"@sonoraenequipo","twitter_misc":{"Escrito por":"enequipo","Tiempo de lectura":"1 minuto"},"schema":{"@context":"https:\/\/schema.org","@graph":[{"@type":"Article","@id":"https:\/\/www.sonoraenequipo.com.mx\/fortaleceran-educacion-civica-y-democratica-en-planteles-escolares\/#article","isPartOf":{"@id":"https:\/\/www.sonoraenequipo.com.mx\/fortaleceran-educacion-civica-y-democratica-en-planteles-escolares\/"},"author":{"name":"enequipo","@id":"https:\/\/www.sonoraenequipo.com.mx\/#\/schema\/person\/50102df0fb23a8fa9e8effad8fa81386"},"headline":"Fortalecer\u00e1n educaci\u00f3n c\u00edvica y democr\u00e1tica en planteles escolares","datePublished":"2024-10-02T02:29:00+00:00","dateModified":"2024-10-02T16:46:07+00:00","mainEntityOfPage":{"@id":"https:\/\/www.sonoraenequipo.com.mx\/fortaleceran-educacion-civica-y-democratica-en-planteles-escolares\/"},"wordCount":285,"commentCount":0,"publisher":{"@id":"https:\/\/www.sonoraenequipo.com.mx\/#organization"},"image":{"@id":"https:\/\/www.sonoraenequipo.com.mx\/fortaleceran-educacion-civica-y-democratica-en-planteles-escolares\/#primaryimage"},"thumbnailUrl":"https:\/\/www.sonoraenequipo.com.mx\/storage\/2024\/10\/seciee.jpg","keywords":["civica","democratica","educaci\u00f3n","escuelas"],"articleSection":["Sonora"],"inLanguage":"es","potentialAction":[{"@type":"CommentAction","name":"Comment","target":["https:\/\/www.sonoraenequipo.com.mx\/fortaleceran-educacion-civica-y-democratica-en-planteles-escolares\/#respond"]}]},{"@type":"WebPage","@id":"https:\/\/www.sonoraenequipo.com.mx\/fortaleceran-educacion-civica-y-democratica-en-planteles-escolares\/","url":"https:\/\/www.sonoraenequipo.com.mx\/fortaleceran-educacion-civica-y-democratica-en-planteles-escolares\/","name":"Sonora en Equipo. Fortalecer\u00e1n educaci\u00f3n c\u00edvica y democr\u00e1tica en planteles escolares Sonora","isPartOf":{"@id":"https:\/\/www.sonoraenequipo.com.mx\/#website"},"primaryImageOfPage":{"@id":"https:\/\/www.sonoraenequipo.com.mx\/fortaleceran-educacion-civica-y-democratica-en-planteles-escolares\/#primaryimage"},"image":{"@id":"https:\/\/www.sonoraenequipo.com.mx\/fortaleceran-educacion-civica-y-democratica-en-planteles-escolares\/#primaryimage"},"thumbnailUrl":"https:\/\/www.sonoraenequipo.com.mx\/storage\/2024\/10\/seciee.jpg","datePublished":"2024-10-02T02:29:00+00:00","dateModified":"2024-10-02T16:46:07+00:00","description":"HERMOSILLO, SONORA, MX. \u2014 En las escuelas de educaci\u00f3n b\u00e1sica de Sonora se fortalecer\u00e1 la difusi\u00f3n de programas de educaci\u00f3n c\u00edvica, cultura democr\u00e1tica y En Sonora en Equipo publicamos toda la informaci\u00f3n de Sonora, M\u00e9xico y el Mundo de manera oportuna y busca que la libertad de expresi\u00f3n sea real. Visita nuestro medio informativo publicado desde Hermosillo, Sonora. %","breadcrumb":{"@id":"https:\/\/www.sonoraenequipo.com.mx\/fortaleceran-educacion-civica-y-democratica-en-planteles-escolares\/#breadcrumb"},"inLanguage":"es","potentialAction":[{"@type":"ReadAction","target":["https:\/\/www.sonoraenequipo.com.mx\/fortaleceran-educacion-civica-y-democratica-en-planteles-escolares\/"]}]},{"@type":"ImageObject","inLanguage":"es","@id":"https:\/\/www.sonoraenequipo.com.mx\/fortaleceran-educacion-civica-y-democratica-en-planteles-escolares\/#primaryimage","url":"https:\/\/www.sonoraenequipo.com.mx\/storage\/2024\/10\/seciee.jpg","contentUrl":"https:\/\/www.sonoraenequipo.com.mx\/storage\/2024\/10\/seciee.jpg","width":600,"height":400},{"@type":"BreadcrumbList","@id":"https:\/\/www.sonoraenequipo.com.mx\/fortaleceran-educacion-civica-y-democratica-en-planteles-escolares\/#breadcrumb","itemListElement":[{"@type":"ListItem","position":1,"name":"Portada","item":"https:\/\/www.sonoraenequipo.com.mx\/"},{"@type":"ListItem","position":2,"name":"Fortalecer\u00e1n educaci\u00f3n c\u00edvica y democr\u00e1tica en planteles escolares"}]},{"@type":"WebSite","@id":"https:\/\/www.sonoraenequipo.com.mx\/#website","url":"https:\/\/www.sonoraenequipo.com.mx\/","name":"Sonora en Equipo.","description":"Diario en l\u00ednea con Noticias desde Hermosillo, Sonora","publisher":{"@id":"https:\/\/www.sonoraenequipo.com.mx\/#organization"},"potentialAction":[{"@type":"SearchAction","target":{"@type":"EntryPoint","urlTemplate":"https:\/\/www.sonoraenequipo.com.mx\/?s={search_term_string}"},"query-input":{"@type":"PropertyValueSpecification","valueRequired":true,"valueName":"search_term_string"}}],"inLanguage":"es"},{"@type":"Organization","@id":"https:\/\/www.sonoraenequipo.com.mx\/#organization","name":"Sonoraenequipo.com.mx","url":"https:\/\/www.sonoraenequipo.com.mx\/","logo":{"@type":"ImageObject","inLanguage":"es","@id":"https:\/\/www.sonoraenequipo.com.mx\/#\/schema\/logo\/image\/","url":"https:\/\/www.sonoraenequipo.com.mx\/storage\/2019\/01\/sonoraenequipo_opt.png","contentUrl":"https:\/\/www.sonoraenequipo.com.mx\/storage\/2019\/01\/sonoraenequipo_opt.png","width":375,"height":125,"caption":"Sonoraenequipo.com.mx"},"image":{"@id":"https:\/\/www.sonoraenequipo.com.mx\/#\/schema\/logo\/image\/"},"sameAs":["https:\/\/www.facebook.com\/SonoraEE\/","https:\/\/x.com\/sonoraenequipo","https:\/\/www.youtube.com\/channel\/UC338nW-lPEYmJQs4ZABQ1SQ"]},{"@type":"Person","@id":"https:\/\/www.sonoraenequipo.com.mx\/#\/schema\/person\/50102df0fb23a8fa9e8effad8fa81386","name":"enequipo","image":{"@type":"ImageObject","inLanguage":"es","@id":"https:\/\/www.sonoraenequipo.com.mx\/#\/schema\/person\/image\/","url":"https:\/\/secure.gravatar.com\/avatar\/049821681b589dabc0bc20695993ccebb09f5b5d4d790cd9251b97faac7c652b?s=96&d=blank&r=g","contentUrl":"https:\/\/secure.gravatar.com\/avatar\/049821681b589dabc0bc20695993ccebb09f5b5d4d790cd9251b97faac7c652b?s=96&d=blank&r=g","caption":"enequipo"},"sameAs":["https:\/\/www.facebook.com\/SonoraEE"]}]}},"jetpack_featured_media_url":"https:\/\/www.sonoraenequipo.com.mx\/storage\/2024\/10\/seciee.jpg","_links":{"self":[{"href":"https:\/\/www.sonoraenequipo.com.mx\/api\/wp\/v2\/posts\/200324","targetHints":{"allow":["GET"]}}],"collection":[{"href":"https:\/\/www.sonoraenequipo.com.mx\/api\/wp\/v2\/posts"}],"about":[{"href":"https:\/\/www.sonoraenequipo.com.mx\/api\/wp\/v2\/types\/post"}],"author":[{"embeddable":true,"href":"https:\/\/www.sonoraenequipo.com.mx\/api\/wp\/v2\/users\/1"}],"replies":[{"embeddable":true,"href":"https:\/\/www.sonoraenequipo.com.mx\/api\/wp\/v2\/comments?post=200324"}],"version-history":[{"count":2,"href":"https:\/\/www.sonoraenequipo.com.mx\/api\/wp\/v2\/posts\/200324\/revisions"}],"predecessor-version":[{"id":200365,"href":"https:\/\/www.sonoraenequipo.com.mx\/api\/wp\/v2\/posts\/200324\/revisions\/200365"}],"wp:featuredmedia":[{"embeddable":true,"href":"https:\/\/www.sonoraenequipo.com.mx\/api\/wp\/v2\/media\/200325"}],"wp:attachment":[{"href":"https:\/\/www.sonoraenequipo.com.mx\/api\/wp\/v2\/media?parent=200324"}],"wp:term":[{"taxonomy":"category","embeddable":true,"href":"https:\/\/www.sonoraenequipo.com.mx\/api\/wp\/v2\/categories?post=200324"},{"taxonomy":"post_tag","embeddable":true,"href":"https:\/\/www.sonoraenequipo.com.mx\/api\/wp\/v2\/tags?post=200324"}],"curies":[{"name":"wp","href":"https:\/\/api.w.org\/{rel}","templated":true}]}}