{"id":200327,"date":"2024-10-01T14:54:42","date_gmt":"2024-10-01T21:54:42","guid":{"rendered":"https:\/\/www.sonoraenequipo.com.mx\/?p=200327"},"modified":"2024-10-01T14:54:42","modified_gmt":"2024-10-01T21:54:42","slug":"nombra-tono-astiazaran-a-funcionarios-municipales-2024-2027","status":"publish","type":"post","link":"https:\/\/www.sonoraenequipo.com.mx\/nombra-tono-astiazaran-a-funcionarios-municipales-2024-2027\/","title":{"rendered":"Nombra To\u00f1o Astiazar\u00e1n a funcionarios municipales 2024-2027"},"content":{"rendered":"<p><strong>HERMOSILLO, SONORA, MX.<\/strong> \u2014 Con el compromiso de enfrentar los retos de Hermosillo, el presidente municipal, Antonio Astiazar\u00e1n tom\u00f3 protesta a las y los servidores p\u00fablicos que ejercer\u00e1n funciones en diferentes \u00e1reas, durante el periodo 2024-2027.<\/p>\n<p>&nbsp;<\/p>\n<p>Son 18 mujeres y hombres de diversas dependencias, quienes desempe\u00f1ar\u00e1n con responsabilidad su labor, para que Hermosillo contin\u00fae por la ruta del desarrollo durante este segundo periodo encabezado por Antonio Astiazar\u00e1n.<\/p>\n<p>&nbsp;<\/p>\n<p>\u201cLes quiero pedir de favor que nos vayamos de aqu\u00ed al haber asumido este reto con certidumbre y confianza de poder llevar a cabo lo mejor de nosotros mismos para desarrollar con \u00e9xito su gesti\u00f3n y, por supuesto, reiterar mi solicitud para que en todo momento pongamos por encima de todo al ciudadano\u201d, se\u00f1al\u00f3 el alcalde Antonio Astiazar\u00e1n.<\/p>\n<p>&nbsp;<\/p>\n<p>En el Instituto del Deporte, Samuel Liz\u00e1rraga asumi\u00f3 la funci\u00f3n de director deportivo y Alejandro Moreno Alvarado, director de Infraestructura Deportiva. En la Comisar\u00eda de Polic\u00eda Municipal, Luis Carlos Soto como director administrativo.<\/p>\n<p>&nbsp;<\/p>\n<p>En Sindicatura, Christian Arellano L\u00f3pez en la subdirecci\u00f3n Jur\u00eddica; Christopher Aguiar Estrada, asesor de S\u00edndica y en Servicios P\u00fablicos Municipales, Rodrigo Sarmiento M\u00e1rquez, subdirector de Recolecci\u00f3n de Basura.<\/p>\n<p>&nbsp;<\/p>\n<p>Javier Ortega Guti\u00e9rrez, como auditor investigador en la coordinaci\u00f3n investigadora del \u00d3rgano de Control y Evaluaci\u00f3n Municipal y Ana Lorenia Xibill\u00e9 Elizondo, como asesora de Control Interno de la Direcci\u00f3n de Vinculaci\u00f3n y Situaci\u00f3n Patrimonial de la misma dependencia.<\/p>\n<p>&nbsp;<\/p>\n<p>En la direcci\u00f3n de talleres, H\u00e9ctor D\u00edaz Young rindi\u00f3 protesta como director y V\u00edctor Emmanuel Zarate Ibarra, subdirector administrativo. En la Coordinaci\u00f3n de Infraestructura, Desarrollo Urbano y Ecolog\u00eda (CIDUE), Francisco Javier Tadeo \u00c1lvarez, director administrativo y Paulo Sergio Alday, subdirector de Costos y Licitaciones.<\/p>\n<p>&nbsp;<\/p>\n<p>En Presidencia, Javier Alejandro Ponce Elizondo funge como Secretario Particular Adjunto y en el Instituto Municipal de la Juventud, Francisco Antonio Villaescusa como director y Lorenia Ruiz V\u00e1squez, subdirectora.<\/p>\n<p>&nbsp;<\/p>\n<p>En la Direcci\u00f3n de Comunicaci\u00f3n y Transparencia, Giovanna Rivera como directora de Informaci\u00f3n y Medios y Eduardo \u00c1lvarez, subdirector de Informaci\u00f3n y Medios, mientras que en el Sistema DIF Hermosillo, Carlos Robles Moreno como secretario particular de la directora general.<\/p>\n<p>&nbsp;<\/p>\n<p>La toma de protesta cont\u00f3 con la presencia de la Blanca Lorena Colosio, titular de sindicatura y Zaira Fern\u00e1ndez, titular del \u00d3rgano de Control y Evaluaci\u00f3n Municipal del Ayuntamiento de Hermosillo.<\/p>\n<p>&nbsp;<\/p>\n<p>Adem\u00e1s, ratific\u00f3 a:<\/p>\n<ul>\n<li>Juan Carlos Corrales D\u00f3rame, Director Administrativo del Sistema DIF Hermosillo<\/li>\n<li>Gerardo Togawa Espinosa, Director de Infraestructura de CIDUE<\/li>\n<li>Francisco Gil Barraza, Director del Instituto Municipal de Ecolog\u00eda<\/li>\n<li>David Emmanuel Rojas Acosta, Director Operativo de la Secretar\u00eda del Ayuntamiento<\/li>\n<li>Leonel de G\u00fcnther Serv\u00edn, Director de Concertaci\u00f3n Social de la Direcci\u00f3n General de Participaci\u00f3n Ciudadana<\/li>\n<li>Luis Jaime Mart\u00ednez Carranza, Secretario T\u00e9cnico de la Direcci\u00f3n General de Participaci\u00f3n Ciudadana<\/li>\n<li>Leticia Gracia Cota, Directora de Atenci\u00f3n Directa de la Unidad de Atenci\u00f3n Ciudadana<\/li>\n<\/ul>\n<p><strong>Fecha de publicaci\u00f3n martes 1 de octubre de 2024<\/strong><\/p>\n<p>&nbsp;<\/p>\n","protected":false},"excerpt":{"rendered":"<p>HERMOSILLO, SONORA, MX. \u2014 Con el compromiso de enfrentar los retos de Hermosillo, el presidente&#8230;<\/p>\n","protected":false},"author":1,"featured_media":200328,"comment_status":"open","ping_status":"open","sticky":false,"template":"","format":"standard","meta":{"_monsterinsights_skip_tracking":false,"_monsterinsights_sitenote_active":false,"_monsterinsights_sitenote_note":"","_monsterinsights_sitenote_category":0,"footnotes":""},"categories":[4],"tags":[1123,35],"class_list":["post"],"yoast_head":" \n<title>Sonora en Equipo. Nombra To\u00f1o Astiazar\u00e1n a funcionarios municipales 2024-2027 Municipios<\/title>\n<meta name=\"description\" content=\"HERMOSILLO, SONORA, MX. \u2014 Con el compromiso de enfrentar los retos de Hermosillo, el presidente municipal, Antonio Astiazar\u00e1n tom\u00f3 protesta a las y los En Sonora en Equipo publicamos toda la informaci\u00f3n de Sonora, M\u00e9xico y el Mundo de manera oportuna y busca que la libertad de expresi\u00f3n sea real. Visita nuestro medio informativo publicado desde Hermosillo, Sonora. %\" \/>\n<meta name=\"robots\" content=\"index, follow, max-snippet:-1, max-image-preview:large, max-video-preview:-1\" \/>\n<link rel=\"canonical\" href=\"https:\/\/www.sonoraenequipo.com.mx\/nombra-tono-astiazaran-a-funcionarios-municipales-2024-2027\/\" \/>\n<meta property=\"og:locale\" content=\"es_ES\" \/>\n<meta property=\"og:type\" content=\"article\" \/>\n<meta property=\"og:title\" content=\"Sonora en Equipo. Nombra To\u00f1o Astiazar\u00e1n a funcionarios municipales 2024-2027 Municipios\" \/>\n<meta property=\"og:description\" content=\"HERMOSILLO, SONORA, MX. \u2014 Con el compromiso de enfrentar los retos de Hermosillo, el presidente municipal, Antonio Astiazar\u00e1n tom\u00f3 protesta a las y los En Sonora en Equipo publicamos toda la informaci\u00f3n de Sonora, M\u00e9xico y el Mundo de manera oportuna y busca que la libertad de expresi\u00f3n sea real. Visita nuestro medio informativo publicado desde Hermosillo, Sonora. %\" \/>\n<meta property=\"og:url\" content=\"https:\/\/www.sonoraenequipo.com.mx\/nombra-tono-astiazaran-a-funcionarios-municipales-2024-2027\/\" \/>\n<meta property=\"og:site_name\" content=\"Sonora en Equipo.\" \/>\n<meta property=\"article:publisher\" content=\"https:\/\/www.facebook.com\/SonoraEE\/\" \/>\n<meta property=\"article:author\" content=\"https:\/\/www.facebook.com\/SonoraEE\" \/>\n<meta property=\"article:published_time\" content=\"2024-10-01T21:54:42+00:00\" \/>\n<meta property=\"og:image\" content=\"https:\/\/www.sonoraenequipo.com.mx\/storage\/2024\/10\/funcionarios-hmo.jpg\" \/>\n\t<meta property=\"og:image:width\" content=\"653\" \/>\n\t<meta property=\"og:image:height\" content=\"400\" \/>\n\t<meta property=\"og:image:type\" content=\"image\/jpeg\" \/>\n<meta name=\"author\" content=\"enequipo\" \/>\n<meta name=\"twitter:card\" content=\"summary_large_image\" \/>\n<meta name=\"twitter:creator\" content=\"@sonoraenequipo\" \/>\n<meta name=\"twitter:site\" content=\"@sonoraenequipo\" \/>\n<meta name=\"twitter:label1\" content=\"Escrito por\" \/>\n\t<meta name=\"twitter:data1\" content=\"enequipo\" \/>\n\t<meta name=\"twitter:label2\" content=\"Tiempo de lectura\" \/>\n\t<meta name=\"twitter:data2\" content=\"3 minutos\" \/>\n<script type=\"application\/ld+json\" class=\"yoast-schema-graph\">{\"@context\":\"https:\/\/schema.org\",\"@graph\":[{\"@type\":\"Article\",\"@id\":\"https:\/\/www.sonoraenequipo.com.mx\/nombra-tono-astiazaran-a-funcionarios-municipales-2024-2027\/#article\",\"isPartOf\":{\"@id\":\"https:\/\/www.sonoraenequipo.com.mx\/nombra-tono-astiazaran-a-funcionarios-municipales-2024-2027\/\"},\"author\":{\"name\":\"enequipo\",\"@id\":\"https:\/\/www.sonoraenequipo.com.mx\/#\/schema\/person\/50102df0fb23a8fa9e8effad8fa81386\"},\"headline\":\"Nombra To\u00f1o Astiazar\u00e1n a funcionarios municipales 2024-2027\",\"datePublished\":\"2024-10-01T21:54:42+00:00\",\"mainEntityOfPage\":{\"@id\":\"https:\/\/www.sonoraenequipo.com.mx\/nombra-tono-astiazaran-a-funcionarios-municipales-2024-2027\/\"},\"wordCount\":532,\"commentCount\":0,\"publisher\":{\"@id\":\"https:\/\/www.sonoraenequipo.com.mx\/#organization\"},\"image\":{\"@id\":\"https:\/\/www.sonoraenequipo.com.mx\/nombra-tono-astiazaran-a-funcionarios-municipales-2024-2027\/#primaryimage\"},\"thumbnailUrl\":\"https:\/\/www.sonoraenequipo.com.mx\/storage\/2024\/10\/funcionarios-hmo.jpg\",\"keywords\":[\"funcionarios\",\"hermosillo\"],\"articleSection\":[\"Municipios\"],\"inLanguage\":\"es\",\"potentialAction\":[{\"@type\":\"CommentAction\",\"name\":\"Comment\",\"target\":[\"https:\/\/www.sonoraenequipo.com.mx\/nombra-tono-astiazaran-a-funcionarios-municipales-2024-2027\/#respond\"]}]},{\"@type\":\"WebPage\",\"@id\":\"https:\/\/www.sonoraenequipo.com.mx\/nombra-tono-astiazaran-a-funcionarios-municipales-2024-2027\/\",\"url\":\"https:\/\/www.sonoraenequipo.com.mx\/nombra-tono-astiazaran-a-funcionarios-municipales-2024-2027\/\",\"name\":\"Sonora en Equipo. Nombra To\u00f1o Astiazar\u00e1n a funcionarios municipales 2024-2027 Municipios\",\"isPartOf\":{\"@id\":\"https:\/\/www.sonoraenequipo.com.mx\/#website\"},\"primaryImageOfPage\":{\"@id\":\"https:\/\/www.sonoraenequipo.com.mx\/nombra-tono-astiazaran-a-funcionarios-municipales-2024-2027\/#primaryimage\"},\"image\":{\"@id\":\"https:\/\/www.sonoraenequipo.com.mx\/nombra-tono-astiazaran-a-funcionarios-municipales-2024-2027\/#primaryimage\"},\"thumbnailUrl\":\"https:\/\/www.sonoraenequipo.com.mx\/storage\/2024\/10\/funcionarios-hmo.jpg\",\"datePublished\":\"2024-10-01T21:54:42+00:00\",\"description\":\"HERMOSILLO, SONORA, MX. \u2014 Con el compromiso de enfrentar los retos de Hermosillo, el presidente municipal, Antonio Astiazar\u00e1n tom\u00f3 protesta a las y los En Sonora en Equipo publicamos toda la informaci\u00f3n de Sonora, M\u00e9xico y el Mundo de manera oportuna y busca que la libertad de expresi\u00f3n sea real. Visita nuestro medio informativo publicado desde Hermosillo, Sonora. %\",\"breadcrumb\":{\"@id\":\"https:\/\/www.sonoraenequipo.com.mx\/nombra-tono-astiazaran-a-funcionarios-municipales-2024-2027\/#breadcrumb\"},\"inLanguage\":\"es\",\"potentialAction\":[{\"@type\":\"ReadAction\",\"target\":[\"https:\/\/www.sonoraenequipo.com.mx\/nombra-tono-astiazaran-a-funcionarios-municipales-2024-2027\/\"]}]},{\"@type\":\"ImageObject\",\"inLanguage\":\"es\",\"@id\":\"https:\/\/www.sonoraenequipo.com.mx\/nombra-tono-astiazaran-a-funcionarios-municipales-2024-2027\/#primaryimage\",\"url\":\"https:\/\/www.sonoraenequipo.com.mx\/storage\/2024\/10\/funcionarios-hmo.jpg\",\"contentUrl\":\"https:\/\/www.sonoraenequipo.com.mx\/storage\/2024\/10\/funcionarios-hmo.jpg\",\"width\":653,\"height\":400},{\"@type\":\"BreadcrumbList\",\"@id\":\"https:\/\/www.sonoraenequipo.com.mx\/nombra-tono-astiazaran-a-funcionarios-municipales-2024-2027\/#breadcrumb\",\"itemListElement\":[{\"@type\":\"ListItem\",\"position\":1,\"name\":\"Portada\",\"item\":\"https:\/\/www.sonoraenequipo.com.mx\/\"},{\"@type\":\"ListItem\",\"position\":2,\"name\":\"Nombra To\u00f1o Astiazar\u00e1n a funcionarios municipales 2024-2027\"}]},{\"@type\":\"WebSite\",\"@id\":\"https:\/\/www.sonoraenequipo.com.mx\/#website\",\"url\":\"https:\/\/www.sonoraenequipo.com.mx\/\",\"name\":\"Sonora en Equipo.\",\"description\":\"Diario en l\u00ednea con Noticias desde Hermosillo, Sonora\",\"publisher\":{\"@id\":\"https:\/\/www.sonoraenequipo.com.mx\/#organization\"},\"potentialAction\":[{\"@type\":\"SearchAction\",\"target\":{\"@type\":\"EntryPoint\",\"urlTemplate\":\"https:\/\/www.sonoraenequipo.com.mx\/?s={search_term_string}\"},\"query-input\":{\"@type\":\"PropertyValueSpecification\",\"valueRequired\":true,\"valueName\":\"search_term_string\"}}],\"inLanguage\":\"es\"},{\"@type\":\"Organization\",\"@id\":\"https:\/\/www.sonoraenequipo.com.mx\/#organization\",\"name\":\"Sonoraenequipo.com.mx\",\"url\":\"https:\/\/www.sonoraenequipo.com.mx\/\",\"logo\":{\"@type\":\"ImageObject\",\"inLanguage\":\"es\",\"@id\":\"https:\/\/www.sonoraenequipo.com.mx\/#\/schema\/logo\/image\/\",\"url\":\"https:\/\/www.sonoraenequipo.com.mx\/storage\/2019\/01\/sonoraenequipo_opt.png\",\"contentUrl\":\"https:\/\/www.sonoraenequipo.com.mx\/storage\/2019\/01\/sonoraenequipo_opt.png\",\"width\":375,\"height\":125,\"caption\":\"Sonoraenequipo.com.mx\"},\"image\":{\"@id\":\"https:\/\/www.sonoraenequipo.com.mx\/#\/schema\/logo\/image\/\"},\"sameAs\":[\"https:\/\/www.facebook.com\/SonoraEE\/\",\"https:\/\/x.com\/sonoraenequipo\",\"https:\/\/www.youtube.com\/channel\/UC338nW-lPEYmJQs4ZABQ1SQ\"]},{\"@type\":\"Person\",\"@id\":\"https:\/\/www.sonoraenequipo.com.mx\/#\/schema\/person\/50102df0fb23a8fa9e8effad8fa81386\",\"name\":\"enequipo\",\"image\":{\"@type\":\"ImageObject\",\"inLanguage\":\"es\",\"@id\":\"https:\/\/www.sonoraenequipo.com.mx\/#\/schema\/person\/image\/\",\"url\":\"https:\/\/secure.gravatar.com\/avatar\/049821681b589dabc0bc20695993ccebb09f5b5d4d790cd9251b97faac7c652b?s=96&d=blank&r=g\",\"contentUrl\":\"https:\/\/secure.gravatar.com\/avatar\/049821681b589dabc0bc20695993ccebb09f5b5d4d790cd9251b97faac7c652b?s=96&d=blank&r=g\",\"caption\":\"enequipo\"},\"sameAs\":[\"https:\/\/www.facebook.com\/SonoraEE\"]}]}<\/script>\n ","yoast_head_json":{"title":"Sonora en Equipo. Nombra To\u00f1o Astiazar\u00e1n a funcionarios municipales 2024-2027 Municipios","description":"HERMOSILLO, SONORA, MX. \u2014 Con el compromiso de enfrentar los retos de Hermosillo, el presidente municipal, Antonio Astiazar\u00e1n tom\u00f3 protesta a las y los En Sonora en Equipo publicamos toda la informaci\u00f3n de Sonora, M\u00e9xico y el Mundo de manera oportuna y busca que la libertad de expresi\u00f3n sea real. Visita nuestro medio informativo publicado desde Hermosillo, Sonora. %","robots":{"index":"index","follow":"follow","max-snippet":"max-snippet:-1","max-image-preview":"max-image-preview:large","max-video-preview":"max-video-preview:-1"},"canonical":"https:\/\/www.sonoraenequipo.com.mx\/nombra-tono-astiazaran-a-funcionarios-municipales-2024-2027\/","og_locale":"es_ES","og_type":"article","og_title":"Sonora en Equipo. Nombra To\u00f1o Astiazar\u00e1n a funcionarios municipales 2024-2027 Municipios","og_description":"HERMOSILLO, SONORA, MX. \u2014 Con el compromiso de enfrentar los retos de Hermosillo, el presidente municipal, Antonio Astiazar\u00e1n tom\u00f3 protesta a las y los En Sonora en Equipo publicamos toda la informaci\u00f3n de Sonora, M\u00e9xico y el Mundo de manera oportuna y busca que la libertad de expresi\u00f3n sea real. Visita nuestro medio informativo publicado desde Hermosillo, Sonora. %","og_url":"https:\/\/www.sonoraenequipo.com.mx\/nombra-tono-astiazaran-a-funcionarios-municipales-2024-2027\/","og_site_name":"Sonora en Equipo.","article_publisher":"https:\/\/www.facebook.com\/SonoraEE\/","article_author":"https:\/\/www.facebook.com\/SonoraEE","article_published_time":"2024-10-01T21:54:42+00:00","og_image":[{"width":653,"height":400,"url":"https:\/\/www.sonoraenequipo.com.mx\/storage\/2024\/10\/funcionarios-hmo.jpg","type":"image\/jpeg"}],"author":"enequipo","twitter_card":"summary_large_image","twitter_creator":"@sonoraenequipo","twitter_site":"@sonoraenequipo","twitter_misc":{"Escrito por":"enequipo","Tiempo de lectura":"3 minutos"},"schema":{"@context":"https:\/\/schema.org","@graph":[{"@type":"Article","@id":"https:\/\/www.sonoraenequipo.com.mx\/nombra-tono-astiazaran-a-funcionarios-municipales-2024-2027\/#article","isPartOf":{"@id":"https:\/\/www.sonoraenequipo.com.mx\/nombra-tono-astiazaran-a-funcionarios-municipales-2024-2027\/"},"author":{"name":"enequipo","@id":"https:\/\/www.sonoraenequipo.com.mx\/#\/schema\/person\/50102df0fb23a8fa9e8effad8fa81386"},"headline":"Nombra To\u00f1o Astiazar\u00e1n a funcionarios municipales 2024-2027","datePublished":"2024-10-01T21:54:42+00:00","mainEntityOfPage":{"@id":"https:\/\/www.sonoraenequipo.com.mx\/nombra-tono-astiazaran-a-funcionarios-municipales-2024-2027\/"},"wordCount":532,"commentCount":0,"publisher":{"@id":"https:\/\/www.sonoraenequipo.com.mx\/#organization"},"image":{"@id":"https:\/\/www.sonoraenequipo.com.mx\/nombra-tono-astiazaran-a-funcionarios-municipales-2024-2027\/#primaryimage"},"thumbnailUrl":"https:\/\/www.sonoraenequipo.com.mx\/storage\/2024\/10\/funcionarios-hmo.jpg","keywords":["funcionarios","hermosillo"],"articleSection":["Municipios"],"inLanguage":"es","potentialAction":[{"@type":"CommentAction","name":"Comment","target":["https:\/\/www.sonoraenequipo.com.mx\/nombra-tono-astiazaran-a-funcionarios-municipales-2024-2027\/#respond"]}]},{"@type":"WebPage","@id":"https:\/\/www.sonoraenequipo.com.mx\/nombra-tono-astiazaran-a-funcionarios-municipales-2024-2027\/","url":"https:\/\/www.sonoraenequipo.com.mx\/nombra-tono-astiazaran-a-funcionarios-municipales-2024-2027\/","name":"Sonora en Equipo. Nombra To\u00f1o Astiazar\u00e1n a funcionarios municipales 2024-2027 Municipios","isPartOf":{"@id":"https:\/\/www.sonoraenequipo.com.mx\/#website"},"primaryImageOfPage":{"@id":"https:\/\/www.sonoraenequipo.com.mx\/nombra-tono-astiazaran-a-funcionarios-municipales-2024-2027\/#primaryimage"},"image":{"@id":"https:\/\/www.sonoraenequipo.com.mx\/nombra-tono-astiazaran-a-funcionarios-municipales-2024-2027\/#primaryimage"},"thumbnailUrl":"https:\/\/www.sonoraenequipo.com.mx\/storage\/2024\/10\/funcionarios-hmo.jpg","datePublished":"2024-10-01T21:54:42+00:00","description":"HERMOSILLO, SONORA, MX. \u2014 Con el compromiso de enfrentar los retos de Hermosillo, el presidente municipal, Antonio Astiazar\u00e1n tom\u00f3 protesta a las y los En Sonora en Equipo publicamos toda la informaci\u00f3n de Sonora, M\u00e9xico y el Mundo de manera oportuna y busca que la libertad de expresi\u00f3n sea real. Visita nuestro medio informativo publicado desde Hermosillo, Sonora. %","breadcrumb":{"@id":"https:\/\/www.sonoraenequipo.com.mx\/nombra-tono-astiazaran-a-funcionarios-municipales-2024-2027\/#breadcrumb"},"inLanguage":"es","potentialAction":[{"@type":"ReadAction","target":["https:\/\/www.sonoraenequipo.com.mx\/nombra-tono-astiazaran-a-funcionarios-municipales-2024-2027\/"]}]},{"@type":"ImageObject","inLanguage":"es","@id":"https:\/\/www.sonoraenequipo.com.mx\/nombra-tono-astiazaran-a-funcionarios-municipales-2024-2027\/#primaryimage","url":"https:\/\/www.sonoraenequipo.com.mx\/storage\/2024\/10\/funcionarios-hmo.jpg","contentUrl":"https:\/\/www.sonoraenequipo.com.mx\/storage\/2024\/10\/funcionarios-hmo.jpg","width":653,"height":400},{"@type":"BreadcrumbList","@id":"https:\/\/www.sonoraenequipo.com.mx\/nombra-tono-astiazaran-a-funcionarios-municipales-2024-2027\/#breadcrumb","itemListElement":[{"@type":"ListItem","position":1,"name":"Portada","item":"https:\/\/www.sonoraenequipo.com.mx\/"},{"@type":"ListItem","position":2,"name":"Nombra To\u00f1o Astiazar\u00e1n a funcionarios municipales 2024-2027"}]},{"@type":"WebSite","@id":"https:\/\/www.sonoraenequipo.com.mx\/#website","url":"https:\/\/www.sonoraenequipo.com.mx\/","name":"Sonora en Equipo.","description":"Diario en l\u00ednea con Noticias desde Hermosillo, Sonora","publisher":{"@id":"https:\/\/www.sonoraenequipo.com.mx\/#organization"},"potentialAction":[{"@type":"SearchAction","target":{"@type":"EntryPoint","urlTemplate":"https:\/\/www.sonoraenequipo.com.mx\/?s={search_term_string}"},"query-input":{"@type":"PropertyValueSpecification","valueRequired":true,"valueName":"search_term_string"}}],"inLanguage":"es"},{"@type":"Organization","@id":"https:\/\/www.sonoraenequipo.com.mx\/#organization","name":"Sonoraenequipo.com.mx","url":"https:\/\/www.sonoraenequipo.com.mx\/","logo":{"@type":"ImageObject","inLanguage":"es","@id":"https:\/\/www.sonoraenequipo.com.mx\/#\/schema\/logo\/image\/","url":"https:\/\/www.sonoraenequipo.com.mx\/storage\/2019\/01\/sonoraenequipo_opt.png","contentUrl":"https:\/\/www.sonoraenequipo.com.mx\/storage\/2019\/01\/sonoraenequipo_opt.png","width":375,"height":125,"caption":"Sonoraenequipo.com.mx"},"image":{"@id":"https:\/\/www.sonoraenequipo.com.mx\/#\/schema\/logo\/image\/"},"sameAs":["https:\/\/www.facebook.com\/SonoraEE\/","https:\/\/x.com\/sonoraenequipo","https:\/\/www.youtube.com\/channel\/UC338nW-lPEYmJQs4ZABQ1SQ"]},{"@type":"Person","@id":"https:\/\/www.sonoraenequipo.com.mx\/#\/schema\/person\/50102df0fb23a8fa9e8effad8fa81386","name":"enequipo","image":{"@type":"ImageObject","inLanguage":"es","@id":"https:\/\/www.sonoraenequipo.com.mx\/#\/schema\/person\/image\/","url":"https:\/\/secure.gravatar.com\/avatar\/049821681b589dabc0bc20695993ccebb09f5b5d4d790cd9251b97faac7c652b?s=96&d=blank&r=g","contentUrl":"https:\/\/secure.gravatar.com\/avatar\/049821681b589dabc0bc20695993ccebb09f5b5d4d790cd9251b97faac7c652b?s=96&d=blank&r=g","caption":"enequipo"},"sameAs":["https:\/\/www.facebook.com\/SonoraEE"]}]}},"jetpack_featured_media_url":"https:\/\/www.sonoraenequipo.com.mx\/storage\/2024\/10\/funcionarios-hmo.jpg","_links":{"self":[{"href":"https:\/\/www.sonoraenequipo.com.mx\/api\/wp\/v2\/posts\/200327","targetHints":{"allow":["GET"]}}],"collection":[{"href":"https:\/\/www.sonoraenequipo.com.mx\/api\/wp\/v2\/posts"}],"about":[{"href":"https:\/\/www.sonoraenequipo.com.mx\/api\/wp\/v2\/types\/post"}],"author":[{"embeddable":true,"href":"https:\/\/www.sonoraenequipo.com.mx\/api\/wp\/v2\/users\/1"}],"replies":[{"embeddable":true,"href":"https:\/\/www.sonoraenequipo.com.mx\/api\/wp\/v2\/comments?post=200327"}],"version-history":[{"count":1,"href":"https:\/\/www.sonoraenequipo.com.mx\/api\/wp\/v2\/posts\/200327\/revisions"}],"predecessor-version":[{"id":200329,"href":"https:\/\/www.sonoraenequipo.com.mx\/api\/wp\/v2\/posts\/200327\/revisions\/200329"}],"wp:featuredmedia":[{"embeddable":true,"href":"https:\/\/www.sonoraenequipo.com.mx\/api\/wp\/v2\/media\/200328"}],"wp:attachment":[{"href":"https:\/\/www.sonoraenequipo.com.mx\/api\/wp\/v2\/media?parent=200327"}],"wp:term":[{"taxonomy":"category","embeddable":true,"href":"https:\/\/www.sonoraenequipo.com.mx\/api\/wp\/v2\/categories?post=200327"},{"taxonomy":"post_tag","embeddable":true,"href":"https:\/\/www.sonoraenequipo.com.mx\/api\/wp\/v2\/tags?post=200327"}],"curies":[{"name":"wp","href":"https:\/\/api.w.org\/{rel}","templated":true}]}}