{"id":200344,"date":"2024-10-01T08:44:45","date_gmt":"2024-10-01T15:44:45","guid":{"rendered":"https:\/\/www.sonoraenequipo.com.mx\/?p=200344"},"modified":"2024-10-01T17:54:20","modified_gmt":"2024-10-02T00:54:20","slug":"unison-celebrara-en-grande-el-82-aniversario-de-fundacion","status":"publish","type":"post","link":"https:\/\/www.sonoraenequipo.com.mx\/unison-celebrara-en-grande-el-82-aniversario-de-fundacion\/","title":{"rendered":"Unison celebrar\u00e1 en grande el 82 aniversario de fundaci\u00f3n"},"content":{"rendered":"<p><strong>HERMOSILLO, SONORA. MX.<\/strong> \u2014 Para festejar en grande el legado y orgullo de ser la m\u00e1xima casa de estudios de los sonorenses, la rectora de la Universidad de Sonora, Mar\u00eda Rita Plancarte Mart\u00ednez, present\u00f3 hoy el programa de actividades principales se llevar\u00e1n a cabo en el mes de octubre, con motivo del 82 Aniversario de la instituci\u00f3n.<\/p>\n<p>&nbsp;<\/p>\n<p>&nbsp;<\/p>\n<p> <br \/>\nEn rueda de prensa, Plancarte Mart\u00ednez se\u00f1al\u00f3 que la Unison fue fundada en 1942 con la finalidad de que j\u00f3venes sonorenses tuvieran una opci\u00f3n de educaci\u00f3n superior en el propio estado y fomentar, de esa manera, el arraigo.<\/p>\n<p>&nbsp;<\/p>\n<p>&nbsp;<\/p>\n<p>Despu\u00e9s de 82 a\u00f1os, se ha cumplido el objetivo y se ha avanzado tanto que, en la actualidad, la instituci\u00f3n ofrece 59 programas de licenciatura y 59 programas de posgrados; adem\u00e1s, nueve cursos de lenguas extranjeras y cuatro talleres de artes; estas opciones se hacen presente a lo largo y ancho del estado en los campus Navojoa, Cajeme, Santa Ana, Caborca, Nogales y Hermosillo, asegur\u00f3.<\/p>\n<p>&nbsp;<\/p>\n<p>&nbsp;<\/p>\n<p>&nbsp;<\/p>\n<h3>Contin\u00faa la esencia y se fortalece cada vez m\u00e1s<\/h3>\n<p>&nbsp;<\/p>\n<p>&nbsp;<\/p>\n<p>Revel\u00f3 que se atiende a m\u00e1s de 40 mil estudiantes, de tal manera que la esencia de la Universidad de Sonora vive en los corazones de las familias sonorenses y ofrece un futuro promisorio porque crea y promueve vocaciones pertinentes con s\u00f3lida formaci\u00f3n profesional, con valores universales que se modelan en los lugares donde imprimen sus conocimientos.<\/p>\n<p>&nbsp;<\/p>\n<p>&nbsp;<\/p>\n<p><em><strong>\u201cPor ello, para nosotros es motivo de orgullo y celebraci\u00f3n el festejar 82 a\u00f1os de la Universidad de Sonora y hemos organizado algunas actividades que hacen patente todo el abanico de posibilidades que tenemos como universitarios\u201d,<\/strong><\/em> agreg\u00f3.<\/p>\n<p>&nbsp;<\/p>\n<p>&nbsp;<\/p>\n<p>Plancarte Mart\u00ednez destac\u00f3 la Noche Art\u00edstica de Aniversario, el d\u00eda jueves 10 de octubre, en el frontispicio de Rector\u00eda, de las 19:00 a las 23:00 horas; las actividades programadas son una noche de mapping, canto, m\u00fasica, artes esc\u00e9nicas, verbena familiar y bazar.<\/p>\n<p>&nbsp;<\/p>\n<p>&nbsp;<\/p>\n<p>Despu\u00e9s, el viernes 11 de octubre, en punto de las 12:00 horas, en el Sal\u00f3n de Convenciones del Centro de las Artes, se efectuar\u00e1 la Ceremonia conmemorativa del 82 aniversario y la entrega del Premio Universidad de Sonora a la Trayectoria Estudiantil a alumnos destacados de los seis campus.<\/p>\n<p>&nbsp;<\/p>\n<p>&nbsp;<\/p>\n<p>Para el domingo 13 de octubre, se invita a la sociedad en general a participar en la Carrera de Aniversario, en su tercera edici\u00f3n, el evento deportivo cuenta con un circuito recreativo de 3.5 kil\u00f3metros y otro competitivo de 5 kil\u00f3metros, este \u00faltimo tendr\u00e1 premios en efectivo, camisetas, souvenirs y medalla para categor\u00eda en la rama femenil y varonil.<\/p>\n<p>&nbsp;<\/p>\n<p>&nbsp;<\/p>\n<p>Otra relevante actividad de aniversario, ser\u00e1 la conferencia Todo profesional debe saber hablar en p\u00fablico, a cargo de Paco Ben\u00edtez, creador de contenido, emprendedor y conferencista, la cita es el d\u00eda lunes 14 de octubre, en el Sal\u00f3n de Convenciones del Centro de las Artes, a las 11:00 y 17:00 horas.<\/p>\n<p>&nbsp;<\/p>\n<p>&nbsp;<\/p>\n<p>El mi\u00e9rcoles 16 de octubre, nueve estudiantes y egresados de la Licenciatura en M\u00fasica har\u00e1n gala de su registro vocal en el Concierto: Gala Oper\u00edstica Conmemorativa, donde se ofrecer\u00e1n al p\u00fablico diversas piezas de m\u00fasica cl\u00e1sica, romanzas de zarzuelas, ensambles, y piezas corales que ser\u00e1n acompa\u00f1adas de 11 instrumentistas. La sede del evento ser\u00e1 el Teatro Emiliana de Zubeld\u00eda, a las 20:00 horas.<\/p>\n<p>&nbsp;<\/p>\n<p>&nbsp;<\/p>\n<p>Y los d\u00edas 17, 24 y 31 de octubre, en la Plaza del Estudiante del campus Hermosillo, en horario de 18:00 a 19:30 horas, los j\u00f3venes universitarios se unir\u00e1n a los festejos de aniversario del alma mater con el programa Tardes de plaza al son de la Unison, donde se incluye la presentaci\u00f3n de diversos g\u00e9neros musicales con grupos y cantantes solistas.<\/p>\n<p>&nbsp;<\/p>\n<p>&nbsp;<\/p>\n<p>&nbsp;<\/p>\n<h3>Carrera de Aniversario<\/h3>\n<p>&nbsp;<\/p>\n<p>Por su parte, Graciela Hoyos Ruiz, encargada del Departamento de Ciencias del Deporte y de la Actividad F\u00edsica, dio a conocer que ser\u00e1n 12 categor\u00edas de los 15 a\u00f1os hasta 70 y m\u00e1s, en la rama femenil y varonil, quienes podr\u00e1 participar en la Carrera de Aniversario, en su tercera edici\u00f3n.<\/p>\n<p>&nbsp;<\/p>\n<p>&nbsp;<\/p>\n<p>Anunci\u00f3 que el viernes 11 de octubre, a las 12:00 horas, ser\u00e1 el cierre de inscripciones, las cuales ser\u00e1n en l\u00ednea por medio de c\u00f3digo QR; mientras que el s\u00e1bado 12 de octubre se realizar\u00e1 la entrega de kits en el Gimnasio Universitario, en horario de 10:00 a 14:00 horas, y las primeras 500 personas que lleguen ese d\u00eda recibir\u00e1n una playera conmemorativa.<\/p>\n<p>&nbsp;<\/p>\n<p>&nbsp;<\/p>\n<p>Se premiar\u00e1 econ\u00f3micamente a los ganadores absolutos de la carrera competitiva, en las ramas femenil y varonil; el primer lugar se har\u00e1 acreedor de tres mil pesos; el segundo lugar, dos mil pesos y mil 500 a quien conquiste el tercer sitio del evento deportivo.<\/p>\n<p>&nbsp;<\/p>\n<h3>\n<strong>La Carrera de Aniversario ser\u00e1 el domingo 13 de octubre, a las 7:00 horas, en el Estadio Miguel Castro Serv\u00edn.<\/strong><\/h3>\n<p>&nbsp;<\/p>\n<p>&nbsp;<\/p>\n<p>Consulta el programa de actividades del 82 Aniversario AQU\u00cd.<strong><a href=\"http:\/\/www.unison.mx\/storage\/2024\/09\/CARTELERA-82-ANIV.jpg\"> www.unison.mx\/storage\/2024\/09\/CARTELERA-82-ANIV.jpg<\/a><\/strong><\/p>\n<p>&nbsp;<\/p>\n<p>&nbsp;<\/p>\n<p>Inscripciones a la Carrera de Aniversario AQU\u00cd. <a href=\"https:\/\/forms.gle\/YMApqKA7qtPUK8Za6\"><strong>https:\/\/forms.gle\/YMApqKA7qtPUK8Za6<\/strong><\/a><\/p>\n<p>&nbsp;<\/p>\n<p>&nbsp;<\/p>\n<p>Consulta Convocatoria Carrera de Aniversario: <a href=\"http:\/\/www.unison.mx\/storage\/2024\/09\/CARTEL-CARRERA.jpg\"><strong>www.unison.mx\/storage\/2024\/09\/CARTEL-CARRERA.jpg<\/strong><\/a><\/p>\n<p>&nbsp;<\/p>\n<p>&nbsp;<\/p>\n<p>&nbsp;<\/p>\n<p>PUBLICADO EL 01 DE OCTUBRE DE 2024 Con informaci\u00f3n de CS UNISON)<\/p>\n","protected":false},"excerpt":{"rendered":"<p>HERMOSILLO, SONORA. MX. \u2014 Para festejar en grande el legado y orgullo de ser la&#8230;<\/p>\n","protected":false},"author":1,"featured_media":200337,"comment_status":"open","ping_status":"open","sticky":false,"template":"","format":"standard","meta":{"_monsterinsights_skip_tracking":false,"_monsterinsights_sitenote_active":false,"_monsterinsights_sitenote_note":"","_monsterinsights_sitenote_category":0,"footnotes":""},"categories":[22],"tags":[],"class_list":["post"],"yoast_head":" \n<title>Sonora en Equipo. Unison celebrar\u00e1 en grande el 82 aniversario de fundaci\u00f3n Sonora<\/title>\n<meta name=\"description\" content=\"HERMOSILLO, SONORA. MX. \u2014 Para festejar en grande el legado y orgullo de ser la m\u00e1xima casa de estudios de los sonorenses, la rectora de la Universidad de En Sonora en Equipo publicamos toda la informaci\u00f3n de Sonora, M\u00e9xico y el Mundo de manera oportuna y busca que la libertad de expresi\u00f3n sea real. Visita nuestro medio informativo publicado desde Hermosillo, Sonora. %\" \/>\n<meta name=\"robots\" content=\"index, follow, max-snippet:-1, max-image-preview:large, max-video-preview:-1\" \/>\n<link rel=\"canonical\" href=\"https:\/\/www.sonoraenequipo.com.mx\/unison-celebrara-en-grande-el-82-aniversario-de-fundacion\/\" \/>\n<meta property=\"og:locale\" content=\"es_ES\" \/>\n<meta property=\"og:type\" content=\"article\" \/>\n<meta property=\"og:title\" content=\"Sonora en Equipo. Unison celebrar\u00e1 en grande el 82 aniversario de fundaci\u00f3n Sonora\" \/>\n<meta property=\"og:description\" content=\"HERMOSILLO, SONORA. MX. \u2014 Para festejar en grande el legado y orgullo de ser la m\u00e1xima casa de estudios de los sonorenses, la rectora de la Universidad de En Sonora en Equipo publicamos toda la informaci\u00f3n de Sonora, M\u00e9xico y el Mundo de manera oportuna y busca que la libertad de expresi\u00f3n sea real. Visita nuestro medio informativo publicado desde Hermosillo, Sonora. %\" \/>\n<meta property=\"og:url\" content=\"https:\/\/www.sonoraenequipo.com.mx\/unison-celebrara-en-grande-el-82-aniversario-de-fundacion\/\" \/>\n<meta property=\"og:site_name\" content=\"Sonora en Equipo.\" \/>\n<meta property=\"article:publisher\" content=\"https:\/\/www.facebook.com\/SonoraEE\/\" \/>\n<meta property=\"article:author\" content=\"https:\/\/www.facebook.com\/SonoraEE\" \/>\n<meta property=\"article:published_time\" content=\"2024-10-01T15:44:45+00:00\" \/>\n<meta property=\"article:modified_time\" content=\"2024-10-02T00:54:20+00:00\" \/>\n<meta property=\"og:image\" content=\"https:\/\/www.sonoraenequipo.com.mx\/storage\/2024\/10\/aniversario-de-UNISON-min.jpg\" \/>\n\t<meta property=\"og:image:width\" content=\"900\" \/>\n\t<meta property=\"og:image:height\" content=\"522\" \/>\n\t<meta property=\"og:image:type\" content=\"image\/jpeg\" \/>\n<meta name=\"author\" content=\"enequipo\" \/>\n<meta name=\"twitter:card\" content=\"summary_large_image\" \/>\n<meta name=\"twitter:creator\" content=\"@sonoraenequipo\" \/>\n<meta name=\"twitter:site\" content=\"@sonoraenequipo\" \/>\n<meta name=\"twitter:label1\" content=\"Escrito por\" \/>\n\t<meta name=\"twitter:data1\" content=\"enequipo\" \/>\n\t<meta name=\"twitter:label2\" content=\"Tiempo de lectura\" \/>\n\t<meta name=\"twitter:data2\" content=\"4 minutos\" \/>\n<script type=\"application\/ld+json\" class=\"yoast-schema-graph\">{\"@context\":\"https:\/\/schema.org\",\"@graph\":[{\"@type\":\"Article\",\"@id\":\"https:\/\/www.sonoraenequipo.com.mx\/unison-celebrara-en-grande-el-82-aniversario-de-fundacion\/#article\",\"isPartOf\":{\"@id\":\"https:\/\/www.sonoraenequipo.com.mx\/unison-celebrara-en-grande-el-82-aniversario-de-fundacion\/\"},\"author\":{\"name\":\"enequipo\",\"@id\":\"https:\/\/www.sonoraenequipo.com.mx\/#\/schema\/person\/50102df0fb23a8fa9e8effad8fa81386\"},\"headline\":\"Unison celebrar\u00e1 en grande el 82 aniversario de fundaci\u00f3n\",\"datePublished\":\"2024-10-01T15:44:45+00:00\",\"dateModified\":\"2024-10-02T00:54:20+00:00\",\"mainEntityOfPage\":{\"@id\":\"https:\/\/www.sonoraenequipo.com.mx\/unison-celebrara-en-grande-el-82-aniversario-de-fundacion\/\"},\"wordCount\":900,\"commentCount\":0,\"publisher\":{\"@id\":\"https:\/\/www.sonoraenequipo.com.mx\/#organization\"},\"image\":{\"@id\":\"https:\/\/www.sonoraenequipo.com.mx\/unison-celebrara-en-grande-el-82-aniversario-de-fundacion\/#primaryimage\"},\"thumbnailUrl\":\"https:\/\/www.sonoraenequipo.com.mx\/storage\/2024\/10\/aniversario-de-UNISON-min.jpg\",\"articleSection\":[\"Sonora\"],\"inLanguage\":\"es\",\"potentialAction\":[{\"@type\":\"CommentAction\",\"name\":\"Comment\",\"target\":[\"https:\/\/www.sonoraenequipo.com.mx\/unison-celebrara-en-grande-el-82-aniversario-de-fundacion\/#respond\"]}]},{\"@type\":\"WebPage\",\"@id\":\"https:\/\/www.sonoraenequipo.com.mx\/unison-celebrara-en-grande-el-82-aniversario-de-fundacion\/\",\"url\":\"https:\/\/www.sonoraenequipo.com.mx\/unison-celebrara-en-grande-el-82-aniversario-de-fundacion\/\",\"name\":\"Sonora en Equipo. Unison celebrar\u00e1 en grande el 82 aniversario de fundaci\u00f3n Sonora\",\"isPartOf\":{\"@id\":\"https:\/\/www.sonoraenequipo.com.mx\/#website\"},\"primaryImageOfPage\":{\"@id\":\"https:\/\/www.sonoraenequipo.com.mx\/unison-celebrara-en-grande-el-82-aniversario-de-fundacion\/#primaryimage\"},\"image\":{\"@id\":\"https:\/\/www.sonoraenequipo.com.mx\/unison-celebrara-en-grande-el-82-aniversario-de-fundacion\/#primaryimage\"},\"thumbnailUrl\":\"https:\/\/www.sonoraenequipo.com.mx\/storage\/2024\/10\/aniversario-de-UNISON-min.jpg\",\"datePublished\":\"2024-10-01T15:44:45+00:00\",\"dateModified\":\"2024-10-02T00:54:20+00:00\",\"description\":\"HERMOSILLO, SONORA. MX. \u2014 Para festejar en grande el legado y orgullo de ser la m\u00e1xima casa de estudios de los sonorenses, la rectora de la Universidad de En Sonora en Equipo publicamos toda la informaci\u00f3n de Sonora, M\u00e9xico y el Mundo de manera oportuna y busca que la libertad de expresi\u00f3n sea real. Visita nuestro medio informativo publicado desde Hermosillo, Sonora. %\",\"breadcrumb\":{\"@id\":\"https:\/\/www.sonoraenequipo.com.mx\/unison-celebrara-en-grande-el-82-aniversario-de-fundacion\/#breadcrumb\"},\"inLanguage\":\"es\",\"potentialAction\":[{\"@type\":\"ReadAction\",\"target\":[\"https:\/\/www.sonoraenequipo.com.mx\/unison-celebrara-en-grande-el-82-aniversario-de-fundacion\/\"]}]},{\"@type\":\"ImageObject\",\"inLanguage\":\"es\",\"@id\":\"https:\/\/www.sonoraenequipo.com.mx\/unison-celebrara-en-grande-el-82-aniversario-de-fundacion\/#primaryimage\",\"url\":\"https:\/\/www.sonoraenequipo.com.mx\/storage\/2024\/10\/aniversario-de-UNISON-min.jpg\",\"contentUrl\":\"https:\/\/www.sonoraenequipo.com.mx\/storage\/2024\/10\/aniversario-de-UNISON-min.jpg\",\"width\":900,\"height\":522},{\"@type\":\"BreadcrumbList\",\"@id\":\"https:\/\/www.sonoraenequipo.com.mx\/unison-celebrara-en-grande-el-82-aniversario-de-fundacion\/#breadcrumb\",\"itemListElement\":[{\"@type\":\"ListItem\",\"position\":1,\"name\":\"Portada\",\"item\":\"https:\/\/www.sonoraenequipo.com.mx\/\"},{\"@type\":\"ListItem\",\"position\":2,\"name\":\"Unison celebrar\u00e1 en grande el 82 aniversario de fundaci\u00f3n\"}]},{\"@type\":\"WebSite\",\"@id\":\"https:\/\/www.sonoraenequipo.com.mx\/#website\",\"url\":\"https:\/\/www.sonoraenequipo.com.mx\/\",\"name\":\"Sonora en Equipo.\",\"description\":\"Diario en l\u00ednea con Noticias desde Hermosillo, Sonora\",\"publisher\":{\"@id\":\"https:\/\/www.sonoraenequipo.com.mx\/#organization\"},\"potentialAction\":[{\"@type\":\"SearchAction\",\"target\":{\"@type\":\"EntryPoint\",\"urlTemplate\":\"https:\/\/www.sonoraenequipo.com.mx\/?s={search_term_string}\"},\"query-input\":{\"@type\":\"PropertyValueSpecification\",\"valueRequired\":true,\"valueName\":\"search_term_string\"}}],\"inLanguage\":\"es\"},{\"@type\":\"Organization\",\"@id\":\"https:\/\/www.sonoraenequipo.com.mx\/#organization\",\"name\":\"Sonoraenequipo.com.mx\",\"url\":\"https:\/\/www.sonoraenequipo.com.mx\/\",\"logo\":{\"@type\":\"ImageObject\",\"inLanguage\":\"es\",\"@id\":\"https:\/\/www.sonoraenequipo.com.mx\/#\/schema\/logo\/image\/\",\"url\":\"https:\/\/www.sonoraenequipo.com.mx\/storage\/2019\/01\/sonoraenequipo_opt.png\",\"contentUrl\":\"https:\/\/www.sonoraenequipo.com.mx\/storage\/2019\/01\/sonoraenequipo_opt.png\",\"width\":375,\"height\":125,\"caption\":\"Sonoraenequipo.com.mx\"},\"image\":{\"@id\":\"https:\/\/www.sonoraenequipo.com.mx\/#\/schema\/logo\/image\/\"},\"sameAs\":[\"https:\/\/www.facebook.com\/SonoraEE\/\",\"https:\/\/x.com\/sonoraenequipo\",\"https:\/\/www.youtube.com\/channel\/UC338nW-lPEYmJQs4ZABQ1SQ\"]},{\"@type\":\"Person\",\"@id\":\"https:\/\/www.sonoraenequipo.com.mx\/#\/schema\/person\/50102df0fb23a8fa9e8effad8fa81386\",\"name\":\"enequipo\",\"image\":{\"@type\":\"ImageObject\",\"inLanguage\":\"es\",\"@id\":\"https:\/\/www.sonoraenequipo.com.mx\/#\/schema\/person\/image\/\",\"url\":\"https:\/\/secure.gravatar.com\/avatar\/049821681b589dabc0bc20695993ccebb09f5b5d4d790cd9251b97faac7c652b?s=96&d=blank&r=g\",\"contentUrl\":\"https:\/\/secure.gravatar.com\/avatar\/049821681b589dabc0bc20695993ccebb09f5b5d4d790cd9251b97faac7c652b?s=96&d=blank&r=g\",\"caption\":\"enequipo\"},\"sameAs\":[\"https:\/\/www.facebook.com\/SonoraEE\"]}]}<\/script>\n ","yoast_head_json":{"title":"Sonora en Equipo. Unison celebrar\u00e1 en grande el 82 aniversario de fundaci\u00f3n Sonora","description":"HERMOSILLO, SONORA. MX. \u2014 Para festejar en grande el legado y orgullo de ser la m\u00e1xima casa de estudios de los sonorenses, la rectora de la Universidad de En Sonora en Equipo publicamos toda la informaci\u00f3n de Sonora, M\u00e9xico y el Mundo de manera oportuna y busca que la libertad de expresi\u00f3n sea real. Visita nuestro medio informativo publicado desde Hermosillo, Sonora. %","robots":{"index":"index","follow":"follow","max-snippet":"max-snippet:-1","max-image-preview":"max-image-preview:large","max-video-preview":"max-video-preview:-1"},"canonical":"https:\/\/www.sonoraenequipo.com.mx\/unison-celebrara-en-grande-el-82-aniversario-de-fundacion\/","og_locale":"es_ES","og_type":"article","og_title":"Sonora en Equipo. Unison celebrar\u00e1 en grande el 82 aniversario de fundaci\u00f3n Sonora","og_description":"HERMOSILLO, SONORA. MX. \u2014 Para festejar en grande el legado y orgullo de ser la m\u00e1xima casa de estudios de los sonorenses, la rectora de la Universidad de En Sonora en Equipo publicamos toda la informaci\u00f3n de Sonora, M\u00e9xico y el Mundo de manera oportuna y busca que la libertad de expresi\u00f3n sea real. Visita nuestro medio informativo publicado desde Hermosillo, Sonora. %","og_url":"https:\/\/www.sonoraenequipo.com.mx\/unison-celebrara-en-grande-el-82-aniversario-de-fundacion\/","og_site_name":"Sonora en Equipo.","article_publisher":"https:\/\/www.facebook.com\/SonoraEE\/","article_author":"https:\/\/www.facebook.com\/SonoraEE","article_published_time":"2024-10-01T15:44:45+00:00","article_modified_time":"2024-10-02T00:54:20+00:00","og_image":[{"width":900,"height":522,"url":"https:\/\/www.sonoraenequipo.com.mx\/storage\/2024\/10\/aniversario-de-UNISON-min.jpg","type":"image\/jpeg"}],"author":"enequipo","twitter_card":"summary_large_image","twitter_creator":"@sonoraenequipo","twitter_site":"@sonoraenequipo","twitter_misc":{"Escrito por":"enequipo","Tiempo de lectura":"4 minutos"},"schema":{"@context":"https:\/\/schema.org","@graph":[{"@type":"Article","@id":"https:\/\/www.sonoraenequipo.com.mx\/unison-celebrara-en-grande-el-82-aniversario-de-fundacion\/#article","isPartOf":{"@id":"https:\/\/www.sonoraenequipo.com.mx\/unison-celebrara-en-grande-el-82-aniversario-de-fundacion\/"},"author":{"name":"enequipo","@id":"https:\/\/www.sonoraenequipo.com.mx\/#\/schema\/person\/50102df0fb23a8fa9e8effad8fa81386"},"headline":"Unison celebrar\u00e1 en grande el 82 aniversario de fundaci\u00f3n","datePublished":"2024-10-01T15:44:45+00:00","dateModified":"2024-10-02T00:54:20+00:00","mainEntityOfPage":{"@id":"https:\/\/www.sonoraenequipo.com.mx\/unison-celebrara-en-grande-el-82-aniversario-de-fundacion\/"},"wordCount":900,"commentCount":0,"publisher":{"@id":"https:\/\/www.sonoraenequipo.com.mx\/#organization"},"image":{"@id":"https:\/\/www.sonoraenequipo.com.mx\/unison-celebrara-en-grande-el-82-aniversario-de-fundacion\/#primaryimage"},"thumbnailUrl":"https:\/\/www.sonoraenequipo.com.mx\/storage\/2024\/10\/aniversario-de-UNISON-min.jpg","articleSection":["Sonora"],"inLanguage":"es","potentialAction":[{"@type":"CommentAction","name":"Comment","target":["https:\/\/www.sonoraenequipo.com.mx\/unison-celebrara-en-grande-el-82-aniversario-de-fundacion\/#respond"]}]},{"@type":"WebPage","@id":"https:\/\/www.sonoraenequipo.com.mx\/unison-celebrara-en-grande-el-82-aniversario-de-fundacion\/","url":"https:\/\/www.sonoraenequipo.com.mx\/unison-celebrara-en-grande-el-82-aniversario-de-fundacion\/","name":"Sonora en Equipo. Unison celebrar\u00e1 en grande el 82 aniversario de fundaci\u00f3n Sonora","isPartOf":{"@id":"https:\/\/www.sonoraenequipo.com.mx\/#website"},"primaryImageOfPage":{"@id":"https:\/\/www.sonoraenequipo.com.mx\/unison-celebrara-en-grande-el-82-aniversario-de-fundacion\/#primaryimage"},"image":{"@id":"https:\/\/www.sonoraenequipo.com.mx\/unison-celebrara-en-grande-el-82-aniversario-de-fundacion\/#primaryimage"},"thumbnailUrl":"https:\/\/www.sonoraenequipo.com.mx\/storage\/2024\/10\/aniversario-de-UNISON-min.jpg","datePublished":"2024-10-01T15:44:45+00:00","dateModified":"2024-10-02T00:54:20+00:00","description":"HERMOSILLO, SONORA. MX. \u2014 Para festejar en grande el legado y orgullo de ser la m\u00e1xima casa de estudios de los sonorenses, la rectora de la Universidad de En Sonora en Equipo publicamos toda la informaci\u00f3n de Sonora, M\u00e9xico y el Mundo de manera oportuna y busca que la libertad de expresi\u00f3n sea real. Visita nuestro medio informativo publicado desde Hermosillo, Sonora. %","breadcrumb":{"@id":"https:\/\/www.sonoraenequipo.com.mx\/unison-celebrara-en-grande-el-82-aniversario-de-fundacion\/#breadcrumb"},"inLanguage":"es","potentialAction":[{"@type":"ReadAction","target":["https:\/\/www.sonoraenequipo.com.mx\/unison-celebrara-en-grande-el-82-aniversario-de-fundacion\/"]}]},{"@type":"ImageObject","inLanguage":"es","@id":"https:\/\/www.sonoraenequipo.com.mx\/unison-celebrara-en-grande-el-82-aniversario-de-fundacion\/#primaryimage","url":"https:\/\/www.sonoraenequipo.com.mx\/storage\/2024\/10\/aniversario-de-UNISON-min.jpg","contentUrl":"https:\/\/www.sonoraenequipo.com.mx\/storage\/2024\/10\/aniversario-de-UNISON-min.jpg","width":900,"height":522},{"@type":"BreadcrumbList","@id":"https:\/\/www.sonoraenequipo.com.mx\/unison-celebrara-en-grande-el-82-aniversario-de-fundacion\/#breadcrumb","itemListElement":[{"@type":"ListItem","position":1,"name":"Portada","item":"https:\/\/www.sonoraenequipo.com.mx\/"},{"@type":"ListItem","position":2,"name":"Unison celebrar\u00e1 en grande el 82 aniversario de fundaci\u00f3n"}]},{"@type":"WebSite","@id":"https:\/\/www.sonoraenequipo.com.mx\/#website","url":"https:\/\/www.sonoraenequipo.com.mx\/","name":"Sonora en Equipo.","description":"Diario en l\u00ednea con Noticias desde Hermosillo, Sonora","publisher":{"@id":"https:\/\/www.sonoraenequipo.com.mx\/#organization"},"potentialAction":[{"@type":"SearchAction","target":{"@type":"EntryPoint","urlTemplate":"https:\/\/www.sonoraenequipo.com.mx\/?s={search_term_string}"},"query-input":{"@type":"PropertyValueSpecification","valueRequired":true,"valueName":"search_term_string"}}],"inLanguage":"es"},{"@type":"Organization","@id":"https:\/\/www.sonoraenequipo.com.mx\/#organization","name":"Sonoraenequipo.com.mx","url":"https:\/\/www.sonoraenequipo.com.mx\/","logo":{"@type":"ImageObject","inLanguage":"es","@id":"https:\/\/www.sonoraenequipo.com.mx\/#\/schema\/logo\/image\/","url":"https:\/\/www.sonoraenequipo.com.mx\/storage\/2019\/01\/sonoraenequipo_opt.png","contentUrl":"https:\/\/www.sonoraenequipo.com.mx\/storage\/2019\/01\/sonoraenequipo_opt.png","width":375,"height":125,"caption":"Sonoraenequipo.com.mx"},"image":{"@id":"https:\/\/www.sonoraenequipo.com.mx\/#\/schema\/logo\/image\/"},"sameAs":["https:\/\/www.facebook.com\/SonoraEE\/","https:\/\/x.com\/sonoraenequipo","https:\/\/www.youtube.com\/channel\/UC338nW-lPEYmJQs4ZABQ1SQ"]},{"@type":"Person","@id":"https:\/\/www.sonoraenequipo.com.mx\/#\/schema\/person\/50102df0fb23a8fa9e8effad8fa81386","name":"enequipo","image":{"@type":"ImageObject","inLanguage":"es","@id":"https:\/\/www.sonoraenequipo.com.mx\/#\/schema\/person\/image\/","url":"https:\/\/secure.gravatar.com\/avatar\/049821681b589dabc0bc20695993ccebb09f5b5d4d790cd9251b97faac7c652b?s=96&d=blank&r=g","contentUrl":"https:\/\/secure.gravatar.com\/avatar\/049821681b589dabc0bc20695993ccebb09f5b5d4d790cd9251b97faac7c652b?s=96&d=blank&r=g","caption":"enequipo"},"sameAs":["https:\/\/www.facebook.com\/SonoraEE"]}]}},"jetpack_featured_media_url":"https:\/\/www.sonoraenequipo.com.mx\/storage\/2024\/10\/aniversario-de-UNISON-min.jpg","_links":{"self":[{"href":"https:\/\/www.sonoraenequipo.com.mx\/api\/wp\/v2\/posts\/200344","targetHints":{"allow":["GET"]}}],"collection":[{"href":"https:\/\/www.sonoraenequipo.com.mx\/api\/wp\/v2\/posts"}],"about":[{"href":"https:\/\/www.sonoraenequipo.com.mx\/api\/wp\/v2\/types\/post"}],"author":[{"embeddable":true,"href":"https:\/\/www.sonoraenequipo.com.mx\/api\/wp\/v2\/users\/1"}],"replies":[{"embeddable":true,"href":"https:\/\/www.sonoraenequipo.com.mx\/api\/wp\/v2\/comments?post=200344"}],"version-history":[{"count":1,"href":"https:\/\/www.sonoraenequipo.com.mx\/api\/wp\/v2\/posts\/200344\/revisions"}],"predecessor-version":[{"id":200345,"href":"https:\/\/www.sonoraenequipo.com.mx\/api\/wp\/v2\/posts\/200344\/revisions\/200345"}],"wp:featuredmedia":[{"embeddable":true,"href":"https:\/\/www.sonoraenequipo.com.mx\/api\/wp\/v2\/media\/200337"}],"wp:attachment":[{"href":"https:\/\/www.sonoraenequipo.com.mx\/api\/wp\/v2\/media?parent=200344"}],"wp:term":[{"taxonomy":"category","embeddable":true,"href":"https:\/\/www.sonoraenequipo.com.mx\/api\/wp\/v2\/categories?post=200344"},{"taxonomy":"post_tag","embeddable":true,"href":"https:\/\/www.sonoraenequipo.com.mx\/api\/wp\/v2\/tags?post=200344"}],"curies":[{"name":"wp","href":"https:\/\/api.w.org\/{rel}","templated":true}]}}