{"id":200346,"date":"2024-10-01T18:10:31","date_gmt":"2024-10-02T01:10:31","guid":{"rendered":"https:\/\/www.sonoraenequipo.com.mx\/?p=200346"},"modified":"2024-10-01T18:52:18","modified_gmt":"2024-10-02T01:52:18","slug":"inauguran-xvii-edicion-del-congreso-estudiantil-de-medicina","status":"publish","type":"post","link":"https:\/\/www.sonoraenequipo.com.mx\/inauguran-xvii-edicion-del-congreso-estudiantil-de-medicina\/","title":{"rendered":"Inauguran XVII edici\u00f3n del Congreso Estudiantil de Medicina"},"content":{"rendered":"<p><strong>HERMOSILLO, SONORA. MX. \u2014<\/strong> Con la presencia de autoridades universitarias, encabezadas por la rectora Mar\u00eda Rita Plancarte Mart\u00ednez, se inaugur\u00f3 hoy, 1 de octubre, la XVII edici\u00f3n del ya tradicional Congreso Estudiantil de Medicina de la Universidad de Sonora, CEMUS 2024.<\/p>\n<p>&nbsp;<\/p>\n<p>&nbsp;<\/p>\n<p>&nbsp;<\/p>\n<p> <br \/>\nEmocionada por ver el Sal\u00f3n de Convenciones del Centro de las Artes lleno de alumnos de la Licenciatura en Medicina de la Unison y otras instituciones de educaci\u00f3n superior de la localidad, la rectora pidi\u00f3 a los j\u00f3venes no dejar su lado humano y que siempre piensen en ser solidarios.<\/p>\n<p>&nbsp;<\/p>\n<p>&nbsp;<\/p>\n<p><em><strong>\u201cYo quisiera que se llevaran de la Universidad ese gran conocimiento, pero, sobre todo, una gran formaci\u00f3n humana, una gran calidad de empat\u00eda hacia el otro, hacia el enfermo, hacia el que atienden.<\/strong><\/em><\/p>\n<p>&nbsp;<\/p>\n<p>&nbsp;<\/p>\n<p><strong><em>\u201cCuando atiendan a sus pacientes, piensen que est\u00e1n atendiendo a alguien a quien quieren, porque es nuestra obligaci\u00f3n como universitarios el ser solidarios y sentirlos, darnos a los otros y encontrarnos a nosotros\u201d<\/em><\/strong>, reiter\u00f3.<\/p>\n<p>&nbsp;<\/p>\n<p>&nbsp;<\/p>\n<p>A\u00f1adi\u00f3 que el hecho de que est\u00e9n presentes el d\u00eda de hoy en un Congreso dedicado a los propios estudiantes es un honor y un privilegio.<br \/>\n<em><strong>\u201cMuchos de ustedes, con toda seguridad, tendr\u00e1n lo m\u00e1s relevante del conocimiento de frontera y la sensibilidad del \u00e1rea\u201d<\/strong><\/em>, asever\u00f3.<\/p>\n<p>&nbsp;<\/p>\n<p>&nbsp;<\/p>\n<h3>Desde 2006<\/h3>\n<p>&nbsp;<\/p>\n<p>Por su parte, Sergio Trujillo L\u00f3pez, jefe del Departamento de Medicina y Ciencias de la Salud, expres\u00f3 sus felicitaciones al comit\u00e9 organizador, a la Sociedad Estudiantil de Medicina, encabezada por Am\u00e9rica Josselyn Corral Oca\u00f1a, que ha mantenido desde 2006 el firme compromiso de la formaci\u00f3n m\u00e9dica de los estudiantes.<\/p>\n<p>&nbsp;<\/p>\n<p>&nbsp;<\/p>\n<p><em><strong>\u201cEste compromiso no es sencillo, por lo que extiendo una sincera felicitaci\u00f3n por su dedicaci\u00f3n y esfuerzo continuo\u201d,<\/strong> <\/em>expres\u00f3.<br \/>\nDestac\u00f3 adem\u00e1s la importancia de que cada uno de los alumnos se involucre en eventos acad\u00e9micos y de integraci\u00f3n como el CEMUS, que refleja el deseo de crecer y aprender, lo que es vital para su preparaci\u00f3n profesional.<\/p>\n<p>&nbsp;<\/p>\n<p>&nbsp;<\/p>\n<p>Dijo tambi\u00e9n que el tema central de esta XVII edici\u00f3n de CEMUS, que es traumatolog\u00eda y ortopedia, es excelente propuesta por varias razones, siendo una de las principales, la prevalencia de casos de lesiones traum\u00e1ticas.<\/p>\n<p>&nbsp;<\/p>\n<p>&nbsp;<\/p>\n<p><em><strong>\u201cSu espectro es amplio, abarca desde la fractura hasta condiciones como la escoliosis; adem\u00e1s, es un \u00e1rea en la que continuamente surgen nuevas tecnolog\u00edas y t\u00e9cnicas e involucra a un equipo interdisciplinario que incluye fisioterapeutas, radi\u00f3logos, enfermeros y otros profesionistas\u201d<\/strong><\/em>, apunt\u00f3.<\/p>\n<p>&nbsp;<\/p>\n<p>&nbsp;<\/p>\n<p>&nbsp;<\/p>\n<h3>Resultado del compromiso de generaciones<\/h3>\n<p>&nbsp;<\/p>\n<p>&nbsp;<\/p>\n<p>En su momento, Am\u00e9rica Josselyn Corral Oca\u00f1a, presidenta de la Sociedad Estudiantil de Medicina (SEM), fue la encargada de dar la bienvenida a los asistentes a esta XVII edici\u00f3n del CEMUS y asegur\u00f3 que el evento es solo el resultado del compromiso, esfuerzo y trabajo de generaciones de estudiantes para mantener viva esta tradici\u00f3n.<\/p>\n<p>&nbsp;<\/p>\n<p>&nbsp;<\/p>\n<p><em><strong>\u201cEste a\u00f1o hemos decidido enfocarnos en dos especialidades: traumatolog\u00eda y ortopedia, porque, como futuros m\u00e9dicos, comprendemos la importancia de dominar estas \u00e1reas para mejorar la calidad de vida de nuestros futuros pacientes y para estar preparados para los retos del d\u00eda a d\u00eda de nuestra profesi\u00f3n\u201d<\/strong><\/em>, coment\u00f3.<\/p>\n<p>&nbsp;<\/p>\n<p>&nbsp;<\/p>\n<p>Corral Oca\u00f1a invit\u00f3 a sus compa\u00f1eros a participar en estos cuatro d\u00edas de actividades de las conferencias, talleres y otros eventos que se han preparado para proporcionarles herramientas esenciales para complementar su formaci\u00f3n profesional y personal.<\/p>\n<p>&nbsp;<\/p>\n<p>&nbsp;<\/p>\n<p>Durante la ceremonia de inicio de actividades estuvieron presentes tambi\u00e9n el coordinador General de la Facultad Interdisciplinaria de Ciencias Biol\u00f3gicas y de Salud, Juan Carlos G\u00e1lvez Ruiz, y el coordinador de la Licenciatura en Medicina, Gonzalo Armando Navarro Armend\u00e1riz.<\/p>\n<p>&nbsp;<\/p>\n<p>&nbsp;<\/p>\n<p>Como invitados especiales, se mencion\u00f3 al director Administrativo del campus Hermosillo, Joel Enrique Espejel Blanco, y a los docentes Gustavo Miguel Azcona, M\u00e9dico Cirujano Ortopedista, y Jos\u00e9 Homero Garc\u00eda Soto, especialista en Traumatolog\u00eda y Ortopedia, como asesores de la organizaci\u00f3n y realizaci\u00f3n del congreso.<\/p>\n<p>&nbsp;<\/p>\n<p>&nbsp;<\/p>\n<p>Los interesados en conocer el programa de cuatro d\u00edas del XVII CEMUS 2024 que contiene 26 ponentes, 30 ponencias\/conferencias, 14 talleres, concursos y fiestas tem\u00e1ticas, pueden acceder al sitio:<a href=\"https:\/\/www.cemusxvii.com\/\"><strong> https:\/\/www.cemusxvii.com\/<\/strong><\/a><\/p>\n<p>&nbsp;<\/p>\n<p>&nbsp;<\/p>\n<p>&nbsp;<\/p>\n<p>PUBLICADO EL 01 DE OCTUBRE DE 2024 Con informaci\u00f3n de CS UNISON)<\/p>\n","protected":false},"excerpt":{"rendered":"<p>HERMOSILLO, SONORA. MX. \u2014 Con la presencia de autoridades universitarias, encabezadas por la rectora Mar\u00eda&#8230;<\/p>\n","protected":false},"author":1,"featured_media":200335,"comment_status":"open","ping_status":"open","sticky":false,"template":"","format":"standard","meta":{"_monsterinsights_skip_tracking":false,"_monsterinsights_sitenote_active":false,"_monsterinsights_sitenote_note":"","_monsterinsights_sitenote_category":0,"footnotes":""},"categories":[22],"tags":[],"class_list":["post"],"yoast_head":" \n<title>Sonora en Equipo. Inauguran XVII edici\u00f3n del Congreso Estudiantil de Medicina Sonora<\/title>\n<meta name=\"description\" content=\"HERMOSILLO, SONORA. MX. \u2014 Con la presencia de autoridades universitarias, encabezadas por la rectora Mar\u00eda Rita Plancarte Mart\u00ednez, se inaugur\u00f3 hoy, 1 de En Sonora en Equipo publicamos toda la informaci\u00f3n de Sonora, M\u00e9xico y el Mundo de manera oportuna y busca que la libertad de expresi\u00f3n sea real. Visita nuestro medio informativo publicado desde Hermosillo, Sonora. %\" \/>\n<meta name=\"robots\" content=\"index, follow, max-snippet:-1, max-image-preview:large, max-video-preview:-1\" \/>\n<link rel=\"canonical\" href=\"https:\/\/www.sonoraenequipo.com.mx\/inauguran-xvii-edicion-del-congreso-estudiantil-de-medicina\/\" \/>\n<meta property=\"og:locale\" content=\"es_ES\" \/>\n<meta property=\"og:type\" content=\"article\" \/>\n<meta property=\"og:title\" content=\"Sonora en Equipo. Inauguran XVII edici\u00f3n del Congreso Estudiantil de Medicina Sonora\" \/>\n<meta property=\"og:description\" content=\"HERMOSILLO, SONORA. MX. \u2014 Con la presencia de autoridades universitarias, encabezadas por la rectora Mar\u00eda Rita Plancarte Mart\u00ednez, se inaugur\u00f3 hoy, 1 de En Sonora en Equipo publicamos toda la informaci\u00f3n de Sonora, M\u00e9xico y el Mundo de manera oportuna y busca que la libertad de expresi\u00f3n sea real. Visita nuestro medio informativo publicado desde Hermosillo, Sonora. %\" \/>\n<meta property=\"og:url\" content=\"https:\/\/www.sonoraenequipo.com.mx\/inauguran-xvii-edicion-del-congreso-estudiantil-de-medicina\/\" \/>\n<meta property=\"og:site_name\" content=\"Sonora en Equipo.\" \/>\n<meta property=\"article:publisher\" content=\"https:\/\/www.facebook.com\/SonoraEE\/\" \/>\n<meta property=\"article:author\" content=\"https:\/\/www.facebook.com\/SonoraEE\" \/>\n<meta property=\"article:published_time\" content=\"2024-10-02T01:10:31+00:00\" \/>\n<meta property=\"article:modified_time\" content=\"2024-10-02T01:52:18+00:00\" \/>\n<meta property=\"og:image\" content=\"https:\/\/www.sonoraenequipo.com.mx\/storage\/2024\/10\/inauguracion-CEMUS-min.jpg\" \/>\n\t<meta property=\"og:image:width\" content=\"1155\" \/>\n\t<meta property=\"og:image:height\" content=\"524\" \/>\n\t<meta property=\"og:image:type\" content=\"image\/jpeg\" \/>\n<meta name=\"author\" content=\"enequipo\" \/>\n<meta name=\"twitter:card\" content=\"summary_large_image\" \/>\n<meta name=\"twitter:creator\" content=\"@sonoraenequipo\" \/>\n<meta name=\"twitter:site\" content=\"@sonoraenequipo\" \/>\n<meta name=\"twitter:label1\" content=\"Escrito por\" \/>\n\t<meta name=\"twitter:data1\" content=\"enequipo\" \/>\n\t<meta name=\"twitter:label2\" content=\"Tiempo de lectura\" \/>\n\t<meta name=\"twitter:data2\" content=\"4 minutos\" \/>\n<script type=\"application\/ld+json\" class=\"yoast-schema-graph\">{\"@context\":\"https:\/\/schema.org\",\"@graph\":[{\"@type\":\"Article\",\"@id\":\"https:\/\/www.sonoraenequipo.com.mx\/inauguran-xvii-edicion-del-congreso-estudiantil-de-medicina\/#article\",\"isPartOf\":{\"@id\":\"https:\/\/www.sonoraenequipo.com.mx\/inauguran-xvii-edicion-del-congreso-estudiantil-de-medicina\/\"},\"author\":{\"name\":\"enequipo\",\"@id\":\"https:\/\/www.sonoraenequipo.com.mx\/#\/schema\/person\/50102df0fb23a8fa9e8effad8fa81386\"},\"headline\":\"Inauguran XVII edici\u00f3n del Congreso Estudiantil de Medicina\",\"datePublished\":\"2024-10-02T01:10:31+00:00\",\"dateModified\":\"2024-10-02T01:52:18+00:00\",\"mainEntityOfPage\":{\"@id\":\"https:\/\/www.sonoraenequipo.com.mx\/inauguran-xvii-edicion-del-congreso-estudiantil-de-medicina\/\"},\"wordCount\":753,\"commentCount\":0,\"publisher\":{\"@id\":\"https:\/\/www.sonoraenequipo.com.mx\/#organization\"},\"image\":{\"@id\":\"https:\/\/www.sonoraenequipo.com.mx\/inauguran-xvii-edicion-del-congreso-estudiantil-de-medicina\/#primaryimage\"},\"thumbnailUrl\":\"https:\/\/www.sonoraenequipo.com.mx\/storage\/2024\/10\/inauguracion-CEMUS-min.jpg\",\"articleSection\":[\"Sonora\"],\"inLanguage\":\"es\",\"potentialAction\":[{\"@type\":\"CommentAction\",\"name\":\"Comment\",\"target\":[\"https:\/\/www.sonoraenequipo.com.mx\/inauguran-xvii-edicion-del-congreso-estudiantil-de-medicina\/#respond\"]}]},{\"@type\":\"WebPage\",\"@id\":\"https:\/\/www.sonoraenequipo.com.mx\/inauguran-xvii-edicion-del-congreso-estudiantil-de-medicina\/\",\"url\":\"https:\/\/www.sonoraenequipo.com.mx\/inauguran-xvii-edicion-del-congreso-estudiantil-de-medicina\/\",\"name\":\"Sonora en Equipo. Inauguran XVII edici\u00f3n del Congreso Estudiantil de Medicina Sonora\",\"isPartOf\":{\"@id\":\"https:\/\/www.sonoraenequipo.com.mx\/#website\"},\"primaryImageOfPage\":{\"@id\":\"https:\/\/www.sonoraenequipo.com.mx\/inauguran-xvii-edicion-del-congreso-estudiantil-de-medicina\/#primaryimage\"},\"image\":{\"@id\":\"https:\/\/www.sonoraenequipo.com.mx\/inauguran-xvii-edicion-del-congreso-estudiantil-de-medicina\/#primaryimage\"},\"thumbnailUrl\":\"https:\/\/www.sonoraenequipo.com.mx\/storage\/2024\/10\/inauguracion-CEMUS-min.jpg\",\"datePublished\":\"2024-10-02T01:10:31+00:00\",\"dateModified\":\"2024-10-02T01:52:18+00:00\",\"description\":\"HERMOSILLO, SONORA. MX. \u2014 Con la presencia de autoridades universitarias, encabezadas por la rectora Mar\u00eda Rita Plancarte Mart\u00ednez, se inaugur\u00f3 hoy, 1 de En Sonora en Equipo publicamos toda la informaci\u00f3n de Sonora, M\u00e9xico y el Mundo de manera oportuna y busca que la libertad de expresi\u00f3n sea real. Visita nuestro medio informativo publicado desde Hermosillo, Sonora. %\",\"breadcrumb\":{\"@id\":\"https:\/\/www.sonoraenequipo.com.mx\/inauguran-xvii-edicion-del-congreso-estudiantil-de-medicina\/#breadcrumb\"},\"inLanguage\":\"es\",\"potentialAction\":[{\"@type\":\"ReadAction\",\"target\":[\"https:\/\/www.sonoraenequipo.com.mx\/inauguran-xvii-edicion-del-congreso-estudiantil-de-medicina\/\"]}]},{\"@type\":\"ImageObject\",\"inLanguage\":\"es\",\"@id\":\"https:\/\/www.sonoraenequipo.com.mx\/inauguran-xvii-edicion-del-congreso-estudiantil-de-medicina\/#primaryimage\",\"url\":\"https:\/\/www.sonoraenequipo.com.mx\/storage\/2024\/10\/inauguracion-CEMUS-min.jpg\",\"contentUrl\":\"https:\/\/www.sonoraenequipo.com.mx\/storage\/2024\/10\/inauguracion-CEMUS-min.jpg\",\"width\":1155,\"height\":524},{\"@type\":\"BreadcrumbList\",\"@id\":\"https:\/\/www.sonoraenequipo.com.mx\/inauguran-xvii-edicion-del-congreso-estudiantil-de-medicina\/#breadcrumb\",\"itemListElement\":[{\"@type\":\"ListItem\",\"position\":1,\"name\":\"Portada\",\"item\":\"https:\/\/www.sonoraenequipo.com.mx\/\"},{\"@type\":\"ListItem\",\"position\":2,\"name\":\"Inauguran XVII edici\u00f3n del Congreso Estudiantil de Medicina\"}]},{\"@type\":\"WebSite\",\"@id\":\"https:\/\/www.sonoraenequipo.com.mx\/#website\",\"url\":\"https:\/\/www.sonoraenequipo.com.mx\/\",\"name\":\"Sonora en Equipo.\",\"description\":\"Diario en l\u00ednea con Noticias desde Hermosillo, Sonora\",\"publisher\":{\"@id\":\"https:\/\/www.sonoraenequipo.com.mx\/#organization\"},\"potentialAction\":[{\"@type\":\"SearchAction\",\"target\":{\"@type\":\"EntryPoint\",\"urlTemplate\":\"https:\/\/www.sonoraenequipo.com.mx\/?s={search_term_string}\"},\"query-input\":{\"@type\":\"PropertyValueSpecification\",\"valueRequired\":true,\"valueName\":\"search_term_string\"}}],\"inLanguage\":\"es\"},{\"@type\":\"Organization\",\"@id\":\"https:\/\/www.sonoraenequipo.com.mx\/#organization\",\"name\":\"Sonoraenequipo.com.mx\",\"url\":\"https:\/\/www.sonoraenequipo.com.mx\/\",\"logo\":{\"@type\":\"ImageObject\",\"inLanguage\":\"es\",\"@id\":\"https:\/\/www.sonoraenequipo.com.mx\/#\/schema\/logo\/image\/\",\"url\":\"https:\/\/www.sonoraenequipo.com.mx\/storage\/2019\/01\/sonoraenequipo_opt.png\",\"contentUrl\":\"https:\/\/www.sonoraenequipo.com.mx\/storage\/2019\/01\/sonoraenequipo_opt.png\",\"width\":375,\"height\":125,\"caption\":\"Sonoraenequipo.com.mx\"},\"image\":{\"@id\":\"https:\/\/www.sonoraenequipo.com.mx\/#\/schema\/logo\/image\/\"},\"sameAs\":[\"https:\/\/www.facebook.com\/SonoraEE\/\",\"https:\/\/x.com\/sonoraenequipo\",\"https:\/\/www.youtube.com\/channel\/UC338nW-lPEYmJQs4ZABQ1SQ\"]},{\"@type\":\"Person\",\"@id\":\"https:\/\/www.sonoraenequipo.com.mx\/#\/schema\/person\/50102df0fb23a8fa9e8effad8fa81386\",\"name\":\"enequipo\",\"image\":{\"@type\":\"ImageObject\",\"inLanguage\":\"es\",\"@id\":\"https:\/\/www.sonoraenequipo.com.mx\/#\/schema\/person\/image\/\",\"url\":\"https:\/\/secure.gravatar.com\/avatar\/049821681b589dabc0bc20695993ccebb09f5b5d4d790cd9251b97faac7c652b?s=96&d=blank&r=g\",\"contentUrl\":\"https:\/\/secure.gravatar.com\/avatar\/049821681b589dabc0bc20695993ccebb09f5b5d4d790cd9251b97faac7c652b?s=96&d=blank&r=g\",\"caption\":\"enequipo\"},\"sameAs\":[\"https:\/\/www.facebook.com\/SonoraEE\"]}]}<\/script>\n ","yoast_head_json":{"title":"Sonora en Equipo. Inauguran XVII edici\u00f3n del Congreso Estudiantil de Medicina Sonora","description":"HERMOSILLO, SONORA. MX. \u2014 Con la presencia de autoridades universitarias, encabezadas por la rectora Mar\u00eda Rita Plancarte Mart\u00ednez, se inaugur\u00f3 hoy, 1 de En Sonora en Equipo publicamos toda la informaci\u00f3n de Sonora, M\u00e9xico y el Mundo de manera oportuna y busca que la libertad de expresi\u00f3n sea real. Visita nuestro medio informativo publicado desde Hermosillo, Sonora. %","robots":{"index":"index","follow":"follow","max-snippet":"max-snippet:-1","max-image-preview":"max-image-preview:large","max-video-preview":"max-video-preview:-1"},"canonical":"https:\/\/www.sonoraenequipo.com.mx\/inauguran-xvii-edicion-del-congreso-estudiantil-de-medicina\/","og_locale":"es_ES","og_type":"article","og_title":"Sonora en Equipo. Inauguran XVII edici\u00f3n del Congreso Estudiantil de Medicina Sonora","og_description":"HERMOSILLO, SONORA. MX. \u2014 Con la presencia de autoridades universitarias, encabezadas por la rectora Mar\u00eda Rita Plancarte Mart\u00ednez, se inaugur\u00f3 hoy, 1 de En Sonora en Equipo publicamos toda la informaci\u00f3n de Sonora, M\u00e9xico y el Mundo de manera oportuna y busca que la libertad de expresi\u00f3n sea real. Visita nuestro medio informativo publicado desde Hermosillo, Sonora. %","og_url":"https:\/\/www.sonoraenequipo.com.mx\/inauguran-xvii-edicion-del-congreso-estudiantil-de-medicina\/","og_site_name":"Sonora en Equipo.","article_publisher":"https:\/\/www.facebook.com\/SonoraEE\/","article_author":"https:\/\/www.facebook.com\/SonoraEE","article_published_time":"2024-10-02T01:10:31+00:00","article_modified_time":"2024-10-02T01:52:18+00:00","og_image":[{"width":1155,"height":524,"url":"https:\/\/www.sonoraenequipo.com.mx\/storage\/2024\/10\/inauguracion-CEMUS-min.jpg","type":"image\/jpeg"}],"author":"enequipo","twitter_card":"summary_large_image","twitter_creator":"@sonoraenequipo","twitter_site":"@sonoraenequipo","twitter_misc":{"Escrito por":"enequipo","Tiempo de lectura":"4 minutos"},"schema":{"@context":"https:\/\/schema.org","@graph":[{"@type":"Article","@id":"https:\/\/www.sonoraenequipo.com.mx\/inauguran-xvii-edicion-del-congreso-estudiantil-de-medicina\/#article","isPartOf":{"@id":"https:\/\/www.sonoraenequipo.com.mx\/inauguran-xvii-edicion-del-congreso-estudiantil-de-medicina\/"},"author":{"name":"enequipo","@id":"https:\/\/www.sonoraenequipo.com.mx\/#\/schema\/person\/50102df0fb23a8fa9e8effad8fa81386"},"headline":"Inauguran XVII edici\u00f3n del Congreso Estudiantil de Medicina","datePublished":"2024-10-02T01:10:31+00:00","dateModified":"2024-10-02T01:52:18+00:00","mainEntityOfPage":{"@id":"https:\/\/www.sonoraenequipo.com.mx\/inauguran-xvii-edicion-del-congreso-estudiantil-de-medicina\/"},"wordCount":753,"commentCount":0,"publisher":{"@id":"https:\/\/www.sonoraenequipo.com.mx\/#organization"},"image":{"@id":"https:\/\/www.sonoraenequipo.com.mx\/inauguran-xvii-edicion-del-congreso-estudiantil-de-medicina\/#primaryimage"},"thumbnailUrl":"https:\/\/www.sonoraenequipo.com.mx\/storage\/2024\/10\/inauguracion-CEMUS-min.jpg","articleSection":["Sonora"],"inLanguage":"es","potentialAction":[{"@type":"CommentAction","name":"Comment","target":["https:\/\/www.sonoraenequipo.com.mx\/inauguran-xvii-edicion-del-congreso-estudiantil-de-medicina\/#respond"]}]},{"@type":"WebPage","@id":"https:\/\/www.sonoraenequipo.com.mx\/inauguran-xvii-edicion-del-congreso-estudiantil-de-medicina\/","url":"https:\/\/www.sonoraenequipo.com.mx\/inauguran-xvii-edicion-del-congreso-estudiantil-de-medicina\/","name":"Sonora en Equipo. Inauguran XVII edici\u00f3n del Congreso Estudiantil de Medicina Sonora","isPartOf":{"@id":"https:\/\/www.sonoraenequipo.com.mx\/#website"},"primaryImageOfPage":{"@id":"https:\/\/www.sonoraenequipo.com.mx\/inauguran-xvii-edicion-del-congreso-estudiantil-de-medicina\/#primaryimage"},"image":{"@id":"https:\/\/www.sonoraenequipo.com.mx\/inauguran-xvii-edicion-del-congreso-estudiantil-de-medicina\/#primaryimage"},"thumbnailUrl":"https:\/\/www.sonoraenequipo.com.mx\/storage\/2024\/10\/inauguracion-CEMUS-min.jpg","datePublished":"2024-10-02T01:10:31+00:00","dateModified":"2024-10-02T01:52:18+00:00","description":"HERMOSILLO, SONORA. MX. \u2014 Con la presencia de autoridades universitarias, encabezadas por la rectora Mar\u00eda Rita Plancarte Mart\u00ednez, se inaugur\u00f3 hoy, 1 de En Sonora en Equipo publicamos toda la informaci\u00f3n de Sonora, M\u00e9xico y el Mundo de manera oportuna y busca que la libertad de expresi\u00f3n sea real. Visita nuestro medio informativo publicado desde Hermosillo, Sonora. %","breadcrumb":{"@id":"https:\/\/www.sonoraenequipo.com.mx\/inauguran-xvii-edicion-del-congreso-estudiantil-de-medicina\/#breadcrumb"},"inLanguage":"es","potentialAction":[{"@type":"ReadAction","target":["https:\/\/www.sonoraenequipo.com.mx\/inauguran-xvii-edicion-del-congreso-estudiantil-de-medicina\/"]}]},{"@type":"ImageObject","inLanguage":"es","@id":"https:\/\/www.sonoraenequipo.com.mx\/inauguran-xvii-edicion-del-congreso-estudiantil-de-medicina\/#primaryimage","url":"https:\/\/www.sonoraenequipo.com.mx\/storage\/2024\/10\/inauguracion-CEMUS-min.jpg","contentUrl":"https:\/\/www.sonoraenequipo.com.mx\/storage\/2024\/10\/inauguracion-CEMUS-min.jpg","width":1155,"height":524},{"@type":"BreadcrumbList","@id":"https:\/\/www.sonoraenequipo.com.mx\/inauguran-xvii-edicion-del-congreso-estudiantil-de-medicina\/#breadcrumb","itemListElement":[{"@type":"ListItem","position":1,"name":"Portada","item":"https:\/\/www.sonoraenequipo.com.mx\/"},{"@type":"ListItem","position":2,"name":"Inauguran XVII edici\u00f3n del Congreso Estudiantil de Medicina"}]},{"@type":"WebSite","@id":"https:\/\/www.sonoraenequipo.com.mx\/#website","url":"https:\/\/www.sonoraenequipo.com.mx\/","name":"Sonora en Equipo.","description":"Diario en l\u00ednea con Noticias desde Hermosillo, Sonora","publisher":{"@id":"https:\/\/www.sonoraenequipo.com.mx\/#organization"},"potentialAction":[{"@type":"SearchAction","target":{"@type":"EntryPoint","urlTemplate":"https:\/\/www.sonoraenequipo.com.mx\/?s={search_term_string}"},"query-input":{"@type":"PropertyValueSpecification","valueRequired":true,"valueName":"search_term_string"}}],"inLanguage":"es"},{"@type":"Organization","@id":"https:\/\/www.sonoraenequipo.com.mx\/#organization","name":"Sonoraenequipo.com.mx","url":"https:\/\/www.sonoraenequipo.com.mx\/","logo":{"@type":"ImageObject","inLanguage":"es","@id":"https:\/\/www.sonoraenequipo.com.mx\/#\/schema\/logo\/image\/","url":"https:\/\/www.sonoraenequipo.com.mx\/storage\/2019\/01\/sonoraenequipo_opt.png","contentUrl":"https:\/\/www.sonoraenequipo.com.mx\/storage\/2019\/01\/sonoraenequipo_opt.png","width":375,"height":125,"caption":"Sonoraenequipo.com.mx"},"image":{"@id":"https:\/\/www.sonoraenequipo.com.mx\/#\/schema\/logo\/image\/"},"sameAs":["https:\/\/www.facebook.com\/SonoraEE\/","https:\/\/x.com\/sonoraenequipo","https:\/\/www.youtube.com\/channel\/UC338nW-lPEYmJQs4ZABQ1SQ"]},{"@type":"Person","@id":"https:\/\/www.sonoraenequipo.com.mx\/#\/schema\/person\/50102df0fb23a8fa9e8effad8fa81386","name":"enequipo","image":{"@type":"ImageObject","inLanguage":"es","@id":"https:\/\/www.sonoraenequipo.com.mx\/#\/schema\/person\/image\/","url":"https:\/\/secure.gravatar.com\/avatar\/049821681b589dabc0bc20695993ccebb09f5b5d4d790cd9251b97faac7c652b?s=96&d=blank&r=g","contentUrl":"https:\/\/secure.gravatar.com\/avatar\/049821681b589dabc0bc20695993ccebb09f5b5d4d790cd9251b97faac7c652b?s=96&d=blank&r=g","caption":"enequipo"},"sameAs":["https:\/\/www.facebook.com\/SonoraEE"]}]}},"jetpack_featured_media_url":"https:\/\/www.sonoraenequipo.com.mx\/storage\/2024\/10\/inauguracion-CEMUS-min.jpg","_links":{"self":[{"href":"https:\/\/www.sonoraenequipo.com.mx\/api\/wp\/v2\/posts\/200346","targetHints":{"allow":["GET"]}}],"collection":[{"href":"https:\/\/www.sonoraenequipo.com.mx\/api\/wp\/v2\/posts"}],"about":[{"href":"https:\/\/www.sonoraenequipo.com.mx\/api\/wp\/v2\/types\/post"}],"author":[{"embeddable":true,"href":"https:\/\/www.sonoraenequipo.com.mx\/api\/wp\/v2\/users\/1"}],"replies":[{"embeddable":true,"href":"https:\/\/www.sonoraenequipo.com.mx\/api\/wp\/v2\/comments?post=200346"}],"version-history":[{"count":1,"href":"https:\/\/www.sonoraenequipo.com.mx\/api\/wp\/v2\/posts\/200346\/revisions"}],"predecessor-version":[{"id":200347,"href":"https:\/\/www.sonoraenequipo.com.mx\/api\/wp\/v2\/posts\/200346\/revisions\/200347"}],"wp:featuredmedia":[{"embeddable":true,"href":"https:\/\/www.sonoraenequipo.com.mx\/api\/wp\/v2\/media\/200335"}],"wp:attachment":[{"href":"https:\/\/www.sonoraenequipo.com.mx\/api\/wp\/v2\/media?parent=200346"}],"wp:term":[{"taxonomy":"category","embeddable":true,"href":"https:\/\/www.sonoraenequipo.com.mx\/api\/wp\/v2\/categories?post=200346"},{"taxonomy":"post_tag","embeddable":true,"href":"https:\/\/www.sonoraenequipo.com.mx\/api\/wp\/v2\/tags?post=200346"}],"curies":[{"name":"wp","href":"https:\/\/api.w.org\/{rel}","templated":true}]}}