{"id":200355,"date":"2024-10-01T14:35:00","date_gmt":"2024-10-01T21:35:00","guid":{"rendered":"https:\/\/www.sonoraenequipo.com.mx\/?p=200355"},"modified":"2024-10-02T09:39:10","modified_gmt":"2024-10-02T16:39:10","slug":"toma-protesta-claudia-sheinbaum-como-presidenta-de-mexico","status":"publish","type":"post","link":"https:\/\/www.sonoraenequipo.com.mx\/toma-protesta-claudia-sheinbaum-como-presidenta-de-mexico\/","title":{"rendered":"Toma protesta Claudia Sheinbaum como presidenta de M\u00e9xico"},"content":{"rendered":"<p><strong>CIUDAD DE M\u00c9XICO.<\/strong><strong> \u0336 \u0336\u00a0 <\/strong>La Presidenta Constitucional de los Estados Unidos Mexicanos, Claudia Sheinbaum Pardo, se\u00f1al\u00f3 \u2014luego de tomar protesta ante el Congreso de la Uni\u00f3n\u2014 que, a partir de este 1\u00b0 de octubre, inicia el Segundo Piso de la Cuarta Transformaci\u00f3n de la Vida P\u00fablica de M\u00e9xico y tambi\u00e9n, despu\u00e9s de 200 a\u00f1os de la Rep\u00fablica y de 300 a\u00f1os de la Colonia, llegan todas las mujeres a conducir los destinos de la naci\u00f3n.<\/p>\n<p> <\/p>\n<p>\u201cHoy, 1o de octubre de 2024, inicia la segunda etapa: el Segundo Piso de la Cuarta Transformaci\u00f3n de la Vida P\u00fablica de M\u00e9xico y tambi\u00e9n hoy, despu\u00e9s de 200 a\u00f1os de la Rep\u00fablica y de 300 a\u00f1os de la colonia, porque previo a ello no tenemos registros claros, es decir, despu\u00e9s de al menos 503 a\u00f1os, por primera vez, llegamos las mujeres a conducir los destinos de nuestra hermosa naci\u00f3n. Y digo llegamos, porque no llego sola, llegamos todas\u201d, destac\u00f3.<\/p>\n<p>Y con ellas, se refiri\u00f3 a todas las mujeres que lucharon para llegar a este momento hist\u00f3rico, hero\u00ednas de la patria, pero tambi\u00e9n hero\u00ednas an\u00f3nimas que, desde casa, su familia y trinchera so\u00f1aron con alcanzar sus sue\u00f1os.<\/p>\n<p><strong><em>\u201cLlegan ellas, las que so\u00f1aron con la posibilidad de que alg\u00fan d\u00eda no importar\u00eda si naci\u00e9ramos siendo mujeres u hombres, podemos realizar nuestros sue\u00f1os y deseos, sin que nuestro sexo determine nuestro destino. Llegan ellas, todas ellas, que nos pensaron libres y felices\u201d<\/em><\/strong>, celebr\u00f3.<\/p>\n<p>Por ello resalt\u00f3 -tras recibir la Banda Presidencial de manos de la Presidenta de la Mesa Directiva de la C\u00e1mara de Diputados, Ifigenia Mart\u00ednez- que como madre, abuela, cient\u00edfica, pero ahora, como presidenta de M\u00e9xico, refrenda su compromiso de gobernar para todas y todos, bajo los principios del Humanismo Mexicano que ser\u00e1n base en la construcci\u00f3n del Segundo Piso de la Cuarta Transformaci\u00f3n.<\/p>\n<p><em><strong>\u201cEstoy segura que en unos a\u00f1os, todas y todos estaremos convencidos, que esta reforma es lo mejor. Aprovecho para decirle a las y los trabajadores del Poder Judicial que sus derechos y salarios est\u00e1n totalmente salvaguardados\u201d<\/strong><\/em>, asever\u00f3.<\/p>\n<p>Finalmente, la presidenta Constitucional de los Estados Unidos Mexicanos refrend\u00f3 su compromiso para construir un pa\u00eds con bienestar y prosperidad compartida para seguir haciendo historia.<\/p>\n<p><em><strong>\u201cTengo la certeza de que consolidaremos juntas y juntos un M\u00e9xico cada d\u00eda m\u00e1s pr\u00f3spero, libre, democr\u00e1tico, soberano y justo. No les voy a defraudar\u201d<\/strong><\/em>, concluy\u00f3.<\/p>\n<p><strong>Fecha de publicaci\u00f3n martes 1 de octubre de 2024<\/strong><\/p>\n","protected":false},"excerpt":{"rendered":"<p>CIUDAD DE M\u00c9XICO. \u0336 \u0336\u00a0 La Presidenta Constitucional de los Estados Unidos Mexicanos, Claudia Sheinbaum&#8230;<\/p>\n","protected":false},"author":1,"featured_media":200356,"comment_status":"open","ping_status":"open","sticky":false,"template":"","format":"standard","meta":{"_monsterinsights_skip_tracking":false,"_monsterinsights_sitenote_active":false,"_monsterinsights_sitenote_note":"","_monsterinsights_sitenote_category":0,"footnotes":""},"categories":[5],"tags":[10278],"class_list":["post"],"yoast_head":" \n<title>Sonora en Equipo. Toma protesta Claudia Sheinbaum como presidenta de M\u00e9xico Rep\u00fablica<\/title>\n<meta name=\"description\" content=\"CIUDAD DE M\u00c9XICO. \u0336 \u0336\u00a0 La Presidenta Constitucional de los Estados Unidos Mexicanos, Claudia Sheinbaum Pardo, se\u00f1al\u00f3 \u2014luego de tomar protesta ante el En Sonora en Equipo publicamos toda la informaci\u00f3n de Sonora, M\u00e9xico y el Mundo de manera oportuna y busca que la libertad de expresi\u00f3n sea real. Visita nuestro medio informativo publicado desde Hermosillo, Sonora. %\" \/>\n<meta name=\"robots\" content=\"index, follow, max-snippet:-1, max-image-preview:large, max-video-preview:-1\" \/>\n<link rel=\"canonical\" href=\"https:\/\/www.sonoraenequipo.com.mx\/toma-protesta-claudia-sheinbaum-como-presidenta-de-mexico\/\" \/>\n<meta property=\"og:locale\" content=\"es_ES\" \/>\n<meta property=\"og:type\" content=\"article\" \/>\n<meta property=\"og:title\" content=\"Sonora en Equipo. Toma protesta Claudia Sheinbaum como presidenta de M\u00e9xico Rep\u00fablica\" \/>\n<meta property=\"og:description\" content=\"CIUDAD DE M\u00c9XICO. \u0336 \u0336\u00a0 La Presidenta Constitucional de los Estados Unidos Mexicanos, Claudia Sheinbaum Pardo, se\u00f1al\u00f3 \u2014luego de tomar protesta ante el En Sonora en Equipo publicamos toda la informaci\u00f3n de Sonora, M\u00e9xico y el Mundo de manera oportuna y busca que la libertad de expresi\u00f3n sea real. Visita nuestro medio informativo publicado desde Hermosillo, Sonora. %\" \/>\n<meta property=\"og:url\" content=\"https:\/\/www.sonoraenequipo.com.mx\/toma-protesta-claudia-sheinbaum-como-presidenta-de-mexico\/\" \/>\n<meta property=\"og:site_name\" content=\"Sonora en Equipo.\" \/>\n<meta property=\"article:publisher\" content=\"https:\/\/www.facebook.com\/SonoraEE\/\" \/>\n<meta property=\"article:author\" content=\"https:\/\/www.facebook.com\/SonoraEE\" \/>\n<meta property=\"article:published_time\" content=\"2024-10-01T21:35:00+00:00\" \/>\n<meta property=\"article:modified_time\" content=\"2024-10-02T16:39:10+00:00\" \/>\n<meta property=\"og:image\" content=\"https:\/\/www.sonoraenequipo.com.mx\/storage\/2024\/10\/csp.jpg\" \/>\n\t<meta property=\"og:image:width\" content=\"600\" \/>\n\t<meta property=\"og:image:height\" content=\"400\" \/>\n\t<meta property=\"og:image:type\" content=\"image\/jpeg\" \/>\n<meta name=\"author\" content=\"enequipo\" \/>\n<meta name=\"twitter:card\" content=\"summary_large_image\" \/>\n<meta name=\"twitter:creator\" content=\"@sonoraenequipo\" \/>\n<meta name=\"twitter:site\" content=\"@sonoraenequipo\" \/>\n<meta name=\"twitter:label1\" content=\"Escrito por\" \/>\n\t<meta name=\"twitter:data1\" content=\"enequipo\" \/>\n\t<meta name=\"twitter:label2\" content=\"Tiempo de lectura\" \/>\n\t<meta name=\"twitter:data2\" content=\"2 minutos\" \/>\n<script type=\"application\/ld+json\" class=\"yoast-schema-graph\">{\"@context\":\"https:\/\/schema.org\",\"@graph\":[{\"@type\":\"Article\",\"@id\":\"https:\/\/www.sonoraenequipo.com.mx\/toma-protesta-claudia-sheinbaum-como-presidenta-de-mexico\/#article\",\"isPartOf\":{\"@id\":\"https:\/\/www.sonoraenequipo.com.mx\/toma-protesta-claudia-sheinbaum-como-presidenta-de-mexico\/\"},\"author\":{\"name\":\"enequipo\",\"@id\":\"https:\/\/www.sonoraenequipo.com.mx\/#\/schema\/person\/50102df0fb23a8fa9e8effad8fa81386\"},\"headline\":\"Toma protesta Claudia Sheinbaum como presidenta de M\u00e9xico\",\"datePublished\":\"2024-10-01T21:35:00+00:00\",\"dateModified\":\"2024-10-02T16:39:10+00:00\",\"mainEntityOfPage\":{\"@id\":\"https:\/\/www.sonoraenequipo.com.mx\/toma-protesta-claudia-sheinbaum-como-presidenta-de-mexico\/\"},\"wordCount\":447,\"commentCount\":0,\"publisher\":{\"@id\":\"https:\/\/www.sonoraenequipo.com.mx\/#organization\"},\"image\":{\"@id\":\"https:\/\/www.sonoraenequipo.com.mx\/toma-protesta-claudia-sheinbaum-como-presidenta-de-mexico\/#primaryimage\"},\"thumbnailUrl\":\"https:\/\/www.sonoraenequipo.com.mx\/storage\/2024\/10\/csp.jpg\",\"keywords\":[\"sheinbaum claudia\"],\"articleSection\":[\"Rep\u00fablica\"],\"inLanguage\":\"es\",\"potentialAction\":[{\"@type\":\"CommentAction\",\"name\":\"Comment\",\"target\":[\"https:\/\/www.sonoraenequipo.com.mx\/toma-protesta-claudia-sheinbaum-como-presidenta-de-mexico\/#respond\"]}]},{\"@type\":\"WebPage\",\"@id\":\"https:\/\/www.sonoraenequipo.com.mx\/toma-protesta-claudia-sheinbaum-como-presidenta-de-mexico\/\",\"url\":\"https:\/\/www.sonoraenequipo.com.mx\/toma-protesta-claudia-sheinbaum-como-presidenta-de-mexico\/\",\"name\":\"Sonora en Equipo. Toma protesta Claudia Sheinbaum como presidenta de M\u00e9xico Rep\u00fablica\",\"isPartOf\":{\"@id\":\"https:\/\/www.sonoraenequipo.com.mx\/#website\"},\"primaryImageOfPage\":{\"@id\":\"https:\/\/www.sonoraenequipo.com.mx\/toma-protesta-claudia-sheinbaum-como-presidenta-de-mexico\/#primaryimage\"},\"image\":{\"@id\":\"https:\/\/www.sonoraenequipo.com.mx\/toma-protesta-claudia-sheinbaum-como-presidenta-de-mexico\/#primaryimage\"},\"thumbnailUrl\":\"https:\/\/www.sonoraenequipo.com.mx\/storage\/2024\/10\/csp.jpg\",\"datePublished\":\"2024-10-01T21:35:00+00:00\",\"dateModified\":\"2024-10-02T16:39:10+00:00\",\"description\":\"CIUDAD DE M\u00c9XICO. \u0336 \u0336\u00a0 La Presidenta Constitucional de los Estados Unidos Mexicanos, Claudia Sheinbaum Pardo, se\u00f1al\u00f3 \u2014luego de tomar protesta ante el En Sonora en Equipo publicamos toda la informaci\u00f3n de Sonora, M\u00e9xico y el Mundo de manera oportuna y busca que la libertad de expresi\u00f3n sea real. Visita nuestro medio informativo publicado desde Hermosillo, Sonora. %\",\"breadcrumb\":{\"@id\":\"https:\/\/www.sonoraenequipo.com.mx\/toma-protesta-claudia-sheinbaum-como-presidenta-de-mexico\/#breadcrumb\"},\"inLanguage\":\"es\",\"potentialAction\":[{\"@type\":\"ReadAction\",\"target\":[\"https:\/\/www.sonoraenequipo.com.mx\/toma-protesta-claudia-sheinbaum-como-presidenta-de-mexico\/\"]}]},{\"@type\":\"ImageObject\",\"inLanguage\":\"es\",\"@id\":\"https:\/\/www.sonoraenequipo.com.mx\/toma-protesta-claudia-sheinbaum-como-presidenta-de-mexico\/#primaryimage\",\"url\":\"https:\/\/www.sonoraenequipo.com.mx\/storage\/2024\/10\/csp.jpg\",\"contentUrl\":\"https:\/\/www.sonoraenequipo.com.mx\/storage\/2024\/10\/csp.jpg\",\"width\":600,\"height\":400},{\"@type\":\"BreadcrumbList\",\"@id\":\"https:\/\/www.sonoraenequipo.com.mx\/toma-protesta-claudia-sheinbaum-como-presidenta-de-mexico\/#breadcrumb\",\"itemListElement\":[{\"@type\":\"ListItem\",\"position\":1,\"name\":\"Portada\",\"item\":\"https:\/\/www.sonoraenequipo.com.mx\/\"},{\"@type\":\"ListItem\",\"position\":2,\"name\":\"Toma protesta Claudia Sheinbaum como presidenta de M\u00e9xico\"}]},{\"@type\":\"WebSite\",\"@id\":\"https:\/\/www.sonoraenequipo.com.mx\/#website\",\"url\":\"https:\/\/www.sonoraenequipo.com.mx\/\",\"name\":\"Sonora en Equipo.\",\"description\":\"Diario en l\u00ednea con Noticias desde Hermosillo, Sonora\",\"publisher\":{\"@id\":\"https:\/\/www.sonoraenequipo.com.mx\/#organization\"},\"potentialAction\":[{\"@type\":\"SearchAction\",\"target\":{\"@type\":\"EntryPoint\",\"urlTemplate\":\"https:\/\/www.sonoraenequipo.com.mx\/?s={search_term_string}\"},\"query-input\":{\"@type\":\"PropertyValueSpecification\",\"valueRequired\":true,\"valueName\":\"search_term_string\"}}],\"inLanguage\":\"es\"},{\"@type\":\"Organization\",\"@id\":\"https:\/\/www.sonoraenequipo.com.mx\/#organization\",\"name\":\"Sonoraenequipo.com.mx\",\"url\":\"https:\/\/www.sonoraenequipo.com.mx\/\",\"logo\":{\"@type\":\"ImageObject\",\"inLanguage\":\"es\",\"@id\":\"https:\/\/www.sonoraenequipo.com.mx\/#\/schema\/logo\/image\/\",\"url\":\"https:\/\/www.sonoraenequipo.com.mx\/storage\/2019\/01\/sonoraenequipo_opt.png\",\"contentUrl\":\"https:\/\/www.sonoraenequipo.com.mx\/storage\/2019\/01\/sonoraenequipo_opt.png\",\"width\":375,\"height\":125,\"caption\":\"Sonoraenequipo.com.mx\"},\"image\":{\"@id\":\"https:\/\/www.sonoraenequipo.com.mx\/#\/schema\/logo\/image\/\"},\"sameAs\":[\"https:\/\/www.facebook.com\/SonoraEE\/\",\"https:\/\/x.com\/sonoraenequipo\",\"https:\/\/www.youtube.com\/channel\/UC338nW-lPEYmJQs4ZABQ1SQ\"]},{\"@type\":\"Person\",\"@id\":\"https:\/\/www.sonoraenequipo.com.mx\/#\/schema\/person\/50102df0fb23a8fa9e8effad8fa81386\",\"name\":\"enequipo\",\"image\":{\"@type\":\"ImageObject\",\"inLanguage\":\"es\",\"@id\":\"https:\/\/www.sonoraenequipo.com.mx\/#\/schema\/person\/image\/\",\"url\":\"https:\/\/secure.gravatar.com\/avatar\/049821681b589dabc0bc20695993ccebb09f5b5d4d790cd9251b97faac7c652b?s=96&d=blank&r=g\",\"contentUrl\":\"https:\/\/secure.gravatar.com\/avatar\/049821681b589dabc0bc20695993ccebb09f5b5d4d790cd9251b97faac7c652b?s=96&d=blank&r=g\",\"caption\":\"enequipo\"},\"sameAs\":[\"https:\/\/www.facebook.com\/SonoraEE\"]}]}<\/script>\n ","yoast_head_json":{"title":"Sonora en Equipo. Toma protesta Claudia Sheinbaum como presidenta de M\u00e9xico Rep\u00fablica","description":"CIUDAD DE M\u00c9XICO. \u0336 \u0336\u00a0 La Presidenta Constitucional de los Estados Unidos Mexicanos, Claudia Sheinbaum Pardo, se\u00f1al\u00f3 \u2014luego de tomar protesta ante el En Sonora en Equipo publicamos toda la informaci\u00f3n de Sonora, M\u00e9xico y el Mundo de manera oportuna y busca que la libertad de expresi\u00f3n sea real. Visita nuestro medio informativo publicado desde Hermosillo, Sonora. %","robots":{"index":"index","follow":"follow","max-snippet":"max-snippet:-1","max-image-preview":"max-image-preview:large","max-video-preview":"max-video-preview:-1"},"canonical":"https:\/\/www.sonoraenequipo.com.mx\/toma-protesta-claudia-sheinbaum-como-presidenta-de-mexico\/","og_locale":"es_ES","og_type":"article","og_title":"Sonora en Equipo. Toma protesta Claudia Sheinbaum como presidenta de M\u00e9xico Rep\u00fablica","og_description":"CIUDAD DE M\u00c9XICO. \u0336 \u0336\u00a0 La Presidenta Constitucional de los Estados Unidos Mexicanos, Claudia Sheinbaum Pardo, se\u00f1al\u00f3 \u2014luego de tomar protesta ante el En Sonora en Equipo publicamos toda la informaci\u00f3n de Sonora, M\u00e9xico y el Mundo de manera oportuna y busca que la libertad de expresi\u00f3n sea real. Visita nuestro medio informativo publicado desde Hermosillo, Sonora. %","og_url":"https:\/\/www.sonoraenequipo.com.mx\/toma-protesta-claudia-sheinbaum-como-presidenta-de-mexico\/","og_site_name":"Sonora en Equipo.","article_publisher":"https:\/\/www.facebook.com\/SonoraEE\/","article_author":"https:\/\/www.facebook.com\/SonoraEE","article_published_time":"2024-10-01T21:35:00+00:00","article_modified_time":"2024-10-02T16:39:10+00:00","og_image":[{"width":600,"height":400,"url":"https:\/\/www.sonoraenequipo.com.mx\/storage\/2024\/10\/csp.jpg","type":"image\/jpeg"}],"author":"enequipo","twitter_card":"summary_large_image","twitter_creator":"@sonoraenequipo","twitter_site":"@sonoraenequipo","twitter_misc":{"Escrito por":"enequipo","Tiempo de lectura":"2 minutos"},"schema":{"@context":"https:\/\/schema.org","@graph":[{"@type":"Article","@id":"https:\/\/www.sonoraenequipo.com.mx\/toma-protesta-claudia-sheinbaum-como-presidenta-de-mexico\/#article","isPartOf":{"@id":"https:\/\/www.sonoraenequipo.com.mx\/toma-protesta-claudia-sheinbaum-como-presidenta-de-mexico\/"},"author":{"name":"enequipo","@id":"https:\/\/www.sonoraenequipo.com.mx\/#\/schema\/person\/50102df0fb23a8fa9e8effad8fa81386"},"headline":"Toma protesta Claudia Sheinbaum como presidenta de M\u00e9xico","datePublished":"2024-10-01T21:35:00+00:00","dateModified":"2024-10-02T16:39:10+00:00","mainEntityOfPage":{"@id":"https:\/\/www.sonoraenequipo.com.mx\/toma-protesta-claudia-sheinbaum-como-presidenta-de-mexico\/"},"wordCount":447,"commentCount":0,"publisher":{"@id":"https:\/\/www.sonoraenequipo.com.mx\/#organization"},"image":{"@id":"https:\/\/www.sonoraenequipo.com.mx\/toma-protesta-claudia-sheinbaum-como-presidenta-de-mexico\/#primaryimage"},"thumbnailUrl":"https:\/\/www.sonoraenequipo.com.mx\/storage\/2024\/10\/csp.jpg","keywords":["sheinbaum claudia"],"articleSection":["Rep\u00fablica"],"inLanguage":"es","potentialAction":[{"@type":"CommentAction","name":"Comment","target":["https:\/\/www.sonoraenequipo.com.mx\/toma-protesta-claudia-sheinbaum-como-presidenta-de-mexico\/#respond"]}]},{"@type":"WebPage","@id":"https:\/\/www.sonoraenequipo.com.mx\/toma-protesta-claudia-sheinbaum-como-presidenta-de-mexico\/","url":"https:\/\/www.sonoraenequipo.com.mx\/toma-protesta-claudia-sheinbaum-como-presidenta-de-mexico\/","name":"Sonora en Equipo. Toma protesta Claudia Sheinbaum como presidenta de M\u00e9xico Rep\u00fablica","isPartOf":{"@id":"https:\/\/www.sonoraenequipo.com.mx\/#website"},"primaryImageOfPage":{"@id":"https:\/\/www.sonoraenequipo.com.mx\/toma-protesta-claudia-sheinbaum-como-presidenta-de-mexico\/#primaryimage"},"image":{"@id":"https:\/\/www.sonoraenequipo.com.mx\/toma-protesta-claudia-sheinbaum-como-presidenta-de-mexico\/#primaryimage"},"thumbnailUrl":"https:\/\/www.sonoraenequipo.com.mx\/storage\/2024\/10\/csp.jpg","datePublished":"2024-10-01T21:35:00+00:00","dateModified":"2024-10-02T16:39:10+00:00","description":"CIUDAD DE M\u00c9XICO. \u0336 \u0336\u00a0 La Presidenta Constitucional de los Estados Unidos Mexicanos, Claudia Sheinbaum Pardo, se\u00f1al\u00f3 \u2014luego de tomar protesta ante el En Sonora en Equipo publicamos toda la informaci\u00f3n de Sonora, M\u00e9xico y el Mundo de manera oportuna y busca que la libertad de expresi\u00f3n sea real. Visita nuestro medio informativo publicado desde Hermosillo, Sonora. %","breadcrumb":{"@id":"https:\/\/www.sonoraenequipo.com.mx\/toma-protesta-claudia-sheinbaum-como-presidenta-de-mexico\/#breadcrumb"},"inLanguage":"es","potentialAction":[{"@type":"ReadAction","target":["https:\/\/www.sonoraenequipo.com.mx\/toma-protesta-claudia-sheinbaum-como-presidenta-de-mexico\/"]}]},{"@type":"ImageObject","inLanguage":"es","@id":"https:\/\/www.sonoraenequipo.com.mx\/toma-protesta-claudia-sheinbaum-como-presidenta-de-mexico\/#primaryimage","url":"https:\/\/www.sonoraenequipo.com.mx\/storage\/2024\/10\/csp.jpg","contentUrl":"https:\/\/www.sonoraenequipo.com.mx\/storage\/2024\/10\/csp.jpg","width":600,"height":400},{"@type":"BreadcrumbList","@id":"https:\/\/www.sonoraenequipo.com.mx\/toma-protesta-claudia-sheinbaum-como-presidenta-de-mexico\/#breadcrumb","itemListElement":[{"@type":"ListItem","position":1,"name":"Portada","item":"https:\/\/www.sonoraenequipo.com.mx\/"},{"@type":"ListItem","position":2,"name":"Toma protesta Claudia Sheinbaum como presidenta de M\u00e9xico"}]},{"@type":"WebSite","@id":"https:\/\/www.sonoraenequipo.com.mx\/#website","url":"https:\/\/www.sonoraenequipo.com.mx\/","name":"Sonora en Equipo.","description":"Diario en l\u00ednea con Noticias desde Hermosillo, Sonora","publisher":{"@id":"https:\/\/www.sonoraenequipo.com.mx\/#organization"},"potentialAction":[{"@type":"SearchAction","target":{"@type":"EntryPoint","urlTemplate":"https:\/\/www.sonoraenequipo.com.mx\/?s={search_term_string}"},"query-input":{"@type":"PropertyValueSpecification","valueRequired":true,"valueName":"search_term_string"}}],"inLanguage":"es"},{"@type":"Organization","@id":"https:\/\/www.sonoraenequipo.com.mx\/#organization","name":"Sonoraenequipo.com.mx","url":"https:\/\/www.sonoraenequipo.com.mx\/","logo":{"@type":"ImageObject","inLanguage":"es","@id":"https:\/\/www.sonoraenequipo.com.mx\/#\/schema\/logo\/image\/","url":"https:\/\/www.sonoraenequipo.com.mx\/storage\/2019\/01\/sonoraenequipo_opt.png","contentUrl":"https:\/\/www.sonoraenequipo.com.mx\/storage\/2019\/01\/sonoraenequipo_opt.png","width":375,"height":125,"caption":"Sonoraenequipo.com.mx"},"image":{"@id":"https:\/\/www.sonoraenequipo.com.mx\/#\/schema\/logo\/image\/"},"sameAs":["https:\/\/www.facebook.com\/SonoraEE\/","https:\/\/x.com\/sonoraenequipo","https:\/\/www.youtube.com\/channel\/UC338nW-lPEYmJQs4ZABQ1SQ"]},{"@type":"Person","@id":"https:\/\/www.sonoraenequipo.com.mx\/#\/schema\/person\/50102df0fb23a8fa9e8effad8fa81386","name":"enequipo","image":{"@type":"ImageObject","inLanguage":"es","@id":"https:\/\/www.sonoraenequipo.com.mx\/#\/schema\/person\/image\/","url":"https:\/\/secure.gravatar.com\/avatar\/049821681b589dabc0bc20695993ccebb09f5b5d4d790cd9251b97faac7c652b?s=96&d=blank&r=g","contentUrl":"https:\/\/secure.gravatar.com\/avatar\/049821681b589dabc0bc20695993ccebb09f5b5d4d790cd9251b97faac7c652b?s=96&d=blank&r=g","caption":"enequipo"},"sameAs":["https:\/\/www.facebook.com\/SonoraEE"]}]}},"jetpack_featured_media_url":"https:\/\/www.sonoraenequipo.com.mx\/storage\/2024\/10\/csp.jpg","_links":{"self":[{"href":"https:\/\/www.sonoraenequipo.com.mx\/api\/wp\/v2\/posts\/200355","targetHints":{"allow":["GET"]}}],"collection":[{"href":"https:\/\/www.sonoraenequipo.com.mx\/api\/wp\/v2\/posts"}],"about":[{"href":"https:\/\/www.sonoraenequipo.com.mx\/api\/wp\/v2\/types\/post"}],"author":[{"embeddable":true,"href":"https:\/\/www.sonoraenequipo.com.mx\/api\/wp\/v2\/users\/1"}],"replies":[{"embeddable":true,"href":"https:\/\/www.sonoraenequipo.com.mx\/api\/wp\/v2\/comments?post=200355"}],"version-history":[{"count":2,"href":"https:\/\/www.sonoraenequipo.com.mx\/api\/wp\/v2\/posts\/200355\/revisions"}],"predecessor-version":[{"id":200361,"href":"https:\/\/www.sonoraenequipo.com.mx\/api\/wp\/v2\/posts\/200355\/revisions\/200361"}],"wp:featuredmedia":[{"embeddable":true,"href":"https:\/\/www.sonoraenequipo.com.mx\/api\/wp\/v2\/media\/200356"}],"wp:attachment":[{"href":"https:\/\/www.sonoraenequipo.com.mx\/api\/wp\/v2\/media?parent=200355"}],"wp:term":[{"taxonomy":"category","embeddable":true,"href":"https:\/\/www.sonoraenequipo.com.mx\/api\/wp\/v2\/categories?post=200355"},{"taxonomy":"post_tag","embeddable":true,"href":"https:\/\/www.sonoraenequipo.com.mx\/api\/wp\/v2\/tags?post=200355"}],"curies":[{"name":"wp","href":"https:\/\/api.w.org\/{rel}","templated":true}]}}