{"id":200367,"date":"2024-10-01T20:42:43","date_gmt":"2024-10-02T03:42:43","guid":{"rendered":"https:\/\/www.sonoraenequipo.com.mx\/?p=200367"},"modified":"2024-10-02T10:06:16","modified_gmt":"2024-10-02T17:06:16","slug":"me-comprometo-a-no-fallar-claudia-sheinbaum","status":"publish","type":"post","link":"https:\/\/www.sonoraenequipo.com.mx\/me-comprometo-a-no-fallar-claudia-sheinbaum\/","title":{"rendered":"Me comprometo a no fallar: Claudia Sheinbaum"},"content":{"rendered":"<p>&nbsp;<\/p>\n<p>Present\u00f3 los 100 puntos que forman parte de su plan de gobierno cuyo objetivo ser\u00e1 el bienestar del pueblo de M\u00e9xico<br \/>\n.<\/p>\n<p>&nbsp;<\/p>\n<p><strong>CIUDAD DE M\u00c9XICO. MX. \u2014<\/strong> La Presidenta Constitucional de los Estados Unidos Mexicanos, Claudia Sheinbaum Pardo, se comprometi\u00f3 a no fallarle al pueblo de M\u00e9xico y refrend\u00f3 que gobernar\u00e1 bajo los principios del Humanismo Mexicano y de la Cuarta Transformaci\u00f3n: no mentir, no robar y nunca traicionar a las y los mexicanos.<\/p>\n<p>&nbsp;<\/p>\n<p>&nbsp;<\/p>\n<p>&nbsp;<\/p>\n<p> <em><strong>\u201cEstoy aqu\u00ed para comprometerme con ustedes, para decirle al pueblo de M\u00e9xico, en esta plaza maravillosa, coraz\u00f3n de la patria, en la que tantas veces nos reunimos con Andr\u00e9s Manuel L\u00f3pez Obrador y nos seguiremos reuniendo, que no les voy a fallar. Me comprometo con ustedes a no mentir, no robar y a nunca traicionar al pueblo de M\u00e9xico, me comprometo a seguir haciendo historia\u201d,<\/strong> <\/em>expres\u00f3 en su primer mensaje al pueblo de M\u00e9xico como Presidenta Constitucional.<\/p>\n<p>&nbsp;<\/p>\n<p>&nbsp;<\/p>\n<p>&nbsp;<\/p>\n<p>Durante un ritual realizado por mujeres representantes de los pueblos originarios y afromexicanos del norte, sur, oriente y del occidente, y del centro del pa\u00eds, la primera Presidenta de M\u00e9xico recibi\u00f3 el Bast\u00f3n de Mando y Servicio, por parte de 70 comunidades ind\u00edgenas y afromexicanas del pa\u00eds.<\/p>\n<p>&nbsp;<\/p>\n<p>&nbsp;<\/p>\n<p>&nbsp;<\/p>\n<p><em><strong>\u201cHoy es un d\u00eda de fiesta, alegr\u00eda y esperanza para las mexicanas y los mexicanos, que quedar\u00e1 grabada en nuestra memoria colectiva porque usted rindi\u00f3 protesta ante el Honorable Congreso de la Uni\u00f3n como Presidenta Constitucional de los Estados Unidos Mexicanos\u201d<\/strong><\/em>, dijo la hermana Virginia en representaci\u00f3n de los pueblos originarios.<\/p>\n<p>&nbsp;<\/p>\n<p>&nbsp;<\/p>\n<p>Por ello, la Presidenta de M\u00e9xico expres\u00f3 que tiene claro el tama\u00f1o de la responsabilidad que este d\u00eda asumi\u00f3, y que representa esperanza de bienestar y progreso con justicia para millones de mexicanas y mexicanos.<\/p>\n<p>&nbsp;<\/p>\n<p>&nbsp;<\/p>\n<p>&nbsp;<\/p>\n<p><strong><em>\u201cTengo claro que el poder es honestidad y humildad, que nuestro pensamiento es el humanismo mexicano, que nuestra naci\u00f3n y nuestro pueblo son grandiosos y tengo claro que somos la \u00fanica opci\u00f3n que representa el bienestar y el progreso con justicia. Tengo claro que mi responsabilidad es llevar a M\u00e9xico por el sendero de la paz, la seguridad, la democracia, el cuidado del medio ambiente, las libertades y la justicia\u201d,<\/em> <\/strong>asever\u00f3.<\/p>\n<p>&nbsp;<\/p>\n<p>&nbsp;<\/p>\n<p>En ese sentido, Claudia Sheinbaum present\u00f3 los 100 compromisos que agrupan los principios de su gobierno y que est\u00e1 dividido en ejes estrat\u00e9gicos para garantizar bienestar, justicia, acceso a la salud, vivienda, trabajo y los derechos fundamentales de una sociedad. Como parte del eje \u201cRep\u00fablica Democr\u00e1tica, Justa, Honesta, Libre, Participativa y Responsable\u201d, anunci\u00f3 acciones para mantener la divisi\u00f3n entre el poder pol\u00edtico y econ\u00f3mico; gobernar con Humanismo Mexicano; giras por todo el pa\u00eds, continuidad de \u201cLas Ma\u00f1aneras del pueblo\u201d; garantizar libertades, combatir la discriminaci\u00f3n, soberan\u00eda nacional sin sumisi\u00f3n, dar seguimiento a la Reforma al Poder Judicial, dar seguimiento al caso de los 43 estudiantes desaparecidos de Ayotzinapa, impulsar reforma electoral para evitar reelecci\u00f3n y sucesi\u00f3n con familiares, combate a la corrupci\u00f3n, mantener la austeridad republicana, no aumento de las gasolinas por encima de la inflaci\u00f3n y cerrar el paso al regreso del neoliberalismo.<\/p>\n<p>&nbsp;<\/p>\n<p>&nbsp;<\/p>\n<p>&nbsp;<\/p>\n<p>En el caso de \u201cRep\u00fablica Fraterna\u201d, expuso la continuidad de los planes de justicia, continuidad a programas de bienestar, apoyo a mujeres de 60 a 64 a\u00f1os de edad, becas a estudiantes de preescolar a secundaria de escuelas p\u00fablicas; consultas a domicilio para personas de la tercera edad; fortalecimiento del Banco del Bienestar; cr\u00e9ditos para mujeres ind\u00edgenas y prohibir maltrato animal desde la Constituci\u00f3n Pol\u00edtica de los Estados Unidos Mexicanos.<\/p>\n<p>&nbsp;<\/p>\n<p>&nbsp;<\/p>\n<p>En \u201cRep\u00fablica Educadora, Humanista y Cient\u00edfica\u201d dio a conocer la eliminaci\u00f3n del USICAMM, seguir el programa la Escuela es Nuestra, extender horarios de primarias para ofrecer educaci\u00f3n f\u00edsica y art\u00edstica, prevenci\u00f3n de adicciones y atenci\u00f3n a la salud mental, m\u00e1s preparatorias y universidades, desaparecer el examen COMIPEMS, impulso al desarrollo del veh\u00edculo el\u00e9ctrico \u201cOlinia\u201d para venta accesible, primer sat\u00e9lite mexicano en \u00f3rbita, producci\u00f3n de drones, y apoyo al deporte comunitario y de alto rendimiento. \u200b\u200b<\/p>\n<p>&nbsp;<\/p>\n<p>&nbsp;<\/p>\n<p>Como parte de la \u201cRep\u00fablica Cultural y Lectora\u201d, inform\u00f3 de la creaci\u00f3n de un sistema de educaci\u00f3n y creaci\u00f3n art\u00edstica para que por cada escuela haya un coro, banda o grupo; condiciones para que artistas ganen lo justo, impulso a la grandeza cultural de M\u00e9xico y fomento de la lectura. En \u201cRep\u00fablica Sana\u201d, anunci\u00f3 el acceso universal a vacunas, estudios de laboratorio y medicamentos gratuitos; arranque de Farmacias del Bienestar a mediados de 2025, programa de cuidados para los primeros 1000 d\u00edas de vida; ampliar ex\u00e1menes de laboratorio en centros de salud, modernizaci\u00f3n de la infraestructura hospitalaria, programa de cirug\u00edas de cataratas y rodillas a partir de 2025, entre otros.<\/p>\n<p>&nbsp;<\/p>\n<p>&nbsp;<\/p>\n<p>&nbsp;<\/p>\n<p>La construcci\u00f3n de un mill\u00f3n de viviendas accesibles, programa masivo de escrituraci\u00f3n, cr\u00e9ditos para mejoramiento de vivienda y proyecto de mejora urbana en la zona oriente del Estado de M\u00e9xico, forman parte del eje de \u201cRep\u00fablica con Acceso a la Vivienda\u201d; mientras que en \u201cRep\u00fablica de y para las Mujeres\u201d, habl\u00f3 de la formaci\u00f3n de la primera Secretar\u00eda de las Mujeres, entrega de derechos agrarios a 150 mil mujeres, impulso al Sistema Nacional de Cuidados y creaci\u00f3n de un Centro de Bienestar Infantil, entre otras.<\/p>\n<p>&nbsp;<\/p>\n<p>&nbsp;<\/p>\n<p>&nbsp;<\/p>\n<p>En \u201cRep\u00fablica con Trabajo y Salario Justo\u201d mencion\u00f3 mantener el aumento del salario m\u00ednimo por encima de la inflaci\u00f3n, mejora de pensiones, aumento salarial para maestros y maestras, seguridad social para repartidores de apps, alcanzar la semana laboral de 40 horas y continuidad al Plan de Justicia a familiares de Pasta de Conchos. Soberan\u00eda alimentaria, autosuficiencia del ma\u00edz y frijol, asistencia para la producci\u00f3n de los alimentos de la canasta b\u00e1sica; fusi\u00f3n de Segalmex con DICONSA con la creaci\u00f3n de \u2018Alimentaci\u00f3n para el Bienestar\u2019; y el impulso al Plan Campeche y Tabasco, como parte de \u201cRep\u00fablica Rural, Justa y Soberana\u201d.<\/p>\n<p>&nbsp;<\/p>\n<p>&nbsp;<\/p>\n<p>&nbsp;<\/p>\n<p>En \u201cRep\u00fablica Soberana y con Energ\u00eda Sustentable\u201d, expuso el fortalecimiento de PEMEX y CFE, sin privatizaciones; limitar la producci\u00f3n del petr\u00f3leo para consumo nacional y no de exportaci\u00f3n, impulso a energ\u00edas renovables, y un programa de paneles fotovoltaicos.<\/p>\n<p>&nbsp;<\/p>\n<p>&nbsp;<\/p>\n<p>&nbsp;<\/p>\n<p>En \u201cRep\u00fablica Pr\u00f3spera y Conectada\u201d expuso la reducci\u00f3n de IVA, ISR y aumentos salariales en la zona fronteriza; agilizaci\u00f3n de los cruces fronterizos, impulso a los trenes de pasajeros, ampliaci\u00f3n del Tren Maya y la L\u00ednea K del Tren Interoce\u00e1nico; polos de bienestar, 3000 kil\u00f3metros del tren de pasajeros, quitar los baches a 4 mil kil\u00f3metros de carreteras federales en todo el pa\u00eds; mantener caminos artesanales, construcci\u00f3n de nuevas carreteras, distribuidores viales, fortalecimiento de Mexicana de Aviaci\u00f3n, Plan Sonora y ampliaci\u00f3n de aeropuertos. En \u201cRep\u00fablica que protege el medio ambiente y sus recursos naturales\u201d anunci\u00f3 el saneamiento de los r\u00edos Lerma-Santiago, Tula y el R\u00edo Atoyac y R\u00edo Sonora; construcci\u00f3n de un complejo ambiental en Tula, Hidalgo; y la reforestaci\u00f3n de bosques.<\/p>\n<p>&nbsp;<\/p>\n<p>&nbsp;<\/p>\n<p>&nbsp;<\/p>\n<p>En \u201cRep\u00fablica con derecho al agua\u201d plante\u00f3 un programa para ordenar las concesiones y tecnificaci\u00f3n de 200 mil hect\u00e1reas de riego, proyectos estrat\u00e9gicos para garantizar el reciclamiento y acceso al derecho humano.<\/p>\n<p>&nbsp;<\/p>\n<p>&nbsp;<\/p>\n<p>&nbsp;<\/p>\n<p>Finalmente, en el eje \u201cRep\u00fablica segura y con justicia\u201d garantiz\u00f3 la disminuci\u00f3n de delitos de alto impacto, sin regresar a la irresponsable guerra contra el narco, sino a trav\u00e9s de cuatro ejes: Atenci\u00f3n a las Causas, Fortalecimiento de la Guardia Nacional, Inteligencia e Investigaci\u00f3n, y Coordinaci\u00f3n.<\/p>\n<p>&nbsp;<\/p>\n<p>&nbsp;<\/p>\n<p>&nbsp;<\/p>\n<p>Lo anterior, con el firme objetivo de seguir haciendo un gobierno comprometido, siempre, con el bienestar de las y los mexicanos. \u00abPor ello, me comprometo con ustedes, que entregar\u00e9 mi conocimiento, mi alma, mi vida y lo mejor de m\u00ed misma, por el bienestar del pueblo de M\u00e9xico. Me comprometo con ustedes a defender siempre a M\u00e9xico. Me comprometo a enaltecer el amor, la verdad, la honestidad y la fraternidad y a condenar cualquier forma de discriminaci\u00f3n\u00bb, expres\u00f3.<\/p>\n<p>&nbsp;<\/p>\n<p>&nbsp;<\/p>\n<p>PUBLICADO EL 01 DE OCTUBRE DE 2024 Con informaci\u00f3n de CSP0110.2024)<\/p>\n","protected":false},"excerpt":{"rendered":"<p>&nbsp; Present\u00f3 los 100 puntos que forman parte de su plan de gobierno cuyo objetivo&#8230;<\/p>\n","protected":false},"author":1,"featured_media":200369,"comment_status":"open","ping_status":"open","sticky":false,"template":"","format":"standard","meta":{"_monsterinsights_skip_tracking":false,"_monsterinsights_sitenote_active":false,"_monsterinsights_sitenote_note":"","_monsterinsights_sitenote_category":0,"footnotes":""},"categories":[5],"tags":[],"class_list":["post"],"yoast_head":" \n<title>Sonora en Equipo. Me comprometo a no fallar: Claudia Sheinbaum Rep\u00fablica<\/title>\n<meta name=\"description\" content=\"&nbsp; Present\u00f3 los 100 puntos que forman parte de su plan de gobierno cuyo objetivo ser\u00e1 el bienestar del pueblo de M\u00e9xico . &nbsp; CIUDAD DE M\u00c9XICO. MX. En Sonora en Equipo publicamos toda la informaci\u00f3n de Sonora, M\u00e9xico y el Mundo de manera oportuna y busca que la libertad de expresi\u00f3n sea real. Visita nuestro medio informativo publicado desde Hermosillo, Sonora. %\" \/>\n<meta name=\"robots\" content=\"index, follow, max-snippet:-1, max-image-preview:large, max-video-preview:-1\" \/>\n<link rel=\"canonical\" href=\"https:\/\/www.sonoraenequipo.com.mx\/me-comprometo-a-no-fallar-claudia-sheinbaum\/\" \/>\n<meta property=\"og:locale\" content=\"es_ES\" \/>\n<meta property=\"og:type\" content=\"article\" \/>\n<meta property=\"og:title\" content=\"Sonora en Equipo. Me comprometo a no fallar: Claudia Sheinbaum Rep\u00fablica\" \/>\n<meta property=\"og:description\" content=\"&nbsp; Present\u00f3 los 100 puntos que forman parte de su plan de gobierno cuyo objetivo ser\u00e1 el bienestar del pueblo de M\u00e9xico . &nbsp; CIUDAD DE M\u00c9XICO. MX. En Sonora en Equipo publicamos toda la informaci\u00f3n de Sonora, M\u00e9xico y el Mundo de manera oportuna y busca que la libertad de expresi\u00f3n sea real. Visita nuestro medio informativo publicado desde Hermosillo, Sonora. %\" \/>\n<meta property=\"og:url\" content=\"https:\/\/www.sonoraenequipo.com.mx\/me-comprometo-a-no-fallar-claudia-sheinbaum\/\" \/>\n<meta property=\"og:site_name\" content=\"Sonora en Equipo.\" \/>\n<meta property=\"article:publisher\" content=\"https:\/\/www.facebook.com\/SonoraEE\/\" \/>\n<meta property=\"article:author\" content=\"https:\/\/www.facebook.com\/SonoraEE\" \/>\n<meta property=\"article:published_time\" content=\"2024-10-02T03:42:43+00:00\" \/>\n<meta property=\"article:modified_time\" content=\"2024-10-02T17:06:16+00:00\" \/>\n<meta property=\"og:image\" content=\"https:\/\/www.sonoraenequipo.com.mx\/storage\/2024\/10\/claudia-sheinbaum.-toma-el-baton-de-mando-min.jpg\" \/>\n\t<meta property=\"og:image:width\" content=\"686\" \/>\n\t<meta property=\"og:image:height\" content=\"457\" \/>\n\t<meta property=\"og:image:type\" content=\"image\/jpeg\" \/>\n<meta name=\"author\" content=\"enequipo\" \/>\n<meta name=\"twitter:card\" content=\"summary_large_image\" \/>\n<meta name=\"twitter:creator\" content=\"@sonoraenequipo\" \/>\n<meta name=\"twitter:site\" content=\"@sonoraenequipo\" \/>\n<meta name=\"twitter:label1\" content=\"Escrito por\" \/>\n\t<meta name=\"twitter:data1\" content=\"enequipo\" \/>\n\t<meta name=\"twitter:label2\" content=\"Tiempo de lectura\" \/>\n\t<meta name=\"twitter:data2\" content=\"7 minutos\" \/>\n<script type=\"application\/ld+json\" class=\"yoast-schema-graph\">{\"@context\":\"https:\/\/schema.org\",\"@graph\":[{\"@type\":\"Article\",\"@id\":\"https:\/\/www.sonoraenequipo.com.mx\/me-comprometo-a-no-fallar-claudia-sheinbaum\/#article\",\"isPartOf\":{\"@id\":\"https:\/\/www.sonoraenequipo.com.mx\/me-comprometo-a-no-fallar-claudia-sheinbaum\/\"},\"author\":{\"name\":\"enequipo\",\"@id\":\"https:\/\/www.sonoraenequipo.com.mx\/#\/schema\/person\/50102df0fb23a8fa9e8effad8fa81386\"},\"headline\":\"Me comprometo a no fallar: Claudia Sheinbaum\",\"datePublished\":\"2024-10-02T03:42:43+00:00\",\"dateModified\":\"2024-10-02T17:06:16+00:00\",\"mainEntityOfPage\":{\"@id\":\"https:\/\/www.sonoraenequipo.com.mx\/me-comprometo-a-no-fallar-claudia-sheinbaum\/\"},\"wordCount\":1432,\"commentCount\":0,\"publisher\":{\"@id\":\"https:\/\/www.sonoraenequipo.com.mx\/#organization\"},\"image\":{\"@id\":\"https:\/\/www.sonoraenequipo.com.mx\/me-comprometo-a-no-fallar-claudia-sheinbaum\/#primaryimage\"},\"thumbnailUrl\":\"https:\/\/www.sonoraenequipo.com.mx\/storage\/2024\/10\/claudia-sheinbaum.-toma-el-baton-de-mando-min.jpg\",\"articleSection\":[\"Rep\u00fablica\"],\"inLanguage\":\"es\",\"potentialAction\":[{\"@type\":\"CommentAction\",\"name\":\"Comment\",\"target\":[\"https:\/\/www.sonoraenequipo.com.mx\/me-comprometo-a-no-fallar-claudia-sheinbaum\/#respond\"]}]},{\"@type\":\"WebPage\",\"@id\":\"https:\/\/www.sonoraenequipo.com.mx\/me-comprometo-a-no-fallar-claudia-sheinbaum\/\",\"url\":\"https:\/\/www.sonoraenequipo.com.mx\/me-comprometo-a-no-fallar-claudia-sheinbaum\/\",\"name\":\"Sonora en Equipo. Me comprometo a no fallar: Claudia Sheinbaum Rep\u00fablica\",\"isPartOf\":{\"@id\":\"https:\/\/www.sonoraenequipo.com.mx\/#website\"},\"primaryImageOfPage\":{\"@id\":\"https:\/\/www.sonoraenequipo.com.mx\/me-comprometo-a-no-fallar-claudia-sheinbaum\/#primaryimage\"},\"image\":{\"@id\":\"https:\/\/www.sonoraenequipo.com.mx\/me-comprometo-a-no-fallar-claudia-sheinbaum\/#primaryimage\"},\"thumbnailUrl\":\"https:\/\/www.sonoraenequipo.com.mx\/storage\/2024\/10\/claudia-sheinbaum.-toma-el-baton-de-mando-min.jpg\",\"datePublished\":\"2024-10-02T03:42:43+00:00\",\"dateModified\":\"2024-10-02T17:06:16+00:00\",\"description\":\"&nbsp; Present\u00f3 los 100 puntos que forman parte de su plan de gobierno cuyo objetivo ser\u00e1 el bienestar del pueblo de M\u00e9xico . &nbsp; CIUDAD DE M\u00c9XICO. MX. En Sonora en Equipo publicamos toda la informaci\u00f3n de Sonora, M\u00e9xico y el Mundo de manera oportuna y busca que la libertad de expresi\u00f3n sea real. Visita nuestro medio informativo publicado desde Hermosillo, Sonora. %\",\"breadcrumb\":{\"@id\":\"https:\/\/www.sonoraenequipo.com.mx\/me-comprometo-a-no-fallar-claudia-sheinbaum\/#breadcrumb\"},\"inLanguage\":\"es\",\"potentialAction\":[{\"@type\":\"ReadAction\",\"target\":[\"https:\/\/www.sonoraenequipo.com.mx\/me-comprometo-a-no-fallar-claudia-sheinbaum\/\"]}]},{\"@type\":\"ImageObject\",\"inLanguage\":\"es\",\"@id\":\"https:\/\/www.sonoraenequipo.com.mx\/me-comprometo-a-no-fallar-claudia-sheinbaum\/#primaryimage\",\"url\":\"https:\/\/www.sonoraenequipo.com.mx\/storage\/2024\/10\/claudia-sheinbaum.-toma-el-baton-de-mando-min.jpg\",\"contentUrl\":\"https:\/\/www.sonoraenequipo.com.mx\/storage\/2024\/10\/claudia-sheinbaum.-toma-el-baton-de-mando-min.jpg\",\"width\":686,\"height\":457},{\"@type\":\"BreadcrumbList\",\"@id\":\"https:\/\/www.sonoraenequipo.com.mx\/me-comprometo-a-no-fallar-claudia-sheinbaum\/#breadcrumb\",\"itemListElement\":[{\"@type\":\"ListItem\",\"position\":1,\"name\":\"Portada\",\"item\":\"https:\/\/www.sonoraenequipo.com.mx\/\"},{\"@type\":\"ListItem\",\"position\":2,\"name\":\"Me comprometo a no fallar: Claudia Sheinbaum\"}]},{\"@type\":\"WebSite\",\"@id\":\"https:\/\/www.sonoraenequipo.com.mx\/#website\",\"url\":\"https:\/\/www.sonoraenequipo.com.mx\/\",\"name\":\"Sonora en Equipo.\",\"description\":\"Diario en l\u00ednea con Noticias desde Hermosillo, Sonora\",\"publisher\":{\"@id\":\"https:\/\/www.sonoraenequipo.com.mx\/#organization\"},\"potentialAction\":[{\"@type\":\"SearchAction\",\"target\":{\"@type\":\"EntryPoint\",\"urlTemplate\":\"https:\/\/www.sonoraenequipo.com.mx\/?s={search_term_string}\"},\"query-input\":{\"@type\":\"PropertyValueSpecification\",\"valueRequired\":true,\"valueName\":\"search_term_string\"}}],\"inLanguage\":\"es\"},{\"@type\":\"Organization\",\"@id\":\"https:\/\/www.sonoraenequipo.com.mx\/#organization\",\"name\":\"Sonoraenequipo.com.mx\",\"url\":\"https:\/\/www.sonoraenequipo.com.mx\/\",\"logo\":{\"@type\":\"ImageObject\",\"inLanguage\":\"es\",\"@id\":\"https:\/\/www.sonoraenequipo.com.mx\/#\/schema\/logo\/image\/\",\"url\":\"https:\/\/www.sonoraenequipo.com.mx\/storage\/2019\/01\/sonoraenequipo_opt.png\",\"contentUrl\":\"https:\/\/www.sonoraenequipo.com.mx\/storage\/2019\/01\/sonoraenequipo_opt.png\",\"width\":375,\"height\":125,\"caption\":\"Sonoraenequipo.com.mx\"},\"image\":{\"@id\":\"https:\/\/www.sonoraenequipo.com.mx\/#\/schema\/logo\/image\/\"},\"sameAs\":[\"https:\/\/www.facebook.com\/SonoraEE\/\",\"https:\/\/x.com\/sonoraenequipo\",\"https:\/\/www.youtube.com\/channel\/UC338nW-lPEYmJQs4ZABQ1SQ\"]},{\"@type\":\"Person\",\"@id\":\"https:\/\/www.sonoraenequipo.com.mx\/#\/schema\/person\/50102df0fb23a8fa9e8effad8fa81386\",\"name\":\"enequipo\",\"image\":{\"@type\":\"ImageObject\",\"inLanguage\":\"es\",\"@id\":\"https:\/\/www.sonoraenequipo.com.mx\/#\/schema\/person\/image\/\",\"url\":\"https:\/\/secure.gravatar.com\/avatar\/049821681b589dabc0bc20695993ccebb09f5b5d4d790cd9251b97faac7c652b?s=96&d=blank&r=g\",\"contentUrl\":\"https:\/\/secure.gravatar.com\/avatar\/049821681b589dabc0bc20695993ccebb09f5b5d4d790cd9251b97faac7c652b?s=96&d=blank&r=g\",\"caption\":\"enequipo\"},\"sameAs\":[\"https:\/\/www.facebook.com\/SonoraEE\"]}]}<\/script>\n ","yoast_head_json":{"title":"Sonora en Equipo. Me comprometo a no fallar: Claudia Sheinbaum Rep\u00fablica","description":"&nbsp; Present\u00f3 los 100 puntos que forman parte de su plan de gobierno cuyo objetivo ser\u00e1 el bienestar del pueblo de M\u00e9xico . &nbsp; CIUDAD DE M\u00c9XICO. MX. En Sonora en Equipo publicamos toda la informaci\u00f3n de Sonora, M\u00e9xico y el Mundo de manera oportuna y busca que la libertad de expresi\u00f3n sea real. Visita nuestro medio informativo publicado desde Hermosillo, Sonora. %","robots":{"index":"index","follow":"follow","max-snippet":"max-snippet:-1","max-image-preview":"max-image-preview:large","max-video-preview":"max-video-preview:-1"},"canonical":"https:\/\/www.sonoraenequipo.com.mx\/me-comprometo-a-no-fallar-claudia-sheinbaum\/","og_locale":"es_ES","og_type":"article","og_title":"Sonora en Equipo. Me comprometo a no fallar: Claudia Sheinbaum Rep\u00fablica","og_description":"&nbsp; Present\u00f3 los 100 puntos que forman parte de su plan de gobierno cuyo objetivo ser\u00e1 el bienestar del pueblo de M\u00e9xico . &nbsp; CIUDAD DE M\u00c9XICO. MX. En Sonora en Equipo publicamos toda la informaci\u00f3n de Sonora, M\u00e9xico y el Mundo de manera oportuna y busca que la libertad de expresi\u00f3n sea real. Visita nuestro medio informativo publicado desde Hermosillo, Sonora. %","og_url":"https:\/\/www.sonoraenequipo.com.mx\/me-comprometo-a-no-fallar-claudia-sheinbaum\/","og_site_name":"Sonora en Equipo.","article_publisher":"https:\/\/www.facebook.com\/SonoraEE\/","article_author":"https:\/\/www.facebook.com\/SonoraEE","article_published_time":"2024-10-02T03:42:43+00:00","article_modified_time":"2024-10-02T17:06:16+00:00","og_image":[{"width":686,"height":457,"url":"https:\/\/www.sonoraenequipo.com.mx\/storage\/2024\/10\/claudia-sheinbaum.-toma-el-baton-de-mando-min.jpg","type":"image\/jpeg"}],"author":"enequipo","twitter_card":"summary_large_image","twitter_creator":"@sonoraenequipo","twitter_site":"@sonoraenequipo","twitter_misc":{"Escrito por":"enequipo","Tiempo de lectura":"7 minutos"},"schema":{"@context":"https:\/\/schema.org","@graph":[{"@type":"Article","@id":"https:\/\/www.sonoraenequipo.com.mx\/me-comprometo-a-no-fallar-claudia-sheinbaum\/#article","isPartOf":{"@id":"https:\/\/www.sonoraenequipo.com.mx\/me-comprometo-a-no-fallar-claudia-sheinbaum\/"},"author":{"name":"enequipo","@id":"https:\/\/www.sonoraenequipo.com.mx\/#\/schema\/person\/50102df0fb23a8fa9e8effad8fa81386"},"headline":"Me comprometo a no fallar: Claudia Sheinbaum","datePublished":"2024-10-02T03:42:43+00:00","dateModified":"2024-10-02T17:06:16+00:00","mainEntityOfPage":{"@id":"https:\/\/www.sonoraenequipo.com.mx\/me-comprometo-a-no-fallar-claudia-sheinbaum\/"},"wordCount":1432,"commentCount":0,"publisher":{"@id":"https:\/\/www.sonoraenequipo.com.mx\/#organization"},"image":{"@id":"https:\/\/www.sonoraenequipo.com.mx\/me-comprometo-a-no-fallar-claudia-sheinbaum\/#primaryimage"},"thumbnailUrl":"https:\/\/www.sonoraenequipo.com.mx\/storage\/2024\/10\/claudia-sheinbaum.-toma-el-baton-de-mando-min.jpg","articleSection":["Rep\u00fablica"],"inLanguage":"es","potentialAction":[{"@type":"CommentAction","name":"Comment","target":["https:\/\/www.sonoraenequipo.com.mx\/me-comprometo-a-no-fallar-claudia-sheinbaum\/#respond"]}]},{"@type":"WebPage","@id":"https:\/\/www.sonoraenequipo.com.mx\/me-comprometo-a-no-fallar-claudia-sheinbaum\/","url":"https:\/\/www.sonoraenequipo.com.mx\/me-comprometo-a-no-fallar-claudia-sheinbaum\/","name":"Sonora en Equipo. Me comprometo a no fallar: Claudia Sheinbaum Rep\u00fablica","isPartOf":{"@id":"https:\/\/www.sonoraenequipo.com.mx\/#website"},"primaryImageOfPage":{"@id":"https:\/\/www.sonoraenequipo.com.mx\/me-comprometo-a-no-fallar-claudia-sheinbaum\/#primaryimage"},"image":{"@id":"https:\/\/www.sonoraenequipo.com.mx\/me-comprometo-a-no-fallar-claudia-sheinbaum\/#primaryimage"},"thumbnailUrl":"https:\/\/www.sonoraenequipo.com.mx\/storage\/2024\/10\/claudia-sheinbaum.-toma-el-baton-de-mando-min.jpg","datePublished":"2024-10-02T03:42:43+00:00","dateModified":"2024-10-02T17:06:16+00:00","description":"&nbsp; Present\u00f3 los 100 puntos que forman parte de su plan de gobierno cuyo objetivo ser\u00e1 el bienestar del pueblo de M\u00e9xico . &nbsp; CIUDAD DE M\u00c9XICO. MX. En Sonora en Equipo publicamos toda la informaci\u00f3n de Sonora, M\u00e9xico y el Mundo de manera oportuna y busca que la libertad de expresi\u00f3n sea real. Visita nuestro medio informativo publicado desde Hermosillo, Sonora. %","breadcrumb":{"@id":"https:\/\/www.sonoraenequipo.com.mx\/me-comprometo-a-no-fallar-claudia-sheinbaum\/#breadcrumb"},"inLanguage":"es","potentialAction":[{"@type":"ReadAction","target":["https:\/\/www.sonoraenequipo.com.mx\/me-comprometo-a-no-fallar-claudia-sheinbaum\/"]}]},{"@type":"ImageObject","inLanguage":"es","@id":"https:\/\/www.sonoraenequipo.com.mx\/me-comprometo-a-no-fallar-claudia-sheinbaum\/#primaryimage","url":"https:\/\/www.sonoraenequipo.com.mx\/storage\/2024\/10\/claudia-sheinbaum.-toma-el-baton-de-mando-min.jpg","contentUrl":"https:\/\/www.sonoraenequipo.com.mx\/storage\/2024\/10\/claudia-sheinbaum.-toma-el-baton-de-mando-min.jpg","width":686,"height":457},{"@type":"BreadcrumbList","@id":"https:\/\/www.sonoraenequipo.com.mx\/me-comprometo-a-no-fallar-claudia-sheinbaum\/#breadcrumb","itemListElement":[{"@type":"ListItem","position":1,"name":"Portada","item":"https:\/\/www.sonoraenequipo.com.mx\/"},{"@type":"ListItem","position":2,"name":"Me comprometo a no fallar: Claudia Sheinbaum"}]},{"@type":"WebSite","@id":"https:\/\/www.sonoraenequipo.com.mx\/#website","url":"https:\/\/www.sonoraenequipo.com.mx\/","name":"Sonora en Equipo.","description":"Diario en l\u00ednea con Noticias desde Hermosillo, Sonora","publisher":{"@id":"https:\/\/www.sonoraenequipo.com.mx\/#organization"},"potentialAction":[{"@type":"SearchAction","target":{"@type":"EntryPoint","urlTemplate":"https:\/\/www.sonoraenequipo.com.mx\/?s={search_term_string}"},"query-input":{"@type":"PropertyValueSpecification","valueRequired":true,"valueName":"search_term_string"}}],"inLanguage":"es"},{"@type":"Organization","@id":"https:\/\/www.sonoraenequipo.com.mx\/#organization","name":"Sonoraenequipo.com.mx","url":"https:\/\/www.sonoraenequipo.com.mx\/","logo":{"@type":"ImageObject","inLanguage":"es","@id":"https:\/\/www.sonoraenequipo.com.mx\/#\/schema\/logo\/image\/","url":"https:\/\/www.sonoraenequipo.com.mx\/storage\/2019\/01\/sonoraenequipo_opt.png","contentUrl":"https:\/\/www.sonoraenequipo.com.mx\/storage\/2019\/01\/sonoraenequipo_opt.png","width":375,"height":125,"caption":"Sonoraenequipo.com.mx"},"image":{"@id":"https:\/\/www.sonoraenequipo.com.mx\/#\/schema\/logo\/image\/"},"sameAs":["https:\/\/www.facebook.com\/SonoraEE\/","https:\/\/x.com\/sonoraenequipo","https:\/\/www.youtube.com\/channel\/UC338nW-lPEYmJQs4ZABQ1SQ"]},{"@type":"Person","@id":"https:\/\/www.sonoraenequipo.com.mx\/#\/schema\/person\/50102df0fb23a8fa9e8effad8fa81386","name":"enequipo","image":{"@type":"ImageObject","inLanguage":"es","@id":"https:\/\/www.sonoraenequipo.com.mx\/#\/schema\/person\/image\/","url":"https:\/\/secure.gravatar.com\/avatar\/049821681b589dabc0bc20695993ccebb09f5b5d4d790cd9251b97faac7c652b?s=96&d=blank&r=g","contentUrl":"https:\/\/secure.gravatar.com\/avatar\/049821681b589dabc0bc20695993ccebb09f5b5d4d790cd9251b97faac7c652b?s=96&d=blank&r=g","caption":"enequipo"},"sameAs":["https:\/\/www.facebook.com\/SonoraEE"]}]}},"jetpack_featured_media_url":"https:\/\/www.sonoraenequipo.com.mx\/storage\/2024\/10\/claudia-sheinbaum.-toma-el-baton-de-mando-min.jpg","_links":{"self":[{"href":"https:\/\/www.sonoraenequipo.com.mx\/api\/wp\/v2\/posts\/200367","targetHints":{"allow":["GET"]}}],"collection":[{"href":"https:\/\/www.sonoraenequipo.com.mx\/api\/wp\/v2\/posts"}],"about":[{"href":"https:\/\/www.sonoraenequipo.com.mx\/api\/wp\/v2\/types\/post"}],"author":[{"embeddable":true,"href":"https:\/\/www.sonoraenequipo.com.mx\/api\/wp\/v2\/users\/1"}],"replies":[{"embeddable":true,"href":"https:\/\/www.sonoraenequipo.com.mx\/api\/wp\/v2\/comments?post=200367"}],"version-history":[{"count":1,"href":"https:\/\/www.sonoraenequipo.com.mx\/api\/wp\/v2\/posts\/200367\/revisions"}],"predecessor-version":[{"id":200370,"href":"https:\/\/www.sonoraenequipo.com.mx\/api\/wp\/v2\/posts\/200367\/revisions\/200370"}],"wp:featuredmedia":[{"embeddable":true,"href":"https:\/\/www.sonoraenequipo.com.mx\/api\/wp\/v2\/media\/200369"}],"wp:attachment":[{"href":"https:\/\/www.sonoraenequipo.com.mx\/api\/wp\/v2\/media?parent=200367"}],"wp:term":[{"taxonomy":"category","embeddable":true,"href":"https:\/\/www.sonoraenequipo.com.mx\/api\/wp\/v2\/categories?post=200367"},{"taxonomy":"post_tag","embeddable":true,"href":"https:\/\/www.sonoraenequipo.com.mx\/api\/wp\/v2\/tags?post=200367"}],"curies":[{"name":"wp","href":"https:\/\/api.w.org\/{rel}","templated":true}]}}