{"id":200388,"date":"2024-10-01T23:14:19","date_gmt":"2024-10-02T06:14:19","guid":{"rendered":"https:\/\/www.sonoraenequipo.com.mx\/?p=200388"},"modified":"2024-10-02T15:41:19","modified_gmt":"2024-10-02T22:41:19","slug":"rescatan-a-las-6-colombianas-reportadas-como-desaparecidas-en-veracruz","status":"publish","type":"post","link":"https:\/\/www.sonoraenequipo.com.mx\/rescatan-a-las-6-colombianas-reportadas-como-desaparecidas-en-veracruz\/","title":{"rendered":"Rescatan a las 6 colombianas reportadas como desaparecidas en Veracruz"},"content":{"rendered":"<p><strong>VERACRUZ, MX \u2014 <\/strong> Las seis mujeres colombianas que fueron reportadas como desaparecidas en M\u00e9xico fueron rescatadas en un operativo entre fuerzas federales y estatales, informaron el martes las autoridades.<\/p>\n<p> <br \/>\nLas j\u00f3venes de entre 20 y 26 a\u00f1os se encontraban en Boca del R\u00edo, en el estado mexicano de Veracruz, y llegaron al pa\u00eds en los \u00faltimos cuatro meses para, seg\u00fan sus familiares, realizar trabajos sexuales. El \u00faltimo contacto que tuvieron con sus parientes fue la noche del 24 de septiembre.<\/p>\n<p>Tras casi una semana sin saber de ellas, sus familias sospechaban que fueron secuestradas por miembros del crimen organizado.<\/p>\n<p>La fiscal\u00eda de ese estado inform\u00f3 mediante un comunicado que, tras tener conocimiento del caso, se investig\u00f3 y a trav\u00e9s de la Unidad Especializada en Combate al Secuestro se mont\u00f3 un operativo en la ciudad costera de Boca del R\u00edo y se logr\u00f3 la liberaci\u00f3n de las seis mujeres.<\/p>\n<p>No hubo detenidos, pero las autoridades veracruzanas informaron que contin\u00faan las investigaciones y ofrecieron que no habr\u00e1 impunidad.<\/p>\n<p>Las mujeres son j\u00f3venes procedentes de entornos empobrecidos de Medell\u00edn y Los Patios, en Colombia. Dos de ellas son madres solteras y al menos tres viajaron a M\u00e9xico por primera vez por trabajos sexuales, de acuerdo con los familiares de cuatro de las mujeres. No se conoc\u00edan entre ellas antes.<\/p>\n<p>Los hermanos de dos de ellas y las madres de otras dos contaron a la AP que en la \u00faltima comunicaci\u00f3n les avisaron que tres de las chicas acudir\u00edan a un servicio la noche del 24 de septiembre y dos se quedar\u00edan en la casa donde pernoctaban en Boca del R\u00edo; no se pudo contactar con ning\u00fan familiar de la quinta joven.<\/p>\n<p>Por pol\u00edtica editorial, la AP no identifica a posibles v\u00edctimas de delitos sexuales ni se da informaci\u00f3n que pudiera llevar a su identificaci\u00f3n como, en este caso, los nombres de las cinco mujeres o de sus familiares.<\/p>\n<p>El presidente colombiano, Gustavo Petro, tambi\u00e9n confirm\u00f3 el rescate de las mujeres colombianas poco despu\u00e9s de solicitar p\u00fablicamente al gobierno mexicano apoyo para encontrarlas por medio de su cuenta de X, antes Twitter, y al tiempo en el que asist\u00eda a la toma de posesi\u00f3n de Claudia Sheinbaum como presidenta de M\u00e9xico.<\/p>\n<p>La Canciller\u00eda de Colombia detall\u00f3 en un comunicado que el Consulado de la Ciudad de M\u00e9xico hizo seguimiento del presunto secuestro de las seis mujeres, tras ser informado de los casos el 29 de septiembre, y ofici\u00f3 a la fiscal\u00eda del estado de Veracruz para que se \u201ciniciaran acciones legales\u201d que \u201cpermitieran dar con la localizaci\u00f3n y rescate\u201d.<\/p>\n<p>De acuerdo con los familiares, quienes reconocieron que las j\u00f3venes se trasladaron a M\u00e9xico para realizar trabajos sexuales y por eso no denunciaron la situaci\u00f3n en su momento, al llegar al pa\u00eds les fueron retirados los pasaportes y se les impuso una deuda de unos 4 mil 500 d\u00f3lares. \u2014\u2014 Su\u00e1rez report\u00f3 desde Bogot\u00e1.<\/p>\n<p>PUBLICADO EL 01 DE OCTUBRE DE 2024 Con informaci\u00f3n de \/AP)<\/p>\n","protected":false},"excerpt":{"rendered":"<p>VERACRUZ, MX \u2014 Las seis mujeres colombianas que fueron reportadas como desaparecidas en M\u00e9xico fueron&#8230;<\/p>\n","protected":false},"author":1,"featured_media":200400,"comment_status":"open","ping_status":"open","sticky":false,"template":"","format":"standard","meta":{"_monsterinsights_skip_tracking":false,"_monsterinsights_sitenote_active":false,"_monsterinsights_sitenote_note":"","_monsterinsights_sitenote_category":0,"footnotes":""},"categories":[5],"tags":[],"class_list":["post"],"yoast_head":" \n<title>Sonora en Equipo. Rescatan a las 6 colombianas reportadas como desaparecidas en Veracruz Rep\u00fablica<\/title>\n<meta name=\"description\" content=\"VERACRUZ, MX \u2014 Las seis mujeres colombianas que fueron reportadas como desaparecidas en M\u00e9xico fueron rescatadas en un operativo entre fuerzas federales y En Sonora en Equipo publicamos toda la informaci\u00f3n de Sonora, M\u00e9xico y el Mundo de manera oportuna y busca que la libertad de expresi\u00f3n sea real. Visita nuestro medio informativo publicado desde Hermosillo, Sonora. %\" \/>\n<meta name=\"robots\" content=\"index, follow, max-snippet:-1, max-image-preview:large, max-video-preview:-1\" \/>\n<link rel=\"canonical\" href=\"https:\/\/www.sonoraenequipo.com.mx\/rescatan-a-las-6-colombianas-reportadas-como-desaparecidas-en-veracruz\/\" \/>\n<meta property=\"og:locale\" content=\"es_ES\" \/>\n<meta property=\"og:type\" content=\"article\" \/>\n<meta property=\"og:title\" content=\"Sonora en Equipo. Rescatan a las 6 colombianas reportadas como desaparecidas en Veracruz Rep\u00fablica\" \/>\n<meta property=\"og:description\" content=\"VERACRUZ, MX \u2014 Las seis mujeres colombianas que fueron reportadas como desaparecidas en M\u00e9xico fueron rescatadas en un operativo entre fuerzas federales y En Sonora en Equipo publicamos toda la informaci\u00f3n de Sonora, M\u00e9xico y el Mundo de manera oportuna y busca que la libertad de expresi\u00f3n sea real. Visita nuestro medio informativo publicado desde Hermosillo, Sonora. %\" \/>\n<meta property=\"og:url\" content=\"https:\/\/www.sonoraenequipo.com.mx\/rescatan-a-las-6-colombianas-reportadas-como-desaparecidas-en-veracruz\/\" \/>\n<meta property=\"og:site_name\" content=\"Sonora en Equipo.\" \/>\n<meta property=\"article:publisher\" content=\"https:\/\/www.facebook.com\/SonoraEE\/\" \/>\n<meta property=\"article:author\" content=\"https:\/\/www.facebook.com\/SonoraEE\" \/>\n<meta property=\"article:published_time\" content=\"2024-10-02T06:14:19+00:00\" \/>\n<meta property=\"article:modified_time\" content=\"2024-10-02T22:41:19+00:00\" \/>\n<meta property=\"og:image\" content=\"https:\/\/www.sonoraenequipo.com.mx\/storage\/2024\/10\/localizan-a-9-mujeres-en-veracxruz-min.webp\" \/>\n\t<meta property=\"og:image:width\" content=\"1280\" \/>\n\t<meta property=\"og:image:height\" content=\"853\" \/>\n\t<meta property=\"og:image:type\" content=\"image\/webp\" \/>\n<meta name=\"author\" content=\"enequipo\" \/>\n<meta name=\"twitter:card\" content=\"summary_large_image\" \/>\n<meta name=\"twitter:creator\" content=\"@sonoraenequipo\" \/>\n<meta name=\"twitter:site\" content=\"@sonoraenequipo\" \/>\n<meta name=\"twitter:label1\" content=\"Escrito por\" \/>\n\t<meta name=\"twitter:data1\" content=\"enequipo\" \/>\n\t<meta name=\"twitter:label2\" content=\"Tiempo de lectura\" \/>\n\t<meta name=\"twitter:data2\" content=\"3 minutos\" \/>\n<script type=\"application\/ld+json\" class=\"yoast-schema-graph\">{\"@context\":\"https:\/\/schema.org\",\"@graph\":[{\"@type\":\"Article\",\"@id\":\"https:\/\/www.sonoraenequipo.com.mx\/rescatan-a-las-6-colombianas-reportadas-como-desaparecidas-en-veracruz\/#article\",\"isPartOf\":{\"@id\":\"https:\/\/www.sonoraenequipo.com.mx\/rescatan-a-las-6-colombianas-reportadas-como-desaparecidas-en-veracruz\/\"},\"author\":{\"name\":\"enequipo\",\"@id\":\"https:\/\/www.sonoraenequipo.com.mx\/#\/schema\/person\/50102df0fb23a8fa9e8effad8fa81386\"},\"headline\":\"Rescatan a las 6 colombianas reportadas como desaparecidas en Veracruz\",\"datePublished\":\"2024-10-02T06:14:19+00:00\",\"dateModified\":\"2024-10-02T22:41:19+00:00\",\"mainEntityOfPage\":{\"@id\":\"https:\/\/www.sonoraenequipo.com.mx\/rescatan-a-las-6-colombianas-reportadas-como-desaparecidas-en-veracruz\/\"},\"wordCount\":529,\"commentCount\":0,\"publisher\":{\"@id\":\"https:\/\/www.sonoraenequipo.com.mx\/#organization\"},\"image\":{\"@id\":\"https:\/\/www.sonoraenequipo.com.mx\/rescatan-a-las-6-colombianas-reportadas-como-desaparecidas-en-veracruz\/#primaryimage\"},\"thumbnailUrl\":\"https:\/\/www.sonoraenequipo.com.mx\/storage\/2024\/10\/localizan-a-9-mujeres-en-veracxruz-min.webp\",\"articleSection\":[\"Rep\u00fablica\"],\"inLanguage\":\"es\",\"potentialAction\":[{\"@type\":\"CommentAction\",\"name\":\"Comment\",\"target\":[\"https:\/\/www.sonoraenequipo.com.mx\/rescatan-a-las-6-colombianas-reportadas-como-desaparecidas-en-veracruz\/#respond\"]}]},{\"@type\":\"WebPage\",\"@id\":\"https:\/\/www.sonoraenequipo.com.mx\/rescatan-a-las-6-colombianas-reportadas-como-desaparecidas-en-veracruz\/\",\"url\":\"https:\/\/www.sonoraenequipo.com.mx\/rescatan-a-las-6-colombianas-reportadas-como-desaparecidas-en-veracruz\/\",\"name\":\"Sonora en Equipo. Rescatan a las 6 colombianas reportadas como desaparecidas en Veracruz Rep\u00fablica\",\"isPartOf\":{\"@id\":\"https:\/\/www.sonoraenequipo.com.mx\/#website\"},\"primaryImageOfPage\":{\"@id\":\"https:\/\/www.sonoraenequipo.com.mx\/rescatan-a-las-6-colombianas-reportadas-como-desaparecidas-en-veracruz\/#primaryimage\"},\"image\":{\"@id\":\"https:\/\/www.sonoraenequipo.com.mx\/rescatan-a-las-6-colombianas-reportadas-como-desaparecidas-en-veracruz\/#primaryimage\"},\"thumbnailUrl\":\"https:\/\/www.sonoraenequipo.com.mx\/storage\/2024\/10\/localizan-a-9-mujeres-en-veracxruz-min.webp\",\"datePublished\":\"2024-10-02T06:14:19+00:00\",\"dateModified\":\"2024-10-02T22:41:19+00:00\",\"description\":\"VERACRUZ, MX \u2014 Las seis mujeres colombianas que fueron reportadas como desaparecidas en M\u00e9xico fueron rescatadas en un operativo entre fuerzas federales y En Sonora en Equipo publicamos toda la informaci\u00f3n de Sonora, M\u00e9xico y el Mundo de manera oportuna y busca que la libertad de expresi\u00f3n sea real. Visita nuestro medio informativo publicado desde Hermosillo, Sonora. %\",\"breadcrumb\":{\"@id\":\"https:\/\/www.sonoraenequipo.com.mx\/rescatan-a-las-6-colombianas-reportadas-como-desaparecidas-en-veracruz\/#breadcrumb\"},\"inLanguage\":\"es\",\"potentialAction\":[{\"@type\":\"ReadAction\",\"target\":[\"https:\/\/www.sonoraenequipo.com.mx\/rescatan-a-las-6-colombianas-reportadas-como-desaparecidas-en-veracruz\/\"]}]},{\"@type\":\"ImageObject\",\"inLanguage\":\"es\",\"@id\":\"https:\/\/www.sonoraenequipo.com.mx\/rescatan-a-las-6-colombianas-reportadas-como-desaparecidas-en-veracruz\/#primaryimage\",\"url\":\"https:\/\/www.sonoraenequipo.com.mx\/storage\/2024\/10\/localizan-a-9-mujeres-en-veracxruz-min.webp\",\"contentUrl\":\"https:\/\/www.sonoraenequipo.com.mx\/storage\/2024\/10\/localizan-a-9-mujeres-en-veracxruz-min.webp\",\"width\":1280,\"height\":853},{\"@type\":\"BreadcrumbList\",\"@id\":\"https:\/\/www.sonoraenequipo.com.mx\/rescatan-a-las-6-colombianas-reportadas-como-desaparecidas-en-veracruz\/#breadcrumb\",\"itemListElement\":[{\"@type\":\"ListItem\",\"position\":1,\"name\":\"Portada\",\"item\":\"https:\/\/www.sonoraenequipo.com.mx\/\"},{\"@type\":\"ListItem\",\"position\":2,\"name\":\"Rescatan a las 6 colombianas reportadas como desaparecidas en Veracruz\"}]},{\"@type\":\"WebSite\",\"@id\":\"https:\/\/www.sonoraenequipo.com.mx\/#website\",\"url\":\"https:\/\/www.sonoraenequipo.com.mx\/\",\"name\":\"Sonora en Equipo.\",\"description\":\"Diario en l\u00ednea con Noticias desde Hermosillo, Sonora\",\"publisher\":{\"@id\":\"https:\/\/www.sonoraenequipo.com.mx\/#organization\"},\"potentialAction\":[{\"@type\":\"SearchAction\",\"target\":{\"@type\":\"EntryPoint\",\"urlTemplate\":\"https:\/\/www.sonoraenequipo.com.mx\/?s={search_term_string}\"},\"query-input\":{\"@type\":\"PropertyValueSpecification\",\"valueRequired\":true,\"valueName\":\"search_term_string\"}}],\"inLanguage\":\"es\"},{\"@type\":\"Organization\",\"@id\":\"https:\/\/www.sonoraenequipo.com.mx\/#organization\",\"name\":\"Sonoraenequipo.com.mx\",\"url\":\"https:\/\/www.sonoraenequipo.com.mx\/\",\"logo\":{\"@type\":\"ImageObject\",\"inLanguage\":\"es\",\"@id\":\"https:\/\/www.sonoraenequipo.com.mx\/#\/schema\/logo\/image\/\",\"url\":\"https:\/\/www.sonoraenequipo.com.mx\/storage\/2019\/01\/sonoraenequipo_opt.png\",\"contentUrl\":\"https:\/\/www.sonoraenequipo.com.mx\/storage\/2019\/01\/sonoraenequipo_opt.png\",\"width\":375,\"height\":125,\"caption\":\"Sonoraenequipo.com.mx\"},\"image\":{\"@id\":\"https:\/\/www.sonoraenequipo.com.mx\/#\/schema\/logo\/image\/\"},\"sameAs\":[\"https:\/\/www.facebook.com\/SonoraEE\/\",\"https:\/\/x.com\/sonoraenequipo\",\"https:\/\/www.youtube.com\/channel\/UC338nW-lPEYmJQs4ZABQ1SQ\"]},{\"@type\":\"Person\",\"@id\":\"https:\/\/www.sonoraenequipo.com.mx\/#\/schema\/person\/50102df0fb23a8fa9e8effad8fa81386\",\"name\":\"enequipo\",\"image\":{\"@type\":\"ImageObject\",\"inLanguage\":\"es\",\"@id\":\"https:\/\/www.sonoraenequipo.com.mx\/#\/schema\/person\/image\/\",\"url\":\"https:\/\/secure.gravatar.com\/avatar\/049821681b589dabc0bc20695993ccebb09f5b5d4d790cd9251b97faac7c652b?s=96&d=blank&r=g\",\"contentUrl\":\"https:\/\/secure.gravatar.com\/avatar\/049821681b589dabc0bc20695993ccebb09f5b5d4d790cd9251b97faac7c652b?s=96&d=blank&r=g\",\"caption\":\"enequipo\"},\"sameAs\":[\"https:\/\/www.facebook.com\/SonoraEE\"]}]}<\/script>\n ","yoast_head_json":{"title":"Sonora en Equipo. Rescatan a las 6 colombianas reportadas como desaparecidas en Veracruz Rep\u00fablica","description":"VERACRUZ, MX \u2014 Las seis mujeres colombianas que fueron reportadas como desaparecidas en M\u00e9xico fueron rescatadas en un operativo entre fuerzas federales y En Sonora en Equipo publicamos toda la informaci\u00f3n de Sonora, M\u00e9xico y el Mundo de manera oportuna y busca que la libertad de expresi\u00f3n sea real. Visita nuestro medio informativo publicado desde Hermosillo, Sonora. %","robots":{"index":"index","follow":"follow","max-snippet":"max-snippet:-1","max-image-preview":"max-image-preview:large","max-video-preview":"max-video-preview:-1"},"canonical":"https:\/\/www.sonoraenequipo.com.mx\/rescatan-a-las-6-colombianas-reportadas-como-desaparecidas-en-veracruz\/","og_locale":"es_ES","og_type":"article","og_title":"Sonora en Equipo. Rescatan a las 6 colombianas reportadas como desaparecidas en Veracruz Rep\u00fablica","og_description":"VERACRUZ, MX \u2014 Las seis mujeres colombianas que fueron reportadas como desaparecidas en M\u00e9xico fueron rescatadas en un operativo entre fuerzas federales y En Sonora en Equipo publicamos toda la informaci\u00f3n de Sonora, M\u00e9xico y el Mundo de manera oportuna y busca que la libertad de expresi\u00f3n sea real. Visita nuestro medio informativo publicado desde Hermosillo, Sonora. %","og_url":"https:\/\/www.sonoraenequipo.com.mx\/rescatan-a-las-6-colombianas-reportadas-como-desaparecidas-en-veracruz\/","og_site_name":"Sonora en Equipo.","article_publisher":"https:\/\/www.facebook.com\/SonoraEE\/","article_author":"https:\/\/www.facebook.com\/SonoraEE","article_published_time":"2024-10-02T06:14:19+00:00","article_modified_time":"2024-10-02T22:41:19+00:00","og_image":[{"width":1280,"height":853,"url":"https:\/\/www.sonoraenequipo.com.mx\/storage\/2024\/10\/localizan-a-9-mujeres-en-veracxruz-min.webp","type":"image\/webp"}],"author":"enequipo","twitter_card":"summary_large_image","twitter_creator":"@sonoraenequipo","twitter_site":"@sonoraenequipo","twitter_misc":{"Escrito por":"enequipo","Tiempo de lectura":"3 minutos"},"schema":{"@context":"https:\/\/schema.org","@graph":[{"@type":"Article","@id":"https:\/\/www.sonoraenequipo.com.mx\/rescatan-a-las-6-colombianas-reportadas-como-desaparecidas-en-veracruz\/#article","isPartOf":{"@id":"https:\/\/www.sonoraenequipo.com.mx\/rescatan-a-las-6-colombianas-reportadas-como-desaparecidas-en-veracruz\/"},"author":{"name":"enequipo","@id":"https:\/\/www.sonoraenequipo.com.mx\/#\/schema\/person\/50102df0fb23a8fa9e8effad8fa81386"},"headline":"Rescatan a las 6 colombianas reportadas como desaparecidas en Veracruz","datePublished":"2024-10-02T06:14:19+00:00","dateModified":"2024-10-02T22:41:19+00:00","mainEntityOfPage":{"@id":"https:\/\/www.sonoraenequipo.com.mx\/rescatan-a-las-6-colombianas-reportadas-como-desaparecidas-en-veracruz\/"},"wordCount":529,"commentCount":0,"publisher":{"@id":"https:\/\/www.sonoraenequipo.com.mx\/#organization"},"image":{"@id":"https:\/\/www.sonoraenequipo.com.mx\/rescatan-a-las-6-colombianas-reportadas-como-desaparecidas-en-veracruz\/#primaryimage"},"thumbnailUrl":"https:\/\/www.sonoraenequipo.com.mx\/storage\/2024\/10\/localizan-a-9-mujeres-en-veracxruz-min.webp","articleSection":["Rep\u00fablica"],"inLanguage":"es","potentialAction":[{"@type":"CommentAction","name":"Comment","target":["https:\/\/www.sonoraenequipo.com.mx\/rescatan-a-las-6-colombianas-reportadas-como-desaparecidas-en-veracruz\/#respond"]}]},{"@type":"WebPage","@id":"https:\/\/www.sonoraenequipo.com.mx\/rescatan-a-las-6-colombianas-reportadas-como-desaparecidas-en-veracruz\/","url":"https:\/\/www.sonoraenequipo.com.mx\/rescatan-a-las-6-colombianas-reportadas-como-desaparecidas-en-veracruz\/","name":"Sonora en Equipo. Rescatan a las 6 colombianas reportadas como desaparecidas en Veracruz Rep\u00fablica","isPartOf":{"@id":"https:\/\/www.sonoraenequipo.com.mx\/#website"},"primaryImageOfPage":{"@id":"https:\/\/www.sonoraenequipo.com.mx\/rescatan-a-las-6-colombianas-reportadas-como-desaparecidas-en-veracruz\/#primaryimage"},"image":{"@id":"https:\/\/www.sonoraenequipo.com.mx\/rescatan-a-las-6-colombianas-reportadas-como-desaparecidas-en-veracruz\/#primaryimage"},"thumbnailUrl":"https:\/\/www.sonoraenequipo.com.mx\/storage\/2024\/10\/localizan-a-9-mujeres-en-veracxruz-min.webp","datePublished":"2024-10-02T06:14:19+00:00","dateModified":"2024-10-02T22:41:19+00:00","description":"VERACRUZ, MX \u2014 Las seis mujeres colombianas que fueron reportadas como desaparecidas en M\u00e9xico fueron rescatadas en un operativo entre fuerzas federales y En Sonora en Equipo publicamos toda la informaci\u00f3n de Sonora, M\u00e9xico y el Mundo de manera oportuna y busca que la libertad de expresi\u00f3n sea real. Visita nuestro medio informativo publicado desde Hermosillo, Sonora. %","breadcrumb":{"@id":"https:\/\/www.sonoraenequipo.com.mx\/rescatan-a-las-6-colombianas-reportadas-como-desaparecidas-en-veracruz\/#breadcrumb"},"inLanguage":"es","potentialAction":[{"@type":"ReadAction","target":["https:\/\/www.sonoraenequipo.com.mx\/rescatan-a-las-6-colombianas-reportadas-como-desaparecidas-en-veracruz\/"]}]},{"@type":"ImageObject","inLanguage":"es","@id":"https:\/\/www.sonoraenequipo.com.mx\/rescatan-a-las-6-colombianas-reportadas-como-desaparecidas-en-veracruz\/#primaryimage","url":"https:\/\/www.sonoraenequipo.com.mx\/storage\/2024\/10\/localizan-a-9-mujeres-en-veracxruz-min.webp","contentUrl":"https:\/\/www.sonoraenequipo.com.mx\/storage\/2024\/10\/localizan-a-9-mujeres-en-veracxruz-min.webp","width":1280,"height":853},{"@type":"BreadcrumbList","@id":"https:\/\/www.sonoraenequipo.com.mx\/rescatan-a-las-6-colombianas-reportadas-como-desaparecidas-en-veracruz\/#breadcrumb","itemListElement":[{"@type":"ListItem","position":1,"name":"Portada","item":"https:\/\/www.sonoraenequipo.com.mx\/"},{"@type":"ListItem","position":2,"name":"Rescatan a las 6 colombianas reportadas como desaparecidas en Veracruz"}]},{"@type":"WebSite","@id":"https:\/\/www.sonoraenequipo.com.mx\/#website","url":"https:\/\/www.sonoraenequipo.com.mx\/","name":"Sonora en Equipo.","description":"Diario en l\u00ednea con Noticias desde Hermosillo, Sonora","publisher":{"@id":"https:\/\/www.sonoraenequipo.com.mx\/#organization"},"potentialAction":[{"@type":"SearchAction","target":{"@type":"EntryPoint","urlTemplate":"https:\/\/www.sonoraenequipo.com.mx\/?s={search_term_string}"},"query-input":{"@type":"PropertyValueSpecification","valueRequired":true,"valueName":"search_term_string"}}],"inLanguage":"es"},{"@type":"Organization","@id":"https:\/\/www.sonoraenequipo.com.mx\/#organization","name":"Sonoraenequipo.com.mx","url":"https:\/\/www.sonoraenequipo.com.mx\/","logo":{"@type":"ImageObject","inLanguage":"es","@id":"https:\/\/www.sonoraenequipo.com.mx\/#\/schema\/logo\/image\/","url":"https:\/\/www.sonoraenequipo.com.mx\/storage\/2019\/01\/sonoraenequipo_opt.png","contentUrl":"https:\/\/www.sonoraenequipo.com.mx\/storage\/2019\/01\/sonoraenequipo_opt.png","width":375,"height":125,"caption":"Sonoraenequipo.com.mx"},"image":{"@id":"https:\/\/www.sonoraenequipo.com.mx\/#\/schema\/logo\/image\/"},"sameAs":["https:\/\/www.facebook.com\/SonoraEE\/","https:\/\/x.com\/sonoraenequipo","https:\/\/www.youtube.com\/channel\/UC338nW-lPEYmJQs4ZABQ1SQ"]},{"@type":"Person","@id":"https:\/\/www.sonoraenequipo.com.mx\/#\/schema\/person\/50102df0fb23a8fa9e8effad8fa81386","name":"enequipo","image":{"@type":"ImageObject","inLanguage":"es","@id":"https:\/\/www.sonoraenequipo.com.mx\/#\/schema\/person\/image\/","url":"https:\/\/secure.gravatar.com\/avatar\/049821681b589dabc0bc20695993ccebb09f5b5d4d790cd9251b97faac7c652b?s=96&d=blank&r=g","contentUrl":"https:\/\/secure.gravatar.com\/avatar\/049821681b589dabc0bc20695993ccebb09f5b5d4d790cd9251b97faac7c652b?s=96&d=blank&r=g","caption":"enequipo"},"sameAs":["https:\/\/www.facebook.com\/SonoraEE"]}]}},"jetpack_featured_media_url":"https:\/\/www.sonoraenequipo.com.mx\/storage\/2024\/10\/localizan-a-9-mujeres-en-veracxruz-min.webp","_links":{"self":[{"href":"https:\/\/www.sonoraenequipo.com.mx\/api\/wp\/v2\/posts\/200388","targetHints":{"allow":["GET"]}}],"collection":[{"href":"https:\/\/www.sonoraenequipo.com.mx\/api\/wp\/v2\/posts"}],"about":[{"href":"https:\/\/www.sonoraenequipo.com.mx\/api\/wp\/v2\/types\/post"}],"author":[{"embeddable":true,"href":"https:\/\/www.sonoraenequipo.com.mx\/api\/wp\/v2\/users\/1"}],"replies":[{"embeddable":true,"href":"https:\/\/www.sonoraenequipo.com.mx\/api\/wp\/v2\/comments?post=200388"}],"version-history":[{"count":3,"href":"https:\/\/www.sonoraenequipo.com.mx\/api\/wp\/v2\/posts\/200388\/revisions"}],"predecessor-version":[{"id":200403,"href":"https:\/\/www.sonoraenequipo.com.mx\/api\/wp\/v2\/posts\/200388\/revisions\/200403"}],"wp:featuredmedia":[{"embeddable":true,"href":"https:\/\/www.sonoraenequipo.com.mx\/api\/wp\/v2\/media\/200400"}],"wp:attachment":[{"href":"https:\/\/www.sonoraenequipo.com.mx\/api\/wp\/v2\/media?parent=200388"}],"wp:term":[{"taxonomy":"category","embeddable":true,"href":"https:\/\/www.sonoraenequipo.com.mx\/api\/wp\/v2\/categories?post=200388"},{"taxonomy":"post_tag","embeddable":true,"href":"https:\/\/www.sonoraenequipo.com.mx\/api\/wp\/v2\/tags?post=200388"}],"curies":[{"name":"wp","href":"https:\/\/api.w.org\/{rel}","templated":true}]}}