{"id":200392,"date":"2024-10-02T15:05:12","date_gmt":"2024-10-02T22:05:12","guid":{"rendered":"https:\/\/www.sonoraenequipo.com.mx\/?p=200392"},"modified":"2024-10-02T22:11:34","modified_gmt":"2024-10-03T05:11:34","slug":"llevara-gobierno-de-sonora-jornada-para-el-bienestar-y-la-justicia-social-a-rosario-tesopaco","status":"publish","type":"post","link":"https:\/\/www.sonoraenequipo.com.mx\/llevara-gobierno-de-sonora-jornada-para-el-bienestar-y-la-justicia-social-a-rosario-tesopaco\/","title":{"rendered":"Llevar\u00e1 Gobierno de Sonora Jornada para el Bienestar y la Justicia Social a Rosario Tesopaco"},"content":{"rendered":"<p><strong>HERMOSILLO, SONORA, MX.<\/strong> \u2014 El Gobierno de Sonora, a trav\u00e9s de la Secretar\u00eda de Desarrollo Social (Sedesson), invita a la poblaci\u00f3n de Rosario Tesopaco y comunidades aleda\u00f1as a participar en la Jornada para el Bienestar y la Justicia Social, con m\u00e1s de 50 servicios y tr\u00e1mites gratuitos de dependencias y agrupaciones sociales.<\/p>\n<p>Este programa de atenci\u00f3n a comunidades cumple con el prop\u00f3sito de servir de manera directa e integral a quienes nunca les hab\u00eda tocado; por una parte, con m\u00f3dulos preventivos, como el m\u00e9dico; informativos, como el de programas sociales; y de asistencia, con el otorgamiento de apoyos diversos.<\/p>\n<p>Las personas que asistan podr\u00e1n recibir actas de nacimiento gratuitas, atenci\u00f3n m\u00e9dica y dental, farmacia, cortes de cabello, lentes de lectura, \u00e1rboles end\u00e9micos, descuentos en contribuciones municipales, paquetes alimentarios, recreaci\u00f3n para infancias, entre muchos otros.<\/p>\n<p>Durante el evento estar\u00e1n presentes dependencias como Sedesson, Cedes, Salud Sonora, Coves, Secretar\u00eda de Seguridad P\u00fablica, Instituto Sonorense de la Juventud, Secretar\u00eda del Bienestar, Registro Civil, Icatson, Instituto Sonorense de Cultura, Tesorer\u00eda Municipal, CFE, y muchas otras.<\/p>\n<p>Esta jornada se llevar\u00e1 a cabo el s\u00e1bado 5 de octubre, de 9:00 de la ma\u00f1ana a 2:00 de la tarde, en la escuela primaria \u201cRandolfo Lavandera\u201d ubicada en avenida \u00c1lvaro Obreg\u00f3n y calle Rosales.<\/p>\n<p>Con estas acciones, el Gobierno de Sonora reitera su compromiso de acercar sus tr\u00e1mites y servicios, garantizando que la informaci\u00f3n y los beneficios lleguen a todas las comunidades del estado.<\/p>\n<p><strong>Fecha de publicaci\u00f3n mi\u00e9rcoles 2 de octubre de 2024<\/strong><\/p>\n","protected":false},"excerpt":{"rendered":"<p>HERMOSILLO, SONORA, MX. \u2014 El Gobierno de Sonora, a trav\u00e9s de la Secretar\u00eda de Desarrollo&#8230;<\/p>\n","protected":false},"author":1,"featured_media":200243,"comment_status":"open","ping_status":"open","sticky":false,"template":"","format":"standard","meta":{"_monsterinsights_skip_tracking":false,"_monsterinsights_sitenote_active":false,"_monsterinsights_sitenote_note":"","_monsterinsights_sitenote_category":0,"footnotes":""},"categories":[22],"tags":[1736,10309,3215],"class_list":["post"],"yoast_head":" \n<title>Sonora en Equipo. Llevar\u00e1 Gobierno de Sonora Jornada para el Bienestar y la Justicia Social a Rosario Tesopaco Sonora<\/title>\n<meta name=\"description\" content=\"HERMOSILLO, SONORA, MX. \u2014 El Gobierno de Sonora, a trav\u00e9s de la Secretar\u00eda de Desarrollo Social (Sedesson), invita a la poblaci\u00f3n de Rosario Tesopaco y En Sonora en Equipo publicamos toda la informaci\u00f3n de Sonora, M\u00e9xico y el Mundo de manera oportuna y busca que la libertad de expresi\u00f3n sea real. Visita nuestro medio informativo publicado desde Hermosillo, Sonora. %\" \/>\n<meta name=\"robots\" content=\"index, follow, max-snippet:-1, max-image-preview:large, max-video-preview:-1\" \/>\n<link rel=\"canonical\" href=\"https:\/\/www.sonoraenequipo.com.mx\/llevara-gobierno-de-sonora-jornada-para-el-bienestar-y-la-justicia-social-a-rosario-tesopaco\/\" \/>\n<meta property=\"og:locale\" content=\"es_ES\" \/>\n<meta property=\"og:type\" content=\"article\" \/>\n<meta property=\"og:title\" content=\"Sonora en Equipo. Llevar\u00e1 Gobierno de Sonora Jornada para el Bienestar y la Justicia Social a Rosario Tesopaco Sonora\" \/>\n<meta property=\"og:description\" content=\"HERMOSILLO, SONORA, MX. \u2014 El Gobierno de Sonora, a trav\u00e9s de la Secretar\u00eda de Desarrollo Social (Sedesson), invita a la poblaci\u00f3n de Rosario Tesopaco y En Sonora en Equipo publicamos toda la informaci\u00f3n de Sonora, M\u00e9xico y el Mundo de manera oportuna y busca que la libertad de expresi\u00f3n sea real. Visita nuestro medio informativo publicado desde Hermosillo, Sonora. %\" \/>\n<meta property=\"og:url\" content=\"https:\/\/www.sonoraenequipo.com.mx\/llevara-gobierno-de-sonora-jornada-para-el-bienestar-y-la-justicia-social-a-rosario-tesopaco\/\" \/>\n<meta property=\"og:site_name\" content=\"Sonora en Equipo.\" \/>\n<meta property=\"article:publisher\" content=\"https:\/\/www.facebook.com\/SonoraEE\/\" \/>\n<meta property=\"article:author\" content=\"https:\/\/www.facebook.com\/SonoraEE\" \/>\n<meta property=\"article:published_time\" content=\"2024-10-02T22:05:12+00:00\" \/>\n<meta property=\"article:modified_time\" content=\"2024-10-03T05:11:34+00:00\" \/>\n<meta property=\"og:image\" content=\"https:\/\/www.sonoraenequipo.com.mx\/storage\/2024\/09\/jornada.jpg\" \/>\n\t<meta property=\"og:image:width\" content=\"600\" \/>\n\t<meta property=\"og:image:height\" content=\"450\" \/>\n\t<meta property=\"og:image:type\" content=\"image\/jpeg\" \/>\n<meta name=\"author\" content=\"enequipo\" \/>\n<meta name=\"twitter:card\" content=\"summary_large_image\" \/>\n<meta name=\"twitter:creator\" content=\"@sonoraenequipo\" \/>\n<meta name=\"twitter:site\" content=\"@sonoraenequipo\" \/>\n<meta name=\"twitter:label1\" content=\"Escrito por\" \/>\n\t<meta name=\"twitter:data1\" content=\"enequipo\" \/>\n\t<meta name=\"twitter:label2\" content=\"Tiempo de lectura\" \/>\n\t<meta name=\"twitter:data2\" content=\"1 minuto\" \/>\n<script type=\"application\/ld+json\" class=\"yoast-schema-graph\">{\"@context\":\"https:\/\/schema.org\",\"@graph\":[{\"@type\":\"Article\",\"@id\":\"https:\/\/www.sonoraenequipo.com.mx\/llevara-gobierno-de-sonora-jornada-para-el-bienestar-y-la-justicia-social-a-rosario-tesopaco\/#article\",\"isPartOf\":{\"@id\":\"https:\/\/www.sonoraenequipo.com.mx\/llevara-gobierno-de-sonora-jornada-para-el-bienestar-y-la-justicia-social-a-rosario-tesopaco\/\"},\"author\":{\"name\":\"enequipo\",\"@id\":\"https:\/\/www.sonoraenequipo.com.mx\/#\/schema\/person\/50102df0fb23a8fa9e8effad8fa81386\"},\"headline\":\"Llevar\u00e1 Gobierno de Sonora Jornada para el Bienestar y la Justicia Social a Rosario Tesopaco\",\"datePublished\":\"2024-10-02T22:05:12+00:00\",\"dateModified\":\"2024-10-03T05:11:34+00:00\",\"mainEntityOfPage\":{\"@id\":\"https:\/\/www.sonoraenequipo.com.mx\/llevara-gobierno-de-sonora-jornada-para-el-bienestar-y-la-justicia-social-a-rosario-tesopaco\/\"},\"wordCount\":281,\"commentCount\":0,\"publisher\":{\"@id\":\"https:\/\/www.sonoraenequipo.com.mx\/#organization\"},\"image\":{\"@id\":\"https:\/\/www.sonoraenequipo.com.mx\/llevara-gobierno-de-sonora-jornada-para-el-bienestar-y-la-justicia-social-a-rosario-tesopaco\/#primaryimage\"},\"thumbnailUrl\":\"https:\/\/www.sonoraenequipo.com.mx\/storage\/2024\/09\/jornada.jpg\",\"keywords\":[\"\\\"Sonora dialoga\\\"\",\"jornada binestar\",\"rosario\"],\"articleSection\":[\"Sonora\"],\"inLanguage\":\"es\",\"potentialAction\":[{\"@type\":\"CommentAction\",\"name\":\"Comment\",\"target\":[\"https:\/\/www.sonoraenequipo.com.mx\/llevara-gobierno-de-sonora-jornada-para-el-bienestar-y-la-justicia-social-a-rosario-tesopaco\/#respond\"]}]},{\"@type\":\"WebPage\",\"@id\":\"https:\/\/www.sonoraenequipo.com.mx\/llevara-gobierno-de-sonora-jornada-para-el-bienestar-y-la-justicia-social-a-rosario-tesopaco\/\",\"url\":\"https:\/\/www.sonoraenequipo.com.mx\/llevara-gobierno-de-sonora-jornada-para-el-bienestar-y-la-justicia-social-a-rosario-tesopaco\/\",\"name\":\"Sonora en Equipo. Llevar\u00e1 Gobierno de Sonora Jornada para el Bienestar y la Justicia Social a Rosario Tesopaco Sonora\",\"isPartOf\":{\"@id\":\"https:\/\/www.sonoraenequipo.com.mx\/#website\"},\"primaryImageOfPage\":{\"@id\":\"https:\/\/www.sonoraenequipo.com.mx\/llevara-gobierno-de-sonora-jornada-para-el-bienestar-y-la-justicia-social-a-rosario-tesopaco\/#primaryimage\"},\"image\":{\"@id\":\"https:\/\/www.sonoraenequipo.com.mx\/llevara-gobierno-de-sonora-jornada-para-el-bienestar-y-la-justicia-social-a-rosario-tesopaco\/#primaryimage\"},\"thumbnailUrl\":\"https:\/\/www.sonoraenequipo.com.mx\/storage\/2024\/09\/jornada.jpg\",\"datePublished\":\"2024-10-02T22:05:12+00:00\",\"dateModified\":\"2024-10-03T05:11:34+00:00\",\"description\":\"HERMOSILLO, SONORA, MX. \u2014 El Gobierno de Sonora, a trav\u00e9s de la Secretar\u00eda de Desarrollo Social (Sedesson), invita a la poblaci\u00f3n de Rosario Tesopaco y En Sonora en Equipo publicamos toda la informaci\u00f3n de Sonora, M\u00e9xico y el Mundo de manera oportuna y busca que la libertad de expresi\u00f3n sea real. Visita nuestro medio informativo publicado desde Hermosillo, Sonora. %\",\"breadcrumb\":{\"@id\":\"https:\/\/www.sonoraenequipo.com.mx\/llevara-gobierno-de-sonora-jornada-para-el-bienestar-y-la-justicia-social-a-rosario-tesopaco\/#breadcrumb\"},\"inLanguage\":\"es\",\"potentialAction\":[{\"@type\":\"ReadAction\",\"target\":[\"https:\/\/www.sonoraenequipo.com.mx\/llevara-gobierno-de-sonora-jornada-para-el-bienestar-y-la-justicia-social-a-rosario-tesopaco\/\"]}]},{\"@type\":\"ImageObject\",\"inLanguage\":\"es\",\"@id\":\"https:\/\/www.sonoraenequipo.com.mx\/llevara-gobierno-de-sonora-jornada-para-el-bienestar-y-la-justicia-social-a-rosario-tesopaco\/#primaryimage\",\"url\":\"https:\/\/www.sonoraenequipo.com.mx\/storage\/2024\/09\/jornada.jpg\",\"contentUrl\":\"https:\/\/www.sonoraenequipo.com.mx\/storage\/2024\/09\/jornada.jpg\",\"width\":600,\"height\":450},{\"@type\":\"BreadcrumbList\",\"@id\":\"https:\/\/www.sonoraenequipo.com.mx\/llevara-gobierno-de-sonora-jornada-para-el-bienestar-y-la-justicia-social-a-rosario-tesopaco\/#breadcrumb\",\"itemListElement\":[{\"@type\":\"ListItem\",\"position\":1,\"name\":\"Portada\",\"item\":\"https:\/\/www.sonoraenequipo.com.mx\/\"},{\"@type\":\"ListItem\",\"position\":2,\"name\":\"Llevar\u00e1 Gobierno de Sonora Jornada para el Bienestar y la Justicia Social a Rosario Tesopaco\"}]},{\"@type\":\"WebSite\",\"@id\":\"https:\/\/www.sonoraenequipo.com.mx\/#website\",\"url\":\"https:\/\/www.sonoraenequipo.com.mx\/\",\"name\":\"Sonora en Equipo.\",\"description\":\"Diario en l\u00ednea con Noticias desde Hermosillo, Sonora\",\"publisher\":{\"@id\":\"https:\/\/www.sonoraenequipo.com.mx\/#organization\"},\"potentialAction\":[{\"@type\":\"SearchAction\",\"target\":{\"@type\":\"EntryPoint\",\"urlTemplate\":\"https:\/\/www.sonoraenequipo.com.mx\/?s={search_term_string}\"},\"query-input\":{\"@type\":\"PropertyValueSpecification\",\"valueRequired\":true,\"valueName\":\"search_term_string\"}}],\"inLanguage\":\"es\"},{\"@type\":\"Organization\",\"@id\":\"https:\/\/www.sonoraenequipo.com.mx\/#organization\",\"name\":\"Sonoraenequipo.com.mx\",\"url\":\"https:\/\/www.sonoraenequipo.com.mx\/\",\"logo\":{\"@type\":\"ImageObject\",\"inLanguage\":\"es\",\"@id\":\"https:\/\/www.sonoraenequipo.com.mx\/#\/schema\/logo\/image\/\",\"url\":\"https:\/\/www.sonoraenequipo.com.mx\/storage\/2019\/01\/sonoraenequipo_opt.png\",\"contentUrl\":\"https:\/\/www.sonoraenequipo.com.mx\/storage\/2019\/01\/sonoraenequipo_opt.png\",\"width\":375,\"height\":125,\"caption\":\"Sonoraenequipo.com.mx\"},\"image\":{\"@id\":\"https:\/\/www.sonoraenequipo.com.mx\/#\/schema\/logo\/image\/\"},\"sameAs\":[\"https:\/\/www.facebook.com\/SonoraEE\/\",\"https:\/\/x.com\/sonoraenequipo\",\"https:\/\/www.youtube.com\/channel\/UC338nW-lPEYmJQs4ZABQ1SQ\"]},{\"@type\":\"Person\",\"@id\":\"https:\/\/www.sonoraenequipo.com.mx\/#\/schema\/person\/50102df0fb23a8fa9e8effad8fa81386\",\"name\":\"enequipo\",\"image\":{\"@type\":\"ImageObject\",\"inLanguage\":\"es\",\"@id\":\"https:\/\/www.sonoraenequipo.com.mx\/#\/schema\/person\/image\/\",\"url\":\"https:\/\/secure.gravatar.com\/avatar\/049821681b589dabc0bc20695993ccebb09f5b5d4d790cd9251b97faac7c652b?s=96&d=blank&r=g\",\"contentUrl\":\"https:\/\/secure.gravatar.com\/avatar\/049821681b589dabc0bc20695993ccebb09f5b5d4d790cd9251b97faac7c652b?s=96&d=blank&r=g\",\"caption\":\"enequipo\"},\"sameAs\":[\"https:\/\/www.facebook.com\/SonoraEE\"]}]}<\/script>\n ","yoast_head_json":{"title":"Sonora en Equipo. Llevar\u00e1 Gobierno de Sonora Jornada para el Bienestar y la Justicia Social a Rosario Tesopaco Sonora","description":"HERMOSILLO, SONORA, MX. \u2014 El Gobierno de Sonora, a trav\u00e9s de la Secretar\u00eda de Desarrollo Social (Sedesson), invita a la poblaci\u00f3n de Rosario Tesopaco y En Sonora en Equipo publicamos toda la informaci\u00f3n de Sonora, M\u00e9xico y el Mundo de manera oportuna y busca que la libertad de expresi\u00f3n sea real. Visita nuestro medio informativo publicado desde Hermosillo, Sonora. %","robots":{"index":"index","follow":"follow","max-snippet":"max-snippet:-1","max-image-preview":"max-image-preview:large","max-video-preview":"max-video-preview:-1"},"canonical":"https:\/\/www.sonoraenequipo.com.mx\/llevara-gobierno-de-sonora-jornada-para-el-bienestar-y-la-justicia-social-a-rosario-tesopaco\/","og_locale":"es_ES","og_type":"article","og_title":"Sonora en Equipo. Llevar\u00e1 Gobierno de Sonora Jornada para el Bienestar y la Justicia Social a Rosario Tesopaco Sonora","og_description":"HERMOSILLO, SONORA, MX. \u2014 El Gobierno de Sonora, a trav\u00e9s de la Secretar\u00eda de Desarrollo Social (Sedesson), invita a la poblaci\u00f3n de Rosario Tesopaco y En Sonora en Equipo publicamos toda la informaci\u00f3n de Sonora, M\u00e9xico y el Mundo de manera oportuna y busca que la libertad de expresi\u00f3n sea real. Visita nuestro medio informativo publicado desde Hermosillo, Sonora. %","og_url":"https:\/\/www.sonoraenequipo.com.mx\/llevara-gobierno-de-sonora-jornada-para-el-bienestar-y-la-justicia-social-a-rosario-tesopaco\/","og_site_name":"Sonora en Equipo.","article_publisher":"https:\/\/www.facebook.com\/SonoraEE\/","article_author":"https:\/\/www.facebook.com\/SonoraEE","article_published_time":"2024-10-02T22:05:12+00:00","article_modified_time":"2024-10-03T05:11:34+00:00","og_image":[{"width":600,"height":450,"url":"https:\/\/www.sonoraenequipo.com.mx\/storage\/2024\/09\/jornada.jpg","type":"image\/jpeg"}],"author":"enequipo","twitter_card":"summary_large_image","twitter_creator":"@sonoraenequipo","twitter_site":"@sonoraenequipo","twitter_misc":{"Escrito por":"enequipo","Tiempo de lectura":"1 minuto"},"schema":{"@context":"https:\/\/schema.org","@graph":[{"@type":"Article","@id":"https:\/\/www.sonoraenequipo.com.mx\/llevara-gobierno-de-sonora-jornada-para-el-bienestar-y-la-justicia-social-a-rosario-tesopaco\/#article","isPartOf":{"@id":"https:\/\/www.sonoraenequipo.com.mx\/llevara-gobierno-de-sonora-jornada-para-el-bienestar-y-la-justicia-social-a-rosario-tesopaco\/"},"author":{"name":"enequipo","@id":"https:\/\/www.sonoraenequipo.com.mx\/#\/schema\/person\/50102df0fb23a8fa9e8effad8fa81386"},"headline":"Llevar\u00e1 Gobierno de Sonora Jornada para el Bienestar y la Justicia Social a Rosario Tesopaco","datePublished":"2024-10-02T22:05:12+00:00","dateModified":"2024-10-03T05:11:34+00:00","mainEntityOfPage":{"@id":"https:\/\/www.sonoraenequipo.com.mx\/llevara-gobierno-de-sonora-jornada-para-el-bienestar-y-la-justicia-social-a-rosario-tesopaco\/"},"wordCount":281,"commentCount":0,"publisher":{"@id":"https:\/\/www.sonoraenequipo.com.mx\/#organization"},"image":{"@id":"https:\/\/www.sonoraenequipo.com.mx\/llevara-gobierno-de-sonora-jornada-para-el-bienestar-y-la-justicia-social-a-rosario-tesopaco\/#primaryimage"},"thumbnailUrl":"https:\/\/www.sonoraenequipo.com.mx\/storage\/2024\/09\/jornada.jpg","keywords":["\"Sonora dialoga\"","jornada binestar","rosario"],"articleSection":["Sonora"],"inLanguage":"es","potentialAction":[{"@type":"CommentAction","name":"Comment","target":["https:\/\/www.sonoraenequipo.com.mx\/llevara-gobierno-de-sonora-jornada-para-el-bienestar-y-la-justicia-social-a-rosario-tesopaco\/#respond"]}]},{"@type":"WebPage","@id":"https:\/\/www.sonoraenequipo.com.mx\/llevara-gobierno-de-sonora-jornada-para-el-bienestar-y-la-justicia-social-a-rosario-tesopaco\/","url":"https:\/\/www.sonoraenequipo.com.mx\/llevara-gobierno-de-sonora-jornada-para-el-bienestar-y-la-justicia-social-a-rosario-tesopaco\/","name":"Sonora en Equipo. Llevar\u00e1 Gobierno de Sonora Jornada para el Bienestar y la Justicia Social a Rosario Tesopaco Sonora","isPartOf":{"@id":"https:\/\/www.sonoraenequipo.com.mx\/#website"},"primaryImageOfPage":{"@id":"https:\/\/www.sonoraenequipo.com.mx\/llevara-gobierno-de-sonora-jornada-para-el-bienestar-y-la-justicia-social-a-rosario-tesopaco\/#primaryimage"},"image":{"@id":"https:\/\/www.sonoraenequipo.com.mx\/llevara-gobierno-de-sonora-jornada-para-el-bienestar-y-la-justicia-social-a-rosario-tesopaco\/#primaryimage"},"thumbnailUrl":"https:\/\/www.sonoraenequipo.com.mx\/storage\/2024\/09\/jornada.jpg","datePublished":"2024-10-02T22:05:12+00:00","dateModified":"2024-10-03T05:11:34+00:00","description":"HERMOSILLO, SONORA, MX. \u2014 El Gobierno de Sonora, a trav\u00e9s de la Secretar\u00eda de Desarrollo Social (Sedesson), invita a la poblaci\u00f3n de Rosario Tesopaco y En Sonora en Equipo publicamos toda la informaci\u00f3n de Sonora, M\u00e9xico y el Mundo de manera oportuna y busca que la libertad de expresi\u00f3n sea real. Visita nuestro medio informativo publicado desde Hermosillo, Sonora. %","breadcrumb":{"@id":"https:\/\/www.sonoraenequipo.com.mx\/llevara-gobierno-de-sonora-jornada-para-el-bienestar-y-la-justicia-social-a-rosario-tesopaco\/#breadcrumb"},"inLanguage":"es","potentialAction":[{"@type":"ReadAction","target":["https:\/\/www.sonoraenequipo.com.mx\/llevara-gobierno-de-sonora-jornada-para-el-bienestar-y-la-justicia-social-a-rosario-tesopaco\/"]}]},{"@type":"ImageObject","inLanguage":"es","@id":"https:\/\/www.sonoraenequipo.com.mx\/llevara-gobierno-de-sonora-jornada-para-el-bienestar-y-la-justicia-social-a-rosario-tesopaco\/#primaryimage","url":"https:\/\/www.sonoraenequipo.com.mx\/storage\/2024\/09\/jornada.jpg","contentUrl":"https:\/\/www.sonoraenequipo.com.mx\/storage\/2024\/09\/jornada.jpg","width":600,"height":450},{"@type":"BreadcrumbList","@id":"https:\/\/www.sonoraenequipo.com.mx\/llevara-gobierno-de-sonora-jornada-para-el-bienestar-y-la-justicia-social-a-rosario-tesopaco\/#breadcrumb","itemListElement":[{"@type":"ListItem","position":1,"name":"Portada","item":"https:\/\/www.sonoraenequipo.com.mx\/"},{"@type":"ListItem","position":2,"name":"Llevar\u00e1 Gobierno de Sonora Jornada para el Bienestar y la Justicia Social a Rosario Tesopaco"}]},{"@type":"WebSite","@id":"https:\/\/www.sonoraenequipo.com.mx\/#website","url":"https:\/\/www.sonoraenequipo.com.mx\/","name":"Sonora en Equipo.","description":"Diario en l\u00ednea con Noticias desde Hermosillo, Sonora","publisher":{"@id":"https:\/\/www.sonoraenequipo.com.mx\/#organization"},"potentialAction":[{"@type":"SearchAction","target":{"@type":"EntryPoint","urlTemplate":"https:\/\/www.sonoraenequipo.com.mx\/?s={search_term_string}"},"query-input":{"@type":"PropertyValueSpecification","valueRequired":true,"valueName":"search_term_string"}}],"inLanguage":"es"},{"@type":"Organization","@id":"https:\/\/www.sonoraenequipo.com.mx\/#organization","name":"Sonoraenequipo.com.mx","url":"https:\/\/www.sonoraenequipo.com.mx\/","logo":{"@type":"ImageObject","inLanguage":"es","@id":"https:\/\/www.sonoraenequipo.com.mx\/#\/schema\/logo\/image\/","url":"https:\/\/www.sonoraenequipo.com.mx\/storage\/2019\/01\/sonoraenequipo_opt.png","contentUrl":"https:\/\/www.sonoraenequipo.com.mx\/storage\/2019\/01\/sonoraenequipo_opt.png","width":375,"height":125,"caption":"Sonoraenequipo.com.mx"},"image":{"@id":"https:\/\/www.sonoraenequipo.com.mx\/#\/schema\/logo\/image\/"},"sameAs":["https:\/\/www.facebook.com\/SonoraEE\/","https:\/\/x.com\/sonoraenequipo","https:\/\/www.youtube.com\/channel\/UC338nW-lPEYmJQs4ZABQ1SQ"]},{"@type":"Person","@id":"https:\/\/www.sonoraenequipo.com.mx\/#\/schema\/person\/50102df0fb23a8fa9e8effad8fa81386","name":"enequipo","image":{"@type":"ImageObject","inLanguage":"es","@id":"https:\/\/www.sonoraenequipo.com.mx\/#\/schema\/person\/image\/","url":"https:\/\/secure.gravatar.com\/avatar\/049821681b589dabc0bc20695993ccebb09f5b5d4d790cd9251b97faac7c652b?s=96&d=blank&r=g","contentUrl":"https:\/\/secure.gravatar.com\/avatar\/049821681b589dabc0bc20695993ccebb09f5b5d4d790cd9251b97faac7c652b?s=96&d=blank&r=g","caption":"enequipo"},"sameAs":["https:\/\/www.facebook.com\/SonoraEE"]}]}},"jetpack_featured_media_url":"https:\/\/www.sonoraenequipo.com.mx\/storage\/2024\/09\/jornada.jpg","_links":{"self":[{"href":"https:\/\/www.sonoraenequipo.com.mx\/api\/wp\/v2\/posts\/200392","targetHints":{"allow":["GET"]}}],"collection":[{"href":"https:\/\/www.sonoraenequipo.com.mx\/api\/wp\/v2\/posts"}],"about":[{"href":"https:\/\/www.sonoraenequipo.com.mx\/api\/wp\/v2\/types\/post"}],"author":[{"embeddable":true,"href":"https:\/\/www.sonoraenequipo.com.mx\/api\/wp\/v2\/users\/1"}],"replies":[{"embeddable":true,"href":"https:\/\/www.sonoraenequipo.com.mx\/api\/wp\/v2\/comments?post=200392"}],"version-history":[{"count":2,"href":"https:\/\/www.sonoraenequipo.com.mx\/api\/wp\/v2\/posts\/200392\/revisions"}],"predecessor-version":[{"id":200446,"href":"https:\/\/www.sonoraenequipo.com.mx\/api\/wp\/v2\/posts\/200392\/revisions\/200446"}],"wp:featuredmedia":[{"embeddable":true,"href":"https:\/\/www.sonoraenequipo.com.mx\/api\/wp\/v2\/media\/200243"}],"wp:attachment":[{"href":"https:\/\/www.sonoraenequipo.com.mx\/api\/wp\/v2\/media?parent=200392"}],"wp:term":[{"taxonomy":"category","embeddable":true,"href":"https:\/\/www.sonoraenequipo.com.mx\/api\/wp\/v2\/categories?post=200392"},{"taxonomy":"post_tag","embeddable":true,"href":"https:\/\/www.sonoraenequipo.com.mx\/api\/wp\/v2\/tags?post=200392"}],"curies":[{"name":"wp","href":"https:\/\/api.w.org\/{rel}","templated":true}]}}