{"id":200397,"date":"2024-10-02T15:15:00","date_gmt":"2024-10-02T22:15:00","guid":{"rendered":"https:\/\/www.sonoraenequipo.com.mx\/?p=200397"},"modified":"2024-10-02T15:15:00","modified_gmt":"2024-10-02T22:15:00","slug":"rinden-autoridades-homenaje-a-victimas-del-2-de-octubre-de-1968","status":"publish","type":"post","link":"https:\/\/www.sonoraenequipo.com.mx\/rinden-autoridades-homenaje-a-victimas-del-2-de-octubre-de-1968\/","title":{"rendered":"Rinden autoridades \u00a0homenaje a v\u00edctimas del 2 de octubre de 1968"},"content":{"rendered":"<p><strong>HERMOSILLO, SONORA, MX.<\/strong> \u2014 Con un llamado a participar activamente en la construcci\u00f3n de la sociedad, de no ser indiferentes ante las injusticias y de luchar por los derechos de todos, no de unos cuantos, autoridades del Gobierno de Sonora y de M\u00e9xico rindieron homenaje a las v\u00edctimas del 2 de octubre de 1968.<\/p>\n<p>&nbsp;<\/p>\n<p>&nbsp;<\/p>\n<p>&nbsp;<\/p>\n<p>Froyl\u00e1n G\u00e1mez Gamboa, secretario de Educaci\u00f3n y Cultura, acompa\u00f1ado de directivos de la Secretar\u00eda del Bienestar e integrantes del Colectivo Ciudadano por la Memoria Hist\u00f3rica, encabez\u00f3 la ceremonia del izamiento de la bandera a media asta para recordar a los estudiantes que hace 56 a\u00f1os lucharon en la Plaza de las Tres Culturas, en Tlatelolco, por una revoluci\u00f3n de las conciencias.<\/p>\n<p>&nbsp;<\/p>\n<p>&nbsp;<\/p>\n<p>&nbsp;<\/p>\n<p>\u201cEs nuestro deber, como generaci\u00f3n actual, mantener viva la memoria de aquellos que dieron todo por un M\u00e9xico mejor. Debemos continuar su legado promoviendo la justicia de igualdad y el respeto entre todos los mexicanos\u201d, enfatiz\u00f3 el titular de la SEC.<\/p>\n<p>&nbsp;<\/p>\n<p>&nbsp;<\/p>\n<p>&nbsp;<\/p>\n<p>G\u00e1mez Gamboa se\u00f1al\u00f3 que el apoyo a la juventud no debe quedarse en palabras, sino en acciones concretas como lo ha hecho el gobernador Alfonso Durazo con becas a los estudiantes, el respeto a la autonom\u00eda acad\u00e9mica y el fomento de espacios de reflexi\u00f3n.<\/p>\n<p>&nbsp;<\/p>\n<p>&nbsp;<\/p>\n<p>&nbsp;<\/p>\n<p>En este d\u00eda de conmemoraci\u00f3n, puntualiz\u00f3, invitamos a todos a recordar con respeto y admiraci\u00f3n a los h\u00e9roes de 1968, que su esp\u00edritu nos inspire a ser ciudadanos conscientes, comprometidos y valientes, para que nunca olvidemos que el futuro de M\u00e9xico est\u00e1 en nuestras manos y en nuestro actuar, que como ellos podamos ser agentes de cambio.<\/p>\n<p><strong>Fecha de publicaci\u00f3n mi\u00e9rcoles 2 de octubre de 2024<\/strong><\/p>\n<p>&nbsp;<\/p>\n","protected":false},"excerpt":{"rendered":"<p>HERMOSILLO, SONORA, MX. \u2014 Con un llamado a participar activamente en la construcci\u00f3n de la&#8230;<\/p>\n","protected":false},"author":1,"featured_media":200398,"comment_status":"open","ping_status":"open","sticky":false,"template":"","format":"standard","meta":{"_monsterinsights_skip_tracking":false,"_monsterinsights_sitenote_active":false,"_monsterinsights_sitenote_note":"","_monsterinsights_sitenote_category":0,"footnotes":""},"categories":[22],"tags":[4863],"class_list":["post"],"yoast_head":" \n<title>Sonora en Equipo. Rinden autoridades \u00a0homenaje a v\u00edctimas del 2 de octubre de 1968 Sonora<\/title>\n<meta name=\"description\" content=\"HERMOSILLO, SONORA, MX. \u2014 Con un llamado a participar activamente en la construcci\u00f3n de la sociedad, de no ser indiferentes ante las injusticias y de En Sonora en Equipo publicamos toda la informaci\u00f3n de Sonora, M\u00e9xico y el Mundo de manera oportuna y busca que la libertad de expresi\u00f3n sea real. Visita nuestro medio informativo publicado desde Hermosillo, Sonora. %\" \/>\n<meta name=\"robots\" content=\"index, follow, max-snippet:-1, max-image-preview:large, max-video-preview:-1\" \/>\n<link rel=\"canonical\" href=\"https:\/\/www.sonoraenequipo.com.mx\/rinden-autoridades-homenaje-a-victimas-del-2-de-octubre-de-1968\/\" \/>\n<meta property=\"og:locale\" content=\"es_ES\" \/>\n<meta property=\"og:type\" content=\"article\" \/>\n<meta property=\"og:title\" content=\"Sonora en Equipo. Rinden autoridades \u00a0homenaje a v\u00edctimas del 2 de octubre de 1968 Sonora\" \/>\n<meta property=\"og:description\" content=\"HERMOSILLO, SONORA, MX. \u2014 Con un llamado a participar activamente en la construcci\u00f3n de la sociedad, de no ser indiferentes ante las injusticias y de En Sonora en Equipo publicamos toda la informaci\u00f3n de Sonora, M\u00e9xico y el Mundo de manera oportuna y busca que la libertad de expresi\u00f3n sea real. Visita nuestro medio informativo publicado desde Hermosillo, Sonora. %\" \/>\n<meta property=\"og:url\" content=\"https:\/\/www.sonoraenequipo.com.mx\/rinden-autoridades-homenaje-a-victimas-del-2-de-octubre-de-1968\/\" \/>\n<meta property=\"og:site_name\" content=\"Sonora en Equipo.\" \/>\n<meta property=\"article:publisher\" content=\"https:\/\/www.facebook.com\/SonoraEE\/\" \/>\n<meta property=\"article:author\" content=\"https:\/\/www.facebook.com\/SonoraEE\" \/>\n<meta property=\"article:published_time\" content=\"2024-10-02T22:15:00+00:00\" \/>\n<meta property=\"og:image\" content=\"https:\/\/www.sonoraenequipo.com.mx\/storage\/2024\/10\/2-oct.jpg\" \/>\n\t<meta property=\"og:image:width\" content=\"600\" \/>\n\t<meta property=\"og:image:height\" content=\"400\" \/>\n\t<meta property=\"og:image:type\" content=\"image\/jpeg\" \/>\n<meta name=\"author\" content=\"enequipo\" \/>\n<meta name=\"twitter:card\" content=\"summary_large_image\" \/>\n<meta name=\"twitter:creator\" content=\"@sonoraenequipo\" \/>\n<meta name=\"twitter:site\" content=\"@sonoraenequipo\" \/>\n<meta name=\"twitter:label1\" content=\"Escrito por\" \/>\n\t<meta name=\"twitter:data1\" content=\"enequipo\" \/>\n\t<meta name=\"twitter:label2\" content=\"Tiempo de lectura\" \/>\n\t<meta name=\"twitter:data2\" content=\"1 minuto\" \/>\n<script type=\"application\/ld+json\" class=\"yoast-schema-graph\">{\"@context\":\"https:\/\/schema.org\",\"@graph\":[{\"@type\":\"Article\",\"@id\":\"https:\/\/www.sonoraenequipo.com.mx\/rinden-autoridades-homenaje-a-victimas-del-2-de-octubre-de-1968\/#article\",\"isPartOf\":{\"@id\":\"https:\/\/www.sonoraenequipo.com.mx\/rinden-autoridades-homenaje-a-victimas-del-2-de-octubre-de-1968\/\"},\"author\":{\"name\":\"enequipo\",\"@id\":\"https:\/\/www.sonoraenequipo.com.mx\/#\/schema\/person\/50102df0fb23a8fa9e8effad8fa81386\"},\"headline\":\"Rinden autoridades \u00a0homenaje a v\u00edctimas del 2 de octubre de 1968\",\"datePublished\":\"2024-10-02T22:15:00+00:00\",\"mainEntityOfPage\":{\"@id\":\"https:\/\/www.sonoraenequipo.com.mx\/rinden-autoridades-homenaje-a-victimas-del-2-de-octubre-de-1968\/\"},\"wordCount\":308,\"commentCount\":0,\"publisher\":{\"@id\":\"https:\/\/www.sonoraenequipo.com.mx\/#organization\"},\"image\":{\"@id\":\"https:\/\/www.sonoraenequipo.com.mx\/rinden-autoridades-homenaje-a-victimas-del-2-de-octubre-de-1968\/#primaryimage\"},\"thumbnailUrl\":\"https:\/\/www.sonoraenequipo.com.mx\/storage\/2024\/10\/2-oct.jpg\",\"keywords\":[\"2 de octubre\"],\"articleSection\":[\"Sonora\"],\"inLanguage\":\"es\",\"potentialAction\":[{\"@type\":\"CommentAction\",\"name\":\"Comment\",\"target\":[\"https:\/\/www.sonoraenequipo.com.mx\/rinden-autoridades-homenaje-a-victimas-del-2-de-octubre-de-1968\/#respond\"]}]},{\"@type\":\"WebPage\",\"@id\":\"https:\/\/www.sonoraenequipo.com.mx\/rinden-autoridades-homenaje-a-victimas-del-2-de-octubre-de-1968\/\",\"url\":\"https:\/\/www.sonoraenequipo.com.mx\/rinden-autoridades-homenaje-a-victimas-del-2-de-octubre-de-1968\/\",\"name\":\"Sonora en Equipo. Rinden autoridades \u00a0homenaje a v\u00edctimas del 2 de octubre de 1968 Sonora\",\"isPartOf\":{\"@id\":\"https:\/\/www.sonoraenequipo.com.mx\/#website\"},\"primaryImageOfPage\":{\"@id\":\"https:\/\/www.sonoraenequipo.com.mx\/rinden-autoridades-homenaje-a-victimas-del-2-de-octubre-de-1968\/#primaryimage\"},\"image\":{\"@id\":\"https:\/\/www.sonoraenequipo.com.mx\/rinden-autoridades-homenaje-a-victimas-del-2-de-octubre-de-1968\/#primaryimage\"},\"thumbnailUrl\":\"https:\/\/www.sonoraenequipo.com.mx\/storage\/2024\/10\/2-oct.jpg\",\"datePublished\":\"2024-10-02T22:15:00+00:00\",\"description\":\"HERMOSILLO, SONORA, MX. \u2014 Con un llamado a participar activamente en la construcci\u00f3n de la sociedad, de no ser indiferentes ante las injusticias y de En Sonora en Equipo publicamos toda la informaci\u00f3n de Sonora, M\u00e9xico y el Mundo de manera oportuna y busca que la libertad de expresi\u00f3n sea real. Visita nuestro medio informativo publicado desde Hermosillo, Sonora. %\",\"breadcrumb\":{\"@id\":\"https:\/\/www.sonoraenequipo.com.mx\/rinden-autoridades-homenaje-a-victimas-del-2-de-octubre-de-1968\/#breadcrumb\"},\"inLanguage\":\"es\",\"potentialAction\":[{\"@type\":\"ReadAction\",\"target\":[\"https:\/\/www.sonoraenequipo.com.mx\/rinden-autoridades-homenaje-a-victimas-del-2-de-octubre-de-1968\/\"]}]},{\"@type\":\"ImageObject\",\"inLanguage\":\"es\",\"@id\":\"https:\/\/www.sonoraenequipo.com.mx\/rinden-autoridades-homenaje-a-victimas-del-2-de-octubre-de-1968\/#primaryimage\",\"url\":\"https:\/\/www.sonoraenequipo.com.mx\/storage\/2024\/10\/2-oct.jpg\",\"contentUrl\":\"https:\/\/www.sonoraenequipo.com.mx\/storage\/2024\/10\/2-oct.jpg\",\"width\":600,\"height\":400},{\"@type\":\"BreadcrumbList\",\"@id\":\"https:\/\/www.sonoraenequipo.com.mx\/rinden-autoridades-homenaje-a-victimas-del-2-de-octubre-de-1968\/#breadcrumb\",\"itemListElement\":[{\"@type\":\"ListItem\",\"position\":1,\"name\":\"Portada\",\"item\":\"https:\/\/www.sonoraenequipo.com.mx\/\"},{\"@type\":\"ListItem\",\"position\":2,\"name\":\"Rinden autoridades \u00a0homenaje a v\u00edctimas del 2 de octubre de 1968\"}]},{\"@type\":\"WebSite\",\"@id\":\"https:\/\/www.sonoraenequipo.com.mx\/#website\",\"url\":\"https:\/\/www.sonoraenequipo.com.mx\/\",\"name\":\"Sonora en Equipo.\",\"description\":\"Diario en l\u00ednea con Noticias desde Hermosillo, Sonora\",\"publisher\":{\"@id\":\"https:\/\/www.sonoraenequipo.com.mx\/#organization\"},\"potentialAction\":[{\"@type\":\"SearchAction\",\"target\":{\"@type\":\"EntryPoint\",\"urlTemplate\":\"https:\/\/www.sonoraenequipo.com.mx\/?s={search_term_string}\"},\"query-input\":{\"@type\":\"PropertyValueSpecification\",\"valueRequired\":true,\"valueName\":\"search_term_string\"}}],\"inLanguage\":\"es\"},{\"@type\":\"Organization\",\"@id\":\"https:\/\/www.sonoraenequipo.com.mx\/#organization\",\"name\":\"Sonoraenequipo.com.mx\",\"url\":\"https:\/\/www.sonoraenequipo.com.mx\/\",\"logo\":{\"@type\":\"ImageObject\",\"inLanguage\":\"es\",\"@id\":\"https:\/\/www.sonoraenequipo.com.mx\/#\/schema\/logo\/image\/\",\"url\":\"https:\/\/www.sonoraenequipo.com.mx\/storage\/2019\/01\/sonoraenequipo_opt.png\",\"contentUrl\":\"https:\/\/www.sonoraenequipo.com.mx\/storage\/2019\/01\/sonoraenequipo_opt.png\",\"width\":375,\"height\":125,\"caption\":\"Sonoraenequipo.com.mx\"},\"image\":{\"@id\":\"https:\/\/www.sonoraenequipo.com.mx\/#\/schema\/logo\/image\/\"},\"sameAs\":[\"https:\/\/www.facebook.com\/SonoraEE\/\",\"https:\/\/x.com\/sonoraenequipo\",\"https:\/\/www.youtube.com\/channel\/UC338nW-lPEYmJQs4ZABQ1SQ\"]},{\"@type\":\"Person\",\"@id\":\"https:\/\/www.sonoraenequipo.com.mx\/#\/schema\/person\/50102df0fb23a8fa9e8effad8fa81386\",\"name\":\"enequipo\",\"image\":{\"@type\":\"ImageObject\",\"inLanguage\":\"es\",\"@id\":\"https:\/\/www.sonoraenequipo.com.mx\/#\/schema\/person\/image\/\",\"url\":\"https:\/\/secure.gravatar.com\/avatar\/049821681b589dabc0bc20695993ccebb09f5b5d4d790cd9251b97faac7c652b?s=96&d=blank&r=g\",\"contentUrl\":\"https:\/\/secure.gravatar.com\/avatar\/049821681b589dabc0bc20695993ccebb09f5b5d4d790cd9251b97faac7c652b?s=96&d=blank&r=g\",\"caption\":\"enequipo\"},\"sameAs\":[\"https:\/\/www.facebook.com\/SonoraEE\"]}]}<\/script>\n ","yoast_head_json":{"title":"Sonora en Equipo. Rinden autoridades \u00a0homenaje a v\u00edctimas del 2 de octubre de 1968 Sonora","description":"HERMOSILLO, SONORA, MX. \u2014 Con un llamado a participar activamente en la construcci\u00f3n de la sociedad, de no ser indiferentes ante las injusticias y de En Sonora en Equipo publicamos toda la informaci\u00f3n de Sonora, M\u00e9xico y el Mundo de manera oportuna y busca que la libertad de expresi\u00f3n sea real. Visita nuestro medio informativo publicado desde Hermosillo, Sonora. %","robots":{"index":"index","follow":"follow","max-snippet":"max-snippet:-1","max-image-preview":"max-image-preview:large","max-video-preview":"max-video-preview:-1"},"canonical":"https:\/\/www.sonoraenequipo.com.mx\/rinden-autoridades-homenaje-a-victimas-del-2-de-octubre-de-1968\/","og_locale":"es_ES","og_type":"article","og_title":"Sonora en Equipo. Rinden autoridades \u00a0homenaje a v\u00edctimas del 2 de octubre de 1968 Sonora","og_description":"HERMOSILLO, SONORA, MX. \u2014 Con un llamado a participar activamente en la construcci\u00f3n de la sociedad, de no ser indiferentes ante las injusticias y de En Sonora en Equipo publicamos toda la informaci\u00f3n de Sonora, M\u00e9xico y el Mundo de manera oportuna y busca que la libertad de expresi\u00f3n sea real. Visita nuestro medio informativo publicado desde Hermosillo, Sonora. %","og_url":"https:\/\/www.sonoraenequipo.com.mx\/rinden-autoridades-homenaje-a-victimas-del-2-de-octubre-de-1968\/","og_site_name":"Sonora en Equipo.","article_publisher":"https:\/\/www.facebook.com\/SonoraEE\/","article_author":"https:\/\/www.facebook.com\/SonoraEE","article_published_time":"2024-10-02T22:15:00+00:00","og_image":[{"width":600,"height":400,"url":"https:\/\/www.sonoraenequipo.com.mx\/storage\/2024\/10\/2-oct.jpg","type":"image\/jpeg"}],"author":"enequipo","twitter_card":"summary_large_image","twitter_creator":"@sonoraenequipo","twitter_site":"@sonoraenequipo","twitter_misc":{"Escrito por":"enequipo","Tiempo de lectura":"1 minuto"},"schema":{"@context":"https:\/\/schema.org","@graph":[{"@type":"Article","@id":"https:\/\/www.sonoraenequipo.com.mx\/rinden-autoridades-homenaje-a-victimas-del-2-de-octubre-de-1968\/#article","isPartOf":{"@id":"https:\/\/www.sonoraenequipo.com.mx\/rinden-autoridades-homenaje-a-victimas-del-2-de-octubre-de-1968\/"},"author":{"name":"enequipo","@id":"https:\/\/www.sonoraenequipo.com.mx\/#\/schema\/person\/50102df0fb23a8fa9e8effad8fa81386"},"headline":"Rinden autoridades \u00a0homenaje a v\u00edctimas del 2 de octubre de 1968","datePublished":"2024-10-02T22:15:00+00:00","mainEntityOfPage":{"@id":"https:\/\/www.sonoraenequipo.com.mx\/rinden-autoridades-homenaje-a-victimas-del-2-de-octubre-de-1968\/"},"wordCount":308,"commentCount":0,"publisher":{"@id":"https:\/\/www.sonoraenequipo.com.mx\/#organization"},"image":{"@id":"https:\/\/www.sonoraenequipo.com.mx\/rinden-autoridades-homenaje-a-victimas-del-2-de-octubre-de-1968\/#primaryimage"},"thumbnailUrl":"https:\/\/www.sonoraenequipo.com.mx\/storage\/2024\/10\/2-oct.jpg","keywords":["2 de octubre"],"articleSection":["Sonora"],"inLanguage":"es","potentialAction":[{"@type":"CommentAction","name":"Comment","target":["https:\/\/www.sonoraenequipo.com.mx\/rinden-autoridades-homenaje-a-victimas-del-2-de-octubre-de-1968\/#respond"]}]},{"@type":"WebPage","@id":"https:\/\/www.sonoraenequipo.com.mx\/rinden-autoridades-homenaje-a-victimas-del-2-de-octubre-de-1968\/","url":"https:\/\/www.sonoraenequipo.com.mx\/rinden-autoridades-homenaje-a-victimas-del-2-de-octubre-de-1968\/","name":"Sonora en Equipo. Rinden autoridades \u00a0homenaje a v\u00edctimas del 2 de octubre de 1968 Sonora","isPartOf":{"@id":"https:\/\/www.sonoraenequipo.com.mx\/#website"},"primaryImageOfPage":{"@id":"https:\/\/www.sonoraenequipo.com.mx\/rinden-autoridades-homenaje-a-victimas-del-2-de-octubre-de-1968\/#primaryimage"},"image":{"@id":"https:\/\/www.sonoraenequipo.com.mx\/rinden-autoridades-homenaje-a-victimas-del-2-de-octubre-de-1968\/#primaryimage"},"thumbnailUrl":"https:\/\/www.sonoraenequipo.com.mx\/storage\/2024\/10\/2-oct.jpg","datePublished":"2024-10-02T22:15:00+00:00","description":"HERMOSILLO, SONORA, MX. \u2014 Con un llamado a participar activamente en la construcci\u00f3n de la sociedad, de no ser indiferentes ante las injusticias y de En Sonora en Equipo publicamos toda la informaci\u00f3n de Sonora, M\u00e9xico y el Mundo de manera oportuna y busca que la libertad de expresi\u00f3n sea real. Visita nuestro medio informativo publicado desde Hermosillo, Sonora. %","breadcrumb":{"@id":"https:\/\/www.sonoraenequipo.com.mx\/rinden-autoridades-homenaje-a-victimas-del-2-de-octubre-de-1968\/#breadcrumb"},"inLanguage":"es","potentialAction":[{"@type":"ReadAction","target":["https:\/\/www.sonoraenequipo.com.mx\/rinden-autoridades-homenaje-a-victimas-del-2-de-octubre-de-1968\/"]}]},{"@type":"ImageObject","inLanguage":"es","@id":"https:\/\/www.sonoraenequipo.com.mx\/rinden-autoridades-homenaje-a-victimas-del-2-de-octubre-de-1968\/#primaryimage","url":"https:\/\/www.sonoraenequipo.com.mx\/storage\/2024\/10\/2-oct.jpg","contentUrl":"https:\/\/www.sonoraenequipo.com.mx\/storage\/2024\/10\/2-oct.jpg","width":600,"height":400},{"@type":"BreadcrumbList","@id":"https:\/\/www.sonoraenequipo.com.mx\/rinden-autoridades-homenaje-a-victimas-del-2-de-octubre-de-1968\/#breadcrumb","itemListElement":[{"@type":"ListItem","position":1,"name":"Portada","item":"https:\/\/www.sonoraenequipo.com.mx\/"},{"@type":"ListItem","position":2,"name":"Rinden autoridades \u00a0homenaje a v\u00edctimas del 2 de octubre de 1968"}]},{"@type":"WebSite","@id":"https:\/\/www.sonoraenequipo.com.mx\/#website","url":"https:\/\/www.sonoraenequipo.com.mx\/","name":"Sonora en Equipo.","description":"Diario en l\u00ednea con Noticias desde Hermosillo, Sonora","publisher":{"@id":"https:\/\/www.sonoraenequipo.com.mx\/#organization"},"potentialAction":[{"@type":"SearchAction","target":{"@type":"EntryPoint","urlTemplate":"https:\/\/www.sonoraenequipo.com.mx\/?s={search_term_string}"},"query-input":{"@type":"PropertyValueSpecification","valueRequired":true,"valueName":"search_term_string"}}],"inLanguage":"es"},{"@type":"Organization","@id":"https:\/\/www.sonoraenequipo.com.mx\/#organization","name":"Sonoraenequipo.com.mx","url":"https:\/\/www.sonoraenequipo.com.mx\/","logo":{"@type":"ImageObject","inLanguage":"es","@id":"https:\/\/www.sonoraenequipo.com.mx\/#\/schema\/logo\/image\/","url":"https:\/\/www.sonoraenequipo.com.mx\/storage\/2019\/01\/sonoraenequipo_opt.png","contentUrl":"https:\/\/www.sonoraenequipo.com.mx\/storage\/2019\/01\/sonoraenequipo_opt.png","width":375,"height":125,"caption":"Sonoraenequipo.com.mx"},"image":{"@id":"https:\/\/www.sonoraenequipo.com.mx\/#\/schema\/logo\/image\/"},"sameAs":["https:\/\/www.facebook.com\/SonoraEE\/","https:\/\/x.com\/sonoraenequipo","https:\/\/www.youtube.com\/channel\/UC338nW-lPEYmJQs4ZABQ1SQ"]},{"@type":"Person","@id":"https:\/\/www.sonoraenequipo.com.mx\/#\/schema\/person\/50102df0fb23a8fa9e8effad8fa81386","name":"enequipo","image":{"@type":"ImageObject","inLanguage":"es","@id":"https:\/\/www.sonoraenequipo.com.mx\/#\/schema\/person\/image\/","url":"https:\/\/secure.gravatar.com\/avatar\/049821681b589dabc0bc20695993ccebb09f5b5d4d790cd9251b97faac7c652b?s=96&d=blank&r=g","contentUrl":"https:\/\/secure.gravatar.com\/avatar\/049821681b589dabc0bc20695993ccebb09f5b5d4d790cd9251b97faac7c652b?s=96&d=blank&r=g","caption":"enequipo"},"sameAs":["https:\/\/www.facebook.com\/SonoraEE"]}]}},"jetpack_featured_media_url":"https:\/\/www.sonoraenequipo.com.mx\/storage\/2024\/10\/2-oct.jpg","_links":{"self":[{"href":"https:\/\/www.sonoraenequipo.com.mx\/api\/wp\/v2\/posts\/200397","targetHints":{"allow":["GET"]}}],"collection":[{"href":"https:\/\/www.sonoraenequipo.com.mx\/api\/wp\/v2\/posts"}],"about":[{"href":"https:\/\/www.sonoraenequipo.com.mx\/api\/wp\/v2\/types\/post"}],"author":[{"embeddable":true,"href":"https:\/\/www.sonoraenequipo.com.mx\/api\/wp\/v2\/users\/1"}],"replies":[{"embeddable":true,"href":"https:\/\/www.sonoraenequipo.com.mx\/api\/wp\/v2\/comments?post=200397"}],"version-history":[{"count":1,"href":"https:\/\/www.sonoraenequipo.com.mx\/api\/wp\/v2\/posts\/200397\/revisions"}],"predecessor-version":[{"id":200399,"href":"https:\/\/www.sonoraenequipo.com.mx\/api\/wp\/v2\/posts\/200397\/revisions\/200399"}],"wp:featuredmedia":[{"embeddable":true,"href":"https:\/\/www.sonoraenequipo.com.mx\/api\/wp\/v2\/media\/200398"}],"wp:attachment":[{"href":"https:\/\/www.sonoraenequipo.com.mx\/api\/wp\/v2\/media?parent=200397"}],"wp:term":[{"taxonomy":"category","embeddable":true,"href":"https:\/\/www.sonoraenequipo.com.mx\/api\/wp\/v2\/categories?post=200397"},{"taxonomy":"post_tag","embeddable":true,"href":"https:\/\/www.sonoraenequipo.com.mx\/api\/wp\/v2\/tags?post=200397"}],"curies":[{"name":"wp","href":"https:\/\/api.w.org\/{rel}","templated":true}]}}