{"id":200405,"date":"2024-10-01T21:35:36","date_gmt":"2024-10-02T04:35:36","guid":{"rendered":"https:\/\/www.sonoraenequipo.com.mx\/?p=200405"},"modified":"2024-10-02T15:55:15","modified_gmt":"2024-10-02T22:55:15","slug":"me-declare-culpable-de-haber-hecho-periodismo-julian-assange","status":"publish","type":"post","link":"https:\/\/www.sonoraenequipo.com.mx\/me-declare-culpable-de-haber-hecho-periodismo-julian-assange\/","title":{"rendered":"\u00abMe declar\u00e9 culpable de haber hecho periodismo\u00bb: Julian Assange"},"content":{"rendered":"<p><strong>UNI\u00d3N EUROPEA. \u2014<\/strong> El fundador de <strong>\u00abWikiLeaks\u00bb,<\/strong> Julian Assange, declar\u00f3 ante el Consejo de Europa que fue liberado tras declararse <em><strong>\u00abculpable de haber hecho periodismo\u00bb.<\/strong> <\/em>Esas fueron sus primeras declaraciones desde su salida en junio de una prisi\u00f3n en Reino Unido.<\/p>\n<p>&nbsp;<\/p>\n<p>&nbsp;<\/p>\n<p> <\/p>\n<p>Y el periodista agreg\u00f3: <strong><em>\u00abno soy libre hoy porque el sistema funcion\u00f3, sino porque, tras a\u00f1os de encarcelamiento, me declar\u00e9 culpable de haber hecho periodismo\u00bb,<\/em><\/strong> pero a\u00fan as\u00ed pas\u00f3 los \u00faltimos 14 a\u00f1os recluido entre la embajada de Ecuador en Londres y la c\u00e1rcel brit\u00e1nica.<\/p>\n<p>&nbsp;<\/p>\n<p>&nbsp;<\/p>\n<p>Assange, de 53 a\u00f1os, rompi\u00f3 su silencio por primera vez desde su salida en junio de la prisi\u00f3n londinense de Belmarsh, y lo hizo ante una comisi\u00f3n del Consejo de Europa en Estrasburgo, en el noreste de Francia, que examina las condiciones y el impacto de su detenci\u00f3n por m\u00e1s de una d\u00e9cada.<\/p>\n<p>&nbsp;<\/p>\n<p>&nbsp;<\/p>\n<p>A falta de justicia que abogara por libertad de expresi\u00f3n, su liberaci\u00f3n m\u00e1s bien fue producto en virtud de un acuerdo con la justicia de Estados Unidos, por el que se declar\u00f3 culpable de obtener y divulgar informaci\u00f3n sobre defensa nacional, entre ellos relatos de ejecuciones extrajudiciales e informaciones sobre aliados.<\/p>\n<p>&nbsp;<\/p>\n<p>&nbsp;<\/p>\n<p><em><strong>\u00abMe declar\u00e9 culpable de buscar informaci\u00f3n de una fuente y me declar\u00e9 culpable de informar al p\u00fablico de la naturaleza de esa informaci\u00f3n. No me declar\u00e9 culpable de ning\u00fan otro cargo\u00bb,<\/strong><\/em> explic\u00f3 este martes el australiano.<\/p>\n<p>&nbsp;<\/p>\n<p>&nbsp;<\/p>\n<p>Declarado \u00abhombre libre\u00bb por la justicia estadounidense, volvi\u00f3 a Australia y se reencontr\u00f3 con su familia. Desde entonces no se ha dejado ver mucho, aunque <strong><em>\u00abWikiLeaks\u00bb<\/em> <\/strong>y su pareja Stella -que lo acompa\u00f1\u00f3 en su testimonio-, han ido brindando algunas informaciones.<\/p>\n<p>&nbsp;<\/p>\n<p>&nbsp;<\/p>\n<p>El pasado mi\u00e9rcoles, su organizaci\u00f3n explic\u00f3 que acudir\u00eda a declarar en persona ante el Consejo de Europa <strong><em>\u00abdada la naturaleza excepcional de la invitaci\u00f3n\u00bb.<\/em><\/strong><\/p>\n<p>&nbsp;<\/p>\n<p>&nbsp;<\/p>\n<p><em><strong>\u00abTodo el mundo puede ver que est\u00e1 agotado, que todav\u00eda se est\u00e1 recuperando\u00bb<\/strong><\/em>, declar\u00f3 este martes Stella Assange tras el encuentro de hora y media en Estrasburgo.<\/p>\n<p>&nbsp;<\/p>\n<p>&nbsp;<\/p>\n<p>Su marido dijo esperar que su testimonio pueda \u00ab<strong><em>ayudar a aquellos cuyos casos son menos visibles pero que son igual de vulnerables\u00bb, y denunci\u00f3 que existe cada vez \u00abm\u00e1s impunidad, m\u00e1s secretismo, m\u00e1s represalias por decir la verdad y m\u00e1s autocensura (&#8230;) El periodismo no es un crimen, es el pilar de una sociedad libre e informada\u00bb<\/em><\/strong>, sentenci\u00f3.<\/p>\n<p>&nbsp;<\/p>\n<p>&nbsp;<\/p>\n<p>PUBLICADO EL 01 DE OCTUBRE DE 2024 Con informaci\u00f3n de<\/p>\n","protected":false},"excerpt":{"rendered":"<p>UNI\u00d3N EUROPEA. \u2014 El fundador de \u00abWikiLeaks\u00bb, Julian Assange, declar\u00f3 ante el Consejo de Europa&#8230;<\/p>\n","protected":false},"author":1,"featured_media":200406,"comment_status":"open","ping_status":"open","sticky":false,"template":"","format":"standard","meta":{"_monsterinsights_skip_tracking":false,"_monsterinsights_sitenote_active":false,"_monsterinsights_sitenote_note":"","_monsterinsights_sitenote_category":0,"footnotes":""},"categories":[3],"tags":[],"class_list":["post"],"yoast_head":" \n<title>Sonora en Equipo. &quot;Me declar\u00e9 culpable de haber hecho periodismo&quot;: Julian Assange MUNDO<\/title>\n<meta name=\"description\" content=\"UNI\u00d3N EUROPEA. \u2014 El fundador de &quot;WikiLeaks&quot;, Julian Assange, declar\u00f3 ante el Consejo de Europa que fue liberado tras declararse &quot;culpable de haber hecho En Sonora en Equipo publicamos toda la informaci\u00f3n de Sonora, M\u00e9xico y el Mundo de manera oportuna y busca que la libertad de expresi\u00f3n sea real. Visita nuestro medio informativo publicado desde Hermosillo, Sonora. %\" \/>\n<meta name=\"robots\" content=\"index, follow, max-snippet:-1, max-image-preview:large, max-video-preview:-1\" \/>\n<link rel=\"canonical\" href=\"https:\/\/www.sonoraenequipo.com.mx\/me-declare-culpable-de-haber-hecho-periodismo-julian-assange\/\" \/>\n<meta property=\"og:locale\" content=\"es_ES\" \/>\n<meta property=\"og:type\" content=\"article\" \/>\n<meta property=\"og:title\" content=\"Sonora en Equipo. &quot;Me declar\u00e9 culpable de haber hecho periodismo&quot;: Julian Assange MUNDO\" \/>\n<meta property=\"og:description\" content=\"UNI\u00d3N EUROPEA. \u2014 El fundador de &quot;WikiLeaks&quot;, Julian Assange, declar\u00f3 ante el Consejo de Europa que fue liberado tras declararse &quot;culpable de haber hecho En Sonora en Equipo publicamos toda la informaci\u00f3n de Sonora, M\u00e9xico y el Mundo de manera oportuna y busca que la libertad de expresi\u00f3n sea real. Visita nuestro medio informativo publicado desde Hermosillo, Sonora. %\" \/>\n<meta property=\"og:url\" content=\"https:\/\/www.sonoraenequipo.com.mx\/me-declare-culpable-de-haber-hecho-periodismo-julian-assange\/\" \/>\n<meta property=\"og:site_name\" content=\"Sonora en Equipo.\" \/>\n<meta property=\"article:publisher\" content=\"https:\/\/www.facebook.com\/SonoraEE\/\" \/>\n<meta property=\"article:author\" content=\"https:\/\/www.facebook.com\/SonoraEE\" \/>\n<meta property=\"article:published_time\" content=\"2024-10-02T04:35:36+00:00\" \/>\n<meta property=\"article:modified_time\" content=\"2024-10-02T22:55:15+00:00\" \/>\n<meta property=\"og:image\" content=\"https:\/\/www.sonoraenequipo.com.mx\/storage\/2024\/10\/me-declare-culpable-de-haber-hecho-periodismo-assange-min.jpg\" \/>\n\t<meta property=\"og:image:width\" content=\"900\" \/>\n\t<meta property=\"og:image:height\" content=\"600\" \/>\n\t<meta property=\"og:image:type\" content=\"image\/jpeg\" \/>\n<meta name=\"author\" content=\"enequipo\" \/>\n<meta name=\"twitter:card\" content=\"summary_large_image\" \/>\n<meta name=\"twitter:creator\" content=\"@sonoraenequipo\" \/>\n<meta name=\"twitter:site\" content=\"@sonoraenequipo\" \/>\n<meta name=\"twitter:label1\" content=\"Escrito por\" \/>\n\t<meta name=\"twitter:data1\" content=\"enequipo\" \/>\n\t<meta name=\"twitter:label2\" content=\"Tiempo de lectura\" \/>\n\t<meta name=\"twitter:data2\" content=\"2 minutos\" \/>\n<script type=\"application\/ld+json\" class=\"yoast-schema-graph\">{\"@context\":\"https:\/\/schema.org\",\"@graph\":[{\"@type\":\"Article\",\"@id\":\"https:\/\/www.sonoraenequipo.com.mx\/me-declare-culpable-de-haber-hecho-periodismo-julian-assange\/#article\",\"isPartOf\":{\"@id\":\"https:\/\/www.sonoraenequipo.com.mx\/me-declare-culpable-de-haber-hecho-periodismo-julian-assange\/\"},\"author\":{\"name\":\"enequipo\",\"@id\":\"https:\/\/www.sonoraenequipo.com.mx\/#\/schema\/person\/50102df0fb23a8fa9e8effad8fa81386\"},\"headline\":\"\u00abMe declar\u00e9 culpable de haber hecho periodismo\u00bb: Julian Assange\",\"datePublished\":\"2024-10-02T04:35:36+00:00\",\"dateModified\":\"2024-10-02T22:55:15+00:00\",\"mainEntityOfPage\":{\"@id\":\"https:\/\/www.sonoraenequipo.com.mx\/me-declare-culpable-de-haber-hecho-periodismo-julian-assange\/\"},\"wordCount\":438,\"commentCount\":0,\"publisher\":{\"@id\":\"https:\/\/www.sonoraenequipo.com.mx\/#organization\"},\"image\":{\"@id\":\"https:\/\/www.sonoraenequipo.com.mx\/me-declare-culpable-de-haber-hecho-periodismo-julian-assange\/#primaryimage\"},\"thumbnailUrl\":\"https:\/\/www.sonoraenequipo.com.mx\/storage\/2024\/10\/me-declare-culpable-de-haber-hecho-periodismo-assange-min.jpg\",\"articleSection\":[\"MUNDO\"],\"inLanguage\":\"es\",\"potentialAction\":[{\"@type\":\"CommentAction\",\"name\":\"Comment\",\"target\":[\"https:\/\/www.sonoraenequipo.com.mx\/me-declare-culpable-de-haber-hecho-periodismo-julian-assange\/#respond\"]}]},{\"@type\":\"WebPage\",\"@id\":\"https:\/\/www.sonoraenequipo.com.mx\/me-declare-culpable-de-haber-hecho-periodismo-julian-assange\/\",\"url\":\"https:\/\/www.sonoraenequipo.com.mx\/me-declare-culpable-de-haber-hecho-periodismo-julian-assange\/\",\"name\":\"Sonora en Equipo. \\\"Me declar\u00e9 culpable de haber hecho periodismo\\\": Julian Assange MUNDO\",\"isPartOf\":{\"@id\":\"https:\/\/www.sonoraenequipo.com.mx\/#website\"},\"primaryImageOfPage\":{\"@id\":\"https:\/\/www.sonoraenequipo.com.mx\/me-declare-culpable-de-haber-hecho-periodismo-julian-assange\/#primaryimage\"},\"image\":{\"@id\":\"https:\/\/www.sonoraenequipo.com.mx\/me-declare-culpable-de-haber-hecho-periodismo-julian-assange\/#primaryimage\"},\"thumbnailUrl\":\"https:\/\/www.sonoraenequipo.com.mx\/storage\/2024\/10\/me-declare-culpable-de-haber-hecho-periodismo-assange-min.jpg\",\"datePublished\":\"2024-10-02T04:35:36+00:00\",\"dateModified\":\"2024-10-02T22:55:15+00:00\",\"description\":\"UNI\u00d3N EUROPEA. \u2014 El fundador de \\\"WikiLeaks\\\", Julian Assange, declar\u00f3 ante el Consejo de Europa que fue liberado tras declararse \\\"culpable de haber hecho En Sonora en Equipo publicamos toda la informaci\u00f3n de Sonora, M\u00e9xico y el Mundo de manera oportuna y busca que la libertad de expresi\u00f3n sea real. Visita nuestro medio informativo publicado desde Hermosillo, Sonora. %\",\"breadcrumb\":{\"@id\":\"https:\/\/www.sonoraenequipo.com.mx\/me-declare-culpable-de-haber-hecho-periodismo-julian-assange\/#breadcrumb\"},\"inLanguage\":\"es\",\"potentialAction\":[{\"@type\":\"ReadAction\",\"target\":[\"https:\/\/www.sonoraenequipo.com.mx\/me-declare-culpable-de-haber-hecho-periodismo-julian-assange\/\"]}]},{\"@type\":\"ImageObject\",\"inLanguage\":\"es\",\"@id\":\"https:\/\/www.sonoraenequipo.com.mx\/me-declare-culpable-de-haber-hecho-periodismo-julian-assange\/#primaryimage\",\"url\":\"https:\/\/www.sonoraenequipo.com.mx\/storage\/2024\/10\/me-declare-culpable-de-haber-hecho-periodismo-assange-min.jpg\",\"contentUrl\":\"https:\/\/www.sonoraenequipo.com.mx\/storage\/2024\/10\/me-declare-culpable-de-haber-hecho-periodismo-assange-min.jpg\",\"width\":900,\"height\":600},{\"@type\":\"BreadcrumbList\",\"@id\":\"https:\/\/www.sonoraenequipo.com.mx\/me-declare-culpable-de-haber-hecho-periodismo-julian-assange\/#breadcrumb\",\"itemListElement\":[{\"@type\":\"ListItem\",\"position\":1,\"name\":\"Portada\",\"item\":\"https:\/\/www.sonoraenequipo.com.mx\/\"},{\"@type\":\"ListItem\",\"position\":2,\"name\":\"\u00abMe declar\u00e9 culpable de haber hecho periodismo\u00bb: Julian Assange\"}]},{\"@type\":\"WebSite\",\"@id\":\"https:\/\/www.sonoraenequipo.com.mx\/#website\",\"url\":\"https:\/\/www.sonoraenequipo.com.mx\/\",\"name\":\"Sonora en Equipo.\",\"description\":\"Diario en l\u00ednea con Noticias desde Hermosillo, Sonora\",\"publisher\":{\"@id\":\"https:\/\/www.sonoraenequipo.com.mx\/#organization\"},\"potentialAction\":[{\"@type\":\"SearchAction\",\"target\":{\"@type\":\"EntryPoint\",\"urlTemplate\":\"https:\/\/www.sonoraenequipo.com.mx\/?s={search_term_string}\"},\"query-input\":{\"@type\":\"PropertyValueSpecification\",\"valueRequired\":true,\"valueName\":\"search_term_string\"}}],\"inLanguage\":\"es\"},{\"@type\":\"Organization\",\"@id\":\"https:\/\/www.sonoraenequipo.com.mx\/#organization\",\"name\":\"Sonoraenequipo.com.mx\",\"url\":\"https:\/\/www.sonoraenequipo.com.mx\/\",\"logo\":{\"@type\":\"ImageObject\",\"inLanguage\":\"es\",\"@id\":\"https:\/\/www.sonoraenequipo.com.mx\/#\/schema\/logo\/image\/\",\"url\":\"https:\/\/www.sonoraenequipo.com.mx\/storage\/2019\/01\/sonoraenequipo_opt.png\",\"contentUrl\":\"https:\/\/www.sonoraenequipo.com.mx\/storage\/2019\/01\/sonoraenequipo_opt.png\",\"width\":375,\"height\":125,\"caption\":\"Sonoraenequipo.com.mx\"},\"image\":{\"@id\":\"https:\/\/www.sonoraenequipo.com.mx\/#\/schema\/logo\/image\/\"},\"sameAs\":[\"https:\/\/www.facebook.com\/SonoraEE\/\",\"https:\/\/x.com\/sonoraenequipo\",\"https:\/\/www.youtube.com\/channel\/UC338nW-lPEYmJQs4ZABQ1SQ\"]},{\"@type\":\"Person\",\"@id\":\"https:\/\/www.sonoraenequipo.com.mx\/#\/schema\/person\/50102df0fb23a8fa9e8effad8fa81386\",\"name\":\"enequipo\",\"image\":{\"@type\":\"ImageObject\",\"inLanguage\":\"es\",\"@id\":\"https:\/\/www.sonoraenequipo.com.mx\/#\/schema\/person\/image\/\",\"url\":\"https:\/\/secure.gravatar.com\/avatar\/049821681b589dabc0bc20695993ccebb09f5b5d4d790cd9251b97faac7c652b?s=96&d=blank&r=g\",\"contentUrl\":\"https:\/\/secure.gravatar.com\/avatar\/049821681b589dabc0bc20695993ccebb09f5b5d4d790cd9251b97faac7c652b?s=96&d=blank&r=g\",\"caption\":\"enequipo\"},\"sameAs\":[\"https:\/\/www.facebook.com\/SonoraEE\"]}]}<\/script>\n ","yoast_head_json":{"title":"Sonora en Equipo. \"Me declar\u00e9 culpable de haber hecho periodismo\": Julian Assange MUNDO","description":"UNI\u00d3N EUROPEA. \u2014 El fundador de \"WikiLeaks\", Julian Assange, declar\u00f3 ante el Consejo de Europa que fue liberado tras declararse \"culpable de haber hecho En Sonora en Equipo publicamos toda la informaci\u00f3n de Sonora, M\u00e9xico y el Mundo de manera oportuna y busca que la libertad de expresi\u00f3n sea real. Visita nuestro medio informativo publicado desde Hermosillo, Sonora. %","robots":{"index":"index","follow":"follow","max-snippet":"max-snippet:-1","max-image-preview":"max-image-preview:large","max-video-preview":"max-video-preview:-1"},"canonical":"https:\/\/www.sonoraenequipo.com.mx\/me-declare-culpable-de-haber-hecho-periodismo-julian-assange\/","og_locale":"es_ES","og_type":"article","og_title":"Sonora en Equipo. \"Me declar\u00e9 culpable de haber hecho periodismo\": Julian Assange MUNDO","og_description":"UNI\u00d3N EUROPEA. \u2014 El fundador de \"WikiLeaks\", Julian Assange, declar\u00f3 ante el Consejo de Europa que fue liberado tras declararse \"culpable de haber hecho En Sonora en Equipo publicamos toda la informaci\u00f3n de Sonora, M\u00e9xico y el Mundo de manera oportuna y busca que la libertad de expresi\u00f3n sea real. Visita nuestro medio informativo publicado desde Hermosillo, Sonora. %","og_url":"https:\/\/www.sonoraenequipo.com.mx\/me-declare-culpable-de-haber-hecho-periodismo-julian-assange\/","og_site_name":"Sonora en Equipo.","article_publisher":"https:\/\/www.facebook.com\/SonoraEE\/","article_author":"https:\/\/www.facebook.com\/SonoraEE","article_published_time":"2024-10-02T04:35:36+00:00","article_modified_time":"2024-10-02T22:55:15+00:00","og_image":[{"width":900,"height":600,"url":"https:\/\/www.sonoraenequipo.com.mx\/storage\/2024\/10\/me-declare-culpable-de-haber-hecho-periodismo-assange-min.jpg","type":"image\/jpeg"}],"author":"enequipo","twitter_card":"summary_large_image","twitter_creator":"@sonoraenequipo","twitter_site":"@sonoraenequipo","twitter_misc":{"Escrito por":"enequipo","Tiempo de lectura":"2 minutos"},"schema":{"@context":"https:\/\/schema.org","@graph":[{"@type":"Article","@id":"https:\/\/www.sonoraenequipo.com.mx\/me-declare-culpable-de-haber-hecho-periodismo-julian-assange\/#article","isPartOf":{"@id":"https:\/\/www.sonoraenequipo.com.mx\/me-declare-culpable-de-haber-hecho-periodismo-julian-assange\/"},"author":{"name":"enequipo","@id":"https:\/\/www.sonoraenequipo.com.mx\/#\/schema\/person\/50102df0fb23a8fa9e8effad8fa81386"},"headline":"\u00abMe declar\u00e9 culpable de haber hecho periodismo\u00bb: Julian Assange","datePublished":"2024-10-02T04:35:36+00:00","dateModified":"2024-10-02T22:55:15+00:00","mainEntityOfPage":{"@id":"https:\/\/www.sonoraenequipo.com.mx\/me-declare-culpable-de-haber-hecho-periodismo-julian-assange\/"},"wordCount":438,"commentCount":0,"publisher":{"@id":"https:\/\/www.sonoraenequipo.com.mx\/#organization"},"image":{"@id":"https:\/\/www.sonoraenequipo.com.mx\/me-declare-culpable-de-haber-hecho-periodismo-julian-assange\/#primaryimage"},"thumbnailUrl":"https:\/\/www.sonoraenequipo.com.mx\/storage\/2024\/10\/me-declare-culpable-de-haber-hecho-periodismo-assange-min.jpg","articleSection":["MUNDO"],"inLanguage":"es","potentialAction":[{"@type":"CommentAction","name":"Comment","target":["https:\/\/www.sonoraenequipo.com.mx\/me-declare-culpable-de-haber-hecho-periodismo-julian-assange\/#respond"]}]},{"@type":"WebPage","@id":"https:\/\/www.sonoraenequipo.com.mx\/me-declare-culpable-de-haber-hecho-periodismo-julian-assange\/","url":"https:\/\/www.sonoraenequipo.com.mx\/me-declare-culpable-de-haber-hecho-periodismo-julian-assange\/","name":"Sonora en Equipo. \"Me declar\u00e9 culpable de haber hecho periodismo\": Julian Assange MUNDO","isPartOf":{"@id":"https:\/\/www.sonoraenequipo.com.mx\/#website"},"primaryImageOfPage":{"@id":"https:\/\/www.sonoraenequipo.com.mx\/me-declare-culpable-de-haber-hecho-periodismo-julian-assange\/#primaryimage"},"image":{"@id":"https:\/\/www.sonoraenequipo.com.mx\/me-declare-culpable-de-haber-hecho-periodismo-julian-assange\/#primaryimage"},"thumbnailUrl":"https:\/\/www.sonoraenequipo.com.mx\/storage\/2024\/10\/me-declare-culpable-de-haber-hecho-periodismo-assange-min.jpg","datePublished":"2024-10-02T04:35:36+00:00","dateModified":"2024-10-02T22:55:15+00:00","description":"UNI\u00d3N EUROPEA. \u2014 El fundador de \"WikiLeaks\", Julian Assange, declar\u00f3 ante el Consejo de Europa que fue liberado tras declararse \"culpable de haber hecho En Sonora en Equipo publicamos toda la informaci\u00f3n de Sonora, M\u00e9xico y el Mundo de manera oportuna y busca que la libertad de expresi\u00f3n sea real. Visita nuestro medio informativo publicado desde Hermosillo, Sonora. %","breadcrumb":{"@id":"https:\/\/www.sonoraenequipo.com.mx\/me-declare-culpable-de-haber-hecho-periodismo-julian-assange\/#breadcrumb"},"inLanguage":"es","potentialAction":[{"@type":"ReadAction","target":["https:\/\/www.sonoraenequipo.com.mx\/me-declare-culpable-de-haber-hecho-periodismo-julian-assange\/"]}]},{"@type":"ImageObject","inLanguage":"es","@id":"https:\/\/www.sonoraenequipo.com.mx\/me-declare-culpable-de-haber-hecho-periodismo-julian-assange\/#primaryimage","url":"https:\/\/www.sonoraenequipo.com.mx\/storage\/2024\/10\/me-declare-culpable-de-haber-hecho-periodismo-assange-min.jpg","contentUrl":"https:\/\/www.sonoraenequipo.com.mx\/storage\/2024\/10\/me-declare-culpable-de-haber-hecho-periodismo-assange-min.jpg","width":900,"height":600},{"@type":"BreadcrumbList","@id":"https:\/\/www.sonoraenequipo.com.mx\/me-declare-culpable-de-haber-hecho-periodismo-julian-assange\/#breadcrumb","itemListElement":[{"@type":"ListItem","position":1,"name":"Portada","item":"https:\/\/www.sonoraenequipo.com.mx\/"},{"@type":"ListItem","position":2,"name":"\u00abMe declar\u00e9 culpable de haber hecho periodismo\u00bb: Julian Assange"}]},{"@type":"WebSite","@id":"https:\/\/www.sonoraenequipo.com.mx\/#website","url":"https:\/\/www.sonoraenequipo.com.mx\/","name":"Sonora en Equipo.","description":"Diario en l\u00ednea con Noticias desde Hermosillo, Sonora","publisher":{"@id":"https:\/\/www.sonoraenequipo.com.mx\/#organization"},"potentialAction":[{"@type":"SearchAction","target":{"@type":"EntryPoint","urlTemplate":"https:\/\/www.sonoraenequipo.com.mx\/?s={search_term_string}"},"query-input":{"@type":"PropertyValueSpecification","valueRequired":true,"valueName":"search_term_string"}}],"inLanguage":"es"},{"@type":"Organization","@id":"https:\/\/www.sonoraenequipo.com.mx\/#organization","name":"Sonoraenequipo.com.mx","url":"https:\/\/www.sonoraenequipo.com.mx\/","logo":{"@type":"ImageObject","inLanguage":"es","@id":"https:\/\/www.sonoraenequipo.com.mx\/#\/schema\/logo\/image\/","url":"https:\/\/www.sonoraenequipo.com.mx\/storage\/2019\/01\/sonoraenequipo_opt.png","contentUrl":"https:\/\/www.sonoraenequipo.com.mx\/storage\/2019\/01\/sonoraenequipo_opt.png","width":375,"height":125,"caption":"Sonoraenequipo.com.mx"},"image":{"@id":"https:\/\/www.sonoraenequipo.com.mx\/#\/schema\/logo\/image\/"},"sameAs":["https:\/\/www.facebook.com\/SonoraEE\/","https:\/\/x.com\/sonoraenequipo","https:\/\/www.youtube.com\/channel\/UC338nW-lPEYmJQs4ZABQ1SQ"]},{"@type":"Person","@id":"https:\/\/www.sonoraenequipo.com.mx\/#\/schema\/person\/50102df0fb23a8fa9e8effad8fa81386","name":"enequipo","image":{"@type":"ImageObject","inLanguage":"es","@id":"https:\/\/www.sonoraenequipo.com.mx\/#\/schema\/person\/image\/","url":"https:\/\/secure.gravatar.com\/avatar\/049821681b589dabc0bc20695993ccebb09f5b5d4d790cd9251b97faac7c652b?s=96&d=blank&r=g","contentUrl":"https:\/\/secure.gravatar.com\/avatar\/049821681b589dabc0bc20695993ccebb09f5b5d4d790cd9251b97faac7c652b?s=96&d=blank&r=g","caption":"enequipo"},"sameAs":["https:\/\/www.facebook.com\/SonoraEE"]}]}},"jetpack_featured_media_url":"https:\/\/www.sonoraenequipo.com.mx\/storage\/2024\/10\/me-declare-culpable-de-haber-hecho-periodismo-assange-min.jpg","_links":{"self":[{"href":"https:\/\/www.sonoraenequipo.com.mx\/api\/wp\/v2\/posts\/200405","targetHints":{"allow":["GET"]}}],"collection":[{"href":"https:\/\/www.sonoraenequipo.com.mx\/api\/wp\/v2\/posts"}],"about":[{"href":"https:\/\/www.sonoraenequipo.com.mx\/api\/wp\/v2\/types\/post"}],"author":[{"embeddable":true,"href":"https:\/\/www.sonoraenequipo.com.mx\/api\/wp\/v2\/users\/1"}],"replies":[{"embeddable":true,"href":"https:\/\/www.sonoraenequipo.com.mx\/api\/wp\/v2\/comments?post=200405"}],"version-history":[{"count":1,"href":"https:\/\/www.sonoraenequipo.com.mx\/api\/wp\/v2\/posts\/200405\/revisions"}],"predecessor-version":[{"id":200407,"href":"https:\/\/www.sonoraenequipo.com.mx\/api\/wp\/v2\/posts\/200405\/revisions\/200407"}],"wp:featuredmedia":[{"embeddable":true,"href":"https:\/\/www.sonoraenequipo.com.mx\/api\/wp\/v2\/media\/200406"}],"wp:attachment":[{"href":"https:\/\/www.sonoraenequipo.com.mx\/api\/wp\/v2\/media?parent=200405"}],"wp:term":[{"taxonomy":"category","embeddable":true,"href":"https:\/\/www.sonoraenequipo.com.mx\/api\/wp\/v2\/categories?post=200405"},{"taxonomy":"post_tag","embeddable":true,"href":"https:\/\/www.sonoraenequipo.com.mx\/api\/wp\/v2\/tags?post=200405"}],"curies":[{"name":"wp","href":"https:\/\/api.w.org\/{rel}","templated":true}]}}