{"id":200410,"date":"2024-10-02T16:15:21","date_gmt":"2024-10-02T23:15:21","guid":{"rendered":"https:\/\/www.sonoraenequipo.com.mx\/?p=200410"},"modified":"2024-10-02T16:15:21","modified_gmt":"2024-10-02T23:15:21","slug":"participaran-alumnas-de-cobach-sonora-en-olimpiada-mexicana-de-matematicas","status":"publish","type":"post","link":"https:\/\/www.sonoraenequipo.com.mx\/participaran-alumnas-de-cobach-sonora-en-olimpiada-mexicana-de-matematicas\/","title":{"rendered":"Participar\u00e1n alumnas de Cobach Sonora en Olimpiada Mexicana de Matem\u00e1ticas"},"content":{"rendered":"<p><strong>HERMOSILLO, SONORA, MX.<\/strong> \u2014 Las alumnas Frida Luc\u00eda Ruiz Ochoa, del plantel Eusebio Francisco Kino de Magdalena, as\u00ed como Karla Guadalupe Armenta Noriega y Gabriela Vega Campas, del plantel Navojoa del Colegio de Bachilleres del Estado de Sonora (Cobach), fueron seleccionadas para participar en la 38 Olimpiada Mexicana de Matem\u00e1ticas femenil.<\/p>\n<p>&nbsp;<\/p>\n<p>&nbsp;<\/p>\n<p>&nbsp;<\/p>\n<p>El director general de Cobach, Rodrigo Arturo Rosas Burgos, inform\u00f3 que las estudiantes superaron todas las pruebas en las \u00e1reas de \u00e1lgebra, geometr\u00eda, combinatoria y teor\u00eda de n\u00fameros, para clasificar e integrar la delegaci\u00f3n sonorense que asistir\u00e1 al certamen nacional, de acuerdo con los resultados dados a conocer por el comit\u00e9 organizador de la Olimpiada Estatal 2024.<\/p>\n<p>&nbsp;<\/p>\n<p>&nbsp;<\/p>\n<p>&nbsp;<\/p>\n<p>Destac\u00f3 que Frida Luc\u00eda fue seleccionada por segundo a\u00f1o consecutivo, luego de que en el 2023 tuvo una destacada participaci\u00f3n en la 37 Olimpiada Mexicana de Matem\u00e1ticas en Durango y fue ganadora de medalla de bronce en el tercer Concurso Nacional Femenil de la Olimpiada Mexicana de Matem\u00e1ticas.<\/p>\n<p>&nbsp;<\/p>\n<p>&nbsp;<\/p>\n<p>&nbsp;<\/p>\n<p>Karla Guadalupe repiti\u00f3, por segundo a\u00f1o consecutivo, en junio de este 2024, el logro de obtener una medalla de plata como en el 2023 en el Segundo Concurso Nacional Femenil de la Olimpiada Mexicana de Matem\u00e1ticas en Oaxtepec, Morelos y Ciudad de M\u00e9xico, mencion\u00f3 Rosas Burgos.<\/p>\n<p>&nbsp;<\/p>\n<p>&nbsp;<\/p>\n<p>&nbsp;<\/p>\n<p>Gabriela Vega Campas, a\u00f1adi\u00f3 el directivo, tambi\u00e9n concurs\u00f3 el a\u00f1o pasado y lleg\u00f3 hasta la cuarta etapa de la Olimpiada Estatal de Matem\u00e1ticas 2023.<\/p>\n<p>&nbsp;<\/p>\n<p>&nbsp;<\/p>\n<p>&nbsp;<\/p>\n<p>La delegaci\u00f3n sonorense, integrada por 6 estudiantes, tres de Cobach &#8211; y de otras instituciones educativas-, acudir\u00e1 a entrenamientos en el Departamento de Matem\u00e1ticas de la Universidad de Sonora (Unison) durante todo octubre como parte de su preparaci\u00f3n para el certamen nacional que se realizar\u00e1 en sede y fecha por confirmar.<\/p>\n<p><strong>Fecha de publicaci\u00f3n mi\u00e9rcoles 2 de octubre de 2024<\/strong><\/p>\n<p>&nbsp;<\/p>\n<p>&nbsp;<\/p>\n<p>&nbsp;<\/p>\n","protected":false},"excerpt":{"rendered":"<p>HERMOSILLO, SONORA, MX. \u2014 Las alumnas Frida Luc\u00eda Ruiz Ochoa, del plantel Eusebio Francisco Kino&#8230;<\/p>\n","protected":false},"author":1,"featured_media":200411,"comment_status":"open","ping_status":"open","sticky":false,"template":"","format":"standard","meta":{"_monsterinsights_skip_tracking":false,"_monsterinsights_sitenote_active":false,"_monsterinsights_sitenote_note":"","_monsterinsights_sitenote_category":0,"footnotes":""},"categories":[22],"tags":[10310,3304,3872,7111],"class_list":["post"],"yoast_head":" \n<title>Sonora en Equipo. Participar\u00e1n alumnas de Cobach Sonora en Olimpiada Mexicana de Matem\u00e1ticas Sonora<\/title>\n<meta name=\"description\" content=\"HERMOSILLO, SONORA, MX. \u2014 Las alumnas Frida Luc\u00eda Ruiz Ochoa, del plantel Eusebio Francisco Kino de Magdalena, as\u00ed como Karla Guadalupe Armenta Noriega y En Sonora en Equipo publicamos toda la informaci\u00f3n de Sonora, M\u00e9xico y el Mundo de manera oportuna y busca que la libertad de expresi\u00f3n sea real. Visita nuestro medio informativo publicado desde Hermosillo, Sonora. %\" \/>\n<meta name=\"robots\" content=\"index, follow, max-snippet:-1, max-image-preview:large, max-video-preview:-1\" \/>\n<link rel=\"canonical\" href=\"https:\/\/www.sonoraenequipo.com.mx\/participaran-alumnas-de-cobach-sonora-en-olimpiada-mexicana-de-matematicas\/\" \/>\n<meta property=\"og:locale\" content=\"es_ES\" \/>\n<meta property=\"og:type\" content=\"article\" \/>\n<meta property=\"og:title\" content=\"Sonora en Equipo. Participar\u00e1n alumnas de Cobach Sonora en Olimpiada Mexicana de Matem\u00e1ticas Sonora\" \/>\n<meta property=\"og:description\" content=\"HERMOSILLO, SONORA, MX. \u2014 Las alumnas Frida Luc\u00eda Ruiz Ochoa, del plantel Eusebio Francisco Kino de Magdalena, as\u00ed como Karla Guadalupe Armenta Noriega y En Sonora en Equipo publicamos toda la informaci\u00f3n de Sonora, M\u00e9xico y el Mundo de manera oportuna y busca que la libertad de expresi\u00f3n sea real. Visita nuestro medio informativo publicado desde Hermosillo, Sonora. %\" \/>\n<meta property=\"og:url\" content=\"https:\/\/www.sonoraenequipo.com.mx\/participaran-alumnas-de-cobach-sonora-en-olimpiada-mexicana-de-matematicas\/\" \/>\n<meta property=\"og:site_name\" content=\"Sonora en Equipo.\" \/>\n<meta property=\"article:publisher\" content=\"https:\/\/www.facebook.com\/SonoraEE\/\" \/>\n<meta property=\"article:author\" content=\"https:\/\/www.facebook.com\/SonoraEE\" \/>\n<meta property=\"article:published_time\" content=\"2024-10-02T23:15:21+00:00\" \/>\n<meta property=\"og:image\" content=\"https:\/\/www.sonoraenequipo.com.mx\/storage\/2024\/10\/alumnas.jpg\" \/>\n\t<meta property=\"og:image:width\" content=\"600\" \/>\n\t<meta property=\"og:image:height\" content=\"400\" \/>\n\t<meta property=\"og:image:type\" content=\"image\/jpeg\" \/>\n<meta name=\"author\" content=\"enequipo\" \/>\n<meta name=\"twitter:card\" content=\"summary_large_image\" \/>\n<meta name=\"twitter:creator\" content=\"@sonoraenequipo\" \/>\n<meta name=\"twitter:site\" content=\"@sonoraenequipo\" \/>\n<meta name=\"twitter:label1\" content=\"Escrito por\" \/>\n\t<meta name=\"twitter:data1\" content=\"enequipo\" \/>\n\t<meta name=\"twitter:label2\" content=\"Tiempo de lectura\" \/>\n\t<meta name=\"twitter:data2\" content=\"2 minutos\" \/>\n<script type=\"application\/ld+json\" class=\"yoast-schema-graph\">{\"@context\":\"https:\/\/schema.org\",\"@graph\":[{\"@type\":\"Article\",\"@id\":\"https:\/\/www.sonoraenequipo.com.mx\/participaran-alumnas-de-cobach-sonora-en-olimpiada-mexicana-de-matematicas\/#article\",\"isPartOf\":{\"@id\":\"https:\/\/www.sonoraenequipo.com.mx\/participaran-alumnas-de-cobach-sonora-en-olimpiada-mexicana-de-matematicas\/\"},\"author\":{\"name\":\"enequipo\",\"@id\":\"https:\/\/www.sonoraenequipo.com.mx\/#\/schema\/person\/50102df0fb23a8fa9e8effad8fa81386\"},\"headline\":\"Participar\u00e1n alumnas de Cobach Sonora en Olimpiada Mexicana de Matem\u00e1ticas\",\"datePublished\":\"2024-10-02T23:15:21+00:00\",\"mainEntityOfPage\":{\"@id\":\"https:\/\/www.sonoraenequipo.com.mx\/participaran-alumnas-de-cobach-sonora-en-olimpiada-mexicana-de-matematicas\/\"},\"wordCount\":328,\"commentCount\":0,\"publisher\":{\"@id\":\"https:\/\/www.sonoraenequipo.com.mx\/#organization\"},\"image\":{\"@id\":\"https:\/\/www.sonoraenequipo.com.mx\/participaran-alumnas-de-cobach-sonora-en-olimpiada-mexicana-de-matematicas\/#primaryimage\"},\"thumbnailUrl\":\"https:\/\/www.sonoraenequipo.com.mx\/storage\/2024\/10\/alumnas.jpg\",\"keywords\":[\"alumnas\",\"COBACH\",\"matem\u00e1ticas\",\"olimpiada\"],\"articleSection\":[\"Sonora\"],\"inLanguage\":\"es\",\"potentialAction\":[{\"@type\":\"CommentAction\",\"name\":\"Comment\",\"target\":[\"https:\/\/www.sonoraenequipo.com.mx\/participaran-alumnas-de-cobach-sonora-en-olimpiada-mexicana-de-matematicas\/#respond\"]}]},{\"@type\":\"WebPage\",\"@id\":\"https:\/\/www.sonoraenequipo.com.mx\/participaran-alumnas-de-cobach-sonora-en-olimpiada-mexicana-de-matematicas\/\",\"url\":\"https:\/\/www.sonoraenequipo.com.mx\/participaran-alumnas-de-cobach-sonora-en-olimpiada-mexicana-de-matematicas\/\",\"name\":\"Sonora en Equipo. Participar\u00e1n alumnas de Cobach Sonora en Olimpiada Mexicana de Matem\u00e1ticas Sonora\",\"isPartOf\":{\"@id\":\"https:\/\/www.sonoraenequipo.com.mx\/#website\"},\"primaryImageOfPage\":{\"@id\":\"https:\/\/www.sonoraenequipo.com.mx\/participaran-alumnas-de-cobach-sonora-en-olimpiada-mexicana-de-matematicas\/#primaryimage\"},\"image\":{\"@id\":\"https:\/\/www.sonoraenequipo.com.mx\/participaran-alumnas-de-cobach-sonora-en-olimpiada-mexicana-de-matematicas\/#primaryimage\"},\"thumbnailUrl\":\"https:\/\/www.sonoraenequipo.com.mx\/storage\/2024\/10\/alumnas.jpg\",\"datePublished\":\"2024-10-02T23:15:21+00:00\",\"description\":\"HERMOSILLO, SONORA, MX. \u2014 Las alumnas Frida Luc\u00eda Ruiz Ochoa, del plantel Eusebio Francisco Kino de Magdalena, as\u00ed como Karla Guadalupe Armenta Noriega y En Sonora en Equipo publicamos toda la informaci\u00f3n de Sonora, M\u00e9xico y el Mundo de manera oportuna y busca que la libertad de expresi\u00f3n sea real. Visita nuestro medio informativo publicado desde Hermosillo, Sonora. %\",\"breadcrumb\":{\"@id\":\"https:\/\/www.sonoraenequipo.com.mx\/participaran-alumnas-de-cobach-sonora-en-olimpiada-mexicana-de-matematicas\/#breadcrumb\"},\"inLanguage\":\"es\",\"potentialAction\":[{\"@type\":\"ReadAction\",\"target\":[\"https:\/\/www.sonoraenequipo.com.mx\/participaran-alumnas-de-cobach-sonora-en-olimpiada-mexicana-de-matematicas\/\"]}]},{\"@type\":\"ImageObject\",\"inLanguage\":\"es\",\"@id\":\"https:\/\/www.sonoraenequipo.com.mx\/participaran-alumnas-de-cobach-sonora-en-olimpiada-mexicana-de-matematicas\/#primaryimage\",\"url\":\"https:\/\/www.sonoraenequipo.com.mx\/storage\/2024\/10\/alumnas.jpg\",\"contentUrl\":\"https:\/\/www.sonoraenequipo.com.mx\/storage\/2024\/10\/alumnas.jpg\",\"width\":600,\"height\":400},{\"@type\":\"BreadcrumbList\",\"@id\":\"https:\/\/www.sonoraenequipo.com.mx\/participaran-alumnas-de-cobach-sonora-en-olimpiada-mexicana-de-matematicas\/#breadcrumb\",\"itemListElement\":[{\"@type\":\"ListItem\",\"position\":1,\"name\":\"Portada\",\"item\":\"https:\/\/www.sonoraenequipo.com.mx\/\"},{\"@type\":\"ListItem\",\"position\":2,\"name\":\"Participar\u00e1n alumnas de Cobach Sonora en Olimpiada Mexicana de Matem\u00e1ticas\"}]},{\"@type\":\"WebSite\",\"@id\":\"https:\/\/www.sonoraenequipo.com.mx\/#website\",\"url\":\"https:\/\/www.sonoraenequipo.com.mx\/\",\"name\":\"Sonora en Equipo.\",\"description\":\"Diario en l\u00ednea con Noticias desde Hermosillo, Sonora\",\"publisher\":{\"@id\":\"https:\/\/www.sonoraenequipo.com.mx\/#organization\"},\"potentialAction\":[{\"@type\":\"SearchAction\",\"target\":{\"@type\":\"EntryPoint\",\"urlTemplate\":\"https:\/\/www.sonoraenequipo.com.mx\/?s={search_term_string}\"},\"query-input\":{\"@type\":\"PropertyValueSpecification\",\"valueRequired\":true,\"valueName\":\"search_term_string\"}}],\"inLanguage\":\"es\"},{\"@type\":\"Organization\",\"@id\":\"https:\/\/www.sonoraenequipo.com.mx\/#organization\",\"name\":\"Sonoraenequipo.com.mx\",\"url\":\"https:\/\/www.sonoraenequipo.com.mx\/\",\"logo\":{\"@type\":\"ImageObject\",\"inLanguage\":\"es\",\"@id\":\"https:\/\/www.sonoraenequipo.com.mx\/#\/schema\/logo\/image\/\",\"url\":\"https:\/\/www.sonoraenequipo.com.mx\/storage\/2019\/01\/sonoraenequipo_opt.png\",\"contentUrl\":\"https:\/\/www.sonoraenequipo.com.mx\/storage\/2019\/01\/sonoraenequipo_opt.png\",\"width\":375,\"height\":125,\"caption\":\"Sonoraenequipo.com.mx\"},\"image\":{\"@id\":\"https:\/\/www.sonoraenequipo.com.mx\/#\/schema\/logo\/image\/\"},\"sameAs\":[\"https:\/\/www.facebook.com\/SonoraEE\/\",\"https:\/\/x.com\/sonoraenequipo\",\"https:\/\/www.youtube.com\/channel\/UC338nW-lPEYmJQs4ZABQ1SQ\"]},{\"@type\":\"Person\",\"@id\":\"https:\/\/www.sonoraenequipo.com.mx\/#\/schema\/person\/50102df0fb23a8fa9e8effad8fa81386\",\"name\":\"enequipo\",\"image\":{\"@type\":\"ImageObject\",\"inLanguage\":\"es\",\"@id\":\"https:\/\/www.sonoraenequipo.com.mx\/#\/schema\/person\/image\/\",\"url\":\"https:\/\/secure.gravatar.com\/avatar\/049821681b589dabc0bc20695993ccebb09f5b5d4d790cd9251b97faac7c652b?s=96&d=blank&r=g\",\"contentUrl\":\"https:\/\/secure.gravatar.com\/avatar\/049821681b589dabc0bc20695993ccebb09f5b5d4d790cd9251b97faac7c652b?s=96&d=blank&r=g\",\"caption\":\"enequipo\"},\"sameAs\":[\"https:\/\/www.facebook.com\/SonoraEE\"]}]}<\/script>\n ","yoast_head_json":{"title":"Sonora en Equipo. Participar\u00e1n alumnas de Cobach Sonora en Olimpiada Mexicana de Matem\u00e1ticas Sonora","description":"HERMOSILLO, SONORA, MX. \u2014 Las alumnas Frida Luc\u00eda Ruiz Ochoa, del plantel Eusebio Francisco Kino de Magdalena, as\u00ed como Karla Guadalupe Armenta Noriega y En Sonora en Equipo publicamos toda la informaci\u00f3n de Sonora, M\u00e9xico y el Mundo de manera oportuna y busca que la libertad de expresi\u00f3n sea real. Visita nuestro medio informativo publicado desde Hermosillo, Sonora. %","robots":{"index":"index","follow":"follow","max-snippet":"max-snippet:-1","max-image-preview":"max-image-preview:large","max-video-preview":"max-video-preview:-1"},"canonical":"https:\/\/www.sonoraenequipo.com.mx\/participaran-alumnas-de-cobach-sonora-en-olimpiada-mexicana-de-matematicas\/","og_locale":"es_ES","og_type":"article","og_title":"Sonora en Equipo. Participar\u00e1n alumnas de Cobach Sonora en Olimpiada Mexicana de Matem\u00e1ticas Sonora","og_description":"HERMOSILLO, SONORA, MX. \u2014 Las alumnas Frida Luc\u00eda Ruiz Ochoa, del plantel Eusebio Francisco Kino de Magdalena, as\u00ed como Karla Guadalupe Armenta Noriega y En Sonora en Equipo publicamos toda la informaci\u00f3n de Sonora, M\u00e9xico y el Mundo de manera oportuna y busca que la libertad de expresi\u00f3n sea real. Visita nuestro medio informativo publicado desde Hermosillo, Sonora. %","og_url":"https:\/\/www.sonoraenequipo.com.mx\/participaran-alumnas-de-cobach-sonora-en-olimpiada-mexicana-de-matematicas\/","og_site_name":"Sonora en Equipo.","article_publisher":"https:\/\/www.facebook.com\/SonoraEE\/","article_author":"https:\/\/www.facebook.com\/SonoraEE","article_published_time":"2024-10-02T23:15:21+00:00","og_image":[{"width":600,"height":400,"url":"https:\/\/www.sonoraenequipo.com.mx\/storage\/2024\/10\/alumnas.jpg","type":"image\/jpeg"}],"author":"enequipo","twitter_card":"summary_large_image","twitter_creator":"@sonoraenequipo","twitter_site":"@sonoraenequipo","twitter_misc":{"Escrito por":"enequipo","Tiempo de lectura":"2 minutos"},"schema":{"@context":"https:\/\/schema.org","@graph":[{"@type":"Article","@id":"https:\/\/www.sonoraenequipo.com.mx\/participaran-alumnas-de-cobach-sonora-en-olimpiada-mexicana-de-matematicas\/#article","isPartOf":{"@id":"https:\/\/www.sonoraenequipo.com.mx\/participaran-alumnas-de-cobach-sonora-en-olimpiada-mexicana-de-matematicas\/"},"author":{"name":"enequipo","@id":"https:\/\/www.sonoraenequipo.com.mx\/#\/schema\/person\/50102df0fb23a8fa9e8effad8fa81386"},"headline":"Participar\u00e1n alumnas de Cobach Sonora en Olimpiada Mexicana de Matem\u00e1ticas","datePublished":"2024-10-02T23:15:21+00:00","mainEntityOfPage":{"@id":"https:\/\/www.sonoraenequipo.com.mx\/participaran-alumnas-de-cobach-sonora-en-olimpiada-mexicana-de-matematicas\/"},"wordCount":328,"commentCount":0,"publisher":{"@id":"https:\/\/www.sonoraenequipo.com.mx\/#organization"},"image":{"@id":"https:\/\/www.sonoraenequipo.com.mx\/participaran-alumnas-de-cobach-sonora-en-olimpiada-mexicana-de-matematicas\/#primaryimage"},"thumbnailUrl":"https:\/\/www.sonoraenequipo.com.mx\/storage\/2024\/10\/alumnas.jpg","keywords":["alumnas","COBACH","matem\u00e1ticas","olimpiada"],"articleSection":["Sonora"],"inLanguage":"es","potentialAction":[{"@type":"CommentAction","name":"Comment","target":["https:\/\/www.sonoraenequipo.com.mx\/participaran-alumnas-de-cobach-sonora-en-olimpiada-mexicana-de-matematicas\/#respond"]}]},{"@type":"WebPage","@id":"https:\/\/www.sonoraenequipo.com.mx\/participaran-alumnas-de-cobach-sonora-en-olimpiada-mexicana-de-matematicas\/","url":"https:\/\/www.sonoraenequipo.com.mx\/participaran-alumnas-de-cobach-sonora-en-olimpiada-mexicana-de-matematicas\/","name":"Sonora en Equipo. Participar\u00e1n alumnas de Cobach Sonora en Olimpiada Mexicana de Matem\u00e1ticas Sonora","isPartOf":{"@id":"https:\/\/www.sonoraenequipo.com.mx\/#website"},"primaryImageOfPage":{"@id":"https:\/\/www.sonoraenequipo.com.mx\/participaran-alumnas-de-cobach-sonora-en-olimpiada-mexicana-de-matematicas\/#primaryimage"},"image":{"@id":"https:\/\/www.sonoraenequipo.com.mx\/participaran-alumnas-de-cobach-sonora-en-olimpiada-mexicana-de-matematicas\/#primaryimage"},"thumbnailUrl":"https:\/\/www.sonoraenequipo.com.mx\/storage\/2024\/10\/alumnas.jpg","datePublished":"2024-10-02T23:15:21+00:00","description":"HERMOSILLO, SONORA, MX. \u2014 Las alumnas Frida Luc\u00eda Ruiz Ochoa, del plantel Eusebio Francisco Kino de Magdalena, as\u00ed como Karla Guadalupe Armenta Noriega y En Sonora en Equipo publicamos toda la informaci\u00f3n de Sonora, M\u00e9xico y el Mundo de manera oportuna y busca que la libertad de expresi\u00f3n sea real. Visita nuestro medio informativo publicado desde Hermosillo, Sonora. %","breadcrumb":{"@id":"https:\/\/www.sonoraenequipo.com.mx\/participaran-alumnas-de-cobach-sonora-en-olimpiada-mexicana-de-matematicas\/#breadcrumb"},"inLanguage":"es","potentialAction":[{"@type":"ReadAction","target":["https:\/\/www.sonoraenequipo.com.mx\/participaran-alumnas-de-cobach-sonora-en-olimpiada-mexicana-de-matematicas\/"]}]},{"@type":"ImageObject","inLanguage":"es","@id":"https:\/\/www.sonoraenequipo.com.mx\/participaran-alumnas-de-cobach-sonora-en-olimpiada-mexicana-de-matematicas\/#primaryimage","url":"https:\/\/www.sonoraenequipo.com.mx\/storage\/2024\/10\/alumnas.jpg","contentUrl":"https:\/\/www.sonoraenequipo.com.mx\/storage\/2024\/10\/alumnas.jpg","width":600,"height":400},{"@type":"BreadcrumbList","@id":"https:\/\/www.sonoraenequipo.com.mx\/participaran-alumnas-de-cobach-sonora-en-olimpiada-mexicana-de-matematicas\/#breadcrumb","itemListElement":[{"@type":"ListItem","position":1,"name":"Portada","item":"https:\/\/www.sonoraenequipo.com.mx\/"},{"@type":"ListItem","position":2,"name":"Participar\u00e1n alumnas de Cobach Sonora en Olimpiada Mexicana de Matem\u00e1ticas"}]},{"@type":"WebSite","@id":"https:\/\/www.sonoraenequipo.com.mx\/#website","url":"https:\/\/www.sonoraenequipo.com.mx\/","name":"Sonora en Equipo.","description":"Diario en l\u00ednea con Noticias desde Hermosillo, Sonora","publisher":{"@id":"https:\/\/www.sonoraenequipo.com.mx\/#organization"},"potentialAction":[{"@type":"SearchAction","target":{"@type":"EntryPoint","urlTemplate":"https:\/\/www.sonoraenequipo.com.mx\/?s={search_term_string}"},"query-input":{"@type":"PropertyValueSpecification","valueRequired":true,"valueName":"search_term_string"}}],"inLanguage":"es"},{"@type":"Organization","@id":"https:\/\/www.sonoraenequipo.com.mx\/#organization","name":"Sonoraenequipo.com.mx","url":"https:\/\/www.sonoraenequipo.com.mx\/","logo":{"@type":"ImageObject","inLanguage":"es","@id":"https:\/\/www.sonoraenequipo.com.mx\/#\/schema\/logo\/image\/","url":"https:\/\/www.sonoraenequipo.com.mx\/storage\/2019\/01\/sonoraenequipo_opt.png","contentUrl":"https:\/\/www.sonoraenequipo.com.mx\/storage\/2019\/01\/sonoraenequipo_opt.png","width":375,"height":125,"caption":"Sonoraenequipo.com.mx"},"image":{"@id":"https:\/\/www.sonoraenequipo.com.mx\/#\/schema\/logo\/image\/"},"sameAs":["https:\/\/www.facebook.com\/SonoraEE\/","https:\/\/x.com\/sonoraenequipo","https:\/\/www.youtube.com\/channel\/UC338nW-lPEYmJQs4ZABQ1SQ"]},{"@type":"Person","@id":"https:\/\/www.sonoraenequipo.com.mx\/#\/schema\/person\/50102df0fb23a8fa9e8effad8fa81386","name":"enequipo","image":{"@type":"ImageObject","inLanguage":"es","@id":"https:\/\/www.sonoraenequipo.com.mx\/#\/schema\/person\/image\/","url":"https:\/\/secure.gravatar.com\/avatar\/049821681b589dabc0bc20695993ccebb09f5b5d4d790cd9251b97faac7c652b?s=96&d=blank&r=g","contentUrl":"https:\/\/secure.gravatar.com\/avatar\/049821681b589dabc0bc20695993ccebb09f5b5d4d790cd9251b97faac7c652b?s=96&d=blank&r=g","caption":"enequipo"},"sameAs":["https:\/\/www.facebook.com\/SonoraEE"]}]}},"jetpack_featured_media_url":"https:\/\/www.sonoraenequipo.com.mx\/storage\/2024\/10\/alumnas.jpg","_links":{"self":[{"href":"https:\/\/www.sonoraenequipo.com.mx\/api\/wp\/v2\/posts\/200410","targetHints":{"allow":["GET"]}}],"collection":[{"href":"https:\/\/www.sonoraenequipo.com.mx\/api\/wp\/v2\/posts"}],"about":[{"href":"https:\/\/www.sonoraenequipo.com.mx\/api\/wp\/v2\/types\/post"}],"author":[{"embeddable":true,"href":"https:\/\/www.sonoraenequipo.com.mx\/api\/wp\/v2\/users\/1"}],"replies":[{"embeddable":true,"href":"https:\/\/www.sonoraenequipo.com.mx\/api\/wp\/v2\/comments?post=200410"}],"version-history":[{"count":1,"href":"https:\/\/www.sonoraenequipo.com.mx\/api\/wp\/v2\/posts\/200410\/revisions"}],"predecessor-version":[{"id":200412,"href":"https:\/\/www.sonoraenequipo.com.mx\/api\/wp\/v2\/posts\/200410\/revisions\/200412"}],"wp:featuredmedia":[{"embeddable":true,"href":"https:\/\/www.sonoraenequipo.com.mx\/api\/wp\/v2\/media\/200411"}],"wp:attachment":[{"href":"https:\/\/www.sonoraenequipo.com.mx\/api\/wp\/v2\/media?parent=200410"}],"wp:term":[{"taxonomy":"category","embeddable":true,"href":"https:\/\/www.sonoraenequipo.com.mx\/api\/wp\/v2\/categories?post=200410"},{"taxonomy":"post_tag","embeddable":true,"href":"https:\/\/www.sonoraenequipo.com.mx\/api\/wp\/v2\/tags?post=200410"}],"curies":[{"name":"wp","href":"https:\/\/api.w.org\/{rel}","templated":true}]}}