{"id":200413,"date":"2024-10-02T16:19:47","date_gmt":"2024-10-02T23:19:47","guid":{"rendered":"https:\/\/www.sonoraenequipo.com.mx\/?p=200413"},"modified":"2024-10-02T16:19:47","modified_gmt":"2024-10-02T23:19:47","slug":"claudia-sheinbaum-reconoce-como-crimen-de-lesa-humanidad-la-matanza-estudiantil-del-2-de-octubre-de-1968","status":"publish","type":"post","link":"https:\/\/www.sonoraenequipo.com.mx\/claudia-sheinbaum-reconoce-como-crimen-de-lesa-humanidad-la-matanza-estudiantil-del-2-de-octubre-de-1968\/","title":{"rendered":"Claudia Sheinbaum reconoce como crimen de lesa humanidad la matanza estudiantil del 2 de octubre de 1968"},"content":{"rendered":"<p><strong>CIUDAD DE M\u00c9XICO.<\/strong><strong> \u0336 \u0336\u00a0 <\/strong>La Presidenta Constitucional de los Estados Unidos Mexicanos, Claudia Sheinbaum Pardo, firm\u00f3 el acuerdo por el cual, en nombre y representaci\u00f3n del Estado mexicano, se reconoce pol\u00edticamente que los actos de violencia gubernamental perpetrados el 2 de octubre de 1968 contra integrantes del movimiento estudiantil fueron constitutivos de un crimen de lesa humanidad y por el cual se ofrece una disculpa p\u00fablica a las v\u00edctimas, a sus familiares y a la sociedad mexicana en su conjunto.<\/p>\n<p>&nbsp;<\/p>\n<p>\u00bbHace 56 a\u00f1os en la plaza de Tlatelolco, despu\u00e9s de un movimiento estudiantil que lo que ped\u00eda era libertad, democracia, libertad de los presos pol\u00edticos, fue perpetrada una de las mayores atrocidades que se vivi\u00f3 en M\u00e9xico en la segunda mitad del siglo XX: fue ordenado por el entonces presidente de la Rep\u00fablica, D\u00edaz Ordaz, comandante en jefe de las Fuerzas Armadas, la represi\u00f3n contra estudiantes que, en libertad y pidiendo di\u00e1logo p\u00fablico que hab\u00eda sido ofrecido, fueron asesinados, encarcelados\u00bb.<\/p>\n<p>&nbsp;<\/p>\n<p>\u00bb(\u2026) es algo con lo que crecimos muy doloroso, pero al mismo tiempo el movimiento estudiantil de 1968 abri\u00f3 la puerta de la participaci\u00f3n pol\u00edtica de much\u00edsimos j\u00f3venes y de la sociedad en su conjunto, para un pa\u00eds m\u00e1s democr\u00e1tico\u00bb, expuso durante su primera conferencia matutina: \u201cLas ma\u00f1aneras del pueblo\u201d.<\/p>\n<p>&nbsp;<\/p>\n<p>Por ello, resalt\u00f3 que ofrecer disculpas a quienes fueron v\u00edctimas de los cr\u00edmenes cometidos contra los participantes del movimiento estudiantil de 1968 es una acci\u00f3n que engrandece a los pueblos y que garantiza la no repetici\u00f3n.<\/p>\n<p>\u00bbLa disculpa p\u00fablica es algo que inici\u00f3 con el Presidente Andr\u00e9s Manuel L\u00f3pez Obrador y que nosotros le vamos a dar continuidad. Las disculpas p\u00fablicas de un crimen de lesa humanidad -como fue el caso de los pueblos yaquis y otros casos que hizo el presidente-, engrandece a los pueblos, reconoce cr\u00edmenes como este y, al mismo tiempo, pone un alto y dice: &#8216;Nunca m\u00e1s&#8217;\u201d, manifest\u00f3.<\/p>\n<p>&nbsp;<\/p>\n<p>La Presidenta de M\u00e9xico reconoci\u00f3 en la firma de este acuerdo su historia personal con el movimiento estudiantil, del cual su madre form\u00f3 parte, lo que fungi\u00f3 como la base de su trayectoria como luchadora social.<\/p>\n<p>&nbsp;<\/p>\n<p>\u2019\u2019Personalmente, para m\u00ed es una obligaci\u00f3n el d\u00eda de hoy. He dicho en otras ocasiones que soy hija del 68: mi madre particip\u00f3 en ese movimiento estudiantil, era profesora del Instituto Polit\u00e9cnico Nacional, ella particip\u00f3 durante todo el movimiento como profesora ayudando a los estudiantes; despu\u00e9s, fue expulsada del Polit\u00e9cnico Nacional por haber participado ella (&#8230;) Y nosotros como hijos, yo ten\u00eda 6 a\u00f1os solamente, pero para nosotros en la familia fue algo que vivimos personalmente. Yo fui a visitar, cuando ten\u00eda siete a\u00f1os, a Pablo [G\u00f3mez \u00c1lvarez] y a otros presos a Lecumberri\u00bb, record\u00f3.<\/p>\n<p>&nbsp;<\/p>\n<p>Por lo anterior, durante la conferencia matutina: \u00bbLas ma\u00f1aneras del pueblo\u00bb, la consejera jur\u00eddica del Ejecutivo Federal, Ernestina Godoy Ramos, dio lectura a los considerandos del acuerdo.<\/p>\n<p>&nbsp;<\/p>\n<p>&gt; \u00bbQue asimismo, en reconocimiento al hecho de que el movimiento estudiantil y popular fue precursor del proceso de democratizaci\u00f3n y expansi\u00f3n de las libertades democr\u00e1ticas que se vive actualmente en nuestro pa\u00eds, en diversos recintos legislativos se ha inscrito leyendas y en muros de honor. Que, para contribuir a la verdad y la preservaci\u00f3n de la memoria hist\u00f3rica en torno a esta masacre, y en vista de que hasta ahora no ha existido un reconocimiento pol\u00edtico expreso y formal de responsabilidad por parte del Estado Mexicano, he tenido a bien a expedir el siguiente acuerdo:\u201d<\/p>\n<p>&nbsp;<\/p>\n<p>&gt; Art\u00edculo 1\u00b0. En nombre y representaci\u00f3n del Estado Mexicano se reconoce pol\u00edticamente que los actos de violencia gubernamental perpetrados el 2 de octubre de 1968 en contra de integrantes del heroico movimiento estudiantil fueron constitutivos de un crimen de lesa humanidad, como fue reconocido por el entonces presidente de la Rep\u00fablica y comandante supremo de las Fuerzas Armadas, Gustavo D\u00edaz Ordaz, durante la lectura de su 5\u00b0 informe de gobierno. Textual dijo: &#8216;Por mi parte, asumo \u00edntegramente la responsabilidad: personal, \u00e9tica, social, jur\u00eddica, pol\u00edtica e hist\u00f3rica por las decisiones del gobierno en relaci\u00f3n con los sucesos del a\u00f1o pasado&#8217;. &gt; Art\u00edculo 2\u00b0. Se instruye a la titular de la Secretar\u00eda de Gobernaci\u00f3n para que, en nombre y representaci\u00f3n del Estado mexicano se ofrezca una disculpa p\u00fablica por esa grave atrocidad gubernamental a las v\u00edctimas, a sus familiares y a la sociedad mexicana en su conjunto.<\/p>\n<p>&nbsp;<\/p>\n<p>&gt; Art\u00edculo 3\u00b0. En nombre y representaci\u00f3n del Estado mexicano, el Ejecutivo federal a mi cargo se compromete a garantizar la no repetici\u00f3n de atrocidades como a las que se refiere el presente acuerdo, actos de represi\u00f3n, actos de privaci\u00f3n ilegal de la libertad, uso de las Fuerzas Armadas contra la poblaci\u00f3n, utilizaci\u00f3n de c\u00e1rceles clandestinas, tortura u otros tratos crueles, inhumanos o degradantes o a la anuencia del Estado para destruir o exterminar a un grupo de la poblaci\u00f3n mexicana.<\/p>\n<p>&nbsp;<\/p>\n<p>&gt; Art\u00edculo 4\u00b0. Quedan a salvo los derechos que legalmente les asisten a las v\u00edctimas y a sus familiares.<\/p>\n<p>&nbsp;<\/p>\n<p>&gt; Art\u00edculo 5\u00b0. Este reconocimiento pol\u00edtico servir\u00e1 para la materializaci\u00f3n de actos subsecuentes de impulso a la justicia, la preservaci\u00f3n de la memoria hist\u00f3rica y la no repetici\u00f3n de los hechos.<\/p>\n<p>&nbsp;<\/p>\n<p>&gt; Art\u00edculo 6\u00b0. En mi calidad de comandanta suprema de las Fuerzas Armadas, asumo el compromiso solemne y girar\u00e9 las correspondientes \u00f3rdenes formales para que sus estructuras y elementos nunca m\u00e1s sean utilizados para atacar o reprimir al pueblo de M\u00e9xico. Y que se fortalezca la formaci\u00f3n en derechos humanos y construcci\u00f3n de paz, se asuma el reconocimiento de los hechos hist\u00f3ricos aqu\u00ed mencionados y se garantice su no repetici\u00f3n.<\/p>\n<p>En consecuencia, la titular de la Secretar\u00eda de Gobernaci\u00f3n (Segob), Rosa Icela Rodr\u00edguez Vel\u00e1zquez, ofreci\u00f3 una disculpa p\u00fablica a las familias y a las v\u00edctimas por los actos de violencia cometidos el 2 de octubre de 1968.<\/p>\n<p>&nbsp;<\/p>\n<p>\u201cEn cumplimiento a la instrucci\u00f3n de la presidenta de la Rep\u00fablica, Claudia Sheinbaum Pardo, y con la convicci\u00f3n de la responsabilidad hist\u00f3rica que han otorgado a este gobierno millones de mexicanas y mexicanos, me dirijo a ustedes para pronunciarnos en nombre del Estado mexicano por los actos de violencia cometidos el 2 de octubre de 1968\u2019\u2019. \u201cEste crimen de lesa humanidad fue ideado, ejecutado y encubierto desde la m\u00e1s alta autoridad del poder p\u00fablico y su responsabilidad principal recay\u00f3 en el entonces presidente de la Rep\u00fablica, Gustavo D\u00edaz Ordaz. Se trat\u00f3 de un reprobable acto de represi\u00f3n estudiantil y social que tuvo como consecuencia decenas de muertos, heridos, detenidos extrajudicialmente y torturados. Con la masacre de Tlatelolco se dej\u00f3 ver el agotamiento del Estado represor vertical y autoritario, que us\u00f3 la fuerza de sus instituciones en contra del pueblo. Hoy, en este acto, nos dirigimos a las madres, a los padres, a los hermanos, a las familias y tambi\u00e9n a los sobrevivientes de aquel oscuro periodo, pues son ellos quienes se encargaron de mantener viva la memoria de aquellas atrocidades y continuar con la lucha y la exigencia de justicia\u201d, manifest\u00f3.<\/p>\n<p>&nbsp;<\/p>\n<p>Por lo cual, dijo, como gobierno de la transformaci\u00f3n se tiene la responsabilidad de garantizar que se reconozcan los cr\u00edmenes perpetrados hace 56 a\u00f1os y, por ese motivo, el Estado mexicano ofrece una sentida disculpa p\u00fablica \u201ca todas las personas que perdieron a un ser querido o a quienes fueron v\u00edctimas de los cr\u00edmenes de lesa humanidad cometidos la noche del 2 de octubre de 1968. Hechos como este no pueden volver a repetirse\u201d.<\/p>\n<p>&nbsp;<\/p>\n<p>Al respecto, el titular de la Unidad de Inteligencia Financiera (UIF) y sobreviviente de 1968, Pablo G\u00f3mez \u00c1lvarez, subray\u00f3 que el movimiento estudiantil de hace 56 a\u00f1os sigue vigente gracias a que el mensaje a favor de la democracia y de las libertades contin\u00faa haciendo eco, pero ahora desde la Cuarta Transformaci\u00f3n.<\/p>\n<p>&nbsp;<\/p>\n<p>\u201cMuchos recogieron el mensaje y el objetivo del movimiento, las libertades democr\u00e1ticas. Parte de quienes recogieron y han venido recogiendo desde entonces ese mensaje, esa pr\u00e1ctica, esa rebeld\u00eda, esa lucha, es la Cuarta Transformaci\u00f3n, es la fuerza pol\u00edtica mayoritaria del pa\u00eds, porque la Cuarta T proviene en gran medida del mensaje, de la acci\u00f3n, de la pr\u00e1ctica y de la continuidad del movimiento estudiantil de 1968, que estar\u00e1 no s\u00f3lo como parte de la historia formal, sino tambi\u00e9n continuar\u00e1 en la memoria de las siguientes generaciones de mexicanas y mexicanos\u00bb, expres\u00f3.<\/p>\n<p>&nbsp;<\/p>\n<p>El Acuerdo por el que se reconoce que la matanza estudiantil del 2 de octubre de 1968 constituy\u00f3 un crimen de lesa humanidad, fue publicado este mi\u00e9rcoles 2 de octubre y se puede consultar en el siguiente enlace: <a href=\"https:\/\/bit.ly\/47ONlr6\">https:\/\/bit.ly\/47ONlr6<\/a>.<\/p>\n<p><strong>Fecha de publicaci\u00f3n mi\u00e9rcoles 2 de octubre de 2024<\/strong><\/p>\n<p>&nbsp;<\/p>\n<p>&nbsp;<\/p>\n<p>&nbsp;<\/p>\n","protected":false},"excerpt":{"rendered":"<p>CIUDAD DE M\u00c9XICO. \u0336 \u0336\u00a0 La Presidenta Constitucional de los Estados Unidos Mexicanos, Claudia Sheinbaum&#8230;<\/p>\n","protected":false},"author":1,"featured_media":200414,"comment_status":"open","ping_status":"open","sticky":false,"template":"","format":"standard","meta":{"_monsterinsights_skip_tracking":false,"_monsterinsights_sitenote_active":false,"_monsterinsights_sitenote_note":"","_monsterinsights_sitenote_category":0,"footnotes":""},"categories":[5],"tags":[10311,2432,10312],"class_list":["post"],"yoast_head":" \n<title>Sonora en Equipo. Claudia Sheinbaum reconoce como crimen de lesa humanidad la matanza estudiantil del 2 de octubre de 1968 Rep\u00fablica<\/title>\n<meta name=\"description\" content=\"CIUDAD DE M\u00c9XICO. \u0336 \u0336\u00a0 La Presidenta Constitucional de los Estados Unidos Mexicanos, Claudia Sheinbaum Pardo, firm\u00f3 el acuerdo por el cual, en nombre y En Sonora en Equipo publicamos toda la informaci\u00f3n de Sonora, M\u00e9xico y el Mundo de manera oportuna y busca que la libertad de expresi\u00f3n sea real. Visita nuestro medio informativo publicado desde Hermosillo, Sonora. %\" \/>\n<meta name=\"robots\" content=\"index, follow, max-snippet:-1, max-image-preview:large, max-video-preview:-1\" \/>\n<link rel=\"canonical\" href=\"https:\/\/www.sonoraenequipo.com.mx\/claudia-sheinbaum-reconoce-como-crimen-de-lesa-humanidad-la-matanza-estudiantil-del-2-de-octubre-de-1968\/\" \/>\n<meta property=\"og:locale\" content=\"es_ES\" \/>\n<meta property=\"og:type\" content=\"article\" \/>\n<meta property=\"og:title\" content=\"Sonora en Equipo. Claudia Sheinbaum reconoce como crimen de lesa humanidad la matanza estudiantil del 2 de octubre de 1968 Rep\u00fablica\" \/>\n<meta property=\"og:description\" content=\"CIUDAD DE M\u00c9XICO. \u0336 \u0336\u00a0 La Presidenta Constitucional de los Estados Unidos Mexicanos, Claudia Sheinbaum Pardo, firm\u00f3 el acuerdo por el cual, en nombre y En Sonora en Equipo publicamos toda la informaci\u00f3n de Sonora, M\u00e9xico y el Mundo de manera oportuna y busca que la libertad de expresi\u00f3n sea real. Visita nuestro medio informativo publicado desde Hermosillo, Sonora. %\" \/>\n<meta property=\"og:url\" content=\"https:\/\/www.sonoraenequipo.com.mx\/claudia-sheinbaum-reconoce-como-crimen-de-lesa-humanidad-la-matanza-estudiantil-del-2-de-octubre-de-1968\/\" \/>\n<meta property=\"og:site_name\" content=\"Sonora en Equipo.\" \/>\n<meta property=\"article:publisher\" content=\"https:\/\/www.facebook.com\/SonoraEE\/\" \/>\n<meta property=\"article:author\" content=\"https:\/\/www.facebook.com\/SonoraEE\" \/>\n<meta property=\"article:published_time\" content=\"2024-10-02T23:19:47+00:00\" \/>\n<meta property=\"og:image\" content=\"https:\/\/www.sonoraenequipo.com.mx\/storage\/2024\/10\/Sin-titulo-1.jpg\" \/>\n\t<meta property=\"og:image:width\" content=\"600\" \/>\n\t<meta property=\"og:image:height\" content=\"400\" \/>\n\t<meta property=\"og:image:type\" content=\"image\/jpeg\" \/>\n<meta name=\"author\" content=\"enequipo\" \/>\n<meta name=\"twitter:card\" content=\"summary_large_image\" \/>\n<meta name=\"twitter:creator\" content=\"@sonoraenequipo\" \/>\n<meta name=\"twitter:site\" content=\"@sonoraenequipo\" \/>\n<meta name=\"twitter:label1\" content=\"Escrito por\" \/>\n\t<meta name=\"twitter:data1\" content=\"enequipo\" \/>\n\t<meta name=\"twitter:label2\" content=\"Tiempo de lectura\" \/>\n\t<meta name=\"twitter:data2\" content=\"8 minutos\" \/>\n<script type=\"application\/ld+json\" class=\"yoast-schema-graph\">{\"@context\":\"https:\/\/schema.org\",\"@graph\":[{\"@type\":\"Article\",\"@id\":\"https:\/\/www.sonoraenequipo.com.mx\/claudia-sheinbaum-reconoce-como-crimen-de-lesa-humanidad-la-matanza-estudiantil-del-2-de-octubre-de-1968\/#article\",\"isPartOf\":{\"@id\":\"https:\/\/www.sonoraenequipo.com.mx\/claudia-sheinbaum-reconoce-como-crimen-de-lesa-humanidad-la-matanza-estudiantil-del-2-de-octubre-de-1968\/\"},\"author\":{\"name\":\"enequipo\",\"@id\":\"https:\/\/www.sonoraenequipo.com.mx\/#\/schema\/person\/50102df0fb23a8fa9e8effad8fa81386\"},\"headline\":\"Claudia Sheinbaum reconoce como crimen de lesa humanidad la matanza estudiantil del 2 de octubre de 1968\",\"datePublished\":\"2024-10-02T23:19:47+00:00\",\"mainEntityOfPage\":{\"@id\":\"https:\/\/www.sonoraenequipo.com.mx\/claudia-sheinbaum-reconoce-como-crimen-de-lesa-humanidad-la-matanza-estudiantil-del-2-de-octubre-de-1968\/\"},\"wordCount\":1543,\"commentCount\":0,\"publisher\":{\"@id\":\"https:\/\/www.sonoraenequipo.com.mx\/#organization\"},\"image\":{\"@id\":\"https:\/\/www.sonoraenequipo.com.mx\/claudia-sheinbaum-reconoce-como-crimen-de-lesa-humanidad-la-matanza-estudiantil-del-2-de-octubre-de-1968\/#primaryimage\"},\"thumbnailUrl\":\"https:\/\/www.sonoraenequipo.com.mx\/storage\/2024\/10\/Sin-titulo-1.jpg\",\"keywords\":[\"2\",\"Claudia Sheinbaum\",\"octubre68\"],\"articleSection\":[\"Rep\u00fablica\"],\"inLanguage\":\"es\",\"potentialAction\":[{\"@type\":\"CommentAction\",\"name\":\"Comment\",\"target\":[\"https:\/\/www.sonoraenequipo.com.mx\/claudia-sheinbaum-reconoce-como-crimen-de-lesa-humanidad-la-matanza-estudiantil-del-2-de-octubre-de-1968\/#respond\"]}]},{\"@type\":\"WebPage\",\"@id\":\"https:\/\/www.sonoraenequipo.com.mx\/claudia-sheinbaum-reconoce-como-crimen-de-lesa-humanidad-la-matanza-estudiantil-del-2-de-octubre-de-1968\/\",\"url\":\"https:\/\/www.sonoraenequipo.com.mx\/claudia-sheinbaum-reconoce-como-crimen-de-lesa-humanidad-la-matanza-estudiantil-del-2-de-octubre-de-1968\/\",\"name\":\"Sonora en Equipo. Claudia Sheinbaum reconoce como crimen de lesa humanidad la matanza estudiantil del 2 de octubre de 1968 Rep\u00fablica\",\"isPartOf\":{\"@id\":\"https:\/\/www.sonoraenequipo.com.mx\/#website\"},\"primaryImageOfPage\":{\"@id\":\"https:\/\/www.sonoraenequipo.com.mx\/claudia-sheinbaum-reconoce-como-crimen-de-lesa-humanidad-la-matanza-estudiantil-del-2-de-octubre-de-1968\/#primaryimage\"},\"image\":{\"@id\":\"https:\/\/www.sonoraenequipo.com.mx\/claudia-sheinbaum-reconoce-como-crimen-de-lesa-humanidad-la-matanza-estudiantil-del-2-de-octubre-de-1968\/#primaryimage\"},\"thumbnailUrl\":\"https:\/\/www.sonoraenequipo.com.mx\/storage\/2024\/10\/Sin-titulo-1.jpg\",\"datePublished\":\"2024-10-02T23:19:47+00:00\",\"description\":\"CIUDAD DE M\u00c9XICO. \u0336 \u0336\u00a0 La Presidenta Constitucional de los Estados Unidos Mexicanos, Claudia Sheinbaum Pardo, firm\u00f3 el acuerdo por el cual, en nombre y En Sonora en Equipo publicamos toda la informaci\u00f3n de Sonora, M\u00e9xico y el Mundo de manera oportuna y busca que la libertad de expresi\u00f3n sea real. Visita nuestro medio informativo publicado desde Hermosillo, Sonora. %\",\"breadcrumb\":{\"@id\":\"https:\/\/www.sonoraenequipo.com.mx\/claudia-sheinbaum-reconoce-como-crimen-de-lesa-humanidad-la-matanza-estudiantil-del-2-de-octubre-de-1968\/#breadcrumb\"},\"inLanguage\":\"es\",\"potentialAction\":[{\"@type\":\"ReadAction\",\"target\":[\"https:\/\/www.sonoraenequipo.com.mx\/claudia-sheinbaum-reconoce-como-crimen-de-lesa-humanidad-la-matanza-estudiantil-del-2-de-octubre-de-1968\/\"]}]},{\"@type\":\"ImageObject\",\"inLanguage\":\"es\",\"@id\":\"https:\/\/www.sonoraenequipo.com.mx\/claudia-sheinbaum-reconoce-como-crimen-de-lesa-humanidad-la-matanza-estudiantil-del-2-de-octubre-de-1968\/#primaryimage\",\"url\":\"https:\/\/www.sonoraenequipo.com.mx\/storage\/2024\/10\/Sin-titulo-1.jpg\",\"contentUrl\":\"https:\/\/www.sonoraenequipo.com.mx\/storage\/2024\/10\/Sin-titulo-1.jpg\",\"width\":600,\"height\":400},{\"@type\":\"BreadcrumbList\",\"@id\":\"https:\/\/www.sonoraenequipo.com.mx\/claudia-sheinbaum-reconoce-como-crimen-de-lesa-humanidad-la-matanza-estudiantil-del-2-de-octubre-de-1968\/#breadcrumb\",\"itemListElement\":[{\"@type\":\"ListItem\",\"position\":1,\"name\":\"Portada\",\"item\":\"https:\/\/www.sonoraenequipo.com.mx\/\"},{\"@type\":\"ListItem\",\"position\":2,\"name\":\"Claudia Sheinbaum reconoce como crimen de lesa humanidad la matanza estudiantil del 2 de octubre de 1968\"}]},{\"@type\":\"WebSite\",\"@id\":\"https:\/\/www.sonoraenequipo.com.mx\/#website\",\"url\":\"https:\/\/www.sonoraenequipo.com.mx\/\",\"name\":\"Sonora en Equipo.\",\"description\":\"Diario en l\u00ednea con Noticias desde Hermosillo, Sonora\",\"publisher\":{\"@id\":\"https:\/\/www.sonoraenequipo.com.mx\/#organization\"},\"potentialAction\":[{\"@type\":\"SearchAction\",\"target\":{\"@type\":\"EntryPoint\",\"urlTemplate\":\"https:\/\/www.sonoraenequipo.com.mx\/?s={search_term_string}\"},\"query-input\":{\"@type\":\"PropertyValueSpecification\",\"valueRequired\":true,\"valueName\":\"search_term_string\"}}],\"inLanguage\":\"es\"},{\"@type\":\"Organization\",\"@id\":\"https:\/\/www.sonoraenequipo.com.mx\/#organization\",\"name\":\"Sonoraenequipo.com.mx\",\"url\":\"https:\/\/www.sonoraenequipo.com.mx\/\",\"logo\":{\"@type\":\"ImageObject\",\"inLanguage\":\"es\",\"@id\":\"https:\/\/www.sonoraenequipo.com.mx\/#\/schema\/logo\/image\/\",\"url\":\"https:\/\/www.sonoraenequipo.com.mx\/storage\/2019\/01\/sonoraenequipo_opt.png\",\"contentUrl\":\"https:\/\/www.sonoraenequipo.com.mx\/storage\/2019\/01\/sonoraenequipo_opt.png\",\"width\":375,\"height\":125,\"caption\":\"Sonoraenequipo.com.mx\"},\"image\":{\"@id\":\"https:\/\/www.sonoraenequipo.com.mx\/#\/schema\/logo\/image\/\"},\"sameAs\":[\"https:\/\/www.facebook.com\/SonoraEE\/\",\"https:\/\/x.com\/sonoraenequipo\",\"https:\/\/www.youtube.com\/channel\/UC338nW-lPEYmJQs4ZABQ1SQ\"]},{\"@type\":\"Person\",\"@id\":\"https:\/\/www.sonoraenequipo.com.mx\/#\/schema\/person\/50102df0fb23a8fa9e8effad8fa81386\",\"name\":\"enequipo\",\"image\":{\"@type\":\"ImageObject\",\"inLanguage\":\"es\",\"@id\":\"https:\/\/www.sonoraenequipo.com.mx\/#\/schema\/person\/image\/\",\"url\":\"https:\/\/secure.gravatar.com\/avatar\/049821681b589dabc0bc20695993ccebb09f5b5d4d790cd9251b97faac7c652b?s=96&d=blank&r=g\",\"contentUrl\":\"https:\/\/secure.gravatar.com\/avatar\/049821681b589dabc0bc20695993ccebb09f5b5d4d790cd9251b97faac7c652b?s=96&d=blank&r=g\",\"caption\":\"enequipo\"},\"sameAs\":[\"https:\/\/www.facebook.com\/SonoraEE\"]}]}<\/script>\n ","yoast_head_json":{"title":"Sonora en Equipo. Claudia Sheinbaum reconoce como crimen de lesa humanidad la matanza estudiantil del 2 de octubre de 1968 Rep\u00fablica","description":"CIUDAD DE M\u00c9XICO. \u0336 \u0336\u00a0 La Presidenta Constitucional de los Estados Unidos Mexicanos, Claudia Sheinbaum Pardo, firm\u00f3 el acuerdo por el cual, en nombre y En Sonora en Equipo publicamos toda la informaci\u00f3n de Sonora, M\u00e9xico y el Mundo de manera oportuna y busca que la libertad de expresi\u00f3n sea real. Visita nuestro medio informativo publicado desde Hermosillo, Sonora. %","robots":{"index":"index","follow":"follow","max-snippet":"max-snippet:-1","max-image-preview":"max-image-preview:large","max-video-preview":"max-video-preview:-1"},"canonical":"https:\/\/www.sonoraenequipo.com.mx\/claudia-sheinbaum-reconoce-como-crimen-de-lesa-humanidad-la-matanza-estudiantil-del-2-de-octubre-de-1968\/","og_locale":"es_ES","og_type":"article","og_title":"Sonora en Equipo. Claudia Sheinbaum reconoce como crimen de lesa humanidad la matanza estudiantil del 2 de octubre de 1968 Rep\u00fablica","og_description":"CIUDAD DE M\u00c9XICO. \u0336 \u0336\u00a0 La Presidenta Constitucional de los Estados Unidos Mexicanos, Claudia Sheinbaum Pardo, firm\u00f3 el acuerdo por el cual, en nombre y En Sonora en Equipo publicamos toda la informaci\u00f3n de Sonora, M\u00e9xico y el Mundo de manera oportuna y busca que la libertad de expresi\u00f3n sea real. Visita nuestro medio informativo publicado desde Hermosillo, Sonora. %","og_url":"https:\/\/www.sonoraenequipo.com.mx\/claudia-sheinbaum-reconoce-como-crimen-de-lesa-humanidad-la-matanza-estudiantil-del-2-de-octubre-de-1968\/","og_site_name":"Sonora en Equipo.","article_publisher":"https:\/\/www.facebook.com\/SonoraEE\/","article_author":"https:\/\/www.facebook.com\/SonoraEE","article_published_time":"2024-10-02T23:19:47+00:00","og_image":[{"width":600,"height":400,"url":"https:\/\/www.sonoraenequipo.com.mx\/storage\/2024\/10\/Sin-titulo-1.jpg","type":"image\/jpeg"}],"author":"enequipo","twitter_card":"summary_large_image","twitter_creator":"@sonoraenequipo","twitter_site":"@sonoraenequipo","twitter_misc":{"Escrito por":"enequipo","Tiempo de lectura":"8 minutos"},"schema":{"@context":"https:\/\/schema.org","@graph":[{"@type":"Article","@id":"https:\/\/www.sonoraenequipo.com.mx\/claudia-sheinbaum-reconoce-como-crimen-de-lesa-humanidad-la-matanza-estudiantil-del-2-de-octubre-de-1968\/#article","isPartOf":{"@id":"https:\/\/www.sonoraenequipo.com.mx\/claudia-sheinbaum-reconoce-como-crimen-de-lesa-humanidad-la-matanza-estudiantil-del-2-de-octubre-de-1968\/"},"author":{"name":"enequipo","@id":"https:\/\/www.sonoraenequipo.com.mx\/#\/schema\/person\/50102df0fb23a8fa9e8effad8fa81386"},"headline":"Claudia Sheinbaum reconoce como crimen de lesa humanidad la matanza estudiantil del 2 de octubre de 1968","datePublished":"2024-10-02T23:19:47+00:00","mainEntityOfPage":{"@id":"https:\/\/www.sonoraenequipo.com.mx\/claudia-sheinbaum-reconoce-como-crimen-de-lesa-humanidad-la-matanza-estudiantil-del-2-de-octubre-de-1968\/"},"wordCount":1543,"commentCount":0,"publisher":{"@id":"https:\/\/www.sonoraenequipo.com.mx\/#organization"},"image":{"@id":"https:\/\/www.sonoraenequipo.com.mx\/claudia-sheinbaum-reconoce-como-crimen-de-lesa-humanidad-la-matanza-estudiantil-del-2-de-octubre-de-1968\/#primaryimage"},"thumbnailUrl":"https:\/\/www.sonoraenequipo.com.mx\/storage\/2024\/10\/Sin-titulo-1.jpg","keywords":["2","Claudia Sheinbaum","octubre68"],"articleSection":["Rep\u00fablica"],"inLanguage":"es","potentialAction":[{"@type":"CommentAction","name":"Comment","target":["https:\/\/www.sonoraenequipo.com.mx\/claudia-sheinbaum-reconoce-como-crimen-de-lesa-humanidad-la-matanza-estudiantil-del-2-de-octubre-de-1968\/#respond"]}]},{"@type":"WebPage","@id":"https:\/\/www.sonoraenequipo.com.mx\/claudia-sheinbaum-reconoce-como-crimen-de-lesa-humanidad-la-matanza-estudiantil-del-2-de-octubre-de-1968\/","url":"https:\/\/www.sonoraenequipo.com.mx\/claudia-sheinbaum-reconoce-como-crimen-de-lesa-humanidad-la-matanza-estudiantil-del-2-de-octubre-de-1968\/","name":"Sonora en Equipo. Claudia Sheinbaum reconoce como crimen de lesa humanidad la matanza estudiantil del 2 de octubre de 1968 Rep\u00fablica","isPartOf":{"@id":"https:\/\/www.sonoraenequipo.com.mx\/#website"},"primaryImageOfPage":{"@id":"https:\/\/www.sonoraenequipo.com.mx\/claudia-sheinbaum-reconoce-como-crimen-de-lesa-humanidad-la-matanza-estudiantil-del-2-de-octubre-de-1968\/#primaryimage"},"image":{"@id":"https:\/\/www.sonoraenequipo.com.mx\/claudia-sheinbaum-reconoce-como-crimen-de-lesa-humanidad-la-matanza-estudiantil-del-2-de-octubre-de-1968\/#primaryimage"},"thumbnailUrl":"https:\/\/www.sonoraenequipo.com.mx\/storage\/2024\/10\/Sin-titulo-1.jpg","datePublished":"2024-10-02T23:19:47+00:00","description":"CIUDAD DE M\u00c9XICO. \u0336 \u0336\u00a0 La Presidenta Constitucional de los Estados Unidos Mexicanos, Claudia Sheinbaum Pardo, firm\u00f3 el acuerdo por el cual, en nombre y En Sonora en Equipo publicamos toda la informaci\u00f3n de Sonora, M\u00e9xico y el Mundo de manera oportuna y busca que la libertad de expresi\u00f3n sea real. Visita nuestro medio informativo publicado desde Hermosillo, Sonora. %","breadcrumb":{"@id":"https:\/\/www.sonoraenequipo.com.mx\/claudia-sheinbaum-reconoce-como-crimen-de-lesa-humanidad-la-matanza-estudiantil-del-2-de-octubre-de-1968\/#breadcrumb"},"inLanguage":"es","potentialAction":[{"@type":"ReadAction","target":["https:\/\/www.sonoraenequipo.com.mx\/claudia-sheinbaum-reconoce-como-crimen-de-lesa-humanidad-la-matanza-estudiantil-del-2-de-octubre-de-1968\/"]}]},{"@type":"ImageObject","inLanguage":"es","@id":"https:\/\/www.sonoraenequipo.com.mx\/claudia-sheinbaum-reconoce-como-crimen-de-lesa-humanidad-la-matanza-estudiantil-del-2-de-octubre-de-1968\/#primaryimage","url":"https:\/\/www.sonoraenequipo.com.mx\/storage\/2024\/10\/Sin-titulo-1.jpg","contentUrl":"https:\/\/www.sonoraenequipo.com.mx\/storage\/2024\/10\/Sin-titulo-1.jpg","width":600,"height":400},{"@type":"BreadcrumbList","@id":"https:\/\/www.sonoraenequipo.com.mx\/claudia-sheinbaum-reconoce-como-crimen-de-lesa-humanidad-la-matanza-estudiantil-del-2-de-octubre-de-1968\/#breadcrumb","itemListElement":[{"@type":"ListItem","position":1,"name":"Portada","item":"https:\/\/www.sonoraenequipo.com.mx\/"},{"@type":"ListItem","position":2,"name":"Claudia Sheinbaum reconoce como crimen de lesa humanidad la matanza estudiantil del 2 de octubre de 1968"}]},{"@type":"WebSite","@id":"https:\/\/www.sonoraenequipo.com.mx\/#website","url":"https:\/\/www.sonoraenequipo.com.mx\/","name":"Sonora en Equipo.","description":"Diario en l\u00ednea con Noticias desde Hermosillo, Sonora","publisher":{"@id":"https:\/\/www.sonoraenequipo.com.mx\/#organization"},"potentialAction":[{"@type":"SearchAction","target":{"@type":"EntryPoint","urlTemplate":"https:\/\/www.sonoraenequipo.com.mx\/?s={search_term_string}"},"query-input":{"@type":"PropertyValueSpecification","valueRequired":true,"valueName":"search_term_string"}}],"inLanguage":"es"},{"@type":"Organization","@id":"https:\/\/www.sonoraenequipo.com.mx\/#organization","name":"Sonoraenequipo.com.mx","url":"https:\/\/www.sonoraenequipo.com.mx\/","logo":{"@type":"ImageObject","inLanguage":"es","@id":"https:\/\/www.sonoraenequipo.com.mx\/#\/schema\/logo\/image\/","url":"https:\/\/www.sonoraenequipo.com.mx\/storage\/2019\/01\/sonoraenequipo_opt.png","contentUrl":"https:\/\/www.sonoraenequipo.com.mx\/storage\/2019\/01\/sonoraenequipo_opt.png","width":375,"height":125,"caption":"Sonoraenequipo.com.mx"},"image":{"@id":"https:\/\/www.sonoraenequipo.com.mx\/#\/schema\/logo\/image\/"},"sameAs":["https:\/\/www.facebook.com\/SonoraEE\/","https:\/\/x.com\/sonoraenequipo","https:\/\/www.youtube.com\/channel\/UC338nW-lPEYmJQs4ZABQ1SQ"]},{"@type":"Person","@id":"https:\/\/www.sonoraenequipo.com.mx\/#\/schema\/person\/50102df0fb23a8fa9e8effad8fa81386","name":"enequipo","image":{"@type":"ImageObject","inLanguage":"es","@id":"https:\/\/www.sonoraenequipo.com.mx\/#\/schema\/person\/image\/","url":"https:\/\/secure.gravatar.com\/avatar\/049821681b589dabc0bc20695993ccebb09f5b5d4d790cd9251b97faac7c652b?s=96&d=blank&r=g","contentUrl":"https:\/\/secure.gravatar.com\/avatar\/049821681b589dabc0bc20695993ccebb09f5b5d4d790cd9251b97faac7c652b?s=96&d=blank&r=g","caption":"enequipo"},"sameAs":["https:\/\/www.facebook.com\/SonoraEE"]}]}},"jetpack_featured_media_url":"https:\/\/www.sonoraenequipo.com.mx\/storage\/2024\/10\/Sin-titulo-1.jpg","_links":{"self":[{"href":"https:\/\/www.sonoraenequipo.com.mx\/api\/wp\/v2\/posts\/200413","targetHints":{"allow":["GET"]}}],"collection":[{"href":"https:\/\/www.sonoraenequipo.com.mx\/api\/wp\/v2\/posts"}],"about":[{"href":"https:\/\/www.sonoraenequipo.com.mx\/api\/wp\/v2\/types\/post"}],"author":[{"embeddable":true,"href":"https:\/\/www.sonoraenequipo.com.mx\/api\/wp\/v2\/users\/1"}],"replies":[{"embeddable":true,"href":"https:\/\/www.sonoraenequipo.com.mx\/api\/wp\/v2\/comments?post=200413"}],"version-history":[{"count":1,"href":"https:\/\/www.sonoraenequipo.com.mx\/api\/wp\/v2\/posts\/200413\/revisions"}],"predecessor-version":[{"id":200415,"href":"https:\/\/www.sonoraenequipo.com.mx\/api\/wp\/v2\/posts\/200413\/revisions\/200415"}],"wp:featuredmedia":[{"embeddable":true,"href":"https:\/\/www.sonoraenequipo.com.mx\/api\/wp\/v2\/media\/200414"}],"wp:attachment":[{"href":"https:\/\/www.sonoraenequipo.com.mx\/api\/wp\/v2\/media?parent=200413"}],"wp:term":[{"taxonomy":"category","embeddable":true,"href":"https:\/\/www.sonoraenequipo.com.mx\/api\/wp\/v2\/categories?post=200413"},{"taxonomy":"post_tag","embeddable":true,"href":"https:\/\/www.sonoraenequipo.com.mx\/api\/wp\/v2\/tags?post=200413"}],"curies":[{"name":"wp","href":"https:\/\/api.w.org\/{rel}","templated":true}]}}