{"id":200428,"date":"2024-10-02T18:07:04","date_gmt":"2024-10-03T01:07:04","guid":{"rendered":"https:\/\/www.sonoraenequipo.com.mx\/?p=200428"},"modified":"2024-10-02T18:07:04","modified_gmt":"2024-10-03T01:07:04","slug":"juan-pablo-escobar-hijo-de-pablo-escobar-dara-conferencia-en-el-segundo-congreso-de-la-familia-de-dif-hermosillo","status":"publish","type":"post","link":"https:\/\/www.sonoraenequipo.com.mx\/juan-pablo-escobar-hijo-de-pablo-escobar-dara-conferencia-en-el-segundo-congreso-de-la-familia-de-dif-hermosillo\/","title":{"rendered":"Juan Pablo Escobar, hijo de Pablo Escobar, dar\u00e1 conferencia en el \u00a0Segundo Congreso de la Familia de DIF Hermosillo"},"content":{"rendered":"<p><strong>HERMOSILLO, SONORA, MX.<\/strong> \u2014 El fortalecimiento a las familias, los lazos familiares y promover los principios y valores, son los principales objetivos del Segundo Congreso de la Familia, anunci\u00f3 la presidenta de DIF Hermosillo, Patricia Ruibal Zaragoza.<\/p>\n<p>&nbsp;<\/p>\n<p>Coment\u00f3 que el evento se realizar\u00e1 el martes 29 de octubre en las instalaciones de La Cascada, de las ocho de la ma\u00f1ana a las siete de la tarde, que es cuando se llevar\u00e1 a cabo la ceremonia de clausura.<\/p>\n<p>&nbsp;<\/p>\n<p>\u201cUstedes saben que para To\u00f1o y para m\u00ed, el tema de la familia es primordial y lo hemos puesto como un pilar, siempre creemos que si tenemos familias felices y fortalecidas vamos a tener un mejor Hermosillo\u201d, asegur\u00f3 Ruibal Zaragoza.<\/p>\n<p>&nbsp;<\/p>\n<p>Precis\u00f3 que en esta segunda edici\u00f3n se abordar\u00e1n temas muy relevantes para la comunidad, como lo son el sentido de la vida, la resiliencia, trastornos alimentarios, la relaci\u00f3n con nosotros mismos y nuestro cuerpo, as\u00ed como la facilidad con la que podemos tomar caminos equivocados, la falsa salida con las adicciones y el dinero f\u00e1cil.<\/p>\n<p>&nbsp;<\/p>\n<p>\u201cLos vuelvo a invitar a que nos apoyen y nos ayuden a difundir la realizaci\u00f3n de este Segundo Congreso de la Familia, para nosotros es muy importante contar con su apoyo para que nos acompa\u00f1e la mayor cantidad de madres y padres de familia, los estudiantes de diferentes escuelas, docentes, directivos, acad\u00e9micos y empresarios\u201d, agreg\u00f3.<\/p>\n<p>&nbsp;<\/p>\n<p>Madeleine Bonnafoux expuso que dentro de cada una de las familias puede haber problem\u00e1ticas que muchas veces no se saben c\u00f3mo abordar o atender, y es por eso que se buscaron expositores tanto nacionales como internacionales, hombres y mujeres de experiencia, con vivencias personales que vale la pena conocer.<\/p>\n<p>&nbsp;<\/p>\n<p>La primera ponente ser\u00e1 Daniela Salgado, con la conferencia \u201cCu\u00e1nto pesa tu costal\u201d a trav\u00e9s de una vivencia personal va llevando a reflexionar sobre qu\u00e9 es lo que se va acumulando en de cada uno e invitar\u00e1 a reflexionar qu\u00e9 sentido es el que le damos a la vida.<\/p>\n<p>&nbsp;<\/p>\n<p>Continuar\u00e1 Ana Orva\u00f1anos, con el tema \u201cPromoviendo una relaci\u00f3n saludable con el cuerpo y la comida\u201d; la tercera conferencia estar\u00e1 a cargo del ingeniero y licenciado Econom\u00eda por la Universidad de Texas, Fritz Thompson, con el tema \u201cSiempre se puede\u201d; y para finalizar estar\u00e1 el hijo del narcotraficante Pablo Escobar, Juan Pablo Escobar, con la conferencia Magistral \u201cEscobar, una historia para no repetir\u201d.<\/p>\n<p>&nbsp;<\/p>\n<p>Juan Pablo Acosta Su\u00e1rez, titular de la Direcci\u00f3n de la Familia de DIF, dijo que se dise\u00f1\u00f3 la p\u00e1gina https:\/\/congresodelafamiliahmo.com\/ para poder acceder al carnet y para obtener mayor informaci\u00f3n a trav\u00e9s de un n\u00famero de WhatsApp que es 662140968. El costo es de 500 pesos y para estudiantes ser\u00e1 a mitad de precio.<\/p>\n<p><strong>Fecha de publicaci\u00f3n mi\u00e9rcoles 2 de octubre de 2024<\/strong><\/p>\n","protected":false},"excerpt":{"rendered":"<p>HERMOSILLO, SONORA, MX. \u2014 El fortalecimiento a las familias, los lazos familiares y promover los&#8230;<\/p>\n","protected":false},"author":1,"featured_media":200429,"comment_status":"open","ping_status":"open","sticky":false,"template":"","format":"standard","meta":{"_monsterinsights_skip_tracking":false,"_monsterinsights_sitenote_active":false,"_monsterinsights_sitenote_note":"","_monsterinsights_sitenote_category":0,"footnotes":""},"categories":[4],"tags":[10316,10317],"class_list":["post"],"yoast_head":" \n<title>Sonora en Equipo. Juan Pablo Escobar, hijo de Pablo Escobar, dar\u00e1 conferencia en el \u00a0Segundo Congreso de la Familia de DIF Hermosillo Municipios<\/title>\n<meta name=\"description\" content=\"HERMOSILLO, SONORA, MX. \u2014 El fortalecimiento a las familias, los lazos familiares y promover los principios y valores, son los principales objetivos del En Sonora en Equipo publicamos toda la informaci\u00f3n de Sonora, M\u00e9xico y el Mundo de manera oportuna y busca que la libertad de expresi\u00f3n sea real. Visita nuestro medio informativo publicado desde Hermosillo, Sonora. %\" \/>\n<meta name=\"robots\" content=\"index, follow, max-snippet:-1, max-image-preview:large, max-video-preview:-1\" \/>\n<link rel=\"canonical\" href=\"https:\/\/www.sonoraenequipo.com.mx\/juan-pablo-escobar-hijo-de-pablo-escobar-dara-conferencia-en-el-segundo-congreso-de-la-familia-de-dif-hermosillo\/\" \/>\n<meta property=\"og:locale\" content=\"es_ES\" \/>\n<meta property=\"og:type\" content=\"article\" \/>\n<meta property=\"og:title\" content=\"Sonora en Equipo. Juan Pablo Escobar, hijo de Pablo Escobar, dar\u00e1 conferencia en el \u00a0Segundo Congreso de la Familia de DIF Hermosillo Municipios\" \/>\n<meta property=\"og:description\" content=\"HERMOSILLO, SONORA, MX. \u2014 El fortalecimiento a las familias, los lazos familiares y promover los principios y valores, son los principales objetivos del En Sonora en Equipo publicamos toda la informaci\u00f3n de Sonora, M\u00e9xico y el Mundo de manera oportuna y busca que la libertad de expresi\u00f3n sea real. Visita nuestro medio informativo publicado desde Hermosillo, Sonora. %\" \/>\n<meta property=\"og:url\" content=\"https:\/\/www.sonoraenequipo.com.mx\/juan-pablo-escobar-hijo-de-pablo-escobar-dara-conferencia-en-el-segundo-congreso-de-la-familia-de-dif-hermosillo\/\" \/>\n<meta property=\"og:site_name\" content=\"Sonora en Equipo.\" \/>\n<meta property=\"article:publisher\" content=\"https:\/\/www.facebook.com\/SonoraEE\/\" \/>\n<meta property=\"article:author\" content=\"https:\/\/www.facebook.com\/SonoraEE\" \/>\n<meta property=\"article:published_time\" content=\"2024-10-03T01:07:04+00:00\" \/>\n<meta property=\"og:image\" content=\"https:\/\/www.sonoraenequipo.com.mx\/storage\/2024\/10\/familiadif.jpg\" \/>\n\t<meta property=\"og:image:width\" content=\"600\" \/>\n\t<meta property=\"og:image:height\" content=\"401\" \/>\n\t<meta property=\"og:image:type\" content=\"image\/jpeg\" \/>\n<meta name=\"author\" content=\"enequipo\" \/>\n<meta name=\"twitter:card\" content=\"summary_large_image\" \/>\n<meta name=\"twitter:creator\" content=\"@sonoraenequipo\" \/>\n<meta name=\"twitter:site\" content=\"@sonoraenequipo\" \/>\n<meta name=\"twitter:label1\" content=\"Escrito por\" \/>\n\t<meta name=\"twitter:data1\" content=\"enequipo\" \/>\n\t<meta name=\"twitter:label2\" content=\"Tiempo de lectura\" \/>\n\t<meta name=\"twitter:data2\" content=\"2 minutos\" \/>\n<script type=\"application\/ld+json\" class=\"yoast-schema-graph\">{\"@context\":\"https:\/\/schema.org\",\"@graph\":[{\"@type\":\"Article\",\"@id\":\"https:\/\/www.sonoraenequipo.com.mx\/juan-pablo-escobar-hijo-de-pablo-escobar-dara-conferencia-en-el-segundo-congreso-de-la-familia-de-dif-hermosillo\/#article\",\"isPartOf\":{\"@id\":\"https:\/\/www.sonoraenequipo.com.mx\/juan-pablo-escobar-hijo-de-pablo-escobar-dara-conferencia-en-el-segundo-congreso-de-la-familia-de-dif-hermosillo\/\"},\"author\":{\"name\":\"enequipo\",\"@id\":\"https:\/\/www.sonoraenequipo.com.mx\/#\/schema\/person\/50102df0fb23a8fa9e8effad8fa81386\"},\"headline\":\"Juan Pablo Escobar, hijo de Pablo Escobar, dar\u00e1 conferencia en el \u00a0Segundo Congreso de la Familia de DIF Hermosillo\",\"datePublished\":\"2024-10-03T01:07:04+00:00\",\"mainEntityOfPage\":{\"@id\":\"https:\/\/www.sonoraenequipo.com.mx\/juan-pablo-escobar-hijo-de-pablo-escobar-dara-conferencia-en-el-segundo-congreso-de-la-familia-de-dif-hermosillo\/\"},\"wordCount\":498,\"commentCount\":0,\"publisher\":{\"@id\":\"https:\/\/www.sonoraenequipo.com.mx\/#organization\"},\"image\":{\"@id\":\"https:\/\/www.sonoraenequipo.com.mx\/juan-pablo-escobar-hijo-de-pablo-escobar-dara-conferencia-en-el-segundo-congreso-de-la-familia-de-dif-hermosillo\/#primaryimage\"},\"thumbnailUrl\":\"https:\/\/www.sonoraenequipo.com.mx\/storage\/2024\/10\/familiadif.jpg\",\"keywords\":[\"juan pablo escobar\",\"pabloescobar\"],\"articleSection\":[\"Municipios\"],\"inLanguage\":\"es\",\"potentialAction\":[{\"@type\":\"CommentAction\",\"name\":\"Comment\",\"target\":[\"https:\/\/www.sonoraenequipo.com.mx\/juan-pablo-escobar-hijo-de-pablo-escobar-dara-conferencia-en-el-segundo-congreso-de-la-familia-de-dif-hermosillo\/#respond\"]}]},{\"@type\":\"WebPage\",\"@id\":\"https:\/\/www.sonoraenequipo.com.mx\/juan-pablo-escobar-hijo-de-pablo-escobar-dara-conferencia-en-el-segundo-congreso-de-la-familia-de-dif-hermosillo\/\",\"url\":\"https:\/\/www.sonoraenequipo.com.mx\/juan-pablo-escobar-hijo-de-pablo-escobar-dara-conferencia-en-el-segundo-congreso-de-la-familia-de-dif-hermosillo\/\",\"name\":\"Sonora en Equipo. Juan Pablo Escobar, hijo de Pablo Escobar, dar\u00e1 conferencia en el \u00a0Segundo Congreso de la Familia de DIF Hermosillo Municipios\",\"isPartOf\":{\"@id\":\"https:\/\/www.sonoraenequipo.com.mx\/#website\"},\"primaryImageOfPage\":{\"@id\":\"https:\/\/www.sonoraenequipo.com.mx\/juan-pablo-escobar-hijo-de-pablo-escobar-dara-conferencia-en-el-segundo-congreso-de-la-familia-de-dif-hermosillo\/#primaryimage\"},\"image\":{\"@id\":\"https:\/\/www.sonoraenequipo.com.mx\/juan-pablo-escobar-hijo-de-pablo-escobar-dara-conferencia-en-el-segundo-congreso-de-la-familia-de-dif-hermosillo\/#primaryimage\"},\"thumbnailUrl\":\"https:\/\/www.sonoraenequipo.com.mx\/storage\/2024\/10\/familiadif.jpg\",\"datePublished\":\"2024-10-03T01:07:04+00:00\",\"description\":\"HERMOSILLO, SONORA, MX. \u2014 El fortalecimiento a las familias, los lazos familiares y promover los principios y valores, son los principales objetivos del En Sonora en Equipo publicamos toda la informaci\u00f3n de Sonora, M\u00e9xico y el Mundo de manera oportuna y busca que la libertad de expresi\u00f3n sea real. Visita nuestro medio informativo publicado desde Hermosillo, Sonora. %\",\"breadcrumb\":{\"@id\":\"https:\/\/www.sonoraenequipo.com.mx\/juan-pablo-escobar-hijo-de-pablo-escobar-dara-conferencia-en-el-segundo-congreso-de-la-familia-de-dif-hermosillo\/#breadcrumb\"},\"inLanguage\":\"es\",\"potentialAction\":[{\"@type\":\"ReadAction\",\"target\":[\"https:\/\/www.sonoraenequipo.com.mx\/juan-pablo-escobar-hijo-de-pablo-escobar-dara-conferencia-en-el-segundo-congreso-de-la-familia-de-dif-hermosillo\/\"]}]},{\"@type\":\"ImageObject\",\"inLanguage\":\"es\",\"@id\":\"https:\/\/www.sonoraenequipo.com.mx\/juan-pablo-escobar-hijo-de-pablo-escobar-dara-conferencia-en-el-segundo-congreso-de-la-familia-de-dif-hermosillo\/#primaryimage\",\"url\":\"https:\/\/www.sonoraenequipo.com.mx\/storage\/2024\/10\/familiadif.jpg\",\"contentUrl\":\"https:\/\/www.sonoraenequipo.com.mx\/storage\/2024\/10\/familiadif.jpg\",\"width\":600,\"height\":401},{\"@type\":\"BreadcrumbList\",\"@id\":\"https:\/\/www.sonoraenequipo.com.mx\/juan-pablo-escobar-hijo-de-pablo-escobar-dara-conferencia-en-el-segundo-congreso-de-la-familia-de-dif-hermosillo\/#breadcrumb\",\"itemListElement\":[{\"@type\":\"ListItem\",\"position\":1,\"name\":\"Portada\",\"item\":\"https:\/\/www.sonoraenequipo.com.mx\/\"},{\"@type\":\"ListItem\",\"position\":2,\"name\":\"Juan Pablo Escobar, hijo de Pablo Escobar, dar\u00e1 conferencia en el \u00a0Segundo Congreso de la Familia de DIF Hermosillo\"}]},{\"@type\":\"WebSite\",\"@id\":\"https:\/\/www.sonoraenequipo.com.mx\/#website\",\"url\":\"https:\/\/www.sonoraenequipo.com.mx\/\",\"name\":\"Sonora en Equipo.\",\"description\":\"Diario en l\u00ednea con Noticias desde Hermosillo, Sonora\",\"publisher\":{\"@id\":\"https:\/\/www.sonoraenequipo.com.mx\/#organization\"},\"potentialAction\":[{\"@type\":\"SearchAction\",\"target\":{\"@type\":\"EntryPoint\",\"urlTemplate\":\"https:\/\/www.sonoraenequipo.com.mx\/?s={search_term_string}\"},\"query-input\":{\"@type\":\"PropertyValueSpecification\",\"valueRequired\":true,\"valueName\":\"search_term_string\"}}],\"inLanguage\":\"es\"},{\"@type\":\"Organization\",\"@id\":\"https:\/\/www.sonoraenequipo.com.mx\/#organization\",\"name\":\"Sonoraenequipo.com.mx\",\"url\":\"https:\/\/www.sonoraenequipo.com.mx\/\",\"logo\":{\"@type\":\"ImageObject\",\"inLanguage\":\"es\",\"@id\":\"https:\/\/www.sonoraenequipo.com.mx\/#\/schema\/logo\/image\/\",\"url\":\"https:\/\/www.sonoraenequipo.com.mx\/storage\/2019\/01\/sonoraenequipo_opt.png\",\"contentUrl\":\"https:\/\/www.sonoraenequipo.com.mx\/storage\/2019\/01\/sonoraenequipo_opt.png\",\"width\":375,\"height\":125,\"caption\":\"Sonoraenequipo.com.mx\"},\"image\":{\"@id\":\"https:\/\/www.sonoraenequipo.com.mx\/#\/schema\/logo\/image\/\"},\"sameAs\":[\"https:\/\/www.facebook.com\/SonoraEE\/\",\"https:\/\/x.com\/sonoraenequipo\",\"https:\/\/www.youtube.com\/channel\/UC338nW-lPEYmJQs4ZABQ1SQ\"]},{\"@type\":\"Person\",\"@id\":\"https:\/\/www.sonoraenequipo.com.mx\/#\/schema\/person\/50102df0fb23a8fa9e8effad8fa81386\",\"name\":\"enequipo\",\"image\":{\"@type\":\"ImageObject\",\"inLanguage\":\"es\",\"@id\":\"https:\/\/www.sonoraenequipo.com.mx\/#\/schema\/person\/image\/\",\"url\":\"https:\/\/secure.gravatar.com\/avatar\/049821681b589dabc0bc20695993ccebb09f5b5d4d790cd9251b97faac7c652b?s=96&d=blank&r=g\",\"contentUrl\":\"https:\/\/secure.gravatar.com\/avatar\/049821681b589dabc0bc20695993ccebb09f5b5d4d790cd9251b97faac7c652b?s=96&d=blank&r=g\",\"caption\":\"enequipo\"},\"sameAs\":[\"https:\/\/www.facebook.com\/SonoraEE\"]}]}<\/script>\n ","yoast_head_json":{"title":"Sonora en Equipo. Juan Pablo Escobar, hijo de Pablo Escobar, dar\u00e1 conferencia en el \u00a0Segundo Congreso de la Familia de DIF Hermosillo Municipios","description":"HERMOSILLO, SONORA, MX. \u2014 El fortalecimiento a las familias, los lazos familiares y promover los principios y valores, son los principales objetivos del En Sonora en Equipo publicamos toda la informaci\u00f3n de Sonora, M\u00e9xico y el Mundo de manera oportuna y busca que la libertad de expresi\u00f3n sea real. Visita nuestro medio informativo publicado desde Hermosillo, Sonora. %","robots":{"index":"index","follow":"follow","max-snippet":"max-snippet:-1","max-image-preview":"max-image-preview:large","max-video-preview":"max-video-preview:-1"},"canonical":"https:\/\/www.sonoraenequipo.com.mx\/juan-pablo-escobar-hijo-de-pablo-escobar-dara-conferencia-en-el-segundo-congreso-de-la-familia-de-dif-hermosillo\/","og_locale":"es_ES","og_type":"article","og_title":"Sonora en Equipo. Juan Pablo Escobar, hijo de Pablo Escobar, dar\u00e1 conferencia en el \u00a0Segundo Congreso de la Familia de DIF Hermosillo Municipios","og_description":"HERMOSILLO, SONORA, MX. \u2014 El fortalecimiento a las familias, los lazos familiares y promover los principios y valores, son los principales objetivos del En Sonora en Equipo publicamos toda la informaci\u00f3n de Sonora, M\u00e9xico y el Mundo de manera oportuna y busca que la libertad de expresi\u00f3n sea real. Visita nuestro medio informativo publicado desde Hermosillo, Sonora. %","og_url":"https:\/\/www.sonoraenequipo.com.mx\/juan-pablo-escobar-hijo-de-pablo-escobar-dara-conferencia-en-el-segundo-congreso-de-la-familia-de-dif-hermosillo\/","og_site_name":"Sonora en Equipo.","article_publisher":"https:\/\/www.facebook.com\/SonoraEE\/","article_author":"https:\/\/www.facebook.com\/SonoraEE","article_published_time":"2024-10-03T01:07:04+00:00","og_image":[{"width":600,"height":401,"url":"https:\/\/www.sonoraenequipo.com.mx\/storage\/2024\/10\/familiadif.jpg","type":"image\/jpeg"}],"author":"enequipo","twitter_card":"summary_large_image","twitter_creator":"@sonoraenequipo","twitter_site":"@sonoraenequipo","twitter_misc":{"Escrito por":"enequipo","Tiempo de lectura":"2 minutos"},"schema":{"@context":"https:\/\/schema.org","@graph":[{"@type":"Article","@id":"https:\/\/www.sonoraenequipo.com.mx\/juan-pablo-escobar-hijo-de-pablo-escobar-dara-conferencia-en-el-segundo-congreso-de-la-familia-de-dif-hermosillo\/#article","isPartOf":{"@id":"https:\/\/www.sonoraenequipo.com.mx\/juan-pablo-escobar-hijo-de-pablo-escobar-dara-conferencia-en-el-segundo-congreso-de-la-familia-de-dif-hermosillo\/"},"author":{"name":"enequipo","@id":"https:\/\/www.sonoraenequipo.com.mx\/#\/schema\/person\/50102df0fb23a8fa9e8effad8fa81386"},"headline":"Juan Pablo Escobar, hijo de Pablo Escobar, dar\u00e1 conferencia en el \u00a0Segundo Congreso de la Familia de DIF Hermosillo","datePublished":"2024-10-03T01:07:04+00:00","mainEntityOfPage":{"@id":"https:\/\/www.sonoraenequipo.com.mx\/juan-pablo-escobar-hijo-de-pablo-escobar-dara-conferencia-en-el-segundo-congreso-de-la-familia-de-dif-hermosillo\/"},"wordCount":498,"commentCount":0,"publisher":{"@id":"https:\/\/www.sonoraenequipo.com.mx\/#organization"},"image":{"@id":"https:\/\/www.sonoraenequipo.com.mx\/juan-pablo-escobar-hijo-de-pablo-escobar-dara-conferencia-en-el-segundo-congreso-de-la-familia-de-dif-hermosillo\/#primaryimage"},"thumbnailUrl":"https:\/\/www.sonoraenequipo.com.mx\/storage\/2024\/10\/familiadif.jpg","keywords":["juan pablo escobar","pabloescobar"],"articleSection":["Municipios"],"inLanguage":"es","potentialAction":[{"@type":"CommentAction","name":"Comment","target":["https:\/\/www.sonoraenequipo.com.mx\/juan-pablo-escobar-hijo-de-pablo-escobar-dara-conferencia-en-el-segundo-congreso-de-la-familia-de-dif-hermosillo\/#respond"]}]},{"@type":"WebPage","@id":"https:\/\/www.sonoraenequipo.com.mx\/juan-pablo-escobar-hijo-de-pablo-escobar-dara-conferencia-en-el-segundo-congreso-de-la-familia-de-dif-hermosillo\/","url":"https:\/\/www.sonoraenequipo.com.mx\/juan-pablo-escobar-hijo-de-pablo-escobar-dara-conferencia-en-el-segundo-congreso-de-la-familia-de-dif-hermosillo\/","name":"Sonora en Equipo. Juan Pablo Escobar, hijo de Pablo Escobar, dar\u00e1 conferencia en el \u00a0Segundo Congreso de la Familia de DIF Hermosillo Municipios","isPartOf":{"@id":"https:\/\/www.sonoraenequipo.com.mx\/#website"},"primaryImageOfPage":{"@id":"https:\/\/www.sonoraenequipo.com.mx\/juan-pablo-escobar-hijo-de-pablo-escobar-dara-conferencia-en-el-segundo-congreso-de-la-familia-de-dif-hermosillo\/#primaryimage"},"image":{"@id":"https:\/\/www.sonoraenequipo.com.mx\/juan-pablo-escobar-hijo-de-pablo-escobar-dara-conferencia-en-el-segundo-congreso-de-la-familia-de-dif-hermosillo\/#primaryimage"},"thumbnailUrl":"https:\/\/www.sonoraenequipo.com.mx\/storage\/2024\/10\/familiadif.jpg","datePublished":"2024-10-03T01:07:04+00:00","description":"HERMOSILLO, SONORA, MX. \u2014 El fortalecimiento a las familias, los lazos familiares y promover los principios y valores, son los principales objetivos del En Sonora en Equipo publicamos toda la informaci\u00f3n de Sonora, M\u00e9xico y el Mundo de manera oportuna y busca que la libertad de expresi\u00f3n sea real. Visita nuestro medio informativo publicado desde Hermosillo, Sonora. %","breadcrumb":{"@id":"https:\/\/www.sonoraenequipo.com.mx\/juan-pablo-escobar-hijo-de-pablo-escobar-dara-conferencia-en-el-segundo-congreso-de-la-familia-de-dif-hermosillo\/#breadcrumb"},"inLanguage":"es","potentialAction":[{"@type":"ReadAction","target":["https:\/\/www.sonoraenequipo.com.mx\/juan-pablo-escobar-hijo-de-pablo-escobar-dara-conferencia-en-el-segundo-congreso-de-la-familia-de-dif-hermosillo\/"]}]},{"@type":"ImageObject","inLanguage":"es","@id":"https:\/\/www.sonoraenequipo.com.mx\/juan-pablo-escobar-hijo-de-pablo-escobar-dara-conferencia-en-el-segundo-congreso-de-la-familia-de-dif-hermosillo\/#primaryimage","url":"https:\/\/www.sonoraenequipo.com.mx\/storage\/2024\/10\/familiadif.jpg","contentUrl":"https:\/\/www.sonoraenequipo.com.mx\/storage\/2024\/10\/familiadif.jpg","width":600,"height":401},{"@type":"BreadcrumbList","@id":"https:\/\/www.sonoraenequipo.com.mx\/juan-pablo-escobar-hijo-de-pablo-escobar-dara-conferencia-en-el-segundo-congreso-de-la-familia-de-dif-hermosillo\/#breadcrumb","itemListElement":[{"@type":"ListItem","position":1,"name":"Portada","item":"https:\/\/www.sonoraenequipo.com.mx\/"},{"@type":"ListItem","position":2,"name":"Juan Pablo Escobar, hijo de Pablo Escobar, dar\u00e1 conferencia en el \u00a0Segundo Congreso de la Familia de DIF Hermosillo"}]},{"@type":"WebSite","@id":"https:\/\/www.sonoraenequipo.com.mx\/#website","url":"https:\/\/www.sonoraenequipo.com.mx\/","name":"Sonora en Equipo.","description":"Diario en l\u00ednea con Noticias desde Hermosillo, Sonora","publisher":{"@id":"https:\/\/www.sonoraenequipo.com.mx\/#organization"},"potentialAction":[{"@type":"SearchAction","target":{"@type":"EntryPoint","urlTemplate":"https:\/\/www.sonoraenequipo.com.mx\/?s={search_term_string}"},"query-input":{"@type":"PropertyValueSpecification","valueRequired":true,"valueName":"search_term_string"}}],"inLanguage":"es"},{"@type":"Organization","@id":"https:\/\/www.sonoraenequipo.com.mx\/#organization","name":"Sonoraenequipo.com.mx","url":"https:\/\/www.sonoraenequipo.com.mx\/","logo":{"@type":"ImageObject","inLanguage":"es","@id":"https:\/\/www.sonoraenequipo.com.mx\/#\/schema\/logo\/image\/","url":"https:\/\/www.sonoraenequipo.com.mx\/storage\/2019\/01\/sonoraenequipo_opt.png","contentUrl":"https:\/\/www.sonoraenequipo.com.mx\/storage\/2019\/01\/sonoraenequipo_opt.png","width":375,"height":125,"caption":"Sonoraenequipo.com.mx"},"image":{"@id":"https:\/\/www.sonoraenequipo.com.mx\/#\/schema\/logo\/image\/"},"sameAs":["https:\/\/www.facebook.com\/SonoraEE\/","https:\/\/x.com\/sonoraenequipo","https:\/\/www.youtube.com\/channel\/UC338nW-lPEYmJQs4ZABQ1SQ"]},{"@type":"Person","@id":"https:\/\/www.sonoraenequipo.com.mx\/#\/schema\/person\/50102df0fb23a8fa9e8effad8fa81386","name":"enequipo","image":{"@type":"ImageObject","inLanguage":"es","@id":"https:\/\/www.sonoraenequipo.com.mx\/#\/schema\/person\/image\/","url":"https:\/\/secure.gravatar.com\/avatar\/049821681b589dabc0bc20695993ccebb09f5b5d4d790cd9251b97faac7c652b?s=96&d=blank&r=g","contentUrl":"https:\/\/secure.gravatar.com\/avatar\/049821681b589dabc0bc20695993ccebb09f5b5d4d790cd9251b97faac7c652b?s=96&d=blank&r=g","caption":"enequipo"},"sameAs":["https:\/\/www.facebook.com\/SonoraEE"]}]}},"jetpack_featured_media_url":"https:\/\/www.sonoraenequipo.com.mx\/storage\/2024\/10\/familiadif.jpg","_links":{"self":[{"href":"https:\/\/www.sonoraenequipo.com.mx\/api\/wp\/v2\/posts\/200428","targetHints":{"allow":["GET"]}}],"collection":[{"href":"https:\/\/www.sonoraenequipo.com.mx\/api\/wp\/v2\/posts"}],"about":[{"href":"https:\/\/www.sonoraenequipo.com.mx\/api\/wp\/v2\/types\/post"}],"author":[{"embeddable":true,"href":"https:\/\/www.sonoraenequipo.com.mx\/api\/wp\/v2\/users\/1"}],"replies":[{"embeddable":true,"href":"https:\/\/www.sonoraenequipo.com.mx\/api\/wp\/v2\/comments?post=200428"}],"version-history":[{"count":1,"href":"https:\/\/www.sonoraenequipo.com.mx\/api\/wp\/v2\/posts\/200428\/revisions"}],"predecessor-version":[{"id":200430,"href":"https:\/\/www.sonoraenequipo.com.mx\/api\/wp\/v2\/posts\/200428\/revisions\/200430"}],"wp:featuredmedia":[{"embeddable":true,"href":"https:\/\/www.sonoraenequipo.com.mx\/api\/wp\/v2\/media\/200429"}],"wp:attachment":[{"href":"https:\/\/www.sonoraenequipo.com.mx\/api\/wp\/v2\/media?parent=200428"}],"wp:term":[{"taxonomy":"category","embeddable":true,"href":"https:\/\/www.sonoraenequipo.com.mx\/api\/wp\/v2\/categories?post=200428"},{"taxonomy":"post_tag","embeddable":true,"href":"https:\/\/www.sonoraenequipo.com.mx\/api\/wp\/v2\/tags?post=200428"}],"curies":[{"name":"wp","href":"https:\/\/api.w.org\/{rel}","templated":true}]}}