{"id":200452,"date":"2024-10-02T22:48:46","date_gmt":"2024-10-03T05:48:46","guid":{"rendered":"https:\/\/www.sonoraenequipo.com.mx\/?p=200452"},"modified":"2024-10-02T22:53:01","modified_gmt":"2024-10-03T05:53:01","slug":"israel-anuncio-declarar-persona-non-grata-al-secretario-general-de-la-onu-por-no-condenar-el-ataque-irani","status":"publish","type":"post","link":"https:\/\/www.sonoraenequipo.com.mx\/israel-anuncio-declarar-persona-non-grata-al-secretario-general-de-la-onu-por-no-condenar-el-ataque-irani\/","title":{"rendered":"Israel anunci\u00f3 declarar persona &#8216;non grata&#8217; al secretario general de la ONU por no condenar el ataque iran\u00ed"},"content":{"rendered":"<p><strong>ISRAEL.<\/strong> \u2014 En medio del conflicto entre Israel y Palestina, as\u00ed como de los ataques armados entre Israel y El L\u00edbano, el gobierno de Israel declar\u00f3 este mi\u00e9rcoles 2 de octubre como \u00abpersona non grata\u00bb al secretario general de la Organizaci\u00f3n de las Naciones Unidas (ONU), Ant\u00f3nio Guterres, por no condenar el ataque con misiles de Ir\u00e1n a territorio israel\u00ed.<\/p>\n<p>&nbsp;<\/p>\n<p>&nbsp;<\/p>\n<p> <\/p>\n<p><strong><em>\u00abQuien no puede condenar de forma inequ\u00edvoca el atroz ataque de Ir\u00e1n contra Israel no merece poner un pie en suelo israel\u00ed. Se trata de un secretario general antiisrael\u00ed, que presta apoyo a terroristas, violadores y asesinos\u00bb,<\/em><\/strong> advirti\u00f3 el ministro Katz en el comunicado en el que hizo el anuncio.<\/p>\n<p>&nbsp;<\/p>\n<p>&nbsp;<\/p>\n<p>Cabe mencionar que la noche del martes 1 de octubre, minutos despu\u00e9s del ataque de Ir\u00e1n contra Israel, Guterres conden\u00f3 \u00abel crecimiento del conflicto en Oriente Medio con una escalada tras otra\u00bb y reiter\u00f3 la necesidad de un alto el fuego.<\/p>\n<p>&nbsp;<\/p>\n<p>&nbsp;<\/p>\n<p><strong><em>\u00abEsto tiene que parar. Necesitamos absolutamente un alto el fuego\u00bb,<\/em><\/strong> escribi\u00f3 sin mencionar de forma directa a Ir\u00e1n, que es la principal queja por la que Israel est\u00e1 haciendo este posicionamiento contra el secretario general.<\/p>\n<p>&nbsp;<\/p>\n<p>&nbsp;<\/p>\n<p>Por su parte, Katz tambi\u00e9n acus\u00f3 al l\u00edder de la ONU de no haber denunciado la atrocidades de Ham\u00e1s durante el ataque m\u00faltiple del pasado 7 de octubre y \u00ablas atrocidades sexuales cometidas\u00bb por sus elementos.<\/p>\n<p>&nbsp;<\/p>\n<p>&nbsp;<\/p>\n<p>Asimismo, el 24 de octubre de 2023, Guterres en una sesi\u00f3n del Consejo de Seguridad de la ONU, conden\u00f3 el ataque del grupo palestino que dej\u00f3 mil 200 muertos y 251 secuestrados, pero matiz\u00f3 que estas acciones no ven\u00edan de la nada sino tras d\u00e9cadas de ocupaci\u00f3n. Aquellas declaraciones, en su momento, tambi\u00e9n provocaron indignaci\u00f3n en Israel.<\/p>\n<p>&nbsp;<\/p>\n<p>&nbsp;<\/p>\n<p>&nbsp;<\/p>\n<p>PUBLICADO EL 02 DE OCTUBRE DE 2024 Con informaci\u00f3n de EFE)<\/p>\n","protected":false},"excerpt":{"rendered":"<p>ISRAEL. \u2014 En medio del conflicto entre Israel y Palestina, as\u00ed como de los ataques&#8230;<\/p>\n","protected":false},"author":1,"featured_media":200456,"comment_status":"open","ping_status":"open","sticky":false,"template":"","format":"standard","meta":{"_monsterinsights_skip_tracking":false,"_monsterinsights_sitenote_active":false,"_monsterinsights_sitenote_note":"","_monsterinsights_sitenote_category":0,"footnotes":""},"categories":[3],"tags":[],"class_list":["post"],"yoast_head":" \n<title>Sonora en Equipo. Israel anunci\u00f3 declarar persona &#039;non grata&#039; al secretario general de la ONU por no condenar el ataque iran\u00ed MUNDO<\/title>\n<meta name=\"description\" content=\"ISRAEL. \u2014 En medio del conflicto entre Israel y Palestina, as\u00ed como de los ataques armados entre Israel y El L\u00edbano, el gobierno de Israel declar\u00f3 este En Sonora en Equipo publicamos toda la informaci\u00f3n de Sonora, M\u00e9xico y el Mundo de manera oportuna y busca que la libertad de expresi\u00f3n sea real. Visita nuestro medio informativo publicado desde Hermosillo, Sonora. %\" \/>\n<meta name=\"robots\" content=\"index, follow, max-snippet:-1, max-image-preview:large, max-video-preview:-1\" \/>\n<link rel=\"canonical\" href=\"https:\/\/www.sonoraenequipo.com.mx\/israel-anuncio-declarar-persona-non-grata-al-secretario-general-de-la-onu-por-no-condenar-el-ataque-irani\/\" \/>\n<meta property=\"og:locale\" content=\"es_ES\" \/>\n<meta property=\"og:type\" content=\"article\" \/>\n<meta property=\"og:title\" content=\"Sonora en Equipo. Israel anunci\u00f3 declarar persona &#039;non grata&#039; al secretario general de la ONU por no condenar el ataque iran\u00ed MUNDO\" \/>\n<meta property=\"og:description\" content=\"ISRAEL. \u2014 En medio del conflicto entre Israel y Palestina, as\u00ed como de los ataques armados entre Israel y El L\u00edbano, el gobierno de Israel declar\u00f3 este En Sonora en Equipo publicamos toda la informaci\u00f3n de Sonora, M\u00e9xico y el Mundo de manera oportuna y busca que la libertad de expresi\u00f3n sea real. Visita nuestro medio informativo publicado desde Hermosillo, Sonora. %\" \/>\n<meta property=\"og:url\" content=\"https:\/\/www.sonoraenequipo.com.mx\/israel-anuncio-declarar-persona-non-grata-al-secretario-general-de-la-onu-por-no-condenar-el-ataque-irani\/\" \/>\n<meta property=\"og:site_name\" content=\"Sonora en Equipo.\" \/>\n<meta property=\"article:publisher\" content=\"https:\/\/www.facebook.com\/SonoraEE\/\" \/>\n<meta property=\"article:author\" content=\"https:\/\/www.facebook.com\/SonoraEE\" \/>\n<meta property=\"article:published_time\" content=\"2024-10-03T05:48:46+00:00\" \/>\n<meta property=\"article:modified_time\" content=\"2024-10-03T05:53:01+00:00\" \/>\n<meta property=\"og:image\" content=\"https:\/\/www.sonoraenequipo.com.mx\/storage\/2024\/10\/Israel-anuncio-declarar-persona-non-grata-al-secretario-general-de-la-ONU-min-1.jpg\" \/>\n\t<meta property=\"og:image:width\" content=\"990\" \/>\n\t<meta property=\"og:image:height\" content=\"607\" \/>\n\t<meta property=\"og:image:type\" content=\"image\/jpeg\" \/>\n<meta name=\"author\" content=\"enequipo\" \/>\n<meta name=\"twitter:card\" content=\"summary_large_image\" \/>\n<meta name=\"twitter:creator\" content=\"@sonoraenequipo\" \/>\n<meta name=\"twitter:site\" content=\"@sonoraenequipo\" \/>\n<meta name=\"twitter:label1\" content=\"Escrito por\" \/>\n\t<meta name=\"twitter:data1\" content=\"enequipo\" \/>\n\t<meta name=\"twitter:label2\" content=\"Tiempo de lectura\" \/>\n\t<meta name=\"twitter:data2\" content=\"2 minutos\" \/>\n<script type=\"application\/ld+json\" class=\"yoast-schema-graph\">{\"@context\":\"https:\/\/schema.org\",\"@graph\":[{\"@type\":\"Article\",\"@id\":\"https:\/\/www.sonoraenequipo.com.mx\/israel-anuncio-declarar-persona-non-grata-al-secretario-general-de-la-onu-por-no-condenar-el-ataque-irani\/#article\",\"isPartOf\":{\"@id\":\"https:\/\/www.sonoraenequipo.com.mx\/israel-anuncio-declarar-persona-non-grata-al-secretario-general-de-la-onu-por-no-condenar-el-ataque-irani\/\"},\"author\":{\"name\":\"enequipo\",\"@id\":\"https:\/\/www.sonoraenequipo.com.mx\/#\/schema\/person\/50102df0fb23a8fa9e8effad8fa81386\"},\"headline\":\"Israel anunci\u00f3 declarar persona &#8216;non grata&#8217; al secretario general de la ONU por no condenar el ataque iran\u00ed\",\"datePublished\":\"2024-10-03T05:48:46+00:00\",\"dateModified\":\"2024-10-03T05:53:01+00:00\",\"mainEntityOfPage\":{\"@id\":\"https:\/\/www.sonoraenequipo.com.mx\/israel-anuncio-declarar-persona-non-grata-al-secretario-general-de-la-onu-por-no-condenar-el-ataque-irani\/\"},\"wordCount\":332,\"commentCount\":0,\"publisher\":{\"@id\":\"https:\/\/www.sonoraenequipo.com.mx\/#organization\"},\"image\":{\"@id\":\"https:\/\/www.sonoraenequipo.com.mx\/israel-anuncio-declarar-persona-non-grata-al-secretario-general-de-la-onu-por-no-condenar-el-ataque-irani\/#primaryimage\"},\"thumbnailUrl\":\"https:\/\/www.sonoraenequipo.com.mx\/storage\/2024\/10\/Israel-anuncio-declarar-persona-non-grata-al-secretario-general-de-la-ONU-min-1.jpg\",\"articleSection\":[\"MUNDO\"],\"inLanguage\":\"es\",\"potentialAction\":[{\"@type\":\"CommentAction\",\"name\":\"Comment\",\"target\":[\"https:\/\/www.sonoraenequipo.com.mx\/israel-anuncio-declarar-persona-non-grata-al-secretario-general-de-la-onu-por-no-condenar-el-ataque-irani\/#respond\"]}]},{\"@type\":\"WebPage\",\"@id\":\"https:\/\/www.sonoraenequipo.com.mx\/israel-anuncio-declarar-persona-non-grata-al-secretario-general-de-la-onu-por-no-condenar-el-ataque-irani\/\",\"url\":\"https:\/\/www.sonoraenequipo.com.mx\/israel-anuncio-declarar-persona-non-grata-al-secretario-general-de-la-onu-por-no-condenar-el-ataque-irani\/\",\"name\":\"Sonora en Equipo. Israel anunci\u00f3 declarar persona 'non grata' al secretario general de la ONU por no condenar el ataque iran\u00ed MUNDO\",\"isPartOf\":{\"@id\":\"https:\/\/www.sonoraenequipo.com.mx\/#website\"},\"primaryImageOfPage\":{\"@id\":\"https:\/\/www.sonoraenequipo.com.mx\/israel-anuncio-declarar-persona-non-grata-al-secretario-general-de-la-onu-por-no-condenar-el-ataque-irani\/#primaryimage\"},\"image\":{\"@id\":\"https:\/\/www.sonoraenequipo.com.mx\/israel-anuncio-declarar-persona-non-grata-al-secretario-general-de-la-onu-por-no-condenar-el-ataque-irani\/#primaryimage\"},\"thumbnailUrl\":\"https:\/\/www.sonoraenequipo.com.mx\/storage\/2024\/10\/Israel-anuncio-declarar-persona-non-grata-al-secretario-general-de-la-ONU-min-1.jpg\",\"datePublished\":\"2024-10-03T05:48:46+00:00\",\"dateModified\":\"2024-10-03T05:53:01+00:00\",\"description\":\"ISRAEL. \u2014 En medio del conflicto entre Israel y Palestina, as\u00ed como de los ataques armados entre Israel y El L\u00edbano, el gobierno de Israel declar\u00f3 este En Sonora en Equipo publicamos toda la informaci\u00f3n de Sonora, M\u00e9xico y el Mundo de manera oportuna y busca que la libertad de expresi\u00f3n sea real. Visita nuestro medio informativo publicado desde Hermosillo, Sonora. %\",\"breadcrumb\":{\"@id\":\"https:\/\/www.sonoraenequipo.com.mx\/israel-anuncio-declarar-persona-non-grata-al-secretario-general-de-la-onu-por-no-condenar-el-ataque-irani\/#breadcrumb\"},\"inLanguage\":\"es\",\"potentialAction\":[{\"@type\":\"ReadAction\",\"target\":[\"https:\/\/www.sonoraenequipo.com.mx\/israel-anuncio-declarar-persona-non-grata-al-secretario-general-de-la-onu-por-no-condenar-el-ataque-irani\/\"]}]},{\"@type\":\"ImageObject\",\"inLanguage\":\"es\",\"@id\":\"https:\/\/www.sonoraenequipo.com.mx\/israel-anuncio-declarar-persona-non-grata-al-secretario-general-de-la-onu-por-no-condenar-el-ataque-irani\/#primaryimage\",\"url\":\"https:\/\/www.sonoraenequipo.com.mx\/storage\/2024\/10\/Israel-anuncio-declarar-persona-non-grata-al-secretario-general-de-la-ONU-min-1.jpg\",\"contentUrl\":\"https:\/\/www.sonoraenequipo.com.mx\/storage\/2024\/10\/Israel-anuncio-declarar-persona-non-grata-al-secretario-general-de-la-ONU-min-1.jpg\",\"width\":990,\"height\":607},{\"@type\":\"BreadcrumbList\",\"@id\":\"https:\/\/www.sonoraenequipo.com.mx\/israel-anuncio-declarar-persona-non-grata-al-secretario-general-de-la-onu-por-no-condenar-el-ataque-irani\/#breadcrumb\",\"itemListElement\":[{\"@type\":\"ListItem\",\"position\":1,\"name\":\"Portada\",\"item\":\"https:\/\/www.sonoraenequipo.com.mx\/\"},{\"@type\":\"ListItem\",\"position\":2,\"name\":\"Israel anunci\u00f3 declarar persona &#8216;non grata&#8217; al secretario general de la ONU por no condenar el ataque iran\u00ed\"}]},{\"@type\":\"WebSite\",\"@id\":\"https:\/\/www.sonoraenequipo.com.mx\/#website\",\"url\":\"https:\/\/www.sonoraenequipo.com.mx\/\",\"name\":\"Sonora en Equipo.\",\"description\":\"Diario en l\u00ednea con Noticias desde Hermosillo, Sonora\",\"publisher\":{\"@id\":\"https:\/\/www.sonoraenequipo.com.mx\/#organization\"},\"potentialAction\":[{\"@type\":\"SearchAction\",\"target\":{\"@type\":\"EntryPoint\",\"urlTemplate\":\"https:\/\/www.sonoraenequipo.com.mx\/?s={search_term_string}\"},\"query-input\":{\"@type\":\"PropertyValueSpecification\",\"valueRequired\":true,\"valueName\":\"search_term_string\"}}],\"inLanguage\":\"es\"},{\"@type\":\"Organization\",\"@id\":\"https:\/\/www.sonoraenequipo.com.mx\/#organization\",\"name\":\"Sonoraenequipo.com.mx\",\"url\":\"https:\/\/www.sonoraenequipo.com.mx\/\",\"logo\":{\"@type\":\"ImageObject\",\"inLanguage\":\"es\",\"@id\":\"https:\/\/www.sonoraenequipo.com.mx\/#\/schema\/logo\/image\/\",\"url\":\"https:\/\/www.sonoraenequipo.com.mx\/storage\/2019\/01\/sonoraenequipo_opt.png\",\"contentUrl\":\"https:\/\/www.sonoraenequipo.com.mx\/storage\/2019\/01\/sonoraenequipo_opt.png\",\"width\":375,\"height\":125,\"caption\":\"Sonoraenequipo.com.mx\"},\"image\":{\"@id\":\"https:\/\/www.sonoraenequipo.com.mx\/#\/schema\/logo\/image\/\"},\"sameAs\":[\"https:\/\/www.facebook.com\/SonoraEE\/\",\"https:\/\/x.com\/sonoraenequipo\",\"https:\/\/www.youtube.com\/channel\/UC338nW-lPEYmJQs4ZABQ1SQ\"]},{\"@type\":\"Person\",\"@id\":\"https:\/\/www.sonoraenequipo.com.mx\/#\/schema\/person\/50102df0fb23a8fa9e8effad8fa81386\",\"name\":\"enequipo\",\"image\":{\"@type\":\"ImageObject\",\"inLanguage\":\"es\",\"@id\":\"https:\/\/www.sonoraenequipo.com.mx\/#\/schema\/person\/image\/\",\"url\":\"https:\/\/secure.gravatar.com\/avatar\/049821681b589dabc0bc20695993ccebb09f5b5d4d790cd9251b97faac7c652b?s=96&d=blank&r=g\",\"contentUrl\":\"https:\/\/secure.gravatar.com\/avatar\/049821681b589dabc0bc20695993ccebb09f5b5d4d790cd9251b97faac7c652b?s=96&d=blank&r=g\",\"caption\":\"enequipo\"},\"sameAs\":[\"https:\/\/www.facebook.com\/SonoraEE\"]}]}<\/script>\n ","yoast_head_json":{"title":"Sonora en Equipo. Israel anunci\u00f3 declarar persona 'non grata' al secretario general de la ONU por no condenar el ataque iran\u00ed MUNDO","description":"ISRAEL. \u2014 En medio del conflicto entre Israel y Palestina, as\u00ed como de los ataques armados entre Israel y El L\u00edbano, el gobierno de Israel declar\u00f3 este En Sonora en Equipo publicamos toda la informaci\u00f3n de Sonora, M\u00e9xico y el Mundo de manera oportuna y busca que la libertad de expresi\u00f3n sea real. Visita nuestro medio informativo publicado desde Hermosillo, Sonora. %","robots":{"index":"index","follow":"follow","max-snippet":"max-snippet:-1","max-image-preview":"max-image-preview:large","max-video-preview":"max-video-preview:-1"},"canonical":"https:\/\/www.sonoraenequipo.com.mx\/israel-anuncio-declarar-persona-non-grata-al-secretario-general-de-la-onu-por-no-condenar-el-ataque-irani\/","og_locale":"es_ES","og_type":"article","og_title":"Sonora en Equipo. Israel anunci\u00f3 declarar persona 'non grata' al secretario general de la ONU por no condenar el ataque iran\u00ed MUNDO","og_description":"ISRAEL. \u2014 En medio del conflicto entre Israel y Palestina, as\u00ed como de los ataques armados entre Israel y El L\u00edbano, el gobierno de Israel declar\u00f3 este En Sonora en Equipo publicamos toda la informaci\u00f3n de Sonora, M\u00e9xico y el Mundo de manera oportuna y busca que la libertad de expresi\u00f3n sea real. Visita nuestro medio informativo publicado desde Hermosillo, Sonora. %","og_url":"https:\/\/www.sonoraenequipo.com.mx\/israel-anuncio-declarar-persona-non-grata-al-secretario-general-de-la-onu-por-no-condenar-el-ataque-irani\/","og_site_name":"Sonora en Equipo.","article_publisher":"https:\/\/www.facebook.com\/SonoraEE\/","article_author":"https:\/\/www.facebook.com\/SonoraEE","article_published_time":"2024-10-03T05:48:46+00:00","article_modified_time":"2024-10-03T05:53:01+00:00","og_image":[{"width":990,"height":607,"url":"https:\/\/www.sonoraenequipo.com.mx\/storage\/2024\/10\/Israel-anuncio-declarar-persona-non-grata-al-secretario-general-de-la-ONU-min-1.jpg","type":"image\/jpeg"}],"author":"enequipo","twitter_card":"summary_large_image","twitter_creator":"@sonoraenequipo","twitter_site":"@sonoraenequipo","twitter_misc":{"Escrito por":"enequipo","Tiempo de lectura":"2 minutos"},"schema":{"@context":"https:\/\/schema.org","@graph":[{"@type":"Article","@id":"https:\/\/www.sonoraenequipo.com.mx\/israel-anuncio-declarar-persona-non-grata-al-secretario-general-de-la-onu-por-no-condenar-el-ataque-irani\/#article","isPartOf":{"@id":"https:\/\/www.sonoraenequipo.com.mx\/israel-anuncio-declarar-persona-non-grata-al-secretario-general-de-la-onu-por-no-condenar-el-ataque-irani\/"},"author":{"name":"enequipo","@id":"https:\/\/www.sonoraenequipo.com.mx\/#\/schema\/person\/50102df0fb23a8fa9e8effad8fa81386"},"headline":"Israel anunci\u00f3 declarar persona &#8216;non grata&#8217; al secretario general de la ONU por no condenar el ataque iran\u00ed","datePublished":"2024-10-03T05:48:46+00:00","dateModified":"2024-10-03T05:53:01+00:00","mainEntityOfPage":{"@id":"https:\/\/www.sonoraenequipo.com.mx\/israel-anuncio-declarar-persona-non-grata-al-secretario-general-de-la-onu-por-no-condenar-el-ataque-irani\/"},"wordCount":332,"commentCount":0,"publisher":{"@id":"https:\/\/www.sonoraenequipo.com.mx\/#organization"},"image":{"@id":"https:\/\/www.sonoraenequipo.com.mx\/israel-anuncio-declarar-persona-non-grata-al-secretario-general-de-la-onu-por-no-condenar-el-ataque-irani\/#primaryimage"},"thumbnailUrl":"https:\/\/www.sonoraenequipo.com.mx\/storage\/2024\/10\/Israel-anuncio-declarar-persona-non-grata-al-secretario-general-de-la-ONU-min-1.jpg","articleSection":["MUNDO"],"inLanguage":"es","potentialAction":[{"@type":"CommentAction","name":"Comment","target":["https:\/\/www.sonoraenequipo.com.mx\/israel-anuncio-declarar-persona-non-grata-al-secretario-general-de-la-onu-por-no-condenar-el-ataque-irani\/#respond"]}]},{"@type":"WebPage","@id":"https:\/\/www.sonoraenequipo.com.mx\/israel-anuncio-declarar-persona-non-grata-al-secretario-general-de-la-onu-por-no-condenar-el-ataque-irani\/","url":"https:\/\/www.sonoraenequipo.com.mx\/israel-anuncio-declarar-persona-non-grata-al-secretario-general-de-la-onu-por-no-condenar-el-ataque-irani\/","name":"Sonora en Equipo. Israel anunci\u00f3 declarar persona 'non grata' al secretario general de la ONU por no condenar el ataque iran\u00ed MUNDO","isPartOf":{"@id":"https:\/\/www.sonoraenequipo.com.mx\/#website"},"primaryImageOfPage":{"@id":"https:\/\/www.sonoraenequipo.com.mx\/israel-anuncio-declarar-persona-non-grata-al-secretario-general-de-la-onu-por-no-condenar-el-ataque-irani\/#primaryimage"},"image":{"@id":"https:\/\/www.sonoraenequipo.com.mx\/israel-anuncio-declarar-persona-non-grata-al-secretario-general-de-la-onu-por-no-condenar-el-ataque-irani\/#primaryimage"},"thumbnailUrl":"https:\/\/www.sonoraenequipo.com.mx\/storage\/2024\/10\/Israel-anuncio-declarar-persona-non-grata-al-secretario-general-de-la-ONU-min-1.jpg","datePublished":"2024-10-03T05:48:46+00:00","dateModified":"2024-10-03T05:53:01+00:00","description":"ISRAEL. \u2014 En medio del conflicto entre Israel y Palestina, as\u00ed como de los ataques armados entre Israel y El L\u00edbano, el gobierno de Israel declar\u00f3 este En Sonora en Equipo publicamos toda la informaci\u00f3n de Sonora, M\u00e9xico y el Mundo de manera oportuna y busca que la libertad de expresi\u00f3n sea real. Visita nuestro medio informativo publicado desde Hermosillo, Sonora. %","breadcrumb":{"@id":"https:\/\/www.sonoraenequipo.com.mx\/israel-anuncio-declarar-persona-non-grata-al-secretario-general-de-la-onu-por-no-condenar-el-ataque-irani\/#breadcrumb"},"inLanguage":"es","potentialAction":[{"@type":"ReadAction","target":["https:\/\/www.sonoraenequipo.com.mx\/israel-anuncio-declarar-persona-non-grata-al-secretario-general-de-la-onu-por-no-condenar-el-ataque-irani\/"]}]},{"@type":"ImageObject","inLanguage":"es","@id":"https:\/\/www.sonoraenequipo.com.mx\/israel-anuncio-declarar-persona-non-grata-al-secretario-general-de-la-onu-por-no-condenar-el-ataque-irani\/#primaryimage","url":"https:\/\/www.sonoraenequipo.com.mx\/storage\/2024\/10\/Israel-anuncio-declarar-persona-non-grata-al-secretario-general-de-la-ONU-min-1.jpg","contentUrl":"https:\/\/www.sonoraenequipo.com.mx\/storage\/2024\/10\/Israel-anuncio-declarar-persona-non-grata-al-secretario-general-de-la-ONU-min-1.jpg","width":990,"height":607},{"@type":"BreadcrumbList","@id":"https:\/\/www.sonoraenequipo.com.mx\/israel-anuncio-declarar-persona-non-grata-al-secretario-general-de-la-onu-por-no-condenar-el-ataque-irani\/#breadcrumb","itemListElement":[{"@type":"ListItem","position":1,"name":"Portada","item":"https:\/\/www.sonoraenequipo.com.mx\/"},{"@type":"ListItem","position":2,"name":"Israel anunci\u00f3 declarar persona &#8216;non grata&#8217; al secretario general de la ONU por no condenar el ataque iran\u00ed"}]},{"@type":"WebSite","@id":"https:\/\/www.sonoraenequipo.com.mx\/#website","url":"https:\/\/www.sonoraenequipo.com.mx\/","name":"Sonora en Equipo.","description":"Diario en l\u00ednea con Noticias desde Hermosillo, Sonora","publisher":{"@id":"https:\/\/www.sonoraenequipo.com.mx\/#organization"},"potentialAction":[{"@type":"SearchAction","target":{"@type":"EntryPoint","urlTemplate":"https:\/\/www.sonoraenequipo.com.mx\/?s={search_term_string}"},"query-input":{"@type":"PropertyValueSpecification","valueRequired":true,"valueName":"search_term_string"}}],"inLanguage":"es"},{"@type":"Organization","@id":"https:\/\/www.sonoraenequipo.com.mx\/#organization","name":"Sonoraenequipo.com.mx","url":"https:\/\/www.sonoraenequipo.com.mx\/","logo":{"@type":"ImageObject","inLanguage":"es","@id":"https:\/\/www.sonoraenequipo.com.mx\/#\/schema\/logo\/image\/","url":"https:\/\/www.sonoraenequipo.com.mx\/storage\/2019\/01\/sonoraenequipo_opt.png","contentUrl":"https:\/\/www.sonoraenequipo.com.mx\/storage\/2019\/01\/sonoraenequipo_opt.png","width":375,"height":125,"caption":"Sonoraenequipo.com.mx"},"image":{"@id":"https:\/\/www.sonoraenequipo.com.mx\/#\/schema\/logo\/image\/"},"sameAs":["https:\/\/www.facebook.com\/SonoraEE\/","https:\/\/x.com\/sonoraenequipo","https:\/\/www.youtube.com\/channel\/UC338nW-lPEYmJQs4ZABQ1SQ"]},{"@type":"Person","@id":"https:\/\/www.sonoraenequipo.com.mx\/#\/schema\/person\/50102df0fb23a8fa9e8effad8fa81386","name":"enequipo","image":{"@type":"ImageObject","inLanguage":"es","@id":"https:\/\/www.sonoraenequipo.com.mx\/#\/schema\/person\/image\/","url":"https:\/\/secure.gravatar.com\/avatar\/049821681b589dabc0bc20695993ccebb09f5b5d4d790cd9251b97faac7c652b?s=96&d=blank&r=g","contentUrl":"https:\/\/secure.gravatar.com\/avatar\/049821681b589dabc0bc20695993ccebb09f5b5d4d790cd9251b97faac7c652b?s=96&d=blank&r=g","caption":"enequipo"},"sameAs":["https:\/\/www.facebook.com\/SonoraEE"]}]}},"jetpack_featured_media_url":"https:\/\/www.sonoraenequipo.com.mx\/storage\/2024\/10\/Israel-anuncio-declarar-persona-non-grata-al-secretario-general-de-la-ONU-min-1.jpg","_links":{"self":[{"href":"https:\/\/www.sonoraenequipo.com.mx\/api\/wp\/v2\/posts\/200452","targetHints":{"allow":["GET"]}}],"collection":[{"href":"https:\/\/www.sonoraenequipo.com.mx\/api\/wp\/v2\/posts"}],"about":[{"href":"https:\/\/www.sonoraenequipo.com.mx\/api\/wp\/v2\/types\/post"}],"author":[{"embeddable":true,"href":"https:\/\/www.sonoraenequipo.com.mx\/api\/wp\/v2\/users\/1"}],"replies":[{"embeddable":true,"href":"https:\/\/www.sonoraenequipo.com.mx\/api\/wp\/v2\/comments?post=200452"}],"version-history":[{"count":1,"href":"https:\/\/www.sonoraenequipo.com.mx\/api\/wp\/v2\/posts\/200452\/revisions"}],"predecessor-version":[{"id":200453,"href":"https:\/\/www.sonoraenequipo.com.mx\/api\/wp\/v2\/posts\/200452\/revisions\/200453"}],"wp:featuredmedia":[{"embeddable":true,"href":"https:\/\/www.sonoraenequipo.com.mx\/api\/wp\/v2\/media\/200456"}],"wp:attachment":[{"href":"https:\/\/www.sonoraenequipo.com.mx\/api\/wp\/v2\/media?parent=200452"}],"wp:term":[{"taxonomy":"category","embeddable":true,"href":"https:\/\/www.sonoraenequipo.com.mx\/api\/wp\/v2\/categories?post=200452"},{"taxonomy":"post_tag","embeddable":true,"href":"https:\/\/www.sonoraenequipo.com.mx\/api\/wp\/v2\/tags?post=200452"}],"curies":[{"name":"wp","href":"https:\/\/api.w.org\/{rel}","templated":true}]}}