{"id":200462,"date":"2024-10-02T07:12:24","date_gmt":"2024-10-02T14:12:24","guid":{"rendered":"https:\/\/www.sonoraenequipo.com.mx\/?p=200462"},"modified":"2024-10-03T08:44:15","modified_gmt":"2024-10-03T15:44:15","slug":"avion-en-que-viajaba-lula-rumbo-a-brasilia-aterriza-a-salvo-en-ciudad-de-mexico-tras-falla-tecnica","status":"publish","type":"post","link":"https:\/\/www.sonoraenequipo.com.mx\/avion-en-que-viajaba-lula-rumbo-a-brasilia-aterriza-a-salvo-en-ciudad-de-mexico-tras-falla-tecnica\/","title":{"rendered":"Avi\u00f3n en que viajaba Lula rumbo a Brasilia aterriza a salvo en Ciudad de M\u00e9xico tras falla t\u00e9cnica"},"content":{"rendered":"<p><strong>CIUDAD DE M\u00c9XICO. MX.<\/strong> \u2014 Un avi\u00f3n en que el presidente brasile\u00f1o Luiz In\u00e1cio Lula da Silva viajaba el martes con destino a Brasilia aterriz\u00f3 a salvo en el aeropuerto Felipe \u00c1ngeles de Ciudad de M\u00e9xico despu\u00e9s de sobrevolar la capital del pa\u00eds durante varias horas debido a un problema t\u00e9cnico.<\/p>\n<p>&nbsp;<\/p>\n<p>&nbsp;<\/p>\n<p> <\/p>\n<p>La fuerza a\u00e9rea brasile\u00f1a confirm\u00f3 que la aeronave, un Airbus A319, aterriz\u00f3 a salvo a las 7:16 de la tarde, hora local, despu\u00e9s de sobrevolar el aeropuerto durante cuatro horas.<\/p>\n<p>&nbsp;<\/p>\n<p>&nbsp;<\/p>\n<p>&nbsp;<\/p>\n<p>\u00abAterrizamos y todos est\u00e1n bien\u00bb, dijo el secretario de prensa brasile\u00f1o Jos\u00e9 Chrispiniano en entrevista telef\u00f3nica con The Associated Press.<\/p>\n<p>&nbsp;<\/p>\n<p>&nbsp;<\/p>\n<p>&nbsp;<\/p>\n<p>El avi\u00f3n hab\u00eda partido la tarde del martes despu\u00e9s de la investidura de la presidenta de M\u00e9xico Claudia Sheinbaum, pero sufri\u00f3 un problema t\u00e9cnico despu\u00e9s de despegar de Ciudad de M\u00e9xico. La fuerza a\u00e9rea brasile\u00f1a indic\u00f3 en un comunicado que la aeronave deb\u00eda consumir combustible suficiente para que se le permitiera aterrizar a salvo.<\/p>\n<p>&nbsp;<\/p>\n<p>&nbsp;<\/p>\n<p>&nbsp;<\/p>\n<h3>Toc\u00f3 tierra casi cinco horas despu\u00e9s del despegue.<\/h3>\n<p>&nbsp;<\/p>\n<p>&nbsp;<\/p>\n<p>&nbsp;<\/p>\n<p>Lula ten\u00eda previsto abordar otro avi\u00f3n para regresar a Brasilia.<\/p>\n<p>&nbsp;<\/p>\n<p>&nbsp;<\/p>\n<p>&nbsp;<\/p>\n<p>La fuerza a\u00e9rea brasile\u00f1a a\u00f1adi\u00f3 que se implementaron con \u00e9xito <em><strong>\u00ablos procedimientos de seguridad por el problema\u00bb,<\/strong><\/em> pero los pilotos deben <strong><em>\u00abesperar a que se consuma la cantidad de combustible suficiente para que el avi\u00f3n regrese al mismo aeropuerto del que despeg\u00f3\u00bb.<\/em><\/strong><\/p>\n<p>&nbsp;<\/p>\n<p>&nbsp;<\/p>\n<p>&nbsp;<\/p>\n<p>Una fuente que viajaba en el avi\u00f3n dijo que Lula mantuvo la calma aunque se mostr\u00f3 preocupado durante todo el vuelo, el cual llevaba a 16 personas a bordo, incluida a la primera dama Ros\u00e2ngela Lula da Silva, miembros del gabinete, legisladores y tripulantes.<\/p>\n<p>&nbsp;<\/p>\n<p>&nbsp;<\/p>\n<p>&nbsp;<\/p>\n<p>La fuente habl\u00f3 bajo condici\u00f3n de anonimato debido a que no estaba autorizada a dar declaraciones p\u00fablicas del asunto.<\/p>\n<p>&nbsp;<\/p>\n<p>&nbsp;<\/p>\n<p>&nbsp;<\/p>\n<p>Lula lleg\u00f3 a M\u00e9xico el domingo y sostuvo una reuni\u00f3n con el ahora expresidente Andr\u00e9s Manuel L\u00f3pez Obrador. Parti\u00f3 rumbo a Brasil despu\u00e9s de asistir a la investidura de Sheinbaum la ma\u00f1ana del martes.<\/p>\n<p>&nbsp;<\/p>\n<p>&nbsp;<\/p>\n<p>&nbsp;<\/p>\n<p>El aeropuerto comercial fue construido en una base militar por instrucciones de L\u00f3pez Obrador despu\u00e9s de que cancel\u00f3 el proyecto de un aeropuerto que ya estaba parcialmente construido y quedaba m\u00e1s cerca de la capital. Los dignatarios extranjeros, como la primera dama estadounidense Jill Biden, llegaron a ese aeropuerto para asistir a la inauguraci\u00f3n de Sheinbaum.<\/p>\n<p>&nbsp;<\/p>\n<p>&nbsp;<\/p>\n<p>La prensa brasile\u00f1a inform\u00f3 que miembros del personal de Lula que viajaban a bordo del avi\u00f3n creen que el problema pudo deberse al impacto de un ave. Dos de los miembros del personal no respondieron de momento a las solicitudes de comentario de The Associated Press.<\/p>\n<p>&nbsp;<\/p>\n<p>&nbsp;<\/p>\n<p>Los expertos en aviaci\u00f3n han dicho que el protocolo de aterrizaje luego de un impacto con aves requiere que los pilotos vuelen cerca de un aeropuerto mientras consumen gasolina.<\/p>\n<p>&nbsp;<\/p>\n<p>&nbsp;<\/p>\n<p>&nbsp;<\/p>\n<p>En enero, un avi\u00f3n en el que viajaba el equipo de seguridad de Lula no pudo despegar debido a que registr\u00f3 una falla t\u00e9cnica durante un viaje al estado de Para\u00edba, en el noreste de Brasil. La presidencia de Brasil dijo despu\u00e9s del incidente que los miembros del personal no corrieron ning\u00fan riesgo.<\/p>\n<p>&nbsp;<\/p>\n<p>&nbsp;<\/p>\n<p>PUBLICADO EL 02 DE OCTUBRE DE 2024 Con informaci\u00f3n de AP)<\/p>\n","protected":false},"excerpt":{"rendered":"<p>CIUDAD DE M\u00c9XICO. MX. \u2014 Un avi\u00f3n en que el presidente brasile\u00f1o Luiz In\u00e1cio Lula&#8230;<\/p>\n","protected":false},"author":1,"featured_media":200465,"comment_status":"open","ping_status":"open","sticky":false,"template":"","format":"standard","meta":{"_monsterinsights_skip_tracking":false,"_monsterinsights_sitenote_active":false,"_monsterinsights_sitenote_note":"","_monsterinsights_sitenote_category":0,"footnotes":""},"categories":[3],"tags":[],"class_list":["post"],"yoast_head":" \n<title>Sonora en Equipo. Avi\u00f3n en que viajaba Lula rumbo a Brasilia aterriza a salvo en Ciudad de M\u00e9xico tras falla t\u00e9cnica MUNDO<\/title>\n<meta name=\"description\" content=\"CIUDAD DE M\u00c9XICO. MX. \u2014 Un avi\u00f3n en que el presidente brasile\u00f1o Luiz In\u00e1cio Lula da Silva viajaba el martes con destino a Brasilia aterriz\u00f3 a salvo en el En Sonora en Equipo publicamos toda la informaci\u00f3n de Sonora, M\u00e9xico y el Mundo de manera oportuna y busca que la libertad de expresi\u00f3n sea real. Visita nuestro medio informativo publicado desde Hermosillo, Sonora. %\" \/>\n<meta name=\"robots\" content=\"index, follow, max-snippet:-1, max-image-preview:large, max-video-preview:-1\" \/>\n<link rel=\"canonical\" href=\"https:\/\/www.sonoraenequipo.com.mx\/avion-en-que-viajaba-lula-rumbo-a-brasilia-aterriza-a-salvo-en-ciudad-de-mexico-tras-falla-tecnica\/\" \/>\n<meta property=\"og:locale\" content=\"es_ES\" \/>\n<meta property=\"og:type\" content=\"article\" \/>\n<meta property=\"og:title\" content=\"Sonora en Equipo. Avi\u00f3n en que viajaba Lula rumbo a Brasilia aterriza a salvo en Ciudad de M\u00e9xico tras falla t\u00e9cnica MUNDO\" \/>\n<meta property=\"og:description\" content=\"CIUDAD DE M\u00c9XICO. MX. \u2014 Un avi\u00f3n en que el presidente brasile\u00f1o Luiz In\u00e1cio Lula da Silva viajaba el martes con destino a Brasilia aterriz\u00f3 a salvo en el En Sonora en Equipo publicamos toda la informaci\u00f3n de Sonora, M\u00e9xico y el Mundo de manera oportuna y busca que la libertad de expresi\u00f3n sea real. Visita nuestro medio informativo publicado desde Hermosillo, Sonora. %\" \/>\n<meta property=\"og:url\" content=\"https:\/\/www.sonoraenequipo.com.mx\/avion-en-que-viajaba-lula-rumbo-a-brasilia-aterriza-a-salvo-en-ciudad-de-mexico-tras-falla-tecnica\/\" \/>\n<meta property=\"og:site_name\" content=\"Sonora en Equipo.\" \/>\n<meta property=\"article:publisher\" content=\"https:\/\/www.facebook.com\/SonoraEE\/\" \/>\n<meta property=\"article:author\" content=\"https:\/\/www.facebook.com\/SonoraEE\" \/>\n<meta property=\"article:published_time\" content=\"2024-10-02T14:12:24+00:00\" \/>\n<meta property=\"article:modified_time\" content=\"2024-10-03T15:44:15+00:00\" \/>\n<meta property=\"og:image\" content=\"https:\/\/www.sonoraenequipo.com.mx\/storage\/2024\/10\/aeronave-de-Lula-DaSilva-con-problemas-min.jpg\" \/>\n\t<meta property=\"og:image:width\" content=\"900\" \/>\n\t<meta property=\"og:image:height\" content=\"557\" \/>\n\t<meta property=\"og:image:type\" content=\"image\/jpeg\" \/>\n<meta name=\"author\" content=\"enequipo\" \/>\n<meta name=\"twitter:card\" content=\"summary_large_image\" \/>\n<meta name=\"twitter:creator\" content=\"@sonoraenequipo\" \/>\n<meta name=\"twitter:site\" content=\"@sonoraenequipo\" \/>\n<meta name=\"twitter:label1\" content=\"Escrito por\" \/>\n\t<meta name=\"twitter:data1\" content=\"enequipo\" \/>\n\t<meta name=\"twitter:label2\" content=\"Tiempo de lectura\" \/>\n\t<meta name=\"twitter:data2\" content=\"3 minutos\" \/>\n<script type=\"application\/ld+json\" class=\"yoast-schema-graph\">{\"@context\":\"https:\/\/schema.org\",\"@graph\":[{\"@type\":\"Article\",\"@id\":\"https:\/\/www.sonoraenequipo.com.mx\/avion-en-que-viajaba-lula-rumbo-a-brasilia-aterriza-a-salvo-en-ciudad-de-mexico-tras-falla-tecnica\/#article\",\"isPartOf\":{\"@id\":\"https:\/\/www.sonoraenequipo.com.mx\/avion-en-que-viajaba-lula-rumbo-a-brasilia-aterriza-a-salvo-en-ciudad-de-mexico-tras-falla-tecnica\/\"},\"author\":{\"name\":\"enequipo\",\"@id\":\"https:\/\/www.sonoraenequipo.com.mx\/#\/schema\/person\/50102df0fb23a8fa9e8effad8fa81386\"},\"headline\":\"Avi\u00f3n en que viajaba Lula rumbo a Brasilia aterriza a salvo en Ciudad de M\u00e9xico tras falla t\u00e9cnica\",\"datePublished\":\"2024-10-02T14:12:24+00:00\",\"dateModified\":\"2024-10-03T15:44:15+00:00\",\"mainEntityOfPage\":{\"@id\":\"https:\/\/www.sonoraenequipo.com.mx\/avion-en-que-viajaba-lula-rumbo-a-brasilia-aterriza-a-salvo-en-ciudad-de-mexico-tras-falla-tecnica\/\"},\"wordCount\":615,\"commentCount\":0,\"publisher\":{\"@id\":\"https:\/\/www.sonoraenequipo.com.mx\/#organization\"},\"image\":{\"@id\":\"https:\/\/www.sonoraenequipo.com.mx\/avion-en-que-viajaba-lula-rumbo-a-brasilia-aterriza-a-salvo-en-ciudad-de-mexico-tras-falla-tecnica\/#primaryimage\"},\"thumbnailUrl\":\"https:\/\/www.sonoraenequipo.com.mx\/storage\/2024\/10\/aeronave-de-Lula-DaSilva-con-problemas-min.jpg\",\"articleSection\":[\"MUNDO\"],\"inLanguage\":\"es\",\"potentialAction\":[{\"@type\":\"CommentAction\",\"name\":\"Comment\",\"target\":[\"https:\/\/www.sonoraenequipo.com.mx\/avion-en-que-viajaba-lula-rumbo-a-brasilia-aterriza-a-salvo-en-ciudad-de-mexico-tras-falla-tecnica\/#respond\"]}]},{\"@type\":\"WebPage\",\"@id\":\"https:\/\/www.sonoraenequipo.com.mx\/avion-en-que-viajaba-lula-rumbo-a-brasilia-aterriza-a-salvo-en-ciudad-de-mexico-tras-falla-tecnica\/\",\"url\":\"https:\/\/www.sonoraenequipo.com.mx\/avion-en-que-viajaba-lula-rumbo-a-brasilia-aterriza-a-salvo-en-ciudad-de-mexico-tras-falla-tecnica\/\",\"name\":\"Sonora en Equipo. Avi\u00f3n en que viajaba Lula rumbo a Brasilia aterriza a salvo en Ciudad de M\u00e9xico tras falla t\u00e9cnica MUNDO\",\"isPartOf\":{\"@id\":\"https:\/\/www.sonoraenequipo.com.mx\/#website\"},\"primaryImageOfPage\":{\"@id\":\"https:\/\/www.sonoraenequipo.com.mx\/avion-en-que-viajaba-lula-rumbo-a-brasilia-aterriza-a-salvo-en-ciudad-de-mexico-tras-falla-tecnica\/#primaryimage\"},\"image\":{\"@id\":\"https:\/\/www.sonoraenequipo.com.mx\/avion-en-que-viajaba-lula-rumbo-a-brasilia-aterriza-a-salvo-en-ciudad-de-mexico-tras-falla-tecnica\/#primaryimage\"},\"thumbnailUrl\":\"https:\/\/www.sonoraenequipo.com.mx\/storage\/2024\/10\/aeronave-de-Lula-DaSilva-con-problemas-min.jpg\",\"datePublished\":\"2024-10-02T14:12:24+00:00\",\"dateModified\":\"2024-10-03T15:44:15+00:00\",\"description\":\"CIUDAD DE M\u00c9XICO. MX. \u2014 Un avi\u00f3n en que el presidente brasile\u00f1o Luiz In\u00e1cio Lula da Silva viajaba el martes con destino a Brasilia aterriz\u00f3 a salvo en el En Sonora en Equipo publicamos toda la informaci\u00f3n de Sonora, M\u00e9xico y el Mundo de manera oportuna y busca que la libertad de expresi\u00f3n sea real. Visita nuestro medio informativo publicado desde Hermosillo, Sonora. %\",\"breadcrumb\":{\"@id\":\"https:\/\/www.sonoraenequipo.com.mx\/avion-en-que-viajaba-lula-rumbo-a-brasilia-aterriza-a-salvo-en-ciudad-de-mexico-tras-falla-tecnica\/#breadcrumb\"},\"inLanguage\":\"es\",\"potentialAction\":[{\"@type\":\"ReadAction\",\"target\":[\"https:\/\/www.sonoraenequipo.com.mx\/avion-en-que-viajaba-lula-rumbo-a-brasilia-aterriza-a-salvo-en-ciudad-de-mexico-tras-falla-tecnica\/\"]}]},{\"@type\":\"ImageObject\",\"inLanguage\":\"es\",\"@id\":\"https:\/\/www.sonoraenequipo.com.mx\/avion-en-que-viajaba-lula-rumbo-a-brasilia-aterriza-a-salvo-en-ciudad-de-mexico-tras-falla-tecnica\/#primaryimage\",\"url\":\"https:\/\/www.sonoraenequipo.com.mx\/storage\/2024\/10\/aeronave-de-Lula-DaSilva-con-problemas-min.jpg\",\"contentUrl\":\"https:\/\/www.sonoraenequipo.com.mx\/storage\/2024\/10\/aeronave-de-Lula-DaSilva-con-problemas-min.jpg\",\"width\":900,\"height\":557},{\"@type\":\"BreadcrumbList\",\"@id\":\"https:\/\/www.sonoraenequipo.com.mx\/avion-en-que-viajaba-lula-rumbo-a-brasilia-aterriza-a-salvo-en-ciudad-de-mexico-tras-falla-tecnica\/#breadcrumb\",\"itemListElement\":[{\"@type\":\"ListItem\",\"position\":1,\"name\":\"Portada\",\"item\":\"https:\/\/www.sonoraenequipo.com.mx\/\"},{\"@type\":\"ListItem\",\"position\":2,\"name\":\"Avi\u00f3n en que viajaba Lula rumbo a Brasilia aterriza a salvo en Ciudad de M\u00e9xico tras falla t\u00e9cnica\"}]},{\"@type\":\"WebSite\",\"@id\":\"https:\/\/www.sonoraenequipo.com.mx\/#website\",\"url\":\"https:\/\/www.sonoraenequipo.com.mx\/\",\"name\":\"Sonora en Equipo.\",\"description\":\"Diario en l\u00ednea con Noticias desde Hermosillo, Sonora\",\"publisher\":{\"@id\":\"https:\/\/www.sonoraenequipo.com.mx\/#organization\"},\"potentialAction\":[{\"@type\":\"SearchAction\",\"target\":{\"@type\":\"EntryPoint\",\"urlTemplate\":\"https:\/\/www.sonoraenequipo.com.mx\/?s={search_term_string}\"},\"query-input\":{\"@type\":\"PropertyValueSpecification\",\"valueRequired\":true,\"valueName\":\"search_term_string\"}}],\"inLanguage\":\"es\"},{\"@type\":\"Organization\",\"@id\":\"https:\/\/www.sonoraenequipo.com.mx\/#organization\",\"name\":\"Sonoraenequipo.com.mx\",\"url\":\"https:\/\/www.sonoraenequipo.com.mx\/\",\"logo\":{\"@type\":\"ImageObject\",\"inLanguage\":\"es\",\"@id\":\"https:\/\/www.sonoraenequipo.com.mx\/#\/schema\/logo\/image\/\",\"url\":\"https:\/\/www.sonoraenequipo.com.mx\/storage\/2019\/01\/sonoraenequipo_opt.png\",\"contentUrl\":\"https:\/\/www.sonoraenequipo.com.mx\/storage\/2019\/01\/sonoraenequipo_opt.png\",\"width\":375,\"height\":125,\"caption\":\"Sonoraenequipo.com.mx\"},\"image\":{\"@id\":\"https:\/\/www.sonoraenequipo.com.mx\/#\/schema\/logo\/image\/\"},\"sameAs\":[\"https:\/\/www.facebook.com\/SonoraEE\/\",\"https:\/\/x.com\/sonoraenequipo\",\"https:\/\/www.youtube.com\/channel\/UC338nW-lPEYmJQs4ZABQ1SQ\"]},{\"@type\":\"Person\",\"@id\":\"https:\/\/www.sonoraenequipo.com.mx\/#\/schema\/person\/50102df0fb23a8fa9e8effad8fa81386\",\"name\":\"enequipo\",\"image\":{\"@type\":\"ImageObject\",\"inLanguage\":\"es\",\"@id\":\"https:\/\/www.sonoraenequipo.com.mx\/#\/schema\/person\/image\/\",\"url\":\"https:\/\/secure.gravatar.com\/avatar\/049821681b589dabc0bc20695993ccebb09f5b5d4d790cd9251b97faac7c652b?s=96&d=blank&r=g\",\"contentUrl\":\"https:\/\/secure.gravatar.com\/avatar\/049821681b589dabc0bc20695993ccebb09f5b5d4d790cd9251b97faac7c652b?s=96&d=blank&r=g\",\"caption\":\"enequipo\"},\"sameAs\":[\"https:\/\/www.facebook.com\/SonoraEE\"]}]}<\/script>\n ","yoast_head_json":{"title":"Sonora en Equipo. Avi\u00f3n en que viajaba Lula rumbo a Brasilia aterriza a salvo en Ciudad de M\u00e9xico tras falla t\u00e9cnica MUNDO","description":"CIUDAD DE M\u00c9XICO. MX. \u2014 Un avi\u00f3n en que el presidente brasile\u00f1o Luiz In\u00e1cio Lula da Silva viajaba el martes con destino a Brasilia aterriz\u00f3 a salvo en el En Sonora en Equipo publicamos toda la informaci\u00f3n de Sonora, M\u00e9xico y el Mundo de manera oportuna y busca que la libertad de expresi\u00f3n sea real. Visita nuestro medio informativo publicado desde Hermosillo, Sonora. %","robots":{"index":"index","follow":"follow","max-snippet":"max-snippet:-1","max-image-preview":"max-image-preview:large","max-video-preview":"max-video-preview:-1"},"canonical":"https:\/\/www.sonoraenequipo.com.mx\/avion-en-que-viajaba-lula-rumbo-a-brasilia-aterriza-a-salvo-en-ciudad-de-mexico-tras-falla-tecnica\/","og_locale":"es_ES","og_type":"article","og_title":"Sonora en Equipo. Avi\u00f3n en que viajaba Lula rumbo a Brasilia aterriza a salvo en Ciudad de M\u00e9xico tras falla t\u00e9cnica MUNDO","og_description":"CIUDAD DE M\u00c9XICO. MX. \u2014 Un avi\u00f3n en que el presidente brasile\u00f1o Luiz In\u00e1cio Lula da Silva viajaba el martes con destino a Brasilia aterriz\u00f3 a salvo en el En Sonora en Equipo publicamos toda la informaci\u00f3n de Sonora, M\u00e9xico y el Mundo de manera oportuna y busca que la libertad de expresi\u00f3n sea real. Visita nuestro medio informativo publicado desde Hermosillo, Sonora. %","og_url":"https:\/\/www.sonoraenequipo.com.mx\/avion-en-que-viajaba-lula-rumbo-a-brasilia-aterriza-a-salvo-en-ciudad-de-mexico-tras-falla-tecnica\/","og_site_name":"Sonora en Equipo.","article_publisher":"https:\/\/www.facebook.com\/SonoraEE\/","article_author":"https:\/\/www.facebook.com\/SonoraEE","article_published_time":"2024-10-02T14:12:24+00:00","article_modified_time":"2024-10-03T15:44:15+00:00","og_image":[{"width":900,"height":557,"url":"https:\/\/www.sonoraenequipo.com.mx\/storage\/2024\/10\/aeronave-de-Lula-DaSilva-con-problemas-min.jpg","type":"image\/jpeg"}],"author":"enequipo","twitter_card":"summary_large_image","twitter_creator":"@sonoraenequipo","twitter_site":"@sonoraenequipo","twitter_misc":{"Escrito por":"enequipo","Tiempo de lectura":"3 minutos"},"schema":{"@context":"https:\/\/schema.org","@graph":[{"@type":"Article","@id":"https:\/\/www.sonoraenequipo.com.mx\/avion-en-que-viajaba-lula-rumbo-a-brasilia-aterriza-a-salvo-en-ciudad-de-mexico-tras-falla-tecnica\/#article","isPartOf":{"@id":"https:\/\/www.sonoraenequipo.com.mx\/avion-en-que-viajaba-lula-rumbo-a-brasilia-aterriza-a-salvo-en-ciudad-de-mexico-tras-falla-tecnica\/"},"author":{"name":"enequipo","@id":"https:\/\/www.sonoraenequipo.com.mx\/#\/schema\/person\/50102df0fb23a8fa9e8effad8fa81386"},"headline":"Avi\u00f3n en que viajaba Lula rumbo a Brasilia aterriza a salvo en Ciudad de M\u00e9xico tras falla t\u00e9cnica","datePublished":"2024-10-02T14:12:24+00:00","dateModified":"2024-10-03T15:44:15+00:00","mainEntityOfPage":{"@id":"https:\/\/www.sonoraenequipo.com.mx\/avion-en-que-viajaba-lula-rumbo-a-brasilia-aterriza-a-salvo-en-ciudad-de-mexico-tras-falla-tecnica\/"},"wordCount":615,"commentCount":0,"publisher":{"@id":"https:\/\/www.sonoraenequipo.com.mx\/#organization"},"image":{"@id":"https:\/\/www.sonoraenequipo.com.mx\/avion-en-que-viajaba-lula-rumbo-a-brasilia-aterriza-a-salvo-en-ciudad-de-mexico-tras-falla-tecnica\/#primaryimage"},"thumbnailUrl":"https:\/\/www.sonoraenequipo.com.mx\/storage\/2024\/10\/aeronave-de-Lula-DaSilva-con-problemas-min.jpg","articleSection":["MUNDO"],"inLanguage":"es","potentialAction":[{"@type":"CommentAction","name":"Comment","target":["https:\/\/www.sonoraenequipo.com.mx\/avion-en-que-viajaba-lula-rumbo-a-brasilia-aterriza-a-salvo-en-ciudad-de-mexico-tras-falla-tecnica\/#respond"]}]},{"@type":"WebPage","@id":"https:\/\/www.sonoraenequipo.com.mx\/avion-en-que-viajaba-lula-rumbo-a-brasilia-aterriza-a-salvo-en-ciudad-de-mexico-tras-falla-tecnica\/","url":"https:\/\/www.sonoraenequipo.com.mx\/avion-en-que-viajaba-lula-rumbo-a-brasilia-aterriza-a-salvo-en-ciudad-de-mexico-tras-falla-tecnica\/","name":"Sonora en Equipo. Avi\u00f3n en que viajaba Lula rumbo a Brasilia aterriza a salvo en Ciudad de M\u00e9xico tras falla t\u00e9cnica MUNDO","isPartOf":{"@id":"https:\/\/www.sonoraenequipo.com.mx\/#website"},"primaryImageOfPage":{"@id":"https:\/\/www.sonoraenequipo.com.mx\/avion-en-que-viajaba-lula-rumbo-a-brasilia-aterriza-a-salvo-en-ciudad-de-mexico-tras-falla-tecnica\/#primaryimage"},"image":{"@id":"https:\/\/www.sonoraenequipo.com.mx\/avion-en-que-viajaba-lula-rumbo-a-brasilia-aterriza-a-salvo-en-ciudad-de-mexico-tras-falla-tecnica\/#primaryimage"},"thumbnailUrl":"https:\/\/www.sonoraenequipo.com.mx\/storage\/2024\/10\/aeronave-de-Lula-DaSilva-con-problemas-min.jpg","datePublished":"2024-10-02T14:12:24+00:00","dateModified":"2024-10-03T15:44:15+00:00","description":"CIUDAD DE M\u00c9XICO. MX. \u2014 Un avi\u00f3n en que el presidente brasile\u00f1o Luiz In\u00e1cio Lula da Silva viajaba el martes con destino a Brasilia aterriz\u00f3 a salvo en el En Sonora en Equipo publicamos toda la informaci\u00f3n de Sonora, M\u00e9xico y el Mundo de manera oportuna y busca que la libertad de expresi\u00f3n sea real. Visita nuestro medio informativo publicado desde Hermosillo, Sonora. %","breadcrumb":{"@id":"https:\/\/www.sonoraenequipo.com.mx\/avion-en-que-viajaba-lula-rumbo-a-brasilia-aterriza-a-salvo-en-ciudad-de-mexico-tras-falla-tecnica\/#breadcrumb"},"inLanguage":"es","potentialAction":[{"@type":"ReadAction","target":["https:\/\/www.sonoraenequipo.com.mx\/avion-en-que-viajaba-lula-rumbo-a-brasilia-aterriza-a-salvo-en-ciudad-de-mexico-tras-falla-tecnica\/"]}]},{"@type":"ImageObject","inLanguage":"es","@id":"https:\/\/www.sonoraenequipo.com.mx\/avion-en-que-viajaba-lula-rumbo-a-brasilia-aterriza-a-salvo-en-ciudad-de-mexico-tras-falla-tecnica\/#primaryimage","url":"https:\/\/www.sonoraenequipo.com.mx\/storage\/2024\/10\/aeronave-de-Lula-DaSilva-con-problemas-min.jpg","contentUrl":"https:\/\/www.sonoraenequipo.com.mx\/storage\/2024\/10\/aeronave-de-Lula-DaSilva-con-problemas-min.jpg","width":900,"height":557},{"@type":"BreadcrumbList","@id":"https:\/\/www.sonoraenequipo.com.mx\/avion-en-que-viajaba-lula-rumbo-a-brasilia-aterriza-a-salvo-en-ciudad-de-mexico-tras-falla-tecnica\/#breadcrumb","itemListElement":[{"@type":"ListItem","position":1,"name":"Portada","item":"https:\/\/www.sonoraenequipo.com.mx\/"},{"@type":"ListItem","position":2,"name":"Avi\u00f3n en que viajaba Lula rumbo a Brasilia aterriza a salvo en Ciudad de M\u00e9xico tras falla t\u00e9cnica"}]},{"@type":"WebSite","@id":"https:\/\/www.sonoraenequipo.com.mx\/#website","url":"https:\/\/www.sonoraenequipo.com.mx\/","name":"Sonora en Equipo.","description":"Diario en l\u00ednea con Noticias desde Hermosillo, Sonora","publisher":{"@id":"https:\/\/www.sonoraenequipo.com.mx\/#organization"},"potentialAction":[{"@type":"SearchAction","target":{"@type":"EntryPoint","urlTemplate":"https:\/\/www.sonoraenequipo.com.mx\/?s={search_term_string}"},"query-input":{"@type":"PropertyValueSpecification","valueRequired":true,"valueName":"search_term_string"}}],"inLanguage":"es"},{"@type":"Organization","@id":"https:\/\/www.sonoraenequipo.com.mx\/#organization","name":"Sonoraenequipo.com.mx","url":"https:\/\/www.sonoraenequipo.com.mx\/","logo":{"@type":"ImageObject","inLanguage":"es","@id":"https:\/\/www.sonoraenequipo.com.mx\/#\/schema\/logo\/image\/","url":"https:\/\/www.sonoraenequipo.com.mx\/storage\/2019\/01\/sonoraenequipo_opt.png","contentUrl":"https:\/\/www.sonoraenequipo.com.mx\/storage\/2019\/01\/sonoraenequipo_opt.png","width":375,"height":125,"caption":"Sonoraenequipo.com.mx"},"image":{"@id":"https:\/\/www.sonoraenequipo.com.mx\/#\/schema\/logo\/image\/"},"sameAs":["https:\/\/www.facebook.com\/SonoraEE\/","https:\/\/x.com\/sonoraenequipo","https:\/\/www.youtube.com\/channel\/UC338nW-lPEYmJQs4ZABQ1SQ"]},{"@type":"Person","@id":"https:\/\/www.sonoraenequipo.com.mx\/#\/schema\/person\/50102df0fb23a8fa9e8effad8fa81386","name":"enequipo","image":{"@type":"ImageObject","inLanguage":"es","@id":"https:\/\/www.sonoraenequipo.com.mx\/#\/schema\/person\/image\/","url":"https:\/\/secure.gravatar.com\/avatar\/049821681b589dabc0bc20695993ccebb09f5b5d4d790cd9251b97faac7c652b?s=96&d=blank&r=g","contentUrl":"https:\/\/secure.gravatar.com\/avatar\/049821681b589dabc0bc20695993ccebb09f5b5d4d790cd9251b97faac7c652b?s=96&d=blank&r=g","caption":"enequipo"},"sameAs":["https:\/\/www.facebook.com\/SonoraEE"]}]}},"jetpack_featured_media_url":"https:\/\/www.sonoraenequipo.com.mx\/storage\/2024\/10\/aeronave-de-Lula-DaSilva-con-problemas-min.jpg","_links":{"self":[{"href":"https:\/\/www.sonoraenequipo.com.mx\/api\/wp\/v2\/posts\/200462","targetHints":{"allow":["GET"]}}],"collection":[{"href":"https:\/\/www.sonoraenequipo.com.mx\/api\/wp\/v2\/posts"}],"about":[{"href":"https:\/\/www.sonoraenequipo.com.mx\/api\/wp\/v2\/types\/post"}],"author":[{"embeddable":true,"href":"https:\/\/www.sonoraenequipo.com.mx\/api\/wp\/v2\/users\/1"}],"replies":[{"embeddable":true,"href":"https:\/\/www.sonoraenequipo.com.mx\/api\/wp\/v2\/comments?post=200462"}],"version-history":[{"count":1,"href":"https:\/\/www.sonoraenequipo.com.mx\/api\/wp\/v2\/posts\/200462\/revisions"}],"predecessor-version":[{"id":200464,"href":"https:\/\/www.sonoraenequipo.com.mx\/api\/wp\/v2\/posts\/200462\/revisions\/200464"}],"wp:featuredmedia":[{"embeddable":true,"href":"https:\/\/www.sonoraenequipo.com.mx\/api\/wp\/v2\/media\/200465"}],"wp:attachment":[{"href":"https:\/\/www.sonoraenequipo.com.mx\/api\/wp\/v2\/media?parent=200462"}],"wp:term":[{"taxonomy":"category","embeddable":true,"href":"https:\/\/www.sonoraenequipo.com.mx\/api\/wp\/v2\/categories?post=200462"},{"taxonomy":"post_tag","embeddable":true,"href":"https:\/\/www.sonoraenequipo.com.mx\/api\/wp\/v2\/tags?post=200462"}],"curies":[{"name":"wp","href":"https:\/\/api.w.org\/{rel}","templated":true}]}}