{"id":200470,"date":"2024-10-02T23:16:43","date_gmt":"2024-10-03T06:16:43","guid":{"rendered":"https:\/\/www.sonoraenequipo.com.mx\/?p=200470"},"modified":"2024-10-03T09:27:27","modified_gmt":"2024-10-03T16:27:27","slug":"habla-juan-carlos-monedero-sobre-politicas-para-indiferentes","status":"publish","type":"post","link":"https:\/\/www.sonoraenequipo.com.mx\/habla-juan-carlos-monedero-sobre-politicas-para-indiferentes\/","title":{"rendered":"Habla Juan Carlos Monedero sobre Pol\u00edticas para indiferentes"},"content":{"rendered":"<p><strong>HERMOSILLO, SONORA. MX.<\/strong> \u2014 Estamos en un momento en donde la academia tiene la obligaci\u00f3n de desvelar toda la confusi\u00f3n y, a trav\u00e9s de nuestras herramientas intelectuales, intentar despejar inc\u00f3gnitas, niebla, polvo o el ruido que no deja identificar el verdadero significado de la palabra democracia y su raz\u00f3n de ser, consider\u00f3 Juan Carlos Monedero.<\/p>\n<p>&nbsp;<\/p>\n<p>&nbsp;<\/p>\n<p> <\/p>\n<p>El profesor titular de la Facultad de Ciencias Pol\u00edticas y Sociolog\u00eda por la Universidad Complutense de Madrid, durante la conferencia magistral<em><strong> \u201cPol\u00edtica para indiferentes\u201d,<\/strong><\/em> en conmemoraci\u00f3n del 56 aniversario de la Matanza de Tlatelolco y Primer Aniversario de la Coordinaci\u00f3n General de la Facultad Interdisciplinaria de Ciencias Sociales, dijo que el aut\u00e9ntico concepto de democracia proviene de la cultura griega donde intervienen aspectos como la rotaci\u00f3n de los cargos, duraci\u00f3n limitada de los mandatos, la participaci\u00f3n de todos los ciudadanos, defender sus intereses en la plaza p\u00fablica, entre otros.<\/p>\n<p>&nbsp;<\/p>\n<p>&nbsp;<\/p>\n<p>&nbsp;<\/p>\n<p>Se\u00f1al\u00f3 que hoy no se tienen democracias, sino gobiernos representativos, porque ya no se quieren defender intereses en la plaza p\u00fablica, pues se nombran a representantes a quienes se autoriza a trav\u00e9s de las elecciones para que manden en nuestras sociedades.<\/p>\n<p>&nbsp;<\/p>\n<p>&nbsp;<\/p>\n<p>&nbsp;<\/p>\n<h3>Llama al conocimiento<\/h3>\n<p>&nbsp;<\/p>\n<p>&nbsp;<\/p>\n<p>&nbsp;<\/p>\n<p>Es muy relevante entender, dijo, que a esto que llamamos gobiernos representativos que nacen de la revoluci\u00f3n francesa, americana, tambi\u00e9n haitiana, se basa en las elecciones y evoluci\u00f3n despu\u00e9s de los partidos pol\u00edticos, los cuales discuten intereses particulares y de esa confrontaci\u00f3n salen los intereses de todos.<\/p>\n<p>&nbsp;<\/p>\n<p>&nbsp;<\/p>\n<p>&nbsp;<\/p>\n<p>En su intervenci\u00f3n, precis\u00f3 que, todo integrante de la sociedad debe de instruirse para elegir a quienes ser\u00e1n los representantes que estar\u00e1n en cargos especiales donde se toman las decisiones que rigen al resto de la rep\u00fablica y para no tener que delegar nuestra democracia.<\/p>\n<p>&nbsp;<\/p>\n<p>&nbsp;<\/p>\n<p>&nbsp;<\/p>\n<p>Hay tres grandes transformaciones afectan a todos en su vida cotidiana, la primera es la crisis de la geopol\u00edtica, la segunda es la crisis del modelo neoliberal y la tercera es la gran transformaci\u00f3n que tiene que ver con los cambios sociales, dijo.<\/p>\n<p>&nbsp;<\/p>\n<p>&nbsp;<\/p>\n<p>&nbsp;<\/p>\n<p>\u201cLos cambios sociales est\u00e1n vinculados con cuatro cosas que afectan a la vida cotidiana: el calentamiento global, el desarrollo tecnol\u00f3gico, la integraci\u00f3n radical de las mujeres como actores pol\u00edticos y el declive del hombre blanco.<\/p>\n<p>&nbsp;<\/p>\n<p>&nbsp;<\/p>\n<p>&nbsp;<\/p>\n<p><em><strong>\u201cM\u00e9xico tiene la obligaci\u00f3n de tener soberan\u00eda tecnol\u00f3gica en inteligencia artificial y esa soberan\u00eda tecnol\u00f3gica no puede ser que est\u00e9 en manos de empresas privadas. La gesti\u00f3n, control y la regulaci\u00f3n de la inteligencia artificial generativa tiene que estar a la altura del control de la energ\u00eda nuclear, y si no lo hacemos hay una incompatibilidad entre la vida, libertad, democracia y la inteligencia artificial\u201d,<\/strong><\/em> indic\u00f3.<\/p>\n<p>&nbsp;<\/p>\n<p>&nbsp;<\/p>\n<p>&nbsp;<\/p>\n<p>Como reflexi\u00f3n plasmada en el libro, que lleva el mismo t\u00edtulo que la conferencia, el cual fue expuesto para su venta a integrantes de la comunidad universitaria, sostuvo que las democracias se est\u00e1n vaciando porque hay cinco grandes elementos que est\u00e1n quebrados como la divisi\u00f3n de poderes, la esfera p\u00fablica, que es donde nace la democracia representativa, la idea del pluralismo, la libertad de expresi\u00f3n y la retribuci\u00f3n de la renta, que era un intento de generar democracia econ\u00f3mica y se comienza a desviar cuando se empiezan a aplicar ideas de gobiernos neoliberales.<\/p>\n<p>&nbsp;<\/p>\n<p>&nbsp;<\/p>\n<p>&nbsp;<\/p>\n<p><em><strong>\u201cLa conclusi\u00f3n a la que quiero llevarlos es que si la democracia se ha vaciado \u00bfqu\u00e9 hacemos? porque al mismo tiempo que se est\u00e1n vaciando las democracias representativas hay un auge<\/strong> del fascismo en todos los lugares y ustedes aqu\u00ed en M\u00e9xico deben tener cuidado, porque, aunque no tengan un espacio visible, est\u00e1n ah\u00ed\u201d,<\/em> asegur\u00f3.<\/p>\n<p>&nbsp;<\/p>\n<p>&nbsp;<\/p>\n<p>&nbsp;<\/p>\n<p>El catedr\u00e1tico espa\u00f1ol plante\u00f3 qu\u00e9 hacemos entonces cuando las democracias se vac\u00edan, entonces a la misma vez propone cinco posibilidades que son: resignarse, intentar gestionar con las armas melladas que te va a dar la democracia; la tercera posibilidad es la lucha armada, pero no es bien vista ni aceptada, la cuarta es la democracia desde posiciones de izquierda y por \u00faltimo ser\u00eda la resignificaci\u00f3n de la democracia.<\/p>\n<p>&nbsp;<\/p>\n<p>&nbsp;<\/p>\n<p>En su charla, impartida en el auditorio Manuel Rivera Zamudio, destac\u00f3 las cuatro cavidades del coraz\u00f3n para que las democracias puedan significarse: calidad con las instituciones, saber el sentir del pueblo desde las calles, militar en el relato y es aqu\u00ed donde las universidades tienen una tarea esencial al formar personas pensantes y la cuarta cavidad es la alegr\u00eda, porque da fuerza para saber, querer, poder y hacer.<\/p>\n<p>&nbsp;<\/p>\n<h2>Enriquecedora charla<\/h2>\n<p>&nbsp;<\/p>\n<p>&nbsp;<\/p>\n<p>Antes de impartir la conferencia magistral, Juan Carlos Monedero, profesor titular de la Facultad de Ciencias Pol\u00edticas y Sociolog\u00eda por la Universidad Complutense de Madrid, sostuvo un encuentro con la rectora de la Universidad de Sonora, Mar\u00eda Rita Plancarte Mart\u00ednez, quien augur\u00f3 que las actividades encabezadas por Monedero resultar\u00e1n enriquecedoras para la comunidad universitaria.<\/p>\n<p>&nbsp;<\/p>\n<p>&nbsp;<\/p>\n<p>&nbsp;<\/p>\n<p>&nbsp;<\/p>\n<p>En tanto, Joel Enrique Espejel Blanco, director Administrativo del campus Hermosillo, resalt\u00f3 la trayectoria amplia del invitado especial, en cuanto al desarrollo de lo que son las ciencias pol\u00edticas, y c\u00f3mo hay que mover conciencias a nivel mundial, no \u00fanicamente desde una trinchera, sino tratar de proyectar ese movimiento de la verdad, en t\u00e9rminos revolucionarios.<\/p>\n<p>&nbsp;<\/p>\n<p>&nbsp;<\/p>\n<p>&nbsp;<\/p>\n<p><em><strong>\u201cEs lo que tenemos que hacer, sobre todo desde las universidades, que somos las personas pensantes y tenemos que influir en los dem\u00e1s para poder tener una revoluci\u00f3n de la verdad, para mover conciencias, poder tener esperanza y ser libres\u201d<\/strong><\/em>, agreg\u00f3.<\/p>\n<p>&nbsp;<\/p>\n<p>&nbsp;<\/p>\n<p>&nbsp;<\/p>\n<p>Otras actividades que se llevar\u00e1n a cabo en conmemoraci\u00f3n del 56 aniversario de la Matanza de Tlatelolco y Primer Aniversario de la Coordinaci\u00f3n General de la Facultad Interdisciplinaria de Ciencias Sociales son el Reestreno documental: Sonorenses al grito de guerra 1967, transmitido por las redes sociales; Exposici\u00f3n fotogr\u00e1fica <strong><em>\u201cMusas y Revoltosas; Lectura po\u00e9tica de voces de Tlatelolco y un conversatorio \u201cMatanza de Tlatelolco\u201d<\/em><\/strong>, todas en la explanada del Departamento de Derecho por la tarde de este d\u00eda 2 de octubre.<\/p>\n<p>&nbsp;<\/p>\n<p>Sigue la transmisi\u00f3n AQU\u00cd. <a href=\"https:\/\/www.facebook.com\/share\/v\/pvJytkLy6SEkwnEJ\/?mibextid=WC7FNe\"><strong>https:\/\/www.facebook.com\/share\/v\/pvJytkLy6SEkwnEJ\/?mibextid=WC7FNe<\/strong><\/a><\/p>\n<p>&nbsp;<\/p>\n<p>&nbsp;<\/p>\n<p>&nbsp;<\/p>\n<p>PUBLICADO EL 02 DE OCTUBRE DE 2024 Con informaci\u00f3n de CSOCIAL UNISON)<\/p>\n","protected":false},"excerpt":{"rendered":"<p>HERMOSILLO, SONORA. MX. \u2014 Estamos en un momento en donde la academia tiene la obligaci\u00f3n&#8230;<\/p>\n","protected":false},"author":1,"featured_media":200471,"comment_status":"open","ping_status":"open","sticky":false,"template":"","format":"standard","meta":{"_monsterinsights_skip_tracking":false,"_monsterinsights_sitenote_active":false,"_monsterinsights_sitenote_note":"","_monsterinsights_sitenote_category":0,"footnotes":""},"categories":[22],"tags":[],"class_list":["post"],"yoast_head":" \n<title>Sonora en Equipo. Habla Juan Carlos Monedero sobre Pol\u00edticas para indiferentes Sonora<\/title>\n<meta name=\"description\" content=\"HERMOSILLO, SONORA. MX. \u2014 Estamos en un momento en donde la academia tiene la obligaci\u00f3n de desvelar toda la confusi\u00f3n y, a trav\u00e9s de nuestras En Sonora en Equipo publicamos toda la informaci\u00f3n de Sonora, M\u00e9xico y el Mundo de manera oportuna y busca que la libertad de expresi\u00f3n sea real. Visita nuestro medio informativo publicado desde Hermosillo, Sonora. %\" \/>\n<meta name=\"robots\" content=\"index, follow, max-snippet:-1, max-image-preview:large, max-video-preview:-1\" \/>\n<link rel=\"canonical\" href=\"https:\/\/www.sonoraenequipo.com.mx\/habla-juan-carlos-monedero-sobre-politicas-para-indiferentes\/\" \/>\n<meta property=\"og:locale\" content=\"es_ES\" \/>\n<meta property=\"og:type\" content=\"article\" \/>\n<meta property=\"og:title\" content=\"Sonora en Equipo. Habla Juan Carlos Monedero sobre Pol\u00edticas para indiferentes Sonora\" \/>\n<meta property=\"og:description\" content=\"HERMOSILLO, SONORA. MX. \u2014 Estamos en un momento en donde la academia tiene la obligaci\u00f3n de desvelar toda la confusi\u00f3n y, a trav\u00e9s de nuestras En Sonora en Equipo publicamos toda la informaci\u00f3n de Sonora, M\u00e9xico y el Mundo de manera oportuna y busca que la libertad de expresi\u00f3n sea real. Visita nuestro medio informativo publicado desde Hermosillo, Sonora. %\" \/>\n<meta property=\"og:url\" content=\"https:\/\/www.sonoraenequipo.com.mx\/habla-juan-carlos-monedero-sobre-politicas-para-indiferentes\/\" \/>\n<meta property=\"og:site_name\" content=\"Sonora en Equipo.\" \/>\n<meta property=\"article:publisher\" content=\"https:\/\/www.facebook.com\/SonoraEE\/\" \/>\n<meta property=\"article:author\" content=\"https:\/\/www.facebook.com\/SonoraEE\" \/>\n<meta property=\"article:published_time\" content=\"2024-10-03T06:16:43+00:00\" \/>\n<meta property=\"article:modified_time\" content=\"2024-10-03T16:27:27+00:00\" \/>\n<meta property=\"og:image\" content=\"https:\/\/www.sonoraenequipo.com.mx\/storage\/2024\/10\/Juan-Carlos-Monedero-UniSon-min.jpg\" \/>\n\t<meta property=\"og:image:width\" content=\"892\" \/>\n\t<meta property=\"og:image:height\" content=\"542\" \/>\n\t<meta property=\"og:image:type\" content=\"image\/jpeg\" \/>\n<meta name=\"author\" content=\"enequipo\" \/>\n<meta name=\"twitter:card\" content=\"summary_large_image\" \/>\n<meta name=\"twitter:creator\" content=\"@sonoraenequipo\" \/>\n<meta name=\"twitter:site\" content=\"@sonoraenequipo\" \/>\n<meta name=\"twitter:label1\" content=\"Escrito por\" \/>\n\t<meta name=\"twitter:data1\" content=\"enequipo\" \/>\n\t<meta name=\"twitter:label2\" content=\"Tiempo de lectura\" \/>\n\t<meta name=\"twitter:data2\" content=\"5 minutos\" \/>\n<script type=\"application\/ld+json\" class=\"yoast-schema-graph\">{\"@context\":\"https:\/\/schema.org\",\"@graph\":[{\"@type\":\"Article\",\"@id\":\"https:\/\/www.sonoraenequipo.com.mx\/habla-juan-carlos-monedero-sobre-politicas-para-indiferentes\/#article\",\"isPartOf\":{\"@id\":\"https:\/\/www.sonoraenequipo.com.mx\/habla-juan-carlos-monedero-sobre-politicas-para-indiferentes\/\"},\"author\":{\"name\":\"enequipo\",\"@id\":\"https:\/\/www.sonoraenequipo.com.mx\/#\/schema\/person\/50102df0fb23a8fa9e8effad8fa81386\"},\"headline\":\"Habla Juan Carlos Monedero sobre Pol\u00edticas para indiferentes\",\"datePublished\":\"2024-10-03T06:16:43+00:00\",\"dateModified\":\"2024-10-03T16:27:27+00:00\",\"mainEntityOfPage\":{\"@id\":\"https:\/\/www.sonoraenequipo.com.mx\/habla-juan-carlos-monedero-sobre-politicas-para-indiferentes\/\"},\"wordCount\":1102,\"commentCount\":0,\"publisher\":{\"@id\":\"https:\/\/www.sonoraenequipo.com.mx\/#organization\"},\"image\":{\"@id\":\"https:\/\/www.sonoraenequipo.com.mx\/habla-juan-carlos-monedero-sobre-politicas-para-indiferentes\/#primaryimage\"},\"thumbnailUrl\":\"https:\/\/www.sonoraenequipo.com.mx\/storage\/2024\/10\/Juan-Carlos-Monedero-UniSon-min.jpg\",\"articleSection\":[\"Sonora\"],\"inLanguage\":\"es\",\"potentialAction\":[{\"@type\":\"CommentAction\",\"name\":\"Comment\",\"target\":[\"https:\/\/www.sonoraenequipo.com.mx\/habla-juan-carlos-monedero-sobre-politicas-para-indiferentes\/#respond\"]}]},{\"@type\":\"WebPage\",\"@id\":\"https:\/\/www.sonoraenequipo.com.mx\/habla-juan-carlos-monedero-sobre-politicas-para-indiferentes\/\",\"url\":\"https:\/\/www.sonoraenequipo.com.mx\/habla-juan-carlos-monedero-sobre-politicas-para-indiferentes\/\",\"name\":\"Sonora en Equipo. Habla Juan Carlos Monedero sobre Pol\u00edticas para indiferentes Sonora\",\"isPartOf\":{\"@id\":\"https:\/\/www.sonoraenequipo.com.mx\/#website\"},\"primaryImageOfPage\":{\"@id\":\"https:\/\/www.sonoraenequipo.com.mx\/habla-juan-carlos-monedero-sobre-politicas-para-indiferentes\/#primaryimage\"},\"image\":{\"@id\":\"https:\/\/www.sonoraenequipo.com.mx\/habla-juan-carlos-monedero-sobre-politicas-para-indiferentes\/#primaryimage\"},\"thumbnailUrl\":\"https:\/\/www.sonoraenequipo.com.mx\/storage\/2024\/10\/Juan-Carlos-Monedero-UniSon-min.jpg\",\"datePublished\":\"2024-10-03T06:16:43+00:00\",\"dateModified\":\"2024-10-03T16:27:27+00:00\",\"description\":\"HERMOSILLO, SONORA. MX. \u2014 Estamos en un momento en donde la academia tiene la obligaci\u00f3n de desvelar toda la confusi\u00f3n y, a trav\u00e9s de nuestras En Sonora en Equipo publicamos toda la informaci\u00f3n de Sonora, M\u00e9xico y el Mundo de manera oportuna y busca que la libertad de expresi\u00f3n sea real. Visita nuestro medio informativo publicado desde Hermosillo, Sonora. %\",\"breadcrumb\":{\"@id\":\"https:\/\/www.sonoraenequipo.com.mx\/habla-juan-carlos-monedero-sobre-politicas-para-indiferentes\/#breadcrumb\"},\"inLanguage\":\"es\",\"potentialAction\":[{\"@type\":\"ReadAction\",\"target\":[\"https:\/\/www.sonoraenequipo.com.mx\/habla-juan-carlos-monedero-sobre-politicas-para-indiferentes\/\"]}]},{\"@type\":\"ImageObject\",\"inLanguage\":\"es\",\"@id\":\"https:\/\/www.sonoraenequipo.com.mx\/habla-juan-carlos-monedero-sobre-politicas-para-indiferentes\/#primaryimage\",\"url\":\"https:\/\/www.sonoraenequipo.com.mx\/storage\/2024\/10\/Juan-Carlos-Monedero-UniSon-min.jpg\",\"contentUrl\":\"https:\/\/www.sonoraenequipo.com.mx\/storage\/2024\/10\/Juan-Carlos-Monedero-UniSon-min.jpg\",\"width\":892,\"height\":542},{\"@type\":\"BreadcrumbList\",\"@id\":\"https:\/\/www.sonoraenequipo.com.mx\/habla-juan-carlos-monedero-sobre-politicas-para-indiferentes\/#breadcrumb\",\"itemListElement\":[{\"@type\":\"ListItem\",\"position\":1,\"name\":\"Portada\",\"item\":\"https:\/\/www.sonoraenequipo.com.mx\/\"},{\"@type\":\"ListItem\",\"position\":2,\"name\":\"Habla Juan Carlos Monedero sobre Pol\u00edticas para indiferentes\"}]},{\"@type\":\"WebSite\",\"@id\":\"https:\/\/www.sonoraenequipo.com.mx\/#website\",\"url\":\"https:\/\/www.sonoraenequipo.com.mx\/\",\"name\":\"Sonora en Equipo.\",\"description\":\"Diario en l\u00ednea con Noticias desde Hermosillo, Sonora\",\"publisher\":{\"@id\":\"https:\/\/www.sonoraenequipo.com.mx\/#organization\"},\"potentialAction\":[{\"@type\":\"SearchAction\",\"target\":{\"@type\":\"EntryPoint\",\"urlTemplate\":\"https:\/\/www.sonoraenequipo.com.mx\/?s={search_term_string}\"},\"query-input\":{\"@type\":\"PropertyValueSpecification\",\"valueRequired\":true,\"valueName\":\"search_term_string\"}}],\"inLanguage\":\"es\"},{\"@type\":\"Organization\",\"@id\":\"https:\/\/www.sonoraenequipo.com.mx\/#organization\",\"name\":\"Sonoraenequipo.com.mx\",\"url\":\"https:\/\/www.sonoraenequipo.com.mx\/\",\"logo\":{\"@type\":\"ImageObject\",\"inLanguage\":\"es\",\"@id\":\"https:\/\/www.sonoraenequipo.com.mx\/#\/schema\/logo\/image\/\",\"url\":\"https:\/\/www.sonoraenequipo.com.mx\/storage\/2019\/01\/sonoraenequipo_opt.png\",\"contentUrl\":\"https:\/\/www.sonoraenequipo.com.mx\/storage\/2019\/01\/sonoraenequipo_opt.png\",\"width\":375,\"height\":125,\"caption\":\"Sonoraenequipo.com.mx\"},\"image\":{\"@id\":\"https:\/\/www.sonoraenequipo.com.mx\/#\/schema\/logo\/image\/\"},\"sameAs\":[\"https:\/\/www.facebook.com\/SonoraEE\/\",\"https:\/\/x.com\/sonoraenequipo\",\"https:\/\/www.youtube.com\/channel\/UC338nW-lPEYmJQs4ZABQ1SQ\"]},{\"@type\":\"Person\",\"@id\":\"https:\/\/www.sonoraenequipo.com.mx\/#\/schema\/person\/50102df0fb23a8fa9e8effad8fa81386\",\"name\":\"enequipo\",\"image\":{\"@type\":\"ImageObject\",\"inLanguage\":\"es\",\"@id\":\"https:\/\/www.sonoraenequipo.com.mx\/#\/schema\/person\/image\/\",\"url\":\"https:\/\/secure.gravatar.com\/avatar\/049821681b589dabc0bc20695993ccebb09f5b5d4d790cd9251b97faac7c652b?s=96&d=blank&r=g\",\"contentUrl\":\"https:\/\/secure.gravatar.com\/avatar\/049821681b589dabc0bc20695993ccebb09f5b5d4d790cd9251b97faac7c652b?s=96&d=blank&r=g\",\"caption\":\"enequipo\"},\"sameAs\":[\"https:\/\/www.facebook.com\/SonoraEE\"]}]}<\/script>\n ","yoast_head_json":{"title":"Sonora en Equipo. Habla Juan Carlos Monedero sobre Pol\u00edticas para indiferentes Sonora","description":"HERMOSILLO, SONORA. MX. \u2014 Estamos en un momento en donde la academia tiene la obligaci\u00f3n de desvelar toda la confusi\u00f3n y, a trav\u00e9s de nuestras En Sonora en Equipo publicamos toda la informaci\u00f3n de Sonora, M\u00e9xico y el Mundo de manera oportuna y busca que la libertad de expresi\u00f3n sea real. Visita nuestro medio informativo publicado desde Hermosillo, Sonora. %","robots":{"index":"index","follow":"follow","max-snippet":"max-snippet:-1","max-image-preview":"max-image-preview:large","max-video-preview":"max-video-preview:-1"},"canonical":"https:\/\/www.sonoraenequipo.com.mx\/habla-juan-carlos-monedero-sobre-politicas-para-indiferentes\/","og_locale":"es_ES","og_type":"article","og_title":"Sonora en Equipo. Habla Juan Carlos Monedero sobre Pol\u00edticas para indiferentes Sonora","og_description":"HERMOSILLO, SONORA. MX. \u2014 Estamos en un momento en donde la academia tiene la obligaci\u00f3n de desvelar toda la confusi\u00f3n y, a trav\u00e9s de nuestras En Sonora en Equipo publicamos toda la informaci\u00f3n de Sonora, M\u00e9xico y el Mundo de manera oportuna y busca que la libertad de expresi\u00f3n sea real. Visita nuestro medio informativo publicado desde Hermosillo, Sonora. %","og_url":"https:\/\/www.sonoraenequipo.com.mx\/habla-juan-carlos-monedero-sobre-politicas-para-indiferentes\/","og_site_name":"Sonora en Equipo.","article_publisher":"https:\/\/www.facebook.com\/SonoraEE\/","article_author":"https:\/\/www.facebook.com\/SonoraEE","article_published_time":"2024-10-03T06:16:43+00:00","article_modified_time":"2024-10-03T16:27:27+00:00","og_image":[{"width":892,"height":542,"url":"https:\/\/www.sonoraenequipo.com.mx\/storage\/2024\/10\/Juan-Carlos-Monedero-UniSon-min.jpg","type":"image\/jpeg"}],"author":"enequipo","twitter_card":"summary_large_image","twitter_creator":"@sonoraenequipo","twitter_site":"@sonoraenequipo","twitter_misc":{"Escrito por":"enequipo","Tiempo de lectura":"5 minutos"},"schema":{"@context":"https:\/\/schema.org","@graph":[{"@type":"Article","@id":"https:\/\/www.sonoraenequipo.com.mx\/habla-juan-carlos-monedero-sobre-politicas-para-indiferentes\/#article","isPartOf":{"@id":"https:\/\/www.sonoraenequipo.com.mx\/habla-juan-carlos-monedero-sobre-politicas-para-indiferentes\/"},"author":{"name":"enequipo","@id":"https:\/\/www.sonoraenequipo.com.mx\/#\/schema\/person\/50102df0fb23a8fa9e8effad8fa81386"},"headline":"Habla Juan Carlos Monedero sobre Pol\u00edticas para indiferentes","datePublished":"2024-10-03T06:16:43+00:00","dateModified":"2024-10-03T16:27:27+00:00","mainEntityOfPage":{"@id":"https:\/\/www.sonoraenequipo.com.mx\/habla-juan-carlos-monedero-sobre-politicas-para-indiferentes\/"},"wordCount":1102,"commentCount":0,"publisher":{"@id":"https:\/\/www.sonoraenequipo.com.mx\/#organization"},"image":{"@id":"https:\/\/www.sonoraenequipo.com.mx\/habla-juan-carlos-monedero-sobre-politicas-para-indiferentes\/#primaryimage"},"thumbnailUrl":"https:\/\/www.sonoraenequipo.com.mx\/storage\/2024\/10\/Juan-Carlos-Monedero-UniSon-min.jpg","articleSection":["Sonora"],"inLanguage":"es","potentialAction":[{"@type":"CommentAction","name":"Comment","target":["https:\/\/www.sonoraenequipo.com.mx\/habla-juan-carlos-monedero-sobre-politicas-para-indiferentes\/#respond"]}]},{"@type":"WebPage","@id":"https:\/\/www.sonoraenequipo.com.mx\/habla-juan-carlos-monedero-sobre-politicas-para-indiferentes\/","url":"https:\/\/www.sonoraenequipo.com.mx\/habla-juan-carlos-monedero-sobre-politicas-para-indiferentes\/","name":"Sonora en Equipo. Habla Juan Carlos Monedero sobre Pol\u00edticas para indiferentes Sonora","isPartOf":{"@id":"https:\/\/www.sonoraenequipo.com.mx\/#website"},"primaryImageOfPage":{"@id":"https:\/\/www.sonoraenequipo.com.mx\/habla-juan-carlos-monedero-sobre-politicas-para-indiferentes\/#primaryimage"},"image":{"@id":"https:\/\/www.sonoraenequipo.com.mx\/habla-juan-carlos-monedero-sobre-politicas-para-indiferentes\/#primaryimage"},"thumbnailUrl":"https:\/\/www.sonoraenequipo.com.mx\/storage\/2024\/10\/Juan-Carlos-Monedero-UniSon-min.jpg","datePublished":"2024-10-03T06:16:43+00:00","dateModified":"2024-10-03T16:27:27+00:00","description":"HERMOSILLO, SONORA. MX. \u2014 Estamos en un momento en donde la academia tiene la obligaci\u00f3n de desvelar toda la confusi\u00f3n y, a trav\u00e9s de nuestras En Sonora en Equipo publicamos toda la informaci\u00f3n de Sonora, M\u00e9xico y el Mundo de manera oportuna y busca que la libertad de expresi\u00f3n sea real. Visita nuestro medio informativo publicado desde Hermosillo, Sonora. %","breadcrumb":{"@id":"https:\/\/www.sonoraenequipo.com.mx\/habla-juan-carlos-monedero-sobre-politicas-para-indiferentes\/#breadcrumb"},"inLanguage":"es","potentialAction":[{"@type":"ReadAction","target":["https:\/\/www.sonoraenequipo.com.mx\/habla-juan-carlos-monedero-sobre-politicas-para-indiferentes\/"]}]},{"@type":"ImageObject","inLanguage":"es","@id":"https:\/\/www.sonoraenequipo.com.mx\/habla-juan-carlos-monedero-sobre-politicas-para-indiferentes\/#primaryimage","url":"https:\/\/www.sonoraenequipo.com.mx\/storage\/2024\/10\/Juan-Carlos-Monedero-UniSon-min.jpg","contentUrl":"https:\/\/www.sonoraenequipo.com.mx\/storage\/2024\/10\/Juan-Carlos-Monedero-UniSon-min.jpg","width":892,"height":542},{"@type":"BreadcrumbList","@id":"https:\/\/www.sonoraenequipo.com.mx\/habla-juan-carlos-monedero-sobre-politicas-para-indiferentes\/#breadcrumb","itemListElement":[{"@type":"ListItem","position":1,"name":"Portada","item":"https:\/\/www.sonoraenequipo.com.mx\/"},{"@type":"ListItem","position":2,"name":"Habla Juan Carlos Monedero sobre Pol\u00edticas para indiferentes"}]},{"@type":"WebSite","@id":"https:\/\/www.sonoraenequipo.com.mx\/#website","url":"https:\/\/www.sonoraenequipo.com.mx\/","name":"Sonora en Equipo.","description":"Diario en l\u00ednea con Noticias desde Hermosillo, Sonora","publisher":{"@id":"https:\/\/www.sonoraenequipo.com.mx\/#organization"},"potentialAction":[{"@type":"SearchAction","target":{"@type":"EntryPoint","urlTemplate":"https:\/\/www.sonoraenequipo.com.mx\/?s={search_term_string}"},"query-input":{"@type":"PropertyValueSpecification","valueRequired":true,"valueName":"search_term_string"}}],"inLanguage":"es"},{"@type":"Organization","@id":"https:\/\/www.sonoraenequipo.com.mx\/#organization","name":"Sonoraenequipo.com.mx","url":"https:\/\/www.sonoraenequipo.com.mx\/","logo":{"@type":"ImageObject","inLanguage":"es","@id":"https:\/\/www.sonoraenequipo.com.mx\/#\/schema\/logo\/image\/","url":"https:\/\/www.sonoraenequipo.com.mx\/storage\/2019\/01\/sonoraenequipo_opt.png","contentUrl":"https:\/\/www.sonoraenequipo.com.mx\/storage\/2019\/01\/sonoraenequipo_opt.png","width":375,"height":125,"caption":"Sonoraenequipo.com.mx"},"image":{"@id":"https:\/\/www.sonoraenequipo.com.mx\/#\/schema\/logo\/image\/"},"sameAs":["https:\/\/www.facebook.com\/SonoraEE\/","https:\/\/x.com\/sonoraenequipo","https:\/\/www.youtube.com\/channel\/UC338nW-lPEYmJQs4ZABQ1SQ"]},{"@type":"Person","@id":"https:\/\/www.sonoraenequipo.com.mx\/#\/schema\/person\/50102df0fb23a8fa9e8effad8fa81386","name":"enequipo","image":{"@type":"ImageObject","inLanguage":"es","@id":"https:\/\/www.sonoraenequipo.com.mx\/#\/schema\/person\/image\/","url":"https:\/\/secure.gravatar.com\/avatar\/049821681b589dabc0bc20695993ccebb09f5b5d4d790cd9251b97faac7c652b?s=96&d=blank&r=g","contentUrl":"https:\/\/secure.gravatar.com\/avatar\/049821681b589dabc0bc20695993ccebb09f5b5d4d790cd9251b97faac7c652b?s=96&d=blank&r=g","caption":"enequipo"},"sameAs":["https:\/\/www.facebook.com\/SonoraEE"]}]}},"jetpack_featured_media_url":"https:\/\/www.sonoraenequipo.com.mx\/storage\/2024\/10\/Juan-Carlos-Monedero-UniSon-min.jpg","_links":{"self":[{"href":"https:\/\/www.sonoraenequipo.com.mx\/api\/wp\/v2\/posts\/200470","targetHints":{"allow":["GET"]}}],"collection":[{"href":"https:\/\/www.sonoraenequipo.com.mx\/api\/wp\/v2\/posts"}],"about":[{"href":"https:\/\/www.sonoraenequipo.com.mx\/api\/wp\/v2\/types\/post"}],"author":[{"embeddable":true,"href":"https:\/\/www.sonoraenequipo.com.mx\/api\/wp\/v2\/users\/1"}],"replies":[{"embeddable":true,"href":"https:\/\/www.sonoraenequipo.com.mx\/api\/wp\/v2\/comments?post=200470"}],"version-history":[{"count":1,"href":"https:\/\/www.sonoraenequipo.com.mx\/api\/wp\/v2\/posts\/200470\/revisions"}],"predecessor-version":[{"id":200472,"href":"https:\/\/www.sonoraenequipo.com.mx\/api\/wp\/v2\/posts\/200470\/revisions\/200472"}],"wp:featuredmedia":[{"embeddable":true,"href":"https:\/\/www.sonoraenequipo.com.mx\/api\/wp\/v2\/media\/200471"}],"wp:attachment":[{"href":"https:\/\/www.sonoraenequipo.com.mx\/api\/wp\/v2\/media?parent=200470"}],"wp:term":[{"taxonomy":"category","embeddable":true,"href":"https:\/\/www.sonoraenequipo.com.mx\/api\/wp\/v2\/categories?post=200470"},{"taxonomy":"post_tag","embeddable":true,"href":"https:\/\/www.sonoraenequipo.com.mx\/api\/wp\/v2\/tags?post=200470"}],"curies":[{"name":"wp","href":"https:\/\/api.w.org\/{rel}","templated":true}]}}